{"id":40925,"date":"2025-10-07T09:53:35","date_gmt":"2025-10-07T07:53:35","guid":{"rendered":"https:\/\/www.markt-kom.com\/?p=242414"},"modified":"2025-10-06T10:23:59","modified_gmt":"2025-10-06T08:23:59","slug":"twint-mitbegruender-michael-huegli-wird-head-of-marketing-von-comparis","status":"publish","type":"post","link":"https:\/\/www.organisator.ch\/de\/marketing\/2025-10-07\/twint-mitbegruender-michael-huegli-wird-head-of-marketing-von-comparis\/","title":{"rendered":"Twint-Mitbegr\u00fcnder Michael H\u00fcgli wird Head of Marketing von Comparis"},"content":{"rendered":"<p data-start=\"329\" data-end=\"646\"><img class=\"alignnone size-full wp-image-242415\" src=\"https:\/\/www.markt-kom.com\/wp-content\/uploads\/2025\/10\/huegli_comparis.png\" sizes=\"(max-width: 1200px) 100vw, 1200px\" srcset=\"https:\/\/www.markt-kom.com\/wp-content\/uploads\/2025\/10\/huegli_comparis.png 1200w, https:\/\/www.markt-kom.com\/wp-content\/uploads\/2025\/10\/huegli_comparis-600x450.png 600w, https:\/\/www.markt-kom.com\/wp-content\/uploads\/2025\/10\/huegli_comparis-1024x768.png 1024w, https:\/\/www.markt-kom.com\/wp-content\/uploads\/2025\/10\/huegli_comparis-768x576.png 768w, https:\/\/www.markt-kom.com\/wp-content\/uploads\/2025\/10\/huegli_comparis-16x12.png 16w, https:\/\/www.markt-kom.com\/wp-content\/uploads\/2025\/10\/huegli_comparis-233x175.png 233w, https:\/\/www.markt-kom.com\/wp-content\/uploads\/2025\/10\/huegli_comparis-467x350.png 467w, https:\/\/www.markt-kom.com\/wp-content\/uploads\/2025\/10\/huegli_comparis-1000x750.png 1000w\" alt=\"\" width=\"1200\" height=\"900\" \/>H\u00fcgli ist Mitbegr\u00fcnder des Digitalbezahlsystems Twint und f\u00fchrt aktuell die Mobiliar-Tochter Buildigo AG, eine Plattform zur Vermittlung von Handwerkern. Mit seiner Erfahrung in der digitalen Produktentwicklung und im Marketing soll er die Weiterentwicklung von Comparis im Zeitalter von Generative AI vorantreiben.<\/p>\r\n<p data-start=\"648\" data-end=\"791\">\u00abMichael H\u00fcgli bringt hervorragende Voraussetzungen mit, um den User-Nutzen nochmals signifikant zu steigern\u00bb, sagt Comparis-CEO Ingo Kopido.<\/p>\r\n<p data-start=\"793\" data-end=\"1198\">Comparis z\u00e4hlt mit \u00fcber 80 Millionen Besuchen pro Jahr zu den meistgenutzten Schweizer Websites. Neben dem klassischen Fokus auf Krankenkassen- und Versicherungsvergleiche betreibt das Unternehmen heute auch das gr\u00f6sste Immobilienportal der Schweiz. Seit seiner Gr\u00fcndung 1996 durch Richard Eisler setzt Comparis auf Markttransparenz, um Konsumentinnen und Konsumenten bei Entscheidungen zu unterst\u00fctzen.<\/p>\r\n<p>&nbsp;<\/p>","protected":false},"excerpt":{"rendered":"<p>Die Comparis-Gruppe erweitert ihre Gesch\u00e4ftsleitung: Ab 1. November 2025 \u00fcbernimmt Michael H\u00fcgli die neu geschaffene Position als Head of Marketing beim Schweizer Online-Vergleichsdienst.<\/p>\n","protected":false},"author":8,"featured_media":0,"comment_status":"closed","ping_status":"closed","sticky":false,"template":"","format":"standard","meta":{"_acf_changed":false,"_yoast_wpseo_focuskw":"Michael H\u00fcgli","_yoast_wpseo_metadesc":"Ab 1. November 2025 \u00fcbernimmt Michael H\u00fcgli die neu geschaffene Position als Head of Marketing bei Comparis.","articlekey":"","footnotes":""},"categories":[29],"tags":[5543,2853,4343,3311],"class_list":["post-40925","post","type-post","status-publish","format-standard","hentry","category-marketing","tag-comparis","tag-jobchange","tag-markom","tag-twint"],"acf":[],"yoast_head":"<!-- This site is optimized with the Yoast SEO plugin v27.4 - https:\/\/yoast.com\/product\/yoast-seo-wordpress\/ -->\n<title>Twint-Mitbegr\u00fcnder Michael H\u00fcgli wird Head of Marketing von Comparis - Organisator<\/title>\n<meta name=\"description\" content=\"Ab 1. November 2025 \u00fcbernimmt Michael H\u00fcgli die neu geschaffene Position als Head of Marketing bei Comparis.\" \/>\n<meta name=\"robots\" content=\"index, follow, max-snippet:-1, max-image-preview:large, max-video-preview:-1\" \/>\n<link rel=\"canonical\" href=\"https:\/\/www.organisator.ch\/de\/marketing\/2025-10-07\/twint-mitbegruender-michael-huegli-wird-head-of-marketing-von-comparis\/\" \/>\n<meta property=\"og:locale\" content=\"de_DE\" \/>\n<meta property=\"og:type\" content=\"article\" \/>\n<meta property=\"og:title\" content=\"Twint-Mitbegr\u00fcnder Michael H\u00fcgli wird Head of Marketing von Comparis - Organisator\" \/>\n<meta property=\"og:description\" content=\"Ab 1. November 2025 \u00fcbernimmt Michael H\u00fcgli die neu geschaffene Position als Head of Marketing bei Comparis.\" \/>\n<meta property=\"og:url\" content=\"https:\/\/www.organisator.ch\/de\/marketing\/2025-10-07\/twint-mitbegruender-michael-huegli-wird-head-of-marketing-von-comparis\/\" \/>\n<meta property=\"og:site_name\" content=\"Organisator\" \/>\n<meta property=\"article:publisher\" content=\"https:\/\/www.facebook.com\/OrganisatorFachmagazin\" \/>\n<meta property=\"article:published_time\" content=\"2025-10-07T07:53:35+00:00\" \/>\n<meta name=\"author\" content=\"galledia\" \/>\n<meta name=\"twitter:card\" content=\"summary_large_image\" \/>\n<meta name=\"twitter:creator\" content=\"@admin\" \/>\n<script type=\"application\/ld+json\" class=\"yoast-schema-graph\">{\"@context\":\"https:\\\/\\\/schema.org\",\"@graph\":[{\"@type\":\"Article\",\"@id\":\"https:\\\/\\\/www.organisator.ch\\\/marketing\\\/2025-10-07\\\/twint-mitbegruender-michael-huegli-wird-head-of-marketing-von-comparis\\\/#article\",\"isPartOf\":{\"@id\":\"https:\\\/\\\/www.organisator.ch\\\/marketing\\\/2025-10-07\\\/twint-mitbegruender-michael-huegli-wird-head-of-marketing-von-comparis\\\/\"},\"author\":{\"name\":\"galledia\",\"@id\":\"https:\\\/\\\/www.organisator.ch\\\/#\\\/schema\\\/person\\\/4e51799071cd2dd1232ac003643ef5f0\"},\"headline\":\"Twint-Mitbegr\u00fcnder Michael H\u00fcgli wird Head of Marketing von Comparis\",\"datePublished\":\"2025-10-07T07:53:35+00:00\",\"mainEntityOfPage\":{\"@id\":\"https:\\\/\\\/www.organisator.ch\\\/marketing\\\/2025-10-07\\\/twint-mitbegruender-michael-huegli-wird-head-of-marketing-von-comparis\\\/\"},\"wordCount\":127,\"publisher\":{\"@id\":\"https:\\\/\\\/www.organisator.ch\\\/#organization\"},\"image\":{\"@id\":\"https:\\\/\\\/www.organisator.ch\\\/marketing\\\/2025-10-07\\\/twint-mitbegruender-michael-huegli-wird-head-of-marketing-von-comparis\\\/#primaryimage\"},\"thumbnailUrl\":\"https:\\\/\\\/www.markt-kom.com\\\/wp-content\\\/uploads\\\/2025\\\/10\\\/huegli_comparis.png\",\"keywords\":[\"Comparis\",\"Jobchange\",\"MarKom\",\"Twint\"],\"articleSection\":[\"MARKETING\"],\"inLanguage\":\"de\"},{\"@type\":\"WebPage\",\"@id\":\"https:\\\/\\\/www.organisator.ch\\\/marketing\\\/2025-10-07\\\/twint-mitbegruender-michael-huegli-wird-head-of-marketing-von-comparis\\\/\",\"url\":\"https:\\\/\\\/www.organisator.ch\\\/marketing\\\/2025-10-07\\\/twint-mitbegruender-michael-huegli-wird-head-of-marketing-von-comparis\\\/\",\"name\":\"Twint-Mitbegr\u00fcnder Michael H\u00fcgli wird Head of Marketing von Comparis - Organisator\",\"isPartOf\":{\"@id\":\"https:\\\/\\\/www.organisator.ch\\\/#website\"},\"primaryImageOfPage\":{\"@id\":\"https:\\\/\\\/www.organisator.ch\\\/marketing\\\/2025-10-07\\\/twint-mitbegruender-michael-huegli-wird-head-of-marketing-von-comparis\\\/#primaryimage\"},\"image\":{\"@id\":\"https:\\\/\\\/www.organisator.ch\\\/marketing\\\/2025-10-07\\\/twint-mitbegruender-michael-huegli-wird-head-of-marketing-von-comparis\\\/#primaryimage\"},\"thumbnailUrl\":\"https:\\\/\\\/www.markt-kom.com\\\/wp-content\\\/uploads\\\/2025\\\/10\\\/huegli_comparis.png\",\"datePublished\":\"2025-10-07T07:53:35+00:00\",\"description\":\"Ab 1. November 2025 \u00fcbernimmt Michael H\u00fcgli die neu geschaffene Position als Head of Marketing bei Comparis.\",\"breadcrumb\":{\"@id\":\"https:\\\/\\\/www.organisator.ch\\\/marketing\\\/2025-10-07\\\/twint-mitbegruender-michael-huegli-wird-head-of-marketing-von-comparis\\\/#breadcrumb\"},\"inLanguage\":\"de\",\"potentialAction\":[{\"@type\":\"ReadAction\",\"target\":[\"https:\\\/\\\/www.organisator.ch\\\/marketing\\\/2025-10-07\\\/twint-mitbegruender-michael-huegli-wird-head-of-marketing-von-comparis\\\/\"]}]},{\"@type\":\"ImageObject\",\"inLanguage\":\"de\",\"@id\":\"https:\\\/\\\/www.organisator.ch\\\/marketing\\\/2025-10-07\\\/twint-mitbegruender-michael-huegli-wird-head-of-marketing-von-comparis\\\/#primaryimage\",\"url\":\"https:\\\/\\\/www.markt-kom.com\\\/wp-content\\\/uploads\\\/2025\\\/10\\\/huegli_comparis.png\",\"contentUrl\":\"https:\\\/\\\/www.markt-kom.com\\\/wp-content\\\/uploads\\\/2025\\\/10\\\/huegli_comparis.png\"},{\"@type\":\"BreadcrumbList\",\"@id\":\"https:\\\/\\\/www.organisator.ch\\\/marketing\\\/2025-10-07\\\/twint-mitbegruender-michael-huegli-wird-head-of-marketing-von-comparis\\\/#breadcrumb\",\"itemListElement\":[{\"@type\":\"ListItem\",\"position\":1,\"name\":\"Home\",\"item\":\"https:\\\/\\\/www.organisator.ch\\\/\"},{\"@type\":\"ListItem\",\"position\":2,\"name\":\"Twint-Mitbegr\u00fcnder Michael H\u00fcgli wird Head of Marketing von Comparis\"}]},{\"@type\":\"WebSite\",\"@id\":\"https:\\\/\\\/www.organisator.ch\\\/#website\",\"url\":\"https:\\\/\\\/www.organisator.ch\\\/\",\"name\":\"Organisator\",\"description\":\"Kompetent. Praxisnah. Der ORGANISATOR bereitet in 10 Ausgaben pro Jahr die wesentlichen Themen f\u00fcr F\u00fchrungskr\u00e4fte von KMU auf.\",\"publisher\":{\"@id\":\"https:\\\/\\\/www.organisator.ch\\\/#organization\"},\"potentialAction\":[{\"@type\":\"SearchAction\",\"target\":{\"@type\":\"EntryPoint\",\"urlTemplate\":\"https:\\\/\\\/www.organisator.ch\\\/?s={search_term_string}\"},\"query-input\":{\"@type\":\"PropertyValueSpecification\",\"valueRequired\":true,\"valueName\":\"search_term_string\"}}],\"inLanguage\":\"de\"},{\"@type\":\"Organization\",\"@id\":\"https:\\\/\\\/www.organisator.ch\\\/#organization\",\"name\":\"Organisator\",\"url\":\"https:\\\/\\\/www.organisator.ch\\\/\",\"logo\":{\"@type\":\"ImageObject\",\"inLanguage\":\"de\",\"@id\":\"https:\\\/\\\/www.organisator.ch\\\/#\\\/schema\\\/logo\\\/image\\\/\",\"url\":\"https:\\\/\\\/www.organisator.ch\\\/wp-content\\\/uploads\\\/2022\\\/01\\\/Logo_Organisator_Website.png\",\"contentUrl\":\"https:\\\/\\\/www.organisator.ch\\\/wp-content\\\/uploads\\\/2022\\\/01\\\/Logo_Organisator_Website.png\",\"width\":800,\"height\":77,\"caption\":\"Organisator\"},\"image\":{\"@id\":\"https:\\\/\\\/www.organisator.ch\\\/#\\\/schema\\\/logo\\\/image\\\/\"},\"sameAs\":[\"https:\\\/\\\/www.facebook.com\\\/OrganisatorFachmagazin\",\"https:\\\/\\\/www.linkedin.com\\\/showcase\\\/organisator-das-magazin-fr-kmu\",\"https:\\\/\\\/www.xing.com\\\/news\\\/pages\\\/organisator-ch-695\",\"https:\\\/\\\/www.youtube.com\\\/channel\\\/UCGP2Sq0iWaZwT3BdIAQFYpw\"]},{\"@type\":\"Person\",\"@id\":\"https:\\\/\\\/www.organisator.ch\\\/#\\\/schema\\\/person\\\/4e51799071cd2dd1232ac003643ef5f0\",\"name\":\"galledia\",\"image\":{\"@type\":\"ImageObject\",\"inLanguage\":\"de\",\"@id\":\"https:\\\/\\\/secure.gravatar.com\\\/avatar\\\/78a7f90c01fc2bfc875782a0d4922b37cde2cf184ce347b91316d23cd7f69a36?s=96&d=mm&r=g\",\"url\":\"https:\\\/\\\/secure.gravatar.com\\\/avatar\\\/78a7f90c01fc2bfc875782a0d4922b37cde2cf184ce347b91316d23cd7f69a36?s=96&d=mm&r=g\",\"contentUrl\":\"https:\\\/\\\/secure.gravatar.com\\\/avatar\\\/78a7f90c01fc2bfc875782a0d4922b37cde2cf184ce347b91316d23cd7f69a36?s=96&d=mm&r=g\",\"caption\":\"galledia\"},\"sameAs\":[\"https:\\\/\\\/x.com\\\/admin\"],\"url\":\"https:\\\/\\\/www.organisator.ch\\\/de\\\/author\\\/galledia\\\/\"}]}<\/script>\n<!-- \/ Yoast SEO plugin. -->","yoast_head_json":{"title":"Twint-Mitbegr\u00fcnder Michael H\u00fcgli wird Head of Marketing von Comparis - Organisator","description":"Ab 1. November 2025 \u00fcbernimmt Michael H\u00fcgli die neu geschaffene Position als Head of Marketing bei Comparis.","robots":{"index":"index","follow":"follow","max-snippet":"max-snippet:-1","max-image-preview":"max-image-preview:large","max-video-preview":"max-video-preview:-1"},"canonical":"https:\/\/www.organisator.ch\/de\/marketing\/2025-10-07\/twint-mitbegruender-michael-huegli-wird-head-of-marketing-von-comparis\/","og_locale":"de_DE","og_type":"article","og_title":"Twint-Mitbegr\u00fcnder Michael H\u00fcgli wird Head of Marketing von Comparis - Organisator","og_description":"Ab 1. November 2025 \u00fcbernimmt Michael H\u00fcgli die neu geschaffene Position als Head of Marketing bei Comparis.","og_url":"https:\/\/www.organisator.ch\/de\/marketing\/2025-10-07\/twint-mitbegruender-michael-huegli-wird-head-of-marketing-von-comparis\/","og_site_name":"Organisator","article_publisher":"https:\/\/www.facebook.com\/OrganisatorFachmagazin","article_published_time":"2025-10-07T07:53:35+00:00","author":"galledia","twitter_card":"summary_large_image","twitter_creator":"@admin","schema":{"@context":"https:\/\/schema.org","@graph":[{"@type":"Article","@id":"https:\/\/www.organisator.ch\/marketing\/2025-10-07\/twint-mitbegruender-michael-huegli-wird-head-of-marketing-von-comparis\/#article","isPartOf":{"@id":"https:\/\/www.organisator.ch\/marketing\/2025-10-07\/twint-mitbegruender-michael-huegli-wird-head-of-marketing-von-comparis\/"},"author":{"name":"galledia","@id":"https:\/\/www.organisator.ch\/#\/schema\/person\/4e51799071cd2dd1232ac003643ef5f0"},"headline":"Twint-Mitbegr\u00fcnder Michael H\u00fcgli wird Head of Marketing von Comparis","datePublished":"2025-10-07T07:53:35+00:00","mainEntityOfPage":{"@id":"https:\/\/www.organisator.ch\/marketing\/2025-10-07\/twint-mitbegruender-michael-huegli-wird-head-of-marketing-von-comparis\/"},"wordCount":127,"publisher":{"@id":"https:\/\/www.organisator.ch\/#organization"},"image":{"@id":"https:\/\/www.organisator.ch\/marketing\/2025-10-07\/twint-mitbegruender-michael-huegli-wird-head-of-marketing-von-comparis\/#primaryimage"},"thumbnailUrl":"https:\/\/www.markt-kom.com\/wp-content\/uploads\/2025\/10\/huegli_comparis.png","keywords":["Comparis","Jobchange","MarKom","Twint"],"articleSection":["MARKETING"],"inLanguage":"de"},{"@type":"WebPage","@id":"https:\/\/www.organisator.ch\/marketing\/2025-10-07\/twint-mitbegruender-michael-huegli-wird-head-of-marketing-von-comparis\/","url":"https:\/\/www.organisator.ch\/marketing\/2025-10-07\/twint-mitbegruender-michael-huegli-wird-head-of-marketing-von-comparis\/","name":"Twint-Mitbegr\u00fcnder Michael H\u00fcgli wird Head of Marketing von Comparis - Organisator","isPartOf":{"@id":"https:\/\/www.organisator.ch\/#website"},"primaryImageOfPage":{"@id":"https:\/\/www.organisator.ch\/marketing\/2025-10-07\/twint-mitbegruender-michael-huegli-wird-head-of-marketing-von-comparis\/#primaryimage"},"image":{"@id":"https:\/\/www.organisator.ch\/marketing\/2025-10-07\/twint-mitbegruender-michael-huegli-wird-head-of-marketing-von-comparis\/#primaryimage"},"thumbnailUrl":"https:\/\/www.markt-kom.com\/wp-content\/uploads\/2025\/10\/huegli_comparis.png","datePublished":"2025-10-07T07:53:35+00:00","description":"Ab 1. November 2025 \u00fcbernimmt Michael H\u00fcgli die neu geschaffene Position als Head of Marketing bei Comparis.","breadcrumb":{"@id":"https:\/\/www.organisator.ch\/marketing\/2025-10-07\/twint-mitbegruender-michael-huegli-wird-head-of-marketing-von-comparis\/#breadcrumb"},"inLanguage":"de","potentialAction":[{"@type":"ReadAction","target":["https:\/\/www.organisator.ch\/marketing\/2025-10-07\/twint-mitbegruender-michael-huegli-wird-head-of-marketing-von-comparis\/"]}]},{"@type":"ImageObject","inLanguage":"de","@id":"https:\/\/www.organisator.ch\/marketing\/2025-10-07\/twint-mitbegruender-michael-huegli-wird-head-of-marketing-von-comparis\/#primaryimage","url":"https:\/\/www.markt-kom.com\/wp-content\/uploads\/2025\/10\/huegli_comparis.png","contentUrl":"https:\/\/www.markt-kom.com\/wp-content\/uploads\/2025\/10\/huegli_comparis.png"},{"@type":"BreadcrumbList","@id":"https:\/\/www.organisator.ch\/marketing\/2025-10-07\/twint-mitbegruender-michael-huegli-wird-head-of-marketing-von-comparis\/#breadcrumb","itemListElement":[{"@type":"ListItem","position":1,"name":"Home","item":"https:\/\/www.organisator.ch\/"},{"@type":"ListItem","position":2,"name":"Twint-Mitbegr\u00fcnder Michael H\u00fcgli wird Head of Marketing von Comparis"}]},{"@type":"WebSite","@id":"https:\/\/www.organisator.ch\/#website","url":"https:\/\/www.organisator.ch\/","name":"Organisator","description":"Kompetent. Praxisnah. Der ORGANISATOR bereitet in 10 Ausgaben pro Jahr die wesentlichen Themen f\u00fcr F\u00fchrungskr\u00e4fte von KMU auf.","publisher":{"@id":"https:\/\/www.organisator.ch\/#organization"},"potentialAction":[{"@type":"SearchAction","target":{"@type":"EntryPoint","urlTemplate":"https:\/\/www.organisator.ch\/?s={search_term_string}"},"query-input":{"@type":"PropertyValueSpecification","valueRequired":true,"valueName":"search_term_string"}}],"inLanguage":"de"},{"@type":"Organization","@id":"https:\/\/www.organisator.ch\/#organization","name":"Organisator","url":"https:\/\/www.organisator.ch\/","logo":{"@type":"ImageObject","inLanguage":"de","@id":"https:\/\/www.organisator.ch\/#\/schema\/logo\/image\/","url":"https:\/\/www.organisator.ch\/wp-content\/uploads\/2022\/01\/Logo_Organisator_Website.png","contentUrl":"https:\/\/www.organisator.ch\/wp-content\/uploads\/2022\/01\/Logo_Organisator_Website.png","width":800,"height":77,"caption":"Organisator"},"image":{"@id":"https:\/\/www.organisator.ch\/#\/schema\/logo\/image\/"},"sameAs":["https:\/\/www.facebook.com\/OrganisatorFachmagazin","https:\/\/www.linkedin.com\/showcase\/organisator-das-magazin-fr-kmu","https:\/\/www.xing.com\/news\/pages\/organisator-ch-695","https:\/\/www.youtube.com\/channel\/UCGP2Sq0iWaZwT3BdIAQFYpw"]},{"@type":"Person","@id":"https:\/\/www.organisator.ch\/#\/schema\/person\/4e51799071cd2dd1232ac003643ef5f0","name":"galledia","image":{"@type":"ImageObject","inLanguage":"de","@id":"https:\/\/secure.gravatar.com\/avatar\/78a7f90c01fc2bfc875782a0d4922b37cde2cf184ce347b91316d23cd7f69a36?s=96&d=mm&r=g","url":"https:\/\/secure.gravatar.com\/avatar\/78a7f90c01fc2bfc875782a0d4922b37cde2cf184ce347b91316d23cd7f69a36?s=96&d=mm&r=g","contentUrl":"https:\/\/secure.gravatar.com\/avatar\/78a7f90c01fc2bfc875782a0d4922b37cde2cf184ce347b91316d23cd7f69a36?s=96&d=mm&r=g","caption":"galledia"},"sameAs":["https:\/\/x.com\/admin"],"url":"https:\/\/www.organisator.ch\/de\/author\/galledia\/"}]}},"_links":{"self":[{"href":"https:\/\/www.organisator.ch\/de\/wp-json\/wp\/v2\/posts\/40925","targetHints":{"allow":["GET"]}}],"collection":[{"href":"https:\/\/www.organisator.ch\/de\/wp-json\/wp\/v2\/posts"}],"about":[{"href":"https:\/\/www.organisator.ch\/de\/wp-json\/wp\/v2\/types\/post"}],"author":[{"embeddable":true,"href":"https:\/\/www.organisator.ch\/de\/wp-json\/wp\/v2\/users\/8"}],"replies":[{"embeddable":true,"href":"https:\/\/www.organisator.ch\/de\/wp-json\/wp\/v2\/comments?post=40925"}],"version-history":[{"count":4,"href":"https:\/\/www.organisator.ch\/de\/wp-json\/wp\/v2\/posts\/40925\/revisions"}],"predecessor-version":[{"id":40988,"href":"https:\/\/www.organisator.ch\/de\/wp-json\/wp\/v2\/posts\/40925\/revisions\/40988"}],"wp:attachment":[{"href":"https:\/\/www.organisator.ch\/de\/wp-json\/wp\/v2\/media?parent=40925"}],"wp:term":[{"taxonomy":"category","embeddable":true,"href":"https:\/\/www.organisator.ch\/de\/wp-json\/wp\/v2\/categories?post=40925"},{"taxonomy":"post_tag","embeddable":true,"href":"https:\/\/www.organisator.ch\/de\/wp-json\/wp\/v2\/tags?post=40925"}],"curies":[{"name":"wp","href":"https:\/\/api.w.org\/{rel}","templated":true}]}}