{"id":4098,"date":"2018-08-21T13:53:28","date_gmt":"2018-08-21T11:53:28","guid":{"rendered":"https:\/\/www.organisator.ch\/?p=4098"},"modified":"2018-08-21T13:53:28","modified_gmt":"2018-08-21T11:53:28","slug":"schweizer-industrie-verliert-an-innovationskraft","status":"publish","type":"post","link":"https:\/\/www.organisator.ch\/de\/management\/2018-08-21\/schweizer-industrie-verliert-an-innovationskraft\/","title":{"rendered":"Schweizer Industrie verliert an Innovationskraft"},"content":{"rendered":"<figure id=\"attachment_4101\" aria-describedby=\"caption-attachment-4101\" style=\"width: 640px\" class=\"wp-caption alignnone\"><img loading=\"lazy\" decoding=\"async\" class=\"size-full wp-image-4101\" src=\"https:\/\/www.organisator.ch\/wp-content\/uploads\/2018\/08\/Schweizer-Industrie-verliert-an-Innovationskraft_Organisator.jpg\" alt=\"\" width=\"640\" height=\"480\" srcset=\"https:\/\/www.organisator.ch\/wp-content\/uploads\/2018\/08\/Schweizer-Industrie-verliert-an-Innovationskraft_Organisator.jpg 640w, https:\/\/www.organisator.ch\/wp-content\/uploads\/2018\/08\/Schweizer-Industrie-verliert-an-Innovationskraft_Organisator-16x12.jpg 16w, https:\/\/www.organisator.ch\/wp-content\/uploads\/2018\/08\/Schweizer-Industrie-verliert-an-Innovationskraft_Organisator-233x175.jpg 233w, https:\/\/www.organisator.ch\/wp-content\/uploads\/2018\/08\/Schweizer-Industrie-verliert-an-Innovationskraft_Organisator-467x350.jpg 467w, https:\/\/www.organisator.ch\/wp-content\/uploads\/2018\/08\/Schweizer-Industrie-verliert-an-Innovationskraft_Organisator-300x225.jpg 300w\" sizes=\"auto, (max-width: 640px) 100vw, 640px\" \/><figcaption id=\"caption-attachment-4101\" class=\"wp-caption-text\">Die Innovationskraft der Schweizer Industrie nimmt ab, wie eine neue Studie der SATW belegt. (Bild: Karl-Heinz Laube \/ pixelio.de)<\/figcaption><\/figure>\n<p>Die Schweiz belegt in internationalen Innovationsstudien und -Rankings regelm\u00e4ssig Topplatzierungen und z\u00e4hlt zu den innovativsten L\u00e4ndern weltweit. Solche Studien beurteilen aber die gesamte Volkswirtschaft inklusive aller Rahmenbedingungen und sagen wenig \u00fcber die Innovationskraft einzelner Industrieklassen aus. Die Schweizerische Akademie der Technischen Wissenschaften (SATW) hat deshalb die Innovationskraft genauer untersucht und dabei Beunruhigendes festgestellt. Schweizer Industrieunternehmen, insbesondere KMU, scheinen zunehmend Innovationskraft und Konkurrenzf\u00e4higkeit einzub\u00fcssen. Das sind schlechte Nachrichten f\u00fcr ein Land, das auf eine international konkurrenzf\u00e4hige Exportindustrie angewiesen ist.<\/p>\n<h2>Weniger Firmen, weniger Forschung, weniger im Inland<\/h2>\n<p>Die Studie basiert auf den Daten der Innovationsumfrage der Konjunkturforschungsstelle KOF, welche aktuell bis und mit ins Jahr 2014 vorliegen. Auff\u00e4llig ist, dass es immer weniger Schweizer Industriefirmen gibt. Diese Entwicklung zeigt auch der Swiss Engineering Index: die Schweiz verliert seit sechs Jahren j\u00e4hrlich rund 4000 Vollzeitstellen im Industriesektor. Besorgniserregend ist, dass von 1997\u20132014 viele KMU ihre F&amp;E-Anstrengungen im In- und Ausland reduzierte (siehe Grafik 1). Besonders stark betroffen sind die NOGA1-Klassen Chemie, Maschinen, Metallerzeugnisse, Textil\/Bekleidung und Uhren. Zum Teil ist auch eine Abwanderung der F&amp;E-Aktivit\u00e4ten ins Ausland erkennbar, etwa bei KMU der Klassen Elektrotechnik und Metallherstellung.<\/p>\n<figure id=\"attachment_4099\" aria-describedby=\"caption-attachment-4099\" style=\"width: 680px\" class=\"wp-caption alignnone\"><img loading=\"lazy\" decoding=\"async\" class=\"size-medium wp-image-4099\" src=\"https:\/\/www.organisator.ch\/wp-content\/uploads\/2018\/08\/SATW-Grafik1.jpg\" alt=\"\" width=\"680\" height=\"487\" srcset=\"https:\/\/www.organisator.ch\/wp-content\/uploads\/2018\/08\/SATW-Grafik1.jpg 875w, https:\/\/www.organisator.ch\/wp-content\/uploads\/2018\/08\/SATW-Grafik1-680x487.jpg 680w, https:\/\/www.organisator.ch\/wp-content\/uploads\/2018\/08\/SATW-Grafik1-768x550.jpg 768w, https:\/\/www.organisator.ch\/wp-content\/uploads\/2018\/08\/SATW-Grafik1-16x12.jpg 16w, https:\/\/www.organisator.ch\/wp-content\/uploads\/2018\/08\/SATW-Grafik1-244x175.jpg 244w, https:\/\/www.organisator.ch\/wp-content\/uploads\/2018\/08\/SATW-Grafik1-488x350.jpg 488w, https:\/\/www.organisator.ch\/wp-content\/uploads\/2018\/08\/SATW-Grafik1-300x215.jpg 300w\" sizes=\"auto, (max-width: 680px) 100vw, 680px\" \/><figcaption id=\"caption-attachment-4099\" class=\"wp-caption-text\">Grafik 1: Entwicklungstrends des Anteils von Schweizer KMU verschiedener NOGA-Klassen mit F&amp;E in der Schweiz und im Ausland 1997\u20132014 (\u00c4nderung in % des Ausgangswerts).<\/figcaption><\/figure>\n<h2>Einige besonders geforderte Industrieklassen<\/h2>\n<p>Die Studie zeigt, wie erfolgreich die F&amp;E-Anstrengungen von Schweizer Industrieunternehmen in Bezug auf neue Produkte sind. Die Resultate f\u00fcr den beobachteten Zeitraum (2001\u20132014) werden in einer Portfolio-Darstellung pr\u00e4sentiert (siehe Grafik 2). Auf der x-Achse wird die \u00c4nderung des Umsatzanteils der F&amp;E-Ausgaben aufgef\u00fchrt, auf der y-Achse die \u00c4nderung des Umsatzes mit neuen Produkten. W\u00e4hrend sich die F&amp;E-Anstrengungen bei den KMU in einigen Klassen wie Pharma, Holz oder Metallerzeugnisse gelohnt haben (gelbe und gr\u00fcne\u00a0Fl\u00e4chen), sah es in den Klassen Elektronik\/Instrumente, Maschinen oder Chemie weniger gut aus. Dort sanken die Ums\u00e4tze der KMU mit neuen Produkten, trotz prozentual h\u00f6heren F&amp;E-Ausgaben &#8211; die Anstrengungen waren also gleichsam umsonst. Beunruhigend ist der Befund f\u00fcr KMU der Klasse Textil\/ Bekleidung: Sie haben die F&amp;E-Ausgaben prozentual reduziert und ihre Ums\u00e4tze mit neuen Produkten sind gesunken. Ver\u00e4nderte Rahmenbedingungen, st\u00e4rkere Konkurrenz oder wegbrechende M\u00e4rkte sind m\u00f6gliche Ursachen.<\/p>\n<figure id=\"attachment_4100\" aria-describedby=\"caption-attachment-4100\" style=\"width: 591px\" class=\"wp-caption alignnone\"><img loading=\"lazy\" decoding=\"async\" class=\"size-full wp-image-4100\" src=\"https:\/\/www.organisator.ch\/wp-content\/uploads\/2018\/08\/SATW-Grafik2.jpg\" alt=\"\" width=\"591\" height=\"440\" srcset=\"https:\/\/www.organisator.ch\/wp-content\/uploads\/2018\/08\/SATW-Grafik2.jpg 591w, https:\/\/www.organisator.ch\/wp-content\/uploads\/2018\/08\/SATW-Grafik2-16x12.jpg 16w, https:\/\/www.organisator.ch\/wp-content\/uploads\/2018\/08\/SATW-Grafik2-235x175.jpg 235w, https:\/\/www.organisator.ch\/wp-content\/uploads\/2018\/08\/SATW-Grafik2-470x350.jpg 470w, https:\/\/www.organisator.ch\/wp-content\/uploads\/2018\/08\/SATW-Grafik2-300x223.jpg 300w\" sizes=\"auto, (max-width: 591px) 100vw, 591px\" \/><figcaption id=\"caption-attachment-4100\" class=\"wp-caption-text\">Grafik 2: \u00c4nderung Umsatzanteil F&amp;E-Ausgaben sowie Umsatz mit neuen Produkten 2001\u20132014 bei KMU verschiedener NOGA-Klassen.<\/figcaption><\/figure>\n<h2>St\u00e4rkung der angewandten Forschung und Entwicklung<\/h2>\n<p>Die \u00f6ffentliche Hand finanziert in der Schweiz die universit\u00e4re Forschung. Industrieunternehmen tragen ihre Forschungsaufwendungen selber. Dieses Modell scheint an seine Grenzen zu stossen. Die Resultate der Studie legen nahe, dass insbesondere KMU der Schweizer Industrie vermehrt M\u00fche haben, die hohen Kosten f\u00fcr F&amp;E zu tragen. Diejenigen, die das Risiko dennoch eingehen, sind im-mer seltener erfolgreich sind. Gr\u00f6ssere Unternehmen lagern die Forschung in L\u00e4nder aus, die vermehrt staatliche Anreize daf\u00fcr bieten.<\/p>\n<p>Diese Entwicklungen m\u00fcssen nachdenklich stimmen. Angesicht der staatlichen Industrief\u00f6rderung, welche die Mehrheit der f\u00fchrenden Industriel\u00e4nder betreibt, muss die politische Debatte gef\u00fchrt werden: Muss der Bund die einheimischen Industrieunternehmen in ihren Innovationsanstrengungen st\u00e4rker unterst\u00fctzen und entsprechende F\u00f6rderanreize setzen?<\/p>\n<p><em>Quelle: <a href=\"http:\/\/www.satw.ch\">www.satw.ch<\/a><\/em><\/p>\n","protected":false},"excerpt":{"rendered":"<p>Die Schweiz belegt in internationalen Innovationsstudien und -Rankings regelm\u00e4ssig Topplatzierungen und z\u00e4hlt zu den innovativsten L\u00e4ndern weltweit. Solche Studien beurteilen aber die gesamte Volkswirtschaft inklusive aller Rahmenbedingungen und sagen wenig \u00fcber die Innovationskraft einzelner Industrieklassen aus. Die Schweizerische Akademie der Technischen Wissenschaften (SATW) hat deshalb die Innovationskraft genauer untersucht und dabei Beunruhigendes festgestellt. Schweizer Industrieunternehmen, [&hellip;]<\/p>\n","protected":false},"author":4,"featured_media":4101,"comment_status":"open","ping_status":"open","sticky":false,"template":"","format":"standard","meta":{"_acf_changed":false,"_yoast_wpseo_focuskw":"Innovationskraft","_yoast_wpseo_metadesc":"Die Zahl der Schweizer Industriefirmen, die in Forschung und Entwicklung (F&E) investieren, hat von 1997\u20132014 abgenommen.","articlekey":"","footnotes":""},"categories":[28],"tags":[266,274,459,508],"class_list":["post-4098","post","type-post","status-publish","format-standard","has-post-thumbnail","hentry","category-management","tag-industrie","tag-innovation","tag-studie","tag-vermischtes"],"acf":[],"yoast_head":"<!-- This site is optimized with the Yoast SEO plugin v27.5 - https:\/\/yoast.com\/product\/yoast-seo-wordpress\/ -->\n<title>Schweizer Industrie verliert an Innovationskraft - Organisator<\/title>\n<meta name=\"description\" content=\"Die Zahl der Schweizer Industriefirmen, die in Forschung und Entwicklung (F&amp;E) investieren, hat von 1997\u20132014 abgenommen.\" \/>\n<meta name=\"robots\" content=\"index, follow, max-snippet:-1, max-image-preview:large, max-video-preview:-1\" \/>\n<link rel=\"canonical\" href=\"https:\/\/www.organisator.ch\/de\/management\/2018-08-21\/schweizer-industrie-verliert-an-innovationskraft\/\" \/>\n<meta property=\"og:locale\" content=\"de_DE\" \/>\n<meta property=\"og:type\" content=\"article\" \/>\n<meta property=\"og:title\" content=\"Schweizer Industrie verliert an Innovationskraft\" \/>\n<meta property=\"og:description\" content=\"Die Zahl der Schweizer Industriefirmen, die in Forschung und Entwicklung (F&amp;E) investieren, hat von 1997\u20132014 abgenommen.\" \/>\n<meta property=\"og:url\" content=\"https:\/\/www.organisator.ch\/de\/management\/2018-08-21\/schweizer-industrie-verliert-an-innovationskraft\/\" \/>\n<meta property=\"og:site_name\" content=\"Organisator\" \/>\n<meta property=\"article:publisher\" content=\"https:\/\/www.facebook.com\/OrganisatorFachmagazin\" \/>\n<meta property=\"article:published_time\" content=\"2018-08-21T11:53:28+00:00\" \/>\n<meta property=\"og:image\" content=\"https:\/\/www.organisator.ch\/wp-content\/uploads\/2018\/08\/Schweizer-Industrie-verliert-an-Innovationskraft_Organisator.jpg\" \/>\n\t<meta property=\"og:image:width\" content=\"640\" \/>\n\t<meta property=\"og:image:height\" content=\"480\" \/>\n\t<meta property=\"og:image:type\" content=\"image\/jpeg\" \/>\n<meta name=\"author\" content=\"thomas.berner\" \/>\n<meta name=\"twitter:card\" content=\"summary_large_image\" \/>\n<meta name=\"twitter:title\" content=\"Schweizer Industrie verliert an #Innovationskraft\" \/>\n<meta name=\"twitter:description\" content=\"Die Zahl der Schweizer #Industriefirmen, die in Forschung und Entwicklung (#F&amp;E) investieren, hat von 1997\u20132014 abgenommen.\" \/>\n<meta name=\"twitter:image\" content=\"https:\/\/www.organisator.ch\/wp-content\/uploads\/2018\/08\/Schweizer-Industrie-verliert-an-Innovationskraft_Organisator.jpg\" \/>\n<script type=\"application\/ld+json\" class=\"yoast-schema-graph\">{\"@context\":\"https:\\\/\\\/schema.org\",\"@graph\":[{\"@type\":\"Article\",\"@id\":\"https:\\\/\\\/www.organisator.ch\\\/management\\\/2018-08-21\\\/schweizer-industrie-verliert-an-innovationskraft\\\/#article\",\"isPartOf\":{\"@id\":\"https:\\\/\\\/www.organisator.ch\\\/management\\\/2018-08-21\\\/schweizer-industrie-verliert-an-innovationskraft\\\/\"},\"author\":{\"name\":\"thomas.berner\",\"@id\":\"https:\\\/\\\/www.organisator.ch\\\/#\\\/schema\\\/person\\\/6f650f90b2842cd4c0cc334b4e36f67e\"},\"headline\":\"Schweizer Industrie verliert an Innovationskraft\",\"datePublished\":\"2018-08-21T11:53:28+00:00\",\"mainEntityOfPage\":{\"@id\":\"https:\\\/\\\/www.organisator.ch\\\/management\\\/2018-08-21\\\/schweizer-industrie-verliert-an-innovationskraft\\\/\"},\"wordCount\":577,\"commentCount\":0,\"publisher\":{\"@id\":\"https:\\\/\\\/www.organisator.ch\\\/#organization\"},\"image\":{\"@id\":\"https:\\\/\\\/www.organisator.ch\\\/management\\\/2018-08-21\\\/schweizer-industrie-verliert-an-innovationskraft\\\/#primaryimage\"},\"thumbnailUrl\":\"https:\\\/\\\/www.organisator.ch\\\/wp-content\\\/uploads\\\/2018\\\/08\\\/Schweizer-Industrie-verliert-an-Innovationskraft_Organisator.jpg\",\"keywords\":[\"Industrie\",\"Innovation\",\"Studie\",\"Vermischtes\"],\"articleSection\":[\"MANAGEMENT\"],\"inLanguage\":\"de\"},{\"@type\":\"WebPage\",\"@id\":\"https:\\\/\\\/www.organisator.ch\\\/management\\\/2018-08-21\\\/schweizer-industrie-verliert-an-innovationskraft\\\/\",\"url\":\"https:\\\/\\\/www.organisator.ch\\\/management\\\/2018-08-21\\\/schweizer-industrie-verliert-an-innovationskraft\\\/\",\"name\":\"Schweizer Industrie verliert an Innovationskraft - Organisator\",\"isPartOf\":{\"@id\":\"https:\\\/\\\/www.organisator.ch\\\/#website\"},\"primaryImageOfPage\":{\"@id\":\"https:\\\/\\\/www.organisator.ch\\\/management\\\/2018-08-21\\\/schweizer-industrie-verliert-an-innovationskraft\\\/#primaryimage\"},\"image\":{\"@id\":\"https:\\\/\\\/www.organisator.ch\\\/management\\\/2018-08-21\\\/schweizer-industrie-verliert-an-innovationskraft\\\/#primaryimage\"},\"thumbnailUrl\":\"https:\\\/\\\/www.organisator.ch\\\/wp-content\\\/uploads\\\/2018\\\/08\\\/Schweizer-Industrie-verliert-an-Innovationskraft_Organisator.jpg\",\"datePublished\":\"2018-08-21T11:53:28+00:00\",\"description\":\"Die Zahl der Schweizer Industriefirmen, die in Forschung und Entwicklung (F&E) investieren, hat von 1997\u20132014 abgenommen.\",\"breadcrumb\":{\"@id\":\"https:\\\/\\\/www.organisator.ch\\\/management\\\/2018-08-21\\\/schweizer-industrie-verliert-an-innovationskraft\\\/#breadcrumb\"},\"inLanguage\":\"de\",\"potentialAction\":[{\"@type\":\"ReadAction\",\"target\":[\"https:\\\/\\\/www.organisator.ch\\\/management\\\/2018-08-21\\\/schweizer-industrie-verliert-an-innovationskraft\\\/\"]}]},{\"@type\":\"ImageObject\",\"inLanguage\":\"de\",\"@id\":\"https:\\\/\\\/www.organisator.ch\\\/management\\\/2018-08-21\\\/schweizer-industrie-verliert-an-innovationskraft\\\/#primaryimage\",\"url\":\"https:\\\/\\\/www.organisator.ch\\\/wp-content\\\/uploads\\\/2018\\\/08\\\/Schweizer-Industrie-verliert-an-Innovationskraft_Organisator.jpg\",\"contentUrl\":\"https:\\\/\\\/www.organisator.ch\\\/wp-content\\\/uploads\\\/2018\\\/08\\\/Schweizer-Industrie-verliert-an-Innovationskraft_Organisator.jpg\",\"width\":640,\"height\":480,\"caption\":\"Die Innovationskraft der Schweizer Industrie nimmt ab, wie eine neue Studie der SATW belegt. (Bild: Karl-Heinz Laube \\\/ pixelio.de)\"},{\"@type\":\"BreadcrumbList\",\"@id\":\"https:\\\/\\\/www.organisator.ch\\\/management\\\/2018-08-21\\\/schweizer-industrie-verliert-an-innovationskraft\\\/#breadcrumb\",\"itemListElement\":[{\"@type\":\"ListItem\",\"position\":1,\"name\":\"Home\",\"item\":\"https:\\\/\\\/www.organisator.ch\\\/\"},{\"@type\":\"ListItem\",\"position\":2,\"name\":\"Schweizer Industrie verliert an Innovationskraft\"}]},{\"@type\":\"WebSite\",\"@id\":\"https:\\\/\\\/www.organisator.ch\\\/#website\",\"url\":\"https:\\\/\\\/www.organisator.ch\\\/\",\"name\":\"Organisator\",\"description\":\"Kompetent. Praxisnah. Der ORGANISATOR bereitet in 10 Ausgaben pro Jahr die wesentlichen Themen f\u00fcr F\u00fchrungskr\u00e4fte von KMU auf.\",\"publisher\":{\"@id\":\"https:\\\/\\\/www.organisator.ch\\\/#organization\"},\"potentialAction\":[{\"@type\":\"SearchAction\",\"target\":{\"@type\":\"EntryPoint\",\"urlTemplate\":\"https:\\\/\\\/www.organisator.ch\\\/?s={search_term_string}\"},\"query-input\":{\"@type\":\"PropertyValueSpecification\",\"valueRequired\":true,\"valueName\":\"search_term_string\"}}],\"inLanguage\":\"de\"},{\"@type\":\"Organization\",\"@id\":\"https:\\\/\\\/www.organisator.ch\\\/#organization\",\"name\":\"Organisator\",\"url\":\"https:\\\/\\\/www.organisator.ch\\\/\",\"logo\":{\"@type\":\"ImageObject\",\"inLanguage\":\"de\",\"@id\":\"https:\\\/\\\/www.organisator.ch\\\/#\\\/schema\\\/logo\\\/image\\\/\",\"url\":\"https:\\\/\\\/www.organisator.ch\\\/wp-content\\\/uploads\\\/2022\\\/01\\\/Logo_Organisator_Website.png\",\"contentUrl\":\"https:\\\/\\\/www.organisator.ch\\\/wp-content\\\/uploads\\\/2022\\\/01\\\/Logo_Organisator_Website.png\",\"width\":800,\"height\":77,\"caption\":\"Organisator\"},\"image\":{\"@id\":\"https:\\\/\\\/www.organisator.ch\\\/#\\\/schema\\\/logo\\\/image\\\/\"},\"sameAs\":[\"https:\\\/\\\/www.facebook.com\\\/OrganisatorFachmagazin\",\"https:\\\/\\\/www.linkedin.com\\\/showcase\\\/organisator-das-magazin-fr-kmu\",\"https:\\\/\\\/www.xing.com\\\/news\\\/pages\\\/organisator-ch-695\",\"https:\\\/\\\/www.youtube.com\\\/channel\\\/UCGP2Sq0iWaZwT3BdIAQFYpw\"]},{\"@type\":\"Person\",\"@id\":\"https:\\\/\\\/www.organisator.ch\\\/#\\\/schema\\\/person\\\/6f650f90b2842cd4c0cc334b4e36f67e\",\"name\":\"thomas.berner\",\"image\":{\"@type\":\"ImageObject\",\"inLanguage\":\"de\",\"@id\":\"https:\\\/\\\/secure.gravatar.com\\\/avatar\\\/ac5001d2a36cb6c6cd3e50789007ffca834b477b74a2144564522e944eabff61?s=96&d=mm&r=g\",\"url\":\"https:\\\/\\\/secure.gravatar.com\\\/avatar\\\/ac5001d2a36cb6c6cd3e50789007ffca834b477b74a2144564522e944eabff61?s=96&d=mm&r=g\",\"contentUrl\":\"https:\\\/\\\/secure.gravatar.com\\\/avatar\\\/ac5001d2a36cb6c6cd3e50789007ffca834b477b74a2144564522e944eabff61?s=96&d=mm&r=g\",\"caption\":\"thomas.berner\"},\"url\":\"https:\\\/\\\/www.organisator.ch\\\/de\\\/author\\\/thomas-berner\\\/\"}]}<\/script>\n<!-- \/ Yoast SEO plugin. -->","yoast_head_json":{"title":"Schweizer Industrie verliert an Innovationskraft - Organisator","description":"Die Zahl der Schweizer Industriefirmen, die in Forschung und Entwicklung (F&E) investieren, hat von 1997\u20132014 abgenommen.","robots":{"index":"index","follow":"follow","max-snippet":"max-snippet:-1","max-image-preview":"max-image-preview:large","max-video-preview":"max-video-preview:-1"},"canonical":"https:\/\/www.organisator.ch\/de\/management\/2018-08-21\/schweizer-industrie-verliert-an-innovationskraft\/","og_locale":"de_DE","og_type":"article","og_title":"Schweizer Industrie verliert an Innovationskraft","og_description":"Die Zahl der Schweizer Industriefirmen, die in Forschung und Entwicklung (F&E) investieren, hat von 1997\u20132014 abgenommen.","og_url":"https:\/\/www.organisator.ch\/de\/management\/2018-08-21\/schweizer-industrie-verliert-an-innovationskraft\/","og_site_name":"Organisator","article_publisher":"https:\/\/www.facebook.com\/OrganisatorFachmagazin","article_published_time":"2018-08-21T11:53:28+00:00","og_image":[{"width":640,"height":480,"url":"https:\/\/www.organisator.ch\/wp-content\/uploads\/2018\/08\/Schweizer-Industrie-verliert-an-Innovationskraft_Organisator.jpg","type":"image\/jpeg"}],"author":"thomas.berner","twitter_card":"summary_large_image","twitter_title":"Schweizer Industrie verliert an #Innovationskraft","twitter_description":"Die Zahl der Schweizer #Industriefirmen, die in Forschung und Entwicklung (#F&E) investieren, hat von 1997\u20132014 abgenommen.","twitter_image":"https:\/\/www.organisator.ch\/wp-content\/uploads\/2018\/08\/Schweizer-Industrie-verliert-an-Innovationskraft_Organisator.jpg","schema":{"@context":"https:\/\/schema.org","@graph":[{"@type":"Article","@id":"https:\/\/www.organisator.ch\/management\/2018-08-21\/schweizer-industrie-verliert-an-innovationskraft\/#article","isPartOf":{"@id":"https:\/\/www.organisator.ch\/management\/2018-08-21\/schweizer-industrie-verliert-an-innovationskraft\/"},"author":{"name":"thomas.berner","@id":"https:\/\/www.organisator.ch\/#\/schema\/person\/6f650f90b2842cd4c0cc334b4e36f67e"},"headline":"Schweizer Industrie verliert an Innovationskraft","datePublished":"2018-08-21T11:53:28+00:00","mainEntityOfPage":{"@id":"https:\/\/www.organisator.ch\/management\/2018-08-21\/schweizer-industrie-verliert-an-innovationskraft\/"},"wordCount":577,"commentCount":0,"publisher":{"@id":"https:\/\/www.organisator.ch\/#organization"},"image":{"@id":"https:\/\/www.organisator.ch\/management\/2018-08-21\/schweizer-industrie-verliert-an-innovationskraft\/#primaryimage"},"thumbnailUrl":"https:\/\/www.organisator.ch\/wp-content\/uploads\/2018\/08\/Schweizer-Industrie-verliert-an-Innovationskraft_Organisator.jpg","keywords":["Industrie","Innovation","Studie","Vermischtes"],"articleSection":["MANAGEMENT"],"inLanguage":"de"},{"@type":"WebPage","@id":"https:\/\/www.organisator.ch\/management\/2018-08-21\/schweizer-industrie-verliert-an-innovationskraft\/","url":"https:\/\/www.organisator.ch\/management\/2018-08-21\/schweizer-industrie-verliert-an-innovationskraft\/","name":"Schweizer Industrie verliert an Innovationskraft - Organisator","isPartOf":{"@id":"https:\/\/www.organisator.ch\/#website"},"primaryImageOfPage":{"@id":"https:\/\/www.organisator.ch\/management\/2018-08-21\/schweizer-industrie-verliert-an-innovationskraft\/#primaryimage"},"image":{"@id":"https:\/\/www.organisator.ch\/management\/2018-08-21\/schweizer-industrie-verliert-an-innovationskraft\/#primaryimage"},"thumbnailUrl":"https:\/\/www.organisator.ch\/wp-content\/uploads\/2018\/08\/Schweizer-Industrie-verliert-an-Innovationskraft_Organisator.jpg","datePublished":"2018-08-21T11:53:28+00:00","description":"Die Zahl der Schweizer Industriefirmen, die in Forschung und Entwicklung (F&E) investieren, hat von 1997\u20132014 abgenommen.","breadcrumb":{"@id":"https:\/\/www.organisator.ch\/management\/2018-08-21\/schweizer-industrie-verliert-an-innovationskraft\/#breadcrumb"},"inLanguage":"de","potentialAction":[{"@type":"ReadAction","target":["https:\/\/www.organisator.ch\/management\/2018-08-21\/schweizer-industrie-verliert-an-innovationskraft\/"]}]},{"@type":"ImageObject","inLanguage":"de","@id":"https:\/\/www.organisator.ch\/management\/2018-08-21\/schweizer-industrie-verliert-an-innovationskraft\/#primaryimage","url":"https:\/\/www.organisator.ch\/wp-content\/uploads\/2018\/08\/Schweizer-Industrie-verliert-an-Innovationskraft_Organisator.jpg","contentUrl":"https:\/\/www.organisator.ch\/wp-content\/uploads\/2018\/08\/Schweizer-Industrie-verliert-an-Innovationskraft_Organisator.jpg","width":640,"height":480,"caption":"Die Innovationskraft der Schweizer Industrie nimmt ab, wie eine neue Studie der SATW belegt. (Bild: Karl-Heinz Laube \/ pixelio.de)"},{"@type":"BreadcrumbList","@id":"https:\/\/www.organisator.ch\/management\/2018-08-21\/schweizer-industrie-verliert-an-innovationskraft\/#breadcrumb","itemListElement":[{"@type":"ListItem","position":1,"name":"Home","item":"https:\/\/www.organisator.ch\/"},{"@type":"ListItem","position":2,"name":"Schweizer Industrie verliert an Innovationskraft"}]},{"@type":"WebSite","@id":"https:\/\/www.organisator.ch\/#website","url":"https:\/\/www.organisator.ch\/","name":"Organisator","description":"Kompetent. Praxisnah. Der ORGANISATOR bereitet in 10 Ausgaben pro Jahr die wesentlichen Themen f\u00fcr F\u00fchrungskr\u00e4fte von KMU auf.","publisher":{"@id":"https:\/\/www.organisator.ch\/#organization"},"potentialAction":[{"@type":"SearchAction","target":{"@type":"EntryPoint","urlTemplate":"https:\/\/www.organisator.ch\/?s={search_term_string}"},"query-input":{"@type":"PropertyValueSpecification","valueRequired":true,"valueName":"search_term_string"}}],"inLanguage":"de"},{"@type":"Organization","@id":"https:\/\/www.organisator.ch\/#organization","name":"Organisator","url":"https:\/\/www.organisator.ch\/","logo":{"@type":"ImageObject","inLanguage":"de","@id":"https:\/\/www.organisator.ch\/#\/schema\/logo\/image\/","url":"https:\/\/www.organisator.ch\/wp-content\/uploads\/2022\/01\/Logo_Organisator_Website.png","contentUrl":"https:\/\/www.organisator.ch\/wp-content\/uploads\/2022\/01\/Logo_Organisator_Website.png","width":800,"height":77,"caption":"Organisator"},"image":{"@id":"https:\/\/www.organisator.ch\/#\/schema\/logo\/image\/"},"sameAs":["https:\/\/www.facebook.com\/OrganisatorFachmagazin","https:\/\/www.linkedin.com\/showcase\/organisator-das-magazin-fr-kmu","https:\/\/www.xing.com\/news\/pages\/organisator-ch-695","https:\/\/www.youtube.com\/channel\/UCGP2Sq0iWaZwT3BdIAQFYpw"]},{"@type":"Person","@id":"https:\/\/www.organisator.ch\/#\/schema\/person\/6f650f90b2842cd4c0cc334b4e36f67e","name":"thomas.berner","image":{"@type":"ImageObject","inLanguage":"de","@id":"https:\/\/secure.gravatar.com\/avatar\/ac5001d2a36cb6c6cd3e50789007ffca834b477b74a2144564522e944eabff61?s=96&d=mm&r=g","url":"https:\/\/secure.gravatar.com\/avatar\/ac5001d2a36cb6c6cd3e50789007ffca834b477b74a2144564522e944eabff61?s=96&d=mm&r=g","contentUrl":"https:\/\/secure.gravatar.com\/avatar\/ac5001d2a36cb6c6cd3e50789007ffca834b477b74a2144564522e944eabff61?s=96&d=mm&r=g","caption":"thomas.berner"},"url":"https:\/\/www.organisator.ch\/de\/author\/thomas-berner\/"}]}},"_links":{"self":[{"href":"https:\/\/www.organisator.ch\/de\/wp-json\/wp\/v2\/posts\/4098","targetHints":{"allow":["GET"]}}],"collection":[{"href":"https:\/\/www.organisator.ch\/de\/wp-json\/wp\/v2\/posts"}],"about":[{"href":"https:\/\/www.organisator.ch\/de\/wp-json\/wp\/v2\/types\/post"}],"author":[{"embeddable":true,"href":"https:\/\/www.organisator.ch\/de\/wp-json\/wp\/v2\/users\/4"}],"replies":[{"embeddable":true,"href":"https:\/\/www.organisator.ch\/de\/wp-json\/wp\/v2\/comments?post=4098"}],"version-history":[{"count":0,"href":"https:\/\/www.organisator.ch\/de\/wp-json\/wp\/v2\/posts\/4098\/revisions"}],"wp:featuredmedia":[{"embeddable":true,"href":"https:\/\/www.organisator.ch\/de\/wp-json\/wp\/v2\/media\/4101"}],"wp:attachment":[{"href":"https:\/\/www.organisator.ch\/de\/wp-json\/wp\/v2\/media?parent=4098"}],"wp:term":[{"taxonomy":"category","embeddable":true,"href":"https:\/\/www.organisator.ch\/de\/wp-json\/wp\/v2\/categories?post=4098"},{"taxonomy":"post_tag","embeddable":true,"href":"https:\/\/www.organisator.ch\/de\/wp-json\/wp\/v2\/tags?post=4098"}],"curies":[{"name":"wp","href":"https:\/\/api.w.org\/{rel}","templated":true}]}}