{"id":40990,"date":"2025-10-21T09:10:08","date_gmt":"2025-10-21T07:10:08","guid":{"rendered":"https:\/\/www.markt-kom.com\/?p=242661"},"modified":"2025-10-21T09:10:06","modified_gmt":"2025-10-21T07:10:06","slug":"dentsu-report-2025-konsumenten-wollen-weniger-aber-bewusster","status":"publish","type":"post","link":"https:\/\/www.organisator.ch\/de\/marketing\/2025-10-21\/dentsu-report-2025-konsumenten-wollen-weniger-aber-bewusster\/","title":{"rendered":"Dentsu-Report 2025: Konsumenten wollen weniger, aber bewusster"},"content":{"rendered":"<figure id=\"attachment_242665\" class=\"wp-caption alignnone\" style=\"width: 800px;\" aria-describedby=\"caption-attachment-242665\"><img class=\"wp-image-242665 size-full\" src=\"https:\/\/www.markt-kom.com\/wp-content\/uploads\/2025\/10\/thumbnail_Lara_Jelinski_c_-Karin_Bischof.jpg\" sizes=\"(max-width: 800px) 100vw, 800px\" srcset=\"https:\/\/www.markt-kom.com\/wp-content\/uploads\/2025\/10\/thumbnail_Lara_Jelinski_c_-Karin_Bischof.jpg 800w, https:\/\/www.markt-kom.com\/wp-content\/uploads\/2025\/10\/thumbnail_Lara_Jelinski_c_-Karin_Bischof-600x400.jpg 600w, https:\/\/www.markt-kom.com\/wp-content\/uploads\/2025\/10\/thumbnail_Lara_Jelinski_c_-Karin_Bischof-768x512.jpg 768w, https:\/\/www.markt-kom.com\/wp-content\/uploads\/2025\/10\/thumbnail_Lara_Jelinski_c_-Karin_Bischof-18x12.jpg 18w, https:\/\/www.markt-kom.com\/wp-content\/uploads\/2025\/10\/thumbnail_Lara_Jelinski_c_-Karin_Bischof-263x175.jpg 263w, https:\/\/www.markt-kom.com\/wp-content\/uploads\/2025\/10\/thumbnail_Lara_Jelinski_c_-Karin_Bischof-525x350.jpg 525w\" alt=\"\" width=\"800\" height=\"533\" \/>\r\n<figcaption id=\"caption-attachment-242665\" class=\"wp-caption-text\">\u00abWir sehen das Entstehen eines neuen Verbrauchertyps: finanziell umsichtig, aber emotional stark involviert\u00bb, sagt Lara Jelinski, Chief Growth Officer Central Europe &amp; CEO Media Switzerland bei Dentsu. \u00abDer Begriff Wert wird neu definiert. Es geht nicht mehr um den g\u00fcnstigsten Preis, sondern um Klarheit, Einfachheit und gemeinsame Werte.\u00bb<\/figcaption>\r\n<\/figure>\r\n<p data-start=\"174\" data-end=\"670\">Die Marketing- und Transformationsgruppe Dentsu hat ihren EMEA Consumer Navigator Report 2025 ver\u00f6ffentlicht. Die Ergebnisse zeigen, wie sich Konsumverhalten und Marktstrukturen in Europa, dem Nahen Osten und Afrika ver\u00e4ndern. Im Mittelpunkt stehen zwei Themenbereiche: Mindset und Retail &amp; Commerce. Das Fazit: Konsumenten agieren finanziell vorsichtiger, aber emotional anspruchsvoller \u2013 und erwarten von Marken mehr als nur Rabatte.<\/p>\r\n<p data-start=\"174\" data-end=\"670\">Das Fazit: Konsumenten agieren finanziell vorsichtiger, aber emotional anspruchsvoller \u2013 und erwarten von Marken mehr als nur Rabatte.<\/p>\r\n<h3 data-start=\"672\" data-end=\"713\">Bewusster Konsum trotz Unsicherheit<\/h3>\r\n<p data-start=\"714\" data-end=\"1253\">64 Prozent der Befragten geben an, heute bewusster zu konsumieren: Sie verschieben gr\u00f6ssere Anschaffungen, achten st\u00e4rker auf Rabatte und priorisieren Grundbed\u00fcrfnisse. Besonders die wirtschaftliche Unsicherheit in L\u00e4ndern wie Frankreich oder Grossbritannien hat zu einem sp\u00fcrbar vorsichtigeren Verhalten gef\u00fchrt.<br data-start=\"1027\" data-end=\"1030\" \/>\r\nTrotzdem bleiben viele optimistisch \u2013 vor allem Gen Z und Millennials zeigen sich offen f\u00fcr neue Marken. Emotionale Faktoren wie Vertrauen, Transparenz und Kontrolle werden zur zentralen W\u00e4hrung im Markenaufbau.<\/p>\r\n<h3 data-start=\"1255\" data-end=\"1286\">Generationen im Vergleich<\/h3>\r\n<p data-start=\"1287\" data-end=\"1600\">W\u00e4hrend \u00e4ltere Generationen (Boomer) ihre Ausgaben zunehmend kontrollieren, investieren J\u00fcngere gezielter in Erlebnisse. Urlaubsreisen stehen ganz oben auf der Liste der geplanten Ausgaben \u2013 besonders in Spanien. Marken, die Empathie zeigen und den Konsumenten Orientierung geben, k\u00f6nnen in diesem Umfeld punkten.<\/p>\r\n<h3 data-start=\"1602\" data-end=\"1646\">Shein, Temu &amp; Co. ver\u00e4ndern den Handel<\/h3>\r\n<p data-start=\"1647\" data-end=\"2195\">Der Retail &amp; Commerce Report zeigt, wie Plattformen wie Shein und Temu den Markt aufmischen: In Spanien kaufen bereits 45 Prozent, in Frankreich 33 Prozent der Konsumenten mindestens einmal im Monat dort ein. Soziale Medien sind f\u00fcr 55 Prozent die wichtigste Quelle, um neue Produkte zu entdecken \u2013 doch 52 Prozent f\u00fchlen sich von der Werbeflut \u00fcberfordert.<br data-start=\"2016\" data-end=\"2019\" \/>\r\nDentsu sieht darin ein klares Signal: Marken m\u00fcssen Relevanz und Einfachheit in den Vordergrund stellen, statt Konsumenten mit austauschbaren Botschaften zu \u00fcberfluten.<\/p>\r\n<h3 data-start=\"2197\" data-end=\"2236\">Mehr Werte, weniger Preisaktionen<\/h3>\r\n<p data-start=\"2237\" data-end=\"2593\">Obwohl Preisnachl\u00e4sse kurzfristig wirken, reicht der Preis allein nicht mehr aus, um langfristige Loyalit\u00e4t aufzubauen. Besonders j\u00fcngere Zielgruppen orientieren sich an gemeinsamen Werten, nachhaltigem Handeln und transparenter Kommunikation. H\u00e4ndler und Marken sind gefordert, echte Erlebnisse und sinnvolle Vorteile zu schaffen \u2013 online wie offline.<\/p>","protected":false},"excerpt":{"rendered":"<p>Eine neue Studie von Dentsu, der EMEA Consumer Navigator Report 2025, zeigt: Der Preis ist f\u00fcr Konsumentinnen und Konsumenten nicht mehr alles \u2013 Werte, Vertrauen und Einfachheit z\u00e4hlen mehr denn je.<\/p>\n","protected":false},"author":8,"featured_media":0,"comment_status":"closed","ping_status":"closed","sticky":false,"template":"","format":"standard","meta":{"_acf_changed":false,"_yoast_wpseo_focuskw":"Dentsu-Report","_yoast_wpseo_metadesc":"Gem\u00e4ss dem Dentsu-Report ist der Preis f\u00fcr Konsumentinnen und Konsumenten nicht mehr alles. Werte, Vertrauen und Einfachheit z\u00e4hlen mehr.","articlekey":"","footnotes":""},"categories":[29],"tags":[312,4343,459],"class_list":["post-40990","post","type-post","status-publish","format-standard","hentry","category-marketing","tag-konsum","tag-markom","tag-studie"],"acf":[],"yoast_head":"<!-- This site is optimized with the Yoast SEO plugin v27.5 - https:\/\/yoast.com\/product\/yoast-seo-wordpress\/ -->\n<title>Dentsu-Report 2025: Konsumenten wollen weniger, aber bewusster - Organisator<\/title>\n<meta name=\"description\" content=\"Gem\u00e4ss dem Dentsu-Report ist der Preis f\u00fcr Konsumentinnen und Konsumenten nicht mehr alles. Werte, Vertrauen und Einfachheit z\u00e4hlen mehr.\" \/>\n<meta name=\"robots\" content=\"index, follow, max-snippet:-1, max-image-preview:large, max-video-preview:-1\" \/>\n<link rel=\"canonical\" href=\"https:\/\/www.organisator.ch\/de\/marketing\/2025-10-21\/dentsu-report-2025-konsumenten-wollen-weniger-aber-bewusster\/\" \/>\n<meta property=\"og:locale\" content=\"de_DE\" \/>\n<meta property=\"og:type\" content=\"article\" \/>\n<meta property=\"og:title\" content=\"Dentsu-Report 2025: Konsumenten wollen weniger, aber bewusster - Organisator\" \/>\n<meta property=\"og:description\" content=\"Gem\u00e4ss dem Dentsu-Report ist der Preis f\u00fcr Konsumentinnen und Konsumenten nicht mehr alles. Werte, Vertrauen und Einfachheit z\u00e4hlen mehr.\" \/>\n<meta property=\"og:url\" content=\"https:\/\/www.organisator.ch\/de\/marketing\/2025-10-21\/dentsu-report-2025-konsumenten-wollen-weniger-aber-bewusster\/\" \/>\n<meta property=\"og:site_name\" content=\"Organisator\" \/>\n<meta property=\"article:publisher\" content=\"https:\/\/www.facebook.com\/OrganisatorFachmagazin\" \/>\n<meta property=\"article:published_time\" content=\"2025-10-21T07:10:08+00:00\" \/>\n<meta name=\"author\" content=\"galledia\" \/>\n<meta name=\"twitter:card\" content=\"summary_large_image\" \/>\n<meta name=\"twitter:creator\" content=\"@admin\" \/>\n<script type=\"application\/ld+json\" class=\"yoast-schema-graph\">{\"@context\":\"https:\\\/\\\/schema.org\",\"@graph\":[{\"@type\":\"Article\",\"@id\":\"https:\\\/\\\/www.organisator.ch\\\/marketing\\\/2025-10-21\\\/dentsu-report-2025-konsumenten-wollen-weniger-aber-bewusster\\\/#article\",\"isPartOf\":{\"@id\":\"https:\\\/\\\/www.organisator.ch\\\/marketing\\\/2025-10-21\\\/dentsu-report-2025-konsumenten-wollen-weniger-aber-bewusster\\\/\"},\"author\":{\"name\":\"galledia\",\"@id\":\"https:\\\/\\\/www.organisator.ch\\\/#\\\/schema\\\/person\\\/4e51799071cd2dd1232ac003643ef5f0\"},\"headline\":\"Dentsu-Report 2025: Konsumenten wollen weniger, aber bewusster\",\"datePublished\":\"2025-10-21T07:10:08+00:00\",\"mainEntityOfPage\":{\"@id\":\"https:\\\/\\\/www.organisator.ch\\\/marketing\\\/2025-10-21\\\/dentsu-report-2025-konsumenten-wollen-weniger-aber-bewusster\\\/\"},\"wordCount\":389,\"publisher\":{\"@id\":\"https:\\\/\\\/www.organisator.ch\\\/#organization\"},\"image\":{\"@id\":\"https:\\\/\\\/www.organisator.ch\\\/marketing\\\/2025-10-21\\\/dentsu-report-2025-konsumenten-wollen-weniger-aber-bewusster\\\/#primaryimage\"},\"thumbnailUrl\":\"https:\\\/\\\/www.markt-kom.com\\\/wp-content\\\/uploads\\\/2025\\\/10\\\/thumbnail_Lara_Jelinski_c_-Karin_Bischof.jpg\",\"keywords\":[\"Konsum\",\"MarKom\",\"Studie\"],\"articleSection\":[\"MARKETING\"],\"inLanguage\":\"de\"},{\"@type\":\"WebPage\",\"@id\":\"https:\\\/\\\/www.organisator.ch\\\/marketing\\\/2025-10-21\\\/dentsu-report-2025-konsumenten-wollen-weniger-aber-bewusster\\\/\",\"url\":\"https:\\\/\\\/www.organisator.ch\\\/marketing\\\/2025-10-21\\\/dentsu-report-2025-konsumenten-wollen-weniger-aber-bewusster\\\/\",\"name\":\"Dentsu-Report 2025: Konsumenten wollen weniger, aber bewusster - Organisator\",\"isPartOf\":{\"@id\":\"https:\\\/\\\/www.organisator.ch\\\/#website\"},\"primaryImageOfPage\":{\"@id\":\"https:\\\/\\\/www.organisator.ch\\\/marketing\\\/2025-10-21\\\/dentsu-report-2025-konsumenten-wollen-weniger-aber-bewusster\\\/#primaryimage\"},\"image\":{\"@id\":\"https:\\\/\\\/www.organisator.ch\\\/marketing\\\/2025-10-21\\\/dentsu-report-2025-konsumenten-wollen-weniger-aber-bewusster\\\/#primaryimage\"},\"thumbnailUrl\":\"https:\\\/\\\/www.markt-kom.com\\\/wp-content\\\/uploads\\\/2025\\\/10\\\/thumbnail_Lara_Jelinski_c_-Karin_Bischof.jpg\",\"datePublished\":\"2025-10-21T07:10:08+00:00\",\"description\":\"Gem\u00e4ss dem Dentsu-Report ist der Preis f\u00fcr Konsumentinnen und Konsumenten nicht mehr alles. Werte, Vertrauen und Einfachheit z\u00e4hlen mehr.\",\"breadcrumb\":{\"@id\":\"https:\\\/\\\/www.organisator.ch\\\/marketing\\\/2025-10-21\\\/dentsu-report-2025-konsumenten-wollen-weniger-aber-bewusster\\\/#breadcrumb\"},\"inLanguage\":\"de\",\"potentialAction\":[{\"@type\":\"ReadAction\",\"target\":[\"https:\\\/\\\/www.organisator.ch\\\/marketing\\\/2025-10-21\\\/dentsu-report-2025-konsumenten-wollen-weniger-aber-bewusster\\\/\"]}]},{\"@type\":\"ImageObject\",\"inLanguage\":\"de\",\"@id\":\"https:\\\/\\\/www.organisator.ch\\\/marketing\\\/2025-10-21\\\/dentsu-report-2025-konsumenten-wollen-weniger-aber-bewusster\\\/#primaryimage\",\"url\":\"https:\\\/\\\/www.markt-kom.com\\\/wp-content\\\/uploads\\\/2025\\\/10\\\/thumbnail_Lara_Jelinski_c_-Karin_Bischof.jpg\",\"contentUrl\":\"https:\\\/\\\/www.markt-kom.com\\\/wp-content\\\/uploads\\\/2025\\\/10\\\/thumbnail_Lara_Jelinski_c_-Karin_Bischof.jpg\"},{\"@type\":\"BreadcrumbList\",\"@id\":\"https:\\\/\\\/www.organisator.ch\\\/marketing\\\/2025-10-21\\\/dentsu-report-2025-konsumenten-wollen-weniger-aber-bewusster\\\/#breadcrumb\",\"itemListElement\":[{\"@type\":\"ListItem\",\"position\":1,\"name\":\"Home\",\"item\":\"https:\\\/\\\/www.organisator.ch\\\/\"},{\"@type\":\"ListItem\",\"position\":2,\"name\":\"Dentsu-Report 2025: Konsumenten wollen weniger, aber bewusster\"}]},{\"@type\":\"WebSite\",\"@id\":\"https:\\\/\\\/www.organisator.ch\\\/#website\",\"url\":\"https:\\\/\\\/www.organisator.ch\\\/\",\"name\":\"Organisator\",\"description\":\"Kompetent. Praxisnah. Der ORGANISATOR bereitet in 10 Ausgaben pro Jahr die wesentlichen Themen f\u00fcr F\u00fchrungskr\u00e4fte von KMU auf.\",\"publisher\":{\"@id\":\"https:\\\/\\\/www.organisator.ch\\\/#organization\"},\"potentialAction\":[{\"@type\":\"SearchAction\",\"target\":{\"@type\":\"EntryPoint\",\"urlTemplate\":\"https:\\\/\\\/www.organisator.ch\\\/?s={search_term_string}\"},\"query-input\":{\"@type\":\"PropertyValueSpecification\",\"valueRequired\":true,\"valueName\":\"search_term_string\"}}],\"inLanguage\":\"de\"},{\"@type\":\"Organization\",\"@id\":\"https:\\\/\\\/www.organisator.ch\\\/#organization\",\"name\":\"Organisator\",\"url\":\"https:\\\/\\\/www.organisator.ch\\\/\",\"logo\":{\"@type\":\"ImageObject\",\"inLanguage\":\"de\",\"@id\":\"https:\\\/\\\/www.organisator.ch\\\/#\\\/schema\\\/logo\\\/image\\\/\",\"url\":\"https:\\\/\\\/www.organisator.ch\\\/wp-content\\\/uploads\\\/2022\\\/01\\\/Logo_Organisator_Website.png\",\"contentUrl\":\"https:\\\/\\\/www.organisator.ch\\\/wp-content\\\/uploads\\\/2022\\\/01\\\/Logo_Organisator_Website.png\",\"width\":800,\"height\":77,\"caption\":\"Organisator\"},\"image\":{\"@id\":\"https:\\\/\\\/www.organisator.ch\\\/#\\\/schema\\\/logo\\\/image\\\/\"},\"sameAs\":[\"https:\\\/\\\/www.facebook.com\\\/OrganisatorFachmagazin\",\"https:\\\/\\\/www.linkedin.com\\\/showcase\\\/organisator-das-magazin-fr-kmu\",\"https:\\\/\\\/www.xing.com\\\/news\\\/pages\\\/organisator-ch-695\",\"https:\\\/\\\/www.youtube.com\\\/channel\\\/UCGP2Sq0iWaZwT3BdIAQFYpw\"]},{\"@type\":\"Person\",\"@id\":\"https:\\\/\\\/www.organisator.ch\\\/#\\\/schema\\\/person\\\/4e51799071cd2dd1232ac003643ef5f0\",\"name\":\"galledia\",\"image\":{\"@type\":\"ImageObject\",\"inLanguage\":\"de\",\"@id\":\"https:\\\/\\\/secure.gravatar.com\\\/avatar\\\/78a7f90c01fc2bfc875782a0d4922b37cde2cf184ce347b91316d23cd7f69a36?s=96&d=mm&r=g\",\"url\":\"https:\\\/\\\/secure.gravatar.com\\\/avatar\\\/78a7f90c01fc2bfc875782a0d4922b37cde2cf184ce347b91316d23cd7f69a36?s=96&d=mm&r=g\",\"contentUrl\":\"https:\\\/\\\/secure.gravatar.com\\\/avatar\\\/78a7f90c01fc2bfc875782a0d4922b37cde2cf184ce347b91316d23cd7f69a36?s=96&d=mm&r=g\",\"caption\":\"galledia\"},\"sameAs\":[\"https:\\\/\\\/x.com\\\/admin\"],\"url\":\"https:\\\/\\\/www.organisator.ch\\\/de\\\/author\\\/galledia\\\/\"}]}<\/script>\n<!-- \/ Yoast SEO plugin. -->","yoast_head_json":{"title":"Dentsu-Report 2025: Konsumenten wollen weniger, aber bewusster - Organisator","description":"Gem\u00e4ss dem Dentsu-Report ist der Preis f\u00fcr Konsumentinnen und Konsumenten nicht mehr alles. Werte, Vertrauen und Einfachheit z\u00e4hlen mehr.","robots":{"index":"index","follow":"follow","max-snippet":"max-snippet:-1","max-image-preview":"max-image-preview:large","max-video-preview":"max-video-preview:-1"},"canonical":"https:\/\/www.organisator.ch\/de\/marketing\/2025-10-21\/dentsu-report-2025-konsumenten-wollen-weniger-aber-bewusster\/","og_locale":"de_DE","og_type":"article","og_title":"Dentsu-Report 2025: Konsumenten wollen weniger, aber bewusster - Organisator","og_description":"Gem\u00e4ss dem Dentsu-Report ist der Preis f\u00fcr Konsumentinnen und Konsumenten nicht mehr alles. Werte, Vertrauen und Einfachheit z\u00e4hlen mehr.","og_url":"https:\/\/www.organisator.ch\/de\/marketing\/2025-10-21\/dentsu-report-2025-konsumenten-wollen-weniger-aber-bewusster\/","og_site_name":"Organisator","article_publisher":"https:\/\/www.facebook.com\/OrganisatorFachmagazin","article_published_time":"2025-10-21T07:10:08+00:00","author":"galledia","twitter_card":"summary_large_image","twitter_creator":"@admin","schema":{"@context":"https:\/\/schema.org","@graph":[{"@type":"Article","@id":"https:\/\/www.organisator.ch\/marketing\/2025-10-21\/dentsu-report-2025-konsumenten-wollen-weniger-aber-bewusster\/#article","isPartOf":{"@id":"https:\/\/www.organisator.ch\/marketing\/2025-10-21\/dentsu-report-2025-konsumenten-wollen-weniger-aber-bewusster\/"},"author":{"name":"galledia","@id":"https:\/\/www.organisator.ch\/#\/schema\/person\/4e51799071cd2dd1232ac003643ef5f0"},"headline":"Dentsu-Report 2025: Konsumenten wollen weniger, aber bewusster","datePublished":"2025-10-21T07:10:08+00:00","mainEntityOfPage":{"@id":"https:\/\/www.organisator.ch\/marketing\/2025-10-21\/dentsu-report-2025-konsumenten-wollen-weniger-aber-bewusster\/"},"wordCount":389,"publisher":{"@id":"https:\/\/www.organisator.ch\/#organization"},"image":{"@id":"https:\/\/www.organisator.ch\/marketing\/2025-10-21\/dentsu-report-2025-konsumenten-wollen-weniger-aber-bewusster\/#primaryimage"},"thumbnailUrl":"https:\/\/www.markt-kom.com\/wp-content\/uploads\/2025\/10\/thumbnail_Lara_Jelinski_c_-Karin_Bischof.jpg","keywords":["Konsum","MarKom","Studie"],"articleSection":["MARKETING"],"inLanguage":"de"},{"@type":"WebPage","@id":"https:\/\/www.organisator.ch\/marketing\/2025-10-21\/dentsu-report-2025-konsumenten-wollen-weniger-aber-bewusster\/","url":"https:\/\/www.organisator.ch\/marketing\/2025-10-21\/dentsu-report-2025-konsumenten-wollen-weniger-aber-bewusster\/","name":"Dentsu-Report 2025: Konsumenten wollen weniger, aber bewusster - Organisator","isPartOf":{"@id":"https:\/\/www.organisator.ch\/#website"},"primaryImageOfPage":{"@id":"https:\/\/www.organisator.ch\/marketing\/2025-10-21\/dentsu-report-2025-konsumenten-wollen-weniger-aber-bewusster\/#primaryimage"},"image":{"@id":"https:\/\/www.organisator.ch\/marketing\/2025-10-21\/dentsu-report-2025-konsumenten-wollen-weniger-aber-bewusster\/#primaryimage"},"thumbnailUrl":"https:\/\/www.markt-kom.com\/wp-content\/uploads\/2025\/10\/thumbnail_Lara_Jelinski_c_-Karin_Bischof.jpg","datePublished":"2025-10-21T07:10:08+00:00","description":"Gem\u00e4ss dem Dentsu-Report ist der Preis f\u00fcr Konsumentinnen und Konsumenten nicht mehr alles. Werte, Vertrauen und Einfachheit z\u00e4hlen mehr.","breadcrumb":{"@id":"https:\/\/www.organisator.ch\/marketing\/2025-10-21\/dentsu-report-2025-konsumenten-wollen-weniger-aber-bewusster\/#breadcrumb"},"inLanguage":"de","potentialAction":[{"@type":"ReadAction","target":["https:\/\/www.organisator.ch\/marketing\/2025-10-21\/dentsu-report-2025-konsumenten-wollen-weniger-aber-bewusster\/"]}]},{"@type":"ImageObject","inLanguage":"de","@id":"https:\/\/www.organisator.ch\/marketing\/2025-10-21\/dentsu-report-2025-konsumenten-wollen-weniger-aber-bewusster\/#primaryimage","url":"https:\/\/www.markt-kom.com\/wp-content\/uploads\/2025\/10\/thumbnail_Lara_Jelinski_c_-Karin_Bischof.jpg","contentUrl":"https:\/\/www.markt-kom.com\/wp-content\/uploads\/2025\/10\/thumbnail_Lara_Jelinski_c_-Karin_Bischof.jpg"},{"@type":"BreadcrumbList","@id":"https:\/\/www.organisator.ch\/marketing\/2025-10-21\/dentsu-report-2025-konsumenten-wollen-weniger-aber-bewusster\/#breadcrumb","itemListElement":[{"@type":"ListItem","position":1,"name":"Home","item":"https:\/\/www.organisator.ch\/"},{"@type":"ListItem","position":2,"name":"Dentsu-Report 2025: Konsumenten wollen weniger, aber bewusster"}]},{"@type":"WebSite","@id":"https:\/\/www.organisator.ch\/#website","url":"https:\/\/www.organisator.ch\/","name":"Organisator","description":"Kompetent. Praxisnah. Der ORGANISATOR bereitet in 10 Ausgaben pro Jahr die wesentlichen Themen f\u00fcr F\u00fchrungskr\u00e4fte von KMU auf.","publisher":{"@id":"https:\/\/www.organisator.ch\/#organization"},"potentialAction":[{"@type":"SearchAction","target":{"@type":"EntryPoint","urlTemplate":"https:\/\/www.organisator.ch\/?s={search_term_string}"},"query-input":{"@type":"PropertyValueSpecification","valueRequired":true,"valueName":"search_term_string"}}],"inLanguage":"de"},{"@type":"Organization","@id":"https:\/\/www.organisator.ch\/#organization","name":"Organisator","url":"https:\/\/www.organisator.ch\/","logo":{"@type":"ImageObject","inLanguage":"de","@id":"https:\/\/www.organisator.ch\/#\/schema\/logo\/image\/","url":"https:\/\/www.organisator.ch\/wp-content\/uploads\/2022\/01\/Logo_Organisator_Website.png","contentUrl":"https:\/\/www.organisator.ch\/wp-content\/uploads\/2022\/01\/Logo_Organisator_Website.png","width":800,"height":77,"caption":"Organisator"},"image":{"@id":"https:\/\/www.organisator.ch\/#\/schema\/logo\/image\/"},"sameAs":["https:\/\/www.facebook.com\/OrganisatorFachmagazin","https:\/\/www.linkedin.com\/showcase\/organisator-das-magazin-fr-kmu","https:\/\/www.xing.com\/news\/pages\/organisator-ch-695","https:\/\/www.youtube.com\/channel\/UCGP2Sq0iWaZwT3BdIAQFYpw"]},{"@type":"Person","@id":"https:\/\/www.organisator.ch\/#\/schema\/person\/4e51799071cd2dd1232ac003643ef5f0","name":"galledia","image":{"@type":"ImageObject","inLanguage":"de","@id":"https:\/\/secure.gravatar.com\/avatar\/78a7f90c01fc2bfc875782a0d4922b37cde2cf184ce347b91316d23cd7f69a36?s=96&d=mm&r=g","url":"https:\/\/secure.gravatar.com\/avatar\/78a7f90c01fc2bfc875782a0d4922b37cde2cf184ce347b91316d23cd7f69a36?s=96&d=mm&r=g","contentUrl":"https:\/\/secure.gravatar.com\/avatar\/78a7f90c01fc2bfc875782a0d4922b37cde2cf184ce347b91316d23cd7f69a36?s=96&d=mm&r=g","caption":"galledia"},"sameAs":["https:\/\/x.com\/admin"],"url":"https:\/\/www.organisator.ch\/de\/author\/galledia\/"}]}},"_links":{"self":[{"href":"https:\/\/www.organisator.ch\/de\/wp-json\/wp\/v2\/posts\/40990","targetHints":{"allow":["GET"]}}],"collection":[{"href":"https:\/\/www.organisator.ch\/de\/wp-json\/wp\/v2\/posts"}],"about":[{"href":"https:\/\/www.organisator.ch\/de\/wp-json\/wp\/v2\/types\/post"}],"author":[{"embeddable":true,"href":"https:\/\/www.organisator.ch\/de\/wp-json\/wp\/v2\/users\/8"}],"replies":[{"embeddable":true,"href":"https:\/\/www.organisator.ch\/de\/wp-json\/wp\/v2\/comments?post=40990"}],"version-history":[{"count":5,"href":"https:\/\/www.organisator.ch\/de\/wp-json\/wp\/v2\/posts\/40990\/revisions"}],"predecessor-version":[{"id":41406,"href":"https:\/\/www.organisator.ch\/de\/wp-json\/wp\/v2\/posts\/40990\/revisions\/41406"}],"wp:attachment":[{"href":"https:\/\/www.organisator.ch\/de\/wp-json\/wp\/v2\/media?parent=40990"}],"wp:term":[{"taxonomy":"category","embeddable":true,"href":"https:\/\/www.organisator.ch\/de\/wp-json\/wp\/v2\/categories?post=40990"},{"taxonomy":"post_tag","embeddable":true,"href":"https:\/\/www.organisator.ch\/de\/wp-json\/wp\/v2\/tags?post=40990"}],"curies":[{"name":"wp","href":"https:\/\/api.w.org\/{rel}","templated":true}]}}