{"id":410,"date":"2016-11-04T15:52:07","date_gmt":"2016-11-04T14:52:07","guid":{"rendered":"http:\/\/dev.organisator.ch\/?p=410"},"modified":"2016-11-04T15:52:07","modified_gmt":"2016-11-04T14:52:07","slug":"digitale-transformation-schweizer-fuehrungskraefte-sehen-geschaeftsmodelle-in-gefahr","status":"publish","type":"post","link":"https:\/\/www.organisator.ch\/de\/management\/2016-11-04\/digitale-transformation-schweizer-fuehrungskraefte-sehen-geschaeftsmodelle-in-gefahr\/","title":{"rendered":"Digitale Transformation: Schweizer F\u00fchrungskr\u00e4fte sehen Gesch\u00e4ftsmodelle in Gefahr"},"content":{"rendered":"<figure id=\"attachment_411\" aria-describedby=\"caption-attachment-411\" style=\"width: 680px\" class=\"wp-caption alignnone\"><img loading=\"lazy\" decoding=\"async\" class=\"size-medium wp-image-411\" src=\"https:\/\/organisator.ch\/wp-content\/uploads\/2016\/12\/Digitale-Transformation-Schweizer-F\u00fchrungskr\u00e4fte-sehen-Gesch\u00e4ftsmodelle-in-Gefahr-organisator.jpg\" alt=\"\" width=\"680\" height=\"408\" \/><figcaption id=\"caption-attachment-411\" class=\"wp-caption-text\">Der digitale Wandel sch\u00fcrt Bef\u00fcrchtungen. (Grafik: Coloures-pic &#8211; Fotolia.com)<\/figcaption><\/figure>\n<p>Rund 4.000 Studienteilnehmer aus 16 L\u00e4ndern \u00e4usserten\u00a0in einer weltweit durchgef\u00fchrten Umfrage von Dell Technologies\u00a0ihre Meinung zur vierten industriellen Revolution; in der Schweiz waren es 200 Befragte. Demnach sehen 93 Prozent aller Schweizer Manager (weltweit 78 Prozent) digitale Start-ups als Bedrohung f\u00fcr das eigene Gesch\u00e4ft. Weltweit sorgen sich 45 Prozent der Studienteilnehmer, dass ihre heutigen Gesch\u00e4ftsmodelle im Wettbewerb gegen nativ digitale Start-ups in sp\u00e4testens f\u00fcnf Jahren obsolet sein k\u00f6nnten \u2013 die Schweiz liegt mit einem Umfrageresultat von 60 Prozent sogar deutlich \u00fcber diesem Wert. Gerade in der Schweiz sp\u00fcren viele Unternehmen schon jetzt den Druck zu handeln: 71 Prozent der Schweizer Befragten berichten von massiven Marktver\u00e4nderungen in den vergangenen drei Jahren im Zusammenhang mit der fortschreitenden Digitalisierung und neuen Anwendungen im Internet der Dinge \u2013 auch hier ist eine Diskrepanz zu den globalen Umfragewerten (52 Prozent) sichtbar.<\/p>\n<p><strong>Herausforderungen der Digitalen Transformation<\/strong><\/p>\n<p>Nur wenige Unternehmen haben die digitale Transformation in der eigenen Organisation schon weitgehend abgeschlossen. Entsprechend verf\u00fcgen die meisten Unternehmen noch nicht \u00fcber einen ganzheitlichen L\u00f6sungsansatz, mit dem sie die digitale Herausforderung angehen k\u00f6nnen. Um die Digitalisierung k\u00fcnftig auch hierzulande erfolgreich voranzutreiben, muss die digitale Transformation gem\u00e4ss 74 Prozent der Schweizer und 73 Prozent der restlichen Studienteilnehmer k\u00fcnftig quer durch das ganze Unternehmen auf breiterer Front vorangetrieben werden.<\/p>\n<p>Nach eigenem Bekunden werden derzeit nur 38 Prozent der Schweizer Firmen (weltweit 36 Prozent) wichtigen Anforderungen ihrer Kunden im Hinblick auf verbesserte Sicherheit, rund um die Uhr verf\u00fcgbare Services sowie schnelleren Informationszugang gerecht. 62 Prozent (weltweit 64 Prozent) agieren noch nicht auf Basis von Echtzeit-Erkenntnissen. Genau dies seien gem\u00e4ss der Autoren der Studie\u00a0die entscheidenden Erfolgsfaktoren in der digitalen \u00c4ra. W\u00fcrden sie verfehlt, k\u00f6nnte das der Beginn einer digitalen Krise sein.<\/p>\n<p>Getrieben werden die digitalen Ver\u00e4nderungen gem\u00e4ss 71 Prozent der Schweizer Businessentscheider von Wettbewerbern und Start-ups; etwas weniger stark ist der Druck durch Vorstandsstab und Gesch\u00e4ftsleitung (46 Prozent) sowie durch Kunden (33 Prozent). Im Kontrast dazu stehen die globalen Resultate der Studie: Weltweit gaben 56 Prozent an, dass sie durch ihre Kunden unter erheblichem Ver\u00e4nderungsdruck stehen, Wettbewerber\/Start-ups (46 Prozent) und Vorstandsstab\/Gesch\u00e4ftsleitung (41 Prozent) wurden am zweit- und dritth\u00e4ufigsten als Faktoren angegeben.<\/p>\n<p><strong>Digitaler Rettungsplan<\/strong><\/p>\n<p>Dass es noch einige Hindernisse auf dem Weg zum digitalen Erfolg gibt, best\u00e4tigen die weiteren Ergebnisse der Dell-EMC-Studie. Erst 16 Prozent der Schweizer Studienteilnehmer haben bereits eine digitale Gewinn- und Verlustrechnung etabliert. Damit hinken die Schweizer Unternehmen im globalen Umfeld deutlich hinterher (weltweit 36 Prozent). Lediglich 32 Prozent (weltweit 46 Prozent) haben ihre Digitalisierungsziele mittlerweile auch in s\u00e4mtlichen Abteilungs- und Belegschaftsvorgaben festgeschrieben. Daf\u00fcr kooperiert jedes zweite Unternehmen (weltweit 35 Prozent) mit Start-ups und adaptiert deren offenes Innovationsmodell. 54 Prozent der Schweizer Unternehmen (weltweit 38 Prozent) haben sogar bereits ein Leitungsgremium ernannt, das den digitalen Fortschritt bewertet.<\/p>\n<p>Angesichts der ver\u00e4nderten Markterfordernisse haben die Schweizer Unternehmen damit begonnen, ihr Transformationstempo zu steigern: 72 Prozent (weltweit 73 Prozent) stimmen zu, dass sie eine zentralisierte Technologiestrategie im Unternehmen mit h\u00f6herer Priorit\u00e4t vorantreiben m\u00fcssen. 70 Prozent (weltweit 66 Prozent) planen Infrastrukturinvestitionen und den verst\u00e4rkten Aufbau digitaler Skills. Zudem wollen 65 Prozent (weltweit 72 Prozent) ihre Software-Entwicklungsf\u00e4higkeiten ausweiten. IT-Investitionen sind in der Schweiz in der Reihenfolge ihrer Priorit\u00e4t in folgenden vier Bereichen geplant: Internet-of-Things-Technologien, konvergente Infrastrukturen, Ultra-High-Performance L\u00f6sungen sowie Big Data Analytics.<\/p>\n<p><strong>Auf welchem &#8222;Digitalisierungs-Stand&#8220; befinden sich Unternehmen?<\/strong><\/p>\n<p>Komplettiert werden die Studienergebnisse von einem Digital Transformation Index, der auf der Selbsteinsch\u00e4tzung der Teilnehmer basiert und den digitalen Reifegrad der befragten Unternehmen widerspiegelt. Demnach geh\u00f6ren weltweit:<\/p>\n<ul>\n<li>5 Prozent (in der Schweiz keines der befragten Unternehmen) zu den Digital Leaders: Die digitale Transformation ist bei dieser Gruppe gleichsam in der Unternehmens-DNA verankert.<\/li>\n<li>14 Prozent (in der Schweiz 4 Prozent) zu den Digital Adopters, die bereits \u00fcber einen ausgereiften Transformationsplan und entsprechende Investitionsmittel verf\u00fcgen.<\/li>\n<li>34 Prozent (in der Schweiz 54 Prozent) zur Gruppe der Digital Evaluators, die sich behutsam an die Transformation herantasten und diesbez\u00fcgliche Initiativen und Investitionen f\u00fcr die Zukunft planen.<\/li>\n<li>32 Prozent (in der Schweiz 29 Prozent) zu den Digital Followers. Bei dieser Gruppe gab es bisher kaum Digitalisierungsinvestitionen; entsprechende Zukunftspl\u00e4ne haben derzeit noch einen sehr vorl\u00e4ufigen Charakter.<\/li>\n<li>15 Prozent (in der Schweiz 13 Prozent) zu den Digital Laggards, den Nachz\u00fcglern ohne dedizierten Digitalisierungsplan, die praktisch keine entsprechenden Investitionsmittel eingestellt haben.<\/li>\n<\/ul>\n<p><em>Quelle: <a href=\"http:\/\/www.dellemc.com\" target=\"_blank\" rel=\"noreferrer noopener\" data-cke-saved-href=\"http:\/\/www.dellemc.com\">Dell EMC<\/a><\/em><\/p>\n","protected":false},"excerpt":{"rendered":"<p>Rund 4.000 Studienteilnehmer aus 16 L\u00e4ndern \u00e4usserten\u00a0in einer weltweit durchgef\u00fchrten Umfrage von Dell Technologies\u00a0ihre Meinung zur vierten industriellen Revolution; in der Schweiz waren es 200 Befragte. Demnach sehen 93 Prozent aller Schweizer Manager (weltweit 78 Prozent) digitale Start-ups als Bedrohung f\u00fcr das eigene Gesch\u00e4ft. Weltweit sorgen sich 45 Prozent der Studienteilnehmer, dass ihre heutigen Gesch\u00e4ftsmodelle [&hellip;]<\/p>\n","protected":false},"author":1,"featured_media":411,"comment_status":"open","ping_status":"open","sticky":false,"template":"","format":"standard","meta":{"_acf_changed":false,"_yoast_wpseo_focuskw":"Digitale Transformation","_yoast_wpseo_metadesc":"Laut einer Studie von Dell EMC beurteilen fast alle befragten Schweizer Businessentscheider (96 Prozent) ihren digitalen Reifegrad eher zur\u00fcckhaltend.","articlekey":"","footnotes":""},"categories":[28],"tags":[288,335],"class_list":["post-410","post","type-post","status-publish","format-standard","has-post-thumbnail","hentry","category-management","tag-it-business-software","tag-management-und-unternehmensfuehrung"],"acf":[],"yoast_head":"<!-- This site is optimized with the Yoast SEO plugin v27.5 - https:\/\/yoast.com\/product\/yoast-seo-wordpress\/ -->\n<title>Digitale Transformation: Schweizer F\u00fchrungskr\u00e4fte sehen Gesch\u00e4ftsmodelle in Gefahr - Organisator<\/title>\n<meta name=\"description\" content=\"Laut einer Studie von Dell EMC beurteilen fast alle befragten Schweizer Businessentscheider (96 Prozent) ihren digitalen Reifegrad eher zur\u00fcckhaltend.\" \/>\n<meta name=\"robots\" content=\"index, follow, max-snippet:-1, max-image-preview:large, max-video-preview:-1\" \/>\n<link rel=\"canonical\" href=\"https:\/\/www.organisator.ch\/de\/management\/2016-11-04\/digitale-transformation-schweizer-fuehrungskraefte-sehen-geschaeftsmodelle-in-gefahr\/\" \/>\n<meta property=\"og:locale\" content=\"de_DE\" \/>\n<meta property=\"og:type\" content=\"article\" \/>\n<meta property=\"og:title\" content=\"Digitale Transformation: Schweizer F\u00fchrungskr\u00e4fte sehen Gesch\u00e4ftsmodelle in Gefahr\" \/>\n<meta property=\"og:description\" content=\"Laut einer aktuellen Studie von Dell EMC beurteilen fast alle befragten Schweizer Businessentscheider (96 Prozent) ihren digitalen Reifegrad eher zur\u00fcckhaltend. Nur gerade 4 Prozent sehen sich in der Rolle der Digital Adopters; kein Unternehmen f\u00fchlt sich der Digital-Leader-Gruppe angeh\u00f6rig. Und auch die weltweit gesammelten Ergebnisse der Studie best\u00e4tigen: Es zeichnen sich vielf\u00e4ltige digitale Ver\u00e4nderungen ab.\" \/>\n<meta property=\"og:url\" content=\"https:\/\/www.organisator.ch\/de\/management\/2016-11-04\/digitale-transformation-schweizer-fuehrungskraefte-sehen-geschaeftsmodelle-in-gefahr\/\" \/>\n<meta property=\"og:site_name\" content=\"Organisator\" \/>\n<meta property=\"article:publisher\" content=\"https:\/\/www.facebook.com\/OrganisatorFachmagazin\" \/>\n<meta property=\"article:published_time\" content=\"2016-11-04T14:52:07+00:00\" \/>\n<meta name=\"author\" content=\"admin\" \/>\n<meta name=\"twitter:card\" content=\"summary_large_image\" \/>\n<meta name=\"twitter:image\" content=\"https:\/\/www.organisator.ch\/wp-content\/uploads\/2016\/12\/Digitale-Transformation-Schweizer-Fuehrungskraefte-sehen-Geschaeftsmodelle-in-Gefahr-organisator.jpg\" \/>\n<script type=\"application\/ld+json\" class=\"yoast-schema-graph\">{\"@context\":\"https:\\\/\\\/schema.org\",\"@graph\":[{\"@type\":\"Article\",\"@id\":\"https:\\\/\\\/www.organisator.ch\\\/management\\\/2016-11-04\\\/digitale-transformation-schweizer-fuehrungskraefte-sehen-geschaeftsmodelle-in-gefahr\\\/#article\",\"isPartOf\":{\"@id\":\"https:\\\/\\\/www.organisator.ch\\\/management\\\/2016-11-04\\\/digitale-transformation-schweizer-fuehrungskraefte-sehen-geschaeftsmodelle-in-gefahr\\\/\"},\"author\":{\"name\":\"admin\",\"@id\":\"https:\\\/\\\/www.organisator.ch\\\/#\\\/schema\\\/person\\\/aa2bace6c5c5aad60102004a50c4eb1c\"},\"headline\":\"Digitale Transformation: Schweizer F\u00fchrungskr\u00e4fte sehen Gesch\u00e4ftsmodelle in Gefahr\",\"datePublished\":\"2016-11-04T14:52:07+00:00\",\"mainEntityOfPage\":{\"@id\":\"https:\\\/\\\/www.organisator.ch\\\/management\\\/2016-11-04\\\/digitale-transformation-schweizer-fuehrungskraefte-sehen-geschaeftsmodelle-in-gefahr\\\/\"},\"wordCount\":721,\"commentCount\":0,\"publisher\":{\"@id\":\"https:\\\/\\\/www.organisator.ch\\\/#organization\"},\"image\":{\"@id\":\"https:\\\/\\\/www.organisator.ch\\\/management\\\/2016-11-04\\\/digitale-transformation-schweizer-fuehrungskraefte-sehen-geschaeftsmodelle-in-gefahr\\\/#primaryimage\"},\"thumbnailUrl\":\"https:\\\/\\\/www.organisator.ch\\\/wp-content\\\/uploads\\\/2016\\\/12\\\/Digitale-Transformation-Schweizer-Fuehrungskraefte-sehen-Geschaeftsmodelle-in-Gefahr-organisator.jpg\",\"keywords\":[\"IT &amp; Business Software\",\"Management und Unternehmensf\u00fchrung\"],\"articleSection\":[\"MANAGEMENT\"],\"inLanguage\":\"de\"},{\"@type\":\"WebPage\",\"@id\":\"https:\\\/\\\/www.organisator.ch\\\/management\\\/2016-11-04\\\/digitale-transformation-schweizer-fuehrungskraefte-sehen-geschaeftsmodelle-in-gefahr\\\/\",\"url\":\"https:\\\/\\\/www.organisator.ch\\\/management\\\/2016-11-04\\\/digitale-transformation-schweizer-fuehrungskraefte-sehen-geschaeftsmodelle-in-gefahr\\\/\",\"name\":\"Digitale Transformation: Schweizer F\u00fchrungskr\u00e4fte sehen Gesch\u00e4ftsmodelle in Gefahr - Organisator\",\"isPartOf\":{\"@id\":\"https:\\\/\\\/www.organisator.ch\\\/#website\"},\"primaryImageOfPage\":{\"@id\":\"https:\\\/\\\/www.organisator.ch\\\/management\\\/2016-11-04\\\/digitale-transformation-schweizer-fuehrungskraefte-sehen-geschaeftsmodelle-in-gefahr\\\/#primaryimage\"},\"image\":{\"@id\":\"https:\\\/\\\/www.organisator.ch\\\/management\\\/2016-11-04\\\/digitale-transformation-schweizer-fuehrungskraefte-sehen-geschaeftsmodelle-in-gefahr\\\/#primaryimage\"},\"thumbnailUrl\":\"https:\\\/\\\/www.organisator.ch\\\/wp-content\\\/uploads\\\/2016\\\/12\\\/Digitale-Transformation-Schweizer-Fuehrungskraefte-sehen-Geschaeftsmodelle-in-Gefahr-organisator.jpg\",\"datePublished\":\"2016-11-04T14:52:07+00:00\",\"description\":\"Laut einer Studie von Dell EMC beurteilen fast alle befragten Schweizer Businessentscheider (96 Prozent) ihren digitalen Reifegrad eher zur\u00fcckhaltend.\",\"breadcrumb\":{\"@id\":\"https:\\\/\\\/www.organisator.ch\\\/management\\\/2016-11-04\\\/digitale-transformation-schweizer-fuehrungskraefte-sehen-geschaeftsmodelle-in-gefahr\\\/#breadcrumb\"},\"inLanguage\":\"de\",\"potentialAction\":[{\"@type\":\"ReadAction\",\"target\":[\"https:\\\/\\\/www.organisator.ch\\\/management\\\/2016-11-04\\\/digitale-transformation-schweizer-fuehrungskraefte-sehen-geschaeftsmodelle-in-gefahr\\\/\"]}]},{\"@type\":\"ImageObject\",\"inLanguage\":\"de\",\"@id\":\"https:\\\/\\\/www.organisator.ch\\\/management\\\/2016-11-04\\\/digitale-transformation-schweizer-fuehrungskraefte-sehen-geschaeftsmodelle-in-gefahr\\\/#primaryimage\",\"url\":\"https:\\\/\\\/www.organisator.ch\\\/wp-content\\\/uploads\\\/2016\\\/12\\\/Digitale-Transformation-Schweizer-Fuehrungskraefte-sehen-Geschaeftsmodelle-in-Gefahr-organisator.jpg\",\"contentUrl\":\"https:\\\/\\\/www.organisator.ch\\\/wp-content\\\/uploads\\\/2016\\\/12\\\/Digitale-Transformation-Schweizer-Fuehrungskraefte-sehen-Geschaeftsmodelle-in-Gefahr-organisator.jpg\",\"width\":894,\"height\":537,\"caption\":\"Der digitale Wandel sch\u00fcrt Bef\u00fcrchtungen. (Grafik: Coloures-pic - Fotolia.com)\"},{\"@type\":\"BreadcrumbList\",\"@id\":\"https:\\\/\\\/www.organisator.ch\\\/management\\\/2016-11-04\\\/digitale-transformation-schweizer-fuehrungskraefte-sehen-geschaeftsmodelle-in-gefahr\\\/#breadcrumb\",\"itemListElement\":[{\"@type\":\"ListItem\",\"position\":1,\"name\":\"Home\",\"item\":\"https:\\\/\\\/www.organisator.ch\\\/\"},{\"@type\":\"ListItem\",\"position\":2,\"name\":\"Digitale Transformation: Schweizer F\u00fchrungskr\u00e4fte sehen Gesch\u00e4ftsmodelle in Gefahr\"}]},{\"@type\":\"WebSite\",\"@id\":\"https:\\\/\\\/www.organisator.ch\\\/#website\",\"url\":\"https:\\\/\\\/www.organisator.ch\\\/\",\"name\":\"Organisator\",\"description\":\"Kompetent. Praxisnah. Der ORGANISATOR bereitet in 10 Ausgaben pro Jahr die wesentlichen Themen f\u00fcr F\u00fchrungskr\u00e4fte von KMU auf.\",\"publisher\":{\"@id\":\"https:\\\/\\\/www.organisator.ch\\\/#organization\"},\"potentialAction\":[{\"@type\":\"SearchAction\",\"target\":{\"@type\":\"EntryPoint\",\"urlTemplate\":\"https:\\\/\\\/www.organisator.ch\\\/?s={search_term_string}\"},\"query-input\":{\"@type\":\"PropertyValueSpecification\",\"valueRequired\":true,\"valueName\":\"search_term_string\"}}],\"inLanguage\":\"de\"},{\"@type\":\"Organization\",\"@id\":\"https:\\\/\\\/www.organisator.ch\\\/#organization\",\"name\":\"Organisator\",\"url\":\"https:\\\/\\\/www.organisator.ch\\\/\",\"logo\":{\"@type\":\"ImageObject\",\"inLanguage\":\"de\",\"@id\":\"https:\\\/\\\/www.organisator.ch\\\/#\\\/schema\\\/logo\\\/image\\\/\",\"url\":\"https:\\\/\\\/www.organisator.ch\\\/wp-content\\\/uploads\\\/2022\\\/01\\\/Logo_Organisator_Website.png\",\"contentUrl\":\"https:\\\/\\\/www.organisator.ch\\\/wp-content\\\/uploads\\\/2022\\\/01\\\/Logo_Organisator_Website.png\",\"width\":800,\"height\":77,\"caption\":\"Organisator\"},\"image\":{\"@id\":\"https:\\\/\\\/www.organisator.ch\\\/#\\\/schema\\\/logo\\\/image\\\/\"},\"sameAs\":[\"https:\\\/\\\/www.facebook.com\\\/OrganisatorFachmagazin\",\"https:\\\/\\\/www.linkedin.com\\\/showcase\\\/organisator-das-magazin-fr-kmu\",\"https:\\\/\\\/www.xing.com\\\/news\\\/pages\\\/organisator-ch-695\",\"https:\\\/\\\/www.youtube.com\\\/channel\\\/UCGP2Sq0iWaZwT3BdIAQFYpw\"]},{\"@type\":\"Person\",\"@id\":\"https:\\\/\\\/www.organisator.ch\\\/#\\\/schema\\\/person\\\/aa2bace6c5c5aad60102004a50c4eb1c\",\"name\":\"admin\",\"image\":{\"@type\":\"ImageObject\",\"inLanguage\":\"de\",\"@id\":\"https:\\\/\\\/secure.gravatar.com\\\/avatar\\\/ae2f4d718e6c49043e314ce431e7e645d646302a24a5ef5a8bc8e3f5a032e319?s=96&d=mm&r=g\",\"url\":\"https:\\\/\\\/secure.gravatar.com\\\/avatar\\\/ae2f4d718e6c49043e314ce431e7e645d646302a24a5ef5a8bc8e3f5a032e319?s=96&d=mm&r=g\",\"contentUrl\":\"https:\\\/\\\/secure.gravatar.com\\\/avatar\\\/ae2f4d718e6c49043e314ce431e7e645d646302a24a5ef5a8bc8e3f5a032e319?s=96&d=mm&r=g\",\"caption\":\"admin\"},\"sameAs\":[\"https:\\\/\\\/www.organisator.ch\"],\"url\":\"https:\\\/\\\/www.organisator.ch\\\/de\\\/author\\\/admin\\\/\"}]}<\/script>\n<!-- \/ Yoast SEO plugin. -->","yoast_head_json":{"title":"Digitale Transformation: Schweizer F\u00fchrungskr\u00e4fte sehen Gesch\u00e4ftsmodelle in Gefahr - Organisator","description":"Laut einer Studie von Dell EMC beurteilen fast alle befragten Schweizer Businessentscheider (96 Prozent) ihren digitalen Reifegrad eher zur\u00fcckhaltend.","robots":{"index":"index","follow":"follow","max-snippet":"max-snippet:-1","max-image-preview":"max-image-preview:large","max-video-preview":"max-video-preview:-1"},"canonical":"https:\/\/www.organisator.ch\/de\/management\/2016-11-04\/digitale-transformation-schweizer-fuehrungskraefte-sehen-geschaeftsmodelle-in-gefahr\/","og_locale":"de_DE","og_type":"article","og_title":"Digitale Transformation: Schweizer F\u00fchrungskr\u00e4fte sehen Gesch\u00e4ftsmodelle in Gefahr","og_description":"Laut einer aktuellen Studie von Dell EMC beurteilen fast alle befragten Schweizer Businessentscheider (96 Prozent) ihren digitalen Reifegrad eher zur\u00fcckhaltend. Nur gerade 4 Prozent sehen sich in der Rolle der Digital Adopters; kein Unternehmen f\u00fchlt sich der Digital-Leader-Gruppe angeh\u00f6rig. Und auch die weltweit gesammelten Ergebnisse der Studie best\u00e4tigen: Es zeichnen sich vielf\u00e4ltige digitale Ver\u00e4nderungen ab.","og_url":"https:\/\/www.organisator.ch\/de\/management\/2016-11-04\/digitale-transformation-schweizer-fuehrungskraefte-sehen-geschaeftsmodelle-in-gefahr\/","og_site_name":"Organisator","article_publisher":"https:\/\/www.facebook.com\/OrganisatorFachmagazin","article_published_time":"2016-11-04T14:52:07+00:00","author":"admin","twitter_card":"summary_large_image","twitter_image":"https:\/\/www.organisator.ch\/wp-content\/uploads\/2016\/12\/Digitale-Transformation-Schweizer-Fuehrungskraefte-sehen-Geschaeftsmodelle-in-Gefahr-organisator.jpg","schema":{"@context":"https:\/\/schema.org","@graph":[{"@type":"Article","@id":"https:\/\/www.organisator.ch\/management\/2016-11-04\/digitale-transformation-schweizer-fuehrungskraefte-sehen-geschaeftsmodelle-in-gefahr\/#article","isPartOf":{"@id":"https:\/\/www.organisator.ch\/management\/2016-11-04\/digitale-transformation-schweizer-fuehrungskraefte-sehen-geschaeftsmodelle-in-gefahr\/"},"author":{"name":"admin","@id":"https:\/\/www.organisator.ch\/#\/schema\/person\/aa2bace6c5c5aad60102004a50c4eb1c"},"headline":"Digitale Transformation: Schweizer F\u00fchrungskr\u00e4fte sehen Gesch\u00e4ftsmodelle in Gefahr","datePublished":"2016-11-04T14:52:07+00:00","mainEntityOfPage":{"@id":"https:\/\/www.organisator.ch\/management\/2016-11-04\/digitale-transformation-schweizer-fuehrungskraefte-sehen-geschaeftsmodelle-in-gefahr\/"},"wordCount":721,"commentCount":0,"publisher":{"@id":"https:\/\/www.organisator.ch\/#organization"},"image":{"@id":"https:\/\/www.organisator.ch\/management\/2016-11-04\/digitale-transformation-schweizer-fuehrungskraefte-sehen-geschaeftsmodelle-in-gefahr\/#primaryimage"},"thumbnailUrl":"https:\/\/www.organisator.ch\/wp-content\/uploads\/2016\/12\/Digitale-Transformation-Schweizer-Fuehrungskraefte-sehen-Geschaeftsmodelle-in-Gefahr-organisator.jpg","keywords":["IT &amp; Business Software","Management und Unternehmensf\u00fchrung"],"articleSection":["MANAGEMENT"],"inLanguage":"de"},{"@type":"WebPage","@id":"https:\/\/www.organisator.ch\/management\/2016-11-04\/digitale-transformation-schweizer-fuehrungskraefte-sehen-geschaeftsmodelle-in-gefahr\/","url":"https:\/\/www.organisator.ch\/management\/2016-11-04\/digitale-transformation-schweizer-fuehrungskraefte-sehen-geschaeftsmodelle-in-gefahr\/","name":"Digitale Transformation: Schweizer F\u00fchrungskr\u00e4fte sehen Gesch\u00e4ftsmodelle in Gefahr - Organisator","isPartOf":{"@id":"https:\/\/www.organisator.ch\/#website"},"primaryImageOfPage":{"@id":"https:\/\/www.organisator.ch\/management\/2016-11-04\/digitale-transformation-schweizer-fuehrungskraefte-sehen-geschaeftsmodelle-in-gefahr\/#primaryimage"},"image":{"@id":"https:\/\/www.organisator.ch\/management\/2016-11-04\/digitale-transformation-schweizer-fuehrungskraefte-sehen-geschaeftsmodelle-in-gefahr\/#primaryimage"},"thumbnailUrl":"https:\/\/www.organisator.ch\/wp-content\/uploads\/2016\/12\/Digitale-Transformation-Schweizer-Fuehrungskraefte-sehen-Geschaeftsmodelle-in-Gefahr-organisator.jpg","datePublished":"2016-11-04T14:52:07+00:00","description":"Laut einer Studie von Dell EMC beurteilen fast alle befragten Schweizer Businessentscheider (96 Prozent) ihren digitalen Reifegrad eher zur\u00fcckhaltend.","breadcrumb":{"@id":"https:\/\/www.organisator.ch\/management\/2016-11-04\/digitale-transformation-schweizer-fuehrungskraefte-sehen-geschaeftsmodelle-in-gefahr\/#breadcrumb"},"inLanguage":"de","potentialAction":[{"@type":"ReadAction","target":["https:\/\/www.organisator.ch\/management\/2016-11-04\/digitale-transformation-schweizer-fuehrungskraefte-sehen-geschaeftsmodelle-in-gefahr\/"]}]},{"@type":"ImageObject","inLanguage":"de","@id":"https:\/\/www.organisator.ch\/management\/2016-11-04\/digitale-transformation-schweizer-fuehrungskraefte-sehen-geschaeftsmodelle-in-gefahr\/#primaryimage","url":"https:\/\/www.organisator.ch\/wp-content\/uploads\/2016\/12\/Digitale-Transformation-Schweizer-Fuehrungskraefte-sehen-Geschaeftsmodelle-in-Gefahr-organisator.jpg","contentUrl":"https:\/\/www.organisator.ch\/wp-content\/uploads\/2016\/12\/Digitale-Transformation-Schweizer-Fuehrungskraefte-sehen-Geschaeftsmodelle-in-Gefahr-organisator.jpg","width":894,"height":537,"caption":"Der digitale Wandel sch\u00fcrt Bef\u00fcrchtungen. (Grafik: Coloures-pic - Fotolia.com)"},{"@type":"BreadcrumbList","@id":"https:\/\/www.organisator.ch\/management\/2016-11-04\/digitale-transformation-schweizer-fuehrungskraefte-sehen-geschaeftsmodelle-in-gefahr\/#breadcrumb","itemListElement":[{"@type":"ListItem","position":1,"name":"Home","item":"https:\/\/www.organisator.ch\/"},{"@type":"ListItem","position":2,"name":"Digitale Transformation: Schweizer F\u00fchrungskr\u00e4fte sehen Gesch\u00e4ftsmodelle in Gefahr"}]},{"@type":"WebSite","@id":"https:\/\/www.organisator.ch\/#website","url":"https:\/\/www.organisator.ch\/","name":"Organisator","description":"Kompetent. Praxisnah. Der ORGANISATOR bereitet in 10 Ausgaben pro Jahr die wesentlichen Themen f\u00fcr F\u00fchrungskr\u00e4fte von KMU auf.","publisher":{"@id":"https:\/\/www.organisator.ch\/#organization"},"potentialAction":[{"@type":"SearchAction","target":{"@type":"EntryPoint","urlTemplate":"https:\/\/www.organisator.ch\/?s={search_term_string}"},"query-input":{"@type":"PropertyValueSpecification","valueRequired":true,"valueName":"search_term_string"}}],"inLanguage":"de"},{"@type":"Organization","@id":"https:\/\/www.organisator.ch\/#organization","name":"Organisator","url":"https:\/\/www.organisator.ch\/","logo":{"@type":"ImageObject","inLanguage":"de","@id":"https:\/\/www.organisator.ch\/#\/schema\/logo\/image\/","url":"https:\/\/www.organisator.ch\/wp-content\/uploads\/2022\/01\/Logo_Organisator_Website.png","contentUrl":"https:\/\/www.organisator.ch\/wp-content\/uploads\/2022\/01\/Logo_Organisator_Website.png","width":800,"height":77,"caption":"Organisator"},"image":{"@id":"https:\/\/www.organisator.ch\/#\/schema\/logo\/image\/"},"sameAs":["https:\/\/www.facebook.com\/OrganisatorFachmagazin","https:\/\/www.linkedin.com\/showcase\/organisator-das-magazin-fr-kmu","https:\/\/www.xing.com\/news\/pages\/organisator-ch-695","https:\/\/www.youtube.com\/channel\/UCGP2Sq0iWaZwT3BdIAQFYpw"]},{"@type":"Person","@id":"https:\/\/www.organisator.ch\/#\/schema\/person\/aa2bace6c5c5aad60102004a50c4eb1c","name":"admin","image":{"@type":"ImageObject","inLanguage":"de","@id":"https:\/\/secure.gravatar.com\/avatar\/ae2f4d718e6c49043e314ce431e7e645d646302a24a5ef5a8bc8e3f5a032e319?s=96&d=mm&r=g","url":"https:\/\/secure.gravatar.com\/avatar\/ae2f4d718e6c49043e314ce431e7e645d646302a24a5ef5a8bc8e3f5a032e319?s=96&d=mm&r=g","contentUrl":"https:\/\/secure.gravatar.com\/avatar\/ae2f4d718e6c49043e314ce431e7e645d646302a24a5ef5a8bc8e3f5a032e319?s=96&d=mm&r=g","caption":"admin"},"sameAs":["https:\/\/www.organisator.ch"],"url":"https:\/\/www.organisator.ch\/de\/author\/admin\/"}]}},"_links":{"self":[{"href":"https:\/\/www.organisator.ch\/de\/wp-json\/wp\/v2\/posts\/410","targetHints":{"allow":["GET"]}}],"collection":[{"href":"https:\/\/www.organisator.ch\/de\/wp-json\/wp\/v2\/posts"}],"about":[{"href":"https:\/\/www.organisator.ch\/de\/wp-json\/wp\/v2\/types\/post"}],"author":[{"embeddable":true,"href":"https:\/\/www.organisator.ch\/de\/wp-json\/wp\/v2\/users\/1"}],"replies":[{"embeddable":true,"href":"https:\/\/www.organisator.ch\/de\/wp-json\/wp\/v2\/comments?post=410"}],"version-history":[{"count":0,"href":"https:\/\/www.organisator.ch\/de\/wp-json\/wp\/v2\/posts\/410\/revisions"}],"wp:featuredmedia":[{"embeddable":true,"href":"https:\/\/www.organisator.ch\/de\/wp-json\/wp\/v2\/media\/411"}],"wp:attachment":[{"href":"https:\/\/www.organisator.ch\/de\/wp-json\/wp\/v2\/media?parent=410"}],"wp:term":[{"taxonomy":"category","embeddable":true,"href":"https:\/\/www.organisator.ch\/de\/wp-json\/wp\/v2\/categories?post=410"},{"taxonomy":"post_tag","embeddable":true,"href":"https:\/\/www.organisator.ch\/de\/wp-json\/wp\/v2\/tags?post=410"}],"curies":[{"name":"wp","href":"https:\/\/api.w.org\/{rel}","templated":true}]}}