{"id":41028,"date":"2025-10-08T16:01:20","date_gmt":"2025-10-08T14:01:20","guid":{"rendered":"https:\/\/www.m-q.ch\/?p=22034"},"modified":"2025-10-20T15:29:02","modified_gmt":"2025-10-20T13:29:02","slug":"sieben-security-mythen-und-ihre-fatale-wirkung","status":"publish","type":"post","link":"https:\/\/www.organisator.ch\/de\/operational-excellence\/2025-10-08\/sieben-security-mythen-und-ihre-fatale-wirkung\/","title":{"rendered":"Sieben Security-Mythen und ihre fatale Wirkung"},"content":{"rendered":"<figure id=\"attachment_22035\" class=\"wp-caption alignnone\" style=\"width: 680px;\" aria-describedby=\"caption-attachment-22035\"><img class=\"size-full wp-image-22035\" src=\"https:\/\/www.m-q.ch\/wp-content\/uploads\/2025\/10\/Sieben-Security-Mythen-und-ihre-fatale-Wirkung_MQ.png\" sizes=\"(max-width: 680px) 100vw, 680px\" srcset=\"https:\/\/www.m-q.ch\/wp-content\/uploads\/2025\/10\/Sieben-Security-Mythen-und-ihre-fatale-Wirkung_MQ.png 680w, https:\/\/www.m-q.ch\/wp-content\/uploads\/2025\/10\/Sieben-Security-Mythen-und-ihre-fatale-Wirkung_MQ-18x12.png 18w, https:\/\/www.m-q.ch\/wp-content\/uploads\/2025\/10\/Sieben-Security-Mythen-und-ihre-fatale-Wirkung_MQ-375x255.png 375w, https:\/\/www.m-q.ch\/wp-content\/uploads\/2025\/10\/Sieben-Security-Mythen-und-ihre-fatale-Wirkung_MQ-515x350.png 515w\" alt=\"\" width=\"680\" height=\"462\" \/>\r\n<figcaption id=\"caption-attachment-22035\" class=\"wp-caption-text\">Nur schon diese vier Security-Mythen haben es in sich\u2026 (Grafik: Cohesity)<\/figcaption>\r\n<\/figure>\r\n<p>Auch wenn die Umfrage in Deutschland durchgef\u00fchrt wurde: Vieles davon d\u00fcrfte auch in vielen Schweizer Unternehmen nicht ganz unbekannt sein. Wobei einige dieser Mythen doch eine gewisse Naivit\u00e4t voraussetzen, die (hoffentlich) an den meisten Orten der Vergangenheit angeh\u00f6rt:<\/p>\r\n<h3>Mythos 1: \u201eF\u00fcr unser Unternehmen besteht keine Gefahr\u201c<\/h3>\r\n<p>Laut der Umfrage untersch\u00e4tzen deutsche Mitarbeitende deutlich die Gefahren f\u00fcr das eigene Unternehmen. So glauben 53 Prozent nicht, dass ein Ransomware-Angriff die Gesch\u00e4ftsprozesse ihres Unternehmens lahmlegen k\u00f6nnte. 24 Prozent sehen keinen m\u00f6glichen Imageschaden und 18 Prozent keine Beeintr\u00e4chtigung des Umsatzes. Dies liegt wohl an zu grossem Vertrauen in die Sicherheitssysteme des Unternehmens. Doch diese k\u00f6nnen nicht alle Angriffe blockieren. So lassen sich etwa mit Hilfe von KI auf Basis allgemein verf\u00fcgbarer Informationen in sozialen Medien individuelle Botschaften an Mitarbeitende automatisch erstellen und versenden. Diese Phishing-Angriffe sind sowohl f\u00fcr die Opfer als auch die Abwehrsysteme immer schwerer zu erkennen.<\/p>\r\n<h3>Mythos 2: \u201eNur grosse Firmen werden angegriffen\u201c<\/h3>\r\n<p>15 Prozent der Deutschen gehen davon aus, dass nur gro\u00dfe Unternehmen angegriffen werden. Mehrere aktuelle F\u00e4lle zeigen jedoch eindeutig, dass auch mittelst\u00e4ndische deutsche Firmen regelm\u00e4\u00dfig von Ransomware-Attacken betroffen sind und sogar insolvent werden k\u00f6nnen. Diese Fehleinsch\u00e4tzung der Gefahrenlage zeigt, dass viele Mitarbeitende immer noch davon ausgehen, Cyberkriminelle w\u00fcrden gezielt bestimmte Firmen angreifen. Doch automatische Tools und KI haben die Situation grundlegend ver\u00e4ndert. Heute scannen Hacker das gesamte Internet auf m\u00f6gliche Sicherheitsl\u00fccken und greifen wahllos jedes Unternehmen an, das eine offene Schwachstelle aufweist.<\/p>\r\n<h3>Mythos 3: \u201eMacs, USB-Ger\u00e4te und selbst WLANs sind sicher\u201c<\/h3>\r\n<p>Ein \u00e4hnlich veralteter Wissensstand zeigt sich bei der Einsch\u00e4tzung der Ger\u00e4tesicherheit. So glauben nur 36 Prozent der Deutschen, dass Mac-Ger\u00e4te angreifbar sind. Ihre h\u00f6here Sicherheit gegen\u00fcber Windows-Ger\u00e4ten in den 1980er- und 1990er-Jahren lag jedoch daran, dass es sich damals um abgeschlossene Systeme handelte, die nicht mit dem Internet verbunden waren. Bei anderen Ger\u00e4ten sieht es nicht viel besser aus: nur 41 Prozent halten Mobiltelefone f\u00fcr gef\u00e4hrdet, 49 Prozent USB-Ger\u00e4te und je 52 Prozent Collaboration-Plattformen sowie WiFi. Selbst bei PCs und Websites bleiben die Nennungen unter zwei Drittel, obwohl alle diese Systeme in der Praxis f\u00fcr Angriffe genutzt werden.<\/p>\r\n<h3>Mythos 4: \u201eSecurity ist IT-Sache\u201c<\/h3>\r\n<p>Ein Grund f\u00fcr diese Haltung ist mangelndes Verantwortungsbewusstsein: Die meisten Befragten sehen im IT- (39 Prozent) oder Cybersecurity-Team (34 Prozent) die Hauptverantwortlichen f\u00fcr den Schutz des Unternehmens. Nur 10 Prozent sind sich dar\u00fcber im Klaren, dass jeder im Unternehmen gleichermassen f\u00fcr die Sicherheit verantwortlich ist. Schliesslich kann schon ein unvorsichtiger Klick auf einen Link verherenden Schaden f\u00fcr das Unternehmen verursachen. Denn selbst die modernsten Sicherheitssysteme erkennen nicht 100 Prozent aller Gefahren.<\/p>\r\n<h3>Mythos 5: \u201eUnternehmen sollten L\u00f6segeld zahlen\u201c<\/h3>\r\n<p>Nach einem Ransomware-Angriff sehen viele Mitarbeitende das Bezahlen des geforderten L\u00f6segelds als schnellsten Weg zur Wiederherstellung der Daten. 13 Prozent glauben sogar, die Begleichung der Forderung w\u00fcrde auf jeden Fall die Daten wieder unversehrt zur\u00fcckbringen. In Wirklichkeit gibt es jedoch keinerlei Garantie, dass Cyberkriminelle ihr Versprechen halten. Und selbst wenn sie eine Entschl\u00fcsselung anbieten, erhalten die betroffenen Unternehmen oft nicht alle Daten unbesch\u00e4digt wieder zur\u00fcck.<\/p>\r\n<h3>Mythos 6: \u201ePatches reichen aus\u201c<\/h3>\r\n<p>Zeitnahe Updates sind ein wichtiges Instrument, um sich vor Angriffen zu sch\u00fctzen. Doch sie wiegen Mitarbeitende auch in falscher Sicherheit. So glauben 80 Prozent, das eigene Unternehmen h\u00e4tte ausreichende Security-Massnahmen, um gef\u00e4hrliche Cyberangriffe zu verhindern. Doch Patches oder auch bestehende Firewalls und Intrusion-Prevention-L\u00f6sungen reichen nicht aus. Denn sie k\u00f6nnen oft keine Zero-Day-Attacken abwehren, die unbekannte oder k\u00fcrzlich entdeckte Schwachstellen ausnutzen, f\u00fcr die es noch keine Patches oder Virensignaturen gibt. Zudem steigt die Gefahr neuartiger und sich st\u00e4ndig ver\u00e4ndernder Angriffe durch KI-Systeme erheblich. Daher m\u00fcssen auch L\u00f6sungen zur Anomalie-Erkennung, Multifaktor-Authentifizierung und rollenbasierte Zugriffskontrollen zum Einsatz kommen.<\/p>\r\n<h3>Mythos 7: \u201eBackups stellen alle Daten wieder her\u201c<\/h3>\r\n<p>Zu zuversichtlich sind Mitarbeitende in Deutschland beim Thema Recovery. So vertrauen 78 Prozent darauf, dass sich ihr Unternehmen von einem gef\u00e4hrlichen Cyberangriff wieder erholen kann. Backups k\u00f6nnen hier zwar eine wichtige Rolle spielen, aber nur dann, wenn sie nicht ebenfalls angegriffen und ver\u00e4ndert wurden. Cyberkriminelle haben dies erkannt und verschl\u00fcsseln h\u00e4ufig zuerst die Backup-Daten, damit das Opfer sie nicht einfach wieder aufspielen kann. Unternehmen ben\u00f6tigen daher unver\u00e4nderliche Backups, einen sicheren Cyber-Tresor und einen Clean Room, der die wichtigsten Anwendungen, Daten und Systeme zur Wiederherstellung enth\u00e4lt.<\/p>\r\n<p><em>Quelle:<a href=\"http:\/\/www.cohesity.com\/\"> Cohesity<\/a><\/em><\/p>\n<p class=\"syndicated-attribution\">Dieser Beitrag erschien urspr\u00fcnglich auf m-q.ch - <a href=\"https:\/\/www.m-q.ch\/de\/sieben-security-mythen-und-ihre-fatale-wirkung\/\" target=\"_blank\">https:\/\/www.m-q.ch\/de\/sieben-security-mythen-und-ihre-fatale-wirkung\/<\/a><\/p>","protected":false},"excerpt":{"rendered":"<p>Cohesity, ein f\u00fchrender Anbieter von L\u00f6sungen f\u00fcr KI-gest\u00fctzte Datensicherheit, hat in einer Umfrage unter 1000 Mitarbeitenden in Deutschland das Wissen zum Thema IT-Sicherheit untersucht. Dabei wurden einige gef\u00e4hrliche Mythen aufgedeckt, die f\u00fcr Unternehmen schwerwiegende Folgen haben k\u00f6nnen.<\/p>\n","protected":false},"author":8,"featured_media":0,"comment_status":"closed","ping_status":"closed","sticky":false,"template":"","format":"standard","meta":{"_acf_changed":false,"_yoast_wpseo_focuskw":"Security-Mythen","_yoast_wpseo_metadesc":"Eine Befragung in Deutschland hat gef\u00e4hrliche Security-Mythen aufgedeckt, die f\u00fcr Unternehmen schwerwiegende Folgen haben k\u00f6nnen.","articlekey":"","footnotes":""},"categories":[582],"tags":[608,418,459],"class_list":["post-41028","post","type-post","status-publish","format-standard","hentry","category-operational-excellence","tag-cybersicherheit","tag-risikomanagement","tag-studie"],"acf":[],"yoast_head":"<!-- This site is optimized with the Yoast SEO plugin v27.5 - https:\/\/yoast.com\/product\/yoast-seo-wordpress\/ -->\n<title>Sieben Security-Mythen und ihre fatale Wirkung - Organisator<\/title>\n<meta name=\"description\" content=\"Eine Befragung in Deutschland hat gef\u00e4hrliche Security-Mythen aufgedeckt, die f\u00fcr Unternehmen schwerwiegende Folgen haben k\u00f6nnen.\" \/>\n<meta name=\"robots\" content=\"index, follow, max-snippet:-1, max-image-preview:large, max-video-preview:-1\" \/>\n<link rel=\"canonical\" href=\"https:\/\/www.organisator.ch\/de\/operational-excellence\/2025-10-08\/sieben-security-mythen-und-ihre-fatale-wirkung\/\" \/>\n<meta property=\"og:locale\" content=\"de_DE\" \/>\n<meta property=\"og:type\" content=\"article\" \/>\n<meta property=\"og:title\" content=\"Sieben Security-Mythen und ihre fatale Wirkung - Organisator\" \/>\n<meta property=\"og:description\" content=\"Eine Befragung in Deutschland hat gef\u00e4hrliche Security-Mythen aufgedeckt, die f\u00fcr Unternehmen schwerwiegende Folgen haben k\u00f6nnen.\" \/>\n<meta property=\"og:url\" content=\"https:\/\/www.organisator.ch\/de\/operational-excellence\/2025-10-08\/sieben-security-mythen-und-ihre-fatale-wirkung\/\" \/>\n<meta property=\"og:site_name\" content=\"Organisator\" \/>\n<meta property=\"article:publisher\" content=\"https:\/\/www.facebook.com\/OrganisatorFachmagazin\" \/>\n<meta property=\"article:published_time\" content=\"2025-10-08T14:01:20+00:00\" \/>\n<meta property=\"article:modified_time\" content=\"2025-10-20T13:29:02+00:00\" \/>\n<meta name=\"author\" content=\"galledia\" \/>\n<meta name=\"twitter:card\" content=\"summary_large_image\" \/>\n<meta name=\"twitter:creator\" content=\"@admin\" \/>\n<script type=\"application\/ld+json\" class=\"yoast-schema-graph\">{\"@context\":\"https:\\\/\\\/schema.org\",\"@graph\":[{\"@type\":\"Article\",\"@id\":\"https:\\\/\\\/www.organisator.ch\\\/operational-excellence\\\/2025-10-08\\\/sieben-security-mythen-und-ihre-fatale-wirkung\\\/#article\",\"isPartOf\":{\"@id\":\"https:\\\/\\\/www.organisator.ch\\\/operational-excellence\\\/2025-10-08\\\/sieben-security-mythen-und-ihre-fatale-wirkung\\\/\"},\"author\":{\"name\":\"galledia\",\"@id\":\"https:\\\/\\\/www.organisator.ch\\\/#\\\/schema\\\/person\\\/4e51799071cd2dd1232ac003643ef5f0\"},\"headline\":\"Sieben Security-Mythen und ihre fatale Wirkung\",\"datePublished\":\"2025-10-08T14:01:20+00:00\",\"dateModified\":\"2025-10-20T13:29:02+00:00\",\"mainEntityOfPage\":{\"@id\":\"https:\\\/\\\/www.organisator.ch\\\/operational-excellence\\\/2025-10-08\\\/sieben-security-mythen-und-ihre-fatale-wirkung\\\/\"},\"wordCount\":744,\"publisher\":{\"@id\":\"https:\\\/\\\/www.organisator.ch\\\/#organization\"},\"image\":{\"@id\":\"https:\\\/\\\/www.organisator.ch\\\/operational-excellence\\\/2025-10-08\\\/sieben-security-mythen-und-ihre-fatale-wirkung\\\/#primaryimage\"},\"thumbnailUrl\":\"https:\\\/\\\/www.m-q.ch\\\/wp-content\\\/uploads\\\/2025\\\/10\\\/Sieben-Security-Mythen-und-ihre-fatale-Wirkung_MQ.png\",\"keywords\":[\"Cybersicherheit\",\"Risikomanagement\",\"Studie\"],\"articleSection\":[\"OPERATIONAL EXCELLENCE\"],\"inLanguage\":\"de\"},{\"@type\":\"WebPage\",\"@id\":\"https:\\\/\\\/www.organisator.ch\\\/operational-excellence\\\/2025-10-08\\\/sieben-security-mythen-und-ihre-fatale-wirkung\\\/\",\"url\":\"https:\\\/\\\/www.organisator.ch\\\/operational-excellence\\\/2025-10-08\\\/sieben-security-mythen-und-ihre-fatale-wirkung\\\/\",\"name\":\"Sieben Security-Mythen und ihre fatale Wirkung - Organisator\",\"isPartOf\":{\"@id\":\"https:\\\/\\\/www.organisator.ch\\\/#website\"},\"primaryImageOfPage\":{\"@id\":\"https:\\\/\\\/www.organisator.ch\\\/operational-excellence\\\/2025-10-08\\\/sieben-security-mythen-und-ihre-fatale-wirkung\\\/#primaryimage\"},\"image\":{\"@id\":\"https:\\\/\\\/www.organisator.ch\\\/operational-excellence\\\/2025-10-08\\\/sieben-security-mythen-und-ihre-fatale-wirkung\\\/#primaryimage\"},\"thumbnailUrl\":\"https:\\\/\\\/www.m-q.ch\\\/wp-content\\\/uploads\\\/2025\\\/10\\\/Sieben-Security-Mythen-und-ihre-fatale-Wirkung_MQ.png\",\"datePublished\":\"2025-10-08T14:01:20+00:00\",\"dateModified\":\"2025-10-20T13:29:02+00:00\",\"description\":\"Eine Befragung in Deutschland hat gef\u00e4hrliche Security-Mythen aufgedeckt, die f\u00fcr Unternehmen schwerwiegende Folgen haben k\u00f6nnen.\",\"breadcrumb\":{\"@id\":\"https:\\\/\\\/www.organisator.ch\\\/operational-excellence\\\/2025-10-08\\\/sieben-security-mythen-und-ihre-fatale-wirkung\\\/#breadcrumb\"},\"inLanguage\":\"de\",\"potentialAction\":[{\"@type\":\"ReadAction\",\"target\":[\"https:\\\/\\\/www.organisator.ch\\\/operational-excellence\\\/2025-10-08\\\/sieben-security-mythen-und-ihre-fatale-wirkung\\\/\"]}]},{\"@type\":\"ImageObject\",\"inLanguage\":\"de\",\"@id\":\"https:\\\/\\\/www.organisator.ch\\\/operational-excellence\\\/2025-10-08\\\/sieben-security-mythen-und-ihre-fatale-wirkung\\\/#primaryimage\",\"url\":\"https:\\\/\\\/www.m-q.ch\\\/wp-content\\\/uploads\\\/2025\\\/10\\\/Sieben-Security-Mythen-und-ihre-fatale-Wirkung_MQ.png\",\"contentUrl\":\"https:\\\/\\\/www.m-q.ch\\\/wp-content\\\/uploads\\\/2025\\\/10\\\/Sieben-Security-Mythen-und-ihre-fatale-Wirkung_MQ.png\"},{\"@type\":\"BreadcrumbList\",\"@id\":\"https:\\\/\\\/www.organisator.ch\\\/operational-excellence\\\/2025-10-08\\\/sieben-security-mythen-und-ihre-fatale-wirkung\\\/#breadcrumb\",\"itemListElement\":[{\"@type\":\"ListItem\",\"position\":1,\"name\":\"Home\",\"item\":\"https:\\\/\\\/www.organisator.ch\\\/\"},{\"@type\":\"ListItem\",\"position\":2,\"name\":\"Sieben Security-Mythen und ihre fatale Wirkung\"}]},{\"@type\":\"WebSite\",\"@id\":\"https:\\\/\\\/www.organisator.ch\\\/#website\",\"url\":\"https:\\\/\\\/www.organisator.ch\\\/\",\"name\":\"Organisator\",\"description\":\"Kompetent. Praxisnah. Der ORGANISATOR bereitet in 10 Ausgaben pro Jahr die wesentlichen Themen f\u00fcr F\u00fchrungskr\u00e4fte von KMU auf.\",\"publisher\":{\"@id\":\"https:\\\/\\\/www.organisator.ch\\\/#organization\"},\"potentialAction\":[{\"@type\":\"SearchAction\",\"target\":{\"@type\":\"EntryPoint\",\"urlTemplate\":\"https:\\\/\\\/www.organisator.ch\\\/?s={search_term_string}\"},\"query-input\":{\"@type\":\"PropertyValueSpecification\",\"valueRequired\":true,\"valueName\":\"search_term_string\"}}],\"inLanguage\":\"de\"},{\"@type\":\"Organization\",\"@id\":\"https:\\\/\\\/www.organisator.ch\\\/#organization\",\"name\":\"Organisator\",\"url\":\"https:\\\/\\\/www.organisator.ch\\\/\",\"logo\":{\"@type\":\"ImageObject\",\"inLanguage\":\"de\",\"@id\":\"https:\\\/\\\/www.organisator.ch\\\/#\\\/schema\\\/logo\\\/image\\\/\",\"url\":\"https:\\\/\\\/www.organisator.ch\\\/wp-content\\\/uploads\\\/2022\\\/01\\\/Logo_Organisator_Website.png\",\"contentUrl\":\"https:\\\/\\\/www.organisator.ch\\\/wp-content\\\/uploads\\\/2022\\\/01\\\/Logo_Organisator_Website.png\",\"width\":800,\"height\":77,\"caption\":\"Organisator\"},\"image\":{\"@id\":\"https:\\\/\\\/www.organisator.ch\\\/#\\\/schema\\\/logo\\\/image\\\/\"},\"sameAs\":[\"https:\\\/\\\/www.facebook.com\\\/OrganisatorFachmagazin\",\"https:\\\/\\\/www.linkedin.com\\\/showcase\\\/organisator-das-magazin-fr-kmu\",\"https:\\\/\\\/www.xing.com\\\/news\\\/pages\\\/organisator-ch-695\",\"https:\\\/\\\/www.youtube.com\\\/channel\\\/UCGP2Sq0iWaZwT3BdIAQFYpw\"]},{\"@type\":\"Person\",\"@id\":\"https:\\\/\\\/www.organisator.ch\\\/#\\\/schema\\\/person\\\/4e51799071cd2dd1232ac003643ef5f0\",\"name\":\"galledia\",\"image\":{\"@type\":\"ImageObject\",\"inLanguage\":\"de\",\"@id\":\"https:\\\/\\\/secure.gravatar.com\\\/avatar\\\/78a7f90c01fc2bfc875782a0d4922b37cde2cf184ce347b91316d23cd7f69a36?s=96&d=mm&r=g\",\"url\":\"https:\\\/\\\/secure.gravatar.com\\\/avatar\\\/78a7f90c01fc2bfc875782a0d4922b37cde2cf184ce347b91316d23cd7f69a36?s=96&d=mm&r=g\",\"contentUrl\":\"https:\\\/\\\/secure.gravatar.com\\\/avatar\\\/78a7f90c01fc2bfc875782a0d4922b37cde2cf184ce347b91316d23cd7f69a36?s=96&d=mm&r=g\",\"caption\":\"galledia\"},\"sameAs\":[\"https:\\\/\\\/x.com\\\/admin\"],\"url\":\"https:\\\/\\\/www.organisator.ch\\\/de\\\/author\\\/galledia\\\/\"}]}<\/script>\n<!-- \/ Yoast SEO plugin. -->","yoast_head_json":{"title":"Sieben Security-Mythen und ihre fatale Wirkung - Organisator","description":"Eine Befragung in Deutschland hat gef\u00e4hrliche Security-Mythen aufgedeckt, die f\u00fcr Unternehmen schwerwiegende Folgen haben k\u00f6nnen.","robots":{"index":"index","follow":"follow","max-snippet":"max-snippet:-1","max-image-preview":"max-image-preview:large","max-video-preview":"max-video-preview:-1"},"canonical":"https:\/\/www.organisator.ch\/de\/operational-excellence\/2025-10-08\/sieben-security-mythen-und-ihre-fatale-wirkung\/","og_locale":"de_DE","og_type":"article","og_title":"Sieben Security-Mythen und ihre fatale Wirkung - Organisator","og_description":"Eine Befragung in Deutschland hat gef\u00e4hrliche Security-Mythen aufgedeckt, die f\u00fcr Unternehmen schwerwiegende Folgen haben k\u00f6nnen.","og_url":"https:\/\/www.organisator.ch\/de\/operational-excellence\/2025-10-08\/sieben-security-mythen-und-ihre-fatale-wirkung\/","og_site_name":"Organisator","article_publisher":"https:\/\/www.facebook.com\/OrganisatorFachmagazin","article_published_time":"2025-10-08T14:01:20+00:00","article_modified_time":"2025-10-20T13:29:02+00:00","author":"galledia","twitter_card":"summary_large_image","twitter_creator":"@admin","schema":{"@context":"https:\/\/schema.org","@graph":[{"@type":"Article","@id":"https:\/\/www.organisator.ch\/operational-excellence\/2025-10-08\/sieben-security-mythen-und-ihre-fatale-wirkung\/#article","isPartOf":{"@id":"https:\/\/www.organisator.ch\/operational-excellence\/2025-10-08\/sieben-security-mythen-und-ihre-fatale-wirkung\/"},"author":{"name":"galledia","@id":"https:\/\/www.organisator.ch\/#\/schema\/person\/4e51799071cd2dd1232ac003643ef5f0"},"headline":"Sieben Security-Mythen und ihre fatale Wirkung","datePublished":"2025-10-08T14:01:20+00:00","dateModified":"2025-10-20T13:29:02+00:00","mainEntityOfPage":{"@id":"https:\/\/www.organisator.ch\/operational-excellence\/2025-10-08\/sieben-security-mythen-und-ihre-fatale-wirkung\/"},"wordCount":744,"publisher":{"@id":"https:\/\/www.organisator.ch\/#organization"},"image":{"@id":"https:\/\/www.organisator.ch\/operational-excellence\/2025-10-08\/sieben-security-mythen-und-ihre-fatale-wirkung\/#primaryimage"},"thumbnailUrl":"https:\/\/www.m-q.ch\/wp-content\/uploads\/2025\/10\/Sieben-Security-Mythen-und-ihre-fatale-Wirkung_MQ.png","keywords":["Cybersicherheit","Risikomanagement","Studie"],"articleSection":["OPERATIONAL EXCELLENCE"],"inLanguage":"de"},{"@type":"WebPage","@id":"https:\/\/www.organisator.ch\/operational-excellence\/2025-10-08\/sieben-security-mythen-und-ihre-fatale-wirkung\/","url":"https:\/\/www.organisator.ch\/operational-excellence\/2025-10-08\/sieben-security-mythen-und-ihre-fatale-wirkung\/","name":"Sieben Security-Mythen und ihre fatale Wirkung - Organisator","isPartOf":{"@id":"https:\/\/www.organisator.ch\/#website"},"primaryImageOfPage":{"@id":"https:\/\/www.organisator.ch\/operational-excellence\/2025-10-08\/sieben-security-mythen-und-ihre-fatale-wirkung\/#primaryimage"},"image":{"@id":"https:\/\/www.organisator.ch\/operational-excellence\/2025-10-08\/sieben-security-mythen-und-ihre-fatale-wirkung\/#primaryimage"},"thumbnailUrl":"https:\/\/www.m-q.ch\/wp-content\/uploads\/2025\/10\/Sieben-Security-Mythen-und-ihre-fatale-Wirkung_MQ.png","datePublished":"2025-10-08T14:01:20+00:00","dateModified":"2025-10-20T13:29:02+00:00","description":"Eine Befragung in Deutschland hat gef\u00e4hrliche Security-Mythen aufgedeckt, die f\u00fcr Unternehmen schwerwiegende Folgen haben k\u00f6nnen.","breadcrumb":{"@id":"https:\/\/www.organisator.ch\/operational-excellence\/2025-10-08\/sieben-security-mythen-und-ihre-fatale-wirkung\/#breadcrumb"},"inLanguage":"de","potentialAction":[{"@type":"ReadAction","target":["https:\/\/www.organisator.ch\/operational-excellence\/2025-10-08\/sieben-security-mythen-und-ihre-fatale-wirkung\/"]}]},{"@type":"ImageObject","inLanguage":"de","@id":"https:\/\/www.organisator.ch\/operational-excellence\/2025-10-08\/sieben-security-mythen-und-ihre-fatale-wirkung\/#primaryimage","url":"https:\/\/www.m-q.ch\/wp-content\/uploads\/2025\/10\/Sieben-Security-Mythen-und-ihre-fatale-Wirkung_MQ.png","contentUrl":"https:\/\/www.m-q.ch\/wp-content\/uploads\/2025\/10\/Sieben-Security-Mythen-und-ihre-fatale-Wirkung_MQ.png"},{"@type":"BreadcrumbList","@id":"https:\/\/www.organisator.ch\/operational-excellence\/2025-10-08\/sieben-security-mythen-und-ihre-fatale-wirkung\/#breadcrumb","itemListElement":[{"@type":"ListItem","position":1,"name":"Home","item":"https:\/\/www.organisator.ch\/"},{"@type":"ListItem","position":2,"name":"Sieben Security-Mythen und ihre fatale Wirkung"}]},{"@type":"WebSite","@id":"https:\/\/www.organisator.ch\/#website","url":"https:\/\/www.organisator.ch\/","name":"Organisator","description":"Kompetent. Praxisnah. Der ORGANISATOR bereitet in 10 Ausgaben pro Jahr die wesentlichen Themen f\u00fcr F\u00fchrungskr\u00e4fte von KMU auf.","publisher":{"@id":"https:\/\/www.organisator.ch\/#organization"},"potentialAction":[{"@type":"SearchAction","target":{"@type":"EntryPoint","urlTemplate":"https:\/\/www.organisator.ch\/?s={search_term_string}"},"query-input":{"@type":"PropertyValueSpecification","valueRequired":true,"valueName":"search_term_string"}}],"inLanguage":"de"},{"@type":"Organization","@id":"https:\/\/www.organisator.ch\/#organization","name":"Organisator","url":"https:\/\/www.organisator.ch\/","logo":{"@type":"ImageObject","inLanguage":"de","@id":"https:\/\/www.organisator.ch\/#\/schema\/logo\/image\/","url":"https:\/\/www.organisator.ch\/wp-content\/uploads\/2022\/01\/Logo_Organisator_Website.png","contentUrl":"https:\/\/www.organisator.ch\/wp-content\/uploads\/2022\/01\/Logo_Organisator_Website.png","width":800,"height":77,"caption":"Organisator"},"image":{"@id":"https:\/\/www.organisator.ch\/#\/schema\/logo\/image\/"},"sameAs":["https:\/\/www.facebook.com\/OrganisatorFachmagazin","https:\/\/www.linkedin.com\/showcase\/organisator-das-magazin-fr-kmu","https:\/\/www.xing.com\/news\/pages\/organisator-ch-695","https:\/\/www.youtube.com\/channel\/UCGP2Sq0iWaZwT3BdIAQFYpw"]},{"@type":"Person","@id":"https:\/\/www.organisator.ch\/#\/schema\/person\/4e51799071cd2dd1232ac003643ef5f0","name":"galledia","image":{"@type":"ImageObject","inLanguage":"de","@id":"https:\/\/secure.gravatar.com\/avatar\/78a7f90c01fc2bfc875782a0d4922b37cde2cf184ce347b91316d23cd7f69a36?s=96&d=mm&r=g","url":"https:\/\/secure.gravatar.com\/avatar\/78a7f90c01fc2bfc875782a0d4922b37cde2cf184ce347b91316d23cd7f69a36?s=96&d=mm&r=g","contentUrl":"https:\/\/secure.gravatar.com\/avatar\/78a7f90c01fc2bfc875782a0d4922b37cde2cf184ce347b91316d23cd7f69a36?s=96&d=mm&r=g","caption":"galledia"},"sameAs":["https:\/\/x.com\/admin"],"url":"https:\/\/www.organisator.ch\/de\/author\/galledia\/"}]}},"_links":{"self":[{"href":"https:\/\/www.organisator.ch\/de\/wp-json\/wp\/v2\/posts\/41028","targetHints":{"allow":["GET"]}}],"collection":[{"href":"https:\/\/www.organisator.ch\/de\/wp-json\/wp\/v2\/posts"}],"about":[{"href":"https:\/\/www.organisator.ch\/de\/wp-json\/wp\/v2\/types\/post"}],"author":[{"embeddable":true,"href":"https:\/\/www.organisator.ch\/de\/wp-json\/wp\/v2\/users\/8"}],"replies":[{"embeddable":true,"href":"https:\/\/www.organisator.ch\/de\/wp-json\/wp\/v2\/comments?post=41028"}],"version-history":[{"count":4,"href":"https:\/\/www.organisator.ch\/de\/wp-json\/wp\/v2\/posts\/41028\/revisions"}],"predecessor-version":[{"id":41366,"href":"https:\/\/www.organisator.ch\/de\/wp-json\/wp\/v2\/posts\/41028\/revisions\/41366"}],"wp:attachment":[{"href":"https:\/\/www.organisator.ch\/de\/wp-json\/wp\/v2\/media?parent=41028"}],"wp:term":[{"taxonomy":"category","embeddable":true,"href":"https:\/\/www.organisator.ch\/de\/wp-json\/wp\/v2\/categories?post=41028"},{"taxonomy":"post_tag","embeddable":true,"href":"https:\/\/www.organisator.ch\/de\/wp-json\/wp\/v2\/tags?post=41028"}],"curies":[{"name":"wp","href":"https:\/\/api.w.org\/{rel}","templated":true}]}}