{"id":4106,"date":"2018-08-22T10:00:57","date_gmt":"2018-08-22T08:00:57","guid":{"rendered":"https:\/\/www.organisator.ch\/?p=4106"},"modified":"2018-08-22T10:00:57","modified_gmt":"2018-08-22T08:00:57","slug":"wie-halten-sie-es-mit-der-arbeitswelt-4-0-machen-sie-mit-beim-kmu-monitor-2018","status":"publish","type":"post","link":"https:\/\/www.organisator.ch\/de\/allgemein\/2018-08-22\/wie-halten-sie-es-mit-der-arbeitswelt-4-0-machen-sie-mit-beim-kmu-monitor-2018\/","title":{"rendered":"Wie halten Sie es mit der Arbeitswelt 4.0? Machen Sie mit beim KMU-Monitor 2018!"},"content":{"rendered":"<figure id=\"attachment_1739\" aria-describedby=\"caption-attachment-1739\" style=\"width: 680px\" class=\"wp-caption alignnone\"><img loading=\"lazy\" decoding=\"async\" class=\"size-medium wp-image-1739\" src=\"https:\/\/www.organisator.ch\/wp-content\/uploads\/2017\/04\/Mehrheit-erlebt-Veraenderungen-der-Arbeitswelt-durch-die-Digitalisierung-positiv-2_Organisator.jpg\" alt=\"\" width=\"680\" height=\"398\" srcset=\"https:\/\/www.organisator.ch\/wp-content\/uploads\/2017\/04\/Mehrheit-erlebt-Veraenderungen-der-Arbeitswelt-durch-die-Digitalisierung-positiv-2_Organisator.jpg 905w, https:\/\/www.organisator.ch\/wp-content\/uploads\/2017\/04\/Mehrheit-erlebt-Veraenderungen-der-Arbeitswelt-durch-die-Digitalisierung-positiv-2_Organisator-680x398.jpg 680w, https:\/\/www.organisator.ch\/wp-content\/uploads\/2017\/04\/Mehrheit-erlebt-Veraenderungen-der-Arbeitswelt-durch-die-Digitalisierung-positiv-2_Organisator-768x450.jpg 768w, https:\/\/www.organisator.ch\/wp-content\/uploads\/2017\/04\/Mehrheit-erlebt-Veraenderungen-der-Arbeitswelt-durch-die-Digitalisierung-positiv-2_Organisator-16x9.jpg 16w, https:\/\/www.organisator.ch\/wp-content\/uploads\/2017\/04\/Mehrheit-erlebt-Veraenderungen-der-Arbeitswelt-durch-die-Digitalisierung-positiv-2_Organisator-299x175.jpg 299w, https:\/\/www.organisator.ch\/wp-content\/uploads\/2017\/04\/Mehrheit-erlebt-Veraenderungen-der-Arbeitswelt-durch-die-Digitalisierung-positiv-2_Organisator-598x350.jpg 598w, https:\/\/www.organisator.ch\/wp-content\/uploads\/2017\/04\/Mehrheit-erlebt-Veraenderungen-der-Arbeitswelt-durch-die-Digitalisierung-positiv-2_Organisator-300x176.jpg 300w\" sizes=\"auto, (max-width: 680px) 100vw, 680px\" \/><figcaption id=\"caption-attachment-1739\" class=\"wp-caption-text\">Ver\u00e4nderungen der Arbeitswelt durch die Digitalisierung werden mehrheitlich positiv gesehen. Ist dem so? Wir wollen es im KMU-Monitor 2018\u00a0erfahren.\u00a0(Bild: bounlow-pic &#8211; Fotolia.com)<\/figcaption><\/figure>\n<p>Die Schweizer Wirtschaft l\u00e4uft solide &#8211; und mit verantwortlich daf\u00fcr sind unsere KMU. Was diese t\u00e4glich f\u00fcr unsere Volkswirtschaft und die Gesellschaft leisten verdient Respekt.<\/p>\n<p>Einmal j\u00e4hrlich f\u00fchlen wir den Puls bei den KMU in Form einer Online-Umfrage. Neben Fragen zu aktuellen wirtschaftlichen und unternehmerischen Aussichten geht es dieses Jahr auch um das Thema Arbeitswelt 4.0. Bringt die <a href=\"https:\/\/www.organisator.ch\/mehrheit-erlebt-veraenderungen-der-arbeitswelt-durch-die-digitalisierung-positiv\/\">Digitalisierung wirklich Fortschritte<\/a> f\u00fcr die Arbeitsorganisation? Sind <a href=\"https:\/\/www.organisator.ch\/flexible-arbeitsplatzgestaltung-vorgesetzte-sind-noch-zu-wenig-vorbild\/\">flexible Arbeitsformen<\/a> ein Vor- oder ein Nachteil? Und als wie digital aufgestellt sehen Sie Ihr eigenes Unternehmen? Sagen Sie es uns in einer kleinen Umfrage f\u00fcr den KMU-Monitor 2018, einer Sonderpublikation des ORGANISATOR. Die Antworten aus dieser Online-Umfrage sollen einmal mehr\u00a0ein &#8222;Blitzlicht&#8220; auf gegenw\u00e4rtige und kommende Herausforderungen von KMU darstellen.<\/p>\n<p>Nehmen Sie sich also gerne ein paar Minuten Zeit und beantworten unsere Fragen. Verbreiten Sie die Umfrage auch in Ihrem Netzwerk.\u00a0Die Ergebnisse werden in der erw\u00e4hnten Sonderpublikation &#8222;KMU-Monitor&#8220; zusammengetragen. Das Sonderheft erscheint als Beilage zur Oktober-Ausgabe des ORGANISATOR und wird auch am Schweizer KMU-Tag vom 26. Oktober 2018 an die Teilnehmenden verteilt.<\/p>\n<p><a href=\"https:\/\/de.surveymonkey.com\/r\/3LHGCHD\"><em><strong>&gt;&gt;&gt; Hier geht es zur Umfrage.<\/strong><\/em><\/a><\/p>\n<p>Jetzt schon vielen Dank f\u00fcrs Mitmachen.<\/p>\n","protected":false},"excerpt":{"rendered":"<p>Die Schweizer Wirtschaft l\u00e4uft solide &#8211; und mit verantwortlich daf\u00fcr sind unsere KMU. Was diese t\u00e4glich f\u00fcr unsere Volkswirtschaft und die Gesellschaft leisten verdient Respekt. Einmal j\u00e4hrlich f\u00fchlen wir den Puls bei den KMU in Form einer Online-Umfrage. Neben Fragen zu aktuellen wirtschaftlichen und unternehmerischen Aussichten geht es dieses Jahr auch um das Thema Arbeitswelt [&hellip;]<\/p>\n","protected":false},"author":4,"featured_media":1739,"comment_status":"open","ping_status":"open","sticky":false,"template":"","format":"standard","meta":{"_acf_changed":false,"_yoast_wpseo_focuskw":"KMU-Monitor 2018","_yoast_wpseo_metadesc":"Die Erhebung f\u00fcr die j\u00e4hrliche Umfrage f\u00fcr den KMU-Monitor 2018 startet: Machen Sie mit und tragen Sie zu einer Analyse der Stimmung unter Schweizer KMU bei","articlekey":"","footnotes":""},"categories":[1],"tags":[303,305,459,487,492,508],"class_list":["post-4106","post","type-post","status-publish","format-standard","has-post-thumbnail","hentry","category-allgemein","tag-kmu-monitor","tag-kmu-tag","tag-studie","tag-umfrage","tag-unternehmen","tag-vermischtes"],"acf":[],"yoast_head":"<!-- This site is optimized with the Yoast SEO plugin v27.5 - https:\/\/yoast.com\/product\/yoast-seo-wordpress\/ -->\n<title>Wie halten Sie es mit der Arbeitswelt 4.0? Machen Sie mit beim KMU-Monitor 2018! - Organisator<\/title>\n<meta name=\"description\" content=\"Die Erhebung f\u00fcr die j\u00e4hrliche Umfrage f\u00fcr den KMU-Monitor 2018 startet: Machen Sie mit und tragen Sie zu einer Analyse der Stimmung unter Schweizer KMU bei\" \/>\n<meta name=\"robots\" content=\"index, follow, max-snippet:-1, max-image-preview:large, max-video-preview:-1\" \/>\n<link rel=\"canonical\" href=\"https:\/\/www.organisator.ch\/de\/allgemein\/2018-08-22\/wie-halten-sie-es-mit-der-arbeitswelt-4-0-machen-sie-mit-beim-kmu-monitor-2018\/\" \/>\n<meta property=\"og:locale\" content=\"de_DE\" \/>\n<meta property=\"og:type\" content=\"article\" \/>\n<meta property=\"og:title\" content=\"Wie halten Sie es mit der Arbeitswelt 4.0? Machen Sie mit beim KMU-Monitor 2018!\" \/>\n<meta property=\"og:description\" content=\"Die Erhebung f\u00fcr die j\u00e4hrliche Umfrage f\u00fcr den KMU-Monitor 2018 startet: Machen Sie mit und tragen Sie zu einer Analyse der Stimmung unter Schweizer KMU bei.\" \/>\n<meta property=\"og:url\" content=\"https:\/\/www.organisator.ch\/de\/allgemein\/2018-08-22\/wie-halten-sie-es-mit-der-arbeitswelt-4-0-machen-sie-mit-beim-kmu-monitor-2018\/\" \/>\n<meta property=\"og:site_name\" content=\"Organisator\" \/>\n<meta property=\"article:publisher\" content=\"https:\/\/www.facebook.com\/OrganisatorFachmagazin\" \/>\n<meta property=\"article:published_time\" content=\"2018-08-22T08:00:57+00:00\" \/>\n<meta property=\"og:image\" content=\"https:\/\/www.organisator.ch\/wp-content\/uploads\/2017\/04\/Mehrheit-erlebt-Veraenderungen-der-Arbeitswelt-durch-die-Digitalisierung-positiv-2_Organisator.jpg\" \/>\n\t<meta property=\"og:image:width\" content=\"905\" \/>\n\t<meta property=\"og:image:height\" content=\"530\" \/>\n\t<meta property=\"og:image:type\" content=\"image\/jpeg\" \/>\n<meta name=\"author\" content=\"thomas.berner\" \/>\n<meta name=\"twitter:card\" content=\"summary_large_image\" \/>\n<meta name=\"twitter:title\" content=\"Wie halten Sie es mit der Arbeitswelt 4.0? Machen Sie mit beim #KMU-Monitor 2018!\" \/>\n<meta name=\"twitter:description\" content=\"Die Erhebung f\u00fcr die j\u00e4hrliche Umfrage f\u00fcr den #KMU-Monitor 2018 startet: Machen Sie mit und tragen Sie zu einer Analyse der Stimmung unter Schweizer KMU bei.\" \/>\n<meta name=\"twitter:image\" content=\"https:\/\/www.organisator.ch\/wp-content\/uploads\/2017\/04\/Mehrheit-erlebt-Ver\u00e4nderungen-der-Arbeitswelt-durch-die-Digitalisierung-positiv-2_Organisator.jpg\" \/>\n<script type=\"application\/ld+json\" class=\"yoast-schema-graph\">{\"@context\":\"https:\\\/\\\/schema.org\",\"@graph\":[{\"@type\":\"Article\",\"@id\":\"https:\\\/\\\/www.organisator.ch\\\/it\\\/generale\\\/2018-08-22\\\/wie-halten-sie-es-mit-der-arbeitswelt-4-0-machen-sie-mit-beim-kmu-monitor-2018\\\/#article\",\"isPartOf\":{\"@id\":\"https:\\\/\\\/www.organisator.ch\\\/it\\\/generale\\\/2018-08-22\\\/wie-halten-sie-es-mit-der-arbeitswelt-4-0-machen-sie-mit-beim-kmu-monitor-2018\\\/\"},\"author\":{\"name\":\"thomas.berner\",\"@id\":\"https:\\\/\\\/www.organisator.ch\\\/#\\\/schema\\\/person\\\/6f650f90b2842cd4c0cc334b4e36f67e\"},\"headline\":\"Wie halten Sie es mit der Arbeitswelt 4.0? Machen Sie mit beim KMU-Monitor 2018!\",\"datePublished\":\"2018-08-22T08:00:57+00:00\",\"mainEntityOfPage\":{\"@id\":\"https:\\\/\\\/www.organisator.ch\\\/it\\\/generale\\\/2018-08-22\\\/wie-halten-sie-es-mit-der-arbeitswelt-4-0-machen-sie-mit-beim-kmu-monitor-2018\\\/\"},\"wordCount\":234,\"commentCount\":0,\"publisher\":{\"@id\":\"https:\\\/\\\/www.organisator.ch\\\/#organization\"},\"image\":{\"@id\":\"https:\\\/\\\/www.organisator.ch\\\/it\\\/generale\\\/2018-08-22\\\/wie-halten-sie-es-mit-der-arbeitswelt-4-0-machen-sie-mit-beim-kmu-monitor-2018\\\/#primaryimage\"},\"thumbnailUrl\":\"https:\\\/\\\/www.organisator.ch\\\/wp-content\\\/uploads\\\/2017\\\/04\\\/Mehrheit-erlebt-Veraenderungen-der-Arbeitswelt-durch-die-Digitalisierung-positiv-2_Organisator.jpg\",\"keywords\":[\"KMU-Monitor\",\"KMU-Tag\",\"Studie\",\"Umfrage\",\"Unternehmen\",\"Vermischtes\"],\"inLanguage\":\"de\"},{\"@type\":\"WebPage\",\"@id\":\"https:\\\/\\\/www.organisator.ch\\\/it\\\/generale\\\/2018-08-22\\\/wie-halten-sie-es-mit-der-arbeitswelt-4-0-machen-sie-mit-beim-kmu-monitor-2018\\\/\",\"url\":\"https:\\\/\\\/www.organisator.ch\\\/it\\\/generale\\\/2018-08-22\\\/wie-halten-sie-es-mit-der-arbeitswelt-4-0-machen-sie-mit-beim-kmu-monitor-2018\\\/\",\"name\":\"Wie halten Sie es mit der Arbeitswelt 4.0? Machen Sie mit beim KMU-Monitor 2018! - Organisator\",\"isPartOf\":{\"@id\":\"https:\\\/\\\/www.organisator.ch\\\/#website\"},\"primaryImageOfPage\":{\"@id\":\"https:\\\/\\\/www.organisator.ch\\\/it\\\/generale\\\/2018-08-22\\\/wie-halten-sie-es-mit-der-arbeitswelt-4-0-machen-sie-mit-beim-kmu-monitor-2018\\\/#primaryimage\"},\"image\":{\"@id\":\"https:\\\/\\\/www.organisator.ch\\\/it\\\/generale\\\/2018-08-22\\\/wie-halten-sie-es-mit-der-arbeitswelt-4-0-machen-sie-mit-beim-kmu-monitor-2018\\\/#primaryimage\"},\"thumbnailUrl\":\"https:\\\/\\\/www.organisator.ch\\\/wp-content\\\/uploads\\\/2017\\\/04\\\/Mehrheit-erlebt-Veraenderungen-der-Arbeitswelt-durch-die-Digitalisierung-positiv-2_Organisator.jpg\",\"datePublished\":\"2018-08-22T08:00:57+00:00\",\"description\":\"Die Erhebung f\u00fcr die j\u00e4hrliche Umfrage f\u00fcr den KMU-Monitor 2018 startet: Machen Sie mit und tragen Sie zu einer Analyse der Stimmung unter Schweizer KMU bei\",\"breadcrumb\":{\"@id\":\"https:\\\/\\\/www.organisator.ch\\\/it\\\/generale\\\/2018-08-22\\\/wie-halten-sie-es-mit-der-arbeitswelt-4-0-machen-sie-mit-beim-kmu-monitor-2018\\\/#breadcrumb\"},\"inLanguage\":\"de\",\"potentialAction\":[{\"@type\":\"ReadAction\",\"target\":[\"https:\\\/\\\/www.organisator.ch\\\/it\\\/generale\\\/2018-08-22\\\/wie-halten-sie-es-mit-der-arbeitswelt-4-0-machen-sie-mit-beim-kmu-monitor-2018\\\/\"]}]},{\"@type\":\"ImageObject\",\"inLanguage\":\"de\",\"@id\":\"https:\\\/\\\/www.organisator.ch\\\/it\\\/generale\\\/2018-08-22\\\/wie-halten-sie-es-mit-der-arbeitswelt-4-0-machen-sie-mit-beim-kmu-monitor-2018\\\/#primaryimage\",\"url\":\"https:\\\/\\\/www.organisator.ch\\\/wp-content\\\/uploads\\\/2017\\\/04\\\/Mehrheit-erlebt-Veraenderungen-der-Arbeitswelt-durch-die-Digitalisierung-positiv-2_Organisator.jpg\",\"contentUrl\":\"https:\\\/\\\/www.organisator.ch\\\/wp-content\\\/uploads\\\/2017\\\/04\\\/Mehrheit-erlebt-Veraenderungen-der-Arbeitswelt-durch-die-Digitalisierung-positiv-2_Organisator.jpg\",\"width\":905,\"height\":530,\"caption\":\"Ver\u00e4nderungen der Arbeitswelt durch die Digitalisierung werden mehrheitlich positiv gesehen (Bild: bounlow-pic - Fotolia.com)\"},{\"@type\":\"BreadcrumbList\",\"@id\":\"https:\\\/\\\/www.organisator.ch\\\/it\\\/generale\\\/2018-08-22\\\/wie-halten-sie-es-mit-der-arbeitswelt-4-0-machen-sie-mit-beim-kmu-monitor-2018\\\/#breadcrumb\",\"itemListElement\":[{\"@type\":\"ListItem\",\"position\":1,\"name\":\"Home\",\"item\":\"https:\\\/\\\/www.organisator.ch\\\/\"},{\"@type\":\"ListItem\",\"position\":2,\"name\":\"Wie halten Sie es mit der Arbeitswelt 4.0? Machen Sie mit beim KMU-Monitor 2018!\"}]},{\"@type\":\"WebSite\",\"@id\":\"https:\\\/\\\/www.organisator.ch\\\/#website\",\"url\":\"https:\\\/\\\/www.organisator.ch\\\/\",\"name\":\"Organisator\",\"description\":\"Kompetent. Praxisnah. Der ORGANISATOR bereitet in 10 Ausgaben pro Jahr die wesentlichen Themen f\u00fcr F\u00fchrungskr\u00e4fte von KMU auf.\",\"publisher\":{\"@id\":\"https:\\\/\\\/www.organisator.ch\\\/#organization\"},\"potentialAction\":[{\"@type\":\"SearchAction\",\"target\":{\"@type\":\"EntryPoint\",\"urlTemplate\":\"https:\\\/\\\/www.organisator.ch\\\/?s={search_term_string}\"},\"query-input\":{\"@type\":\"PropertyValueSpecification\",\"valueRequired\":true,\"valueName\":\"search_term_string\"}}],\"inLanguage\":\"de\"},{\"@type\":\"Organization\",\"@id\":\"https:\\\/\\\/www.organisator.ch\\\/#organization\",\"name\":\"Organisator\",\"url\":\"https:\\\/\\\/www.organisator.ch\\\/\",\"logo\":{\"@type\":\"ImageObject\",\"inLanguage\":\"de\",\"@id\":\"https:\\\/\\\/www.organisator.ch\\\/#\\\/schema\\\/logo\\\/image\\\/\",\"url\":\"https:\\\/\\\/www.organisator.ch\\\/wp-content\\\/uploads\\\/2022\\\/01\\\/Logo_Organisator_Website.png\",\"contentUrl\":\"https:\\\/\\\/www.organisator.ch\\\/wp-content\\\/uploads\\\/2022\\\/01\\\/Logo_Organisator_Website.png\",\"width\":800,\"height\":77,\"caption\":\"Organisator\"},\"image\":{\"@id\":\"https:\\\/\\\/www.organisator.ch\\\/#\\\/schema\\\/logo\\\/image\\\/\"},\"sameAs\":[\"https:\\\/\\\/www.facebook.com\\\/OrganisatorFachmagazin\",\"https:\\\/\\\/www.linkedin.com\\\/showcase\\\/organisator-das-magazin-fr-kmu\",\"https:\\\/\\\/www.xing.com\\\/news\\\/pages\\\/organisator-ch-695\",\"https:\\\/\\\/www.youtube.com\\\/channel\\\/UCGP2Sq0iWaZwT3BdIAQFYpw\"]},{\"@type\":\"Person\",\"@id\":\"https:\\\/\\\/www.organisator.ch\\\/#\\\/schema\\\/person\\\/6f650f90b2842cd4c0cc334b4e36f67e\",\"name\":\"thomas.berner\",\"image\":{\"@type\":\"ImageObject\",\"inLanguage\":\"de\",\"@id\":\"https:\\\/\\\/secure.gravatar.com\\\/avatar\\\/ac5001d2a36cb6c6cd3e50789007ffca834b477b74a2144564522e944eabff61?s=96&d=mm&r=g\",\"url\":\"https:\\\/\\\/secure.gravatar.com\\\/avatar\\\/ac5001d2a36cb6c6cd3e50789007ffca834b477b74a2144564522e944eabff61?s=96&d=mm&r=g\",\"contentUrl\":\"https:\\\/\\\/secure.gravatar.com\\\/avatar\\\/ac5001d2a36cb6c6cd3e50789007ffca834b477b74a2144564522e944eabff61?s=96&d=mm&r=g\",\"caption\":\"thomas.berner\"},\"url\":\"https:\\\/\\\/www.organisator.ch\\\/de\\\/author\\\/thomas-berner\\\/\"}]}<\/script>\n<!-- \/ Yoast SEO plugin. -->","yoast_head_json":{"title":"Wie halten Sie es mit der Arbeitswelt 4.0? Machen Sie mit beim KMU-Monitor 2018! - Organisator","description":"Die Erhebung f\u00fcr die j\u00e4hrliche Umfrage f\u00fcr den KMU-Monitor 2018 startet: Machen Sie mit und tragen Sie zu einer Analyse der Stimmung unter Schweizer KMU bei","robots":{"index":"index","follow":"follow","max-snippet":"max-snippet:-1","max-image-preview":"max-image-preview:large","max-video-preview":"max-video-preview:-1"},"canonical":"https:\/\/www.organisator.ch\/de\/allgemein\/2018-08-22\/wie-halten-sie-es-mit-der-arbeitswelt-4-0-machen-sie-mit-beim-kmu-monitor-2018\/","og_locale":"de_DE","og_type":"article","og_title":"Wie halten Sie es mit der Arbeitswelt 4.0? Machen Sie mit beim KMU-Monitor 2018!","og_description":"Die Erhebung f\u00fcr die j\u00e4hrliche Umfrage f\u00fcr den KMU-Monitor 2018 startet: Machen Sie mit und tragen Sie zu einer Analyse der Stimmung unter Schweizer KMU bei.","og_url":"https:\/\/www.organisator.ch\/de\/allgemein\/2018-08-22\/wie-halten-sie-es-mit-der-arbeitswelt-4-0-machen-sie-mit-beim-kmu-monitor-2018\/","og_site_name":"Organisator","article_publisher":"https:\/\/www.facebook.com\/OrganisatorFachmagazin","article_published_time":"2018-08-22T08:00:57+00:00","og_image":[{"width":905,"height":530,"url":"https:\/\/www.organisator.ch\/wp-content\/uploads\/2017\/04\/Mehrheit-erlebt-Veraenderungen-der-Arbeitswelt-durch-die-Digitalisierung-positiv-2_Organisator.jpg","type":"image\/jpeg"}],"author":"thomas.berner","twitter_card":"summary_large_image","twitter_title":"Wie halten Sie es mit der Arbeitswelt 4.0? Machen Sie mit beim #KMU-Monitor 2018!","twitter_description":"Die Erhebung f\u00fcr die j\u00e4hrliche Umfrage f\u00fcr den #KMU-Monitor 2018 startet: Machen Sie mit und tragen Sie zu einer Analyse der Stimmung unter Schweizer KMU bei.","twitter_image":"https:\/\/www.organisator.ch\/wp-content\/uploads\/2017\/04\/Mehrheit-erlebt-Ver\u00e4nderungen-der-Arbeitswelt-durch-die-Digitalisierung-positiv-2_Organisator.jpg","schema":{"@context":"https:\/\/schema.org","@graph":[{"@type":"Article","@id":"https:\/\/www.organisator.ch\/it\/generale\/2018-08-22\/wie-halten-sie-es-mit-der-arbeitswelt-4-0-machen-sie-mit-beim-kmu-monitor-2018\/#article","isPartOf":{"@id":"https:\/\/www.organisator.ch\/it\/generale\/2018-08-22\/wie-halten-sie-es-mit-der-arbeitswelt-4-0-machen-sie-mit-beim-kmu-monitor-2018\/"},"author":{"name":"thomas.berner","@id":"https:\/\/www.organisator.ch\/#\/schema\/person\/6f650f90b2842cd4c0cc334b4e36f67e"},"headline":"Wie halten Sie es mit der Arbeitswelt 4.0? Machen Sie mit beim KMU-Monitor 2018!","datePublished":"2018-08-22T08:00:57+00:00","mainEntityOfPage":{"@id":"https:\/\/www.organisator.ch\/it\/generale\/2018-08-22\/wie-halten-sie-es-mit-der-arbeitswelt-4-0-machen-sie-mit-beim-kmu-monitor-2018\/"},"wordCount":234,"commentCount":0,"publisher":{"@id":"https:\/\/www.organisator.ch\/#organization"},"image":{"@id":"https:\/\/www.organisator.ch\/it\/generale\/2018-08-22\/wie-halten-sie-es-mit-der-arbeitswelt-4-0-machen-sie-mit-beim-kmu-monitor-2018\/#primaryimage"},"thumbnailUrl":"https:\/\/www.organisator.ch\/wp-content\/uploads\/2017\/04\/Mehrheit-erlebt-Veraenderungen-der-Arbeitswelt-durch-die-Digitalisierung-positiv-2_Organisator.jpg","keywords":["KMU-Monitor","KMU-Tag","Studie","Umfrage","Unternehmen","Vermischtes"],"inLanguage":"de"},{"@type":"WebPage","@id":"https:\/\/www.organisator.ch\/it\/generale\/2018-08-22\/wie-halten-sie-es-mit-der-arbeitswelt-4-0-machen-sie-mit-beim-kmu-monitor-2018\/","url":"https:\/\/www.organisator.ch\/it\/generale\/2018-08-22\/wie-halten-sie-es-mit-der-arbeitswelt-4-0-machen-sie-mit-beim-kmu-monitor-2018\/","name":"Wie halten Sie es mit der Arbeitswelt 4.0? Machen Sie mit beim KMU-Monitor 2018! - Organisator","isPartOf":{"@id":"https:\/\/www.organisator.ch\/#website"},"primaryImageOfPage":{"@id":"https:\/\/www.organisator.ch\/it\/generale\/2018-08-22\/wie-halten-sie-es-mit-der-arbeitswelt-4-0-machen-sie-mit-beim-kmu-monitor-2018\/#primaryimage"},"image":{"@id":"https:\/\/www.organisator.ch\/it\/generale\/2018-08-22\/wie-halten-sie-es-mit-der-arbeitswelt-4-0-machen-sie-mit-beim-kmu-monitor-2018\/#primaryimage"},"thumbnailUrl":"https:\/\/www.organisator.ch\/wp-content\/uploads\/2017\/04\/Mehrheit-erlebt-Veraenderungen-der-Arbeitswelt-durch-die-Digitalisierung-positiv-2_Organisator.jpg","datePublished":"2018-08-22T08:00:57+00:00","description":"Die Erhebung f\u00fcr die j\u00e4hrliche Umfrage f\u00fcr den KMU-Monitor 2018 startet: Machen Sie mit und tragen Sie zu einer Analyse der Stimmung unter Schweizer KMU bei","breadcrumb":{"@id":"https:\/\/www.organisator.ch\/it\/generale\/2018-08-22\/wie-halten-sie-es-mit-der-arbeitswelt-4-0-machen-sie-mit-beim-kmu-monitor-2018\/#breadcrumb"},"inLanguage":"de","potentialAction":[{"@type":"ReadAction","target":["https:\/\/www.organisator.ch\/it\/generale\/2018-08-22\/wie-halten-sie-es-mit-der-arbeitswelt-4-0-machen-sie-mit-beim-kmu-monitor-2018\/"]}]},{"@type":"ImageObject","inLanguage":"de","@id":"https:\/\/www.organisator.ch\/it\/generale\/2018-08-22\/wie-halten-sie-es-mit-der-arbeitswelt-4-0-machen-sie-mit-beim-kmu-monitor-2018\/#primaryimage","url":"https:\/\/www.organisator.ch\/wp-content\/uploads\/2017\/04\/Mehrheit-erlebt-Veraenderungen-der-Arbeitswelt-durch-die-Digitalisierung-positiv-2_Organisator.jpg","contentUrl":"https:\/\/www.organisator.ch\/wp-content\/uploads\/2017\/04\/Mehrheit-erlebt-Veraenderungen-der-Arbeitswelt-durch-die-Digitalisierung-positiv-2_Organisator.jpg","width":905,"height":530,"caption":"Ver\u00e4nderungen der Arbeitswelt durch die Digitalisierung werden mehrheitlich positiv gesehen (Bild: bounlow-pic - Fotolia.com)"},{"@type":"BreadcrumbList","@id":"https:\/\/www.organisator.ch\/it\/generale\/2018-08-22\/wie-halten-sie-es-mit-der-arbeitswelt-4-0-machen-sie-mit-beim-kmu-monitor-2018\/#breadcrumb","itemListElement":[{"@type":"ListItem","position":1,"name":"Home","item":"https:\/\/www.organisator.ch\/"},{"@type":"ListItem","position":2,"name":"Wie halten Sie es mit der Arbeitswelt 4.0? Machen Sie mit beim KMU-Monitor 2018!"}]},{"@type":"WebSite","@id":"https:\/\/www.organisator.ch\/#website","url":"https:\/\/www.organisator.ch\/","name":"Organisator","description":"Kompetent. Praxisnah. Der ORGANISATOR bereitet in 10 Ausgaben pro Jahr die wesentlichen Themen f\u00fcr F\u00fchrungskr\u00e4fte von KMU auf.","publisher":{"@id":"https:\/\/www.organisator.ch\/#organization"},"potentialAction":[{"@type":"SearchAction","target":{"@type":"EntryPoint","urlTemplate":"https:\/\/www.organisator.ch\/?s={search_term_string}"},"query-input":{"@type":"PropertyValueSpecification","valueRequired":true,"valueName":"search_term_string"}}],"inLanguage":"de"},{"@type":"Organization","@id":"https:\/\/www.organisator.ch\/#organization","name":"Organisator","url":"https:\/\/www.organisator.ch\/","logo":{"@type":"ImageObject","inLanguage":"de","@id":"https:\/\/www.organisator.ch\/#\/schema\/logo\/image\/","url":"https:\/\/www.organisator.ch\/wp-content\/uploads\/2022\/01\/Logo_Organisator_Website.png","contentUrl":"https:\/\/www.organisator.ch\/wp-content\/uploads\/2022\/01\/Logo_Organisator_Website.png","width":800,"height":77,"caption":"Organisator"},"image":{"@id":"https:\/\/www.organisator.ch\/#\/schema\/logo\/image\/"},"sameAs":["https:\/\/www.facebook.com\/OrganisatorFachmagazin","https:\/\/www.linkedin.com\/showcase\/organisator-das-magazin-fr-kmu","https:\/\/www.xing.com\/news\/pages\/organisator-ch-695","https:\/\/www.youtube.com\/channel\/UCGP2Sq0iWaZwT3BdIAQFYpw"]},{"@type":"Person","@id":"https:\/\/www.organisator.ch\/#\/schema\/person\/6f650f90b2842cd4c0cc334b4e36f67e","name":"thomas.berner","image":{"@type":"ImageObject","inLanguage":"de","@id":"https:\/\/secure.gravatar.com\/avatar\/ac5001d2a36cb6c6cd3e50789007ffca834b477b74a2144564522e944eabff61?s=96&d=mm&r=g","url":"https:\/\/secure.gravatar.com\/avatar\/ac5001d2a36cb6c6cd3e50789007ffca834b477b74a2144564522e944eabff61?s=96&d=mm&r=g","contentUrl":"https:\/\/secure.gravatar.com\/avatar\/ac5001d2a36cb6c6cd3e50789007ffca834b477b74a2144564522e944eabff61?s=96&d=mm&r=g","caption":"thomas.berner"},"url":"https:\/\/www.organisator.ch\/de\/author\/thomas-berner\/"}]}},"_links":{"self":[{"href":"https:\/\/www.organisator.ch\/de\/wp-json\/wp\/v2\/posts\/4106","targetHints":{"allow":["GET"]}}],"collection":[{"href":"https:\/\/www.organisator.ch\/de\/wp-json\/wp\/v2\/posts"}],"about":[{"href":"https:\/\/www.organisator.ch\/de\/wp-json\/wp\/v2\/types\/post"}],"author":[{"embeddable":true,"href":"https:\/\/www.organisator.ch\/de\/wp-json\/wp\/v2\/users\/4"}],"replies":[{"embeddable":true,"href":"https:\/\/www.organisator.ch\/de\/wp-json\/wp\/v2\/comments?post=4106"}],"version-history":[{"count":0,"href":"https:\/\/www.organisator.ch\/de\/wp-json\/wp\/v2\/posts\/4106\/revisions"}],"wp:featuredmedia":[{"embeddable":true,"href":"https:\/\/www.organisator.ch\/de\/wp-json\/wp\/v2\/media\/1739"}],"wp:attachment":[{"href":"https:\/\/www.organisator.ch\/de\/wp-json\/wp\/v2\/media?parent=4106"}],"wp:term":[{"taxonomy":"category","embeddable":true,"href":"https:\/\/www.organisator.ch\/de\/wp-json\/wp\/v2\/categories?post=4106"},{"taxonomy":"post_tag","embeddable":true,"href":"https:\/\/www.organisator.ch\/de\/wp-json\/wp\/v2\/tags?post=4106"}],"curies":[{"name":"wp","href":"https:\/\/api.w.org\/{rel}","templated":true}]}}