{"id":41172,"date":"2025-10-20T08:58:48","date_gmt":"2025-10-20T06:58:48","guid":{"rendered":"https:\/\/www.organisator.ch\/?p=41172"},"modified":"2025-10-27T10:07:50","modified_gmt":"2025-10-27T09:07:50","slug":"unternehmertum-fleiss-hat-seinen-preis","status":"publish","type":"post","link":"https:\/\/www.organisator.ch\/de\/management\/2025-10-20\/unternehmertum-fleiss-hat-seinen-preis\/","title":{"rendered":"Unternehmertum: Fleiss hat seinen Preis!"},"content":{"rendered":"<figure id=\"attachment_41173\" aria-describedby=\"caption-attachment-41173\" style=\"width: 680px\" class=\"wp-caption alignnone\"><img loading=\"lazy\" decoding=\"async\" class=\"size-full wp-image-41173\" src=\"https:\/\/www.organisator.ch\/wp-content\/uploads\/2025\/10\/Unternehmertum-Fleiss-hat-seinen-Preis-1_Organisator.jpg\" alt=\"\" width=\"680\" height=\"453\" srcset=\"https:\/\/www.organisator.ch\/wp-content\/uploads\/2025\/10\/Unternehmertum-Fleiss-hat-seinen-Preis-1_Organisator.jpg 680w, https:\/\/www.organisator.ch\/wp-content\/uploads\/2025\/10\/Unternehmertum-Fleiss-hat-seinen-Preis-1_Organisator-18x12.jpg 18w, https:\/\/www.organisator.ch\/wp-content\/uploads\/2025\/10\/Unternehmertum-Fleiss-hat-seinen-Preis-1_Organisator-375x250.jpg 375w, https:\/\/www.organisator.ch\/wp-content\/uploads\/2025\/10\/Unternehmertum-Fleiss-hat-seinen-Preis-1_Organisator-525x350.jpg 525w\" sizes=\"auto, (max-width: 680px) 100vw, 680px\" \/><figcaption id=\"caption-attachment-41173\" class=\"wp-caption-text\">Podium mit Michael Sokoll, Dr. Giorgio Behr und Thomas Morf. (Bild: KMU SWISS)<\/figcaption><\/figure>\n<p>In einer Zeit, in der die Schweizer Wirtschaft vor vielf\u00e4ltigen Herausforderungen steht \u2013 von der digitalen Transformation \u00fcber gesellschaftlichen Wandel bis hin zur wachsenden Bedeutung von Nachhaltigkeit \u2013 vermochte das Symposium den rund 300 Teilnehmenden wertvolle Impulse zu vermitteln. Das zentrale Thema \u00abFleiss\u00bb wurde als wesentliche Triebfeder f\u00fcr unternehmerischen Erfolg beleuchtet, dabei aber auch die daraus resultierenden Opfer und der verantwortungsvolle Umgang damit offen thematisiert.<\/p>\n<h3><strong>Hochkar\u00e4tige Referentinnen und Referenten mit praxisnahen Einblicken<\/strong><\/h3>\n<p>Das Programm begann mit einer inspirierenden Er\u00f6ffnungsrede von Judith Wernli, renommierte Journalistin und Radio-Moderatorin, die eindr\u00fccklich die Bedeutung von Community und Zusammenhalt in einer zunehmend vernetzten Wirtschaftswelt hervorhob. Sie betonte, dass neben individuellen Anstrengungen auch kollektive Unterst\u00fctzung und starke Netzwerke entscheidend f\u00fcr unternehmerischen Erfolg sind.<\/p>\n<p>Fabia L\u00f6w, Unternehmerin mit grosser Leidenschaft, nahm die Teilnehmenden mit auf eine Reise durch ihren Werdegang und beleuchtete den Zusammenhang von Fleiss, Ausdauer und Innovationsgeist. Sie unterstrich, dass nachhaltiger Erfolg im KMU-Bereich nicht allein durch harte Arbeit erreicht wird, sondern auch durch die Bereitschaft, kontinuierlich Neues zu lernen und sich an wandelnde Rahmenbedingungen anzupassen.<\/p>\n<p>Mit einem fundierten Erfahrungsbericht aus dem industriellen Umfeld beeindruckte Hansj\u00fcrg Emch, erfolgreicher Unternehmer und Investor. Er legte dar, wie langsames, nachhaltiges Wachstum und langfristige Planung eine langfristige Stabilit\u00e4t schaffen \u2013 ein oft untersch\u00e4tzter, aber wichtiger Gegentrend zur verbreiteten Wachstumsfixierung. Im Anschluss betrat Willi Helbling von der Stiftung BPN die B\u00fchne f\u00fcr ein erg\u00e4nzendes Interview mit Hansj\u00fcrg Emch. Gemeinsam diskutierten sie dabei das Thema soziales Engagement als verantwortungsvolle Dimension des Unternehmertums. Emch zeigte auf, wie und warum soziale Verantwortung unmittelbar mit nachhaltigem Unternehmenserfolg verkn\u00fcpft ist und wie Unternehmer sich gezielt gesellschaftlich einbringen k\u00f6nnen, ohne die betriebswirtschaftlichen Ziele aus den Augen zu verlieren.<\/p>\n<figure id=\"attachment_41174\" aria-describedby=\"caption-attachment-41174\" style=\"width: 680px\" class=\"wp-caption alignnone\"><img loading=\"lazy\" decoding=\"async\" class=\"size-full wp-image-41174\" src=\"https:\/\/www.organisator.ch\/wp-content\/uploads\/2025\/10\/Unternehmertum-Fleiss-hat-seinen-Preis-2_Organisator.jpg\" alt=\"\" width=\"680\" height=\"453\" srcset=\"https:\/\/www.organisator.ch\/wp-content\/uploads\/2025\/10\/Unternehmertum-Fleiss-hat-seinen-Preis-2_Organisator.jpg 680w, https:\/\/www.organisator.ch\/wp-content\/uploads\/2025\/10\/Unternehmertum-Fleiss-hat-seinen-Preis-2_Organisator-18x12.jpg 18w, https:\/\/www.organisator.ch\/wp-content\/uploads\/2025\/10\/Unternehmertum-Fleiss-hat-seinen-Preis-2_Organisator-375x250.jpg 375w, https:\/\/www.organisator.ch\/wp-content\/uploads\/2025\/10\/Unternehmertum-Fleiss-hat-seinen-Preis-2_Organisator-525x350.jpg 525w\" sizes=\"auto, (max-width: 680px) 100vw, 680px\" \/><figcaption id=\"caption-attachment-41174\" class=\"wp-caption-text\">Fabia L\u00f6w sprach \u00fcber ihren unternehmerischen Werdegang. (Bild: KMU SWISS)<\/figcaption><\/figure>\n<h3>Unternehmergenerationen im Dialog<\/h3>\n<p>Ein besonderer H\u00f6hepunkt war das gemeinsame Interview von Dr. Giorgio Behr, erfahrener Unternehmer und Investor, mit dem Jungunternehmer Tom Morf, einer F\u00fchrungspers\u00f6nlichkeit in der Uhrenindustrie. In einem lebhaften Dialog reflektierten sie \u00fcber die pers\u00f6nlichen Konsequenzen des Unternehmertums, \u00fcber Verantwortung und die paradoxe Tatsache, dass der Prophet im eigenen Land oft verkannt wird. Dieses Gespr\u00e4ch zeigte eindrucksvoll die Generationen- und Branchendiversit\u00e4t und bot den Teilnehmenden wertvolle Perspektiven auf unterschiedliche Wege zum unternehmerischen Erfolg.<\/p>\n<p>Die Gesamtmoderation des Symposiums lag erneut in den H\u00e4nden von Michael Sokoll, dessen journalistische Erfahrung und kommunikatives Talent den roten Faden durch den Tag gew\u00e4hrleisteten. Er sorgte daf\u00fcr, dass die verschiedenen Themen und Stimmen bestens miteinander verbunden wurden und die Diskussionsrunden anregend und fokussiert blieben.<\/p>\n<h3><strong>Digitalisierung als Chance f\u00fcr KMU \u2013 Praxiseinblicke<\/strong><\/h3>\n<p>Als Prolog im Vorfeld zum Symposium pr\u00e4sentierte die ePost innovative L\u00f6sungen zur Digitalisierung von Posteingang, Rechnungen und Dokumenten. Gerade f\u00fcr KMU er\u00f6ffnet die Digitalisierung hier erhebliche Effizienz- und Nachhaltigkeitspotenziale. Durch die digitale Bearbeitung werden nicht nur Zeit und Kosten eingespart, sondern auch Ressourcen geschont \u2013 schwarze Zahlen f\u00fcr effizientes Management und Umweltschutz zugleich. Dieses Praxisbeispiel gab den Teilnehmenden konkrete Werkzeuge an die Hand, um den digitalen Wandel im eigenen Betrieb erfolgreich zu gestalten.<\/p>\n<h3><strong>Austausch und Networking \u2013 Herzst\u00fcck des Symposiums<\/strong><\/h3>\n<p>Nicht zuletzt lebt das KMU SWISS Symposium vom pers\u00f6nlichen Austausch zwischen Unternehmerinnen und Unternehmern, F\u00fchrungspers\u00f6nlichkeiten sowie Vertreterinnen und Vertreter aus Politik, Wirtschaft und Gesellschaft. Ausreichend Pausen und ein grossz\u00fcgig gestalteter Networking-Ap\u00e9ro nach dem offiziellen Programm boten den G\u00e4sten beste Gelegenheiten, neue Kontakte zu kn\u00fcpfen, Synergien zu entdecken und Gespr\u00e4che zu vertiefen. Vielfach wurden erste Ideen f\u00fcr Kooperationen und Projektzusammenarbeiten angestossen, die weit \u00fcber den Veranstaltungstag hinaus Wirkung zeigen werden.<\/p>\n<p>Gerade in einem wirtschaftlichen Umfeld, das gepr\u00e4gt ist von Unsicherheiten, raschem Wandel und hohen Anforderungen, zeigt sich der Wert einer solch engmaschigen Vernetzung der KMU-Community. KMU SWISS schafft mit ihrem Symposium einen ermutigenden Raum, Verantwortung zu \u00fcbernehmen, gemeinsam Perspektiven zu entwickeln und die Kr\u00e4fte f\u00fcr eine nachhaltige Zukunft zu b\u00fcndeln &#8211; und dies in einem famili\u00e4ren Ambiente seit dem Jahr 2003.<\/p>\n<h3><strong>Zufriedene Bilanz der Organisatoren<\/strong><\/h3>\n<p>Die Organisatoren des KMU SWISS Symposiums blicken auf einen erfolgreichen und intensiven Veranstaltungstag zur\u00fcck. Dankbar wird das Engagement der Referentinnen und Referenten, aller Teilnehmenden und Partner gew\u00fcrdigt, die mit ihrer Pr\u00e4senz und ihrem aktiven Mitgestalten zum Gelingen beigetragen haben. Das Symposium wurde seinem Ruf als wichtige Plattform f\u00fcr Inspiration, Erfahrungsaustausch und unternehmerische Weiterentwicklung in der Schweizer KMU-Landschaft voll gerecht.<\/p>\n<p>Mit grosser Vorfreude werden bereits die n\u00e4chsten Ausgaben Symposium Baden (19.03.2026 \u2013 \u00abIndustrielle Revolution 2026\u00bb) und Brugg (15.10.2026 \u2013 \u00abThink great again!\u00bb) geplant. Es d\u00fcrfen wiederum namhafte Referentinnen und Referenten erwartet werden.<\/p>\n<p><a href=\"http:\/\/www.kmuswiss.ch\"><em>www.kmuswiss.ch<\/em><\/a><\/p>\n","protected":false},"excerpt":{"rendered":"<p>Das KMU Swiss Symposium vom 16. Oktober 2025 in Brugg stand unter dem pr\u00e4gnanten Motto \u00abUnternehmertum\u00a0\u2013 Fleiss hat seinen Preis!\u00bb und bot ein vielf\u00e4ltiges Programm mit hochkar\u00e4tigen Referaten, spannenden Podiumsdiskussionen sowie zahlreichen Gelegenheiten zum pers\u00f6nlichen Austausch und Networking.<\/p>\n","protected":false},"author":4,"featured_media":41173,"comment_status":"closed","ping_status":"closed","sticky":false,"template":"","format":"standard","meta":{"_acf_changed":false,"_yoast_wpseo_focuskw":"Unternehmertum","_yoast_wpseo_metadesc":"Das KMU Swiss Symposium vom 16. Oktober 2025 stand unter dem Motto \u00abUnternehmertum\u00a0\u2013 Fleiss hat seinen Preis!\u00bb.","articlekey":"","footnotes":""},"categories":[28],"tags":[193,4467,335,501],"class_list":["post-41172","post","type-post","status-publish","format-standard","has-post-thumbnail","hentry","category-management","tag-fachkongressfachmesse","tag-kmu-swiss-symposium","tag-management-und-unternehmensfuehrung","tag-unternehmertum"],"acf":[],"yoast_head":"<!-- This site is optimized with the Yoast SEO plugin v27.5 - https:\/\/yoast.com\/product\/yoast-seo-wordpress\/ -->\n<title>Unternehmertum: Fleiss hat seinen Preis! - Organisator<\/title>\n<meta name=\"description\" content=\"Das KMU Swiss Symposium vom 16. Oktober 2025 stand unter dem Motto \u00abUnternehmertum\u00a0\u2013 Fleiss hat seinen Preis!\u00bb.\" \/>\n<meta name=\"robots\" content=\"index, follow, max-snippet:-1, max-image-preview:large, max-video-preview:-1\" \/>\n<link rel=\"canonical\" href=\"https:\/\/www.organisator.ch\/de\/management\/2025-10-20\/unternehmertum-fleiss-hat-seinen-preis\/\" \/>\n<meta property=\"og:locale\" content=\"de_DE\" \/>\n<meta property=\"og:type\" content=\"article\" \/>\n<meta property=\"og:title\" content=\"Unternehmertum: Fleiss hat seinen Preis!\" \/>\n<meta property=\"og:description\" content=\"Das KMU Swiss Symposium vom 16. Oktober 2025 stand unter dem Motto \u00abUnternehmertum\u00a0\u2013 Fleiss hat seinen Preis!\u00bb.\" \/>\n<meta property=\"og:url\" content=\"https:\/\/www.organisator.ch\/de\/management\/2025-10-20\/unternehmertum-fleiss-hat-seinen-preis\/\" \/>\n<meta property=\"og:site_name\" content=\"Organisator\" \/>\n<meta property=\"article:publisher\" content=\"https:\/\/www.facebook.com\/OrganisatorFachmagazin\" \/>\n<meta property=\"article:published_time\" content=\"2025-10-20T06:58:48+00:00\" \/>\n<meta property=\"article:modified_time\" content=\"2025-10-27T09:07:50+00:00\" \/>\n<meta property=\"og:image\" content=\"https:\/\/www.organisator.ch\/wp-content\/uploads\/2025\/10\/Unternehmertum-Fleiss-hat-seinen-Preis-1_Organisator.jpg\" \/>\n\t<meta property=\"og:image:width\" content=\"680\" \/>\n\t<meta property=\"og:image:height\" content=\"453\" \/>\n\t<meta property=\"og:image:type\" content=\"image\/jpeg\" \/>\n<meta name=\"author\" content=\"thomas.berner\" \/>\n<meta name=\"twitter:card\" content=\"summary_large_image\" \/>\n<meta name=\"twitter:title\" content=\"#Unternehmertum: #Fleiss hat seinen Preis!\" \/>\n<meta name=\"twitter:description\" content=\"Das KMU Swiss #Symposium vom 16. Oktober 2025 stand unter dem Motto \u00ab#Unternehmertum\u00a0\u2013 Fleiss hat seinen Preis!\u00bb.\" \/>\n<meta name=\"twitter:image\" content=\"https:\/\/www.organisator.ch\/wp-content\/uploads\/2025\/10\/Unternehmertum-Fleiss-hat-seinen-Preis-1_Organisator.jpg\" \/>\n<script type=\"application\/ld+json\" class=\"yoast-schema-graph\">{\"@context\":\"https:\\\/\\\/schema.org\",\"@graph\":[{\"@type\":\"Article\",\"@id\":\"https:\\\/\\\/www.organisator.ch\\\/management\\\/2025-10-20\\\/unternehmertum-fleiss-hat-seinen-preis\\\/#article\",\"isPartOf\":{\"@id\":\"https:\\\/\\\/www.organisator.ch\\\/management\\\/2025-10-20\\\/unternehmertum-fleiss-hat-seinen-preis\\\/\"},\"author\":{\"name\":\"thomas.berner\",\"@id\":\"https:\\\/\\\/www.organisator.ch\\\/#\\\/schema\\\/person\\\/6f650f90b2842cd4c0cc334b4e36f67e\"},\"headline\":\"Unternehmertum: Fleiss hat seinen Preis!\",\"datePublished\":\"2025-10-20T06:58:48+00:00\",\"dateModified\":\"2025-10-27T09:07:50+00:00\",\"mainEntityOfPage\":{\"@id\":\"https:\\\/\\\/www.organisator.ch\\\/management\\\/2025-10-20\\\/unternehmertum-fleiss-hat-seinen-preis\\\/\"},\"wordCount\":790,\"publisher\":{\"@id\":\"https:\\\/\\\/www.organisator.ch\\\/#organization\"},\"image\":{\"@id\":\"https:\\\/\\\/www.organisator.ch\\\/management\\\/2025-10-20\\\/unternehmertum-fleiss-hat-seinen-preis\\\/#primaryimage\"},\"thumbnailUrl\":\"https:\\\/\\\/www.organisator.ch\\\/wp-content\\\/uploads\\\/2025\\\/10\\\/Unternehmertum-Fleiss-hat-seinen-Preis-1_Organisator.jpg\",\"keywords\":[\"Fachkongress\\\/Fachmesse\",\"KMU Swiss Symposium\",\"Management und Unternehmensf\u00fchrung\",\"Unternehmertum\"],\"articleSection\":[\"MANAGEMENT\"],\"inLanguage\":\"de\"},{\"@type\":\"WebPage\",\"@id\":\"https:\\\/\\\/www.organisator.ch\\\/management\\\/2025-10-20\\\/unternehmertum-fleiss-hat-seinen-preis\\\/\",\"url\":\"https:\\\/\\\/www.organisator.ch\\\/management\\\/2025-10-20\\\/unternehmertum-fleiss-hat-seinen-preis\\\/\",\"name\":\"Unternehmertum: Fleiss hat seinen Preis! - Organisator\",\"isPartOf\":{\"@id\":\"https:\\\/\\\/www.organisator.ch\\\/#website\"},\"primaryImageOfPage\":{\"@id\":\"https:\\\/\\\/www.organisator.ch\\\/management\\\/2025-10-20\\\/unternehmertum-fleiss-hat-seinen-preis\\\/#primaryimage\"},\"image\":{\"@id\":\"https:\\\/\\\/www.organisator.ch\\\/management\\\/2025-10-20\\\/unternehmertum-fleiss-hat-seinen-preis\\\/#primaryimage\"},\"thumbnailUrl\":\"https:\\\/\\\/www.organisator.ch\\\/wp-content\\\/uploads\\\/2025\\\/10\\\/Unternehmertum-Fleiss-hat-seinen-Preis-1_Organisator.jpg\",\"datePublished\":\"2025-10-20T06:58:48+00:00\",\"dateModified\":\"2025-10-27T09:07:50+00:00\",\"description\":\"Das KMU Swiss Symposium vom 16. Oktober 2025 stand unter dem Motto \u00abUnternehmertum\u00a0\u2013 Fleiss hat seinen Preis!\u00bb.\",\"breadcrumb\":{\"@id\":\"https:\\\/\\\/www.organisator.ch\\\/management\\\/2025-10-20\\\/unternehmertum-fleiss-hat-seinen-preis\\\/#breadcrumb\"},\"inLanguage\":\"de\",\"potentialAction\":[{\"@type\":\"ReadAction\",\"target\":[\"https:\\\/\\\/www.organisator.ch\\\/management\\\/2025-10-20\\\/unternehmertum-fleiss-hat-seinen-preis\\\/\"]}]},{\"@type\":\"ImageObject\",\"inLanguage\":\"de\",\"@id\":\"https:\\\/\\\/www.organisator.ch\\\/management\\\/2025-10-20\\\/unternehmertum-fleiss-hat-seinen-preis\\\/#primaryimage\",\"url\":\"https:\\\/\\\/www.organisator.ch\\\/wp-content\\\/uploads\\\/2025\\\/10\\\/Unternehmertum-Fleiss-hat-seinen-Preis-1_Organisator.jpg\",\"contentUrl\":\"https:\\\/\\\/www.organisator.ch\\\/wp-content\\\/uploads\\\/2025\\\/10\\\/Unternehmertum-Fleiss-hat-seinen-Preis-1_Organisator.jpg\",\"width\":680,\"height\":453,\"caption\":\"Podium mit Michael Sokoll, Dr. Giorgio Behr und Thomas Morf. (Bild: KMU SWISS)\"},{\"@type\":\"BreadcrumbList\",\"@id\":\"https:\\\/\\\/www.organisator.ch\\\/management\\\/2025-10-20\\\/unternehmertum-fleiss-hat-seinen-preis\\\/#breadcrumb\",\"itemListElement\":[{\"@type\":\"ListItem\",\"position\":1,\"name\":\"Home\",\"item\":\"https:\\\/\\\/www.organisator.ch\\\/\"},{\"@type\":\"ListItem\",\"position\":2,\"name\":\"Unternehmertum: Fleiss hat seinen Preis!\"}]},{\"@type\":\"WebSite\",\"@id\":\"https:\\\/\\\/www.organisator.ch\\\/#website\",\"url\":\"https:\\\/\\\/www.organisator.ch\\\/\",\"name\":\"Organisator\",\"description\":\"Kompetent. Praxisnah. Der ORGANISATOR bereitet in 10 Ausgaben pro Jahr die wesentlichen Themen f\u00fcr F\u00fchrungskr\u00e4fte von KMU auf.\",\"publisher\":{\"@id\":\"https:\\\/\\\/www.organisator.ch\\\/#organization\"},\"potentialAction\":[{\"@type\":\"SearchAction\",\"target\":{\"@type\":\"EntryPoint\",\"urlTemplate\":\"https:\\\/\\\/www.organisator.ch\\\/?s={search_term_string}\"},\"query-input\":{\"@type\":\"PropertyValueSpecification\",\"valueRequired\":true,\"valueName\":\"search_term_string\"}}],\"inLanguage\":\"de\"},{\"@type\":\"Organization\",\"@id\":\"https:\\\/\\\/www.organisator.ch\\\/#organization\",\"name\":\"Organisator\",\"url\":\"https:\\\/\\\/www.organisator.ch\\\/\",\"logo\":{\"@type\":\"ImageObject\",\"inLanguage\":\"de\",\"@id\":\"https:\\\/\\\/www.organisator.ch\\\/#\\\/schema\\\/logo\\\/image\\\/\",\"url\":\"https:\\\/\\\/www.organisator.ch\\\/wp-content\\\/uploads\\\/2022\\\/01\\\/Logo_Organisator_Website.png\",\"contentUrl\":\"https:\\\/\\\/www.organisator.ch\\\/wp-content\\\/uploads\\\/2022\\\/01\\\/Logo_Organisator_Website.png\",\"width\":800,\"height\":77,\"caption\":\"Organisator\"},\"image\":{\"@id\":\"https:\\\/\\\/www.organisator.ch\\\/#\\\/schema\\\/logo\\\/image\\\/\"},\"sameAs\":[\"https:\\\/\\\/www.facebook.com\\\/OrganisatorFachmagazin\",\"https:\\\/\\\/www.linkedin.com\\\/showcase\\\/organisator-das-magazin-fr-kmu\",\"https:\\\/\\\/www.xing.com\\\/news\\\/pages\\\/organisator-ch-695\",\"https:\\\/\\\/www.youtube.com\\\/channel\\\/UCGP2Sq0iWaZwT3BdIAQFYpw\"]},{\"@type\":\"Person\",\"@id\":\"https:\\\/\\\/www.organisator.ch\\\/#\\\/schema\\\/person\\\/6f650f90b2842cd4c0cc334b4e36f67e\",\"name\":\"thomas.berner\",\"image\":{\"@type\":\"ImageObject\",\"inLanguage\":\"de\",\"@id\":\"https:\\\/\\\/secure.gravatar.com\\\/avatar\\\/ac5001d2a36cb6c6cd3e50789007ffca834b477b74a2144564522e944eabff61?s=96&d=mm&r=g\",\"url\":\"https:\\\/\\\/secure.gravatar.com\\\/avatar\\\/ac5001d2a36cb6c6cd3e50789007ffca834b477b74a2144564522e944eabff61?s=96&d=mm&r=g\",\"contentUrl\":\"https:\\\/\\\/secure.gravatar.com\\\/avatar\\\/ac5001d2a36cb6c6cd3e50789007ffca834b477b74a2144564522e944eabff61?s=96&d=mm&r=g\",\"caption\":\"thomas.berner\"},\"url\":\"https:\\\/\\\/www.organisator.ch\\\/de\\\/author\\\/thomas-berner\\\/\"}]}<\/script>\n<!-- \/ Yoast SEO plugin. -->","yoast_head_json":{"title":"Unternehmertum: Fleiss hat seinen Preis! - Organisator","description":"Das KMU Swiss Symposium vom 16. Oktober 2025 stand unter dem Motto \u00abUnternehmertum\u00a0\u2013 Fleiss hat seinen Preis!\u00bb.","robots":{"index":"index","follow":"follow","max-snippet":"max-snippet:-1","max-image-preview":"max-image-preview:large","max-video-preview":"max-video-preview:-1"},"canonical":"https:\/\/www.organisator.ch\/de\/management\/2025-10-20\/unternehmertum-fleiss-hat-seinen-preis\/","og_locale":"de_DE","og_type":"article","og_title":"Unternehmertum: Fleiss hat seinen Preis!","og_description":"Das KMU Swiss Symposium vom 16. Oktober 2025 stand unter dem Motto \u00abUnternehmertum\u00a0\u2013 Fleiss hat seinen Preis!\u00bb.","og_url":"https:\/\/www.organisator.ch\/de\/management\/2025-10-20\/unternehmertum-fleiss-hat-seinen-preis\/","og_site_name":"Organisator","article_publisher":"https:\/\/www.facebook.com\/OrganisatorFachmagazin","article_published_time":"2025-10-20T06:58:48+00:00","article_modified_time":"2025-10-27T09:07:50+00:00","og_image":[{"width":680,"height":453,"url":"https:\/\/www.organisator.ch\/wp-content\/uploads\/2025\/10\/Unternehmertum-Fleiss-hat-seinen-Preis-1_Organisator.jpg","type":"image\/jpeg"}],"author":"thomas.berner","twitter_card":"summary_large_image","twitter_title":"#Unternehmertum: #Fleiss hat seinen Preis!","twitter_description":"Das KMU Swiss #Symposium vom 16. Oktober 2025 stand unter dem Motto \u00ab#Unternehmertum\u00a0\u2013 Fleiss hat seinen Preis!\u00bb.","twitter_image":"https:\/\/www.organisator.ch\/wp-content\/uploads\/2025\/10\/Unternehmertum-Fleiss-hat-seinen-Preis-1_Organisator.jpg","schema":{"@context":"https:\/\/schema.org","@graph":[{"@type":"Article","@id":"https:\/\/www.organisator.ch\/management\/2025-10-20\/unternehmertum-fleiss-hat-seinen-preis\/#article","isPartOf":{"@id":"https:\/\/www.organisator.ch\/management\/2025-10-20\/unternehmertum-fleiss-hat-seinen-preis\/"},"author":{"name":"thomas.berner","@id":"https:\/\/www.organisator.ch\/#\/schema\/person\/6f650f90b2842cd4c0cc334b4e36f67e"},"headline":"Unternehmertum: Fleiss hat seinen Preis!","datePublished":"2025-10-20T06:58:48+00:00","dateModified":"2025-10-27T09:07:50+00:00","mainEntityOfPage":{"@id":"https:\/\/www.organisator.ch\/management\/2025-10-20\/unternehmertum-fleiss-hat-seinen-preis\/"},"wordCount":790,"publisher":{"@id":"https:\/\/www.organisator.ch\/#organization"},"image":{"@id":"https:\/\/www.organisator.ch\/management\/2025-10-20\/unternehmertum-fleiss-hat-seinen-preis\/#primaryimage"},"thumbnailUrl":"https:\/\/www.organisator.ch\/wp-content\/uploads\/2025\/10\/Unternehmertum-Fleiss-hat-seinen-Preis-1_Organisator.jpg","keywords":["Fachkongress\/Fachmesse","KMU Swiss Symposium","Management und Unternehmensf\u00fchrung","Unternehmertum"],"articleSection":["MANAGEMENT"],"inLanguage":"de"},{"@type":"WebPage","@id":"https:\/\/www.organisator.ch\/management\/2025-10-20\/unternehmertum-fleiss-hat-seinen-preis\/","url":"https:\/\/www.organisator.ch\/management\/2025-10-20\/unternehmertum-fleiss-hat-seinen-preis\/","name":"Unternehmertum: Fleiss hat seinen Preis! - Organisator","isPartOf":{"@id":"https:\/\/www.organisator.ch\/#website"},"primaryImageOfPage":{"@id":"https:\/\/www.organisator.ch\/management\/2025-10-20\/unternehmertum-fleiss-hat-seinen-preis\/#primaryimage"},"image":{"@id":"https:\/\/www.organisator.ch\/management\/2025-10-20\/unternehmertum-fleiss-hat-seinen-preis\/#primaryimage"},"thumbnailUrl":"https:\/\/www.organisator.ch\/wp-content\/uploads\/2025\/10\/Unternehmertum-Fleiss-hat-seinen-Preis-1_Organisator.jpg","datePublished":"2025-10-20T06:58:48+00:00","dateModified":"2025-10-27T09:07:50+00:00","description":"Das KMU Swiss Symposium vom 16. Oktober 2025 stand unter dem Motto \u00abUnternehmertum\u00a0\u2013 Fleiss hat seinen Preis!\u00bb.","breadcrumb":{"@id":"https:\/\/www.organisator.ch\/management\/2025-10-20\/unternehmertum-fleiss-hat-seinen-preis\/#breadcrumb"},"inLanguage":"de","potentialAction":[{"@type":"ReadAction","target":["https:\/\/www.organisator.ch\/management\/2025-10-20\/unternehmertum-fleiss-hat-seinen-preis\/"]}]},{"@type":"ImageObject","inLanguage":"de","@id":"https:\/\/www.organisator.ch\/management\/2025-10-20\/unternehmertum-fleiss-hat-seinen-preis\/#primaryimage","url":"https:\/\/www.organisator.ch\/wp-content\/uploads\/2025\/10\/Unternehmertum-Fleiss-hat-seinen-Preis-1_Organisator.jpg","contentUrl":"https:\/\/www.organisator.ch\/wp-content\/uploads\/2025\/10\/Unternehmertum-Fleiss-hat-seinen-Preis-1_Organisator.jpg","width":680,"height":453,"caption":"Podium mit Michael Sokoll, Dr. Giorgio Behr und Thomas Morf. (Bild: KMU SWISS)"},{"@type":"BreadcrumbList","@id":"https:\/\/www.organisator.ch\/management\/2025-10-20\/unternehmertum-fleiss-hat-seinen-preis\/#breadcrumb","itemListElement":[{"@type":"ListItem","position":1,"name":"Home","item":"https:\/\/www.organisator.ch\/"},{"@type":"ListItem","position":2,"name":"Unternehmertum: Fleiss hat seinen Preis!"}]},{"@type":"WebSite","@id":"https:\/\/www.organisator.ch\/#website","url":"https:\/\/www.organisator.ch\/","name":"Organisator","description":"Kompetent. Praxisnah. Der ORGANISATOR bereitet in 10 Ausgaben pro Jahr die wesentlichen Themen f\u00fcr F\u00fchrungskr\u00e4fte von KMU auf.","publisher":{"@id":"https:\/\/www.organisator.ch\/#organization"},"potentialAction":[{"@type":"SearchAction","target":{"@type":"EntryPoint","urlTemplate":"https:\/\/www.organisator.ch\/?s={search_term_string}"},"query-input":{"@type":"PropertyValueSpecification","valueRequired":true,"valueName":"search_term_string"}}],"inLanguage":"de"},{"@type":"Organization","@id":"https:\/\/www.organisator.ch\/#organization","name":"Organisator","url":"https:\/\/www.organisator.ch\/","logo":{"@type":"ImageObject","inLanguage":"de","@id":"https:\/\/www.organisator.ch\/#\/schema\/logo\/image\/","url":"https:\/\/www.organisator.ch\/wp-content\/uploads\/2022\/01\/Logo_Organisator_Website.png","contentUrl":"https:\/\/www.organisator.ch\/wp-content\/uploads\/2022\/01\/Logo_Organisator_Website.png","width":800,"height":77,"caption":"Organisator"},"image":{"@id":"https:\/\/www.organisator.ch\/#\/schema\/logo\/image\/"},"sameAs":["https:\/\/www.facebook.com\/OrganisatorFachmagazin","https:\/\/www.linkedin.com\/showcase\/organisator-das-magazin-fr-kmu","https:\/\/www.xing.com\/news\/pages\/organisator-ch-695","https:\/\/www.youtube.com\/channel\/UCGP2Sq0iWaZwT3BdIAQFYpw"]},{"@type":"Person","@id":"https:\/\/www.organisator.ch\/#\/schema\/person\/6f650f90b2842cd4c0cc334b4e36f67e","name":"thomas.berner","image":{"@type":"ImageObject","inLanguage":"de","@id":"https:\/\/secure.gravatar.com\/avatar\/ac5001d2a36cb6c6cd3e50789007ffca834b477b74a2144564522e944eabff61?s=96&d=mm&r=g","url":"https:\/\/secure.gravatar.com\/avatar\/ac5001d2a36cb6c6cd3e50789007ffca834b477b74a2144564522e944eabff61?s=96&d=mm&r=g","contentUrl":"https:\/\/secure.gravatar.com\/avatar\/ac5001d2a36cb6c6cd3e50789007ffca834b477b74a2144564522e944eabff61?s=96&d=mm&r=g","caption":"thomas.berner"},"url":"https:\/\/www.organisator.ch\/de\/author\/thomas-berner\/"}]}},"_links":{"self":[{"href":"https:\/\/www.organisator.ch\/de\/wp-json\/wp\/v2\/posts\/41172","targetHints":{"allow":["GET"]}}],"collection":[{"href":"https:\/\/www.organisator.ch\/de\/wp-json\/wp\/v2\/posts"}],"about":[{"href":"https:\/\/www.organisator.ch\/de\/wp-json\/wp\/v2\/types\/post"}],"author":[{"embeddable":true,"href":"https:\/\/www.organisator.ch\/de\/wp-json\/wp\/v2\/users\/4"}],"replies":[{"embeddable":true,"href":"https:\/\/www.organisator.ch\/de\/wp-json\/wp\/v2\/comments?post=41172"}],"version-history":[{"count":4,"href":"https:\/\/www.organisator.ch\/de\/wp-json\/wp\/v2\/posts\/41172\/revisions"}],"predecessor-version":[{"id":41536,"href":"https:\/\/www.organisator.ch\/de\/wp-json\/wp\/v2\/posts\/41172\/revisions\/41536"}],"wp:featuredmedia":[{"embeddable":true,"href":"https:\/\/www.organisator.ch\/de\/wp-json\/wp\/v2\/media\/41173"}],"wp:attachment":[{"href":"https:\/\/www.organisator.ch\/de\/wp-json\/wp\/v2\/media?parent=41172"}],"wp:term":[{"taxonomy":"category","embeddable":true,"href":"https:\/\/www.organisator.ch\/de\/wp-json\/wp\/v2\/categories?post=41172"},{"taxonomy":"post_tag","embeddable":true,"href":"https:\/\/www.organisator.ch\/de\/wp-json\/wp\/v2\/tags?post=41172"}],"curies":[{"name":"wp","href":"https:\/\/api.w.org\/{rel}","templated":true}]}}