{"id":41202,"date":"2025-10-21T04:40:07","date_gmt":"2025-10-21T02:40:07","guid":{"rendered":"https:\/\/www.organisator.ch\/de\/?p=41202"},"modified":"2025-10-20T14:49:33","modified_gmt":"2025-10-20T12:49:33","slug":"circular-economy-symposium-bei-kyburz","status":"publish","type":"post","link":"https:\/\/www.organisator.ch\/de\/sustainability\/2025-10-21\/circular-economy-symposium-bei-kyburz\/","title":{"rendered":"Circular Economy Symposium bei Kyburz"},"content":{"rendered":"<figure id=\"attachment_41201\" aria-describedby=\"caption-attachment-41201\" style=\"width: 680px\" class=\"wp-caption alignnone\"><img loading=\"lazy\" decoding=\"async\" class=\"size-medium wp-image-41201\" src=\"https:\/\/www.organisator.ch\/wp-content\/uploads\/2025\/10\/Sustainability_Kyburz_Bild_organisator_180063-680x437.jpg\" alt=\"Louis Palmer bei seinem Referat am 4. Circular Economy Symposium. \u00a9 Jeton Shali\" width=\"680\" height=\"437\" srcset=\"https:\/\/www.organisator.ch\/wp-content\/uploads\/2025\/10\/Sustainability_Kyburz_Bild_organisator_180063-680x437.jpg 680w, https:\/\/www.organisator.ch\/wp-content\/uploads\/2025\/10\/Sustainability_Kyburz_Bild_organisator_180063-768x493.jpg 768w, https:\/\/www.organisator.ch\/wp-content\/uploads\/2025\/10\/Sustainability_Kyburz_Bild_organisator_180063-18x12.jpg 18w, https:\/\/www.organisator.ch\/wp-content\/uploads\/2025\/10\/Sustainability_Kyburz_Bild_organisator_180063-375x241.jpg 375w, https:\/\/www.organisator.ch\/wp-content\/uploads\/2025\/10\/Sustainability_Kyburz_Bild_organisator_180063-545x350.jpg 545w, https:\/\/www.organisator.ch\/wp-content\/uploads\/2025\/10\/Sustainability_Kyburz_Bild_organisator_180063-1000x642.jpg 1000w, https:\/\/www.organisator.ch\/wp-content\/uploads\/2025\/10\/Sustainability_Kyburz_Bild_organisator_180063.jpg 1025w\" sizes=\"auto, (max-width: 680px) 100vw, 680px\" \/><figcaption id=\"caption-attachment-41201\" class=\"wp-caption-text\">Louis Palmer bei seinem Referat am 4. Circular Economy Symposium. \u00a9 Jeton Shali<\/figcaption><\/figure>\n<p>Ein Satz pr\u00e4gte das 4. Circular Economy Symposium von Kyburz Switzerland AG: \u00abDie Welt ist voller L\u00f6sungen!\u00bb sagte Louis Palmer in seinem Referat. Dieser Satz pr\u00e4gte den Anlass, der durch Martin Kyburz, Gr\u00fcnder und CEO der KYBURZ Switzerland AG ins Leben gerufen wurde. Neben der Produktion von Elektrofahrzeugen interessiert ihn die Frage, wie Wissenschaft, Technik und Wirtschaft dazu beitragen k\u00f6nnen, ein gl\u00fcckliches Zusammenleben in einer gesunden Umwelt zu f\u00f6rdern. Erstmals fand das Circular Economy Symposium am neuen Firmensitz von KYBURZ statt. Sarah Andrina Sch\u00fctz moderierte den Anlass spontan und lebendig.<\/p>\n<h3>Batterien mit mehr Reichweite<\/h3>\n<p>Als erster Referent am diesj\u00e4hrigen Anlass stellte Prof. Dr. Maximilian Fichtner, der f\u00fchrende Batterieexperte in Europa, allgemein verst\u00e4ndlich und wissenschaftlich fundiert die Antriebssysteme von Fahrzeugen einander gegen\u00fcber. Den Anwesenden wurde klar, dass aus Sicht des Energieverbrauchs nur batterieelektrische Fahrzeuge eine Zukunft haben. \u00abJeden Tag 1800 km fahren \u2013 daf\u00fcr gibt es bald eine L\u00f6sung\u00bb fasste er die rasende Entwicklung der Batterietechnologie zusammen.<\/p>\n<p>Die Sicht der Politik vertrat Roger Nordmann (Nationalrat 2004 \u2013 2025). Er betonte die Fortschritte, die die Industrie gemacht hat. \u00abDer Kampf ist nicht gewonnen, aber Ergebnisse sind sichtbar\u00bb sagte er und wies darauf hin, dass dank Effizienzsteigerungen der Strombedarf in der Schweiz in den letzten 20 Jahren nicht gestiegen ist. Gleichzeitig rief er zu Investitionen auf, wie sie unsere Vorfahren vor Jahrzehnten beim Bau der Speicherkraftwerke gewagt hatten, auch um die Verbrauchsdifferenzen zwischen Sommer und Winter zu bew\u00e4ltigen.<\/p>\n<h3>Mit dem Solar-Taxi um die Welt<\/h3>\n<p>Dann folgte der Auftritt des eingangs zitierten Louis Palmer. Er fuhr als erster Mensch mit seinem Solar-Taxi emissionsfrei um die Erde. Mit seinem Referat riss er die Besucher mit und motivierte sie, sich bei Pl\u00e4nen nicht entmutigen zu lassen. Mit seinem aktuellen Projekt, dem SolarButterfly, besucht er unz\u00e4hlige Schulen und berichtet \u00fcber die Auswirkungen des Klimawandels und die Schritte, die Kinder machen k\u00f6nnen, um ihn aufzuhalten.<\/p>\n<p>Regelm\u00e4ssiger Redner am Circular Economy Symposium ist Marcel Gauch vom Technology &amp; Society Lab der Empa. In seiner gewohnt pointierten Art stellte er Praktiken in Frage, zeigte zuk\u00fcnftige L\u00f6sungen auf und rief auf, die Technologien, die heute schon funktionieren, der Gesellschaft n\u00e4herzubringen. Die Kommunikation zwischen Wissenschaft, Industrie und vor allem der Gesellschaft zeigte sich in einer Podiumsdiskussion als zentraler Punkt, denn \u00abwir haben die Technologie!\u00bb<\/p>\n<h3>Ehemalige Zustellfahrzeuge mit neuer Aufgabe<\/h3>\n<p>Im Rahmen des Circular Economy Symposiums fand auch die Preisverleihung der Circular Economy Challenge statt. Bei diesem Wettbewerb haben f\u00fcnfzehn Teams die Herausforderung angenommen, aus einem ausgedienten Postfahrzeug ein Projekt zu starten. Die Resultate beeindruckten bez\u00fcglich Phantasie, Technik oder Innovation. Gewonnen wurde die Challenge vom Team \u00abKurzschluss Camper\u00bb f\u00fcr den Umbau in ein komplettes Campingfahrzeug. Pr\u00e4miert wurden ferner ein zu einem mobilen Pizzaofen umfunktioniertes Fahrzeug sowie ein Werkzeugmobil mit Werkstatt, einschliesslich Stromanschluss, Arbeitsfl\u00e4che, Schraubstock und Beleuchtung.<\/p>\n<h3>KYBURZ Switzerland<\/h3>\n<p>Die KYBURZ Switzerland AG in Embrach bei Z\u00fcrich entwickelt und produziert als KMU mit \u00fcber 150 Mitarbeitenden qualitativ hochstehende Elektrofahrzeuge f\u00fcr Zustell- und Industriebetriebe sowie f\u00fcr Privatpersonen.\u00a0<a href=\"http:\/\/www.kyburz-switzerland.ch\">www.kyburz-switzerland.ch<\/a><\/p>\n","protected":false},"excerpt":{"rendered":"<p>Zum Thema &#xAB;Energie. Klima. Verantwortung.&#xBB; sprachen am Firmensitz von Kyburz in Embrach Experten aus Wissenschaft, Politik, Architektur und Gesellschaft am Freitag, 5. September in Embrach. <\/p>\n","protected":false},"author":1,"featured_media":41201,"comment_status":"closed","ping_status":"closed","sticky":false,"template":"","format":"standard","meta":{"_acf_changed":false,"_yoast_wpseo_focuskw":"Circular Economy Symposium","_yoast_wpseo_metadesc":"Zu Energie, Klima und Verantwortung sprachen am Firmensitz von Kyburz Experten aus Wissenschaft, Politik, Architektur und Gesellschaft.","articlekey":"180008","footnotes":""},"categories":[578,580],"tags":[193,594,358,492],"class_list":["post-41202","post","type-post","status-publish","format-standard","has-post-thumbnail","hentry","category-abo","category-sustainability","tag-fachkongressfachmesse","tag-kreislaufwirtschaft","tag-nachhaltige-wirtschaft","tag-unternehmen"],"acf":[],"yoast_head":"<!-- This site is optimized with the Yoast SEO plugin v27.4 - https:\/\/yoast.com\/product\/yoast-seo-wordpress\/ -->\n<title>Circular Economy Symposium bei Kyburz - Organisator<\/title>\n<meta name=\"description\" content=\"Zu Energie, Klima und Verantwortung sprachen am Firmensitz von Kyburz Experten aus Wissenschaft, Politik, Architektur und Gesellschaft.\" \/>\n<meta name=\"robots\" content=\"index, follow, max-snippet:-1, max-image-preview:large, max-video-preview:-1\" \/>\n<link rel=\"canonical\" href=\"https:\/\/www.organisator.ch\/de\/sustainability\/2025-10-21\/circular-economy-symposium-bei-kyburz\/\" \/>\n<meta property=\"og:locale\" content=\"de_DE\" \/>\n<meta property=\"og:type\" content=\"article\" \/>\n<meta property=\"og:title\" content=\"Circular Economy Symposium bei Kyburz - Organisator\" \/>\n<meta property=\"og:description\" content=\"Zu Energie, Klima und Verantwortung sprachen am Firmensitz von Kyburz Experten aus Wissenschaft, Politik, Architektur und Gesellschaft.\" \/>\n<meta property=\"og:url\" content=\"https:\/\/www.organisator.ch\/de\/sustainability\/2025-10-21\/circular-economy-symposium-bei-kyburz\/\" \/>\n<meta property=\"og:site_name\" content=\"Organisator\" \/>\n<meta property=\"article:publisher\" content=\"https:\/\/www.facebook.com\/OrganisatorFachmagazin\" \/>\n<meta property=\"article:published_time\" content=\"2025-10-21T02:40:07+00:00\" \/>\n<meta property=\"og:image\" content=\"https:\/\/www.organisator.ch\/wp-content\/uploads\/2025\/10\/Sustainability_Kyburz_Bild_organisator_180063.jpg\" \/>\n\t<meta property=\"og:image:width\" content=\"1025\" \/>\n\t<meta property=\"og:image:height\" content=\"658\" \/>\n\t<meta property=\"og:image:type\" content=\"image\/jpeg\" \/>\n<meta name=\"author\" content=\"admin\" \/>\n<meta name=\"twitter:card\" content=\"summary_large_image\" \/>\n<script type=\"application\/ld+json\" class=\"yoast-schema-graph\">{\"@context\":\"https:\\\/\\\/schema.org\",\"@graph\":[{\"@type\":\"Article\",\"@id\":\"https:\\\/\\\/www.organisator.ch\\\/sustainability\\\/2025-10-21\\\/circular-economy-symposium-bei-kyburz\\\/#article\",\"isPartOf\":{\"@id\":\"https:\\\/\\\/www.organisator.ch\\\/sustainability\\\/2025-10-21\\\/circular-economy-symposium-bei-kyburz\\\/\"},\"author\":{\"name\":\"admin\",\"@id\":\"https:\\\/\\\/www.organisator.ch\\\/#\\\/schema\\\/person\\\/aa2bace6c5c5aad60102004a50c4eb1c\"},\"headline\":\"Circular Economy Symposium bei Kyburz\",\"datePublished\":\"2025-10-21T02:40:07+00:00\",\"mainEntityOfPage\":{\"@id\":\"https:\\\/\\\/www.organisator.ch\\\/sustainability\\\/2025-10-21\\\/circular-economy-symposium-bei-kyburz\\\/\"},\"wordCount\":530,\"publisher\":{\"@id\":\"https:\\\/\\\/www.organisator.ch\\\/#organization\"},\"image\":{\"@id\":\"https:\\\/\\\/www.organisator.ch\\\/sustainability\\\/2025-10-21\\\/circular-economy-symposium-bei-kyburz\\\/#primaryimage\"},\"thumbnailUrl\":\"https:\\\/\\\/www.organisator.ch\\\/wp-content\\\/uploads\\\/2025\\\/10\\\/Sustainability_Kyburz_Bild_organisator_180063.jpg\",\"keywords\":[\"Fachkongress\\\/Fachmesse\",\"Kreislaufwirtschaft\",\"Nachhaltige Wirtschaft\",\"Unternehmen\"],\"articleSection\":[\"ABO+\",\"SUSTAINABILITY\"],\"inLanguage\":\"de\"},{\"@type\":\"WebPage\",\"@id\":\"https:\\\/\\\/www.organisator.ch\\\/sustainability\\\/2025-10-21\\\/circular-economy-symposium-bei-kyburz\\\/\",\"url\":\"https:\\\/\\\/www.organisator.ch\\\/sustainability\\\/2025-10-21\\\/circular-economy-symposium-bei-kyburz\\\/\",\"name\":\"Circular Economy Symposium bei Kyburz - Organisator\",\"isPartOf\":{\"@id\":\"https:\\\/\\\/www.organisator.ch\\\/#website\"},\"primaryImageOfPage\":{\"@id\":\"https:\\\/\\\/www.organisator.ch\\\/sustainability\\\/2025-10-21\\\/circular-economy-symposium-bei-kyburz\\\/#primaryimage\"},\"image\":{\"@id\":\"https:\\\/\\\/www.organisator.ch\\\/sustainability\\\/2025-10-21\\\/circular-economy-symposium-bei-kyburz\\\/#primaryimage\"},\"thumbnailUrl\":\"https:\\\/\\\/www.organisator.ch\\\/wp-content\\\/uploads\\\/2025\\\/10\\\/Sustainability_Kyburz_Bild_organisator_180063.jpg\",\"datePublished\":\"2025-10-21T02:40:07+00:00\",\"description\":\"Zu Energie, Klima und Verantwortung sprachen am Firmensitz von Kyburz Experten aus Wissenschaft, Politik, Architektur und Gesellschaft.\",\"breadcrumb\":{\"@id\":\"https:\\\/\\\/www.organisator.ch\\\/sustainability\\\/2025-10-21\\\/circular-economy-symposium-bei-kyburz\\\/#breadcrumb\"},\"inLanguage\":\"de\",\"potentialAction\":[{\"@type\":\"ReadAction\",\"target\":[\"https:\\\/\\\/www.organisator.ch\\\/sustainability\\\/2025-10-21\\\/circular-economy-symposium-bei-kyburz\\\/\"]}]},{\"@type\":\"ImageObject\",\"inLanguage\":\"de\",\"@id\":\"https:\\\/\\\/www.organisator.ch\\\/sustainability\\\/2025-10-21\\\/circular-economy-symposium-bei-kyburz\\\/#primaryimage\",\"url\":\"https:\\\/\\\/www.organisator.ch\\\/wp-content\\\/uploads\\\/2025\\\/10\\\/Sustainability_Kyburz_Bild_organisator_180063.jpg\",\"contentUrl\":\"https:\\\/\\\/www.organisator.ch\\\/wp-content\\\/uploads\\\/2025\\\/10\\\/Sustainability_Kyburz_Bild_organisator_180063.jpg\",\"width\":1025,\"height\":658,\"caption\":\"Louis Palmer bei seinem Referat am 4. Circular Economy Symposium. \u00a9 Jeton Shali\"},{\"@type\":\"BreadcrumbList\",\"@id\":\"https:\\\/\\\/www.organisator.ch\\\/sustainability\\\/2025-10-21\\\/circular-economy-symposium-bei-kyburz\\\/#breadcrumb\",\"itemListElement\":[{\"@type\":\"ListItem\",\"position\":1,\"name\":\"Home\",\"item\":\"https:\\\/\\\/www.organisator.ch\\\/\"},{\"@type\":\"ListItem\",\"position\":2,\"name\":\"Circular Economy Symposium bei Kyburz\"}]},{\"@type\":\"WebSite\",\"@id\":\"https:\\\/\\\/www.organisator.ch\\\/#website\",\"url\":\"https:\\\/\\\/www.organisator.ch\\\/\",\"name\":\"Organisator\",\"description\":\"Kompetent. Praxisnah. Der ORGANISATOR bereitet in 10 Ausgaben pro Jahr die wesentlichen Themen f\u00fcr F\u00fchrungskr\u00e4fte von KMU auf.\",\"publisher\":{\"@id\":\"https:\\\/\\\/www.organisator.ch\\\/#organization\"},\"potentialAction\":[{\"@type\":\"SearchAction\",\"target\":{\"@type\":\"EntryPoint\",\"urlTemplate\":\"https:\\\/\\\/www.organisator.ch\\\/?s={search_term_string}\"},\"query-input\":{\"@type\":\"PropertyValueSpecification\",\"valueRequired\":true,\"valueName\":\"search_term_string\"}}],\"inLanguage\":\"de\"},{\"@type\":\"Organization\",\"@id\":\"https:\\\/\\\/www.organisator.ch\\\/#organization\",\"name\":\"Organisator\",\"url\":\"https:\\\/\\\/www.organisator.ch\\\/\",\"logo\":{\"@type\":\"ImageObject\",\"inLanguage\":\"de\",\"@id\":\"https:\\\/\\\/www.organisator.ch\\\/#\\\/schema\\\/logo\\\/image\\\/\",\"url\":\"https:\\\/\\\/www.organisator.ch\\\/wp-content\\\/uploads\\\/2022\\\/01\\\/Logo_Organisator_Website.png\",\"contentUrl\":\"https:\\\/\\\/www.organisator.ch\\\/wp-content\\\/uploads\\\/2022\\\/01\\\/Logo_Organisator_Website.png\",\"width\":800,\"height\":77,\"caption\":\"Organisator\"},\"image\":{\"@id\":\"https:\\\/\\\/www.organisator.ch\\\/#\\\/schema\\\/logo\\\/image\\\/\"},\"sameAs\":[\"https:\\\/\\\/www.facebook.com\\\/OrganisatorFachmagazin\",\"https:\\\/\\\/www.linkedin.com\\\/showcase\\\/organisator-das-magazin-fr-kmu\",\"https:\\\/\\\/www.xing.com\\\/news\\\/pages\\\/organisator-ch-695\",\"https:\\\/\\\/www.youtube.com\\\/channel\\\/UCGP2Sq0iWaZwT3BdIAQFYpw\"]},{\"@type\":\"Person\",\"@id\":\"https:\\\/\\\/www.organisator.ch\\\/#\\\/schema\\\/person\\\/aa2bace6c5c5aad60102004a50c4eb1c\",\"name\":\"admin\",\"image\":{\"@type\":\"ImageObject\",\"inLanguage\":\"de\",\"@id\":\"https:\\\/\\\/secure.gravatar.com\\\/avatar\\\/ae2f4d718e6c49043e314ce431e7e645d646302a24a5ef5a8bc8e3f5a032e319?s=96&d=mm&r=g\",\"url\":\"https:\\\/\\\/secure.gravatar.com\\\/avatar\\\/ae2f4d718e6c49043e314ce431e7e645d646302a24a5ef5a8bc8e3f5a032e319?s=96&d=mm&r=g\",\"contentUrl\":\"https:\\\/\\\/secure.gravatar.com\\\/avatar\\\/ae2f4d718e6c49043e314ce431e7e645d646302a24a5ef5a8bc8e3f5a032e319?s=96&d=mm&r=g\",\"caption\":\"admin\"},\"sameAs\":[\"https:\\\/\\\/www.organisator.ch\"],\"url\":\"https:\\\/\\\/www.organisator.ch\\\/de\\\/author\\\/admin\\\/\"}]}<\/script>\n<!-- \/ Yoast SEO plugin. -->","yoast_head_json":{"title":"Circular Economy Symposium bei Kyburz - Organisator","description":"Zu Energie, Klima und Verantwortung sprachen am Firmensitz von Kyburz Experten aus Wissenschaft, Politik, Architektur und Gesellschaft.","robots":{"index":"index","follow":"follow","max-snippet":"max-snippet:-1","max-image-preview":"max-image-preview:large","max-video-preview":"max-video-preview:-1"},"canonical":"https:\/\/www.organisator.ch\/de\/sustainability\/2025-10-21\/circular-economy-symposium-bei-kyburz\/","og_locale":"de_DE","og_type":"article","og_title":"Circular Economy Symposium bei Kyburz - Organisator","og_description":"Zu Energie, Klima und Verantwortung sprachen am Firmensitz von Kyburz Experten aus Wissenschaft, Politik, Architektur und Gesellschaft.","og_url":"https:\/\/www.organisator.ch\/de\/sustainability\/2025-10-21\/circular-economy-symposium-bei-kyburz\/","og_site_name":"Organisator","article_publisher":"https:\/\/www.facebook.com\/OrganisatorFachmagazin","article_published_time":"2025-10-21T02:40:07+00:00","og_image":[{"width":1025,"height":658,"url":"https:\/\/www.organisator.ch\/wp-content\/uploads\/2025\/10\/Sustainability_Kyburz_Bild_organisator_180063.jpg","type":"image\/jpeg"}],"author":"admin","twitter_card":"summary_large_image","schema":{"@context":"https:\/\/schema.org","@graph":[{"@type":"Article","@id":"https:\/\/www.organisator.ch\/sustainability\/2025-10-21\/circular-economy-symposium-bei-kyburz\/#article","isPartOf":{"@id":"https:\/\/www.organisator.ch\/sustainability\/2025-10-21\/circular-economy-symposium-bei-kyburz\/"},"author":{"name":"admin","@id":"https:\/\/www.organisator.ch\/#\/schema\/person\/aa2bace6c5c5aad60102004a50c4eb1c"},"headline":"Circular Economy Symposium bei Kyburz","datePublished":"2025-10-21T02:40:07+00:00","mainEntityOfPage":{"@id":"https:\/\/www.organisator.ch\/sustainability\/2025-10-21\/circular-economy-symposium-bei-kyburz\/"},"wordCount":530,"publisher":{"@id":"https:\/\/www.organisator.ch\/#organization"},"image":{"@id":"https:\/\/www.organisator.ch\/sustainability\/2025-10-21\/circular-economy-symposium-bei-kyburz\/#primaryimage"},"thumbnailUrl":"https:\/\/www.organisator.ch\/wp-content\/uploads\/2025\/10\/Sustainability_Kyburz_Bild_organisator_180063.jpg","keywords":["Fachkongress\/Fachmesse","Kreislaufwirtschaft","Nachhaltige Wirtschaft","Unternehmen"],"articleSection":["ABO+","SUSTAINABILITY"],"inLanguage":"de"},{"@type":"WebPage","@id":"https:\/\/www.organisator.ch\/sustainability\/2025-10-21\/circular-economy-symposium-bei-kyburz\/","url":"https:\/\/www.organisator.ch\/sustainability\/2025-10-21\/circular-economy-symposium-bei-kyburz\/","name":"Circular Economy Symposium bei Kyburz - Organisator","isPartOf":{"@id":"https:\/\/www.organisator.ch\/#website"},"primaryImageOfPage":{"@id":"https:\/\/www.organisator.ch\/sustainability\/2025-10-21\/circular-economy-symposium-bei-kyburz\/#primaryimage"},"image":{"@id":"https:\/\/www.organisator.ch\/sustainability\/2025-10-21\/circular-economy-symposium-bei-kyburz\/#primaryimage"},"thumbnailUrl":"https:\/\/www.organisator.ch\/wp-content\/uploads\/2025\/10\/Sustainability_Kyburz_Bild_organisator_180063.jpg","datePublished":"2025-10-21T02:40:07+00:00","description":"Zu Energie, Klima und Verantwortung sprachen am Firmensitz von Kyburz Experten aus Wissenschaft, Politik, Architektur und Gesellschaft.","breadcrumb":{"@id":"https:\/\/www.organisator.ch\/sustainability\/2025-10-21\/circular-economy-symposium-bei-kyburz\/#breadcrumb"},"inLanguage":"de","potentialAction":[{"@type":"ReadAction","target":["https:\/\/www.organisator.ch\/sustainability\/2025-10-21\/circular-economy-symposium-bei-kyburz\/"]}]},{"@type":"ImageObject","inLanguage":"de","@id":"https:\/\/www.organisator.ch\/sustainability\/2025-10-21\/circular-economy-symposium-bei-kyburz\/#primaryimage","url":"https:\/\/www.organisator.ch\/wp-content\/uploads\/2025\/10\/Sustainability_Kyburz_Bild_organisator_180063.jpg","contentUrl":"https:\/\/www.organisator.ch\/wp-content\/uploads\/2025\/10\/Sustainability_Kyburz_Bild_organisator_180063.jpg","width":1025,"height":658,"caption":"Louis Palmer bei seinem Referat am 4. Circular Economy Symposium. \u00a9 Jeton Shali"},{"@type":"BreadcrumbList","@id":"https:\/\/www.organisator.ch\/sustainability\/2025-10-21\/circular-economy-symposium-bei-kyburz\/#breadcrumb","itemListElement":[{"@type":"ListItem","position":1,"name":"Home","item":"https:\/\/www.organisator.ch\/"},{"@type":"ListItem","position":2,"name":"Circular Economy Symposium bei Kyburz"}]},{"@type":"WebSite","@id":"https:\/\/www.organisator.ch\/#website","url":"https:\/\/www.organisator.ch\/","name":"Organisator","description":"Kompetent. Praxisnah. Der ORGANISATOR bereitet in 10 Ausgaben pro Jahr die wesentlichen Themen f\u00fcr F\u00fchrungskr\u00e4fte von KMU auf.","publisher":{"@id":"https:\/\/www.organisator.ch\/#organization"},"potentialAction":[{"@type":"SearchAction","target":{"@type":"EntryPoint","urlTemplate":"https:\/\/www.organisator.ch\/?s={search_term_string}"},"query-input":{"@type":"PropertyValueSpecification","valueRequired":true,"valueName":"search_term_string"}}],"inLanguage":"de"},{"@type":"Organization","@id":"https:\/\/www.organisator.ch\/#organization","name":"Organisator","url":"https:\/\/www.organisator.ch\/","logo":{"@type":"ImageObject","inLanguage":"de","@id":"https:\/\/www.organisator.ch\/#\/schema\/logo\/image\/","url":"https:\/\/www.organisator.ch\/wp-content\/uploads\/2022\/01\/Logo_Organisator_Website.png","contentUrl":"https:\/\/www.organisator.ch\/wp-content\/uploads\/2022\/01\/Logo_Organisator_Website.png","width":800,"height":77,"caption":"Organisator"},"image":{"@id":"https:\/\/www.organisator.ch\/#\/schema\/logo\/image\/"},"sameAs":["https:\/\/www.facebook.com\/OrganisatorFachmagazin","https:\/\/www.linkedin.com\/showcase\/organisator-das-magazin-fr-kmu","https:\/\/www.xing.com\/news\/pages\/organisator-ch-695","https:\/\/www.youtube.com\/channel\/UCGP2Sq0iWaZwT3BdIAQFYpw"]},{"@type":"Person","@id":"https:\/\/www.organisator.ch\/#\/schema\/person\/aa2bace6c5c5aad60102004a50c4eb1c","name":"admin","image":{"@type":"ImageObject","inLanguage":"de","@id":"https:\/\/secure.gravatar.com\/avatar\/ae2f4d718e6c49043e314ce431e7e645d646302a24a5ef5a8bc8e3f5a032e319?s=96&d=mm&r=g","url":"https:\/\/secure.gravatar.com\/avatar\/ae2f4d718e6c49043e314ce431e7e645d646302a24a5ef5a8bc8e3f5a032e319?s=96&d=mm&r=g","contentUrl":"https:\/\/secure.gravatar.com\/avatar\/ae2f4d718e6c49043e314ce431e7e645d646302a24a5ef5a8bc8e3f5a032e319?s=96&d=mm&r=g","caption":"admin"},"sameAs":["https:\/\/www.organisator.ch"],"url":"https:\/\/www.organisator.ch\/de\/author\/admin\/"}]}},"_links":{"self":[{"href":"https:\/\/www.organisator.ch\/de\/wp-json\/wp\/v2\/posts\/41202","targetHints":{"allow":["GET"]}}],"collection":[{"href":"https:\/\/www.organisator.ch\/de\/wp-json\/wp\/v2\/posts"}],"about":[{"href":"https:\/\/www.organisator.ch\/de\/wp-json\/wp\/v2\/types\/post"}],"author":[{"embeddable":true,"href":"https:\/\/www.organisator.ch\/de\/wp-json\/wp\/v2\/users\/1"}],"replies":[{"embeddable":true,"href":"https:\/\/www.organisator.ch\/de\/wp-json\/wp\/v2\/comments?post=41202"}],"version-history":[{"count":2,"href":"https:\/\/www.organisator.ch\/de\/wp-json\/wp\/v2\/posts\/41202\/revisions"}],"predecessor-version":[{"id":41321,"href":"https:\/\/www.organisator.ch\/de\/wp-json\/wp\/v2\/posts\/41202\/revisions\/41321"}],"wp:featuredmedia":[{"embeddable":true,"href":"https:\/\/www.organisator.ch\/de\/wp-json\/wp\/v2\/media\/41201"}],"wp:attachment":[{"href":"https:\/\/www.organisator.ch\/de\/wp-json\/wp\/v2\/media?parent=41202"}],"wp:term":[{"taxonomy":"category","embeddable":true,"href":"https:\/\/www.organisator.ch\/de\/wp-json\/wp\/v2\/categories?post=41202"},{"taxonomy":"post_tag","embeddable":true,"href":"https:\/\/www.organisator.ch\/de\/wp-json\/wp\/v2\/tags?post=41202"}],"curies":[{"name":"wp","href":"https:\/\/api.w.org\/{rel}","templated":true}]}}