{"id":413,"date":"2016-11-02T15:53:38","date_gmt":"2016-11-02T14:53:38","guid":{"rendered":"http:\/\/dev.organisator.ch\/?p=413"},"modified":"2016-11-02T15:53:38","modified_gmt":"2016-11-02T14:53:38","slug":"studie-frauen-koennen-eher-mit-chefs-als-mit-chefinnen","status":"publish","type":"post","link":"https:\/\/www.organisator.ch\/de\/allgemein\/2016-11-02\/studie-frauen-koennen-eher-mit-chefs-als-mit-chefinnen\/","title":{"rendered":"Studie: Frauen k\u00f6nnen eher mit Chefs als mit Chefinnen"},"content":{"rendered":"<figure id=\"attachment_414\" aria-describedby=\"caption-attachment-414\" style=\"width: 640px\" class=\"wp-caption alignnone\"><img loading=\"lazy\" decoding=\"async\" class=\"size-full wp-image-414\" src=\"https:\/\/www.organisator.ch\/wp-content\/uploads\/2016\/12\/Studie-Frauen-koennen-eher-mit-Chefs-als-mit-Chefinnen-organisator.jpg\" alt=\"\" width=\"640\" height=\"389\" srcset=\"https:\/\/www.organisator.ch\/wp-content\/uploads\/2016\/12\/Studie-Frauen-koennen-eher-mit-Chefs-als-mit-Chefinnen-organisator.jpg 640w, https:\/\/www.organisator.ch\/wp-content\/uploads\/2016\/12\/Studie-Frauen-koennen-eher-mit-Chefs-als-mit-Chefinnen-organisator-16x10.jpg 16w, https:\/\/www.organisator.ch\/wp-content\/uploads\/2016\/12\/Studie-Frauen-koennen-eher-mit-Chefs-als-mit-Chefinnen-organisator-288x175.jpg 288w, https:\/\/www.organisator.ch\/wp-content\/uploads\/2016\/12\/Studie-Frauen-koennen-eher-mit-Chefs-als-mit-Chefinnen-organisator-576x350.jpg 576w, https:\/\/www.organisator.ch\/wp-content\/uploads\/2016\/12\/Studie-Frauen-koennen-eher-mit-Chefs-als-mit-Chefinnen-organisator-300x182.jpg 300w\" sizes=\"auto, (max-width: 640px) 100vw, 640px\" \/><figcaption id=\"caption-attachment-414\" class=\"wp-caption-text\">Denn die Studie legt nahe: Bei vielen Frauen k\u00f6nnte es Hillary Clinton schwer haben. (Bild: Depositphotos)<\/figcaption><\/figure>\n<blockquote><p>\u201eEs l\u00e4sst sich noch nicht genau sagen, warum die Jobzufriedenheit von Frauen mit einem weiblichen Chef sinkt\u201c, sagen Artz und Taengnoi.<\/p><\/blockquote>\n<p>Auch in der Schweiz diskutiert man die Frauenquote in Parlament und Wirtschaft. Glaubt man einer neuen Studie, birgt das jedoch neues Konfliktpotenzial. Denn inzwischen zeigt auch die Wissenschaft: Das Verh\u00e4ltnis zwischen Vorgesetztem und Untergebenem beeinflusst Motivation, Engagement und Zufriedenheit.<\/p>\n<p>Wenn Angestellte ihren Chef sch\u00e4tzen, sinken die Zahl der Fehltage und die Fluktuation, w\u00e4hrend die Produktivit\u00e4t und Leistung steigen. Aber spielt dabei auch das Geschlecht des Vorgesetzten eine Rolle \u2013 und wenn ja, welche? Dieser Frage gingen nun die beiden \u00d6konomen Benjamin Artz und Sarinda Taengnoi von der Universit\u00e4t von Wisconsin nach.<\/p>\n<p><strong>\u201eChanging Workforce\u201c<\/strong><\/p>\n<p>F\u00fcr ihre Studie, die demn\u00e4chst im Fachjournal \u201eLabour Economics\u201c erscheint, werteten sie zwei US-Langzeitstudien aus. Die \u201eNational Longitudinal Study of Youth\u201c und die \u201eNational Study of the Changing Workforce\u201c verfolgen seit dem Jahr 1979 beziehungsweise seit 2008 das Leben von 12\u2018000 Amerikanern.<\/p>\n<p>Die Teilnehmer machen daf\u00fcr regelm\u00e4ssig Angaben zu ihrem Privat- und Berufsleben \u2013 in welcher Branche sie arbeiten, wie viel sie verdienen und ob sie insgesamt mit Chef und Job zufrieden sind, von eins (sehr ungl\u00fccklich) bis 4 (sehr gl\u00fccklich). Die Wissenschaftler beschr\u00e4nkten sich auf all jene Angestellten, die in der Privatwirtschaft arbeiten und an einen Vorgesetzten berichten. Und dabei entdeckten sie einen kuriosen Zusammenhang.<\/p>\n<p><strong>Chefinnen entsprechen nicht den Erwartungen<\/strong><\/p>\n<p>Ausgerechnet jene Frauen, die eine Frau als Chefin hatten, waren mit ihrem Beruf am ungl\u00fccklichsten. Artz und Taengnoi glauben sogar, diesen Effekt quantifizieren zu k\u00f6nnen. \u201eDie Zahl der Frauen, die die h\u00f6chste Jobzufriedenheit f\u00fcr sich proklamieren, sinkt um bis zu sieben Prozentpunkte, wenn sie von einer Frau gef\u00fchrt werden\u201c, sagen die Forscher.<\/p>\n<p>\u201eDas entspricht in etwa dem Verlust des Wohlbefindens, den man erleidet, wenn man f\u00fcr seine Leistung nicht entsprechend bezahlt wird.\u201c Erstaunlich: F\u00fcr M\u00e4nner fanden sie diesen Effekt nicht, bei ihnen wirkte sich ein weiblicher Chef nicht auf die Zufriedenheit mit dem Beruf aus. Waren die Aufstiegschancen der betroffenen Frauen geringer? Mitnichten. Hatten sie schlechtere Positionen als die M\u00e4nner? Keineswegs.<\/p>\n<p>\u201eEs l\u00e4sst sich noch nicht genau sagen, warum die Jobzufriedenheit von Frauen mit einem weiblichen Chef sinkt\u201c, sagen Artz und Taengnoi. Die Forscher halten aber vor allem drei Gr\u00fcnde f\u00fcr denkbar:<\/p>\n<p>Erstens sei es m\u00f6glich, dass weibliche Angestellte eine bestimmte Vorstellung davon haben, welche Eigenschaften ein Chef im Optimalfall haben sollte \u2013 aber dass die jeweiligen weiblichen Vorgesetzten ausgerechnet \u00fcber jene Eigenschaften nicht verf\u00fcgen. Und diese Diskrepanz zwischen Wunsch und Wirklichkeit schm\u00e4lert wom\u00f6glich die Zufriedenheit.<\/p>\n<p>Zweitens k\u00f6nne es sein, dass es weibliche Chefs vor allem in jenen Branchen gibt, in denen die Angestellten ohnehin ungl\u00fccklich sind, weil sie schlecht bezahlt werden.<\/p>\n<p>Und drittens suchen sich jene, die sowieso schon ungl\u00fccklich sind, wom\u00f6glich Jobs in Branchen mit vielen weiblichen F\u00fchrungskr\u00e4ften. Der Mechanismus k\u00f6nnte auch bei der anstehenden US-Pr\u00e4sidentenwahl eine Rolle spielen. Denn die Studie legt nahe: Bei vielen Frauen k\u00f6nnte es Hillary Clinton schwer haben \u2013 weil sie ihr die Rolle als Oberbefehlshaber nicht zutrauen.<\/p>\n<p>Dieser Text erschien ursp\u00fcnglich bei <a href=\"http:\/\/Wiwo.de\" target=\"_blank\" rel=\"noreferrer noopener\" data-cke-saved-href=\"http:\/\/Wiwo.de\">Wiwo.de<\/a><\/p>\n","protected":false},"excerpt":{"rendered":"<p>\u201eEs l\u00e4sst sich noch nicht genau sagen, warum die Jobzufriedenheit von Frauen mit einem weiblichen Chef sinkt\u201c, sagen Artz und Taengnoi. Auch in der Schweiz diskutiert man die Frauenquote in Parlament und Wirtschaft. Glaubt man einer neuen Studie, birgt das jedoch neues Konfliktpotenzial. Denn inzwischen zeigt auch die Wissenschaft: Das Verh\u00e4ltnis zwischen Vorgesetztem und Untergebenem [&hellip;]<\/p>\n","protected":false},"author":1,"featured_media":414,"comment_status":"open","ping_status":"open","sticky":false,"template":"","format":"standard","meta":{"_acf_changed":false,"_yoast_wpseo_focuskw":"Chefinnen","_yoast_wpseo_metadesc":"Eine neue Studie res\u00fcmiert: Frauen mit einer weiblichen Vorgesetzten sind mit ihrem Job unzufriedener. F\u00fcr M\u00e4nner gilt das offenbar nicht.","articlekey":"","footnotes":""},"categories":[1],"tags":[459],"class_list":["post-413","post","type-post","status-publish","format-standard","has-post-thumbnail","hentry","category-allgemein","tag-studie"],"acf":[],"yoast_head":"<!-- This site is optimized with the Yoast SEO plugin v27.5 - https:\/\/yoast.com\/product\/yoast-seo-wordpress\/ -->\n<title>Studie: Frauen k\u00f6nnen eher mit Chefs als mit Chefinnen - Organisator<\/title>\n<meta name=\"description\" content=\"Eine neue Studie res\u00fcmiert: Frauen mit einer weiblichen Vorgesetzten sind mit ihrem Job unzufriedener. F\u00fcr M\u00e4nner gilt das offenbar nicht.\" \/>\n<meta name=\"robots\" content=\"index, follow, max-snippet:-1, max-image-preview:large, max-video-preview:-1\" \/>\n<link rel=\"canonical\" href=\"https:\/\/www.organisator.ch\/de\/allgemein\/2016-11-02\/studie-frauen-koennen-eher-mit-chefs-als-mit-chefinnen\/\" \/>\n<meta property=\"og:locale\" content=\"de_DE\" \/>\n<meta property=\"og:type\" content=\"article\" \/>\n<meta property=\"og:title\" content=\"Studie: Frauen k\u00f6nnen eher mit Chefs als mit Chefinnen\" \/>\n<meta property=\"og:description\" content=\"Eine neue Studie res\u00fcmiert: Frauen mit einer weiblichen Vorgesetzten sind mit ihrem Job unzufriedener. F\u00fcr M\u00e4nner gilt das offenbar nicht. Warum das so ist - dieser Frage gingen nun die beiden \u00d6konomen Benjamin Artz und Sarinda Taengnoi von der Universit\u00e4t von Wisconsin nach.\" \/>\n<meta property=\"og:url\" content=\"https:\/\/www.organisator.ch\/de\/allgemein\/2016-11-02\/studie-frauen-koennen-eher-mit-chefs-als-mit-chefinnen\/\" \/>\n<meta property=\"og:site_name\" content=\"Organisator\" \/>\n<meta property=\"article:publisher\" content=\"https:\/\/www.facebook.com\/OrganisatorFachmagazin\" \/>\n<meta property=\"article:published_time\" content=\"2016-11-02T14:53:38+00:00\" \/>\n<meta name=\"author\" content=\"admin\" \/>\n<meta name=\"twitter:card\" content=\"summary_large_image\" \/>\n<meta name=\"twitter:image\" content=\"https:\/\/www.organisator.ch\/wp-content\/uploads\/2016\/12\/Studie-Frauen-koennen-eher-mit-Chefs-als-mit-Chefinnen-organisator.jpg\" \/>\n<script type=\"application\/ld+json\" class=\"yoast-schema-graph\">{\"@context\":\"https:\\\/\\\/schema.org\",\"@graph\":[{\"@type\":\"Article\",\"@id\":\"https:\\\/\\\/www.organisator.ch\\\/it\\\/generale\\\/2016-11-02\\\/studie-frauen-koennen-eher-mit-chefs-als-mit-chefinnen\\\/#article\",\"isPartOf\":{\"@id\":\"https:\\\/\\\/www.organisator.ch\\\/it\\\/generale\\\/2016-11-02\\\/studie-frauen-koennen-eher-mit-chefs-als-mit-chefinnen\\\/\"},\"author\":{\"name\":\"admin\",\"@id\":\"https:\\\/\\\/www.organisator.ch\\\/#\\\/schema\\\/person\\\/aa2bace6c5c5aad60102004a50c4eb1c\"},\"headline\":\"Studie: Frauen k\u00f6nnen eher mit Chefs als mit Chefinnen\",\"datePublished\":\"2016-11-02T14:53:38+00:00\",\"mainEntityOfPage\":{\"@id\":\"https:\\\/\\\/www.organisator.ch\\\/it\\\/generale\\\/2016-11-02\\\/studie-frauen-koennen-eher-mit-chefs-als-mit-chefinnen\\\/\"},\"wordCount\":562,\"commentCount\":0,\"publisher\":{\"@id\":\"https:\\\/\\\/www.organisator.ch\\\/#organization\"},\"image\":{\"@id\":\"https:\\\/\\\/www.organisator.ch\\\/it\\\/generale\\\/2016-11-02\\\/studie-frauen-koennen-eher-mit-chefs-als-mit-chefinnen\\\/#primaryimage\"},\"thumbnailUrl\":\"https:\\\/\\\/www.organisator.ch\\\/wp-content\\\/uploads\\\/2016\\\/12\\\/Studie-Frauen-koennen-eher-mit-Chefs-als-mit-Chefinnen-organisator.jpg\",\"keywords\":[\"Studie\"],\"inLanguage\":\"de\"},{\"@type\":\"WebPage\",\"@id\":\"https:\\\/\\\/www.organisator.ch\\\/it\\\/generale\\\/2016-11-02\\\/studie-frauen-koennen-eher-mit-chefs-als-mit-chefinnen\\\/\",\"url\":\"https:\\\/\\\/www.organisator.ch\\\/it\\\/generale\\\/2016-11-02\\\/studie-frauen-koennen-eher-mit-chefs-als-mit-chefinnen\\\/\",\"name\":\"Studie: Frauen k\u00f6nnen eher mit Chefs als mit Chefinnen - Organisator\",\"isPartOf\":{\"@id\":\"https:\\\/\\\/www.organisator.ch\\\/#website\"},\"primaryImageOfPage\":{\"@id\":\"https:\\\/\\\/www.organisator.ch\\\/it\\\/generale\\\/2016-11-02\\\/studie-frauen-koennen-eher-mit-chefs-als-mit-chefinnen\\\/#primaryimage\"},\"image\":{\"@id\":\"https:\\\/\\\/www.organisator.ch\\\/it\\\/generale\\\/2016-11-02\\\/studie-frauen-koennen-eher-mit-chefs-als-mit-chefinnen\\\/#primaryimage\"},\"thumbnailUrl\":\"https:\\\/\\\/www.organisator.ch\\\/wp-content\\\/uploads\\\/2016\\\/12\\\/Studie-Frauen-koennen-eher-mit-Chefs-als-mit-Chefinnen-organisator.jpg\",\"datePublished\":\"2016-11-02T14:53:38+00:00\",\"description\":\"Eine neue Studie res\u00fcmiert: Frauen mit einer weiblichen Vorgesetzten sind mit ihrem Job unzufriedener. F\u00fcr M\u00e4nner gilt das offenbar nicht.\",\"breadcrumb\":{\"@id\":\"https:\\\/\\\/www.organisator.ch\\\/it\\\/generale\\\/2016-11-02\\\/studie-frauen-koennen-eher-mit-chefs-als-mit-chefinnen\\\/#breadcrumb\"},\"inLanguage\":\"de\",\"potentialAction\":[{\"@type\":\"ReadAction\",\"target\":[\"https:\\\/\\\/www.organisator.ch\\\/it\\\/generale\\\/2016-11-02\\\/studie-frauen-koennen-eher-mit-chefs-als-mit-chefinnen\\\/\"]}]},{\"@type\":\"ImageObject\",\"inLanguage\":\"de\",\"@id\":\"https:\\\/\\\/www.organisator.ch\\\/it\\\/generale\\\/2016-11-02\\\/studie-frauen-koennen-eher-mit-chefs-als-mit-chefinnen\\\/#primaryimage\",\"url\":\"https:\\\/\\\/www.organisator.ch\\\/wp-content\\\/uploads\\\/2016\\\/12\\\/Studie-Frauen-koennen-eher-mit-Chefs-als-mit-Chefinnen-organisator.jpg\",\"contentUrl\":\"https:\\\/\\\/www.organisator.ch\\\/wp-content\\\/uploads\\\/2016\\\/12\\\/Studie-Frauen-koennen-eher-mit-Chefs-als-mit-Chefinnen-organisator.jpg\",\"width\":640,\"height\":389,\"caption\":\"Denn die Studie legt nahe: Bei vielen Frauen k\u00f6nnte es Hillary Clinton schwer haben. (Bild: Depositphotos)\"},{\"@type\":\"BreadcrumbList\",\"@id\":\"https:\\\/\\\/www.organisator.ch\\\/it\\\/generale\\\/2016-11-02\\\/studie-frauen-koennen-eher-mit-chefs-als-mit-chefinnen\\\/#breadcrumb\",\"itemListElement\":[{\"@type\":\"ListItem\",\"position\":1,\"name\":\"Home\",\"item\":\"https:\\\/\\\/www.organisator.ch\\\/\"},{\"@type\":\"ListItem\",\"position\":2,\"name\":\"Studie: Frauen k\u00f6nnen eher mit Chefs als mit Chefinnen\"}]},{\"@type\":\"WebSite\",\"@id\":\"https:\\\/\\\/www.organisator.ch\\\/#website\",\"url\":\"https:\\\/\\\/www.organisator.ch\\\/\",\"name\":\"Organisator\",\"description\":\"Kompetent. Praxisnah. Der ORGANISATOR bereitet in 10 Ausgaben pro Jahr die wesentlichen Themen f\u00fcr F\u00fchrungskr\u00e4fte von KMU auf.\",\"publisher\":{\"@id\":\"https:\\\/\\\/www.organisator.ch\\\/#organization\"},\"potentialAction\":[{\"@type\":\"SearchAction\",\"target\":{\"@type\":\"EntryPoint\",\"urlTemplate\":\"https:\\\/\\\/www.organisator.ch\\\/?s={search_term_string}\"},\"query-input\":{\"@type\":\"PropertyValueSpecification\",\"valueRequired\":true,\"valueName\":\"search_term_string\"}}],\"inLanguage\":\"de\"},{\"@type\":\"Organization\",\"@id\":\"https:\\\/\\\/www.organisator.ch\\\/#organization\",\"name\":\"Organisator\",\"url\":\"https:\\\/\\\/www.organisator.ch\\\/\",\"logo\":{\"@type\":\"ImageObject\",\"inLanguage\":\"de\",\"@id\":\"https:\\\/\\\/www.organisator.ch\\\/#\\\/schema\\\/logo\\\/image\\\/\",\"url\":\"https:\\\/\\\/www.organisator.ch\\\/wp-content\\\/uploads\\\/2022\\\/01\\\/Logo_Organisator_Website.png\",\"contentUrl\":\"https:\\\/\\\/www.organisator.ch\\\/wp-content\\\/uploads\\\/2022\\\/01\\\/Logo_Organisator_Website.png\",\"width\":800,\"height\":77,\"caption\":\"Organisator\"},\"image\":{\"@id\":\"https:\\\/\\\/www.organisator.ch\\\/#\\\/schema\\\/logo\\\/image\\\/\"},\"sameAs\":[\"https:\\\/\\\/www.facebook.com\\\/OrganisatorFachmagazin\",\"https:\\\/\\\/www.linkedin.com\\\/showcase\\\/organisator-das-magazin-fr-kmu\",\"https:\\\/\\\/www.xing.com\\\/news\\\/pages\\\/organisator-ch-695\",\"https:\\\/\\\/www.youtube.com\\\/channel\\\/UCGP2Sq0iWaZwT3BdIAQFYpw\"]},{\"@type\":\"Person\",\"@id\":\"https:\\\/\\\/www.organisator.ch\\\/#\\\/schema\\\/person\\\/aa2bace6c5c5aad60102004a50c4eb1c\",\"name\":\"admin\",\"image\":{\"@type\":\"ImageObject\",\"inLanguage\":\"de\",\"@id\":\"https:\\\/\\\/secure.gravatar.com\\\/avatar\\\/ae2f4d718e6c49043e314ce431e7e645d646302a24a5ef5a8bc8e3f5a032e319?s=96&d=mm&r=g\",\"url\":\"https:\\\/\\\/secure.gravatar.com\\\/avatar\\\/ae2f4d718e6c49043e314ce431e7e645d646302a24a5ef5a8bc8e3f5a032e319?s=96&d=mm&r=g\",\"contentUrl\":\"https:\\\/\\\/secure.gravatar.com\\\/avatar\\\/ae2f4d718e6c49043e314ce431e7e645d646302a24a5ef5a8bc8e3f5a032e319?s=96&d=mm&r=g\",\"caption\":\"admin\"},\"sameAs\":[\"https:\\\/\\\/www.organisator.ch\"],\"url\":\"https:\\\/\\\/www.organisator.ch\\\/de\\\/author\\\/admin\\\/\"}]}<\/script>\n<!-- \/ Yoast SEO plugin. -->","yoast_head_json":{"title":"Studie: Frauen k\u00f6nnen eher mit Chefs als mit Chefinnen - Organisator","description":"Eine neue Studie res\u00fcmiert: Frauen mit einer weiblichen Vorgesetzten sind mit ihrem Job unzufriedener. F\u00fcr M\u00e4nner gilt das offenbar nicht.","robots":{"index":"index","follow":"follow","max-snippet":"max-snippet:-1","max-image-preview":"max-image-preview:large","max-video-preview":"max-video-preview:-1"},"canonical":"https:\/\/www.organisator.ch\/de\/allgemein\/2016-11-02\/studie-frauen-koennen-eher-mit-chefs-als-mit-chefinnen\/","og_locale":"de_DE","og_type":"article","og_title":"Studie: Frauen k\u00f6nnen eher mit Chefs als mit Chefinnen","og_description":"Eine neue Studie res\u00fcmiert: Frauen mit einer weiblichen Vorgesetzten sind mit ihrem Job unzufriedener. F\u00fcr M\u00e4nner gilt das offenbar nicht. Warum das so ist - dieser Frage gingen nun die beiden \u00d6konomen Benjamin Artz und Sarinda Taengnoi von der Universit\u00e4t von Wisconsin nach.","og_url":"https:\/\/www.organisator.ch\/de\/allgemein\/2016-11-02\/studie-frauen-koennen-eher-mit-chefs-als-mit-chefinnen\/","og_site_name":"Organisator","article_publisher":"https:\/\/www.facebook.com\/OrganisatorFachmagazin","article_published_time":"2016-11-02T14:53:38+00:00","author":"admin","twitter_card":"summary_large_image","twitter_image":"https:\/\/www.organisator.ch\/wp-content\/uploads\/2016\/12\/Studie-Frauen-koennen-eher-mit-Chefs-als-mit-Chefinnen-organisator.jpg","schema":{"@context":"https:\/\/schema.org","@graph":[{"@type":"Article","@id":"https:\/\/www.organisator.ch\/it\/generale\/2016-11-02\/studie-frauen-koennen-eher-mit-chefs-als-mit-chefinnen\/#article","isPartOf":{"@id":"https:\/\/www.organisator.ch\/it\/generale\/2016-11-02\/studie-frauen-koennen-eher-mit-chefs-als-mit-chefinnen\/"},"author":{"name":"admin","@id":"https:\/\/www.organisator.ch\/#\/schema\/person\/aa2bace6c5c5aad60102004a50c4eb1c"},"headline":"Studie: Frauen k\u00f6nnen eher mit Chefs als mit Chefinnen","datePublished":"2016-11-02T14:53:38+00:00","mainEntityOfPage":{"@id":"https:\/\/www.organisator.ch\/it\/generale\/2016-11-02\/studie-frauen-koennen-eher-mit-chefs-als-mit-chefinnen\/"},"wordCount":562,"commentCount":0,"publisher":{"@id":"https:\/\/www.organisator.ch\/#organization"},"image":{"@id":"https:\/\/www.organisator.ch\/it\/generale\/2016-11-02\/studie-frauen-koennen-eher-mit-chefs-als-mit-chefinnen\/#primaryimage"},"thumbnailUrl":"https:\/\/www.organisator.ch\/wp-content\/uploads\/2016\/12\/Studie-Frauen-koennen-eher-mit-Chefs-als-mit-Chefinnen-organisator.jpg","keywords":["Studie"],"inLanguage":"de"},{"@type":"WebPage","@id":"https:\/\/www.organisator.ch\/it\/generale\/2016-11-02\/studie-frauen-koennen-eher-mit-chefs-als-mit-chefinnen\/","url":"https:\/\/www.organisator.ch\/it\/generale\/2016-11-02\/studie-frauen-koennen-eher-mit-chefs-als-mit-chefinnen\/","name":"Studie: Frauen k\u00f6nnen eher mit Chefs als mit Chefinnen - Organisator","isPartOf":{"@id":"https:\/\/www.organisator.ch\/#website"},"primaryImageOfPage":{"@id":"https:\/\/www.organisator.ch\/it\/generale\/2016-11-02\/studie-frauen-koennen-eher-mit-chefs-als-mit-chefinnen\/#primaryimage"},"image":{"@id":"https:\/\/www.organisator.ch\/it\/generale\/2016-11-02\/studie-frauen-koennen-eher-mit-chefs-als-mit-chefinnen\/#primaryimage"},"thumbnailUrl":"https:\/\/www.organisator.ch\/wp-content\/uploads\/2016\/12\/Studie-Frauen-koennen-eher-mit-Chefs-als-mit-Chefinnen-organisator.jpg","datePublished":"2016-11-02T14:53:38+00:00","description":"Eine neue Studie res\u00fcmiert: Frauen mit einer weiblichen Vorgesetzten sind mit ihrem Job unzufriedener. F\u00fcr M\u00e4nner gilt das offenbar nicht.","breadcrumb":{"@id":"https:\/\/www.organisator.ch\/it\/generale\/2016-11-02\/studie-frauen-koennen-eher-mit-chefs-als-mit-chefinnen\/#breadcrumb"},"inLanguage":"de","potentialAction":[{"@type":"ReadAction","target":["https:\/\/www.organisator.ch\/it\/generale\/2016-11-02\/studie-frauen-koennen-eher-mit-chefs-als-mit-chefinnen\/"]}]},{"@type":"ImageObject","inLanguage":"de","@id":"https:\/\/www.organisator.ch\/it\/generale\/2016-11-02\/studie-frauen-koennen-eher-mit-chefs-als-mit-chefinnen\/#primaryimage","url":"https:\/\/www.organisator.ch\/wp-content\/uploads\/2016\/12\/Studie-Frauen-koennen-eher-mit-Chefs-als-mit-Chefinnen-organisator.jpg","contentUrl":"https:\/\/www.organisator.ch\/wp-content\/uploads\/2016\/12\/Studie-Frauen-koennen-eher-mit-Chefs-als-mit-Chefinnen-organisator.jpg","width":640,"height":389,"caption":"Denn die Studie legt nahe: Bei vielen Frauen k\u00f6nnte es Hillary Clinton schwer haben. (Bild: Depositphotos)"},{"@type":"BreadcrumbList","@id":"https:\/\/www.organisator.ch\/it\/generale\/2016-11-02\/studie-frauen-koennen-eher-mit-chefs-als-mit-chefinnen\/#breadcrumb","itemListElement":[{"@type":"ListItem","position":1,"name":"Home","item":"https:\/\/www.organisator.ch\/"},{"@type":"ListItem","position":2,"name":"Studie: Frauen k\u00f6nnen eher mit Chefs als mit Chefinnen"}]},{"@type":"WebSite","@id":"https:\/\/www.organisator.ch\/#website","url":"https:\/\/www.organisator.ch\/","name":"Organisator","description":"Kompetent. Praxisnah. Der ORGANISATOR bereitet in 10 Ausgaben pro Jahr die wesentlichen Themen f\u00fcr F\u00fchrungskr\u00e4fte von KMU auf.","publisher":{"@id":"https:\/\/www.organisator.ch\/#organization"},"potentialAction":[{"@type":"SearchAction","target":{"@type":"EntryPoint","urlTemplate":"https:\/\/www.organisator.ch\/?s={search_term_string}"},"query-input":{"@type":"PropertyValueSpecification","valueRequired":true,"valueName":"search_term_string"}}],"inLanguage":"de"},{"@type":"Organization","@id":"https:\/\/www.organisator.ch\/#organization","name":"Organisator","url":"https:\/\/www.organisator.ch\/","logo":{"@type":"ImageObject","inLanguage":"de","@id":"https:\/\/www.organisator.ch\/#\/schema\/logo\/image\/","url":"https:\/\/www.organisator.ch\/wp-content\/uploads\/2022\/01\/Logo_Organisator_Website.png","contentUrl":"https:\/\/www.organisator.ch\/wp-content\/uploads\/2022\/01\/Logo_Organisator_Website.png","width":800,"height":77,"caption":"Organisator"},"image":{"@id":"https:\/\/www.organisator.ch\/#\/schema\/logo\/image\/"},"sameAs":["https:\/\/www.facebook.com\/OrganisatorFachmagazin","https:\/\/www.linkedin.com\/showcase\/organisator-das-magazin-fr-kmu","https:\/\/www.xing.com\/news\/pages\/organisator-ch-695","https:\/\/www.youtube.com\/channel\/UCGP2Sq0iWaZwT3BdIAQFYpw"]},{"@type":"Person","@id":"https:\/\/www.organisator.ch\/#\/schema\/person\/aa2bace6c5c5aad60102004a50c4eb1c","name":"admin","image":{"@type":"ImageObject","inLanguage":"de","@id":"https:\/\/secure.gravatar.com\/avatar\/ae2f4d718e6c49043e314ce431e7e645d646302a24a5ef5a8bc8e3f5a032e319?s=96&d=mm&r=g","url":"https:\/\/secure.gravatar.com\/avatar\/ae2f4d718e6c49043e314ce431e7e645d646302a24a5ef5a8bc8e3f5a032e319?s=96&d=mm&r=g","contentUrl":"https:\/\/secure.gravatar.com\/avatar\/ae2f4d718e6c49043e314ce431e7e645d646302a24a5ef5a8bc8e3f5a032e319?s=96&d=mm&r=g","caption":"admin"},"sameAs":["https:\/\/www.organisator.ch"],"url":"https:\/\/www.organisator.ch\/de\/author\/admin\/"}]}},"_links":{"self":[{"href":"https:\/\/www.organisator.ch\/de\/wp-json\/wp\/v2\/posts\/413","targetHints":{"allow":["GET"]}}],"collection":[{"href":"https:\/\/www.organisator.ch\/de\/wp-json\/wp\/v2\/posts"}],"about":[{"href":"https:\/\/www.organisator.ch\/de\/wp-json\/wp\/v2\/types\/post"}],"author":[{"embeddable":true,"href":"https:\/\/www.organisator.ch\/de\/wp-json\/wp\/v2\/users\/1"}],"replies":[{"embeddable":true,"href":"https:\/\/www.organisator.ch\/de\/wp-json\/wp\/v2\/comments?post=413"}],"version-history":[{"count":0,"href":"https:\/\/www.organisator.ch\/de\/wp-json\/wp\/v2\/posts\/413\/revisions"}],"wp:featuredmedia":[{"embeddable":true,"href":"https:\/\/www.organisator.ch\/de\/wp-json\/wp\/v2\/media\/414"}],"wp:attachment":[{"href":"https:\/\/www.organisator.ch\/de\/wp-json\/wp\/v2\/media?parent=413"}],"wp:term":[{"taxonomy":"category","embeddable":true,"href":"https:\/\/www.organisator.ch\/de\/wp-json\/wp\/v2\/categories?post=413"},{"taxonomy":"post_tag","embeddable":true,"href":"https:\/\/www.organisator.ch\/de\/wp-json\/wp\/v2\/tags?post=413"}],"curies":[{"name":"wp","href":"https:\/\/api.w.org\/{rel}","templated":true}]}}