{"id":41425,"date":"2025-10-23T10:01:42","date_gmt":"2025-10-23T08:01:42","guid":{"rendered":"https:\/\/www.markt-kom.com\/?p=244100"},"modified":"2025-10-23T09:35:12","modified_gmt":"2025-10-23T07:35:12","slug":"uebrigens-kreativitaet-ist-keine-garantie-fuer-klarheit","status":"publish","type":"post","link":"https:\/\/www.organisator.ch\/de\/marketing\/2025-10-23\/uebrigens-kreativitaet-ist-keine-garantie-fuer-klarheit\/","title":{"rendered":"\u00fcbrigens\u2026 Kreativit\u00e4t ist keine Garantie f\u00fcr Klarheit"},"content":{"rendered":"<p>Denner hat in seiner j\u00fcngsten Kampagne in \u00ab20 Minuten\u00bb das Herz gestohlen (<a href=\"https:\/\/www.markt-kom.com\/de\/kreativity\/kampagnen\/denner-nutzt-lidl-rebranding-fuer-humorvolle-kampagne\/\">m&amp;k berichtete<\/a>) \u2013 symbolisch und w\u00f6rtlich zugleich. Denner buchte die Titelseite \u2013 ganz in Denner-Rot \u2013 und zeigt ein Bild eines inszenierten \u00dcberwachungsvideos, wie das rote Herz aus dem Lidl-Logo entwendet und zu Denner gebracht wird. \u00abDas Schweizer Herz ist jetzt wieder da, wo es hingeh\u00f6rt\u00bb, lautet die Botschaft. Eine clevere Idee, die f\u00fcr Schlagzeilen sorgte und die Kreativszene begeisterte. Doch wie kommt sie tats\u00e4chlich bei den Menschen an?<\/p>\r\n<p><img class=\"alignnone size-full wp-image-244103\" src=\"https:\/\/www.markt-kom.com\/wp-content\/uploads\/2025\/10\/Bildschirmfoto-2025-10-21-um-11.43.26.png\" sizes=\"(max-width: 1018px) 100vw, 1018px\" srcset=\"https:\/\/www.markt-kom.com\/wp-content\/uploads\/2025\/10\/Bildschirmfoto-2025-10-21-um-11.43.26.png 1018w, https:\/\/www.markt-kom.com\/wp-content\/uploads\/2025\/10\/Bildschirmfoto-2025-10-21-um-11.43.26-600x337.png 600w, https:\/\/www.markt-kom.com\/wp-content\/uploads\/2025\/10\/Bildschirmfoto-2025-10-21-um-11.43.26-768x431.png 768w, https:\/\/www.markt-kom.com\/wp-content\/uploads\/2025\/10\/Bildschirmfoto-2025-10-21-um-11.43.26-18x10.png 18w, https:\/\/www.markt-kom.com\/wp-content\/uploads\/2025\/10\/Bildschirmfoto-2025-10-21-um-11.43.26-312x175.png 312w, https:\/\/www.markt-kom.com\/wp-content\/uploads\/2025\/10\/Bildschirmfoto-2025-10-21-um-11.43.26-624x350.png 624w, https:\/\/www.markt-kom.com\/wp-content\/uploads\/2025\/10\/Bildschirmfoto-2025-10-21-um-11.43.26-1000x561.png 1000w\" alt=\"\" width=\"1018\" height=\"571\" \/><\/p>\r\n<p><span data-olk-copy-source=\"MessageBody\">Mithilfe des Tools \u00abAdvertising Test\u00bb auf der Marktforschungsplattform deeptrue.com von management tools haben wir die Wirkung der Kampagne bei zwei Gruppen untersucht: Bei Gen Z und bei Personen \u00fcber 30. Die Ergebnisse zeigen ein interessantes Spannungsfeld zwischen Aufmerksamkeit und Verst\u00e4ndnis.<\/span><\/p>\r\n<p>Bei Gen Z kam die Geschichte zwar an \u2013 das Herz, der Diebstahl, die Schweiz \u2013 aber ohne die prominente rote Titelseite vom 20 Minuten bleibt unklar, wer hier \u00abeigentlich\u00bb wirbt \u2013 der Absender wird oftmals als Lidl verstanden. Andere fanden die Idee \u201elustig, aber sinnlos\u201c. Nichtsdestotrotz gef\u00e4llt der Gen Z die Kampagne h\u00e4ufiger als der Zielgruppe \u00dc30 und die Einzigartigkeit wird h\u00e4ufiger wahrgenommen:<\/p>\r\n<figure id=\"attachment_244102\" class=\"wp-caption alignnone\" style=\"width: 1200px;\" aria-describedby=\"caption-attachment-244102\"><img class=\"wp-image-244102 size-full\" src=\"https:\/\/www.markt-kom.com\/wp-content\/uploads\/2025\/10\/g1_deeptrue-likeability.png\" sizes=\"(max-width: 1200px) 100vw, 1200px\" srcset=\"https:\/\/www.markt-kom.com\/wp-content\/uploads\/2025\/10\/g1_deeptrue-likeability.png 1200w, https:\/\/www.markt-kom.com\/wp-content\/uploads\/2025\/10\/g1_deeptrue-likeability-600x194.png 600w, https:\/\/www.markt-kom.com\/wp-content\/uploads\/2025\/10\/g1_deeptrue-likeability-1024x331.png 1024w, https:\/\/www.markt-kom.com\/wp-content\/uploads\/2025\/10\/g1_deeptrue-likeability-768x248.png 768w, https:\/\/www.markt-kom.com\/wp-content\/uploads\/2025\/10\/g1_deeptrue-likeability-18x6.png 18w, https:\/\/www.markt-kom.com\/wp-content\/uploads\/2025\/10\/g1_deeptrue-likeability-375x121.png 375w, https:\/\/www.markt-kom.com\/wp-content\/uploads\/2025\/10\/g1_deeptrue-likeability-760x246.png 760w, https:\/\/www.markt-kom.com\/wp-content\/uploads\/2025\/10\/g1_deeptrue-likeability-1000x323.png 1000w\" alt=\"\" width=\"1200\" height=\"388\" \/>\r\n<figcaption id=\"caption-attachment-244102\" class=\"wp-caption-text\">Likeability der Denner-Kampagne nach Zielgruppe (Quelle: Tool \u00abAdvertising Test\u00bb, deeptrue.com von management tools)<\/figcaption>\r\n<\/figure>\r\n<p>&nbsp;<\/p>\r\n<figure id=\"attachment_244101\" class=\"wp-caption alignnone\" style=\"width: 1200px;\" aria-describedby=\"caption-attachment-244101\"><img class=\"wp-image-244101 size-full\" src=\"https:\/\/www.markt-kom.com\/wp-content\/uploads\/2025\/10\/g2_deeptrue-uniqueness.png\" sizes=\"(max-width: 1200px) 100vw, 1200px\" srcset=\"https:\/\/www.markt-kom.com\/wp-content\/uploads\/2025\/10\/g2_deeptrue-uniqueness.png 1200w, https:\/\/www.markt-kom.com\/wp-content\/uploads\/2025\/10\/g2_deeptrue-uniqueness-600x194.png 600w, https:\/\/www.markt-kom.com\/wp-content\/uploads\/2025\/10\/g2_deeptrue-uniqueness-1024x331.png 1024w, https:\/\/www.markt-kom.com\/wp-content\/uploads\/2025\/10\/g2_deeptrue-uniqueness-768x248.png 768w, https:\/\/www.markt-kom.com\/wp-content\/uploads\/2025\/10\/g2_deeptrue-uniqueness-18x6.png 18w, https:\/\/www.markt-kom.com\/wp-content\/uploads\/2025\/10\/g2_deeptrue-uniqueness-375x121.png 375w, https:\/\/www.markt-kom.com\/wp-content\/uploads\/2025\/10\/g2_deeptrue-uniqueness-760x246.png 760w, https:\/\/www.markt-kom.com\/wp-content\/uploads\/2025\/10\/g2_deeptrue-uniqueness-1000x323.png 1000w\" alt=\"\" width=\"1200\" height=\"388\" \/>\r\n<figcaption id=\"caption-attachment-244101\" class=\"wp-caption-text\">Uniqueness der Denner-Kampagne nach Zielgruppe (Quelle: Tool \u00abAdvertising Test\u00bb, deeptrue.com von management tools)<\/figcaption>\r\n<\/figure>\r\n<p>&nbsp;<\/p>\r\n<p>Auch bei der \u00e4lteren Zielgruppe zeigte sich ein gemischtes Bild. Die Handlung wurde h\u00e4ufiger als bei der Gen Z korrekt erkannt (\u00abDas Herz wurde gestohlen und zu Denner gebracht\u00bb), dennoch blieb der Wow-Effekt eher aus. Manche fanden die Werbung sympathisch, andere empfanden sie als \u00fcbertrieben oder irrelevant. Positiv war, dass viele das Motiv \u00abSchweizer Herz\u00bb grunds\u00e4tzlich mochten \u2013 jedoch ohne eine klare Verbindung zur Marke Denner herzustellen.<\/p>\r\n<h3>Aufmerksamkeit \u2013 aber keine Zuordnung<\/h3>\r\n<p>Zusammengefasst hat die Kampagne also geschafft, was jede Marke will: Aufmerksamkeit. Aber sie hat das nicht erreicht, was Marken brauchen: Zuordnung. Wenn Menschen nicht genau verstehen, von wem die Botschaft stammt, wird aus kreativer Provokation schnell einmal kommunikative Selbstentkopplung.<\/p>\r\n<p>Das heisst nicht, dass die Idee falsch war. Im Gegenteil: Der spielerische Zugriff auf ein starkes Symbol wie das Herz hat grosses Potenzial. Doch er braucht mehr Kontext und weniger Inszenierung. Marken d\u00fcrfen und sollen durchaus provozieren \u2013 aber sie sollten dabei nicht sich selbst aus dem Blick verlieren.<\/p>\r\n<h3>Inhalte m\u00fcssen her<\/h3>\r\n<p>Vielleicht liegt genau darin die Chance f\u00fcr Denner: Das Herz nicht nur zu klauen, sondern es zus\u00e4tzlich mit Inhalt zu f\u00fcllen. Etwa durch echte Geschichten \u00fcber Schweizer Produzenten, Mitarbeitende, Herkunft \u2013 also das, was dieses Herz eigentlich schlagen l\u00e4sst.<\/p>\r\n<p>\u00dcbrigens \u2026 manchmal reicht es nicht, ein Herz nur zu besitzen \u2013 man muss auch wissen, wof\u00fcr es schl\u00e4gt.<\/p>\r\n<hr \/>\r\n<p>&nbsp;<\/p>\r\n<p><img class=\"alignnone size-full wp-image-244126\" src=\"https:\/\/www.markt-kom.com\/wp-content\/uploads\/2025\/10\/uebrigensmaerkli.png\" sizes=\"(max-width: 700px) 100vw, 700px\" srcset=\"https:\/\/www.markt-kom.com\/wp-content\/uploads\/2025\/10\/uebrigensmaerkli.png 700w, https:\/\/www.markt-kom.com\/wp-content\/uploads\/2025\/10\/uebrigensmaerkli-600x450.png 600w, https:\/\/www.markt-kom.com\/wp-content\/uploads\/2025\/10\/uebrigensmaerkli-16x12.png 16w, https:\/\/www.markt-kom.com\/wp-content\/uploads\/2025\/10\/uebrigensmaerkli-233x175.png 233w, https:\/\/www.markt-kom.com\/wp-content\/uploads\/2025\/10\/uebrigensmaerkli-467x350.png 467w\" alt=\"\" width=\"700\" height=\"525\" \/><\/p>\r\n<p><em>Laura Colledani und Klaus Ammon verf\u00fcgen gemeinsam \u00fcber mehr als 40 Jahre Erfahrung in Consumer Research und Marketingforschung. \u00dcber die Jahre hat sich dabei ein feines Gesp\u00fcr entwickelt f\u00fcr das, was Menschen bewegt \u2013 auch jenseits der Zahlen. Beide Autoren pl\u00e4dieren f\u00fcr eine Kommunikationskultur, die zuh\u00f6rt, bevor sie sendet. Mit dem neuen Ansatz von Management Tools des Consumer Listening m\u00f6chten sie Marketingverantwortliche dabei unterst\u00fctzen, Konsumenten nicht nur in traditioneller Weise zu befragen, sondern mit diesen in einen echten Beziehungsraum einzutreten.<\/em><\/p>","protected":false},"excerpt":{"rendered":"<p>In unserer Kolumne \u00ab\u00dcbrigens\u2026\u00bb sinnieren abwechselnd Laura Colledani und Klaus Ammon von Management Tools \u00fcber Themen unserer Zeit. Diesmal geht es um die Kampagne von Denner mit dem gestohlenen Lidl-Herz.<\/p>\n","protected":false},"author":8,"featured_media":0,"comment_status":"closed","ping_status":"closed","sticky":false,"template":"","format":"standard","meta":{"_acf_changed":false,"_yoast_wpseo_focuskw":"Kreativit\u00e4t","_yoast_wpseo_metadesc":"Laura Colledani und Klaus Ammon von Management Tools sinnieren \u00fcber die Kampagne von Denner mit dem gestohlenen Lidl-Herz.","articlekey":"","footnotes":""},"categories":[29],"tags":[3197,306,339,4343,3578,520],"class_list":["post-41425","post","type-post","status-publish","format-standard","hentry","category-marketing","tag-kampagnen","tag-kolumne","tag-marketing","tag-markom","tag-werbewirkung","tag-werbung"],"acf":[],"yoast_head":"<!-- This site is optimized with the Yoast SEO plugin v27.4 - https:\/\/yoast.com\/product\/yoast-seo-wordpress\/ -->\n<title>\u00fcbrigens\u2026 Kreativit\u00e4t ist keine Garantie f\u00fcr Klarheit - Organisator<\/title>\n<meta name=\"description\" content=\"Laura Colledani und Klaus Ammon von Management Tools sinnieren \u00fcber die Kampagne von Denner mit dem gestohlenen Lidl-Herz.\" \/>\n<meta name=\"robots\" content=\"index, follow, max-snippet:-1, max-image-preview:large, max-video-preview:-1\" \/>\n<link rel=\"canonical\" href=\"https:\/\/www.organisator.ch\/de\/marketing\/2025-10-23\/uebrigens-kreativitaet-ist-keine-garantie-fuer-klarheit\/\" \/>\n<meta property=\"og:locale\" content=\"de_DE\" \/>\n<meta property=\"og:type\" content=\"article\" \/>\n<meta property=\"og:title\" content=\"\u00fcbrigens\u2026 Kreativit\u00e4t ist keine Garantie f\u00fcr Klarheit - Organisator\" \/>\n<meta property=\"og:description\" content=\"Laura Colledani und Klaus Ammon von Management Tools sinnieren \u00fcber die Kampagne von Denner mit dem gestohlenen Lidl-Herz.\" \/>\n<meta property=\"og:url\" content=\"https:\/\/www.organisator.ch\/de\/marketing\/2025-10-23\/uebrigens-kreativitaet-ist-keine-garantie-fuer-klarheit\/\" \/>\n<meta property=\"og:site_name\" content=\"Organisator\" \/>\n<meta property=\"article:publisher\" content=\"https:\/\/www.facebook.com\/OrganisatorFachmagazin\" \/>\n<meta property=\"article:published_time\" content=\"2025-10-23T08:01:42+00:00\" \/>\n<meta name=\"author\" content=\"galledia\" \/>\n<meta name=\"twitter:card\" content=\"summary_large_image\" \/>\n<meta name=\"twitter:creator\" content=\"@admin\" \/>\n<script type=\"application\/ld+json\" class=\"yoast-schema-graph\">{\"@context\":\"https:\\\/\\\/schema.org\",\"@graph\":[{\"@type\":\"Article\",\"@id\":\"https:\\\/\\\/www.organisator.ch\\\/marketing\\\/2025-10-23\\\/uebrigens-kreativitaet-ist-keine-garantie-fuer-klarheit\\\/#article\",\"isPartOf\":{\"@id\":\"https:\\\/\\\/www.organisator.ch\\\/marketing\\\/2025-10-23\\\/uebrigens-kreativitaet-ist-keine-garantie-fuer-klarheit\\\/\"},\"author\":{\"name\":\"galledia\",\"@id\":\"https:\\\/\\\/www.organisator.ch\\\/#\\\/schema\\\/person\\\/4e51799071cd2dd1232ac003643ef5f0\"},\"headline\":\"\u00fcbrigens\u2026 Kreativit\u00e4t ist keine Garantie f\u00fcr Klarheit\",\"datePublished\":\"2025-10-23T08:01:42+00:00\",\"mainEntityOfPage\":{\"@id\":\"https:\\\/\\\/www.organisator.ch\\\/marketing\\\/2025-10-23\\\/uebrigens-kreativitaet-ist-keine-garantie-fuer-klarheit\\\/\"},\"wordCount\":538,\"publisher\":{\"@id\":\"https:\\\/\\\/www.organisator.ch\\\/#organization\"},\"image\":{\"@id\":\"https:\\\/\\\/www.organisator.ch\\\/marketing\\\/2025-10-23\\\/uebrigens-kreativitaet-ist-keine-garantie-fuer-klarheit\\\/#primaryimage\"},\"thumbnailUrl\":\"https:\\\/\\\/www.markt-kom.com\\\/wp-content\\\/uploads\\\/2025\\\/10\\\/Bildschirmfoto-2025-10-21-um-11.43.26.png\",\"keywords\":[\"Kampagnen\",\"Kolumne\",\"Marketing\",\"MarKom\",\"Werbewirkung\",\"Werbung\"],\"articleSection\":[\"MARKETING\"],\"inLanguage\":\"de\"},{\"@type\":\"WebPage\",\"@id\":\"https:\\\/\\\/www.organisator.ch\\\/marketing\\\/2025-10-23\\\/uebrigens-kreativitaet-ist-keine-garantie-fuer-klarheit\\\/\",\"url\":\"https:\\\/\\\/www.organisator.ch\\\/marketing\\\/2025-10-23\\\/uebrigens-kreativitaet-ist-keine-garantie-fuer-klarheit\\\/\",\"name\":\"\u00fcbrigens\u2026 Kreativit\u00e4t ist keine Garantie f\u00fcr Klarheit - Organisator\",\"isPartOf\":{\"@id\":\"https:\\\/\\\/www.organisator.ch\\\/#website\"},\"primaryImageOfPage\":{\"@id\":\"https:\\\/\\\/www.organisator.ch\\\/marketing\\\/2025-10-23\\\/uebrigens-kreativitaet-ist-keine-garantie-fuer-klarheit\\\/#primaryimage\"},\"image\":{\"@id\":\"https:\\\/\\\/www.organisator.ch\\\/marketing\\\/2025-10-23\\\/uebrigens-kreativitaet-ist-keine-garantie-fuer-klarheit\\\/#primaryimage\"},\"thumbnailUrl\":\"https:\\\/\\\/www.markt-kom.com\\\/wp-content\\\/uploads\\\/2025\\\/10\\\/Bildschirmfoto-2025-10-21-um-11.43.26.png\",\"datePublished\":\"2025-10-23T08:01:42+00:00\",\"description\":\"Laura Colledani und Klaus Ammon von Management Tools sinnieren \u00fcber die Kampagne von Denner mit dem gestohlenen Lidl-Herz.\",\"breadcrumb\":{\"@id\":\"https:\\\/\\\/www.organisator.ch\\\/marketing\\\/2025-10-23\\\/uebrigens-kreativitaet-ist-keine-garantie-fuer-klarheit\\\/#breadcrumb\"},\"inLanguage\":\"de\",\"potentialAction\":[{\"@type\":\"ReadAction\",\"target\":[\"https:\\\/\\\/www.organisator.ch\\\/marketing\\\/2025-10-23\\\/uebrigens-kreativitaet-ist-keine-garantie-fuer-klarheit\\\/\"]}]},{\"@type\":\"ImageObject\",\"inLanguage\":\"de\",\"@id\":\"https:\\\/\\\/www.organisator.ch\\\/marketing\\\/2025-10-23\\\/uebrigens-kreativitaet-ist-keine-garantie-fuer-klarheit\\\/#primaryimage\",\"url\":\"https:\\\/\\\/www.markt-kom.com\\\/wp-content\\\/uploads\\\/2025\\\/10\\\/Bildschirmfoto-2025-10-21-um-11.43.26.png\",\"contentUrl\":\"https:\\\/\\\/www.markt-kom.com\\\/wp-content\\\/uploads\\\/2025\\\/10\\\/Bildschirmfoto-2025-10-21-um-11.43.26.png\"},{\"@type\":\"BreadcrumbList\",\"@id\":\"https:\\\/\\\/www.organisator.ch\\\/marketing\\\/2025-10-23\\\/uebrigens-kreativitaet-ist-keine-garantie-fuer-klarheit\\\/#breadcrumb\",\"itemListElement\":[{\"@type\":\"ListItem\",\"position\":1,\"name\":\"Home\",\"item\":\"https:\\\/\\\/www.organisator.ch\\\/\"},{\"@type\":\"ListItem\",\"position\":2,\"name\":\"\u00fcbrigens\u2026 Kreativit\u00e4t ist keine Garantie f\u00fcr Klarheit\"}]},{\"@type\":\"WebSite\",\"@id\":\"https:\\\/\\\/www.organisator.ch\\\/#website\",\"url\":\"https:\\\/\\\/www.organisator.ch\\\/\",\"name\":\"Organisator\",\"description\":\"Kompetent. Praxisnah. Der ORGANISATOR bereitet in 10 Ausgaben pro Jahr die wesentlichen Themen f\u00fcr F\u00fchrungskr\u00e4fte von KMU auf.\",\"publisher\":{\"@id\":\"https:\\\/\\\/www.organisator.ch\\\/#organization\"},\"potentialAction\":[{\"@type\":\"SearchAction\",\"target\":{\"@type\":\"EntryPoint\",\"urlTemplate\":\"https:\\\/\\\/www.organisator.ch\\\/?s={search_term_string}\"},\"query-input\":{\"@type\":\"PropertyValueSpecification\",\"valueRequired\":true,\"valueName\":\"search_term_string\"}}],\"inLanguage\":\"de\"},{\"@type\":\"Organization\",\"@id\":\"https:\\\/\\\/www.organisator.ch\\\/#organization\",\"name\":\"Organisator\",\"url\":\"https:\\\/\\\/www.organisator.ch\\\/\",\"logo\":{\"@type\":\"ImageObject\",\"inLanguage\":\"de\",\"@id\":\"https:\\\/\\\/www.organisator.ch\\\/#\\\/schema\\\/logo\\\/image\\\/\",\"url\":\"https:\\\/\\\/www.organisator.ch\\\/wp-content\\\/uploads\\\/2022\\\/01\\\/Logo_Organisator_Website.png\",\"contentUrl\":\"https:\\\/\\\/www.organisator.ch\\\/wp-content\\\/uploads\\\/2022\\\/01\\\/Logo_Organisator_Website.png\",\"width\":800,\"height\":77,\"caption\":\"Organisator\"},\"image\":{\"@id\":\"https:\\\/\\\/www.organisator.ch\\\/#\\\/schema\\\/logo\\\/image\\\/\"},\"sameAs\":[\"https:\\\/\\\/www.facebook.com\\\/OrganisatorFachmagazin\",\"https:\\\/\\\/www.linkedin.com\\\/showcase\\\/organisator-das-magazin-fr-kmu\",\"https:\\\/\\\/www.xing.com\\\/news\\\/pages\\\/organisator-ch-695\",\"https:\\\/\\\/www.youtube.com\\\/channel\\\/UCGP2Sq0iWaZwT3BdIAQFYpw\"]},{\"@type\":\"Person\",\"@id\":\"https:\\\/\\\/www.organisator.ch\\\/#\\\/schema\\\/person\\\/4e51799071cd2dd1232ac003643ef5f0\",\"name\":\"galledia\",\"image\":{\"@type\":\"ImageObject\",\"inLanguage\":\"de\",\"@id\":\"https:\\\/\\\/secure.gravatar.com\\\/avatar\\\/78a7f90c01fc2bfc875782a0d4922b37cde2cf184ce347b91316d23cd7f69a36?s=96&d=mm&r=g\",\"url\":\"https:\\\/\\\/secure.gravatar.com\\\/avatar\\\/78a7f90c01fc2bfc875782a0d4922b37cde2cf184ce347b91316d23cd7f69a36?s=96&d=mm&r=g\",\"contentUrl\":\"https:\\\/\\\/secure.gravatar.com\\\/avatar\\\/78a7f90c01fc2bfc875782a0d4922b37cde2cf184ce347b91316d23cd7f69a36?s=96&d=mm&r=g\",\"caption\":\"galledia\"},\"sameAs\":[\"https:\\\/\\\/x.com\\\/admin\"],\"url\":\"https:\\\/\\\/www.organisator.ch\\\/de\\\/author\\\/galledia\\\/\"}]}<\/script>\n<!-- \/ Yoast SEO plugin. -->","yoast_head_json":{"title":"\u00fcbrigens\u2026 Kreativit\u00e4t ist keine Garantie f\u00fcr Klarheit - Organisator","description":"Laura Colledani und Klaus Ammon von Management Tools sinnieren \u00fcber die Kampagne von Denner mit dem gestohlenen Lidl-Herz.","robots":{"index":"index","follow":"follow","max-snippet":"max-snippet:-1","max-image-preview":"max-image-preview:large","max-video-preview":"max-video-preview:-1"},"canonical":"https:\/\/www.organisator.ch\/de\/marketing\/2025-10-23\/uebrigens-kreativitaet-ist-keine-garantie-fuer-klarheit\/","og_locale":"de_DE","og_type":"article","og_title":"\u00fcbrigens\u2026 Kreativit\u00e4t ist keine Garantie f\u00fcr Klarheit - Organisator","og_description":"Laura Colledani und Klaus Ammon von Management Tools sinnieren \u00fcber die Kampagne von Denner mit dem gestohlenen Lidl-Herz.","og_url":"https:\/\/www.organisator.ch\/de\/marketing\/2025-10-23\/uebrigens-kreativitaet-ist-keine-garantie-fuer-klarheit\/","og_site_name":"Organisator","article_publisher":"https:\/\/www.facebook.com\/OrganisatorFachmagazin","article_published_time":"2025-10-23T08:01:42+00:00","author":"galledia","twitter_card":"summary_large_image","twitter_creator":"@admin","schema":{"@context":"https:\/\/schema.org","@graph":[{"@type":"Article","@id":"https:\/\/www.organisator.ch\/marketing\/2025-10-23\/uebrigens-kreativitaet-ist-keine-garantie-fuer-klarheit\/#article","isPartOf":{"@id":"https:\/\/www.organisator.ch\/marketing\/2025-10-23\/uebrigens-kreativitaet-ist-keine-garantie-fuer-klarheit\/"},"author":{"name":"galledia","@id":"https:\/\/www.organisator.ch\/#\/schema\/person\/4e51799071cd2dd1232ac003643ef5f0"},"headline":"\u00fcbrigens\u2026 Kreativit\u00e4t ist keine Garantie f\u00fcr Klarheit","datePublished":"2025-10-23T08:01:42+00:00","mainEntityOfPage":{"@id":"https:\/\/www.organisator.ch\/marketing\/2025-10-23\/uebrigens-kreativitaet-ist-keine-garantie-fuer-klarheit\/"},"wordCount":538,"publisher":{"@id":"https:\/\/www.organisator.ch\/#organization"},"image":{"@id":"https:\/\/www.organisator.ch\/marketing\/2025-10-23\/uebrigens-kreativitaet-ist-keine-garantie-fuer-klarheit\/#primaryimage"},"thumbnailUrl":"https:\/\/www.markt-kom.com\/wp-content\/uploads\/2025\/10\/Bildschirmfoto-2025-10-21-um-11.43.26.png","keywords":["Kampagnen","Kolumne","Marketing","MarKom","Werbewirkung","Werbung"],"articleSection":["MARKETING"],"inLanguage":"de"},{"@type":"WebPage","@id":"https:\/\/www.organisator.ch\/marketing\/2025-10-23\/uebrigens-kreativitaet-ist-keine-garantie-fuer-klarheit\/","url":"https:\/\/www.organisator.ch\/marketing\/2025-10-23\/uebrigens-kreativitaet-ist-keine-garantie-fuer-klarheit\/","name":"\u00fcbrigens\u2026 Kreativit\u00e4t ist keine Garantie f\u00fcr Klarheit - Organisator","isPartOf":{"@id":"https:\/\/www.organisator.ch\/#website"},"primaryImageOfPage":{"@id":"https:\/\/www.organisator.ch\/marketing\/2025-10-23\/uebrigens-kreativitaet-ist-keine-garantie-fuer-klarheit\/#primaryimage"},"image":{"@id":"https:\/\/www.organisator.ch\/marketing\/2025-10-23\/uebrigens-kreativitaet-ist-keine-garantie-fuer-klarheit\/#primaryimage"},"thumbnailUrl":"https:\/\/www.markt-kom.com\/wp-content\/uploads\/2025\/10\/Bildschirmfoto-2025-10-21-um-11.43.26.png","datePublished":"2025-10-23T08:01:42+00:00","description":"Laura Colledani und Klaus Ammon von Management Tools sinnieren \u00fcber die Kampagne von Denner mit dem gestohlenen Lidl-Herz.","breadcrumb":{"@id":"https:\/\/www.organisator.ch\/marketing\/2025-10-23\/uebrigens-kreativitaet-ist-keine-garantie-fuer-klarheit\/#breadcrumb"},"inLanguage":"de","potentialAction":[{"@type":"ReadAction","target":["https:\/\/www.organisator.ch\/marketing\/2025-10-23\/uebrigens-kreativitaet-ist-keine-garantie-fuer-klarheit\/"]}]},{"@type":"ImageObject","inLanguage":"de","@id":"https:\/\/www.organisator.ch\/marketing\/2025-10-23\/uebrigens-kreativitaet-ist-keine-garantie-fuer-klarheit\/#primaryimage","url":"https:\/\/www.markt-kom.com\/wp-content\/uploads\/2025\/10\/Bildschirmfoto-2025-10-21-um-11.43.26.png","contentUrl":"https:\/\/www.markt-kom.com\/wp-content\/uploads\/2025\/10\/Bildschirmfoto-2025-10-21-um-11.43.26.png"},{"@type":"BreadcrumbList","@id":"https:\/\/www.organisator.ch\/marketing\/2025-10-23\/uebrigens-kreativitaet-ist-keine-garantie-fuer-klarheit\/#breadcrumb","itemListElement":[{"@type":"ListItem","position":1,"name":"Home","item":"https:\/\/www.organisator.ch\/"},{"@type":"ListItem","position":2,"name":"\u00fcbrigens\u2026 Kreativit\u00e4t ist keine Garantie f\u00fcr Klarheit"}]},{"@type":"WebSite","@id":"https:\/\/www.organisator.ch\/#website","url":"https:\/\/www.organisator.ch\/","name":"Organisator","description":"Kompetent. Praxisnah. Der ORGANISATOR bereitet in 10 Ausgaben pro Jahr die wesentlichen Themen f\u00fcr F\u00fchrungskr\u00e4fte von KMU auf.","publisher":{"@id":"https:\/\/www.organisator.ch\/#organization"},"potentialAction":[{"@type":"SearchAction","target":{"@type":"EntryPoint","urlTemplate":"https:\/\/www.organisator.ch\/?s={search_term_string}"},"query-input":{"@type":"PropertyValueSpecification","valueRequired":true,"valueName":"search_term_string"}}],"inLanguage":"de"},{"@type":"Organization","@id":"https:\/\/www.organisator.ch\/#organization","name":"Organisator","url":"https:\/\/www.organisator.ch\/","logo":{"@type":"ImageObject","inLanguage":"de","@id":"https:\/\/www.organisator.ch\/#\/schema\/logo\/image\/","url":"https:\/\/www.organisator.ch\/wp-content\/uploads\/2022\/01\/Logo_Organisator_Website.png","contentUrl":"https:\/\/www.organisator.ch\/wp-content\/uploads\/2022\/01\/Logo_Organisator_Website.png","width":800,"height":77,"caption":"Organisator"},"image":{"@id":"https:\/\/www.organisator.ch\/#\/schema\/logo\/image\/"},"sameAs":["https:\/\/www.facebook.com\/OrganisatorFachmagazin","https:\/\/www.linkedin.com\/showcase\/organisator-das-magazin-fr-kmu","https:\/\/www.xing.com\/news\/pages\/organisator-ch-695","https:\/\/www.youtube.com\/channel\/UCGP2Sq0iWaZwT3BdIAQFYpw"]},{"@type":"Person","@id":"https:\/\/www.organisator.ch\/#\/schema\/person\/4e51799071cd2dd1232ac003643ef5f0","name":"galledia","image":{"@type":"ImageObject","inLanguage":"de","@id":"https:\/\/secure.gravatar.com\/avatar\/78a7f90c01fc2bfc875782a0d4922b37cde2cf184ce347b91316d23cd7f69a36?s=96&d=mm&r=g","url":"https:\/\/secure.gravatar.com\/avatar\/78a7f90c01fc2bfc875782a0d4922b37cde2cf184ce347b91316d23cd7f69a36?s=96&d=mm&r=g","contentUrl":"https:\/\/secure.gravatar.com\/avatar\/78a7f90c01fc2bfc875782a0d4922b37cde2cf184ce347b91316d23cd7f69a36?s=96&d=mm&r=g","caption":"galledia"},"sameAs":["https:\/\/x.com\/admin"],"url":"https:\/\/www.organisator.ch\/de\/author\/galledia\/"}]}},"_links":{"self":[{"href":"https:\/\/www.organisator.ch\/de\/wp-json\/wp\/v2\/posts\/41425","targetHints":{"allow":["GET"]}}],"collection":[{"href":"https:\/\/www.organisator.ch\/de\/wp-json\/wp\/v2\/posts"}],"about":[{"href":"https:\/\/www.organisator.ch\/de\/wp-json\/wp\/v2\/types\/post"}],"author":[{"embeddable":true,"href":"https:\/\/www.organisator.ch\/de\/wp-json\/wp\/v2\/users\/8"}],"replies":[{"embeddable":true,"href":"https:\/\/www.organisator.ch\/de\/wp-json\/wp\/v2\/comments?post=41425"}],"version-history":[{"count":4,"href":"https:\/\/www.organisator.ch\/de\/wp-json\/wp\/v2\/posts\/41425\/revisions"}],"predecessor-version":[{"id":41475,"href":"https:\/\/www.organisator.ch\/de\/wp-json\/wp\/v2\/posts\/41425\/revisions\/41475"}],"wp:attachment":[{"href":"https:\/\/www.organisator.ch\/de\/wp-json\/wp\/v2\/media?parent=41425"}],"wp:term":[{"taxonomy":"category","embeddable":true,"href":"https:\/\/www.organisator.ch\/de\/wp-json\/wp\/v2\/categories?post=41425"},{"taxonomy":"post_tag","embeddable":true,"href":"https:\/\/www.organisator.ch\/de\/wp-json\/wp\/v2\/tags?post=41425"}],"curies":[{"name":"wp","href":"https:\/\/api.w.org\/{rel}","templated":true}]}}