{"id":41429,"date":"2025-10-22T09:46:49","date_gmt":"2025-10-22T07:46:49","guid":{"rendered":"https:\/\/www.organisator.ch\/?p=41429"},"modified":"2025-10-22T09:46:49","modified_gmt":"2025-10-22T07:46:49","slug":"schweizer-cfos-fordern-mehr-freihandel","status":"publish","type":"post","link":"https:\/\/www.organisator.ch\/de\/management\/2025-10-22\/schweizer-cfos-fordern-mehr-freihandel\/","title":{"rendered":"Schweizer CFOs fordern mehr Freihandel"},"content":{"rendered":"<figure id=\"attachment_41434\" aria-describedby=\"caption-attachment-41434\" style=\"width: 680px\" class=\"wp-caption alignnone\"><img loading=\"lazy\" decoding=\"async\" class=\"size-full wp-image-41434\" src=\"https:\/\/www.organisator.ch\/wp-content\/uploads\/2025\/10\/Schweizer-CFOs-fordern-mehr-Freihandel-1_Organisator.jpg\" alt=\"\" width=\"680\" height=\"536\" srcset=\"https:\/\/www.organisator.ch\/wp-content\/uploads\/2025\/10\/Schweizer-CFOs-fordern-mehr-Freihandel-1_Organisator.jpg 680w, https:\/\/www.organisator.ch\/wp-content\/uploads\/2025\/10\/Schweizer-CFOs-fordern-mehr-Freihandel-1_Organisator-15x12.jpg 15w, https:\/\/www.organisator.ch\/wp-content\/uploads\/2025\/10\/Schweizer-CFOs-fordern-mehr-Freihandel-1_Organisator-375x296.jpg 375w, https:\/\/www.organisator.ch\/wp-content\/uploads\/2025\/10\/Schweizer-CFOs-fordern-mehr-Freihandel-1_Organisator-444x350.jpg 444w\" sizes=\"auto, (max-width: 680px) 100vw, 680px\" \/><figcaption id=\"caption-attachment-41434\" class=\"wp-caption-text\">Abbildung 1: Erwartete Konjunkturaussichten der CFOs f\u00fcr die Schweiz und Gesch\u00e4ftsaussichten f\u00fcr das eigene Unternehmen in den n\u00e4chsten 12 Monaten. Die Grafik zeigt nicht die absoluten Zahlen, sondern die Nettosalden: positive Nennungen minus negative Nennungen. (Quelle: Deloitte)<\/figcaption><\/figure>\n<p>Die Erwartungen der CFOs zur wirtschaftlichen Entwicklung in der Schweiz haben sich seit dem Tiefpunkt nach dem Zollschock im Fr\u00fchjahr merklich verbessert (siehe Abbildung 1), bleiben f\u00fcr die Schweiz aber verhalten: 37 Prozent gehen von einer negativen oder sehr negativen Konjunkturentwicklung aus, 24 Prozent sind positiv oder sehr positiv gestimmt, wie aus der aktuellen CFO-Umfrage des Pr\u00fcfungs- und Beratungsunternehmens Deloitte Schweiz hervorgeht. 119 CFOs aus allen wichtigen Branchen und sowohl von kotierten als auch von nicht kotierten Unternehmen haben daran teilgenommen.<\/p>\n<h3>Finanzielle Entwicklungen: Nur die H\u00e4lfte der CFOs ist optimistisch<\/h3>\n<p>Auch auf Unternehmensebene zeichnet sich eine Erholung ab. \u00dcber die H\u00e4lfte (52%) der befragten CFOs blickt optimistisch auf die finanzielle Entwicklung ihres Unternehmens in den n\u00e4chsten zw\u00f6lf Monaten, im April waren es noch weniger als halb so viele (23%). 36 Prozent erwarten zudem steigende Margen.<\/p>\n<p>In der Einsch\u00e4tzung mit Blick auf die wichtigsten Handelspartner zeigen sich eklatante Unterschiede: W\u00e4hrend die CFOs die wirtschaftliche Entwicklung der USA und Deutschlands f\u00fcr die kommenden zw\u00f6lf Monate weiterhin sehr negativ einsch\u00e4tzen (USA: 62% negativ oder sehr negativ; Deutschland: 48% negativ oder sehr negativ), beurteilen sie die Aussichten f\u00fcr China wesentlich positiver (39% positiv oder sehr positiv).<\/p>\n<h3>Arbeitsplatzverlagerungen<\/h3>\n<p>Der starke Franken und die im August eingef\u00fchrten US-Einfuhrz\u00f6lle von 39 Prozent auf verschiedene Schweizer Exporte setzen den Wirtschaftsstandort Schweiz unter Druck. Dies zeigt sich auch in der Personalplanung: Mehr als ein Drittel der befragten CFOs (37%) erwartet deshalb, dass ihr Unternehmen in den kommenden zw\u00f6lf Monaten in der Schweiz Stellen abbauen wird. Gleichzeitig rechnen \u00e4hnlich viele (35%) damit, dass die Anzahl ihrer Mitarbeitenden im Ausland wachsen wird, was auf eine Arbeitsplatzverlagerung ins Ausland hindeutet.<\/p>\n<p>\u00abInternational sehen wir grosse Unsicherheiten, die CFOs sind trotz der anspruchsvollen Lage aber relativ positiv gestimmt. Die Vergangenheit hat gezeigt, dass Schweizer Unternehmen gut darin sind, mit schwierigen Situationen umzugehen und sich anzupassen. Die Unternehmen setzen auf ihre Erfahrung und Agilit\u00e4t, um die aktuellen Herausforderungen zu meistern. Entscheidend wird nun sein, dass die Politik die wirtschaftlichen Rahmenbedingungen verbessert und h\u00e4ngige Reformen anpackt\u00bb, sagt Alessandro Miolo, Leiter Audit &amp; Assurance bei Deloitte Schweiz.<\/p>\n<h3>Globale Risiken bestimmen Sorgenbarometer<\/h3>\n<p>Die gr\u00f6ssten Unternehmensrisiken sind denn auch allesamt gepr\u00e4gt von internationalen Faktoren: Geopolitische Herausforderungen stehen unver\u00e4ndert auf Platz eins des Sorgenbarometers der befragten CFOs, gefolgt von Handelskonflikten und W\u00e4hrungsrisiken, die stark an Bedeutung gewonnen haben. Der schw\u00e4chere US-Dollar gegen\u00fcber dem Franken erschwert die Exportbedingungen zus\u00e4tzlich.<\/p>\n<h3>Mehr Freihandel und Sicherung des liberalen Arbeitsmarkts<\/h3>\n<p>Unternehmen reagieren auf die gestiegenen Handelshemmnisse vor allem mit Anpassungen der Verkaufspreise (34%) und Kostenreduktionen (27%). 9 Prozent erw\u00e4gen eine Verlagerung ihrer Produktion ins Ausland oder zwischen ausl\u00e4ndischen Standorten. Gleichzeitig sehen viele CFOs die aktuelle Krise als Chance, verst\u00e4rkt in Technologie und neue Gesch\u00e4ftsfelder zu investieren, um ihre Wettbewerbsf\u00e4higkeit und Resilienz langfristig zu st\u00e4rken.<\/p>\n<figure id=\"attachment_41435\" aria-describedby=\"caption-attachment-41435\" style=\"width: 680px\" class=\"wp-caption alignnone\"><img loading=\"lazy\" decoding=\"async\" class=\"size-full wp-image-41435\" src=\"https:\/\/www.organisator.ch\/wp-content\/uploads\/2025\/10\/Schweizer-CFOs-fordern-mehr-Freihandel-2_Organisator.jpg\" alt=\"\" width=\"680\" height=\"435\" srcset=\"https:\/\/www.organisator.ch\/wp-content\/uploads\/2025\/10\/Schweizer-CFOs-fordern-mehr-Freihandel-2_Organisator.jpg 680w, https:\/\/www.organisator.ch\/wp-content\/uploads\/2025\/10\/Schweizer-CFOs-fordern-mehr-Freihandel-2_Organisator-18x12.jpg 18w, https:\/\/www.organisator.ch\/wp-content\/uploads\/2025\/10\/Schweizer-CFOs-fordern-mehr-Freihandel-2_Organisator-375x240.jpg 375w, https:\/\/www.organisator.ch\/wp-content\/uploads\/2025\/10\/Schweizer-CFOs-fordern-mehr-Freihandel-2_Organisator-547x350.jpg 547w\" sizes=\"auto, (max-width: 680px) 100vw, 680px\" \/><figcaption id=\"caption-attachment-41435\" class=\"wp-caption-text\">Abbildung 2: Politische Massnahmen, welche die Schweiz aus Sicht der CFOs umsetzen sollte. (Grafik: Deloitte)<\/figcaption><\/figure>\n<p>Durch externe Faktoren, wie die US-Z\u00f6lle und geopolitische Spannungen, steht der Standort Schweiz stark unter Druck. Die befragten CFOs fordern daher gezielte Massnahmen zur Verbesserung der Standortattraktivit\u00e4t (siehe Abbildung 2). An erster Stelle stehen dabei die Forderung nach weiteren Verhandlungen zur Reduktion der US-Z\u00f6lle auf Schweizer Exporte und weitere Freihandelsabkommen mit anderen Staaten (beide je 55% Zustimmung). Danach folgt der Abschluss der neuen Vertr\u00e4ge mit der EU (51% Zustimmung). Die Sicherung des liberalen Schweizer Arbeitsmarkts ist immerhin noch 44 Prozent der Befragten wichtig. Andere Massnahmen, wie die Aussetzung der OECD-Mindeststeuer oder generelle steuerliche Entlastungen, werden nur von wenigen CFOs (je 18%) als Teil der Top-5-Massnahmen angesehen.<\/p>\n<p><em>Quelle: <a href=\"http:\/\/www.deloitte.ch\">Deloitte<\/a><\/em><\/p>\n","protected":false},"excerpt":{"rendered":"<p>Trotz andauernder geopolitischer Spannungen, Handelskonflikte und neuer US-Z\u00f6lle zeigen sich Schweizer Finanzchefs zuversichtlicher als im Fr\u00fchling. Viele rechnen aber mit einem weiterhin schwierigen wirtschaftlichen Umfeld und fordern Massnahmen von der Politik f\u00fcr mehr Freihandel, wie die aktuelle CFO-Umfrage von Deloitte zeigt. \u00dcber ein Drittel der CFOs planen derweil einen Stellenabbau in der Schweiz.<\/p>\n","protected":false},"author":4,"featured_media":41434,"comment_status":"closed","ping_status":"closed","sticky":false,"template":"","format":"standard","meta":{"_acf_changed":false,"_yoast_wpseo_focuskw":"Freihandel","_yoast_wpseo_metadesc":"Schweizer Finanzchefs zeigen sich zuversichtlicher als im Fr\u00fchling, fordern aber mehr Freihandel. Dies zeigt eine Studie von Deloitte.","articlekey":"","footnotes":""},"categories":[28],"tags":[202,310,335,531],"class_list":["post-41429","post","type-post","status-publish","format-standard","has-post-thumbnail","hentry","category-management","tag-finanzenrecht","tag-konjunktur","tag-management-und-unternehmensfuehrung","tag-wirtschaftspolitik"],"acf":[],"yoast_head":"<!-- This site is optimized with the Yoast SEO plugin v27.4 - https:\/\/yoast.com\/product\/yoast-seo-wordpress\/ -->\n<title>Schweizer CFOs fordern mehr Freihandel - Organisator<\/title>\n<meta name=\"description\" content=\"Schweizer Finanzchefs zeigen sich zuversichtlicher als im Fr\u00fchling, fordern aber mehr Freihandel. Dies zeigt eine Studie von Deloitte.\" \/>\n<meta name=\"robots\" content=\"index, follow, max-snippet:-1, max-image-preview:large, max-video-preview:-1\" \/>\n<link rel=\"canonical\" href=\"https:\/\/www.organisator.ch\/de\/management\/2025-10-22\/schweizer-cfos-fordern-mehr-freihandel\/\" \/>\n<meta property=\"og:locale\" content=\"de_DE\" \/>\n<meta property=\"og:type\" content=\"article\" \/>\n<meta property=\"og:title\" content=\"Schweizer CFOs fordern mehr Freihandel\" \/>\n<meta property=\"og:description\" content=\"Schweizer Finanzchefs zeigen sich zuversichtlicher als im Fr\u00fchling, fordern aber mehr Freihandel. Dies zeigt eine Studie von Deloitte.\" \/>\n<meta property=\"og:url\" content=\"https:\/\/www.organisator.ch\/de\/management\/2025-10-22\/schweizer-cfos-fordern-mehr-freihandel\/\" \/>\n<meta property=\"og:site_name\" content=\"Organisator\" \/>\n<meta property=\"article:publisher\" content=\"https:\/\/www.facebook.com\/OrganisatorFachmagazin\" \/>\n<meta property=\"article:published_time\" content=\"2025-10-22T07:46:49+00:00\" \/>\n<meta property=\"og:image\" content=\"https:\/\/www.organisator.ch\/wp-content\/uploads\/2025\/10\/Schweizer-CFOs-fordern-mehr-Freihandel-1_Organisator.jpg\" \/>\n\t<meta property=\"og:image:width\" content=\"680\" \/>\n\t<meta property=\"og:image:height\" content=\"536\" \/>\n\t<meta property=\"og:image:type\" content=\"image\/jpeg\" \/>\n<meta name=\"author\" content=\"thomas.berner\" \/>\n<meta name=\"twitter:card\" content=\"summary_large_image\" \/>\n<meta name=\"twitter:title\" content=\"Schweizer #CFOs fordern mehr #Freihandel\" \/>\n<meta name=\"twitter:description\" content=\"Schweizer #Finanzchefs zeigen sich zuversichtlicher als im Fr\u00fchling, fordern aber mehr #Freihandel. Dies zeigt eine Studie von #Deloitte.\" \/>\n<meta name=\"twitter:image\" content=\"https:\/\/www.organisator.ch\/wp-content\/uploads\/2025\/10\/Schweizer-CFOs-fordern-mehr-Freihandel-1_Organisator.jpg\" \/>\n<script type=\"application\/ld+json\" class=\"yoast-schema-graph\">{\"@context\":\"https:\\\/\\\/schema.org\",\"@graph\":[{\"@type\":\"Article\",\"@id\":\"https:\\\/\\\/www.organisator.ch\\\/management\\\/2025-10-22\\\/schweizer-cfos-fordern-mehr-freihandel\\\/#article\",\"isPartOf\":{\"@id\":\"https:\\\/\\\/www.organisator.ch\\\/management\\\/2025-10-22\\\/schweizer-cfos-fordern-mehr-freihandel\\\/\"},\"author\":{\"name\":\"thomas.berner\",\"@id\":\"https:\\\/\\\/www.organisator.ch\\\/#\\\/schema\\\/person\\\/6f650f90b2842cd4c0cc334b4e36f67e\"},\"headline\":\"Schweizer CFOs fordern mehr Freihandel\",\"datePublished\":\"2025-10-22T07:46:49+00:00\",\"mainEntityOfPage\":{\"@id\":\"https:\\\/\\\/www.organisator.ch\\\/management\\\/2025-10-22\\\/schweizer-cfos-fordern-mehr-freihandel\\\/\"},\"wordCount\":644,\"publisher\":{\"@id\":\"https:\\\/\\\/www.organisator.ch\\\/#organization\"},\"image\":{\"@id\":\"https:\\\/\\\/www.organisator.ch\\\/management\\\/2025-10-22\\\/schweizer-cfos-fordern-mehr-freihandel\\\/#primaryimage\"},\"thumbnailUrl\":\"https:\\\/\\\/www.organisator.ch\\\/wp-content\\\/uploads\\\/2025\\\/10\\\/Schweizer-CFOs-fordern-mehr-Freihandel-1_Organisator.jpg\",\"keywords\":[\"Finanzen\\\/Recht\",\"Konjunktur\",\"Management und Unternehmensf\u00fchrung\",\"Wirtschaftspolitik\"],\"articleSection\":[\"MANAGEMENT\"],\"inLanguage\":\"de\"},{\"@type\":\"WebPage\",\"@id\":\"https:\\\/\\\/www.organisator.ch\\\/management\\\/2025-10-22\\\/schweizer-cfos-fordern-mehr-freihandel\\\/\",\"url\":\"https:\\\/\\\/www.organisator.ch\\\/management\\\/2025-10-22\\\/schweizer-cfos-fordern-mehr-freihandel\\\/\",\"name\":\"Schweizer CFOs fordern mehr Freihandel - Organisator\",\"isPartOf\":{\"@id\":\"https:\\\/\\\/www.organisator.ch\\\/#website\"},\"primaryImageOfPage\":{\"@id\":\"https:\\\/\\\/www.organisator.ch\\\/management\\\/2025-10-22\\\/schweizer-cfos-fordern-mehr-freihandel\\\/#primaryimage\"},\"image\":{\"@id\":\"https:\\\/\\\/www.organisator.ch\\\/management\\\/2025-10-22\\\/schweizer-cfos-fordern-mehr-freihandel\\\/#primaryimage\"},\"thumbnailUrl\":\"https:\\\/\\\/www.organisator.ch\\\/wp-content\\\/uploads\\\/2025\\\/10\\\/Schweizer-CFOs-fordern-mehr-Freihandel-1_Organisator.jpg\",\"datePublished\":\"2025-10-22T07:46:49+00:00\",\"description\":\"Schweizer Finanzchefs zeigen sich zuversichtlicher als im Fr\u00fchling, fordern aber mehr Freihandel. Dies zeigt eine Studie von Deloitte.\",\"breadcrumb\":{\"@id\":\"https:\\\/\\\/www.organisator.ch\\\/management\\\/2025-10-22\\\/schweizer-cfos-fordern-mehr-freihandel\\\/#breadcrumb\"},\"inLanguage\":\"de\",\"potentialAction\":[{\"@type\":\"ReadAction\",\"target\":[\"https:\\\/\\\/www.organisator.ch\\\/management\\\/2025-10-22\\\/schweizer-cfos-fordern-mehr-freihandel\\\/\"]}]},{\"@type\":\"ImageObject\",\"inLanguage\":\"de\",\"@id\":\"https:\\\/\\\/www.organisator.ch\\\/management\\\/2025-10-22\\\/schweizer-cfos-fordern-mehr-freihandel\\\/#primaryimage\",\"url\":\"https:\\\/\\\/www.organisator.ch\\\/wp-content\\\/uploads\\\/2025\\\/10\\\/Schweizer-CFOs-fordern-mehr-Freihandel-1_Organisator.jpg\",\"contentUrl\":\"https:\\\/\\\/www.organisator.ch\\\/wp-content\\\/uploads\\\/2025\\\/10\\\/Schweizer-CFOs-fordern-mehr-Freihandel-1_Organisator.jpg\",\"width\":680,\"height\":536,\"caption\":\"Abbildung 1: Erwartete Konjunkturaussichten der CFOs f\u00fcr die Schweiz und Gesch\u00e4ftsaussichten f\u00fcr das eigene Unternehmen in den n\u00e4chsten 12 Monaten. Die Grafik zeigt nicht die absoluten Zahlen, sondern die Nettosalden: positive Nennungen minus negative Nennungen. (Quelle: Deloitte)\"},{\"@type\":\"BreadcrumbList\",\"@id\":\"https:\\\/\\\/www.organisator.ch\\\/management\\\/2025-10-22\\\/schweizer-cfos-fordern-mehr-freihandel\\\/#breadcrumb\",\"itemListElement\":[{\"@type\":\"ListItem\",\"position\":1,\"name\":\"Home\",\"item\":\"https:\\\/\\\/www.organisator.ch\\\/\"},{\"@type\":\"ListItem\",\"position\":2,\"name\":\"Schweizer CFOs fordern mehr Freihandel\"}]},{\"@type\":\"WebSite\",\"@id\":\"https:\\\/\\\/www.organisator.ch\\\/#website\",\"url\":\"https:\\\/\\\/www.organisator.ch\\\/\",\"name\":\"Organisator\",\"description\":\"Kompetent. Praxisnah. Der ORGANISATOR bereitet in 10 Ausgaben pro Jahr die wesentlichen Themen f\u00fcr F\u00fchrungskr\u00e4fte von KMU auf.\",\"publisher\":{\"@id\":\"https:\\\/\\\/www.organisator.ch\\\/#organization\"},\"potentialAction\":[{\"@type\":\"SearchAction\",\"target\":{\"@type\":\"EntryPoint\",\"urlTemplate\":\"https:\\\/\\\/www.organisator.ch\\\/?s={search_term_string}\"},\"query-input\":{\"@type\":\"PropertyValueSpecification\",\"valueRequired\":true,\"valueName\":\"search_term_string\"}}],\"inLanguage\":\"de\"},{\"@type\":\"Organization\",\"@id\":\"https:\\\/\\\/www.organisator.ch\\\/#organization\",\"name\":\"Organisator\",\"url\":\"https:\\\/\\\/www.organisator.ch\\\/\",\"logo\":{\"@type\":\"ImageObject\",\"inLanguage\":\"de\",\"@id\":\"https:\\\/\\\/www.organisator.ch\\\/#\\\/schema\\\/logo\\\/image\\\/\",\"url\":\"https:\\\/\\\/www.organisator.ch\\\/wp-content\\\/uploads\\\/2022\\\/01\\\/Logo_Organisator_Website.png\",\"contentUrl\":\"https:\\\/\\\/www.organisator.ch\\\/wp-content\\\/uploads\\\/2022\\\/01\\\/Logo_Organisator_Website.png\",\"width\":800,\"height\":77,\"caption\":\"Organisator\"},\"image\":{\"@id\":\"https:\\\/\\\/www.organisator.ch\\\/#\\\/schema\\\/logo\\\/image\\\/\"},\"sameAs\":[\"https:\\\/\\\/www.facebook.com\\\/OrganisatorFachmagazin\",\"https:\\\/\\\/www.linkedin.com\\\/showcase\\\/organisator-das-magazin-fr-kmu\",\"https:\\\/\\\/www.xing.com\\\/news\\\/pages\\\/organisator-ch-695\",\"https:\\\/\\\/www.youtube.com\\\/channel\\\/UCGP2Sq0iWaZwT3BdIAQFYpw\"]},{\"@type\":\"Person\",\"@id\":\"https:\\\/\\\/www.organisator.ch\\\/#\\\/schema\\\/person\\\/6f650f90b2842cd4c0cc334b4e36f67e\",\"name\":\"thomas.berner\",\"image\":{\"@type\":\"ImageObject\",\"inLanguage\":\"de\",\"@id\":\"https:\\\/\\\/secure.gravatar.com\\\/avatar\\\/ac5001d2a36cb6c6cd3e50789007ffca834b477b74a2144564522e944eabff61?s=96&d=mm&r=g\",\"url\":\"https:\\\/\\\/secure.gravatar.com\\\/avatar\\\/ac5001d2a36cb6c6cd3e50789007ffca834b477b74a2144564522e944eabff61?s=96&d=mm&r=g\",\"contentUrl\":\"https:\\\/\\\/secure.gravatar.com\\\/avatar\\\/ac5001d2a36cb6c6cd3e50789007ffca834b477b74a2144564522e944eabff61?s=96&d=mm&r=g\",\"caption\":\"thomas.berner\"},\"url\":\"https:\\\/\\\/www.organisator.ch\\\/de\\\/author\\\/thomas-berner\\\/\"}]}<\/script>\n<!-- \/ Yoast SEO plugin. -->","yoast_head_json":{"title":"Schweizer CFOs fordern mehr Freihandel - Organisator","description":"Schweizer Finanzchefs zeigen sich zuversichtlicher als im Fr\u00fchling, fordern aber mehr Freihandel. Dies zeigt eine Studie von Deloitte.","robots":{"index":"index","follow":"follow","max-snippet":"max-snippet:-1","max-image-preview":"max-image-preview:large","max-video-preview":"max-video-preview:-1"},"canonical":"https:\/\/www.organisator.ch\/de\/management\/2025-10-22\/schweizer-cfos-fordern-mehr-freihandel\/","og_locale":"de_DE","og_type":"article","og_title":"Schweizer CFOs fordern mehr Freihandel","og_description":"Schweizer Finanzchefs zeigen sich zuversichtlicher als im Fr\u00fchling, fordern aber mehr Freihandel. Dies zeigt eine Studie von Deloitte.","og_url":"https:\/\/www.organisator.ch\/de\/management\/2025-10-22\/schweizer-cfos-fordern-mehr-freihandel\/","og_site_name":"Organisator","article_publisher":"https:\/\/www.facebook.com\/OrganisatorFachmagazin","article_published_time":"2025-10-22T07:46:49+00:00","og_image":[{"width":680,"height":536,"url":"https:\/\/www.organisator.ch\/wp-content\/uploads\/2025\/10\/Schweizer-CFOs-fordern-mehr-Freihandel-1_Organisator.jpg","type":"image\/jpeg"}],"author":"thomas.berner","twitter_card":"summary_large_image","twitter_title":"Schweizer #CFOs fordern mehr #Freihandel","twitter_description":"Schweizer #Finanzchefs zeigen sich zuversichtlicher als im Fr\u00fchling, fordern aber mehr #Freihandel. Dies zeigt eine Studie von #Deloitte.","twitter_image":"https:\/\/www.organisator.ch\/wp-content\/uploads\/2025\/10\/Schweizer-CFOs-fordern-mehr-Freihandel-1_Organisator.jpg","schema":{"@context":"https:\/\/schema.org","@graph":[{"@type":"Article","@id":"https:\/\/www.organisator.ch\/management\/2025-10-22\/schweizer-cfos-fordern-mehr-freihandel\/#article","isPartOf":{"@id":"https:\/\/www.organisator.ch\/management\/2025-10-22\/schweizer-cfos-fordern-mehr-freihandel\/"},"author":{"name":"thomas.berner","@id":"https:\/\/www.organisator.ch\/#\/schema\/person\/6f650f90b2842cd4c0cc334b4e36f67e"},"headline":"Schweizer CFOs fordern mehr Freihandel","datePublished":"2025-10-22T07:46:49+00:00","mainEntityOfPage":{"@id":"https:\/\/www.organisator.ch\/management\/2025-10-22\/schweizer-cfos-fordern-mehr-freihandel\/"},"wordCount":644,"publisher":{"@id":"https:\/\/www.organisator.ch\/#organization"},"image":{"@id":"https:\/\/www.organisator.ch\/management\/2025-10-22\/schweizer-cfos-fordern-mehr-freihandel\/#primaryimage"},"thumbnailUrl":"https:\/\/www.organisator.ch\/wp-content\/uploads\/2025\/10\/Schweizer-CFOs-fordern-mehr-Freihandel-1_Organisator.jpg","keywords":["Finanzen\/Recht","Konjunktur","Management und Unternehmensf\u00fchrung","Wirtschaftspolitik"],"articleSection":["MANAGEMENT"],"inLanguage":"de"},{"@type":"WebPage","@id":"https:\/\/www.organisator.ch\/management\/2025-10-22\/schweizer-cfos-fordern-mehr-freihandel\/","url":"https:\/\/www.organisator.ch\/management\/2025-10-22\/schweizer-cfos-fordern-mehr-freihandel\/","name":"Schweizer CFOs fordern mehr Freihandel - Organisator","isPartOf":{"@id":"https:\/\/www.organisator.ch\/#website"},"primaryImageOfPage":{"@id":"https:\/\/www.organisator.ch\/management\/2025-10-22\/schweizer-cfos-fordern-mehr-freihandel\/#primaryimage"},"image":{"@id":"https:\/\/www.organisator.ch\/management\/2025-10-22\/schweizer-cfos-fordern-mehr-freihandel\/#primaryimage"},"thumbnailUrl":"https:\/\/www.organisator.ch\/wp-content\/uploads\/2025\/10\/Schweizer-CFOs-fordern-mehr-Freihandel-1_Organisator.jpg","datePublished":"2025-10-22T07:46:49+00:00","description":"Schweizer Finanzchefs zeigen sich zuversichtlicher als im Fr\u00fchling, fordern aber mehr Freihandel. Dies zeigt eine Studie von Deloitte.","breadcrumb":{"@id":"https:\/\/www.organisator.ch\/management\/2025-10-22\/schweizer-cfos-fordern-mehr-freihandel\/#breadcrumb"},"inLanguage":"de","potentialAction":[{"@type":"ReadAction","target":["https:\/\/www.organisator.ch\/management\/2025-10-22\/schweizer-cfos-fordern-mehr-freihandel\/"]}]},{"@type":"ImageObject","inLanguage":"de","@id":"https:\/\/www.organisator.ch\/management\/2025-10-22\/schweizer-cfos-fordern-mehr-freihandel\/#primaryimage","url":"https:\/\/www.organisator.ch\/wp-content\/uploads\/2025\/10\/Schweizer-CFOs-fordern-mehr-Freihandel-1_Organisator.jpg","contentUrl":"https:\/\/www.organisator.ch\/wp-content\/uploads\/2025\/10\/Schweizer-CFOs-fordern-mehr-Freihandel-1_Organisator.jpg","width":680,"height":536,"caption":"Abbildung 1: Erwartete Konjunkturaussichten der CFOs f\u00fcr die Schweiz und Gesch\u00e4ftsaussichten f\u00fcr das eigene Unternehmen in den n\u00e4chsten 12 Monaten. Die Grafik zeigt nicht die absoluten Zahlen, sondern die Nettosalden: positive Nennungen minus negative Nennungen. (Quelle: Deloitte)"},{"@type":"BreadcrumbList","@id":"https:\/\/www.organisator.ch\/management\/2025-10-22\/schweizer-cfos-fordern-mehr-freihandel\/#breadcrumb","itemListElement":[{"@type":"ListItem","position":1,"name":"Home","item":"https:\/\/www.organisator.ch\/"},{"@type":"ListItem","position":2,"name":"Schweizer CFOs fordern mehr Freihandel"}]},{"@type":"WebSite","@id":"https:\/\/www.organisator.ch\/#website","url":"https:\/\/www.organisator.ch\/","name":"Organisator","description":"Kompetent. Praxisnah. Der ORGANISATOR bereitet in 10 Ausgaben pro Jahr die wesentlichen Themen f\u00fcr F\u00fchrungskr\u00e4fte von KMU auf.","publisher":{"@id":"https:\/\/www.organisator.ch\/#organization"},"potentialAction":[{"@type":"SearchAction","target":{"@type":"EntryPoint","urlTemplate":"https:\/\/www.organisator.ch\/?s={search_term_string}"},"query-input":{"@type":"PropertyValueSpecification","valueRequired":true,"valueName":"search_term_string"}}],"inLanguage":"de"},{"@type":"Organization","@id":"https:\/\/www.organisator.ch\/#organization","name":"Organisator","url":"https:\/\/www.organisator.ch\/","logo":{"@type":"ImageObject","inLanguage":"de","@id":"https:\/\/www.organisator.ch\/#\/schema\/logo\/image\/","url":"https:\/\/www.organisator.ch\/wp-content\/uploads\/2022\/01\/Logo_Organisator_Website.png","contentUrl":"https:\/\/www.organisator.ch\/wp-content\/uploads\/2022\/01\/Logo_Organisator_Website.png","width":800,"height":77,"caption":"Organisator"},"image":{"@id":"https:\/\/www.organisator.ch\/#\/schema\/logo\/image\/"},"sameAs":["https:\/\/www.facebook.com\/OrganisatorFachmagazin","https:\/\/www.linkedin.com\/showcase\/organisator-das-magazin-fr-kmu","https:\/\/www.xing.com\/news\/pages\/organisator-ch-695","https:\/\/www.youtube.com\/channel\/UCGP2Sq0iWaZwT3BdIAQFYpw"]},{"@type":"Person","@id":"https:\/\/www.organisator.ch\/#\/schema\/person\/6f650f90b2842cd4c0cc334b4e36f67e","name":"thomas.berner","image":{"@type":"ImageObject","inLanguage":"de","@id":"https:\/\/secure.gravatar.com\/avatar\/ac5001d2a36cb6c6cd3e50789007ffca834b477b74a2144564522e944eabff61?s=96&d=mm&r=g","url":"https:\/\/secure.gravatar.com\/avatar\/ac5001d2a36cb6c6cd3e50789007ffca834b477b74a2144564522e944eabff61?s=96&d=mm&r=g","contentUrl":"https:\/\/secure.gravatar.com\/avatar\/ac5001d2a36cb6c6cd3e50789007ffca834b477b74a2144564522e944eabff61?s=96&d=mm&r=g","caption":"thomas.berner"},"url":"https:\/\/www.organisator.ch\/de\/author\/thomas-berner\/"}]}},"_links":{"self":[{"href":"https:\/\/www.organisator.ch\/de\/wp-json\/wp\/v2\/posts\/41429","targetHints":{"allow":["GET"]}}],"collection":[{"href":"https:\/\/www.organisator.ch\/de\/wp-json\/wp\/v2\/posts"}],"about":[{"href":"https:\/\/www.organisator.ch\/de\/wp-json\/wp\/v2\/types\/post"}],"author":[{"embeddable":true,"href":"https:\/\/www.organisator.ch\/de\/wp-json\/wp\/v2\/users\/4"}],"replies":[{"embeddable":true,"href":"https:\/\/www.organisator.ch\/de\/wp-json\/wp\/v2\/comments?post=41429"}],"version-history":[{"count":2,"href":"https:\/\/www.organisator.ch\/de\/wp-json\/wp\/v2\/posts\/41429\/revisions"}],"predecessor-version":[{"id":41450,"href":"https:\/\/www.organisator.ch\/de\/wp-json\/wp\/v2\/posts\/41429\/revisions\/41450"}],"wp:featuredmedia":[{"embeddable":true,"href":"https:\/\/www.organisator.ch\/de\/wp-json\/wp\/v2\/media\/41434"}],"wp:attachment":[{"href":"https:\/\/www.organisator.ch\/de\/wp-json\/wp\/v2\/media?parent=41429"}],"wp:term":[{"taxonomy":"category","embeddable":true,"href":"https:\/\/www.organisator.ch\/de\/wp-json\/wp\/v2\/categories?post=41429"},{"taxonomy":"post_tag","embeddable":true,"href":"https:\/\/www.organisator.ch\/de\/wp-json\/wp\/v2\/tags?post=41429"}],"curies":[{"name":"wp","href":"https:\/\/api.w.org\/{rel}","templated":true}]}}