{"id":41430,"date":"2025-10-22T08:36:52","date_gmt":"2025-10-22T06:36:52","guid":{"rendered":"https:\/\/www.m-q.ch\/?p=22056"},"modified":"2025-10-22T09:53:24","modified_gmt":"2025-10-22T07:53:24","slug":"plm-nutzer-fuehren-bei-der-ki-adoption","status":"publish","type":"post","link":"https:\/\/www.organisator.ch\/de\/operational-excellence\/2025-10-22\/plm-nutzer-fuehren-bei-der-ki-adoption\/","title":{"rendered":"PLM-Nutzer f\u00fchren bei der KI-Adoption"},"content":{"rendered":"<figure id=\"attachment_22057\" class=\"wp-caption alignnone\" style=\"width: 680px;\" aria-describedby=\"caption-attachment-22057\"><img class=\"size-full wp-image-22057\" src=\"https:\/\/www.m-q.ch\/wp-content\/uploads\/2025\/10\/PLM-Nutzer-fuehren-bei-der-KI-Adoption_MQ.jpg\" sizes=\"(max-width: 680px) 100vw, 680px\" srcset=\"https:\/\/www.m-q.ch\/wp-content\/uploads\/2025\/10\/PLM-Nutzer-fuehren-bei-der-KI-Adoption_MQ.jpg 680w, https:\/\/www.m-q.ch\/wp-content\/uploads\/2025\/10\/PLM-Nutzer-fuehren-bei-der-KI-Adoption_MQ-18x9.jpg 18w, https:\/\/www.m-q.ch\/wp-content\/uploads\/2025\/10\/PLM-Nutzer-fuehren-bei-der-KI-Adoption_MQ-375x197.jpg 375w, https:\/\/www.m-q.ch\/wp-content\/uploads\/2025\/10\/PLM-Nutzer-fuehren-bei-der-KI-Adoption_MQ-665x350.jpg 665w\" alt=\"\" width=\"680\" height=\"358\" \/>\r\n<figcaption id=\"caption-attachment-22057\" class=\"wp-caption-text\">Nachhaltigkeit macht Unternehmen erfolgreich. (Grafik: Aras)<\/figcaption>\r\n<\/figure>\r\n<p>Aras, ein Anbieter von Product-Lifecycle-Management- und Digital-Thread-L\u00f6sungen, hat im Januar 2025 eine Studie unter dem Titel \u201eDie Zukunft der Produktentwicklung \u2013 Product Lifecycle Management im Fokus\u201c durchgef\u00fchrt. Diese kommt \u2013 nat\u00fcrlich ganz im Sinne des Auftraggebers \u2013 zum Schluss, dass Unternehmen, die PLM-Systeme nutzen, bei der Integration von KI die Nase vorn haben. Sie sind ihren Konkurrenten dabei um 28 Prozentpunkte voraus, so die Studie. \u201eWir erleben die Etablierung einer neuen industriellen Hierarchie\u201c, erkl\u00e4rt Jens Rollenm\u00fcller, Regional Vice President bei Aras. \u201eUnternehmen, die ihre Abl\u00e4ufe um flexible, vernetzte PLM-Plattformen aufgebaut haben, profitieren von einem \u201asystemischen Vorteil\u2018: Sie reagieren nicht nur auf Disruptionen, sondern verwandeln sie in Wettbewerbsvorteile.\u201c<\/p>\r\n<h3>Einige Erkenntnisse im Detail<\/h3>\r\n<p>Die Umfragedaten legen bemerkenswerte Unterschiede in entscheidenden Gesch\u00e4ftsbereichen offen, beispielsweise:<\/p>\r\n<ul>\r\n\t<li>Produktentwicklung: W\u00e4hrend 87 Prozent der PLM-Nutzer KI in der Produktentwicklung einsetzen, sind es bei Unternehmen ohne PLM nur 59 Prozent. PLM-Nutzer profitieren von optimierten Prozessen, pr\u00e4diktiven F\u00e4higkeiten und beschleunigter Innovation.<\/li>\r\n\t<li>Regulatorische Bereitschaft: Mit Blick auf Europas Corporate Sustainability Reporting Directive und die kommenden Anforderungen f\u00fcr digitale Produktp\u00e4sse sind 88 Prozent der PLM-Nutzer compliance-bereit \u2013 im Vergleich zu nur 70 Prozent der Unternehmen ohne PLM-Infrastruktur.<\/li>\r\n\t<li>Digital-Thread-Kompetenz: 59 Prozent der PLM-Nutzer erachten den Digital Thread als gesch\u00e4ftskritisch, w\u00e4hrend dies nur f\u00fcr 35 Prozent der Unternehmen ohne PLM-Infrastruktur gilt. Diese Diskrepanz offenbart eine betr\u00e4chtliche L\u00fccke bei der digitalen Integration und der Zukunftsbereitschaft.<\/li>\r\n<\/ul>\r\n<h3><strong>Mehr als Software: Teil der strategischen Architektur<\/strong><\/h3>\r\n<p>Rollenm\u00fcller ist \u00fcberzeugt, dass Unternehmen durch die Implementierung einer PLM-Plattform an organisatorischer Kompetenz gewinnen. \u201eWer Design nahtlos mit dem Fertigungsprozess verkn\u00fcpft, Lieferantendaten mit Compliance-Anforderungen verzahnt und Marktanforderungen mit der Produktstrategie verbindet, agiert auf einer ganz anderen Ebene\u201c, sagt er. Laut dem Industrieexperten wird diese systematische Integration umso wichtiger, je komplexer die regulatorische Landschaft wird.<\/p>\r\n<p>Die Umfrageergebnisse zeigen: PLM-Nutzer meistern sowohl das Tagesgesch\u00e4ft als auch k\u00fcnftige Herausforderungen deutlich besser. In wichtigen Bereichen wie der KI-Adoption, der Implementierung digitaler Threads und der Regulierungs-Readiness verf\u00fcgen sie \u00fcber einen kontinuierlich wachsenden Wettbewerbsvorsprung. Rollenm\u00fcller sagt dazu: \u201eSie verwalten nicht nur Daten, sondern orchestrieren Entscheidungsprozesse, beschleunigen Innovationszyklen und schaffen organisatorische Intelligenz, die sich in Echtzeit an Marktver\u00e4nderungen anpasst.\u201c<\/p>\r\n<p><em>Quelle: <a href=\"http:\/\/www.aras.com\/\">Aras<\/a><\/em><\/p>\n<p class=\"syndicated-attribution\">Dieser Beitrag erschien urspr\u00fcnglich auf m-q.ch - <a href=\"https:\/\/www.m-q.ch\/de\/plm-nutzer-fuehren-bei-der-ki-adoption\/\" target=\"_blank\">https:\/\/www.m-q.ch\/de\/plm-nutzer-fuehren-bei-der-ki-adoption\/<\/a><\/p>","protected":false},"excerpt":{"rendered":"<p>Unternehmen, die Systeme zum Product Lifecycle Management (PLM) nutzen, sind bei der digitalen Transformation deutlich im Vorteil. Sie demonstrieren eine gr\u00f6ssere Resilienz, erreichen Nachhaltigkeitsziele schneller und meistern regulatorische Herausforderungen souver\u00e4ner als Unternehmen, die mit veralteten Insell\u00f6sungen arbeiten.<\/p>\n","protected":false},"author":8,"featured_media":0,"comment_status":"closed","ping_status":"closed","sticky":false,"template":"","format":"standard","meta":{"_acf_changed":false,"_yoast_wpseo_focuskw":"PLM-Nutzer","_yoast_wpseo_metadesc":"Unternehmen, die Systeme zum Product Lifecycle Management (PLM) nutzen, sind bei der digitalen Transformation deutlich im Vorteil.","articlekey":"","footnotes":""},"categories":[582],"tags":[103,156,3952,459],"class_list":["post-41430","post","type-post","status-publish","format-standard","hentry","category-operational-excellence","tag-business-excellence","tag-digitalisierung","tag-product-lifecycle-management","tag-studie"],"acf":[],"yoast_head":"<!-- This site is optimized with the Yoast SEO plugin v27.5 - https:\/\/yoast.com\/product\/yoast-seo-wordpress\/ -->\n<title>PLM-Nutzer f\u00fchren bei der KI-Adoption - Organisator<\/title>\n<meta name=\"description\" content=\"Unternehmen, die Systeme zum Product Lifecycle Management (PLM) nutzen, sind bei der digitalen Transformation deutlich im Vorteil.\" \/>\n<meta name=\"robots\" content=\"index, follow, max-snippet:-1, max-image-preview:large, max-video-preview:-1\" \/>\n<link rel=\"canonical\" href=\"https:\/\/www.organisator.ch\/de\/operational-excellence\/2025-10-22\/plm-nutzer-fuehren-bei-der-ki-adoption\/\" \/>\n<meta property=\"og:locale\" content=\"de_DE\" \/>\n<meta property=\"og:type\" content=\"article\" \/>\n<meta property=\"og:title\" content=\"PLM-Nutzer f\u00fchren bei der KI-Adoption - Organisator\" \/>\n<meta property=\"og:description\" content=\"Unternehmen, die Systeme zum Product Lifecycle Management (PLM) nutzen, sind bei der digitalen Transformation deutlich im Vorteil.\" \/>\n<meta property=\"og:url\" content=\"https:\/\/www.organisator.ch\/de\/operational-excellence\/2025-10-22\/plm-nutzer-fuehren-bei-der-ki-adoption\/\" \/>\n<meta property=\"og:site_name\" content=\"Organisator\" \/>\n<meta property=\"article:publisher\" content=\"https:\/\/www.facebook.com\/OrganisatorFachmagazin\" \/>\n<meta property=\"article:published_time\" content=\"2025-10-22T06:36:52+00:00\" \/>\n<meta property=\"article:modified_time\" content=\"2025-10-22T07:53:24+00:00\" \/>\n<meta name=\"author\" content=\"galledia\" \/>\n<meta name=\"twitter:card\" content=\"summary_large_image\" \/>\n<meta name=\"twitter:creator\" content=\"@admin\" \/>\n<script type=\"application\/ld+json\" class=\"yoast-schema-graph\">{\"@context\":\"https:\\\/\\\/schema.org\",\"@graph\":[{\"@type\":\"Article\",\"@id\":\"https:\\\/\\\/www.organisator.ch\\\/operational-excellence\\\/2025-10-22\\\/plm-nutzer-fuehren-bei-der-ki-adoption\\\/#article\",\"isPartOf\":{\"@id\":\"https:\\\/\\\/www.organisator.ch\\\/operational-excellence\\\/2025-10-22\\\/plm-nutzer-fuehren-bei-der-ki-adoption\\\/\"},\"author\":{\"name\":\"galledia\",\"@id\":\"https:\\\/\\\/www.organisator.ch\\\/#\\\/schema\\\/person\\\/4e51799071cd2dd1232ac003643ef5f0\"},\"headline\":\"PLM-Nutzer f\u00fchren bei der KI-Adoption\",\"datePublished\":\"2025-10-22T06:36:52+00:00\",\"dateModified\":\"2025-10-22T07:53:24+00:00\",\"mainEntityOfPage\":{\"@id\":\"https:\\\/\\\/www.organisator.ch\\\/operational-excellence\\\/2025-10-22\\\/plm-nutzer-fuehren-bei-der-ki-adoption\\\/\"},\"wordCount\":365,\"publisher\":{\"@id\":\"https:\\\/\\\/www.organisator.ch\\\/#organization\"},\"image\":{\"@id\":\"https:\\\/\\\/www.organisator.ch\\\/operational-excellence\\\/2025-10-22\\\/plm-nutzer-fuehren-bei-der-ki-adoption\\\/#primaryimage\"},\"thumbnailUrl\":\"https:\\\/\\\/www.m-q.ch\\\/wp-content\\\/uploads\\\/2025\\\/10\\\/PLM-Nutzer-fuehren-bei-der-KI-Adoption_MQ.jpg\",\"keywords\":[\"Business Excellence\",\"Digitalisierung\",\"Product Lifecycle Management\",\"Studie\"],\"articleSection\":[\"OPERATIONAL EXCELLENCE\"],\"inLanguage\":\"de\"},{\"@type\":\"WebPage\",\"@id\":\"https:\\\/\\\/www.organisator.ch\\\/operational-excellence\\\/2025-10-22\\\/plm-nutzer-fuehren-bei-der-ki-adoption\\\/\",\"url\":\"https:\\\/\\\/www.organisator.ch\\\/operational-excellence\\\/2025-10-22\\\/plm-nutzer-fuehren-bei-der-ki-adoption\\\/\",\"name\":\"PLM-Nutzer f\u00fchren bei der KI-Adoption - Organisator\",\"isPartOf\":{\"@id\":\"https:\\\/\\\/www.organisator.ch\\\/#website\"},\"primaryImageOfPage\":{\"@id\":\"https:\\\/\\\/www.organisator.ch\\\/operational-excellence\\\/2025-10-22\\\/plm-nutzer-fuehren-bei-der-ki-adoption\\\/#primaryimage\"},\"image\":{\"@id\":\"https:\\\/\\\/www.organisator.ch\\\/operational-excellence\\\/2025-10-22\\\/plm-nutzer-fuehren-bei-der-ki-adoption\\\/#primaryimage\"},\"thumbnailUrl\":\"https:\\\/\\\/www.m-q.ch\\\/wp-content\\\/uploads\\\/2025\\\/10\\\/PLM-Nutzer-fuehren-bei-der-KI-Adoption_MQ.jpg\",\"datePublished\":\"2025-10-22T06:36:52+00:00\",\"dateModified\":\"2025-10-22T07:53:24+00:00\",\"description\":\"Unternehmen, die Systeme zum Product Lifecycle Management (PLM) nutzen, sind bei der digitalen Transformation deutlich im Vorteil.\",\"breadcrumb\":{\"@id\":\"https:\\\/\\\/www.organisator.ch\\\/operational-excellence\\\/2025-10-22\\\/plm-nutzer-fuehren-bei-der-ki-adoption\\\/#breadcrumb\"},\"inLanguage\":\"de\",\"potentialAction\":[{\"@type\":\"ReadAction\",\"target\":[\"https:\\\/\\\/www.organisator.ch\\\/operational-excellence\\\/2025-10-22\\\/plm-nutzer-fuehren-bei-der-ki-adoption\\\/\"]}]},{\"@type\":\"ImageObject\",\"inLanguage\":\"de\",\"@id\":\"https:\\\/\\\/www.organisator.ch\\\/operational-excellence\\\/2025-10-22\\\/plm-nutzer-fuehren-bei-der-ki-adoption\\\/#primaryimage\",\"url\":\"https:\\\/\\\/www.m-q.ch\\\/wp-content\\\/uploads\\\/2025\\\/10\\\/PLM-Nutzer-fuehren-bei-der-KI-Adoption_MQ.jpg\",\"contentUrl\":\"https:\\\/\\\/www.m-q.ch\\\/wp-content\\\/uploads\\\/2025\\\/10\\\/PLM-Nutzer-fuehren-bei-der-KI-Adoption_MQ.jpg\"},{\"@type\":\"BreadcrumbList\",\"@id\":\"https:\\\/\\\/www.organisator.ch\\\/operational-excellence\\\/2025-10-22\\\/plm-nutzer-fuehren-bei-der-ki-adoption\\\/#breadcrumb\",\"itemListElement\":[{\"@type\":\"ListItem\",\"position\":1,\"name\":\"Home\",\"item\":\"https:\\\/\\\/www.organisator.ch\\\/\"},{\"@type\":\"ListItem\",\"position\":2,\"name\":\"PLM-Nutzer f\u00fchren bei der KI-Adoption\"}]},{\"@type\":\"WebSite\",\"@id\":\"https:\\\/\\\/www.organisator.ch\\\/#website\",\"url\":\"https:\\\/\\\/www.organisator.ch\\\/\",\"name\":\"Organisator\",\"description\":\"Kompetent. Praxisnah. Der ORGANISATOR bereitet in 10 Ausgaben pro Jahr die wesentlichen Themen f\u00fcr F\u00fchrungskr\u00e4fte von KMU auf.\",\"publisher\":{\"@id\":\"https:\\\/\\\/www.organisator.ch\\\/#organization\"},\"potentialAction\":[{\"@type\":\"SearchAction\",\"target\":{\"@type\":\"EntryPoint\",\"urlTemplate\":\"https:\\\/\\\/www.organisator.ch\\\/?s={search_term_string}\"},\"query-input\":{\"@type\":\"PropertyValueSpecification\",\"valueRequired\":true,\"valueName\":\"search_term_string\"}}],\"inLanguage\":\"de\"},{\"@type\":\"Organization\",\"@id\":\"https:\\\/\\\/www.organisator.ch\\\/#organization\",\"name\":\"Organisator\",\"url\":\"https:\\\/\\\/www.organisator.ch\\\/\",\"logo\":{\"@type\":\"ImageObject\",\"inLanguage\":\"de\",\"@id\":\"https:\\\/\\\/www.organisator.ch\\\/#\\\/schema\\\/logo\\\/image\\\/\",\"url\":\"https:\\\/\\\/www.organisator.ch\\\/wp-content\\\/uploads\\\/2022\\\/01\\\/Logo_Organisator_Website.png\",\"contentUrl\":\"https:\\\/\\\/www.organisator.ch\\\/wp-content\\\/uploads\\\/2022\\\/01\\\/Logo_Organisator_Website.png\",\"width\":800,\"height\":77,\"caption\":\"Organisator\"},\"image\":{\"@id\":\"https:\\\/\\\/www.organisator.ch\\\/#\\\/schema\\\/logo\\\/image\\\/\"},\"sameAs\":[\"https:\\\/\\\/www.facebook.com\\\/OrganisatorFachmagazin\",\"https:\\\/\\\/www.linkedin.com\\\/showcase\\\/organisator-das-magazin-fr-kmu\",\"https:\\\/\\\/www.xing.com\\\/news\\\/pages\\\/organisator-ch-695\",\"https:\\\/\\\/www.youtube.com\\\/channel\\\/UCGP2Sq0iWaZwT3BdIAQFYpw\"]},{\"@type\":\"Person\",\"@id\":\"https:\\\/\\\/www.organisator.ch\\\/#\\\/schema\\\/person\\\/4e51799071cd2dd1232ac003643ef5f0\",\"name\":\"galledia\",\"image\":{\"@type\":\"ImageObject\",\"inLanguage\":\"de\",\"@id\":\"https:\\\/\\\/secure.gravatar.com\\\/avatar\\\/78a7f90c01fc2bfc875782a0d4922b37cde2cf184ce347b91316d23cd7f69a36?s=96&d=mm&r=g\",\"url\":\"https:\\\/\\\/secure.gravatar.com\\\/avatar\\\/78a7f90c01fc2bfc875782a0d4922b37cde2cf184ce347b91316d23cd7f69a36?s=96&d=mm&r=g\",\"contentUrl\":\"https:\\\/\\\/secure.gravatar.com\\\/avatar\\\/78a7f90c01fc2bfc875782a0d4922b37cde2cf184ce347b91316d23cd7f69a36?s=96&d=mm&r=g\",\"caption\":\"galledia\"},\"sameAs\":[\"https:\\\/\\\/x.com\\\/admin\"],\"url\":\"https:\\\/\\\/www.organisator.ch\\\/de\\\/author\\\/galledia\\\/\"}]}<\/script>\n<!-- \/ Yoast SEO plugin. -->","yoast_head_json":{"title":"PLM-Nutzer f\u00fchren bei der KI-Adoption - Organisator","description":"Unternehmen, die Systeme zum Product Lifecycle Management (PLM) nutzen, sind bei der digitalen Transformation deutlich im Vorteil.","robots":{"index":"index","follow":"follow","max-snippet":"max-snippet:-1","max-image-preview":"max-image-preview:large","max-video-preview":"max-video-preview:-1"},"canonical":"https:\/\/www.organisator.ch\/de\/operational-excellence\/2025-10-22\/plm-nutzer-fuehren-bei-der-ki-adoption\/","og_locale":"de_DE","og_type":"article","og_title":"PLM-Nutzer f\u00fchren bei der KI-Adoption - Organisator","og_description":"Unternehmen, die Systeme zum Product Lifecycle Management (PLM) nutzen, sind bei der digitalen Transformation deutlich im Vorteil.","og_url":"https:\/\/www.organisator.ch\/de\/operational-excellence\/2025-10-22\/plm-nutzer-fuehren-bei-der-ki-adoption\/","og_site_name":"Organisator","article_publisher":"https:\/\/www.facebook.com\/OrganisatorFachmagazin","article_published_time":"2025-10-22T06:36:52+00:00","article_modified_time":"2025-10-22T07:53:24+00:00","author":"galledia","twitter_card":"summary_large_image","twitter_creator":"@admin","schema":{"@context":"https:\/\/schema.org","@graph":[{"@type":"Article","@id":"https:\/\/www.organisator.ch\/operational-excellence\/2025-10-22\/plm-nutzer-fuehren-bei-der-ki-adoption\/#article","isPartOf":{"@id":"https:\/\/www.organisator.ch\/operational-excellence\/2025-10-22\/plm-nutzer-fuehren-bei-der-ki-adoption\/"},"author":{"name":"galledia","@id":"https:\/\/www.organisator.ch\/#\/schema\/person\/4e51799071cd2dd1232ac003643ef5f0"},"headline":"PLM-Nutzer f\u00fchren bei der KI-Adoption","datePublished":"2025-10-22T06:36:52+00:00","dateModified":"2025-10-22T07:53:24+00:00","mainEntityOfPage":{"@id":"https:\/\/www.organisator.ch\/operational-excellence\/2025-10-22\/plm-nutzer-fuehren-bei-der-ki-adoption\/"},"wordCount":365,"publisher":{"@id":"https:\/\/www.organisator.ch\/#organization"},"image":{"@id":"https:\/\/www.organisator.ch\/operational-excellence\/2025-10-22\/plm-nutzer-fuehren-bei-der-ki-adoption\/#primaryimage"},"thumbnailUrl":"https:\/\/www.m-q.ch\/wp-content\/uploads\/2025\/10\/PLM-Nutzer-fuehren-bei-der-KI-Adoption_MQ.jpg","keywords":["Business Excellence","Digitalisierung","Product Lifecycle Management","Studie"],"articleSection":["OPERATIONAL EXCELLENCE"],"inLanguage":"de"},{"@type":"WebPage","@id":"https:\/\/www.organisator.ch\/operational-excellence\/2025-10-22\/plm-nutzer-fuehren-bei-der-ki-adoption\/","url":"https:\/\/www.organisator.ch\/operational-excellence\/2025-10-22\/plm-nutzer-fuehren-bei-der-ki-adoption\/","name":"PLM-Nutzer f\u00fchren bei der KI-Adoption - Organisator","isPartOf":{"@id":"https:\/\/www.organisator.ch\/#website"},"primaryImageOfPage":{"@id":"https:\/\/www.organisator.ch\/operational-excellence\/2025-10-22\/plm-nutzer-fuehren-bei-der-ki-adoption\/#primaryimage"},"image":{"@id":"https:\/\/www.organisator.ch\/operational-excellence\/2025-10-22\/plm-nutzer-fuehren-bei-der-ki-adoption\/#primaryimage"},"thumbnailUrl":"https:\/\/www.m-q.ch\/wp-content\/uploads\/2025\/10\/PLM-Nutzer-fuehren-bei-der-KI-Adoption_MQ.jpg","datePublished":"2025-10-22T06:36:52+00:00","dateModified":"2025-10-22T07:53:24+00:00","description":"Unternehmen, die Systeme zum Product Lifecycle Management (PLM) nutzen, sind bei der digitalen Transformation deutlich im Vorteil.","breadcrumb":{"@id":"https:\/\/www.organisator.ch\/operational-excellence\/2025-10-22\/plm-nutzer-fuehren-bei-der-ki-adoption\/#breadcrumb"},"inLanguage":"de","potentialAction":[{"@type":"ReadAction","target":["https:\/\/www.organisator.ch\/operational-excellence\/2025-10-22\/plm-nutzer-fuehren-bei-der-ki-adoption\/"]}]},{"@type":"ImageObject","inLanguage":"de","@id":"https:\/\/www.organisator.ch\/operational-excellence\/2025-10-22\/plm-nutzer-fuehren-bei-der-ki-adoption\/#primaryimage","url":"https:\/\/www.m-q.ch\/wp-content\/uploads\/2025\/10\/PLM-Nutzer-fuehren-bei-der-KI-Adoption_MQ.jpg","contentUrl":"https:\/\/www.m-q.ch\/wp-content\/uploads\/2025\/10\/PLM-Nutzer-fuehren-bei-der-KI-Adoption_MQ.jpg"},{"@type":"BreadcrumbList","@id":"https:\/\/www.organisator.ch\/operational-excellence\/2025-10-22\/plm-nutzer-fuehren-bei-der-ki-adoption\/#breadcrumb","itemListElement":[{"@type":"ListItem","position":1,"name":"Home","item":"https:\/\/www.organisator.ch\/"},{"@type":"ListItem","position":2,"name":"PLM-Nutzer f\u00fchren bei der KI-Adoption"}]},{"@type":"WebSite","@id":"https:\/\/www.organisator.ch\/#website","url":"https:\/\/www.organisator.ch\/","name":"Organisator","description":"Kompetent. Praxisnah. Der ORGANISATOR bereitet in 10 Ausgaben pro Jahr die wesentlichen Themen f\u00fcr F\u00fchrungskr\u00e4fte von KMU auf.","publisher":{"@id":"https:\/\/www.organisator.ch\/#organization"},"potentialAction":[{"@type":"SearchAction","target":{"@type":"EntryPoint","urlTemplate":"https:\/\/www.organisator.ch\/?s={search_term_string}"},"query-input":{"@type":"PropertyValueSpecification","valueRequired":true,"valueName":"search_term_string"}}],"inLanguage":"de"},{"@type":"Organization","@id":"https:\/\/www.organisator.ch\/#organization","name":"Organisator","url":"https:\/\/www.organisator.ch\/","logo":{"@type":"ImageObject","inLanguage":"de","@id":"https:\/\/www.organisator.ch\/#\/schema\/logo\/image\/","url":"https:\/\/www.organisator.ch\/wp-content\/uploads\/2022\/01\/Logo_Organisator_Website.png","contentUrl":"https:\/\/www.organisator.ch\/wp-content\/uploads\/2022\/01\/Logo_Organisator_Website.png","width":800,"height":77,"caption":"Organisator"},"image":{"@id":"https:\/\/www.organisator.ch\/#\/schema\/logo\/image\/"},"sameAs":["https:\/\/www.facebook.com\/OrganisatorFachmagazin","https:\/\/www.linkedin.com\/showcase\/organisator-das-magazin-fr-kmu","https:\/\/www.xing.com\/news\/pages\/organisator-ch-695","https:\/\/www.youtube.com\/channel\/UCGP2Sq0iWaZwT3BdIAQFYpw"]},{"@type":"Person","@id":"https:\/\/www.organisator.ch\/#\/schema\/person\/4e51799071cd2dd1232ac003643ef5f0","name":"galledia","image":{"@type":"ImageObject","inLanguage":"de","@id":"https:\/\/secure.gravatar.com\/avatar\/78a7f90c01fc2bfc875782a0d4922b37cde2cf184ce347b91316d23cd7f69a36?s=96&d=mm&r=g","url":"https:\/\/secure.gravatar.com\/avatar\/78a7f90c01fc2bfc875782a0d4922b37cde2cf184ce347b91316d23cd7f69a36?s=96&d=mm&r=g","contentUrl":"https:\/\/secure.gravatar.com\/avatar\/78a7f90c01fc2bfc875782a0d4922b37cde2cf184ce347b91316d23cd7f69a36?s=96&d=mm&r=g","caption":"galledia"},"sameAs":["https:\/\/x.com\/admin"],"url":"https:\/\/www.organisator.ch\/de\/author\/galledia\/"}]}},"_links":{"self":[{"href":"https:\/\/www.organisator.ch\/de\/wp-json\/wp\/v2\/posts\/41430","targetHints":{"allow":["GET"]}}],"collection":[{"href":"https:\/\/www.organisator.ch\/de\/wp-json\/wp\/v2\/posts"}],"about":[{"href":"https:\/\/www.organisator.ch\/de\/wp-json\/wp\/v2\/types\/post"}],"author":[{"embeddable":true,"href":"https:\/\/www.organisator.ch\/de\/wp-json\/wp\/v2\/users\/8"}],"replies":[{"embeddable":true,"href":"https:\/\/www.organisator.ch\/de\/wp-json\/wp\/v2\/comments?post=41430"}],"version-history":[{"count":9,"href":"https:\/\/www.organisator.ch\/de\/wp-json\/wp\/v2\/posts\/41430\/revisions"}],"predecessor-version":[{"id":41440,"href":"https:\/\/www.organisator.ch\/de\/wp-json\/wp\/v2\/posts\/41430\/revisions\/41440"}],"wp:attachment":[{"href":"https:\/\/www.organisator.ch\/de\/wp-json\/wp\/v2\/media?parent=41430"}],"wp:term":[{"taxonomy":"category","embeddable":true,"href":"https:\/\/www.organisator.ch\/de\/wp-json\/wp\/v2\/categories?post=41430"},{"taxonomy":"post_tag","embeddable":true,"href":"https:\/\/www.organisator.ch\/de\/wp-json\/wp\/v2\/tags?post=41430"}],"curies":[{"name":"wp","href":"https:\/\/api.w.org\/{rel}","templated":true}]}}