{"id":4157,"date":"2021-04-30T15:07:27","date_gmt":"2021-04-30T13:07:27","guid":{"rendered":"https:\/\/www.umweltperspektiven.ch\/?p=4157"},"modified":"2022-02-09T11:10:48","modified_gmt":"2022-02-09T10:10:48","slug":"abwasser-entdeckt-auch-neue-corona-mutationen","status":"publish","type":"post","link":"https:\/\/www.organisator.ch\/de\/sustainability\/2021-04-30\/abwasser-entdeckt-auch-neue-corona-mutationen\/","title":{"rendered":"Abwasser entdeckt auch neue Corona-Mutationen"},"content":{"rendered":"<figure id=\"attachment_4159\" aria-describedby=\"caption-attachment-4159\" style=\"width: 680px\" class=\"wp-caption alignleft\"><img loading=\"lazy\" decoding=\"async\" class=\"wp-image-4159 size-medium\" src=\"\/\/www.umweltperspektiven.ch\/wp-content\/uploads\/2021\/04\/Werdh\u00f6lzli_12-026.jpg\" alt=\"Abwassermonitoring\" width=\"680\" height=\"453\" \/><figcaption id=\"caption-attachment-4159\" class=\"wp-caption-text\">Der Menschen scheidet das Erbgut des Coronavirus (RNA) aus, weshalb es mittels Abwassermonitoring auf den Krankheitserreger hin \u00fcberpr\u00fcft werden kann. Foto: R. Str\u00e4ssle<\/figcaption><\/figure>\n<p>Die epidemiologische Lage will man im Griff haben. Um die Entwicklung der Corona-Pandemie m\u00f6glichst gut beurteilen zu k\u00f6nnen, m\u00f6chte der Kanton Z\u00fcrich auf aussagekr\u00e4ftige und verl\u00e4ssliche Daten verf\u00fcgen. Bis anhin standen den Verantwortlichen vor allem Meldedaten von Labors, Spit\u00e4lern und weiteren Gesundheitsbetrieben zur Verf\u00fcgung. Laut Z\u00fcrcher Gesundheitsdirektion ist die Zuverl\u00e4ssigkeit dieser Daten jedoch haupts\u00e4chlich vom Testverhalten der Bev\u00f6lkerung abh\u00e4ngig. Da neuerdings Schnelltests verf\u00fcgbar sind, habe sich dieses m\u00f6glicherweise ver\u00e4ndert, heisst es bei der Beh\u00f6rde.<\/p>\n<h2><strong>Abwassertests als Erg\u00e4nzung<\/strong><\/h2>\n<p>Mit dem Abwasser, das vom Wasserforschungsinstitut Eawag (siehe unten) auf SARS-CoV-2 Virus \u00fcberpr\u00fcft wird, gibt es eine weitere M\u00f6glichkeit zur Beurteilung des Epidemieverlaufs: Die Methode habe den Vorteil, dass sie unabh\u00e4ngig vom Testverhalten der Bev\u00f6lkerung sei. Der Nachteil sei, dass sie qualitativ etwas weniger pr\u00e4zise sei. Zusammen mit den Daten der Testergebnisse erhalte man jedoch ein aussagekr\u00e4ftigeres Lagebild, heisst es bei der Gesundheitsdirektion des Kantons Z\u00fcrich. Auch k\u00f6nnten mit dem Abwassermonitoring neue Virus-Mutationen oder andere, neu auftretende Erreger nachgewiesen werden. Daf\u00fcr reichten Kleinstmengen im Einzugsgebiet einer Kl\u00e4ranlage aus. Die Abwassermessungen seien inzwischen so weit fortgeschritten, dass konkrete Aussagen \u00fcber den epidemischen Verlauf m\u00f6glich seien.<\/p>\n<h2><strong>Monitoring dehnt Tests auf weitere ARA aus<\/strong><\/h2>\n<p>Das Wasserforschungsinstitut Eawag und die \u00c9cole polytechnique f\u00e9d\u00e9rale de Lausanne (EPFL) haben die Methode mit Unterst\u00fctzung der Gesundheitsdirektion f\u00fcr die Abwasserreinigungsanlage der Stadt Z\u00fcrich (\u00abKl\u00e4ranlage Werdh\u00f6lzli\u00bb) seit Beginn der Pandemie erarbeitet. Die Institute ver\u00f6ffentlichen seit geraumer Zeit entsprechende Daten. Die Gesundheitsdirektion m\u00f6chte die Abwassermessung nun weiterf\u00fchren und breiter anwenden. Die Tests sollen auf weitere Kl\u00e4ranlagen ausgedehnt werden. Das der Gesundheitsdirektion angeschlossene Kantonale Labor entwickle daher in enger Zusammenarbeit mit der Eawag das Abwassermonitoring weiter. Dieses System erfolge in Abstimmung mit dem Kanton Graub\u00fcnden, der ein solches Monitoring bereits eingef\u00fchrt habe.<\/p>\n<h2><strong>Im Juni erste Ergebnisse<\/strong><\/h2>\n<p>Geplant ist, dass im Juni 2021 erste Ergebnisse des kantonalen Abwassermonitorings vorliegen. Laut Z\u00fcrcher Gesundheitsdirektion eignet sich das Messsystem auch f\u00fcr nach der Corona-Pandemie: Es k\u00f6nne als Fr\u00fcherkennungsindikator f\u00fcr andere Erreger weiterverwendet werden.<\/p>\n<h2><strong>Projekt \u00abAbwasSARS-CoV-2\u00bb<\/strong><\/h2>\n<p>Im Februar 2021 startete die Eawag das Projekt \u00abAbwasSARS-CoV-2\u00bb zusammen mit dem BAG (<a href=\"\/\/www.youtube.com\/watch?v=PsJ49ZRbkcg\">Link zu Video<\/a>\u00a0ab Minute 15:36). In diesem Projekt wird t\u00e4glich Rohabwasser von sechs Kl\u00e4ranlagen (siehe Karte unten) gesammelt und auf RNA von SARS-CoV-2 analysiert. Bei Covid-19 handelt es sich bekanntlich um eine Atemwegserkrankung, doch ein erheblicher Teil der Menschen scheidet das Erbgut des Virus (RNA) im Stuhl aus. Dazu schreibt die Eawag: \u00abDurch das Sammeln und Analysieren von Abwasserproben auf dieses Erbgut hin k\u00f6nnen wir feststellen, ob und in welchem Ausmass Menschen im Einzugsgebiet einer Kl\u00e4ranlage mit dem Virus infiziert sind. Aufgrund der zeitlichen Verz\u00f6gerung zwischen Symptomen und best\u00e4tigten Testergebnissen k\u00f6nnen wir m\u00f6glicherweise das Virus, das \u00fcber das Abwasser in den Gemeinden zirkuliert, nachweisen, bevor klinische Falldaten verf\u00fcgbar sind.\u00bb<\/p>\n<p>Laut Eawag werden im Projekt \u00abAbwasSARS-CoV-2\u00bb die Messreihen in der Regel ein- bis zweimal pro Woche aktualisiert. Mit folgenden Links gelangt man zu den Grafiken:<\/p>\n<p>\u00dcbersicht\u00a0<a href=\"\/\/sensors-eawag.ch\/sars\/overview.html\">alle Kl\u00e4ranlagen<\/a><\/p>\n<p>Altenrhein\u00a0<a href=\"\/\/sensors-eawag.ch\/sars\/altenrhein.html\">ARA Altenrhein<\/a><\/p>\n<p>Chur\u00a0<a href=\"\/\/sensors-eawag.ch\/sars\/chur.html\">ARA Chur<\/a><\/p>\n<p>Laupen\u00a0<a href=\"\/\/sensors-eawag.ch\/sars\/laupen.html\">ARA Sensetal<\/a><\/p>\n<p>Lausanne\u00a0<a href=\"\/\/sensors-eawag.ch\/sars\/lausanne.html\">STEP Vidy<\/a><\/p>\n<p>Lugano\u00a0<a href=\"\/\/sensors-eawag.ch\/sars\/lugano.html\">CDA Lugano<\/a><\/p>\n<p>Z\u00fcrich\u00a0<a href=\"\/\/sensors-eawag.ch\/sars\/zurich.html\">ARA Werdh\u00f6lzli<\/a><\/p>\n<figure id=\"attachment_4158\" aria-describedby=\"caption-attachment-4158\" style=\"width: 680px\" class=\"wp-caption alignleft\"><img loading=\"lazy\" decoding=\"async\" class=\"wp-image-4158 size-medium\" src=\"\/\/www.umweltperspektiven.ch\/wp-content\/uploads\/2021\/04\/ARA-CH.jpg\" alt=\"Abwassermonitoring\" width=\"680\" height=\"340\" srcset=\"https:\/\/www.organisator.ch\/wp-content\/uploads\/2021\/04\/ARA-CH.jpg 761w, https:\/\/www.organisator.ch\/wp-content\/uploads\/2021\/04\/ARA-CH-680x340.jpg 680w, https:\/\/www.organisator.ch\/wp-content\/uploads\/2021\/04\/ARA-CH-18x9.jpg 18w, https:\/\/www.organisator.ch\/wp-content\/uploads\/2021\/04\/ARA-CH-350x175.jpg 350w, https:\/\/www.organisator.ch\/wp-content\/uploads\/2021\/04\/ARA-CH-699x350.jpg 699w, https:\/\/www.organisator.ch\/wp-content\/uploads\/2021\/04\/ARA-CH-300x150.jpg 300w\" sizes=\"auto, (max-width: 680px) 100vw, 680px\" \/><figcaption id=\"caption-attachment-4158\" class=\"wp-caption-text\">Standorte der sechs Kl\u00e4ranlage mit Angabe zur Gr\u00f6sse der Einzugsgebiete die im Projekt \u00abAbwasSARS-CoV-2\u00bb untersucht werden. Insgesamt sammeln und reinigen diese Kl\u00e4ranlagen zusammen das Abwasser von knapp 1 Million Einwohner. \u00a9 Eawag<\/figcaption><\/figure>\n<p>&nbsp;<\/p>\n","protected":false},"excerpt":{"rendered":"<p>Die epidemiologische Lage will man im Griff haben. Um die Entwicklung der Corona-Pandemie m\u00f6glichst gut beurteilen zu k\u00f6nnen, m\u00f6chte der Kanton Z\u00fcrich auf aussagekr\u00e4ftige und verl\u00e4ssliche Daten verf\u00fcgen. Bis anhin standen den Verantwortlichen vor allem Meldedaten von Labors, Spit\u00e4lern und weiteren Gesundheitsbetrieben zur Verf\u00fcgung. Laut Z\u00fcrcher Gesundheitsdirektion ist die Zuverl\u00e4ssigkeit dieser Daten jedoch haupts\u00e4chlich vom [&hellip;]<\/p>\n","protected":false},"author":6,"featured_media":4159,"comment_status":"closed","ping_status":"closed","sticky":false,"template":"","format":"standard","meta":{"_acf_changed":false,"_yoast_wpseo_focuskw":"Abwassermonitoring","_yoast_wpseo_metadesc":"","articlekey":"","footnotes":""},"categories":[580],"tags":[666,668,722,132,953,1497,2052],"class_list":["post-4157","post","type-post","status-publish","format-standard","has-post-thumbnail","hentry","category-sustainability","tag-abwassermonitoring","tag-abwasserreiniung","tag-ara","tag-coronavirus","tag-covid-19","tag-klaeranlage-werdhoelzli","tag-sars-cov-2"],"acf":[],"yoast_head":"<!-- This site is optimized with the Yoast SEO plugin v27.4 - https:\/\/yoast.com\/product\/yoast-seo-wordpress\/ -->\n<title>Abwasser entdeckt auch neue Corona-Mutationen - Organisator<\/title>\n<meta name=\"robots\" content=\"index, follow, max-snippet:-1, max-image-preview:large, max-video-preview:-1\" \/>\n<link rel=\"canonical\" href=\"https:\/\/www.organisator.ch\/de\/sustainability\/2021-04-30\/abwasser-entdeckt-auch-neue-corona-mutationen\/\" \/>\n<meta property=\"og:locale\" content=\"de_DE\" \/>\n<meta property=\"og:type\" content=\"article\" \/>\n<meta property=\"og:title\" content=\"Abwasser entdeckt auch neue Corona-Mutationen - Organisator\" \/>\n<meta property=\"og:description\" content=\"Die epidemiologische Lage will man im Griff haben. Um die Entwicklung der Corona-Pandemie m\u00f6glichst gut beurteilen zu k\u00f6nnen, m\u00f6chte der Kanton Z\u00fcrich auf aussagekr\u00e4ftige und verl\u00e4ssliche Daten verf\u00fcgen. Bis anhin standen den Verantwortlichen vor allem Meldedaten von Labors, Spit\u00e4lern und weiteren Gesundheitsbetrieben zur Verf\u00fcgung. Laut Z\u00fcrcher Gesundheitsdirektion ist die Zuverl\u00e4ssigkeit dieser Daten jedoch haupts\u00e4chlich vom [&hellip;]\" \/>\n<meta property=\"og:url\" content=\"https:\/\/www.organisator.ch\/de\/sustainability\/2021-04-30\/abwasser-entdeckt-auch-neue-corona-mutationen\/\" \/>\n<meta property=\"og:site_name\" content=\"Organisator\" \/>\n<meta property=\"article:publisher\" content=\"https:\/\/www.facebook.com\/OrganisatorFachmagazin\" \/>\n<meta property=\"article:published_time\" content=\"2021-04-30T13:07:27+00:00\" \/>\n<meta property=\"article:modified_time\" content=\"2022-02-09T10:10:48+00:00\" \/>\n<meta property=\"og:image\" content=\"https:\/\/www.organisator.ch\/wp-content\/uploads\/2021\/04\/Werdhoelzli_12-026-scaled.jpg\" \/>\n\t<meta property=\"og:image:width\" content=\"2560\" \/>\n\t<meta property=\"og:image:height\" content=\"1707\" \/>\n\t<meta property=\"og:image:type\" content=\"image\/jpeg\" \/>\n<meta name=\"author\" content=\"roger.straessle\" \/>\n<meta name=\"twitter:card\" content=\"summary_large_image\" \/>\n<script type=\"application\/ld+json\" class=\"yoast-schema-graph\">{\"@context\":\"https:\\\/\\\/schema.org\",\"@graph\":[{\"@type\":\"Article\",\"@id\":\"https:\\\/\\\/www.organisator.ch\\\/sustainability\\\/2021-04-30\\\/abwasser-entdeckt-auch-neue-corona-mutationen\\\/#article\",\"isPartOf\":{\"@id\":\"https:\\\/\\\/www.organisator.ch\\\/sustainability\\\/2021-04-30\\\/abwasser-entdeckt-auch-neue-corona-mutationen\\\/\"},\"author\":{\"name\":\"roger.straessle\",\"@id\":\"https:\\\/\\\/www.organisator.ch\\\/#\\\/schema\\\/person\\\/a800b8c54e208b160517a7dcc323161d\"},\"headline\":\"Abwasser entdeckt auch neue Corona-Mutationen\",\"datePublished\":\"2021-04-30T13:07:27+00:00\",\"dateModified\":\"2022-02-09T10:10:48+00:00\",\"mainEntityOfPage\":{\"@id\":\"https:\\\/\\\/www.organisator.ch\\\/sustainability\\\/2021-04-30\\\/abwasser-entdeckt-auch-neue-corona-mutationen\\\/\"},\"wordCount\":621,\"publisher\":{\"@id\":\"https:\\\/\\\/www.organisator.ch\\\/#organization\"},\"image\":{\"@id\":\"https:\\\/\\\/www.organisator.ch\\\/sustainability\\\/2021-04-30\\\/abwasser-entdeckt-auch-neue-corona-mutationen\\\/#primaryimage\"},\"thumbnailUrl\":\"https:\\\/\\\/www.organisator.ch\\\/wp-content\\\/uploads\\\/2021\\\/04\\\/Werdhoelzli_12-026-scaled.jpg\",\"keywords\":[\"Abwassermonitoring\",\"Abwasserreiniung\",\"ARA\",\"Coronavirus\",\"Covid-19\",\"Kl\u00e4ranlage Werdh\u00f6lzli\",\"Sars-CoV-2\"],\"articleSection\":[\"SUSTAINABILITY\"],\"inLanguage\":\"de\"},{\"@type\":\"WebPage\",\"@id\":\"https:\\\/\\\/www.organisator.ch\\\/sustainability\\\/2021-04-30\\\/abwasser-entdeckt-auch-neue-corona-mutationen\\\/\",\"url\":\"https:\\\/\\\/www.organisator.ch\\\/sustainability\\\/2021-04-30\\\/abwasser-entdeckt-auch-neue-corona-mutationen\\\/\",\"name\":\"Abwasser entdeckt auch neue Corona-Mutationen - Organisator\",\"isPartOf\":{\"@id\":\"https:\\\/\\\/www.organisator.ch\\\/#website\"},\"primaryImageOfPage\":{\"@id\":\"https:\\\/\\\/www.organisator.ch\\\/sustainability\\\/2021-04-30\\\/abwasser-entdeckt-auch-neue-corona-mutationen\\\/#primaryimage\"},\"image\":{\"@id\":\"https:\\\/\\\/www.organisator.ch\\\/sustainability\\\/2021-04-30\\\/abwasser-entdeckt-auch-neue-corona-mutationen\\\/#primaryimage\"},\"thumbnailUrl\":\"https:\\\/\\\/www.organisator.ch\\\/wp-content\\\/uploads\\\/2021\\\/04\\\/Werdhoelzli_12-026-scaled.jpg\",\"datePublished\":\"2021-04-30T13:07:27+00:00\",\"dateModified\":\"2022-02-09T10:10:48+00:00\",\"breadcrumb\":{\"@id\":\"https:\\\/\\\/www.organisator.ch\\\/sustainability\\\/2021-04-30\\\/abwasser-entdeckt-auch-neue-corona-mutationen\\\/#breadcrumb\"},\"inLanguage\":\"de\",\"potentialAction\":[{\"@type\":\"ReadAction\",\"target\":[\"https:\\\/\\\/www.organisator.ch\\\/sustainability\\\/2021-04-30\\\/abwasser-entdeckt-auch-neue-corona-mutationen\\\/\"]}]},{\"@type\":\"ImageObject\",\"inLanguage\":\"de\",\"@id\":\"https:\\\/\\\/www.organisator.ch\\\/sustainability\\\/2021-04-30\\\/abwasser-entdeckt-auch-neue-corona-mutationen\\\/#primaryimage\",\"url\":\"https:\\\/\\\/www.organisator.ch\\\/wp-content\\\/uploads\\\/2021\\\/04\\\/Werdhoelzli_12-026-scaled.jpg\",\"contentUrl\":\"https:\\\/\\\/www.organisator.ch\\\/wp-content\\\/uploads\\\/2021\\\/04\\\/Werdhoelzli_12-026-scaled.jpg\",\"width\":2560,\"height\":1707,\"caption\":\"Der Menschen scheidet das Erbgut des Virus (RNA) aus, weshalb es im Abwasser gemessen werden kann. Foto: R. Str\u00e4ssle\"},{\"@type\":\"BreadcrumbList\",\"@id\":\"https:\\\/\\\/www.organisator.ch\\\/sustainability\\\/2021-04-30\\\/abwasser-entdeckt-auch-neue-corona-mutationen\\\/#breadcrumb\",\"itemListElement\":[{\"@type\":\"ListItem\",\"position\":1,\"name\":\"Home\",\"item\":\"https:\\\/\\\/www.organisator.ch\\\/\"},{\"@type\":\"ListItem\",\"position\":2,\"name\":\"Abwasser entdeckt auch neue Corona-Mutationen\"}]},{\"@type\":\"WebSite\",\"@id\":\"https:\\\/\\\/www.organisator.ch\\\/#website\",\"url\":\"https:\\\/\\\/www.organisator.ch\\\/\",\"name\":\"Organisator\",\"description\":\"Kompetent. Praxisnah. Der ORGANISATOR bereitet in 10 Ausgaben pro Jahr die wesentlichen Themen f\u00fcr F\u00fchrungskr\u00e4fte von KMU auf.\",\"publisher\":{\"@id\":\"https:\\\/\\\/www.organisator.ch\\\/#organization\"},\"potentialAction\":[{\"@type\":\"SearchAction\",\"target\":{\"@type\":\"EntryPoint\",\"urlTemplate\":\"https:\\\/\\\/www.organisator.ch\\\/?s={search_term_string}\"},\"query-input\":{\"@type\":\"PropertyValueSpecification\",\"valueRequired\":true,\"valueName\":\"search_term_string\"}}],\"inLanguage\":\"de\"},{\"@type\":\"Organization\",\"@id\":\"https:\\\/\\\/www.organisator.ch\\\/#organization\",\"name\":\"Organisator\",\"url\":\"https:\\\/\\\/www.organisator.ch\\\/\",\"logo\":{\"@type\":\"ImageObject\",\"inLanguage\":\"de\",\"@id\":\"https:\\\/\\\/www.organisator.ch\\\/#\\\/schema\\\/logo\\\/image\\\/\",\"url\":\"https:\\\/\\\/www.organisator.ch\\\/wp-content\\\/uploads\\\/2022\\\/01\\\/Logo_Organisator_Website.png\",\"contentUrl\":\"https:\\\/\\\/www.organisator.ch\\\/wp-content\\\/uploads\\\/2022\\\/01\\\/Logo_Organisator_Website.png\",\"width\":800,\"height\":77,\"caption\":\"Organisator\"},\"image\":{\"@id\":\"https:\\\/\\\/www.organisator.ch\\\/#\\\/schema\\\/logo\\\/image\\\/\"},\"sameAs\":[\"https:\\\/\\\/www.facebook.com\\\/OrganisatorFachmagazin\",\"https:\\\/\\\/www.linkedin.com\\\/showcase\\\/organisator-das-magazin-fr-kmu\",\"https:\\\/\\\/www.xing.com\\\/news\\\/pages\\\/organisator-ch-695\",\"https:\\\/\\\/www.youtube.com\\\/channel\\\/UCGP2Sq0iWaZwT3BdIAQFYpw\"]},{\"@type\":\"Person\",\"@id\":\"https:\\\/\\\/www.organisator.ch\\\/#\\\/schema\\\/person\\\/a800b8c54e208b160517a7dcc323161d\",\"name\":\"roger.straessle\",\"image\":{\"@type\":\"ImageObject\",\"inLanguage\":\"de\",\"@id\":\"https:\\\/\\\/secure.gravatar.com\\\/avatar\\\/?s=96&d=mm&r=g\",\"url\":\"https:\\\/\\\/secure.gravatar.com\\\/avatar\\\/?s=96&d=mm&r=g\",\"contentUrl\":\"https:\\\/\\\/secure.gravatar.com\\\/avatar\\\/?s=96&d=mm&r=g\",\"caption\":\"roger.straessle\"},\"url\":\"https:\\\/\\\/www.organisator.ch\\\/de\\\/author\\\/roger-straessle\\\/\"}]}<\/script>\n<!-- \/ Yoast SEO plugin. -->","yoast_head_json":{"title":"Abwasser entdeckt auch neue Corona-Mutationen - Organisator","robots":{"index":"index","follow":"follow","max-snippet":"max-snippet:-1","max-image-preview":"max-image-preview:large","max-video-preview":"max-video-preview:-1"},"canonical":"https:\/\/www.organisator.ch\/de\/sustainability\/2021-04-30\/abwasser-entdeckt-auch-neue-corona-mutationen\/","og_locale":"de_DE","og_type":"article","og_title":"Abwasser entdeckt auch neue Corona-Mutationen - Organisator","og_description":"Die epidemiologische Lage will man im Griff haben. Um die Entwicklung der Corona-Pandemie m\u00f6glichst gut beurteilen zu k\u00f6nnen, m\u00f6chte der Kanton Z\u00fcrich auf aussagekr\u00e4ftige und verl\u00e4ssliche Daten verf\u00fcgen. Bis anhin standen den Verantwortlichen vor allem Meldedaten von Labors, Spit\u00e4lern und weiteren Gesundheitsbetrieben zur Verf\u00fcgung. Laut Z\u00fcrcher Gesundheitsdirektion ist die Zuverl\u00e4ssigkeit dieser Daten jedoch haupts\u00e4chlich vom [&hellip;]","og_url":"https:\/\/www.organisator.ch\/de\/sustainability\/2021-04-30\/abwasser-entdeckt-auch-neue-corona-mutationen\/","og_site_name":"Organisator","article_publisher":"https:\/\/www.facebook.com\/OrganisatorFachmagazin","article_published_time":"2021-04-30T13:07:27+00:00","article_modified_time":"2022-02-09T10:10:48+00:00","og_image":[{"width":2560,"height":1707,"url":"https:\/\/www.organisator.ch\/wp-content\/uploads\/2021\/04\/Werdhoelzli_12-026-scaled.jpg","type":"image\/jpeg"}],"author":"roger.straessle","twitter_card":"summary_large_image","schema":{"@context":"https:\/\/schema.org","@graph":[{"@type":"Article","@id":"https:\/\/www.organisator.ch\/sustainability\/2021-04-30\/abwasser-entdeckt-auch-neue-corona-mutationen\/#article","isPartOf":{"@id":"https:\/\/www.organisator.ch\/sustainability\/2021-04-30\/abwasser-entdeckt-auch-neue-corona-mutationen\/"},"author":{"name":"roger.straessle","@id":"https:\/\/www.organisator.ch\/#\/schema\/person\/a800b8c54e208b160517a7dcc323161d"},"headline":"Abwasser entdeckt auch neue Corona-Mutationen","datePublished":"2021-04-30T13:07:27+00:00","dateModified":"2022-02-09T10:10:48+00:00","mainEntityOfPage":{"@id":"https:\/\/www.organisator.ch\/sustainability\/2021-04-30\/abwasser-entdeckt-auch-neue-corona-mutationen\/"},"wordCount":621,"publisher":{"@id":"https:\/\/www.organisator.ch\/#organization"},"image":{"@id":"https:\/\/www.organisator.ch\/sustainability\/2021-04-30\/abwasser-entdeckt-auch-neue-corona-mutationen\/#primaryimage"},"thumbnailUrl":"https:\/\/www.organisator.ch\/wp-content\/uploads\/2021\/04\/Werdhoelzli_12-026-scaled.jpg","keywords":["Abwassermonitoring","Abwasserreiniung","ARA","Coronavirus","Covid-19","Kl\u00e4ranlage Werdh\u00f6lzli","Sars-CoV-2"],"articleSection":["SUSTAINABILITY"],"inLanguage":"de"},{"@type":"WebPage","@id":"https:\/\/www.organisator.ch\/sustainability\/2021-04-30\/abwasser-entdeckt-auch-neue-corona-mutationen\/","url":"https:\/\/www.organisator.ch\/sustainability\/2021-04-30\/abwasser-entdeckt-auch-neue-corona-mutationen\/","name":"Abwasser entdeckt auch neue Corona-Mutationen - Organisator","isPartOf":{"@id":"https:\/\/www.organisator.ch\/#website"},"primaryImageOfPage":{"@id":"https:\/\/www.organisator.ch\/sustainability\/2021-04-30\/abwasser-entdeckt-auch-neue-corona-mutationen\/#primaryimage"},"image":{"@id":"https:\/\/www.organisator.ch\/sustainability\/2021-04-30\/abwasser-entdeckt-auch-neue-corona-mutationen\/#primaryimage"},"thumbnailUrl":"https:\/\/www.organisator.ch\/wp-content\/uploads\/2021\/04\/Werdhoelzli_12-026-scaled.jpg","datePublished":"2021-04-30T13:07:27+00:00","dateModified":"2022-02-09T10:10:48+00:00","breadcrumb":{"@id":"https:\/\/www.organisator.ch\/sustainability\/2021-04-30\/abwasser-entdeckt-auch-neue-corona-mutationen\/#breadcrumb"},"inLanguage":"de","potentialAction":[{"@type":"ReadAction","target":["https:\/\/www.organisator.ch\/sustainability\/2021-04-30\/abwasser-entdeckt-auch-neue-corona-mutationen\/"]}]},{"@type":"ImageObject","inLanguage":"de","@id":"https:\/\/www.organisator.ch\/sustainability\/2021-04-30\/abwasser-entdeckt-auch-neue-corona-mutationen\/#primaryimage","url":"https:\/\/www.organisator.ch\/wp-content\/uploads\/2021\/04\/Werdhoelzli_12-026-scaled.jpg","contentUrl":"https:\/\/www.organisator.ch\/wp-content\/uploads\/2021\/04\/Werdhoelzli_12-026-scaled.jpg","width":2560,"height":1707,"caption":"Der Menschen scheidet das Erbgut des Virus (RNA) aus, weshalb es im Abwasser gemessen werden kann. Foto: R. Str\u00e4ssle"},{"@type":"BreadcrumbList","@id":"https:\/\/www.organisator.ch\/sustainability\/2021-04-30\/abwasser-entdeckt-auch-neue-corona-mutationen\/#breadcrumb","itemListElement":[{"@type":"ListItem","position":1,"name":"Home","item":"https:\/\/www.organisator.ch\/"},{"@type":"ListItem","position":2,"name":"Abwasser entdeckt auch neue Corona-Mutationen"}]},{"@type":"WebSite","@id":"https:\/\/www.organisator.ch\/#website","url":"https:\/\/www.organisator.ch\/","name":"Organisator","description":"Kompetent. Praxisnah. Der ORGANISATOR bereitet in 10 Ausgaben pro Jahr die wesentlichen Themen f\u00fcr F\u00fchrungskr\u00e4fte von KMU auf.","publisher":{"@id":"https:\/\/www.organisator.ch\/#organization"},"potentialAction":[{"@type":"SearchAction","target":{"@type":"EntryPoint","urlTemplate":"https:\/\/www.organisator.ch\/?s={search_term_string}"},"query-input":{"@type":"PropertyValueSpecification","valueRequired":true,"valueName":"search_term_string"}}],"inLanguage":"de"},{"@type":"Organization","@id":"https:\/\/www.organisator.ch\/#organization","name":"Organisator","url":"https:\/\/www.organisator.ch\/","logo":{"@type":"ImageObject","inLanguage":"de","@id":"https:\/\/www.organisator.ch\/#\/schema\/logo\/image\/","url":"https:\/\/www.organisator.ch\/wp-content\/uploads\/2022\/01\/Logo_Organisator_Website.png","contentUrl":"https:\/\/www.organisator.ch\/wp-content\/uploads\/2022\/01\/Logo_Organisator_Website.png","width":800,"height":77,"caption":"Organisator"},"image":{"@id":"https:\/\/www.organisator.ch\/#\/schema\/logo\/image\/"},"sameAs":["https:\/\/www.facebook.com\/OrganisatorFachmagazin","https:\/\/www.linkedin.com\/showcase\/organisator-das-magazin-fr-kmu","https:\/\/www.xing.com\/news\/pages\/organisator-ch-695","https:\/\/www.youtube.com\/channel\/UCGP2Sq0iWaZwT3BdIAQFYpw"]},{"@type":"Person","@id":"https:\/\/www.organisator.ch\/#\/schema\/person\/a800b8c54e208b160517a7dcc323161d","name":"roger.straessle","image":{"@type":"ImageObject","inLanguage":"de","@id":"https:\/\/secure.gravatar.com\/avatar\/?s=96&d=mm&r=g","url":"https:\/\/secure.gravatar.com\/avatar\/?s=96&d=mm&r=g","contentUrl":"https:\/\/secure.gravatar.com\/avatar\/?s=96&d=mm&r=g","caption":"roger.straessle"},"url":"https:\/\/www.organisator.ch\/de\/author\/roger-straessle\/"}]}},"_links":{"self":[{"href":"https:\/\/www.organisator.ch\/de\/wp-json\/wp\/v2\/posts\/4157","targetHints":{"allow":["GET"]}}],"collection":[{"href":"https:\/\/www.organisator.ch\/de\/wp-json\/wp\/v2\/posts"}],"about":[{"href":"https:\/\/www.organisator.ch\/de\/wp-json\/wp\/v2\/types\/post"}],"author":[{"embeddable":true,"href":"https:\/\/www.organisator.ch\/de\/wp-json\/wp\/v2\/users\/6"}],"replies":[{"embeddable":true,"href":"https:\/\/www.organisator.ch\/de\/wp-json\/wp\/v2\/comments?post=4157"}],"version-history":[{"count":1,"href":"https:\/\/www.organisator.ch\/de\/wp-json\/wp\/v2\/posts\/4157\/revisions"}],"predecessor-version":[{"id":10988,"href":"https:\/\/www.organisator.ch\/de\/wp-json\/wp\/v2\/posts\/4157\/revisions\/10988"}],"wp:featuredmedia":[{"embeddable":true,"href":"https:\/\/www.organisator.ch\/de\/wp-json\/wp\/v2\/media\/4159"}],"wp:attachment":[{"href":"https:\/\/www.organisator.ch\/de\/wp-json\/wp\/v2\/media?parent=4157"}],"wp:term":[{"taxonomy":"category","embeddable":true,"href":"https:\/\/www.organisator.ch\/de\/wp-json\/wp\/v2\/categories?post=4157"},{"taxonomy":"post_tag","embeddable":true,"href":"https:\/\/www.organisator.ch\/de\/wp-json\/wp\/v2\/tags?post=4157"}],"curies":[{"name":"wp","href":"https:\/\/api.w.org\/{rel}","templated":true}]}}