{"id":41582,"date":"2025-10-29T08:53:26","date_gmt":"2025-10-29T07:53:26","guid":{"rendered":"https:\/\/www.organisator.ch\/?p=41582"},"modified":"2025-10-29T08:59:12","modified_gmt":"2025-10-29T07:59:12","slug":"von-enkeltauglichkeit-bis-zu-digitalen-models","status":"publish","type":"post","link":"https:\/\/www.organisator.ch\/de\/sustainability\/2025-10-29\/von-enkeltauglichkeit-bis-zu-digitalen-models\/","title":{"rendered":"Von Enkeltauglichkeit bis zu digitalen Models"},"content":{"rendered":"<figure id=\"attachment_41583\" aria-describedby=\"caption-attachment-41583\" style=\"width: 680px\" class=\"wp-caption alignnone\"><img loading=\"lazy\" decoding=\"async\" class=\"size-full wp-image-41583\" src=\"https:\/\/www.organisator.ch\/wp-content\/uploads\/2025\/10\/Von-Enkeltauglichkeit-bis-zu-digitalen-Models-1_Organisator.jpg\" alt=\"\" width=\"680\" height=\"510\" srcset=\"https:\/\/www.organisator.ch\/wp-content\/uploads\/2025\/10\/Von-Enkeltauglichkeit-bis-zu-digitalen-Models-1_Organisator.jpg 680w, https:\/\/www.organisator.ch\/wp-content\/uploads\/2025\/10\/Von-Enkeltauglichkeit-bis-zu-digitalen-Models-1_Organisator-16x12.jpg 16w, https:\/\/www.organisator.ch\/wp-content\/uploads\/2025\/10\/Von-Enkeltauglichkeit-bis-zu-digitalen-Models-1_Organisator-375x281.jpg 375w, https:\/\/www.organisator.ch\/wp-content\/uploads\/2025\/10\/Von-Enkeltauglichkeit-bis-zu-digitalen-Models-1_Organisator-467x350.jpg 467w\" sizes=\"auto, (max-width: 680px) 100vw, 680px\" \/><figcaption id=\"caption-attachment-41583\" class=\"wp-caption-text\">Die zweite Durchf\u00fchrung des Greenovation Summits fand am 23. Oktober 2025 statt. (Bild: Thomas Berner)<\/figcaption><\/figure>\n<p>Auch bei der zweiten Durchf\u00fchrung des Greenovation Summits durften die Organisatoren auf das Gastrecht bei B\u00fchler AG z\u00e4hlen. Selbstredend war es CEO Stefan Scheiber, der die G\u00e4ste auf die Tagung einstimmte. In seiner Er\u00f6ffnungsansprache blickte er auf einen \u00abst\u00fcrmischen Sommer\u00bb zur\u00fcck: Auf der einen Seite musste der Tod des Patrons Urs B\u00fchler beklagt und die Zollerh\u00f6hungen f\u00fcr Exporte in die USA zur Kenntnis genommen werden. Auf der anderen Seite durfte das Unternehmen aber auch das erfolgreiche Abschneiden von Lernenden an den SwissSkills feiern. Trotz Gegenwind in Sachen Nachhaltigkeit will B\u00fchler als Weltmarktf\u00fchrer in der Getreideverarbeitung indes weiterhin Verantwortung f\u00fcr Klimaschutz und Innovation \u00fcbernehmen, wie Stefan Scheiber betonte.<\/p>\n<h3><strong>Enkeltauglich wirtschaften<\/strong><\/h3>\n<p>Danach startete das Programm mit dem Vortrag von Pascal Loepfe-Br\u00fcgger, CEO der Appenzeller Alpenbitter AG. Er ersetzt den Begriff \u00abNachhaltigkeit\u00bb durch \u00abEnkeltauglichkeit\u00bb. Denn f\u00fcr ihn bedeutet verantwortungsvolles Wirtschaften, langfristig und generationengerecht zu handeln. \u00abF\u00fcr uns hat ein Quartal 25 Jahre, nicht 3 Monate\u00bb, so Loepfe-Br\u00fcgger. Mit Projekten wie einem neuen Hochregallager aus eigenem Holz, das Transportwege massiv reduziert, und einer stabilen Finanzpolitik zeigte er auf, wie \u00f6kologisches, soziales und \u00f6konomisches Denken zusammenspielen. Auch w\u00e4hrend der Pandemie habe man Mitarbeitende gehalten und das Vertrauen gest\u00e4rkt \u2013 Werte, die f\u00fcr Loepfe-Br\u00fcgger zentral bleiben.<\/p>\n<p>Innovative Ans\u00e4tze zur nachhaltigen Mobilit\u00e4t stellte anschliessend Marc Stoffel von 42 Hacks AG vor. Das als Genossenschaft organisierte Start-up entwickelt datenbasierte L\u00f6sungen, um Pendelverkehre zu optimieren und Unternehmen wie B\u00fchler oder Stadler zu klimafreundlicher Mobilit\u00e4t zu bef\u00e4higen. K\u00fcnstliche Intelligenz analysiert Bewegungsdaten und zeigt, wie Arbeitswege effizienter und umweltfreundlicher gestaltet werden k\u00f6nnen. Denn aufgrund der Daten l\u00e4sst sich feststellen, dass nur ein paar wenige grosse Arbeitgeber f\u00fcr einen Hauptteil des Pendlerverkehrs verantwortlich sind. Deshalb geht f\u00fcr eine Verkehrs-Reduktion von ihnen eine besonders grosse Hebelwirkung aus.<\/p>\n<figure id=\"attachment_41584\" aria-describedby=\"caption-attachment-41584\" style=\"width: 680px\" class=\"wp-caption alignnone\"><img loading=\"lazy\" decoding=\"async\" class=\"size-full wp-image-41584\" src=\"https:\/\/www.organisator.ch\/wp-content\/uploads\/2025\/10\/Von-Enkeltauglichkeit-bis-zu-digitalen-Models-2_Organisator.jpg\" alt=\"\" width=\"680\" height=\"463\" srcset=\"https:\/\/www.organisator.ch\/wp-content\/uploads\/2025\/10\/Von-Enkeltauglichkeit-bis-zu-digitalen-Models-2_Organisator.jpg 680w, https:\/\/www.organisator.ch\/wp-content\/uploads\/2025\/10\/Von-Enkeltauglichkeit-bis-zu-digitalen-Models-2_Organisator-18x12.jpg 18w, https:\/\/www.organisator.ch\/wp-content\/uploads\/2025\/10\/Von-Enkeltauglichkeit-bis-zu-digitalen-Models-2_Organisator-375x255.jpg 375w, https:\/\/www.organisator.ch\/wp-content\/uploads\/2025\/10\/Von-Enkeltauglichkeit-bis-zu-digitalen-Models-2_Organisator-514x350.jpg 514w\" sizes=\"auto, (max-width: 680px) 100vw, 680px\" \/><figcaption id=\"caption-attachment-41584\" class=\"wp-caption-text\">Moderatorin Mona Vetsch und Pascal Loepfe-Br\u00fcgger stossen mit Appenzeller Alpenbitter an. (Bild: Thomas Berner)<\/figcaption><\/figure>\n<h3><strong>Mit Innovation in eine \u00f6kologischere Zukunft<\/strong><\/h3>\n<p>In den <em>Breakout Sessions<\/em> pr\u00e4sentierten Expertinnen und Experten praxisnahe Ideen: Ina Walthert von <em>AMAG<\/em> erl\u00e4uterte den Weg des Automobilunternehmens zur Klimaneutralit\u00e4t bis 2040, unter anderem durch Photovoltaik, Batterie-Recycling und bidirektionales Laden. Christian Locher von der OST Hochschule warb f\u00fcr \u00abDesign for Sustainability\u00bb \u2013 ein Konzept, das von funktionaler Einfachheit statt kurzlebigem Styling ausgeht. Martin Bachofner von der Stiftung Kinderdorf Pestalozzi mahnte, auch die soziale Nachhaltigkeit nicht zu vernachl\u00e4ssigen: Bildung und Eigenverantwortung seien Schl\u00fcssel f\u00fcr eine gerechte Zukunft.<\/p>\n<p>Sascha Rohner von FrugalTec AG stellte im zweiten Refererate-Teil mit seinem Vertical-Farming-Konzept eine ressourcenschonende L\u00f6sung gegen die drohende globale Ern\u00e4hrungskrise vor. Durch modulare, kreislauff\u00e4hige Systeme sollen Wasser, Energie und Fl\u00e4che gespart werden \u2013 getreu dem Motto: \u00abMit weniger Mitteln mehr Wert schaffen.\u00bb Er zog einen Vergleich: 8500 Pflanzen angebaut mit Vertical Farming ben\u00f6tigen rund 17&#8217;000 Liter Wasser pro Jahr und 20 m2 Fl\u00e4che. Konventionell angebaut w\u00fcrden diese Pflanzen rund 700 m2 Fl\u00e4che ben\u00f6tigen und 170&#8217;000 Liter Wasser pro Jahr verbrauchen. Trotz der offensichtlichen Vorteile von Vertical Farming sei es laut Sascha Rohner derzeit schwierig, Investoren zu finden, um das Gesch\u00e4ft wirksam zu skalieren.<\/p>\n<p>Zum Abschluss gab Andrea Riege, Mitgr\u00fcnderin von <em>AI-COM.ch<\/em>, Einblicke in die Zukunft der KI-gest\u00fctzten Kreativwirtschaft. Ihr Beispiel eines digitalen Modells verdeutlichte, wie k\u00fcnstliche Intelligenz reale Arbeit und digitale Identit\u00e4ten zunehmend verschmelzen l\u00e4sst. So ist es heute m\u00f6glich, einen \u00abdigitalen Zwilling\u00bb eines realen Models zu erstellen, der \u00fcberall auf der Welt f\u00fcr realistische Modeshootings eingesetzt werden kann. Die daf\u00fcr einzusetzende Rechenleistung stehe auch \u00f6kologisch dabei in keinem Verh\u00e4ltnis zum Aufwand eines \u00abechten\u00bb Shootings, so Andrea Riege.<\/p>\n<figure id=\"attachment_41585\" aria-describedby=\"caption-attachment-41585\" style=\"width: 680px\" class=\"wp-caption alignnone\"><img loading=\"lazy\" decoding=\"async\" class=\"size-full wp-image-41585\" src=\"https:\/\/www.organisator.ch\/wp-content\/uploads\/2025\/10\/Von-Enkeltauglichkeit-bis-zu-digitalen-Models-3_Organisator.jpg\" alt=\"\" width=\"680\" height=\"471\" srcset=\"https:\/\/www.organisator.ch\/wp-content\/uploads\/2025\/10\/Von-Enkeltauglichkeit-bis-zu-digitalen-Models-3_Organisator.jpg 680w, https:\/\/www.organisator.ch\/wp-content\/uploads\/2025\/10\/Von-Enkeltauglichkeit-bis-zu-digitalen-Models-3_Organisator-18x12.jpg 18w, https:\/\/www.organisator.ch\/wp-content\/uploads\/2025\/10\/Von-Enkeltauglichkeit-bis-zu-digitalen-Models-3_Organisator-375x260.jpg 375w, https:\/\/www.organisator.ch\/wp-content\/uploads\/2025\/10\/Von-Enkeltauglichkeit-bis-zu-digitalen-Models-3_Organisator-505x350.jpg 505w\" sizes=\"auto, (max-width: 680px) 100vw, 680px\" \/><figcaption id=\"caption-attachment-41585\" class=\"wp-caption-text\">Das Unternehmen Matica AG wurde mit dem Greenovation Award in der Kategorie &#8222;Produkte&#8220; ausgezeichnet. (Bild: Thomas Berner)<\/figcaption><\/figure>\n<h3><strong>Greenovation Award als Schlusspunkt<\/strong><\/h3>\n<p>Mit der Verleihung der Greenovation Awards an besonders innovative Unternehmen endete der Summit. Ausgezeichnet wurden die Unternehmen Matica AG f\u00fcr die Entwicklung einer <a href=\"https:\/\/www.organisator.ch\/de\/sustainability\/2025-09-12\/nachhaltiges-energiemanagement-mit-sorptionswaermespeicher\/\">Speicherl\u00f6sung f\u00fcr Solarenergie<\/a> (Kategorie \u00abProdukte\u00bb), Skat Consulting in der Kategorie \u00abDienstleistungen\u00bb und die erw\u00e4hnte 42 Hacks in der Kategorie \u00abProjekte\u00bb. Sowohl der Veranstalter Galledia Event AG als auch Moderatorin Mona Vetsch betonten den praxisnahen Charakter der Veranstaltung: Ziel sei nicht nur Inspiration, sondern die Umsetzung von konkreten Ideen f\u00fcr eine enkeltaugliche Wirtschaft und eine lebenswerte Zukunft.<\/p>\n<p><em>Weitere Informationen: <a href=\"https:\/\/www.greenovation-summit.ch\/\">Greenovation Summit<\/a><\/em><\/p>\n","protected":false},"excerpt":{"rendered":"<p>Am 23. Oktober 2025 fand im Cubic Innovation Center der B\u00fchler AG in Uzwil der zweite Greenovation Summit statt, eine Ostschweizer Nachhaltigkeitstagung f\u00fcr Entscheidungstr\u00e4gerinnen und Entscheidungstr\u00e4ger aus KMU. <\/p>\n","protected":false},"author":4,"featured_media":41583,"comment_status":"closed","ping_status":"closed","sticky":false,"template":"","format":"standard","meta":{"_acf_changed":false,"_yoast_wpseo_focuskw":"Enkeltauglichkeit","_yoast_wpseo_metadesc":"Am 23. Oktober 2025 fand im Cubic Innovation Center der B\u00fchler AG in Uzwil der zweite Greenovation Summit statt.","articlekey":"","footnotes":""},"categories":[580],"tags":[193,4508,358],"class_list":["post-41582","post","type-post","status-publish","format-standard","has-post-thumbnail","hentry","category-sustainability","tag-fachkongressfachmesse","tag-greenovation-summit","tag-nachhaltige-wirtschaft"],"acf":[],"yoast_head":"<!-- This site is optimized with the Yoast SEO plugin v27.5 - https:\/\/yoast.com\/product\/yoast-seo-wordpress\/ -->\n<title>Von Enkeltauglichkeit bis zu digitalen Models - Organisator<\/title>\n<meta name=\"description\" content=\"Am 23. Oktober 2025 fand im Cubic Innovation Center der B\u00fchler AG in Uzwil der zweite Greenovation Summit statt.\" \/>\n<meta name=\"robots\" content=\"index, follow, max-snippet:-1, max-image-preview:large, max-video-preview:-1\" \/>\n<link rel=\"canonical\" href=\"https:\/\/www.organisator.ch\/de\/sustainability\/2025-10-29\/von-enkeltauglichkeit-bis-zu-digitalen-models\/\" \/>\n<meta property=\"og:locale\" content=\"de_DE\" \/>\n<meta property=\"og:type\" content=\"article\" \/>\n<meta property=\"og:title\" content=\"Von Enkeltauglichkeit bis zu digitalen Models\" \/>\n<meta property=\"og:description\" content=\"Am 23. Oktober 2025 fand im Cubic Innovation Center der B\u00fchler AG in Uzwil der zweite Greenovation Summit statt.\" \/>\n<meta property=\"og:url\" content=\"https:\/\/www.organisator.ch\/de\/sustainability\/2025-10-29\/von-enkeltauglichkeit-bis-zu-digitalen-models\/\" \/>\n<meta property=\"og:site_name\" content=\"Organisator\" \/>\n<meta property=\"article:publisher\" content=\"https:\/\/www.facebook.com\/OrganisatorFachmagazin\" \/>\n<meta property=\"article:published_time\" content=\"2025-10-29T07:53:26+00:00\" \/>\n<meta property=\"article:modified_time\" content=\"2025-10-29T07:59:12+00:00\" \/>\n<meta property=\"og:image\" content=\"https:\/\/www.organisator.ch\/wp-content\/uploads\/2025\/10\/Von-Enkeltauglichkeit-bis-zu-digitalen-Models-1_Organisator.jpg\" \/>\n\t<meta property=\"og:image:width\" content=\"680\" \/>\n\t<meta property=\"og:image:height\" content=\"510\" \/>\n\t<meta property=\"og:image:type\" content=\"image\/jpeg\" \/>\n<meta name=\"author\" content=\"thomas.berner\" \/>\n<meta name=\"twitter:card\" content=\"summary_large_image\" \/>\n<meta name=\"twitter:title\" content=\"Von #Enkeltauglichkeit bis zu digitalen Models\" \/>\n<meta name=\"twitter:description\" content=\"Am 23. Oktober 2025 fand im Cubic Innovation Center der #B\u00fchler AG in Uzwil der zweite #Greenovation Summit statt.\" \/>\n<meta name=\"twitter:image\" content=\"https:\/\/www.organisator.ch\/wp-content\/uploads\/2025\/10\/Von-Enkeltauglichkeit-bis-zu-digitalen-Models-1_Organisator.jpg\" \/>\n<script type=\"application\/ld+json\" class=\"yoast-schema-graph\">{\"@context\":\"https:\\\/\\\/schema.org\",\"@graph\":[{\"@type\":\"Article\",\"@id\":\"https:\\\/\\\/www.organisator.ch\\\/sustainability\\\/2025-10-29\\\/von-enkeltauglichkeit-bis-zu-digitalen-models\\\/#article\",\"isPartOf\":{\"@id\":\"https:\\\/\\\/www.organisator.ch\\\/sustainability\\\/2025-10-29\\\/von-enkeltauglichkeit-bis-zu-digitalen-models\\\/\"},\"author\":{\"name\":\"thomas.berner\",\"@id\":\"https:\\\/\\\/www.organisator.ch\\\/#\\\/schema\\\/person\\\/6f650f90b2842cd4c0cc334b4e36f67e\"},\"headline\":\"Von Enkeltauglichkeit bis zu digitalen Models\",\"datePublished\":\"2025-10-29T07:53:26+00:00\",\"dateModified\":\"2025-10-29T07:59:12+00:00\",\"mainEntityOfPage\":{\"@id\":\"https:\\\/\\\/www.organisator.ch\\\/sustainability\\\/2025-10-29\\\/von-enkeltauglichkeit-bis-zu-digitalen-models\\\/\"},\"wordCount\":756,\"publisher\":{\"@id\":\"https:\\\/\\\/www.organisator.ch\\\/#organization\"},\"image\":{\"@id\":\"https:\\\/\\\/www.organisator.ch\\\/sustainability\\\/2025-10-29\\\/von-enkeltauglichkeit-bis-zu-digitalen-models\\\/#primaryimage\"},\"thumbnailUrl\":\"https:\\\/\\\/www.organisator.ch\\\/wp-content\\\/uploads\\\/2025\\\/10\\\/Von-Enkeltauglichkeit-bis-zu-digitalen-Models-1_Organisator.jpg\",\"keywords\":[\"Fachkongress\\\/Fachmesse\",\"Greenovation Summit\",\"Nachhaltige Wirtschaft\"],\"articleSection\":[\"SUSTAINABILITY\"],\"inLanguage\":\"de\"},{\"@type\":\"WebPage\",\"@id\":\"https:\\\/\\\/www.organisator.ch\\\/sustainability\\\/2025-10-29\\\/von-enkeltauglichkeit-bis-zu-digitalen-models\\\/\",\"url\":\"https:\\\/\\\/www.organisator.ch\\\/sustainability\\\/2025-10-29\\\/von-enkeltauglichkeit-bis-zu-digitalen-models\\\/\",\"name\":\"Von Enkeltauglichkeit bis zu digitalen Models - Organisator\",\"isPartOf\":{\"@id\":\"https:\\\/\\\/www.organisator.ch\\\/#website\"},\"primaryImageOfPage\":{\"@id\":\"https:\\\/\\\/www.organisator.ch\\\/sustainability\\\/2025-10-29\\\/von-enkeltauglichkeit-bis-zu-digitalen-models\\\/#primaryimage\"},\"image\":{\"@id\":\"https:\\\/\\\/www.organisator.ch\\\/sustainability\\\/2025-10-29\\\/von-enkeltauglichkeit-bis-zu-digitalen-models\\\/#primaryimage\"},\"thumbnailUrl\":\"https:\\\/\\\/www.organisator.ch\\\/wp-content\\\/uploads\\\/2025\\\/10\\\/Von-Enkeltauglichkeit-bis-zu-digitalen-Models-1_Organisator.jpg\",\"datePublished\":\"2025-10-29T07:53:26+00:00\",\"dateModified\":\"2025-10-29T07:59:12+00:00\",\"description\":\"Am 23. Oktober 2025 fand im Cubic Innovation Center der B\u00fchler AG in Uzwil der zweite Greenovation Summit statt.\",\"breadcrumb\":{\"@id\":\"https:\\\/\\\/www.organisator.ch\\\/sustainability\\\/2025-10-29\\\/von-enkeltauglichkeit-bis-zu-digitalen-models\\\/#breadcrumb\"},\"inLanguage\":\"de\",\"potentialAction\":[{\"@type\":\"ReadAction\",\"target\":[\"https:\\\/\\\/www.organisator.ch\\\/sustainability\\\/2025-10-29\\\/von-enkeltauglichkeit-bis-zu-digitalen-models\\\/\"]}]},{\"@type\":\"ImageObject\",\"inLanguage\":\"de\",\"@id\":\"https:\\\/\\\/www.organisator.ch\\\/sustainability\\\/2025-10-29\\\/von-enkeltauglichkeit-bis-zu-digitalen-models\\\/#primaryimage\",\"url\":\"https:\\\/\\\/www.organisator.ch\\\/wp-content\\\/uploads\\\/2025\\\/10\\\/Von-Enkeltauglichkeit-bis-zu-digitalen-Models-1_Organisator.jpg\",\"contentUrl\":\"https:\\\/\\\/www.organisator.ch\\\/wp-content\\\/uploads\\\/2025\\\/10\\\/Von-Enkeltauglichkeit-bis-zu-digitalen-Models-1_Organisator.jpg\",\"width\":680,\"height\":510,\"caption\":\"Die zweite Durchf\u00fchrung des Greenovation Summits fand am 23. Oktober 2025 statt. (Bild: Thomas Berner)\"},{\"@type\":\"BreadcrumbList\",\"@id\":\"https:\\\/\\\/www.organisator.ch\\\/sustainability\\\/2025-10-29\\\/von-enkeltauglichkeit-bis-zu-digitalen-models\\\/#breadcrumb\",\"itemListElement\":[{\"@type\":\"ListItem\",\"position\":1,\"name\":\"Home\",\"item\":\"https:\\\/\\\/www.organisator.ch\\\/\"},{\"@type\":\"ListItem\",\"position\":2,\"name\":\"Von Enkeltauglichkeit bis zu digitalen Models\"}]},{\"@type\":\"WebSite\",\"@id\":\"https:\\\/\\\/www.organisator.ch\\\/#website\",\"url\":\"https:\\\/\\\/www.organisator.ch\\\/\",\"name\":\"Organisator\",\"description\":\"Kompetent. Praxisnah. Der ORGANISATOR bereitet in 10 Ausgaben pro Jahr die wesentlichen Themen f\u00fcr F\u00fchrungskr\u00e4fte von KMU auf.\",\"publisher\":{\"@id\":\"https:\\\/\\\/www.organisator.ch\\\/#organization\"},\"potentialAction\":[{\"@type\":\"SearchAction\",\"target\":{\"@type\":\"EntryPoint\",\"urlTemplate\":\"https:\\\/\\\/www.organisator.ch\\\/?s={search_term_string}\"},\"query-input\":{\"@type\":\"PropertyValueSpecification\",\"valueRequired\":true,\"valueName\":\"search_term_string\"}}],\"inLanguage\":\"de\"},{\"@type\":\"Organization\",\"@id\":\"https:\\\/\\\/www.organisator.ch\\\/#organization\",\"name\":\"Organisator\",\"url\":\"https:\\\/\\\/www.organisator.ch\\\/\",\"logo\":{\"@type\":\"ImageObject\",\"inLanguage\":\"de\",\"@id\":\"https:\\\/\\\/www.organisator.ch\\\/#\\\/schema\\\/logo\\\/image\\\/\",\"url\":\"https:\\\/\\\/www.organisator.ch\\\/wp-content\\\/uploads\\\/2022\\\/01\\\/Logo_Organisator_Website.png\",\"contentUrl\":\"https:\\\/\\\/www.organisator.ch\\\/wp-content\\\/uploads\\\/2022\\\/01\\\/Logo_Organisator_Website.png\",\"width\":800,\"height\":77,\"caption\":\"Organisator\"},\"image\":{\"@id\":\"https:\\\/\\\/www.organisator.ch\\\/#\\\/schema\\\/logo\\\/image\\\/\"},\"sameAs\":[\"https:\\\/\\\/www.facebook.com\\\/OrganisatorFachmagazin\",\"https:\\\/\\\/www.linkedin.com\\\/showcase\\\/organisator-das-magazin-fr-kmu\",\"https:\\\/\\\/www.xing.com\\\/news\\\/pages\\\/organisator-ch-695\",\"https:\\\/\\\/www.youtube.com\\\/channel\\\/UCGP2Sq0iWaZwT3BdIAQFYpw\"]},{\"@type\":\"Person\",\"@id\":\"https:\\\/\\\/www.organisator.ch\\\/#\\\/schema\\\/person\\\/6f650f90b2842cd4c0cc334b4e36f67e\",\"name\":\"thomas.berner\",\"image\":{\"@type\":\"ImageObject\",\"inLanguage\":\"de\",\"@id\":\"https:\\\/\\\/secure.gravatar.com\\\/avatar\\\/ac5001d2a36cb6c6cd3e50789007ffca834b477b74a2144564522e944eabff61?s=96&d=mm&r=g\",\"url\":\"https:\\\/\\\/secure.gravatar.com\\\/avatar\\\/ac5001d2a36cb6c6cd3e50789007ffca834b477b74a2144564522e944eabff61?s=96&d=mm&r=g\",\"contentUrl\":\"https:\\\/\\\/secure.gravatar.com\\\/avatar\\\/ac5001d2a36cb6c6cd3e50789007ffca834b477b74a2144564522e944eabff61?s=96&d=mm&r=g\",\"caption\":\"thomas.berner\"},\"url\":\"https:\\\/\\\/www.organisator.ch\\\/de\\\/author\\\/thomas-berner\\\/\"}]}<\/script>\n<!-- \/ Yoast SEO plugin. -->","yoast_head_json":{"title":"Von Enkeltauglichkeit bis zu digitalen Models - Organisator","description":"Am 23. Oktober 2025 fand im Cubic Innovation Center der B\u00fchler AG in Uzwil der zweite Greenovation Summit statt.","robots":{"index":"index","follow":"follow","max-snippet":"max-snippet:-1","max-image-preview":"max-image-preview:large","max-video-preview":"max-video-preview:-1"},"canonical":"https:\/\/www.organisator.ch\/de\/sustainability\/2025-10-29\/von-enkeltauglichkeit-bis-zu-digitalen-models\/","og_locale":"de_DE","og_type":"article","og_title":"Von Enkeltauglichkeit bis zu digitalen Models","og_description":"Am 23. Oktober 2025 fand im Cubic Innovation Center der B\u00fchler AG in Uzwil der zweite Greenovation Summit statt.","og_url":"https:\/\/www.organisator.ch\/de\/sustainability\/2025-10-29\/von-enkeltauglichkeit-bis-zu-digitalen-models\/","og_site_name":"Organisator","article_publisher":"https:\/\/www.facebook.com\/OrganisatorFachmagazin","article_published_time":"2025-10-29T07:53:26+00:00","article_modified_time":"2025-10-29T07:59:12+00:00","og_image":[{"width":680,"height":510,"url":"https:\/\/www.organisator.ch\/wp-content\/uploads\/2025\/10\/Von-Enkeltauglichkeit-bis-zu-digitalen-Models-1_Organisator.jpg","type":"image\/jpeg"}],"author":"thomas.berner","twitter_card":"summary_large_image","twitter_title":"Von #Enkeltauglichkeit bis zu digitalen Models","twitter_description":"Am 23. Oktober 2025 fand im Cubic Innovation Center der #B\u00fchler AG in Uzwil der zweite #Greenovation Summit statt.","twitter_image":"https:\/\/www.organisator.ch\/wp-content\/uploads\/2025\/10\/Von-Enkeltauglichkeit-bis-zu-digitalen-Models-1_Organisator.jpg","schema":{"@context":"https:\/\/schema.org","@graph":[{"@type":"Article","@id":"https:\/\/www.organisator.ch\/sustainability\/2025-10-29\/von-enkeltauglichkeit-bis-zu-digitalen-models\/#article","isPartOf":{"@id":"https:\/\/www.organisator.ch\/sustainability\/2025-10-29\/von-enkeltauglichkeit-bis-zu-digitalen-models\/"},"author":{"name":"thomas.berner","@id":"https:\/\/www.organisator.ch\/#\/schema\/person\/6f650f90b2842cd4c0cc334b4e36f67e"},"headline":"Von Enkeltauglichkeit bis zu digitalen Models","datePublished":"2025-10-29T07:53:26+00:00","dateModified":"2025-10-29T07:59:12+00:00","mainEntityOfPage":{"@id":"https:\/\/www.organisator.ch\/sustainability\/2025-10-29\/von-enkeltauglichkeit-bis-zu-digitalen-models\/"},"wordCount":756,"publisher":{"@id":"https:\/\/www.organisator.ch\/#organization"},"image":{"@id":"https:\/\/www.organisator.ch\/sustainability\/2025-10-29\/von-enkeltauglichkeit-bis-zu-digitalen-models\/#primaryimage"},"thumbnailUrl":"https:\/\/www.organisator.ch\/wp-content\/uploads\/2025\/10\/Von-Enkeltauglichkeit-bis-zu-digitalen-Models-1_Organisator.jpg","keywords":["Fachkongress\/Fachmesse","Greenovation Summit","Nachhaltige Wirtschaft"],"articleSection":["SUSTAINABILITY"],"inLanguage":"de"},{"@type":"WebPage","@id":"https:\/\/www.organisator.ch\/sustainability\/2025-10-29\/von-enkeltauglichkeit-bis-zu-digitalen-models\/","url":"https:\/\/www.organisator.ch\/sustainability\/2025-10-29\/von-enkeltauglichkeit-bis-zu-digitalen-models\/","name":"Von Enkeltauglichkeit bis zu digitalen Models - Organisator","isPartOf":{"@id":"https:\/\/www.organisator.ch\/#website"},"primaryImageOfPage":{"@id":"https:\/\/www.organisator.ch\/sustainability\/2025-10-29\/von-enkeltauglichkeit-bis-zu-digitalen-models\/#primaryimage"},"image":{"@id":"https:\/\/www.organisator.ch\/sustainability\/2025-10-29\/von-enkeltauglichkeit-bis-zu-digitalen-models\/#primaryimage"},"thumbnailUrl":"https:\/\/www.organisator.ch\/wp-content\/uploads\/2025\/10\/Von-Enkeltauglichkeit-bis-zu-digitalen-Models-1_Organisator.jpg","datePublished":"2025-10-29T07:53:26+00:00","dateModified":"2025-10-29T07:59:12+00:00","description":"Am 23. Oktober 2025 fand im Cubic Innovation Center der B\u00fchler AG in Uzwil der zweite Greenovation Summit statt.","breadcrumb":{"@id":"https:\/\/www.organisator.ch\/sustainability\/2025-10-29\/von-enkeltauglichkeit-bis-zu-digitalen-models\/#breadcrumb"},"inLanguage":"de","potentialAction":[{"@type":"ReadAction","target":["https:\/\/www.organisator.ch\/sustainability\/2025-10-29\/von-enkeltauglichkeit-bis-zu-digitalen-models\/"]}]},{"@type":"ImageObject","inLanguage":"de","@id":"https:\/\/www.organisator.ch\/sustainability\/2025-10-29\/von-enkeltauglichkeit-bis-zu-digitalen-models\/#primaryimage","url":"https:\/\/www.organisator.ch\/wp-content\/uploads\/2025\/10\/Von-Enkeltauglichkeit-bis-zu-digitalen-Models-1_Organisator.jpg","contentUrl":"https:\/\/www.organisator.ch\/wp-content\/uploads\/2025\/10\/Von-Enkeltauglichkeit-bis-zu-digitalen-Models-1_Organisator.jpg","width":680,"height":510,"caption":"Die zweite Durchf\u00fchrung des Greenovation Summits fand am 23. Oktober 2025 statt. (Bild: Thomas Berner)"},{"@type":"BreadcrumbList","@id":"https:\/\/www.organisator.ch\/sustainability\/2025-10-29\/von-enkeltauglichkeit-bis-zu-digitalen-models\/#breadcrumb","itemListElement":[{"@type":"ListItem","position":1,"name":"Home","item":"https:\/\/www.organisator.ch\/"},{"@type":"ListItem","position":2,"name":"Von Enkeltauglichkeit bis zu digitalen Models"}]},{"@type":"WebSite","@id":"https:\/\/www.organisator.ch\/#website","url":"https:\/\/www.organisator.ch\/","name":"Organisator","description":"Kompetent. Praxisnah. Der ORGANISATOR bereitet in 10 Ausgaben pro Jahr die wesentlichen Themen f\u00fcr F\u00fchrungskr\u00e4fte von KMU auf.","publisher":{"@id":"https:\/\/www.organisator.ch\/#organization"},"potentialAction":[{"@type":"SearchAction","target":{"@type":"EntryPoint","urlTemplate":"https:\/\/www.organisator.ch\/?s={search_term_string}"},"query-input":{"@type":"PropertyValueSpecification","valueRequired":true,"valueName":"search_term_string"}}],"inLanguage":"de"},{"@type":"Organization","@id":"https:\/\/www.organisator.ch\/#organization","name":"Organisator","url":"https:\/\/www.organisator.ch\/","logo":{"@type":"ImageObject","inLanguage":"de","@id":"https:\/\/www.organisator.ch\/#\/schema\/logo\/image\/","url":"https:\/\/www.organisator.ch\/wp-content\/uploads\/2022\/01\/Logo_Organisator_Website.png","contentUrl":"https:\/\/www.organisator.ch\/wp-content\/uploads\/2022\/01\/Logo_Organisator_Website.png","width":800,"height":77,"caption":"Organisator"},"image":{"@id":"https:\/\/www.organisator.ch\/#\/schema\/logo\/image\/"},"sameAs":["https:\/\/www.facebook.com\/OrganisatorFachmagazin","https:\/\/www.linkedin.com\/showcase\/organisator-das-magazin-fr-kmu","https:\/\/www.xing.com\/news\/pages\/organisator-ch-695","https:\/\/www.youtube.com\/channel\/UCGP2Sq0iWaZwT3BdIAQFYpw"]},{"@type":"Person","@id":"https:\/\/www.organisator.ch\/#\/schema\/person\/6f650f90b2842cd4c0cc334b4e36f67e","name":"thomas.berner","image":{"@type":"ImageObject","inLanguage":"de","@id":"https:\/\/secure.gravatar.com\/avatar\/ac5001d2a36cb6c6cd3e50789007ffca834b477b74a2144564522e944eabff61?s=96&d=mm&r=g","url":"https:\/\/secure.gravatar.com\/avatar\/ac5001d2a36cb6c6cd3e50789007ffca834b477b74a2144564522e944eabff61?s=96&d=mm&r=g","contentUrl":"https:\/\/secure.gravatar.com\/avatar\/ac5001d2a36cb6c6cd3e50789007ffca834b477b74a2144564522e944eabff61?s=96&d=mm&r=g","caption":"thomas.berner"},"url":"https:\/\/www.organisator.ch\/de\/author\/thomas-berner\/"}]}},"_links":{"self":[{"href":"https:\/\/www.organisator.ch\/de\/wp-json\/wp\/v2\/posts\/41582","targetHints":{"allow":["GET"]}}],"collection":[{"href":"https:\/\/www.organisator.ch\/de\/wp-json\/wp\/v2\/posts"}],"about":[{"href":"https:\/\/www.organisator.ch\/de\/wp-json\/wp\/v2\/types\/post"}],"author":[{"embeddable":true,"href":"https:\/\/www.organisator.ch\/de\/wp-json\/wp\/v2\/users\/4"}],"replies":[{"embeddable":true,"href":"https:\/\/www.organisator.ch\/de\/wp-json\/wp\/v2\/comments?post=41582"}],"version-history":[{"count":3,"href":"https:\/\/www.organisator.ch\/de\/wp-json\/wp\/v2\/posts\/41582\/revisions"}],"predecessor-version":[{"id":41587,"href":"https:\/\/www.organisator.ch\/de\/wp-json\/wp\/v2\/posts\/41582\/revisions\/41587"}],"wp:featuredmedia":[{"embeddable":true,"href":"https:\/\/www.organisator.ch\/de\/wp-json\/wp\/v2\/media\/41583"}],"wp:attachment":[{"href":"https:\/\/www.organisator.ch\/de\/wp-json\/wp\/v2\/media?parent=41582"}],"wp:term":[{"taxonomy":"category","embeddable":true,"href":"https:\/\/www.organisator.ch\/de\/wp-json\/wp\/v2\/categories?post=41582"},{"taxonomy":"post_tag","embeddable":true,"href":"https:\/\/www.organisator.ch\/de\/wp-json\/wp\/v2\/tags?post=41582"}],"curies":[{"name":"wp","href":"https:\/\/api.w.org\/{rel}","templated":true}]}}