{"id":4167,"date":"2018-08-31T08:23:29","date_gmt":"2018-08-31T06:23:29","guid":{"rendered":"https:\/\/www.organisator.ch\/?p=4167"},"modified":"2018-08-31T08:23:29","modified_gmt":"2018-08-31T06:23:29","slug":"zufriedene-gesichter-auf-der-it-fachmesse-topsoft","status":"publish","type":"post","link":"https:\/\/www.organisator.ch\/de\/management\/it\/2018-08-31\/zufriedene-gesichter-auf-der-it-fachmesse-topsoft\/","title":{"rendered":"Zufriedene Gesichter auf der IT-Fachmesse topsoft"},"content":{"rendered":"<figure id=\"attachment_4168\" aria-describedby=\"caption-attachment-4168\" style=\"width: 640px\" class=\"wp-caption alignnone\"><img loading=\"lazy\" decoding=\"async\" class=\"size-full wp-image-4168\" src=\"https:\/\/www.organisator.ch\/wp-content\/uploads\/2018\/08\/Zufriedene-Gesichter-auf-der-IT-Fachmesse-topsoft_Organisator.jpg\" alt=\"\" width=\"640\" height=\"427\" srcset=\"https:\/\/www.organisator.ch\/wp-content\/uploads\/2018\/08\/Zufriedene-Gesichter-auf-der-IT-Fachmesse-topsoft_Organisator.jpg 640w, https:\/\/www.organisator.ch\/wp-content\/uploads\/2018\/08\/Zufriedene-Gesichter-auf-der-IT-Fachmesse-topsoft_Organisator-16x12.jpg 16w, https:\/\/www.organisator.ch\/wp-content\/uploads\/2018\/08\/Zufriedene-Gesichter-auf-der-IT-Fachmesse-topsoft_Organisator-262x175.jpg 262w, https:\/\/www.organisator.ch\/wp-content\/uploads\/2018\/08\/Zufriedene-Gesichter-auf-der-IT-Fachmesse-topsoft_Organisator-525x350.jpg 525w, https:\/\/www.organisator.ch\/wp-content\/uploads\/2018\/08\/Zufriedene-Gesichter-auf-der-IT-Fachmesse-topsoft_Organisator-300x200.jpg 300w\" sizes=\"auto, (max-width: 640px) 100vw, 640px\" \/><figcaption id=\"caption-attachment-4168\" class=\"wp-caption-text\">Auf der IT-Fachmesse topsoft zeigte die Engineering-Firma Gritec AG eine L\u00f6sung f\u00fcr &#8222;Losgr\u00f6sse 1&#8220;. (Bild: topsoft \/ flickr.com)<\/figcaption><\/figure>\n<p>In Sachen Digitalisierung schwanken viele KMU derzeit zwischen Verunsicherung und Motivation. Eine Gelegenheit, neue Technologien live zu erleben, bot sich auf der diesj\u00e4hrigen IT-Fachmesse topsoft in Z\u00fcrich. Zwei Tage lang konnten die Messebesucher Anwendungen live erleben, Fragen zu L\u00f6sungen stellen und viele Praxistipps mitnehmen. Sowohl die Ausstellung als auch die Referate waren sehr gut besucht. Insbesondere der erste Messetag sorgte bei vielen Anbietern f\u00fcr grosse Zufriedenheit, was die Anzahl und Qualit\u00e4t der Besucherkontakte betraf.<\/p>\n<h2><strong>Messe als Br\u00fccke zwischen Anbieter und Anwender<\/strong><\/h2>\n<p>W\u00e4hrend andere Messen vermehrt auf Festival und Spektakel setzen, betonen die Veranstalter der topsoft, dass es bei ihnen nicht einfach um die grosse Show geht. \u00abSchlussendlich muss Digitalisierung zum Kontext des Unternehmens passen. Ein KMU muss mit begrenzten Ressourcen die digitale Zukunft gestalten k\u00f6nnen\u00bb, gibt Messeleiter Cyrill Schmid zu bedenken. Die topsoft sieht sich auch in Zukunft als Br\u00fcckenbauer zwischen Anbietern und Anwendern. Der Erfolg l\u00e4sst sich an der Zufriedenheit der Besucher und Aussteller messen. \u00abDie positive Resonanz auf die topsoft hat uns angesichts der verhaltenen Schlagzeilen verschiedener Messeveranstalter im Vorfeld dann doch etwas \u00fcberrascht\u00bb, so Schmid.<\/p>\n<h2><strong>Die digitale Zukunft nimmt Gestalt an<\/strong><\/h2>\n<p>Wie sich Digitalisierung in konkrete Gesch\u00e4ftsmodelle umwandeln l\u00e4sst, zeigten verschiedene Showcases auf der Messe. Anhand eines veritablen Saugbaggers demonstrierte zum Beispiel das Softwareunternehmen Webgate, wie sich Augmented Reality im Servicebereich nutzen l\u00e4sst. Dass auch in alten Maschinen noch digitales Potenzial steckt, bewies ein \u00fcber 200 Jahre altes Spinnrad, welches dank Sensoren direkt mit ERP-Systemen kommunizieren kann. Die von Industrie 4.0 geforderte Losgr\u00f6sse 1 zeigte unter anderem die Engineering-Firma Gritec AG mit ihrer automatisierten Anwendung in Form personifizierter Bonbons.<\/p>\n<h2><strong>Im Fokus steht der Business-Nutzen <\/strong><\/h2>\n<p>Mit digitaler Technologie allein k\u00f6nnen nur wenige Firmen etwas anfangen. \u00abAnwender brauchen die Digitalisierung als Mittel zum Zweck \u2013 und dieser Zweck ist wirtschaftlicher Natur. IT macht nur Sinn, wenn daraus ein Gewinn resultiert\u00bb, erkl\u00e4rt myfactory-CEO David Lauchenauer. F\u00fcr viele KMU z\u00e4hlt nur, welche Vorteile sie einem Unternehmen effektiv bringt. Das ist auch f\u00fcr Urs P. Amrein, Marketingleiter bei Opacc, nachvollziehbar: \u00abWir sind intensiv im Austausch mit unseren Kunden und kennen ihre Bed\u00fcrfnisse sehr gut. Moderne Software bietet viel, nimmt aber auch die Anwender in die Pflicht. Die technischen M\u00f6glichkeiten sind vorhanden, gefragt sind kreative Ideen und Strategien seitens der KMU.\u00bb<\/p>\n<h2><strong>Messen sind weiterhin gefragt<\/strong><\/h2>\n<p>Im Vergleich zu anderen Veranstaltungen gibt man sich bei der topsoft Fachmesse zuversichtlich. F\u00fcr den Veranstaltungsleiter Cyrill Schmid haben Messen durchaus eine Zukunft: \u00abDie Digitalisierung bringt uns ganz neue Formen von IT-Anwendungen. Die Komplexit\u00e4t ist gross und erfordert einen intensiven Austausch zwischen Kunden und Herstellern. Eine Messe wie die topsoft ist der ideale Ort f\u00fcr Dialoge, Vergleiche, Experimente und Kontakte. Die Gespr\u00e4che, die Fragen und Antworten sowie das Gef\u00fchl, mit der Digitalisierung nicht allein zu sein \u2013 genau darum dreht es sich bei der topsoft.\u00bb<\/p>\n<p><a href=\"http:\/\/www.topsoft.ch\"><em>www.topsoft.ch<\/em><\/a><\/p>\n","protected":false},"excerpt":{"rendered":"<p>In Sachen Digitalisierung schwanken viele KMU derzeit zwischen Verunsicherung und Motivation. Eine Gelegenheit, neue Technologien live zu erleben, bot sich auf der diesj\u00e4hrigen IT-Fachmesse topsoft in Z\u00fcrich. Zwei Tage lang konnten die Messebesucher Anwendungen live erleben, Fragen zu L\u00f6sungen stellen und viele Praxistipps mitnehmen. Sowohl die Ausstellung als auch die Referate waren sehr gut besucht. [&hellip;]<\/p>\n","protected":false},"author":4,"featured_media":4168,"comment_status":"open","ping_status":"open","sticky":false,"template":"","format":"standard","meta":{"_acf_changed":false,"_yoast_wpseo_focuskw":"IT-Fachmesse topsoft","_yoast_wpseo_metadesc":"Die IT-Fachmesse topsoft wurde ihrem Ruf als Schaufenster digitaler M\u00f6glichkeiten erneut gerecht; Aussteller und Veranstalter ziehen eine positive Bilanz.","articlekey":"","footnotes":""},"categories":[27],"tags":[193,288,508],"class_list":["post-4167","post","type-post","status-publish","format-standard","has-post-thumbnail","hentry","category-it","tag-fachkongressfachmesse","tag-it-business-software","tag-vermischtes"],"acf":[],"yoast_head":"<!-- This site is optimized with the Yoast SEO plugin v27.5 - https:\/\/yoast.com\/product\/yoast-seo-wordpress\/ -->\n<title>Zufriedene Gesichter auf der IT-Fachmesse topsoft - Organisator<\/title>\n<meta name=\"description\" content=\"Die IT-Fachmesse topsoft wurde ihrem Ruf als Schaufenster digitaler M\u00f6glichkeiten erneut gerecht; Aussteller und Veranstalter ziehen eine positive Bilanz.\" \/>\n<meta name=\"robots\" content=\"index, follow, max-snippet:-1, max-image-preview:large, max-video-preview:-1\" \/>\n<link rel=\"canonical\" href=\"https:\/\/www.organisator.ch\/de\/management\/it\/2018-08-31\/zufriedene-gesichter-auf-der-it-fachmesse-topsoft\/\" \/>\n<meta property=\"og:locale\" content=\"de_DE\" \/>\n<meta property=\"og:type\" content=\"article\" \/>\n<meta property=\"og:title\" content=\"Zufriedene Gesichter auf der IT-Fachmesse topsoft\" \/>\n<meta property=\"og:description\" content=\"Die IT-Fachmesse topsoft wurde ihrem Ruf als Schaufenster digitaler M\u00f6glichkeiten erneut gerecht; Aussteller und Veranstalter ziehen eine positive Bilanz.\" \/>\n<meta property=\"og:url\" content=\"https:\/\/www.organisator.ch\/de\/management\/it\/2018-08-31\/zufriedene-gesichter-auf-der-it-fachmesse-topsoft\/\" \/>\n<meta property=\"og:site_name\" content=\"Organisator\" \/>\n<meta property=\"article:publisher\" content=\"https:\/\/www.facebook.com\/OrganisatorFachmagazin\" \/>\n<meta property=\"article:published_time\" content=\"2018-08-31T06:23:29+00:00\" \/>\n<meta property=\"og:image\" content=\"https:\/\/www.organisator.ch\/wp-content\/uploads\/2018\/08\/Zufriedene-Gesichter-auf-der-IT-Fachmesse-topsoft_Organisator.jpg\" \/>\n\t<meta property=\"og:image:width\" content=\"640\" \/>\n\t<meta property=\"og:image:height\" content=\"427\" \/>\n\t<meta property=\"og:image:type\" content=\"image\/jpeg\" \/>\n<meta name=\"author\" content=\"thomas.berner\" \/>\n<meta name=\"twitter:card\" content=\"summary_large_image\" \/>\n<meta name=\"twitter:title\" content=\"Zufriedene Gesichter auf der #IT-Fachmesse #topsoft\" \/>\n<meta name=\"twitter:description\" content=\"Die IT-Fachmesse #topsoft wurde ihrem Ruf als Schaufenster digitaler M\u00f6glichkeiten erneut gerecht; Aussteller und Veranstalter ziehen eine positive Bilanz.\" \/>\n<meta name=\"twitter:image\" content=\"https:\/\/www.organisator.ch\/wp-content\/uploads\/2018\/08\/Zufriedene-Gesichter-auf-der-IT-Fachmesse-topsoft_Organisator.jpg\" \/>\n<script type=\"application\/ld+json\" class=\"yoast-schema-graph\">{\"@context\":\"https:\\\/\\\/schema.org\",\"@graph\":[{\"@type\":\"Article\",\"@id\":\"https:\\\/\\\/www.organisator.ch\\\/management\\\/it\\\/2018-08-31\\\/zufriedene-gesichter-auf-der-it-fachmesse-topsoft\\\/#article\",\"isPartOf\":{\"@id\":\"https:\\\/\\\/www.organisator.ch\\\/management\\\/it\\\/2018-08-31\\\/zufriedene-gesichter-auf-der-it-fachmesse-topsoft\\\/\"},\"author\":{\"name\":\"thomas.berner\",\"@id\":\"https:\\\/\\\/www.organisator.ch\\\/#\\\/schema\\\/person\\\/6f650f90b2842cd4c0cc334b4e36f67e\"},\"headline\":\"Zufriedene Gesichter auf der IT-Fachmesse topsoft\",\"datePublished\":\"2018-08-31T06:23:29+00:00\",\"mainEntityOfPage\":{\"@id\":\"https:\\\/\\\/www.organisator.ch\\\/management\\\/it\\\/2018-08-31\\\/zufriedene-gesichter-auf-der-it-fachmesse-topsoft\\\/\"},\"wordCount\":514,\"commentCount\":0,\"publisher\":{\"@id\":\"https:\\\/\\\/www.organisator.ch\\\/#organization\"},\"image\":{\"@id\":\"https:\\\/\\\/www.organisator.ch\\\/management\\\/it\\\/2018-08-31\\\/zufriedene-gesichter-auf-der-it-fachmesse-topsoft\\\/#primaryimage\"},\"thumbnailUrl\":\"https:\\\/\\\/www.organisator.ch\\\/wp-content\\\/uploads\\\/2018\\\/08\\\/Zufriedene-Gesichter-auf-der-IT-Fachmesse-topsoft_Organisator.jpg\",\"keywords\":[\"Fachkongress\\\/Fachmesse\",\"IT &amp; Business Software\",\"Vermischtes\"],\"articleSection\":[\"IT\"],\"inLanguage\":\"de\"},{\"@type\":\"WebPage\",\"@id\":\"https:\\\/\\\/www.organisator.ch\\\/management\\\/it\\\/2018-08-31\\\/zufriedene-gesichter-auf-der-it-fachmesse-topsoft\\\/\",\"url\":\"https:\\\/\\\/www.organisator.ch\\\/management\\\/it\\\/2018-08-31\\\/zufriedene-gesichter-auf-der-it-fachmesse-topsoft\\\/\",\"name\":\"Zufriedene Gesichter auf der IT-Fachmesse topsoft - Organisator\",\"isPartOf\":{\"@id\":\"https:\\\/\\\/www.organisator.ch\\\/#website\"},\"primaryImageOfPage\":{\"@id\":\"https:\\\/\\\/www.organisator.ch\\\/management\\\/it\\\/2018-08-31\\\/zufriedene-gesichter-auf-der-it-fachmesse-topsoft\\\/#primaryimage\"},\"image\":{\"@id\":\"https:\\\/\\\/www.organisator.ch\\\/management\\\/it\\\/2018-08-31\\\/zufriedene-gesichter-auf-der-it-fachmesse-topsoft\\\/#primaryimage\"},\"thumbnailUrl\":\"https:\\\/\\\/www.organisator.ch\\\/wp-content\\\/uploads\\\/2018\\\/08\\\/Zufriedene-Gesichter-auf-der-IT-Fachmesse-topsoft_Organisator.jpg\",\"datePublished\":\"2018-08-31T06:23:29+00:00\",\"description\":\"Die IT-Fachmesse topsoft wurde ihrem Ruf als Schaufenster digitaler M\u00f6glichkeiten erneut gerecht; Aussteller und Veranstalter ziehen eine positive Bilanz.\",\"breadcrumb\":{\"@id\":\"https:\\\/\\\/www.organisator.ch\\\/management\\\/it\\\/2018-08-31\\\/zufriedene-gesichter-auf-der-it-fachmesse-topsoft\\\/#breadcrumb\"},\"inLanguage\":\"de\",\"potentialAction\":[{\"@type\":\"ReadAction\",\"target\":[\"https:\\\/\\\/www.organisator.ch\\\/management\\\/it\\\/2018-08-31\\\/zufriedene-gesichter-auf-der-it-fachmesse-topsoft\\\/\"]}]},{\"@type\":\"ImageObject\",\"inLanguage\":\"de\",\"@id\":\"https:\\\/\\\/www.organisator.ch\\\/management\\\/it\\\/2018-08-31\\\/zufriedene-gesichter-auf-der-it-fachmesse-topsoft\\\/#primaryimage\",\"url\":\"https:\\\/\\\/www.organisator.ch\\\/wp-content\\\/uploads\\\/2018\\\/08\\\/Zufriedene-Gesichter-auf-der-IT-Fachmesse-topsoft_Organisator.jpg\",\"contentUrl\":\"https:\\\/\\\/www.organisator.ch\\\/wp-content\\\/uploads\\\/2018\\\/08\\\/Zufriedene-Gesichter-auf-der-IT-Fachmesse-topsoft_Organisator.jpg\",\"width\":640,\"height\":427,\"caption\":\"Auf der IT-Fachmesse topsoft zeigte die Engineering-Firma Gritec AG eine L\u00f6sung f\u00fcr \\\"Losgr\u00f6sse 1\\\". (Bild: topsoft \\\/ flickr.com)\"},{\"@type\":\"BreadcrumbList\",\"@id\":\"https:\\\/\\\/www.organisator.ch\\\/management\\\/it\\\/2018-08-31\\\/zufriedene-gesichter-auf-der-it-fachmesse-topsoft\\\/#breadcrumb\",\"itemListElement\":[{\"@type\":\"ListItem\",\"position\":1,\"name\":\"Home\",\"item\":\"https:\\\/\\\/www.organisator.ch\\\/\"},{\"@type\":\"ListItem\",\"position\":2,\"name\":\"Zufriedene Gesichter auf der IT-Fachmesse topsoft\"}]},{\"@type\":\"WebSite\",\"@id\":\"https:\\\/\\\/www.organisator.ch\\\/#website\",\"url\":\"https:\\\/\\\/www.organisator.ch\\\/\",\"name\":\"Organisator\",\"description\":\"Kompetent. Praxisnah. Der ORGANISATOR bereitet in 10 Ausgaben pro Jahr die wesentlichen Themen f\u00fcr F\u00fchrungskr\u00e4fte von KMU auf.\",\"publisher\":{\"@id\":\"https:\\\/\\\/www.organisator.ch\\\/#organization\"},\"potentialAction\":[{\"@type\":\"SearchAction\",\"target\":{\"@type\":\"EntryPoint\",\"urlTemplate\":\"https:\\\/\\\/www.organisator.ch\\\/?s={search_term_string}\"},\"query-input\":{\"@type\":\"PropertyValueSpecification\",\"valueRequired\":true,\"valueName\":\"search_term_string\"}}],\"inLanguage\":\"de\"},{\"@type\":\"Organization\",\"@id\":\"https:\\\/\\\/www.organisator.ch\\\/#organization\",\"name\":\"Organisator\",\"url\":\"https:\\\/\\\/www.organisator.ch\\\/\",\"logo\":{\"@type\":\"ImageObject\",\"inLanguage\":\"de\",\"@id\":\"https:\\\/\\\/www.organisator.ch\\\/#\\\/schema\\\/logo\\\/image\\\/\",\"url\":\"https:\\\/\\\/www.organisator.ch\\\/wp-content\\\/uploads\\\/2022\\\/01\\\/Logo_Organisator_Website.png\",\"contentUrl\":\"https:\\\/\\\/www.organisator.ch\\\/wp-content\\\/uploads\\\/2022\\\/01\\\/Logo_Organisator_Website.png\",\"width\":800,\"height\":77,\"caption\":\"Organisator\"},\"image\":{\"@id\":\"https:\\\/\\\/www.organisator.ch\\\/#\\\/schema\\\/logo\\\/image\\\/\"},\"sameAs\":[\"https:\\\/\\\/www.facebook.com\\\/OrganisatorFachmagazin\",\"https:\\\/\\\/www.linkedin.com\\\/showcase\\\/organisator-das-magazin-fr-kmu\",\"https:\\\/\\\/www.xing.com\\\/news\\\/pages\\\/organisator-ch-695\",\"https:\\\/\\\/www.youtube.com\\\/channel\\\/UCGP2Sq0iWaZwT3BdIAQFYpw\"]},{\"@type\":\"Person\",\"@id\":\"https:\\\/\\\/www.organisator.ch\\\/#\\\/schema\\\/person\\\/6f650f90b2842cd4c0cc334b4e36f67e\",\"name\":\"thomas.berner\",\"image\":{\"@type\":\"ImageObject\",\"inLanguage\":\"de\",\"@id\":\"https:\\\/\\\/secure.gravatar.com\\\/avatar\\\/ac5001d2a36cb6c6cd3e50789007ffca834b477b74a2144564522e944eabff61?s=96&d=mm&r=g\",\"url\":\"https:\\\/\\\/secure.gravatar.com\\\/avatar\\\/ac5001d2a36cb6c6cd3e50789007ffca834b477b74a2144564522e944eabff61?s=96&d=mm&r=g\",\"contentUrl\":\"https:\\\/\\\/secure.gravatar.com\\\/avatar\\\/ac5001d2a36cb6c6cd3e50789007ffca834b477b74a2144564522e944eabff61?s=96&d=mm&r=g\",\"caption\":\"thomas.berner\"},\"url\":\"https:\\\/\\\/www.organisator.ch\\\/de\\\/author\\\/thomas-berner\\\/\"}]}<\/script>\n<!-- \/ Yoast SEO plugin. -->","yoast_head_json":{"title":"Zufriedene Gesichter auf der IT-Fachmesse topsoft - Organisator","description":"Die IT-Fachmesse topsoft wurde ihrem Ruf als Schaufenster digitaler M\u00f6glichkeiten erneut gerecht; Aussteller und Veranstalter ziehen eine positive Bilanz.","robots":{"index":"index","follow":"follow","max-snippet":"max-snippet:-1","max-image-preview":"max-image-preview:large","max-video-preview":"max-video-preview:-1"},"canonical":"https:\/\/www.organisator.ch\/de\/management\/it\/2018-08-31\/zufriedene-gesichter-auf-der-it-fachmesse-topsoft\/","og_locale":"de_DE","og_type":"article","og_title":"Zufriedene Gesichter auf der IT-Fachmesse topsoft","og_description":"Die IT-Fachmesse topsoft wurde ihrem Ruf als Schaufenster digitaler M\u00f6glichkeiten erneut gerecht; Aussteller und Veranstalter ziehen eine positive Bilanz.","og_url":"https:\/\/www.organisator.ch\/de\/management\/it\/2018-08-31\/zufriedene-gesichter-auf-der-it-fachmesse-topsoft\/","og_site_name":"Organisator","article_publisher":"https:\/\/www.facebook.com\/OrganisatorFachmagazin","article_published_time":"2018-08-31T06:23:29+00:00","og_image":[{"width":640,"height":427,"url":"https:\/\/www.organisator.ch\/wp-content\/uploads\/2018\/08\/Zufriedene-Gesichter-auf-der-IT-Fachmesse-topsoft_Organisator.jpg","type":"image\/jpeg"}],"author":"thomas.berner","twitter_card":"summary_large_image","twitter_title":"Zufriedene Gesichter auf der #IT-Fachmesse #topsoft","twitter_description":"Die IT-Fachmesse #topsoft wurde ihrem Ruf als Schaufenster digitaler M\u00f6glichkeiten erneut gerecht; Aussteller und Veranstalter ziehen eine positive Bilanz.","twitter_image":"https:\/\/www.organisator.ch\/wp-content\/uploads\/2018\/08\/Zufriedene-Gesichter-auf-der-IT-Fachmesse-topsoft_Organisator.jpg","schema":{"@context":"https:\/\/schema.org","@graph":[{"@type":"Article","@id":"https:\/\/www.organisator.ch\/management\/it\/2018-08-31\/zufriedene-gesichter-auf-der-it-fachmesse-topsoft\/#article","isPartOf":{"@id":"https:\/\/www.organisator.ch\/management\/it\/2018-08-31\/zufriedene-gesichter-auf-der-it-fachmesse-topsoft\/"},"author":{"name":"thomas.berner","@id":"https:\/\/www.organisator.ch\/#\/schema\/person\/6f650f90b2842cd4c0cc334b4e36f67e"},"headline":"Zufriedene Gesichter auf der IT-Fachmesse topsoft","datePublished":"2018-08-31T06:23:29+00:00","mainEntityOfPage":{"@id":"https:\/\/www.organisator.ch\/management\/it\/2018-08-31\/zufriedene-gesichter-auf-der-it-fachmesse-topsoft\/"},"wordCount":514,"commentCount":0,"publisher":{"@id":"https:\/\/www.organisator.ch\/#organization"},"image":{"@id":"https:\/\/www.organisator.ch\/management\/it\/2018-08-31\/zufriedene-gesichter-auf-der-it-fachmesse-topsoft\/#primaryimage"},"thumbnailUrl":"https:\/\/www.organisator.ch\/wp-content\/uploads\/2018\/08\/Zufriedene-Gesichter-auf-der-IT-Fachmesse-topsoft_Organisator.jpg","keywords":["Fachkongress\/Fachmesse","IT &amp; Business Software","Vermischtes"],"articleSection":["IT"],"inLanguage":"de"},{"@type":"WebPage","@id":"https:\/\/www.organisator.ch\/management\/it\/2018-08-31\/zufriedene-gesichter-auf-der-it-fachmesse-topsoft\/","url":"https:\/\/www.organisator.ch\/management\/it\/2018-08-31\/zufriedene-gesichter-auf-der-it-fachmesse-topsoft\/","name":"Zufriedene Gesichter auf der IT-Fachmesse topsoft - Organisator","isPartOf":{"@id":"https:\/\/www.organisator.ch\/#website"},"primaryImageOfPage":{"@id":"https:\/\/www.organisator.ch\/management\/it\/2018-08-31\/zufriedene-gesichter-auf-der-it-fachmesse-topsoft\/#primaryimage"},"image":{"@id":"https:\/\/www.organisator.ch\/management\/it\/2018-08-31\/zufriedene-gesichter-auf-der-it-fachmesse-topsoft\/#primaryimage"},"thumbnailUrl":"https:\/\/www.organisator.ch\/wp-content\/uploads\/2018\/08\/Zufriedene-Gesichter-auf-der-IT-Fachmesse-topsoft_Organisator.jpg","datePublished":"2018-08-31T06:23:29+00:00","description":"Die IT-Fachmesse topsoft wurde ihrem Ruf als Schaufenster digitaler M\u00f6glichkeiten erneut gerecht; Aussteller und Veranstalter ziehen eine positive Bilanz.","breadcrumb":{"@id":"https:\/\/www.organisator.ch\/management\/it\/2018-08-31\/zufriedene-gesichter-auf-der-it-fachmesse-topsoft\/#breadcrumb"},"inLanguage":"de","potentialAction":[{"@type":"ReadAction","target":["https:\/\/www.organisator.ch\/management\/it\/2018-08-31\/zufriedene-gesichter-auf-der-it-fachmesse-topsoft\/"]}]},{"@type":"ImageObject","inLanguage":"de","@id":"https:\/\/www.organisator.ch\/management\/it\/2018-08-31\/zufriedene-gesichter-auf-der-it-fachmesse-topsoft\/#primaryimage","url":"https:\/\/www.organisator.ch\/wp-content\/uploads\/2018\/08\/Zufriedene-Gesichter-auf-der-IT-Fachmesse-topsoft_Organisator.jpg","contentUrl":"https:\/\/www.organisator.ch\/wp-content\/uploads\/2018\/08\/Zufriedene-Gesichter-auf-der-IT-Fachmesse-topsoft_Organisator.jpg","width":640,"height":427,"caption":"Auf der IT-Fachmesse topsoft zeigte die Engineering-Firma Gritec AG eine L\u00f6sung f\u00fcr \"Losgr\u00f6sse 1\". (Bild: topsoft \/ flickr.com)"},{"@type":"BreadcrumbList","@id":"https:\/\/www.organisator.ch\/management\/it\/2018-08-31\/zufriedene-gesichter-auf-der-it-fachmesse-topsoft\/#breadcrumb","itemListElement":[{"@type":"ListItem","position":1,"name":"Home","item":"https:\/\/www.organisator.ch\/"},{"@type":"ListItem","position":2,"name":"Zufriedene Gesichter auf der IT-Fachmesse topsoft"}]},{"@type":"WebSite","@id":"https:\/\/www.organisator.ch\/#website","url":"https:\/\/www.organisator.ch\/","name":"Organisator","description":"Kompetent. Praxisnah. Der ORGANISATOR bereitet in 10 Ausgaben pro Jahr die wesentlichen Themen f\u00fcr F\u00fchrungskr\u00e4fte von KMU auf.","publisher":{"@id":"https:\/\/www.organisator.ch\/#organization"},"potentialAction":[{"@type":"SearchAction","target":{"@type":"EntryPoint","urlTemplate":"https:\/\/www.organisator.ch\/?s={search_term_string}"},"query-input":{"@type":"PropertyValueSpecification","valueRequired":true,"valueName":"search_term_string"}}],"inLanguage":"de"},{"@type":"Organization","@id":"https:\/\/www.organisator.ch\/#organization","name":"Organisator","url":"https:\/\/www.organisator.ch\/","logo":{"@type":"ImageObject","inLanguage":"de","@id":"https:\/\/www.organisator.ch\/#\/schema\/logo\/image\/","url":"https:\/\/www.organisator.ch\/wp-content\/uploads\/2022\/01\/Logo_Organisator_Website.png","contentUrl":"https:\/\/www.organisator.ch\/wp-content\/uploads\/2022\/01\/Logo_Organisator_Website.png","width":800,"height":77,"caption":"Organisator"},"image":{"@id":"https:\/\/www.organisator.ch\/#\/schema\/logo\/image\/"},"sameAs":["https:\/\/www.facebook.com\/OrganisatorFachmagazin","https:\/\/www.linkedin.com\/showcase\/organisator-das-magazin-fr-kmu","https:\/\/www.xing.com\/news\/pages\/organisator-ch-695","https:\/\/www.youtube.com\/channel\/UCGP2Sq0iWaZwT3BdIAQFYpw"]},{"@type":"Person","@id":"https:\/\/www.organisator.ch\/#\/schema\/person\/6f650f90b2842cd4c0cc334b4e36f67e","name":"thomas.berner","image":{"@type":"ImageObject","inLanguage":"de","@id":"https:\/\/secure.gravatar.com\/avatar\/ac5001d2a36cb6c6cd3e50789007ffca834b477b74a2144564522e944eabff61?s=96&d=mm&r=g","url":"https:\/\/secure.gravatar.com\/avatar\/ac5001d2a36cb6c6cd3e50789007ffca834b477b74a2144564522e944eabff61?s=96&d=mm&r=g","contentUrl":"https:\/\/secure.gravatar.com\/avatar\/ac5001d2a36cb6c6cd3e50789007ffca834b477b74a2144564522e944eabff61?s=96&d=mm&r=g","caption":"thomas.berner"},"url":"https:\/\/www.organisator.ch\/de\/author\/thomas-berner\/"}]}},"_links":{"self":[{"href":"https:\/\/www.organisator.ch\/de\/wp-json\/wp\/v2\/posts\/4167","targetHints":{"allow":["GET"]}}],"collection":[{"href":"https:\/\/www.organisator.ch\/de\/wp-json\/wp\/v2\/posts"}],"about":[{"href":"https:\/\/www.organisator.ch\/de\/wp-json\/wp\/v2\/types\/post"}],"author":[{"embeddable":true,"href":"https:\/\/www.organisator.ch\/de\/wp-json\/wp\/v2\/users\/4"}],"replies":[{"embeddable":true,"href":"https:\/\/www.organisator.ch\/de\/wp-json\/wp\/v2\/comments?post=4167"}],"version-history":[{"count":0,"href":"https:\/\/www.organisator.ch\/de\/wp-json\/wp\/v2\/posts\/4167\/revisions"}],"wp:featuredmedia":[{"embeddable":true,"href":"https:\/\/www.organisator.ch\/de\/wp-json\/wp\/v2\/media\/4168"}],"wp:attachment":[{"href":"https:\/\/www.organisator.ch\/de\/wp-json\/wp\/v2\/media?parent=4167"}],"wp:term":[{"taxonomy":"category","embeddable":true,"href":"https:\/\/www.organisator.ch\/de\/wp-json\/wp\/v2\/categories?post=4167"},{"taxonomy":"post_tag","embeddable":true,"href":"https:\/\/www.organisator.ch\/de\/wp-json\/wp\/v2\/tags?post=4167"}],"curies":[{"name":"wp","href":"https:\/\/api.w.org\/{rel}","templated":true}]}}