{"id":41696,"date":"2025-11-03T09:03:38","date_gmt":"2025-11-03T08:03:38","guid":{"rendered":"https:\/\/www.organisator.ch\/?p=41696"},"modified":"2025-11-03T16:11:32","modified_gmt":"2025-11-03T15:11:32","slug":"verband-swissict-praesident-thomas-flatt-tritt-per-2026-zurueck","status":"publish","type":"post","link":"https:\/\/www.organisator.ch\/de\/management\/2025-11-03\/verband-swissict-praesident-thomas-flatt-tritt-per-2026-zurueck\/","title":{"rendered":"Verband swissICT: Pr\u00e4sident Thomas Flatt tritt per 2026 zur\u00fcck"},"content":{"rendered":"<figure id=\"attachment_41697\" aria-describedby=\"caption-attachment-41697\" style=\"width: 680px\" class=\"wp-caption alignnone\"><img loading=\"lazy\" decoding=\"async\" class=\"size-full wp-image-41697\" src=\"https:\/\/www.organisator.ch\/wp-content\/uploads\/2025\/11\/Verband-swissICT-Praesident-Thomas-Flatt-tritt-per-2026-zurueck_Organisator.jpg\" alt=\"\" width=\"680\" height=\"341\" srcset=\"https:\/\/www.organisator.ch\/wp-content\/uploads\/2025\/11\/Verband-swissICT-Praesident-Thomas-Flatt-tritt-per-2026-zurueck_Organisator.jpg 680w, https:\/\/www.organisator.ch\/wp-content\/uploads\/2025\/11\/Verband-swissICT-Praesident-Thomas-Flatt-tritt-per-2026-zurueck_Organisator-18x9.jpg 18w, https:\/\/www.organisator.ch\/wp-content\/uploads\/2025\/11\/Verband-swissICT-Praesident-Thomas-Flatt-tritt-per-2026-zurueck_Organisator-375x188.jpg 375w\" sizes=\"auto, (max-width: 680px) 100vw, 680px\" \/><figcaption id=\"caption-attachment-41697\" class=\"wp-caption-text\">Thomas Flatt (links) tritt als Pr\u00e4sident von swissICT zur\u00fcck, Claude Honegger wird als Nachfolger vorgeschlagen. (Bilder: zVg \/ swissICT)<\/figcaption><\/figure>\n<p>Der langj\u00e4hrige Pr\u00e4sident von swissICT, Thomas Flatt, gibt seinen R\u00fccktritt bekannt. Flatt pr\u00e4gte den gr\u00f6ssten Schweizer ICT-Fachverband \u00fcber mehr als zwei Jahrzehnte und \u00fcberf\u00fchrte swissICT in die Rolle einer breit vernetzten, in Politik und Wirtschaft sichtbaren Stimme der Digitalbranche.<\/p>\n<h3>Viele Allianzen geschmiedet<\/h3>\n<p>Seit swissICT vor 25 Jahren aus der Fusion von SVD und WIF hervorgegangen ist, pr\u00e4gte Flatt die Entwicklung des Verbandes, erst als Vorstandsmitglied im Strategieausschuss und seit 2004 als dessen Pr\u00e4sident. Er engagierte sich von Beginn weg f\u00fcr ein Zusammenr\u00fccken der Branchenverb\u00e4nde, war Gr\u00fcndungsmitglied und Vizepr\u00e4sident von ICT Switzerland, die sp\u00e4ter mit digitalswitzerland fusioniert wurde. Er schmiedete Allianzen mit Verb\u00e4nden und Organisationen wie asut, swico, CH Open, ISSS, der Schweizerischen Informatik Gesellschaft und vielen mehr.<\/p>\n<p>Die Fachgruppen von swissICT haben stark an Gewicht gewonnen und sich mit der Ver\u00e4nderung der Digitalen Landschaft Schweiz sowohl quantitativ als auch qualitativ ausgezeichnet entwickelt. Heute sind diese die wohl gr\u00f6sste Erfahrungs- und Wissensaustauschplattform der Schweiz.<\/p>\n<h3>Verband auch operativ gef\u00fchrt<\/h3>\n<p>Auch bei der Entwicklung der Berufsbildung im ICT Sektor spielte er eine Schl\u00fcsselrolle. Die Vorg\u00e4ngerorganisation von ICT Berufsbildung Schweiz (I-CH) wurde unter seiner F\u00fchrung als Aktiengesellschaft in den Verband \u00fcbernommen, wurde stabilisiert und bildete die Basis f\u00fcr den neu gegr\u00fcndeten nationalen Verband. Auch dort war Flatt Gr\u00fcndungsmitglied. Kurzzeitig hat Flatt die operative F\u00fchrung von swissICT im Jahr 2017 \u00fcbernommen, als die Gesch\u00e4ftsf\u00fchrung vakant war, und damit sein Engagement auch in schwierigen Zeiten unterstrichen.<\/p>\n<p>Besonders stolz sei er auch auf die Entwicklung des Digital Economy Award. Dieser hat eine lange Tradition und wurde ausgehend vom Swiss IT Award im Jahr 2004, \u00fcber den Swiss ICT Award und heute als Digital Economy Award mit unterschiedlichen Partnern entwickelt. Immer war swissICT mit- oder hauptverantwortlich f\u00fcr die Durchf\u00fchrung. W\u00e4hrend seiner gesamten Pr\u00e4sidentschaft hat Flatt diese Aufgabe im Nebenamt wahrgenommen w\u00e4hrend er hauptberuflich in der Gruppenleitung von Swisscom, der Konzernleitung von Adecco und als Unternehmer, CEO oder Verwaltungsrat in mittelst\u00e4ndischen Unternehmen aktiv war.<\/p>\n<h3>Auf unternehmerische T\u00e4tigkeiten konzentrieren<\/h3>\n<p>Auf diese unternehmerischen T\u00e4tigkeiten und Verwaltungsratsmandate m\u00f6chte sich Flatt in Zukunft wieder st\u00e4rker konzentrieren, weshalb er nun nach rund 25 Jahren seine Aufgaben in der Verbandslandschaft ab- bzw. weitergeben m\u00f6chte.<\/p>\n<p>\u201eIch freue mich sehr, dass wir mit Claude Honegger eine interne L\u00f6sung f\u00fcr meine Nachfolge gefunden haben. Claude hat mehr als 30 Jahre Erfahrung in der Leitung globaler Technologie-Organisationen und ist als langj\u00e4hriger swissICT Vorstand und Pr\u00e4sident unserer Expertenkommission und Fachgruppen eine ideale Besetzung und mein Wunschkandidat f\u00fcr dieses Amt\u201c, meint Thomas Flatt zu diesem Vorschlag.<\/p>\n<p><em>Quelle: <a href=\"https:\/\/www.swissict.ch\/\">swissICT<\/a><\/em><\/p>\n","protected":false},"excerpt":{"rendered":"<p>Der Pr\u00e4sident von swissICT, Thomas Flatt, hat mit Blick auf die Generalversammlung 2026 seinen R\u00fccktritt bekannt gegeben. Claude Honegger, bisheriges Vorstandsmitglied, wird als Nachfolger vorgeschlagen.<\/p>\n","protected":false},"author":4,"featured_media":41697,"comment_status":"closed","ping_status":"closed","sticky":false,"template":"","format":"standard","meta":{"_acf_changed":false,"_yoast_wpseo_focuskw":"Thomas Flatt","_yoast_wpseo_metadesc":"Thomas Flatt tritt als Pr\u00e4sident von swissICT per 2026 zur\u00fcck, Claude Honegger wird als Nachfolger vorgeschlagen.","articlekey":"","footnotes":""},"categories":[28],"tags":[259,334,381,503],"class_list":["post-41696","post","type-post","status-publish","format-standard","has-post-thumbnail","hentry","category-management","tag-ict","tag-management","tag-personalia","tag-verbaende"],"acf":[],"yoast_head":"<!-- This site is optimized with the Yoast SEO plugin v27.4 - https:\/\/yoast.com\/product\/yoast-seo-wordpress\/ -->\n<title>Verband swissICT: Pr\u00e4sident Thomas Flatt tritt per 2026 zur\u00fcck - Organisator<\/title>\n<meta name=\"description\" content=\"Thomas Flatt tritt als Pr\u00e4sident von swissICT per 2026 zur\u00fcck, Claude Honegger wird als Nachfolger vorgeschlagen.\" \/>\n<meta name=\"robots\" content=\"index, follow, max-snippet:-1, max-image-preview:large, max-video-preview:-1\" \/>\n<link rel=\"canonical\" href=\"https:\/\/www.organisator.ch\/de\/management\/2025-11-03\/verband-swissict-praesident-thomas-flatt-tritt-per-2026-zurueck\/\" \/>\n<meta property=\"og:locale\" content=\"de_DE\" \/>\n<meta property=\"og:type\" content=\"article\" \/>\n<meta property=\"og:title\" content=\"Verband swissICT: Pr\u00e4sident Thomas Flatt tritt per 2026 zur\u00fcck\" \/>\n<meta property=\"og:description\" content=\"Thomas Flatt tritt als Pr\u00e4sident von swissICT per 2026 zur\u00fcck, Claude Honegger wird als Nachfolger vorgeschlagen.\" \/>\n<meta property=\"og:url\" content=\"https:\/\/www.organisator.ch\/de\/management\/2025-11-03\/verband-swissict-praesident-thomas-flatt-tritt-per-2026-zurueck\/\" \/>\n<meta property=\"og:site_name\" content=\"Organisator\" \/>\n<meta property=\"article:publisher\" content=\"https:\/\/www.facebook.com\/OrganisatorFachmagazin\" \/>\n<meta property=\"article:published_time\" content=\"2025-11-03T08:03:38+00:00\" \/>\n<meta property=\"article:modified_time\" content=\"2025-11-03T15:11:32+00:00\" \/>\n<meta property=\"og:image\" content=\"https:\/\/www.organisator.ch\/wp-content\/uploads\/2025\/11\/Verband-swissICT-Praesident-Thomas-Flatt-tritt-per-2026-zurueck_Organisator.jpg\" \/>\n\t<meta property=\"og:image:width\" content=\"680\" \/>\n\t<meta property=\"og:image:height\" content=\"341\" \/>\n\t<meta property=\"og:image:type\" content=\"image\/jpeg\" \/>\n<meta name=\"author\" content=\"thomas.berner\" \/>\n<meta name=\"twitter:card\" content=\"summary_large_image\" \/>\n<meta name=\"twitter:title\" content=\"Verband #swissICT: Pr\u00e4sident Thomas #Flatt tritt per 2026 zur\u00fcck\" \/>\n<meta name=\"twitter:description\" content=\"Thomas #Flatt tritt als Pr\u00e4sident von #swissICT per 2026 zur\u00fcck, Claude #Honegger wird als Nachfolger vorgeschlagen.\" \/>\n<meta name=\"twitter:image\" content=\"https:\/\/www.organisator.ch\/wp-content\/uploads\/2025\/11\/Verband-swissICT-Praesident-Thomas-Flatt-tritt-per-2026-zurueck_Organisator.jpg\" \/>\n<script type=\"application\/ld+json\" class=\"yoast-schema-graph\">{\"@context\":\"https:\\\/\\\/schema.org\",\"@graph\":[{\"@type\":\"Article\",\"@id\":\"https:\\\/\\\/www.organisator.ch\\\/management\\\/2025-11-03\\\/verband-swissict-praesident-thomas-flatt-tritt-per-2026-zurueck\\\/#article\",\"isPartOf\":{\"@id\":\"https:\\\/\\\/www.organisator.ch\\\/management\\\/2025-11-03\\\/verband-swissict-praesident-thomas-flatt-tritt-per-2026-zurueck\\\/\"},\"author\":{\"name\":\"thomas.berner\",\"@id\":\"https:\\\/\\\/www.organisator.ch\\\/#\\\/schema\\\/person\\\/6f650f90b2842cd4c0cc334b4e36f67e\"},\"headline\":\"Verband swissICT: Pr\u00e4sident Thomas Flatt tritt per 2026 zur\u00fcck\",\"datePublished\":\"2025-11-03T08:03:38+00:00\",\"dateModified\":\"2025-11-03T15:11:32+00:00\",\"mainEntityOfPage\":{\"@id\":\"https:\\\/\\\/www.organisator.ch\\\/management\\\/2025-11-03\\\/verband-swissict-praesident-thomas-flatt-tritt-per-2026-zurueck\\\/\"},\"wordCount\":481,\"publisher\":{\"@id\":\"https:\\\/\\\/www.organisator.ch\\\/#organization\"},\"image\":{\"@id\":\"https:\\\/\\\/www.organisator.ch\\\/management\\\/2025-11-03\\\/verband-swissict-praesident-thomas-flatt-tritt-per-2026-zurueck\\\/#primaryimage\"},\"thumbnailUrl\":\"https:\\\/\\\/www.organisator.ch\\\/wp-content\\\/uploads\\\/2025\\\/11\\\/Verband-swissICT-Praesident-Thomas-Flatt-tritt-per-2026-zurueck_Organisator.jpg\",\"keywords\":[\"ICT\",\"Management\",\"Personalia\",\"Verb\u00e4nde\"],\"articleSection\":[\"MANAGEMENT\"],\"inLanguage\":\"de\"},{\"@type\":\"WebPage\",\"@id\":\"https:\\\/\\\/www.organisator.ch\\\/management\\\/2025-11-03\\\/verband-swissict-praesident-thomas-flatt-tritt-per-2026-zurueck\\\/\",\"url\":\"https:\\\/\\\/www.organisator.ch\\\/management\\\/2025-11-03\\\/verband-swissict-praesident-thomas-flatt-tritt-per-2026-zurueck\\\/\",\"name\":\"Verband swissICT: Pr\u00e4sident Thomas Flatt tritt per 2026 zur\u00fcck - Organisator\",\"isPartOf\":{\"@id\":\"https:\\\/\\\/www.organisator.ch\\\/#website\"},\"primaryImageOfPage\":{\"@id\":\"https:\\\/\\\/www.organisator.ch\\\/management\\\/2025-11-03\\\/verband-swissict-praesident-thomas-flatt-tritt-per-2026-zurueck\\\/#primaryimage\"},\"image\":{\"@id\":\"https:\\\/\\\/www.organisator.ch\\\/management\\\/2025-11-03\\\/verband-swissict-praesident-thomas-flatt-tritt-per-2026-zurueck\\\/#primaryimage\"},\"thumbnailUrl\":\"https:\\\/\\\/www.organisator.ch\\\/wp-content\\\/uploads\\\/2025\\\/11\\\/Verband-swissICT-Praesident-Thomas-Flatt-tritt-per-2026-zurueck_Organisator.jpg\",\"datePublished\":\"2025-11-03T08:03:38+00:00\",\"dateModified\":\"2025-11-03T15:11:32+00:00\",\"description\":\"Thomas Flatt tritt als Pr\u00e4sident von swissICT per 2026 zur\u00fcck, Claude Honegger wird als Nachfolger vorgeschlagen.\",\"breadcrumb\":{\"@id\":\"https:\\\/\\\/www.organisator.ch\\\/management\\\/2025-11-03\\\/verband-swissict-praesident-thomas-flatt-tritt-per-2026-zurueck\\\/#breadcrumb\"},\"inLanguage\":\"de\",\"potentialAction\":[{\"@type\":\"ReadAction\",\"target\":[\"https:\\\/\\\/www.organisator.ch\\\/management\\\/2025-11-03\\\/verband-swissict-praesident-thomas-flatt-tritt-per-2026-zurueck\\\/\"]}]},{\"@type\":\"ImageObject\",\"inLanguage\":\"de\",\"@id\":\"https:\\\/\\\/www.organisator.ch\\\/management\\\/2025-11-03\\\/verband-swissict-praesident-thomas-flatt-tritt-per-2026-zurueck\\\/#primaryimage\",\"url\":\"https:\\\/\\\/www.organisator.ch\\\/wp-content\\\/uploads\\\/2025\\\/11\\\/Verband-swissICT-Praesident-Thomas-Flatt-tritt-per-2026-zurueck_Organisator.jpg\",\"contentUrl\":\"https:\\\/\\\/www.organisator.ch\\\/wp-content\\\/uploads\\\/2025\\\/11\\\/Verband-swissICT-Praesident-Thomas-Flatt-tritt-per-2026-zurueck_Organisator.jpg\",\"width\":680,\"height\":341,\"caption\":\"Thomas Flatt (links) tritt als Pr\u00e4sident von swissICT zur\u00fcck, Claude Honegger wird sein Nachfolger. (Bilder: zVg \\\/ swissICT)\"},{\"@type\":\"BreadcrumbList\",\"@id\":\"https:\\\/\\\/www.organisator.ch\\\/management\\\/2025-11-03\\\/verband-swissict-praesident-thomas-flatt-tritt-per-2026-zurueck\\\/#breadcrumb\",\"itemListElement\":[{\"@type\":\"ListItem\",\"position\":1,\"name\":\"Home\",\"item\":\"https:\\\/\\\/www.organisator.ch\\\/\"},{\"@type\":\"ListItem\",\"position\":2,\"name\":\"Verband swissICT: Pr\u00e4sident Thomas Flatt tritt per 2026 zur\u00fcck\"}]},{\"@type\":\"WebSite\",\"@id\":\"https:\\\/\\\/www.organisator.ch\\\/#website\",\"url\":\"https:\\\/\\\/www.organisator.ch\\\/\",\"name\":\"Organisator\",\"description\":\"Kompetent. Praxisnah. Der ORGANISATOR bereitet in 10 Ausgaben pro Jahr die wesentlichen Themen f\u00fcr F\u00fchrungskr\u00e4fte von KMU auf.\",\"publisher\":{\"@id\":\"https:\\\/\\\/www.organisator.ch\\\/#organization\"},\"potentialAction\":[{\"@type\":\"SearchAction\",\"target\":{\"@type\":\"EntryPoint\",\"urlTemplate\":\"https:\\\/\\\/www.organisator.ch\\\/?s={search_term_string}\"},\"query-input\":{\"@type\":\"PropertyValueSpecification\",\"valueRequired\":true,\"valueName\":\"search_term_string\"}}],\"inLanguage\":\"de\"},{\"@type\":\"Organization\",\"@id\":\"https:\\\/\\\/www.organisator.ch\\\/#organization\",\"name\":\"Organisator\",\"url\":\"https:\\\/\\\/www.organisator.ch\\\/\",\"logo\":{\"@type\":\"ImageObject\",\"inLanguage\":\"de\",\"@id\":\"https:\\\/\\\/www.organisator.ch\\\/#\\\/schema\\\/logo\\\/image\\\/\",\"url\":\"https:\\\/\\\/www.organisator.ch\\\/wp-content\\\/uploads\\\/2022\\\/01\\\/Logo_Organisator_Website.png\",\"contentUrl\":\"https:\\\/\\\/www.organisator.ch\\\/wp-content\\\/uploads\\\/2022\\\/01\\\/Logo_Organisator_Website.png\",\"width\":800,\"height\":77,\"caption\":\"Organisator\"},\"image\":{\"@id\":\"https:\\\/\\\/www.organisator.ch\\\/#\\\/schema\\\/logo\\\/image\\\/\"},\"sameAs\":[\"https:\\\/\\\/www.facebook.com\\\/OrganisatorFachmagazin\",\"https:\\\/\\\/www.linkedin.com\\\/showcase\\\/organisator-das-magazin-fr-kmu\",\"https:\\\/\\\/www.xing.com\\\/news\\\/pages\\\/organisator-ch-695\",\"https:\\\/\\\/www.youtube.com\\\/channel\\\/UCGP2Sq0iWaZwT3BdIAQFYpw\"]},{\"@type\":\"Person\",\"@id\":\"https:\\\/\\\/www.organisator.ch\\\/#\\\/schema\\\/person\\\/6f650f90b2842cd4c0cc334b4e36f67e\",\"name\":\"thomas.berner\",\"image\":{\"@type\":\"ImageObject\",\"inLanguage\":\"de\",\"@id\":\"https:\\\/\\\/secure.gravatar.com\\\/avatar\\\/ac5001d2a36cb6c6cd3e50789007ffca834b477b74a2144564522e944eabff61?s=96&d=mm&r=g\",\"url\":\"https:\\\/\\\/secure.gravatar.com\\\/avatar\\\/ac5001d2a36cb6c6cd3e50789007ffca834b477b74a2144564522e944eabff61?s=96&d=mm&r=g\",\"contentUrl\":\"https:\\\/\\\/secure.gravatar.com\\\/avatar\\\/ac5001d2a36cb6c6cd3e50789007ffca834b477b74a2144564522e944eabff61?s=96&d=mm&r=g\",\"caption\":\"thomas.berner\"},\"url\":\"https:\\\/\\\/www.organisator.ch\\\/de\\\/author\\\/thomas-berner\\\/\"}]}<\/script>\n<!-- \/ Yoast SEO plugin. -->","yoast_head_json":{"title":"Verband swissICT: Pr\u00e4sident Thomas Flatt tritt per 2026 zur\u00fcck - Organisator","description":"Thomas Flatt tritt als Pr\u00e4sident von swissICT per 2026 zur\u00fcck, Claude Honegger wird als Nachfolger vorgeschlagen.","robots":{"index":"index","follow":"follow","max-snippet":"max-snippet:-1","max-image-preview":"max-image-preview:large","max-video-preview":"max-video-preview:-1"},"canonical":"https:\/\/www.organisator.ch\/de\/management\/2025-11-03\/verband-swissict-praesident-thomas-flatt-tritt-per-2026-zurueck\/","og_locale":"de_DE","og_type":"article","og_title":"Verband swissICT: Pr\u00e4sident Thomas Flatt tritt per 2026 zur\u00fcck","og_description":"Thomas Flatt tritt als Pr\u00e4sident von swissICT per 2026 zur\u00fcck, Claude Honegger wird als Nachfolger vorgeschlagen.","og_url":"https:\/\/www.organisator.ch\/de\/management\/2025-11-03\/verband-swissict-praesident-thomas-flatt-tritt-per-2026-zurueck\/","og_site_name":"Organisator","article_publisher":"https:\/\/www.facebook.com\/OrganisatorFachmagazin","article_published_time":"2025-11-03T08:03:38+00:00","article_modified_time":"2025-11-03T15:11:32+00:00","og_image":[{"width":680,"height":341,"url":"https:\/\/www.organisator.ch\/wp-content\/uploads\/2025\/11\/Verband-swissICT-Praesident-Thomas-Flatt-tritt-per-2026-zurueck_Organisator.jpg","type":"image\/jpeg"}],"author":"thomas.berner","twitter_card":"summary_large_image","twitter_title":"Verband #swissICT: Pr\u00e4sident Thomas #Flatt tritt per 2026 zur\u00fcck","twitter_description":"Thomas #Flatt tritt als Pr\u00e4sident von #swissICT per 2026 zur\u00fcck, Claude #Honegger wird als Nachfolger vorgeschlagen.","twitter_image":"https:\/\/www.organisator.ch\/wp-content\/uploads\/2025\/11\/Verband-swissICT-Praesident-Thomas-Flatt-tritt-per-2026-zurueck_Organisator.jpg","schema":{"@context":"https:\/\/schema.org","@graph":[{"@type":"Article","@id":"https:\/\/www.organisator.ch\/management\/2025-11-03\/verband-swissict-praesident-thomas-flatt-tritt-per-2026-zurueck\/#article","isPartOf":{"@id":"https:\/\/www.organisator.ch\/management\/2025-11-03\/verband-swissict-praesident-thomas-flatt-tritt-per-2026-zurueck\/"},"author":{"name":"thomas.berner","@id":"https:\/\/www.organisator.ch\/#\/schema\/person\/6f650f90b2842cd4c0cc334b4e36f67e"},"headline":"Verband swissICT: Pr\u00e4sident Thomas Flatt tritt per 2026 zur\u00fcck","datePublished":"2025-11-03T08:03:38+00:00","dateModified":"2025-11-03T15:11:32+00:00","mainEntityOfPage":{"@id":"https:\/\/www.organisator.ch\/management\/2025-11-03\/verband-swissict-praesident-thomas-flatt-tritt-per-2026-zurueck\/"},"wordCount":481,"publisher":{"@id":"https:\/\/www.organisator.ch\/#organization"},"image":{"@id":"https:\/\/www.organisator.ch\/management\/2025-11-03\/verband-swissict-praesident-thomas-flatt-tritt-per-2026-zurueck\/#primaryimage"},"thumbnailUrl":"https:\/\/www.organisator.ch\/wp-content\/uploads\/2025\/11\/Verband-swissICT-Praesident-Thomas-Flatt-tritt-per-2026-zurueck_Organisator.jpg","keywords":["ICT","Management","Personalia","Verb\u00e4nde"],"articleSection":["MANAGEMENT"],"inLanguage":"de"},{"@type":"WebPage","@id":"https:\/\/www.organisator.ch\/management\/2025-11-03\/verband-swissict-praesident-thomas-flatt-tritt-per-2026-zurueck\/","url":"https:\/\/www.organisator.ch\/management\/2025-11-03\/verband-swissict-praesident-thomas-flatt-tritt-per-2026-zurueck\/","name":"Verband swissICT: Pr\u00e4sident Thomas Flatt tritt per 2026 zur\u00fcck - Organisator","isPartOf":{"@id":"https:\/\/www.organisator.ch\/#website"},"primaryImageOfPage":{"@id":"https:\/\/www.organisator.ch\/management\/2025-11-03\/verband-swissict-praesident-thomas-flatt-tritt-per-2026-zurueck\/#primaryimage"},"image":{"@id":"https:\/\/www.organisator.ch\/management\/2025-11-03\/verband-swissict-praesident-thomas-flatt-tritt-per-2026-zurueck\/#primaryimage"},"thumbnailUrl":"https:\/\/www.organisator.ch\/wp-content\/uploads\/2025\/11\/Verband-swissICT-Praesident-Thomas-Flatt-tritt-per-2026-zurueck_Organisator.jpg","datePublished":"2025-11-03T08:03:38+00:00","dateModified":"2025-11-03T15:11:32+00:00","description":"Thomas Flatt tritt als Pr\u00e4sident von swissICT per 2026 zur\u00fcck, Claude Honegger wird als Nachfolger vorgeschlagen.","breadcrumb":{"@id":"https:\/\/www.organisator.ch\/management\/2025-11-03\/verband-swissict-praesident-thomas-flatt-tritt-per-2026-zurueck\/#breadcrumb"},"inLanguage":"de","potentialAction":[{"@type":"ReadAction","target":["https:\/\/www.organisator.ch\/management\/2025-11-03\/verband-swissict-praesident-thomas-flatt-tritt-per-2026-zurueck\/"]}]},{"@type":"ImageObject","inLanguage":"de","@id":"https:\/\/www.organisator.ch\/management\/2025-11-03\/verband-swissict-praesident-thomas-flatt-tritt-per-2026-zurueck\/#primaryimage","url":"https:\/\/www.organisator.ch\/wp-content\/uploads\/2025\/11\/Verband-swissICT-Praesident-Thomas-Flatt-tritt-per-2026-zurueck_Organisator.jpg","contentUrl":"https:\/\/www.organisator.ch\/wp-content\/uploads\/2025\/11\/Verband-swissICT-Praesident-Thomas-Flatt-tritt-per-2026-zurueck_Organisator.jpg","width":680,"height":341,"caption":"Thomas Flatt (links) tritt als Pr\u00e4sident von swissICT zur\u00fcck, Claude Honegger wird sein Nachfolger. (Bilder: zVg \/ swissICT)"},{"@type":"BreadcrumbList","@id":"https:\/\/www.organisator.ch\/management\/2025-11-03\/verband-swissict-praesident-thomas-flatt-tritt-per-2026-zurueck\/#breadcrumb","itemListElement":[{"@type":"ListItem","position":1,"name":"Home","item":"https:\/\/www.organisator.ch\/"},{"@type":"ListItem","position":2,"name":"Verband swissICT: Pr\u00e4sident Thomas Flatt tritt per 2026 zur\u00fcck"}]},{"@type":"WebSite","@id":"https:\/\/www.organisator.ch\/#website","url":"https:\/\/www.organisator.ch\/","name":"Organisator","description":"Kompetent. Praxisnah. Der ORGANISATOR bereitet in 10 Ausgaben pro Jahr die wesentlichen Themen f\u00fcr F\u00fchrungskr\u00e4fte von KMU auf.","publisher":{"@id":"https:\/\/www.organisator.ch\/#organization"},"potentialAction":[{"@type":"SearchAction","target":{"@type":"EntryPoint","urlTemplate":"https:\/\/www.organisator.ch\/?s={search_term_string}"},"query-input":{"@type":"PropertyValueSpecification","valueRequired":true,"valueName":"search_term_string"}}],"inLanguage":"de"},{"@type":"Organization","@id":"https:\/\/www.organisator.ch\/#organization","name":"Organisator","url":"https:\/\/www.organisator.ch\/","logo":{"@type":"ImageObject","inLanguage":"de","@id":"https:\/\/www.organisator.ch\/#\/schema\/logo\/image\/","url":"https:\/\/www.organisator.ch\/wp-content\/uploads\/2022\/01\/Logo_Organisator_Website.png","contentUrl":"https:\/\/www.organisator.ch\/wp-content\/uploads\/2022\/01\/Logo_Organisator_Website.png","width":800,"height":77,"caption":"Organisator"},"image":{"@id":"https:\/\/www.organisator.ch\/#\/schema\/logo\/image\/"},"sameAs":["https:\/\/www.facebook.com\/OrganisatorFachmagazin","https:\/\/www.linkedin.com\/showcase\/organisator-das-magazin-fr-kmu","https:\/\/www.xing.com\/news\/pages\/organisator-ch-695","https:\/\/www.youtube.com\/channel\/UCGP2Sq0iWaZwT3BdIAQFYpw"]},{"@type":"Person","@id":"https:\/\/www.organisator.ch\/#\/schema\/person\/6f650f90b2842cd4c0cc334b4e36f67e","name":"thomas.berner","image":{"@type":"ImageObject","inLanguage":"de","@id":"https:\/\/secure.gravatar.com\/avatar\/ac5001d2a36cb6c6cd3e50789007ffca834b477b74a2144564522e944eabff61?s=96&d=mm&r=g","url":"https:\/\/secure.gravatar.com\/avatar\/ac5001d2a36cb6c6cd3e50789007ffca834b477b74a2144564522e944eabff61?s=96&d=mm&r=g","contentUrl":"https:\/\/secure.gravatar.com\/avatar\/ac5001d2a36cb6c6cd3e50789007ffca834b477b74a2144564522e944eabff61?s=96&d=mm&r=g","caption":"thomas.berner"},"url":"https:\/\/www.organisator.ch\/de\/author\/thomas-berner\/"}]}},"_links":{"self":[{"href":"https:\/\/www.organisator.ch\/de\/wp-json\/wp\/v2\/posts\/41696","targetHints":{"allow":["GET"]}}],"collection":[{"href":"https:\/\/www.organisator.ch\/de\/wp-json\/wp\/v2\/posts"}],"about":[{"href":"https:\/\/www.organisator.ch\/de\/wp-json\/wp\/v2\/types\/post"}],"author":[{"embeddable":true,"href":"https:\/\/www.organisator.ch\/de\/wp-json\/wp\/v2\/users\/4"}],"replies":[{"embeddable":true,"href":"https:\/\/www.organisator.ch\/de\/wp-json\/wp\/v2\/comments?post=41696"}],"version-history":[{"count":4,"href":"https:\/\/www.organisator.ch\/de\/wp-json\/wp\/v2\/posts\/41696\/revisions"}],"predecessor-version":[{"id":41715,"href":"https:\/\/www.organisator.ch\/de\/wp-json\/wp\/v2\/posts\/41696\/revisions\/41715"}],"wp:featuredmedia":[{"embeddable":true,"href":"https:\/\/www.organisator.ch\/de\/wp-json\/wp\/v2\/media\/41697"}],"wp:attachment":[{"href":"https:\/\/www.organisator.ch\/de\/wp-json\/wp\/v2\/media?parent=41696"}],"wp:term":[{"taxonomy":"category","embeddable":true,"href":"https:\/\/www.organisator.ch\/de\/wp-json\/wp\/v2\/categories?post=41696"},{"taxonomy":"post_tag","embeddable":true,"href":"https:\/\/www.organisator.ch\/de\/wp-json\/wp\/v2\/tags?post=41696"}],"curies":[{"name":"wp","href":"https:\/\/api.w.org\/{rel}","templated":true}]}}