{"id":4177,"date":"2021-05-05T15:00:03","date_gmt":"2021-05-05T13:00:03","guid":{"rendered":"https:\/\/www.umweltperspektiven.ch\/?p=4177"},"modified":"2022-02-09T11:09:53","modified_gmt":"2022-02-09T10:09:53","slug":"kreislaufwirtschaft-zertifizierer-lancieren-neues-label","status":"publish","type":"post","link":"https:\/\/www.organisator.ch\/de\/sustainability\/2021-05-05\/kreislaufwirtschaft-zertifizierer-lancieren-neues-label\/","title":{"rendered":"Kreislaufwirtschaft: Zertifizierer lancieren neues Label"},"content":{"rendered":"<figure id=\"attachment_4179\" aria-describedby=\"caption-attachment-4179\" style=\"width: 680px\" class=\"wp-caption aligncenter\"><img loading=\"lazy\" decoding=\"async\" class=\"wp-image-4179 size-medium\" src=\"\/\/www.umweltperspektiven.ch\/wp-content\/uploads\/2021\/05\/Depositphotos_222787792_s-2019.jpg\" alt=\"Circular Globe\" width=\"680\" height=\"454\" \/><figcaption id=\"caption-attachment-4179\" class=\"wp-caption-text\">Die Initiative Circular Globe r\u00fcckt die Kreislaufwirtschaft in den Fokus. \u00a9 Depositphotos, achirathep.gmail.com<\/figcaption><\/figure>\n<p>Das Label <a href=\"\/\/www.sqs.ch\/de\/circular-globe\">Circular Globe<\/a>\u00a0zur F\u00f6rderung der Kreislaufwirtschaft sei aus der langj\u00e4hrigen Erfahrung der Managementsystem-Zertifizierung\u00a0entstanden, erkl\u00e4rte Hubert Rizzi von der SQS-Gesch\u00e4ftsleitung am <a href=\"\/\/www.umweltperspektiven.ch\/kreislaufwirtschaft-im-fokus\/\">\u00abTag der Schweizer Qualit\u00e4t\u00bb<\/a> am 4. Mai in Bern. Denn f\u00fcr eine zirkul\u00e4re Wirtschaft w\u00fcrden heutige Managementsysteme wie die <a href=\"\/\/de.wikipedia.org\/wiki\/ISO_14001\">ISO-Norm 14001<\/a> Umweltmanagement zu kurz greifen. Zudem sei die Kreislaufwirtschaft im Rahmen eines nachhaltigen Wirtschaftens von grosser Relevanz. Deshalb wolle man mit \u00abCircular Globe\u00bb eine L\u00fccke schliessen und eine Br\u00fccke bauen, betonte Rizzi.<\/p>\n<h2><strong>N\u00f6tig ist ein ganzheitliches Qualit\u00e4tsverst\u00e4ndnis <\/strong><\/h2>\n<p>Die <a href=\"\/\/www.sqs.ch\">SQS<\/a> sei \u00fcberzeugt, dass die Wegwerfgesellschaft am Ende sei, so Rizzi weiter. Deshalb seien alle Akteure \u2013 also die Wirtschaft, Politik und Gesellschaft \u2013 gefordert. Die Organisationen s\u00e4hen die Kreislaufwirtschaft als relevanten Aspekt f\u00fcr ein ganzheitliches und unternehmerisches Qualit\u00e4tsverst\u00e4ndnis.\u00a0Mehr noch: Die Kreislaufwirtschaft sei eine Notwendigkeit, oder vielmehr ein Garant f\u00fcr die Wettbewerbsf\u00e4higkeit von Unternehmen, so die zwei SQS-Vertreter Rizzi und Wasmer.<\/p>\n<p>Die Circular Economy basiere auf der systematischen Vermeidung von Abfall und Verschmutzung, der Lebensverl\u00e4ngerung von Produkten und Materialien und der Regeneration nat\u00fcrlicher Systeme. Laut SQS findet derzeit ein Umdenken und ein Wertewandel statt. Zukunftsorientierte Firmen w\u00fcrden mit neuen Gesch\u00e4ftsmodellen auf diese Herausforderung antworten. Gem\u00e4ss Wasmer nutzen die Organisationen die digitale Transformation und binden ihre Partner entlang der gesamten Wertsch\u00f6pfungskette in diese L\u00f6sungsans\u00e4tze mit ein. Das Label Circular Globe, ein Leitfaden und Bewertungsmodell, diene dabei als Kompass f\u00fcr die Unternehmen im Umsetzungsprozess.<\/p>\n<h2><strong>Was ist \u00abCircular Globe<\/strong>\u00bb<strong>?<\/strong><\/h2>\n<p>Diese europ\u00e4ischen Initiative der SQS Schweiz und der Quality Austria versteht sich als<\/p>\n<ul>\n<li>ein innovatives Label, um Personen und Organisationen zu unterst\u00fctzen, nachhaltige und\u00a0zirkul\u00e4re Entscheidungen zu treffen und voranzutreiben.<\/li>\n<li>ein n\u00fctzliches Modell\u00a0a) zur Bewertung des zirkul\u00e4ren Reifegrads von Organisationen b) geeignet f\u00fcr Unternehmen jeder Art und Gr\u00f6sse c) als Kompass zur Weiterentwicklung in jeder Phase einer Implementierung<\/li>\n<li>eine Community\u00a0f\u00fcr engagierte Stakeholder und ausgewiesene Experten im Bereich der Kreislaufwirtschaft<\/li>\n<li>eine Trainings-Akademie<\/li>\n<\/ul>\n<h2><strong>Kostenpunkt<\/strong><\/h2>\n<p>Und schliesslich: Was kostet der Spass? Wer sein Firmenentree oder seine Briefb\u00f6gen mit dem Label \u00abCircular Economy\u00bb nach erfolgreicher Zertifizierung schm\u00fccken m\u00f6chte, der muss laut Hubert Rizzi zwischen 5000 und 15&#8217;000 Franken in die Hand nehmen.<\/p>\n<h2><strong>Ab Oktober 2021 Seminare<\/strong><\/h2>\n<p>Die Initianten des Labels starten im Mai mit Pilotprojekten in \u00d6sterreich und der Schweiz. Ab Oktober 2021 sollen interessierte Unternehmen Seminare bei den zwei Partnern besuchen und Assessments in Auftrag geben k\u00f6nnen. Die beiden Labelpartner unterst\u00fctzen Organisationen mittels Reifegradbewertungen in deren Bestreben in Richtung zirkul\u00e4re Gesch\u00e4ftsmodelle.<\/p>\n","protected":false},"excerpt":{"rendered":"<p>Das Label Circular Globe\u00a0zur F\u00f6rderung der Kreislaufwirtschaft sei aus der langj\u00e4hrigen Erfahrung der Managementsystem-Zertifizierung\u00a0entstanden, erkl\u00e4rte Hubert Rizzi von der SQS-Gesch\u00e4ftsleitung am \u00abTag der Schweizer Qualit\u00e4t\u00bb am 4. Mai in Bern. Denn f\u00fcr eine zirkul\u00e4re Wirtschaft w\u00fcrden heutige Managementsysteme wie die ISO-Norm 14001 Umweltmanagement zu kurz greifen. Zudem sei die Kreislaufwirtschaft im Rahmen eines nachhaltigen Wirtschaftens [&hellip;]<\/p>\n","protected":false},"author":6,"featured_media":9793,"comment_status":"closed","ping_status":"closed","sticky":false,"template":"","format":"standard","meta":{"_acf_changed":false,"_yoast_wpseo_focuskw":"Circular Globe","_yoast_wpseo_metadesc":"","articlekey":"","footnotes":""},"categories":[580],"tags":[914,1449,1453,594,1583,1970,2171],"class_list":["post-4177","post","type-post","status-publish","format-standard","has-post-thumbnail","hentry","category-sustainability","tag-circular-globe","tag-iso-14001","tag-iso-9001","tag-kreislaufwirtschaft","tag-label","tag-quality-austria","tag-sqs"],"acf":[],"yoast_head":"<!-- This site is optimized with the Yoast SEO plugin v27.5 - https:\/\/yoast.com\/product\/yoast-seo-wordpress\/ -->\n<title>Kreislaufwirtschaft: Zertifizierer lancieren neues Label - Organisator<\/title>\n<meta name=\"robots\" content=\"index, follow, max-snippet:-1, max-image-preview:large, max-video-preview:-1\" \/>\n<link rel=\"canonical\" href=\"https:\/\/www.organisator.ch\/de\/sustainability\/2021-05-05\/kreislaufwirtschaft-zertifizierer-lancieren-neues-label\/\" \/>\n<meta property=\"og:locale\" content=\"de_DE\" \/>\n<meta property=\"og:type\" content=\"article\" \/>\n<meta property=\"og:title\" content=\"Kreislaufwirtschaft: Zertifizierer lancieren neues Label - Organisator\" \/>\n<meta property=\"og:description\" content=\"Das Label Circular Globe\u00a0zur F\u00f6rderung der Kreislaufwirtschaft sei aus der langj\u00e4hrigen Erfahrung der Managementsystem-Zertifizierung\u00a0entstanden, erkl\u00e4rte Hubert Rizzi von der SQS-Gesch\u00e4ftsleitung am \u00abTag der Schweizer Qualit\u00e4t\u00bb am 4. Mai in Bern. Denn f\u00fcr eine zirkul\u00e4re Wirtschaft w\u00fcrden heutige Managementsysteme wie die ISO-Norm 14001 Umweltmanagement zu kurz greifen. Zudem sei die Kreislaufwirtschaft im Rahmen eines nachhaltigen Wirtschaftens [&hellip;]\" \/>\n<meta property=\"og:url\" content=\"https:\/\/www.organisator.ch\/de\/sustainability\/2021-05-05\/kreislaufwirtschaft-zertifizierer-lancieren-neues-label\/\" \/>\n<meta property=\"og:site_name\" content=\"Organisator\" \/>\n<meta property=\"article:publisher\" content=\"https:\/\/www.facebook.com\/OrganisatorFachmagazin\" \/>\n<meta property=\"article:published_time\" content=\"2021-05-05T13:00:03+00:00\" \/>\n<meta property=\"article:modified_time\" content=\"2022-02-09T10:09:53+00:00\" \/>\n<meta property=\"og:image\" content=\"https:\/\/www.organisator.ch\/wp-content\/uploads\/2021\/05\/Depositphotos_222787792_s-2019.jpg\" \/>\n\t<meta property=\"og:image:width\" content=\"1000\" \/>\n\t<meta property=\"og:image:height\" content=\"667\" \/>\n\t<meta property=\"og:image:type\" content=\"image\/jpeg\" \/>\n<meta name=\"author\" content=\"roger.straessle\" \/>\n<meta name=\"twitter:card\" content=\"summary_large_image\" \/>\n<script type=\"application\/ld+json\" class=\"yoast-schema-graph\">{\"@context\":\"https:\\\/\\\/schema.org\",\"@graph\":[{\"@type\":\"Article\",\"@id\":\"https:\\\/\\\/www.organisator.ch\\\/sustainability\\\/2021-05-05\\\/kreislaufwirtschaft-zertifizierer-lancieren-neues-label\\\/#article\",\"isPartOf\":{\"@id\":\"https:\\\/\\\/www.organisator.ch\\\/sustainability\\\/2021-05-05\\\/kreislaufwirtschaft-zertifizierer-lancieren-neues-label\\\/\"},\"author\":{\"name\":\"roger.straessle\",\"@id\":\"https:\\\/\\\/www.organisator.ch\\\/#\\\/schema\\\/person\\\/a800b8c54e208b160517a7dcc323161d\"},\"headline\":\"Kreislaufwirtschaft: Zertifizierer lancieren neues Label\",\"datePublished\":\"2021-05-05T13:00:03+00:00\",\"dateModified\":\"2022-02-09T10:09:53+00:00\",\"mainEntityOfPage\":{\"@id\":\"https:\\\/\\\/www.organisator.ch\\\/sustainability\\\/2021-05-05\\\/kreislaufwirtschaft-zertifizierer-lancieren-neues-label\\\/\"},\"wordCount\":450,\"publisher\":{\"@id\":\"https:\\\/\\\/www.organisator.ch\\\/#organization\"},\"image\":{\"@id\":\"https:\\\/\\\/www.organisator.ch\\\/sustainability\\\/2021-05-05\\\/kreislaufwirtschaft-zertifizierer-lancieren-neues-label\\\/#primaryimage\"},\"thumbnailUrl\":\"https:\\\/\\\/www.organisator.ch\\\/wp-content\\\/uploads\\\/2021\\\/05\\\/Depositphotos_222787792_s-2019.jpg\",\"keywords\":[\"Circular Globe\",\"ISO 14001\",\"ISO 9001\",\"Kreislaufwirtschaft\",\"Label\",\"Quality Austria\",\"SQS\"],\"articleSection\":[\"SUSTAINABILITY\"],\"inLanguage\":\"de\"},{\"@type\":\"WebPage\",\"@id\":\"https:\\\/\\\/www.organisator.ch\\\/sustainability\\\/2021-05-05\\\/kreislaufwirtschaft-zertifizierer-lancieren-neues-label\\\/\",\"url\":\"https:\\\/\\\/www.organisator.ch\\\/sustainability\\\/2021-05-05\\\/kreislaufwirtschaft-zertifizierer-lancieren-neues-label\\\/\",\"name\":\"Kreislaufwirtschaft: Zertifizierer lancieren neues Label - Organisator\",\"isPartOf\":{\"@id\":\"https:\\\/\\\/www.organisator.ch\\\/#website\"},\"primaryImageOfPage\":{\"@id\":\"https:\\\/\\\/www.organisator.ch\\\/sustainability\\\/2021-05-05\\\/kreislaufwirtschaft-zertifizierer-lancieren-neues-label\\\/#primaryimage\"},\"image\":{\"@id\":\"https:\\\/\\\/www.organisator.ch\\\/sustainability\\\/2021-05-05\\\/kreislaufwirtschaft-zertifizierer-lancieren-neues-label\\\/#primaryimage\"},\"thumbnailUrl\":\"https:\\\/\\\/www.organisator.ch\\\/wp-content\\\/uploads\\\/2021\\\/05\\\/Depositphotos_222787792_s-2019.jpg\",\"datePublished\":\"2021-05-05T13:00:03+00:00\",\"dateModified\":\"2022-02-09T10:09:53+00:00\",\"breadcrumb\":{\"@id\":\"https:\\\/\\\/www.organisator.ch\\\/sustainability\\\/2021-05-05\\\/kreislaufwirtschaft-zertifizierer-lancieren-neues-label\\\/#breadcrumb\"},\"inLanguage\":\"de\",\"potentialAction\":[{\"@type\":\"ReadAction\",\"target\":[\"https:\\\/\\\/www.organisator.ch\\\/sustainability\\\/2021-05-05\\\/kreislaufwirtschaft-zertifizierer-lancieren-neues-label\\\/\"]}]},{\"@type\":\"ImageObject\",\"inLanguage\":\"de\",\"@id\":\"https:\\\/\\\/www.organisator.ch\\\/sustainability\\\/2021-05-05\\\/kreislaufwirtschaft-zertifizierer-lancieren-neues-label\\\/#primaryimage\",\"url\":\"https:\\\/\\\/www.organisator.ch\\\/wp-content\\\/uploads\\\/2021\\\/05\\\/Depositphotos_222787792_s-2019.jpg\",\"contentUrl\":\"https:\\\/\\\/www.organisator.ch\\\/wp-content\\\/uploads\\\/2021\\\/05\\\/Depositphotos_222787792_s-2019.jpg\",\"width\":1000,\"height\":667,\"caption\":\"\u00a9 Depositphotos, achirathep.gmail.com\"},{\"@type\":\"BreadcrumbList\",\"@id\":\"https:\\\/\\\/www.organisator.ch\\\/sustainability\\\/2021-05-05\\\/kreislaufwirtschaft-zertifizierer-lancieren-neues-label\\\/#breadcrumb\",\"itemListElement\":[{\"@type\":\"ListItem\",\"position\":1,\"name\":\"Home\",\"item\":\"https:\\\/\\\/www.organisator.ch\\\/\"},{\"@type\":\"ListItem\",\"position\":2,\"name\":\"Kreislaufwirtschaft: Zertifizierer lancieren neues Label\"}]},{\"@type\":\"WebSite\",\"@id\":\"https:\\\/\\\/www.organisator.ch\\\/#website\",\"url\":\"https:\\\/\\\/www.organisator.ch\\\/\",\"name\":\"Organisator\",\"description\":\"Kompetent. Praxisnah. Der ORGANISATOR bereitet in 10 Ausgaben pro Jahr die wesentlichen Themen f\u00fcr F\u00fchrungskr\u00e4fte von KMU auf.\",\"publisher\":{\"@id\":\"https:\\\/\\\/www.organisator.ch\\\/#organization\"},\"potentialAction\":[{\"@type\":\"SearchAction\",\"target\":{\"@type\":\"EntryPoint\",\"urlTemplate\":\"https:\\\/\\\/www.organisator.ch\\\/?s={search_term_string}\"},\"query-input\":{\"@type\":\"PropertyValueSpecification\",\"valueRequired\":true,\"valueName\":\"search_term_string\"}}],\"inLanguage\":\"de\"},{\"@type\":\"Organization\",\"@id\":\"https:\\\/\\\/www.organisator.ch\\\/#organization\",\"name\":\"Organisator\",\"url\":\"https:\\\/\\\/www.organisator.ch\\\/\",\"logo\":{\"@type\":\"ImageObject\",\"inLanguage\":\"de\",\"@id\":\"https:\\\/\\\/www.organisator.ch\\\/#\\\/schema\\\/logo\\\/image\\\/\",\"url\":\"https:\\\/\\\/www.organisator.ch\\\/wp-content\\\/uploads\\\/2022\\\/01\\\/Logo_Organisator_Website.png\",\"contentUrl\":\"https:\\\/\\\/www.organisator.ch\\\/wp-content\\\/uploads\\\/2022\\\/01\\\/Logo_Organisator_Website.png\",\"width\":800,\"height\":77,\"caption\":\"Organisator\"},\"image\":{\"@id\":\"https:\\\/\\\/www.organisator.ch\\\/#\\\/schema\\\/logo\\\/image\\\/\"},\"sameAs\":[\"https:\\\/\\\/www.facebook.com\\\/OrganisatorFachmagazin\",\"https:\\\/\\\/www.linkedin.com\\\/showcase\\\/organisator-das-magazin-fr-kmu\",\"https:\\\/\\\/www.xing.com\\\/news\\\/pages\\\/organisator-ch-695\",\"https:\\\/\\\/www.youtube.com\\\/channel\\\/UCGP2Sq0iWaZwT3BdIAQFYpw\"]},{\"@type\":\"Person\",\"@id\":\"https:\\\/\\\/www.organisator.ch\\\/#\\\/schema\\\/person\\\/a800b8c54e208b160517a7dcc323161d\",\"name\":\"roger.straessle\",\"image\":{\"@type\":\"ImageObject\",\"inLanguage\":\"de\",\"@id\":\"https:\\\/\\\/secure.gravatar.com\\\/avatar\\\/?s=96&d=mm&r=g\",\"url\":\"https:\\\/\\\/secure.gravatar.com\\\/avatar\\\/?s=96&d=mm&r=g\",\"contentUrl\":\"https:\\\/\\\/secure.gravatar.com\\\/avatar\\\/?s=96&d=mm&r=g\",\"caption\":\"roger.straessle\"},\"url\":\"https:\\\/\\\/www.organisator.ch\\\/de\\\/author\\\/roger-straessle\\\/\"}]}<\/script>\n<!-- \/ Yoast SEO plugin. -->","yoast_head_json":{"title":"Kreislaufwirtschaft: Zertifizierer lancieren neues Label - Organisator","robots":{"index":"index","follow":"follow","max-snippet":"max-snippet:-1","max-image-preview":"max-image-preview:large","max-video-preview":"max-video-preview:-1"},"canonical":"https:\/\/www.organisator.ch\/de\/sustainability\/2021-05-05\/kreislaufwirtschaft-zertifizierer-lancieren-neues-label\/","og_locale":"de_DE","og_type":"article","og_title":"Kreislaufwirtschaft: Zertifizierer lancieren neues Label - Organisator","og_description":"Das Label Circular Globe\u00a0zur F\u00f6rderung der Kreislaufwirtschaft sei aus der langj\u00e4hrigen Erfahrung der Managementsystem-Zertifizierung\u00a0entstanden, erkl\u00e4rte Hubert Rizzi von der SQS-Gesch\u00e4ftsleitung am \u00abTag der Schweizer Qualit\u00e4t\u00bb am 4. Mai in Bern. Denn f\u00fcr eine zirkul\u00e4re Wirtschaft w\u00fcrden heutige Managementsysteme wie die ISO-Norm 14001 Umweltmanagement zu kurz greifen. Zudem sei die Kreislaufwirtschaft im Rahmen eines nachhaltigen Wirtschaftens [&hellip;]","og_url":"https:\/\/www.organisator.ch\/de\/sustainability\/2021-05-05\/kreislaufwirtschaft-zertifizierer-lancieren-neues-label\/","og_site_name":"Organisator","article_publisher":"https:\/\/www.facebook.com\/OrganisatorFachmagazin","article_published_time":"2021-05-05T13:00:03+00:00","article_modified_time":"2022-02-09T10:09:53+00:00","og_image":[{"width":1000,"height":667,"url":"https:\/\/www.organisator.ch\/wp-content\/uploads\/2021\/05\/Depositphotos_222787792_s-2019.jpg","type":"image\/jpeg"}],"author":"roger.straessle","twitter_card":"summary_large_image","schema":{"@context":"https:\/\/schema.org","@graph":[{"@type":"Article","@id":"https:\/\/www.organisator.ch\/sustainability\/2021-05-05\/kreislaufwirtschaft-zertifizierer-lancieren-neues-label\/#article","isPartOf":{"@id":"https:\/\/www.organisator.ch\/sustainability\/2021-05-05\/kreislaufwirtschaft-zertifizierer-lancieren-neues-label\/"},"author":{"name":"roger.straessle","@id":"https:\/\/www.organisator.ch\/#\/schema\/person\/a800b8c54e208b160517a7dcc323161d"},"headline":"Kreislaufwirtschaft: Zertifizierer lancieren neues Label","datePublished":"2021-05-05T13:00:03+00:00","dateModified":"2022-02-09T10:09:53+00:00","mainEntityOfPage":{"@id":"https:\/\/www.organisator.ch\/sustainability\/2021-05-05\/kreislaufwirtschaft-zertifizierer-lancieren-neues-label\/"},"wordCount":450,"publisher":{"@id":"https:\/\/www.organisator.ch\/#organization"},"image":{"@id":"https:\/\/www.organisator.ch\/sustainability\/2021-05-05\/kreislaufwirtschaft-zertifizierer-lancieren-neues-label\/#primaryimage"},"thumbnailUrl":"https:\/\/www.organisator.ch\/wp-content\/uploads\/2021\/05\/Depositphotos_222787792_s-2019.jpg","keywords":["Circular Globe","ISO 14001","ISO 9001","Kreislaufwirtschaft","Label","Quality Austria","SQS"],"articleSection":["SUSTAINABILITY"],"inLanguage":"de"},{"@type":"WebPage","@id":"https:\/\/www.organisator.ch\/sustainability\/2021-05-05\/kreislaufwirtschaft-zertifizierer-lancieren-neues-label\/","url":"https:\/\/www.organisator.ch\/sustainability\/2021-05-05\/kreislaufwirtschaft-zertifizierer-lancieren-neues-label\/","name":"Kreislaufwirtschaft: Zertifizierer lancieren neues Label - Organisator","isPartOf":{"@id":"https:\/\/www.organisator.ch\/#website"},"primaryImageOfPage":{"@id":"https:\/\/www.organisator.ch\/sustainability\/2021-05-05\/kreislaufwirtschaft-zertifizierer-lancieren-neues-label\/#primaryimage"},"image":{"@id":"https:\/\/www.organisator.ch\/sustainability\/2021-05-05\/kreislaufwirtschaft-zertifizierer-lancieren-neues-label\/#primaryimage"},"thumbnailUrl":"https:\/\/www.organisator.ch\/wp-content\/uploads\/2021\/05\/Depositphotos_222787792_s-2019.jpg","datePublished":"2021-05-05T13:00:03+00:00","dateModified":"2022-02-09T10:09:53+00:00","breadcrumb":{"@id":"https:\/\/www.organisator.ch\/sustainability\/2021-05-05\/kreislaufwirtschaft-zertifizierer-lancieren-neues-label\/#breadcrumb"},"inLanguage":"de","potentialAction":[{"@type":"ReadAction","target":["https:\/\/www.organisator.ch\/sustainability\/2021-05-05\/kreislaufwirtschaft-zertifizierer-lancieren-neues-label\/"]}]},{"@type":"ImageObject","inLanguage":"de","@id":"https:\/\/www.organisator.ch\/sustainability\/2021-05-05\/kreislaufwirtschaft-zertifizierer-lancieren-neues-label\/#primaryimage","url":"https:\/\/www.organisator.ch\/wp-content\/uploads\/2021\/05\/Depositphotos_222787792_s-2019.jpg","contentUrl":"https:\/\/www.organisator.ch\/wp-content\/uploads\/2021\/05\/Depositphotos_222787792_s-2019.jpg","width":1000,"height":667,"caption":"\u00a9 Depositphotos, achirathep.gmail.com"},{"@type":"BreadcrumbList","@id":"https:\/\/www.organisator.ch\/sustainability\/2021-05-05\/kreislaufwirtschaft-zertifizierer-lancieren-neues-label\/#breadcrumb","itemListElement":[{"@type":"ListItem","position":1,"name":"Home","item":"https:\/\/www.organisator.ch\/"},{"@type":"ListItem","position":2,"name":"Kreislaufwirtschaft: Zertifizierer lancieren neues Label"}]},{"@type":"WebSite","@id":"https:\/\/www.organisator.ch\/#website","url":"https:\/\/www.organisator.ch\/","name":"Organisator","description":"Kompetent. Praxisnah. Der ORGANISATOR bereitet in 10 Ausgaben pro Jahr die wesentlichen Themen f\u00fcr F\u00fchrungskr\u00e4fte von KMU auf.","publisher":{"@id":"https:\/\/www.organisator.ch\/#organization"},"potentialAction":[{"@type":"SearchAction","target":{"@type":"EntryPoint","urlTemplate":"https:\/\/www.organisator.ch\/?s={search_term_string}"},"query-input":{"@type":"PropertyValueSpecification","valueRequired":true,"valueName":"search_term_string"}}],"inLanguage":"de"},{"@type":"Organization","@id":"https:\/\/www.organisator.ch\/#organization","name":"Organisator","url":"https:\/\/www.organisator.ch\/","logo":{"@type":"ImageObject","inLanguage":"de","@id":"https:\/\/www.organisator.ch\/#\/schema\/logo\/image\/","url":"https:\/\/www.organisator.ch\/wp-content\/uploads\/2022\/01\/Logo_Organisator_Website.png","contentUrl":"https:\/\/www.organisator.ch\/wp-content\/uploads\/2022\/01\/Logo_Organisator_Website.png","width":800,"height":77,"caption":"Organisator"},"image":{"@id":"https:\/\/www.organisator.ch\/#\/schema\/logo\/image\/"},"sameAs":["https:\/\/www.facebook.com\/OrganisatorFachmagazin","https:\/\/www.linkedin.com\/showcase\/organisator-das-magazin-fr-kmu","https:\/\/www.xing.com\/news\/pages\/organisator-ch-695","https:\/\/www.youtube.com\/channel\/UCGP2Sq0iWaZwT3BdIAQFYpw"]},{"@type":"Person","@id":"https:\/\/www.organisator.ch\/#\/schema\/person\/a800b8c54e208b160517a7dcc323161d","name":"roger.straessle","image":{"@type":"ImageObject","inLanguage":"de","@id":"https:\/\/secure.gravatar.com\/avatar\/?s=96&d=mm&r=g","url":"https:\/\/secure.gravatar.com\/avatar\/?s=96&d=mm&r=g","contentUrl":"https:\/\/secure.gravatar.com\/avatar\/?s=96&d=mm&r=g","caption":"roger.straessle"},"url":"https:\/\/www.organisator.ch\/de\/author\/roger-straessle\/"}]}},"_links":{"self":[{"href":"https:\/\/www.organisator.ch\/de\/wp-json\/wp\/v2\/posts\/4177","targetHints":{"allow":["GET"]}}],"collection":[{"href":"https:\/\/www.organisator.ch\/de\/wp-json\/wp\/v2\/posts"}],"about":[{"href":"https:\/\/www.organisator.ch\/de\/wp-json\/wp\/v2\/types\/post"}],"author":[{"embeddable":true,"href":"https:\/\/www.organisator.ch\/de\/wp-json\/wp\/v2\/users\/6"}],"replies":[{"embeddable":true,"href":"https:\/\/www.organisator.ch\/de\/wp-json\/wp\/v2\/comments?post=4177"}],"version-history":[{"count":1,"href":"https:\/\/www.organisator.ch\/de\/wp-json\/wp\/v2\/posts\/4177\/revisions"}],"predecessor-version":[{"id":10799,"href":"https:\/\/www.organisator.ch\/de\/wp-json\/wp\/v2\/posts\/4177\/revisions\/10799"}],"wp:featuredmedia":[{"embeddable":true,"href":"https:\/\/www.organisator.ch\/de\/wp-json\/wp\/v2\/media\/9793"}],"wp:attachment":[{"href":"https:\/\/www.organisator.ch\/de\/wp-json\/wp\/v2\/media?parent=4177"}],"wp:term":[{"taxonomy":"category","embeddable":true,"href":"https:\/\/www.organisator.ch\/de\/wp-json\/wp\/v2\/categories?post=4177"},{"taxonomy":"post_tag","embeddable":true,"href":"https:\/\/www.organisator.ch\/de\/wp-json\/wp\/v2\/tags?post=4177"}],"curies":[{"name":"wp","href":"https:\/\/api.w.org\/{rel}","templated":true}]}}