{"id":41932,"date":"2025-11-18T08:25:03","date_gmt":"2025-11-18T07:25:03","guid":{"rendered":"https:\/\/www.markt-kom.com\/?p=245617"},"modified":"2025-11-18T08:22:05","modified_gmt":"2025-11-18T07:22:05","slug":"nischen-sind-eine-chance-pia-guggenbuehl-zur-trendtagung-fach-und-spezialmedien","status":"publish","type":"post","link":"https:\/\/www.organisator.ch\/de\/marketing\/2025-11-18\/nischen-sind-eine-chance-pia-guggenbuehl-zur-trendtagung-fach-und-spezialmedien\/","title":{"rendered":"\u00abNischen sind eine Chance\u00bb \u2013\u00a0 Pia Guggenb\u00fchl zur Trendtagung Fach- und Spezialmedien"},"content":{"rendered":"<figure id=\"attachment_245622\" class=\"wp-caption alignnone\" style=\"width: 768px;\" aria-describedby=\"caption-attachment-245622\"><img class=\"wp-image-245622 size-large\" src=\"https:\/\/www.markt-kom.com\/wp-content\/uploads\/2025\/11\/Bildschirmfoto-2025-11-11-um-12.58.47-1024x558.png\" sizes=\"(max-width: 768px) 100vw, 768px\" srcset=\"https:\/\/www.markt-kom.com\/wp-content\/uploads\/2025\/11\/Bildschirmfoto-2025-11-11-um-12.58.47-1024x558.png 1024w, https:\/\/www.markt-kom.com\/wp-content\/uploads\/2025\/11\/Bildschirmfoto-2025-11-11-um-12.58.47-600x327.png 600w, https:\/\/www.markt-kom.com\/wp-content\/uploads\/2025\/11\/Bildschirmfoto-2025-11-11-um-12.58.47-768x418.png 768w, https:\/\/www.markt-kom.com\/wp-content\/uploads\/2025\/11\/Bildschirmfoto-2025-11-11-um-12.58.47-1536x836.png 1536w, https:\/\/www.markt-kom.com\/wp-content\/uploads\/2025\/11\/Bildschirmfoto-2025-11-11-um-12.58.47-2048x1115.png 2048w, https:\/\/www.markt-kom.com\/wp-content\/uploads\/2025\/11\/Bildschirmfoto-2025-11-11-um-12.58.47-18x10.png 18w, https:\/\/www.markt-kom.com\/wp-content\/uploads\/2025\/11\/Bildschirmfoto-2025-11-11-um-12.58.47-321x175.png 321w, https:\/\/www.markt-kom.com\/wp-content\/uploads\/2025\/11\/Bildschirmfoto-2025-11-11-um-12.58.47-643x350.png 643w, https:\/\/www.markt-kom.com\/wp-content\/uploads\/2025\/11\/Bildschirmfoto-2025-11-11-um-12.58.47-1000x544.png 1000w, https:\/\/www.markt-kom.com\/wp-content\/uploads\/2025\/11\/Bildschirmfoto-2025-11-11-um-12.58.47-scaled.png 1300w\" alt=\"\" width=\"768\" height=\"419\" \/>\r\n<figcaption id=\"caption-attachment-245622\" class=\"wp-caption-text\">Pia Guggenb\u00fchl im Gespr\u00e4ch mit m&amp;k-Redaktor Christoph Soltmannowski.<\/figcaption>\r\n<\/figure>\r\n<p><strong>m&amp;k: Pia Guggenb\u00fchl*, was ist das Ziel der diesj\u00e4hrigen Trendtagung Fach- und Spezialmedien?<\/strong><\/p>\r\n<p><strong>Pia Guggenb\u00fchl:<\/strong>\u00a0Die Tagung ist ein Treffpunkt f\u00fcr alle, die Fach- und Spezialmedien in der Schweiz gestalten. Sie bietet Raum, um den Puls der Branche zu f\u00fchlen: Wo stehen wir? Welche Herausforderungen gibt es? Und welche Chancen? Gemeinsam mit Expertinnen und Experten diskutieren wir diese Fragen n\u00e4chste Woche an der Trendtagung im WestHive.<\/p>\r\n<p><strong>Im Rahmen der Tagung wird auch wieder der Q-Award verliehen. Wof\u00fcr steht dieser Preis?<\/strong><\/p>\r\n<p>Der Q-Award zeichnet alle zwei Jahre die besten Fach- und Spezialmedien der Schweiz aus \u2013 Print und Online. Es geht um journalistische Qualit\u00e4t, Relevanz und Gestaltung, nicht um Reichweite. Zugleich legt die Jury grossen Wert darauf, dass ein Medium seine Community versteht und Inhalte mit Tiefgang liefert. Dieses Jahr war die Entscheidung besonders schwierig \u2026 deshalb wird es eine kleine \u00dcberraschung geben (lacht).<\/p>\r\n<p><strong>Welche Tendenzen erkennen Sie bei den Nominierten?<\/strong><\/p>\r\n<p>Viele Redaktionen verbinden heute erfolgreich Print und Online. Sie wissen, was beide Formate leisten k\u00f6nnen: Print steht f\u00fcr Tiefe und Entschleunigung, Online f\u00fcr Aktualit\u00e4t und Austausch. Zudem sehen wir, dass Nischenformate sehr erfolgreich sind. Wer eine klar definierte Zielgruppe bedient, hat oft treue Leserinnen und Leser \u2013 und eine starke Community.<\/p>\r\n<p><strong>Ist das Community-Denken also ein Erfolgsfaktor f\u00fcr Fachmedien?<\/strong><\/p>\r\n<p>Durchaus. \u00a0Viele erfolgreiche Fachmedien pflegen ihre Community weit \u00fcber das Heft hinaus \u2013 mit Events, digitalen Plattformen oder Weiterbildungsangeboten. So entsteht ein lebendiges \u00d6kosystem. In einer Zeit, in der Social Media eher fl\u00fcchtige Aufmerksamkeit generiert, bieten Fachmedien Tiefe, Vertrauen und N\u00e4he. Gerade auch j\u00fcngere Menschen suchen nach dieser Echtheit.<\/p>\r\n<p><strong>Wie steht es wirtschaftlich um die Branche \u2013 lohnt sich Print \u00fcberhaupt noch?<\/strong><\/p>\r\n<p>Print geniesst gerade bei Fach- und Spezialmedien nach wie vor einen hohen Stellenwert. Wir sehen gelungene Relaunches und Neugr\u00fcndungen, die oft mit grossem Engagement und \u00fcberschaubarem Budget umgesetzt werden. Entscheidend ist, dass die Zielgruppe einen echten Nutzen erkennt \u2013 und dass das Medium eine glaubw\u00fcrdige Plattform f\u00fcr Inserenten bietet. Qualit\u00e4t bleibt das wichtigste Verkaufsargument.<\/p>\r\n<p><strong>Wird Print wieder st\u00e4rker gesch\u00e4tzt?<\/strong><\/p>\r\n<p>Der Wert von Fach- und Spezialmedien wird heute wieder st\u00e4rker deutlicher. Denn sie bieten Orientierung und verl\u00e4ssliche Information in komplexen Themenfeldern. Print steht hier f\u00fcr Qualit\u00e4t, Glaubw\u00fcrdigkeit und Vertiefung \u2013 Werte, die im digitalen \u00dcberfluss an Bedeutung gewinnen.<\/p>\r\n<p><strong>Ein weiteres Thema ist die k\u00fcnstliche Intelligenz. Wie weit ist sie in der Fachmedienwelt bereits etabliert?<\/strong><\/p>\r\n<p>KI kann Prozesse beschleunigen, beispielsweise beim Korrektorat oder bei der Strukturierung von Inhalten. Sie ersetzt jedoch nicht die journalistische Arbeit. Wir als Verband setzen uns f\u00fcr Transparenz ein: Wenn journalistische Inhalte vollst\u00e4ndig mithilfe von KI und ohne menschlichen Kontrollprozess entstanden sind, muss das klar deklariert sein. Und es gibt weitere <a href=\"https:\/\/www.schweizermedien.ch\/media\/rivl0mug\/vsm_ki-handlungsempfehlungen.pdf\">Handlungsempfehlungen<\/a> im Umgang mit KI des VSM sowie auch den <a href=\"https:\/\/presserat.ch\/journalistenkodex\/ki_leitfaden\/\">Leitfaden \u00abKI im Journalismus\u00bb<\/a> des Presserats.<\/p>\r\n<p><strong>Welche Risiken sehen Sie?<\/strong><\/p>\r\n<p>Das gr\u00f6sste Risiko ist die ungefragte und unbezahlte Verwendung journalistischer Texte durch KI-Anbieter. Sie setzen sich \u00fcber technische Barrieren und Bezahlschranken hinweg und verkaufen basierend auf dem Inhalt der Medienh\u00e4user ihre Abos und Lizenzen. Der Journalismus hat das Nachsehen, denn Leistung wird nicht bezahlt.<\/p>\r\n<p><strong>Gibt es weitere Probleme mit KI?<br \/>\r\n<\/strong>Wie das <a href=\"https:\/\/www.foeg.uzh.ch\/de\/jahrbuch-qdm.html\">Jahrbuch \u00abQualit\u00e4t der Medien 2025\u00bb<\/a> des f\u00f6g zeigte, verbreiten KI-Tools oft falsche Informationen und geben auch Quellen falsch wieder. Dies hat zus\u00e4tzlich einen potentiellen Reputationsschaden f\u00fcr die Medien zur Folge. Hier braucht es Verantwortung und klare Regeln, wie wir sie mit der <a href=\"https:\/\/www.schweizermedien.ch\/aktuelles\/medienmitteilungen\/2025\/2025-04-11-erklaerung-von-zuerich-dachlux-verleger-fordern-klare-regeln-fuer-den-umgang-von-ki-mit-journalistischen-inhalten\/\">\u00abErkl\u00e4rung von Z\u00fcrich\u00bb<\/a> gemeinsam mit weiteren Verlegerverb\u00e4nden im deutschsprachigen Raum gefordert haben.<\/p>\r\n<p><strong>Was erwartet die Teilnehmenden der Trendtagung konkret?<\/strong><\/p>\r\n<p>KI ist nat\u00fcrlich eines der Themen. Dar\u00fcber hinaus bieten wir ein abwechslungsreiches Programm mit praxisnahen Referaten und Best-Practice-Beispielen. Besonders freue ich mich auf Anita Zielina, die als Medienstrategin international t\u00e4tig ist, sowie auf Vertreterinnen und Vertreter erfolgreicher Schweizer Fachmedien wie des Velomagazins Gruppetto oder des Magazins Kaleio f\u00fcr M\u00e4dchen zwischen 8 und 13 Jahren.<\/p>\r\n<p><strong>Wie gross ist die Community an der Tagung?<\/strong><\/p>\r\n<p>Wir erwarten rund 80 Teilnehmende. Diese Gr\u00f6sse erlaubt einen intensiven Austausch. Es treffen sich Verlegerinnen, Redakteure, Vermarkter und Kreative \u2013 eine bunte, aber hochkompetente Szene. Diese Vielfalt ist die St\u00e4rke der Fach- und Spezialmedien.<\/p>\r\n<p><strong>Was w\u00fcnschen Sie sich f\u00fcr die Zukunft der Branche?<\/strong><\/p>\r\n<p>Dass Fach- und Spezialmedien mit ihrer Glaubw\u00fcrdigkeit und N\u00e4he zur Leserschaft auch k\u00fcnftig punkten k\u00f6nnen. In einer Welt voller fl\u00fcchtiger Informationen bieten sie Orientierung, schaffen Vertrauen und auch Unterhaltung \u2013 pr\u00e4zise, verl\u00e4sslich und relevant.<\/p>\r\n<p><strong>Pia Guggenb\u00fchl, vielen Dank f\u00fcr das Gespr\u00e4ch.vv<\/strong><\/p>\r\n<p>&nbsp;<\/p>\r\n<p><img class=\"alignnone wp-image-245630\" src=\"https:\/\/www.markt-kom.com\/wp-content\/uploads\/2025\/11\/Bildschirmfoto-2025-11-11-um-13.47.19.png\" sizes=\"(max-width: 214px) 100vw, 214px\" srcset=\"https:\/\/www.markt-kom.com\/wp-content\/uploads\/2025\/11\/Bildschirmfoto-2025-11-11-um-13.47.19.png 522w, https:\/\/www.markt-kom.com\/wp-content\/uploads\/2025\/11\/Bildschirmfoto-2025-11-11-um-13.47.19-13x12.png 13w, https:\/\/www.markt-kom.com\/wp-content\/uploads\/2025\/11\/Bildschirmfoto-2025-11-11-um-13.47.19-188x175.png 188w, https:\/\/www.markt-kom.com\/wp-content\/uploads\/2025\/11\/Bildschirmfoto-2025-11-11-um-13.47.19-375x350.png 375w\" alt=\"\" width=\"214\" height=\"200\" \/><\/p>\r\n<p><strong>*Pia Guggenb\u00fchl<\/strong>\u00a0ist seit Februar 2025 Direktorin des Verlegerverbandes SCHWEIZER MEDIEN (VSM). Sie verf\u00fcgt \u00fcber einen Master in Politikwissenschaft und Kommunikationswissenschaft von den Universit\u00e4ten Z\u00fcrich und Florenz. Nach journalistischen T\u00e4tigkeiten in Print, TV und Radio war sie in F\u00fchrungspositionen an der Schnittstelle von Medien, Politik und Wirtschaft t\u00e4tig \u2013 unter anderem f\u00fcr Unternehmen in Pharma und \u00a0Chemie, Bankwesen und Energiewirtschaft. Als ehemalige Kommunikationschefin der FDP Schweiz und Gemeinder\u00e4tin von K\u00fcsnacht bringt sie parlamentarische und exekutive Erfahrung mit. Sie leitet den VSM, der rund 70 private Schweizer Medienunternehmen vertritt.<\/p>\r\n<hr \/>\r\n<h3><strong>Die Trendtagung Fach\u2011 und Spezialmedien 2025<\/strong><\/h3>\r\n<p>Am Mittwoch, 19. November 2025, trifft sich die Fach- und Spezialmedienbranche von 13:00 bis 18:00 Uhr im\u00a0Westhive Hardturm\u00a0in Z\u00fcrich zur. Veranstaltet vom Verlegerverband SCHWEIZER MEDIEN bietet der Anlass Keynotes und Best-Practice-Beispiele: So beleuchtet Anita Zielina, CEO &amp; Founder von Better Leaders Lab, wie Fachmedien sich \u00fcber Inhalte hinaus als digitale Service-Provider neu erfinden. Im Anschluss skizziert Reto Vogt das Potenzial von KI in Fach- und Spezialmedien: Wo bringt sie echten Mehrwert, wo liegen Risiken? Weitere Beitr\u00e4ge zeigen, etwa wie das Magazin Kaleio erfolgreich als Print-Marke f\u00fcr junge M\u00e4dchen funktioniert oder wie das Radsport-Magazin Gruppetto eine Community aufbaute.<br \/>\r\nDen Abschluss bildet die Verleihung des Q\u2011Award 2025 \u2013 die Auszeichnung f\u00fcr herausragende Leistungen im Fach- und Spezialmedienbereich.<br \/>\r\nMehr auf\u00a0<a href=\"https:\/\/www.schweizermedien.ch\/events\/agenda\/2025\/2025-11-19-trendtagung-fach-und-spezialmedien-2025\/\">schweizermedien.ch<\/a><br \/>\r\nTeilnahmegeb\u00fchren: CHF 150 f\u00fcr Mitglieder, CHF 250 f\u00fcr Nichtmitglieder.<\/p>\r\n<p>&nbsp;<\/p>\r\n<p>&nbsp;<\/p>","protected":false},"excerpt":{"rendered":"<p>In Zeiten von Informationsflut und KI-Herausforderungen setzen Fach- und Spezialmedien auf Nischen, Community und journalistische Tiefe \u2013 das betont Pia Guggenb\u00fchl, Direktorin des Verlegerverbands Schweizer Medien (VSM). Im Vorfeld der Trendtagung am 19. November haben wir mit ihr gesprochen.<\/p>\n","protected":false},"author":8,"featured_media":0,"comment_status":"closed","ping_status":"closed","sticky":false,"template":"","format":"standard","meta":{"_acf_changed":false,"_yoast_wpseo_focuskw":"Pia Guggenb\u00fchl","_yoast_wpseo_metadesc":"Fachmedien setzen auf Nischen, Community und journalistische Tiefe \u2013 das betont Pia Guggenb\u00fchl vom Verlegerverband Schweizer Medien.","articlekey":"","footnotes":""},"categories":[29],"tags":[4343,1677,5674,5488],"class_list":["post-41932","post","type-post","status-publish","format-standard","hentry","category-marketing","tag-markom","tag-medien","tag-q-award","tag-vsm"],"acf":[],"yoast_head":"<!-- This site is optimized with the Yoast SEO plugin v27.5 - https:\/\/yoast.com\/product\/yoast-seo-wordpress\/ -->\n<title>\u00abNischen sind eine Chance\u00bb \u2013\u00a0 Pia Guggenb\u00fchl zur Trendtagung Fach- und Spezialmedien - Organisator<\/title>\n<meta name=\"description\" content=\"Fachmedien setzen auf Nischen, Community und journalistische Tiefe \u2013 das betont Pia Guggenb\u00fchl vom Verlegerverband Schweizer Medien.\" \/>\n<meta name=\"robots\" content=\"index, follow, max-snippet:-1, max-image-preview:large, max-video-preview:-1\" \/>\n<link rel=\"canonical\" href=\"https:\/\/www.organisator.ch\/de\/marketing\/2025-11-18\/nischen-sind-eine-chance-pia-guggenbuehl-zur-trendtagung-fach-und-spezialmedien\/\" \/>\n<meta property=\"og:locale\" content=\"de_DE\" \/>\n<meta property=\"og:type\" content=\"article\" \/>\n<meta property=\"og:title\" content=\"\u00abNischen sind eine Chance\u00bb \u2013\u00a0 Pia Guggenb\u00fchl zur Trendtagung Fach- und Spezialmedien - Organisator\" \/>\n<meta property=\"og:description\" content=\"Fachmedien setzen auf Nischen, Community und journalistische Tiefe \u2013 das betont Pia Guggenb\u00fchl vom Verlegerverband Schweizer Medien.\" \/>\n<meta property=\"og:url\" content=\"https:\/\/www.organisator.ch\/de\/marketing\/2025-11-18\/nischen-sind-eine-chance-pia-guggenbuehl-zur-trendtagung-fach-und-spezialmedien\/\" \/>\n<meta property=\"og:site_name\" content=\"Organisator\" \/>\n<meta property=\"article:publisher\" content=\"https:\/\/www.facebook.com\/OrganisatorFachmagazin\" \/>\n<meta property=\"article:published_time\" content=\"2025-11-18T07:25:03+00:00\" \/>\n<meta name=\"author\" content=\"galledia\" \/>\n<meta name=\"twitter:card\" content=\"summary_large_image\" \/>\n<meta name=\"twitter:creator\" content=\"@admin\" \/>\n<script type=\"application\/ld+json\" class=\"yoast-schema-graph\">{\"@context\":\"https:\\\/\\\/schema.org\",\"@graph\":[{\"@type\":\"Article\",\"@id\":\"https:\\\/\\\/www.organisator.ch\\\/marketing\\\/2025-11-18\\\/nischen-sind-eine-chance-pia-guggenbuehl-zur-trendtagung-fach-und-spezialmedien\\\/#article\",\"isPartOf\":{\"@id\":\"https:\\\/\\\/www.organisator.ch\\\/marketing\\\/2025-11-18\\\/nischen-sind-eine-chance-pia-guggenbuehl-zur-trendtagung-fach-und-spezialmedien\\\/\"},\"author\":{\"name\":\"galledia\",\"@id\":\"https:\\\/\\\/www.organisator.ch\\\/#\\\/schema\\\/person\\\/4e51799071cd2dd1232ac003643ef5f0\"},\"headline\":\"\u00abNischen sind eine Chance\u00bb \u2013\u00a0 Pia Guggenb\u00fchl zur Trendtagung Fach- und Spezialmedien\",\"datePublished\":\"2025-11-18T07:25:03+00:00\",\"mainEntityOfPage\":{\"@id\":\"https:\\\/\\\/www.organisator.ch\\\/marketing\\\/2025-11-18\\\/nischen-sind-eine-chance-pia-guggenbuehl-zur-trendtagung-fach-und-spezialmedien\\\/\"},\"wordCount\":1019,\"publisher\":{\"@id\":\"https:\\\/\\\/www.organisator.ch\\\/#organization\"},\"image\":{\"@id\":\"https:\\\/\\\/www.organisator.ch\\\/marketing\\\/2025-11-18\\\/nischen-sind-eine-chance-pia-guggenbuehl-zur-trendtagung-fach-und-spezialmedien\\\/#primaryimage\"},\"thumbnailUrl\":\"https:\\\/\\\/www.markt-kom.com\\\/wp-content\\\/uploads\\\/2025\\\/11\\\/Bildschirmfoto-2025-11-11-um-12.58.47-1024x558.png\",\"keywords\":[\"MarKom\",\"Medien\",\"Q-Award\",\"VSM\"],\"articleSection\":[\"MARKETING\"],\"inLanguage\":\"de\"},{\"@type\":\"WebPage\",\"@id\":\"https:\\\/\\\/www.organisator.ch\\\/marketing\\\/2025-11-18\\\/nischen-sind-eine-chance-pia-guggenbuehl-zur-trendtagung-fach-und-spezialmedien\\\/\",\"url\":\"https:\\\/\\\/www.organisator.ch\\\/marketing\\\/2025-11-18\\\/nischen-sind-eine-chance-pia-guggenbuehl-zur-trendtagung-fach-und-spezialmedien\\\/\",\"name\":\"\u00abNischen sind eine Chance\u00bb \u2013\u00a0 Pia Guggenb\u00fchl zur Trendtagung Fach- und Spezialmedien - Organisator\",\"isPartOf\":{\"@id\":\"https:\\\/\\\/www.organisator.ch\\\/#website\"},\"primaryImageOfPage\":{\"@id\":\"https:\\\/\\\/www.organisator.ch\\\/marketing\\\/2025-11-18\\\/nischen-sind-eine-chance-pia-guggenbuehl-zur-trendtagung-fach-und-spezialmedien\\\/#primaryimage\"},\"image\":{\"@id\":\"https:\\\/\\\/www.organisator.ch\\\/marketing\\\/2025-11-18\\\/nischen-sind-eine-chance-pia-guggenbuehl-zur-trendtagung-fach-und-spezialmedien\\\/#primaryimage\"},\"thumbnailUrl\":\"https:\\\/\\\/www.markt-kom.com\\\/wp-content\\\/uploads\\\/2025\\\/11\\\/Bildschirmfoto-2025-11-11-um-12.58.47-1024x558.png\",\"datePublished\":\"2025-11-18T07:25:03+00:00\",\"description\":\"Fachmedien setzen auf Nischen, Community und journalistische Tiefe \u2013 das betont Pia Guggenb\u00fchl vom Verlegerverband Schweizer Medien.\",\"breadcrumb\":{\"@id\":\"https:\\\/\\\/www.organisator.ch\\\/marketing\\\/2025-11-18\\\/nischen-sind-eine-chance-pia-guggenbuehl-zur-trendtagung-fach-und-spezialmedien\\\/#breadcrumb\"},\"inLanguage\":\"de\",\"potentialAction\":[{\"@type\":\"ReadAction\",\"target\":[\"https:\\\/\\\/www.organisator.ch\\\/marketing\\\/2025-11-18\\\/nischen-sind-eine-chance-pia-guggenbuehl-zur-trendtagung-fach-und-spezialmedien\\\/\"]}]},{\"@type\":\"ImageObject\",\"inLanguage\":\"de\",\"@id\":\"https:\\\/\\\/www.organisator.ch\\\/marketing\\\/2025-11-18\\\/nischen-sind-eine-chance-pia-guggenbuehl-zur-trendtagung-fach-und-spezialmedien\\\/#primaryimage\",\"url\":\"https:\\\/\\\/www.markt-kom.com\\\/wp-content\\\/uploads\\\/2025\\\/11\\\/Bildschirmfoto-2025-11-11-um-12.58.47-1024x558.png\",\"contentUrl\":\"https:\\\/\\\/www.markt-kom.com\\\/wp-content\\\/uploads\\\/2025\\\/11\\\/Bildschirmfoto-2025-11-11-um-12.58.47-1024x558.png\"},{\"@type\":\"BreadcrumbList\",\"@id\":\"https:\\\/\\\/www.organisator.ch\\\/marketing\\\/2025-11-18\\\/nischen-sind-eine-chance-pia-guggenbuehl-zur-trendtagung-fach-und-spezialmedien\\\/#breadcrumb\",\"itemListElement\":[{\"@type\":\"ListItem\",\"position\":1,\"name\":\"Home\",\"item\":\"https:\\\/\\\/www.organisator.ch\\\/\"},{\"@type\":\"ListItem\",\"position\":2,\"name\":\"\u00abNischen sind eine Chance\u00bb \u2013\u00a0 Pia Guggenb\u00fchl zur Trendtagung Fach- und Spezialmedien\"}]},{\"@type\":\"WebSite\",\"@id\":\"https:\\\/\\\/www.organisator.ch\\\/#website\",\"url\":\"https:\\\/\\\/www.organisator.ch\\\/\",\"name\":\"Organisator\",\"description\":\"Kompetent. Praxisnah. Der ORGANISATOR bereitet in 10 Ausgaben pro Jahr die wesentlichen Themen f\u00fcr F\u00fchrungskr\u00e4fte von KMU auf.\",\"publisher\":{\"@id\":\"https:\\\/\\\/www.organisator.ch\\\/#organization\"},\"potentialAction\":[{\"@type\":\"SearchAction\",\"target\":{\"@type\":\"EntryPoint\",\"urlTemplate\":\"https:\\\/\\\/www.organisator.ch\\\/?s={search_term_string}\"},\"query-input\":{\"@type\":\"PropertyValueSpecification\",\"valueRequired\":true,\"valueName\":\"search_term_string\"}}],\"inLanguage\":\"de\"},{\"@type\":\"Organization\",\"@id\":\"https:\\\/\\\/www.organisator.ch\\\/#organization\",\"name\":\"Organisator\",\"url\":\"https:\\\/\\\/www.organisator.ch\\\/\",\"logo\":{\"@type\":\"ImageObject\",\"inLanguage\":\"de\",\"@id\":\"https:\\\/\\\/www.organisator.ch\\\/#\\\/schema\\\/logo\\\/image\\\/\",\"url\":\"https:\\\/\\\/www.organisator.ch\\\/wp-content\\\/uploads\\\/2022\\\/01\\\/Logo_Organisator_Website.png\",\"contentUrl\":\"https:\\\/\\\/www.organisator.ch\\\/wp-content\\\/uploads\\\/2022\\\/01\\\/Logo_Organisator_Website.png\",\"width\":800,\"height\":77,\"caption\":\"Organisator\"},\"image\":{\"@id\":\"https:\\\/\\\/www.organisator.ch\\\/#\\\/schema\\\/logo\\\/image\\\/\"},\"sameAs\":[\"https:\\\/\\\/www.facebook.com\\\/OrganisatorFachmagazin\",\"https:\\\/\\\/www.linkedin.com\\\/showcase\\\/organisator-das-magazin-fr-kmu\",\"https:\\\/\\\/www.xing.com\\\/news\\\/pages\\\/organisator-ch-695\",\"https:\\\/\\\/www.youtube.com\\\/channel\\\/UCGP2Sq0iWaZwT3BdIAQFYpw\"]},{\"@type\":\"Person\",\"@id\":\"https:\\\/\\\/www.organisator.ch\\\/#\\\/schema\\\/person\\\/4e51799071cd2dd1232ac003643ef5f0\",\"name\":\"galledia\",\"image\":{\"@type\":\"ImageObject\",\"inLanguage\":\"de\",\"@id\":\"https:\\\/\\\/secure.gravatar.com\\\/avatar\\\/78a7f90c01fc2bfc875782a0d4922b37cde2cf184ce347b91316d23cd7f69a36?s=96&d=mm&r=g\",\"url\":\"https:\\\/\\\/secure.gravatar.com\\\/avatar\\\/78a7f90c01fc2bfc875782a0d4922b37cde2cf184ce347b91316d23cd7f69a36?s=96&d=mm&r=g\",\"contentUrl\":\"https:\\\/\\\/secure.gravatar.com\\\/avatar\\\/78a7f90c01fc2bfc875782a0d4922b37cde2cf184ce347b91316d23cd7f69a36?s=96&d=mm&r=g\",\"caption\":\"galledia\"},\"sameAs\":[\"https:\\\/\\\/x.com\\\/admin\"],\"url\":\"https:\\\/\\\/www.organisator.ch\\\/de\\\/author\\\/galledia\\\/\"}]}<\/script>\n<!-- \/ Yoast SEO plugin. -->","yoast_head_json":{"title":"\u00abNischen sind eine Chance\u00bb \u2013\u00a0 Pia Guggenb\u00fchl zur Trendtagung Fach- und Spezialmedien - Organisator","description":"Fachmedien setzen auf Nischen, Community und journalistische Tiefe \u2013 das betont Pia Guggenb\u00fchl vom Verlegerverband Schweizer Medien.","robots":{"index":"index","follow":"follow","max-snippet":"max-snippet:-1","max-image-preview":"max-image-preview:large","max-video-preview":"max-video-preview:-1"},"canonical":"https:\/\/www.organisator.ch\/de\/marketing\/2025-11-18\/nischen-sind-eine-chance-pia-guggenbuehl-zur-trendtagung-fach-und-spezialmedien\/","og_locale":"de_DE","og_type":"article","og_title":"\u00abNischen sind eine Chance\u00bb \u2013\u00a0 Pia Guggenb\u00fchl zur Trendtagung Fach- und Spezialmedien - Organisator","og_description":"Fachmedien setzen auf Nischen, Community und journalistische Tiefe \u2013 das betont Pia Guggenb\u00fchl vom Verlegerverband Schweizer Medien.","og_url":"https:\/\/www.organisator.ch\/de\/marketing\/2025-11-18\/nischen-sind-eine-chance-pia-guggenbuehl-zur-trendtagung-fach-und-spezialmedien\/","og_site_name":"Organisator","article_publisher":"https:\/\/www.facebook.com\/OrganisatorFachmagazin","article_published_time":"2025-11-18T07:25:03+00:00","author":"galledia","twitter_card":"summary_large_image","twitter_creator":"@admin","schema":{"@context":"https:\/\/schema.org","@graph":[{"@type":"Article","@id":"https:\/\/www.organisator.ch\/marketing\/2025-11-18\/nischen-sind-eine-chance-pia-guggenbuehl-zur-trendtagung-fach-und-spezialmedien\/#article","isPartOf":{"@id":"https:\/\/www.organisator.ch\/marketing\/2025-11-18\/nischen-sind-eine-chance-pia-guggenbuehl-zur-trendtagung-fach-und-spezialmedien\/"},"author":{"name":"galledia","@id":"https:\/\/www.organisator.ch\/#\/schema\/person\/4e51799071cd2dd1232ac003643ef5f0"},"headline":"\u00abNischen sind eine Chance\u00bb \u2013\u00a0 Pia Guggenb\u00fchl zur Trendtagung Fach- und Spezialmedien","datePublished":"2025-11-18T07:25:03+00:00","mainEntityOfPage":{"@id":"https:\/\/www.organisator.ch\/marketing\/2025-11-18\/nischen-sind-eine-chance-pia-guggenbuehl-zur-trendtagung-fach-und-spezialmedien\/"},"wordCount":1019,"publisher":{"@id":"https:\/\/www.organisator.ch\/#organization"},"image":{"@id":"https:\/\/www.organisator.ch\/marketing\/2025-11-18\/nischen-sind-eine-chance-pia-guggenbuehl-zur-trendtagung-fach-und-spezialmedien\/#primaryimage"},"thumbnailUrl":"https:\/\/www.markt-kom.com\/wp-content\/uploads\/2025\/11\/Bildschirmfoto-2025-11-11-um-12.58.47-1024x558.png","keywords":["MarKom","Medien","Q-Award","VSM"],"articleSection":["MARKETING"],"inLanguage":"de"},{"@type":"WebPage","@id":"https:\/\/www.organisator.ch\/marketing\/2025-11-18\/nischen-sind-eine-chance-pia-guggenbuehl-zur-trendtagung-fach-und-spezialmedien\/","url":"https:\/\/www.organisator.ch\/marketing\/2025-11-18\/nischen-sind-eine-chance-pia-guggenbuehl-zur-trendtagung-fach-und-spezialmedien\/","name":"\u00abNischen sind eine Chance\u00bb \u2013\u00a0 Pia Guggenb\u00fchl zur Trendtagung Fach- und Spezialmedien - Organisator","isPartOf":{"@id":"https:\/\/www.organisator.ch\/#website"},"primaryImageOfPage":{"@id":"https:\/\/www.organisator.ch\/marketing\/2025-11-18\/nischen-sind-eine-chance-pia-guggenbuehl-zur-trendtagung-fach-und-spezialmedien\/#primaryimage"},"image":{"@id":"https:\/\/www.organisator.ch\/marketing\/2025-11-18\/nischen-sind-eine-chance-pia-guggenbuehl-zur-trendtagung-fach-und-spezialmedien\/#primaryimage"},"thumbnailUrl":"https:\/\/www.markt-kom.com\/wp-content\/uploads\/2025\/11\/Bildschirmfoto-2025-11-11-um-12.58.47-1024x558.png","datePublished":"2025-11-18T07:25:03+00:00","description":"Fachmedien setzen auf Nischen, Community und journalistische Tiefe \u2013 das betont Pia Guggenb\u00fchl vom Verlegerverband Schweizer Medien.","breadcrumb":{"@id":"https:\/\/www.organisator.ch\/marketing\/2025-11-18\/nischen-sind-eine-chance-pia-guggenbuehl-zur-trendtagung-fach-und-spezialmedien\/#breadcrumb"},"inLanguage":"de","potentialAction":[{"@type":"ReadAction","target":["https:\/\/www.organisator.ch\/marketing\/2025-11-18\/nischen-sind-eine-chance-pia-guggenbuehl-zur-trendtagung-fach-und-spezialmedien\/"]}]},{"@type":"ImageObject","inLanguage":"de","@id":"https:\/\/www.organisator.ch\/marketing\/2025-11-18\/nischen-sind-eine-chance-pia-guggenbuehl-zur-trendtagung-fach-und-spezialmedien\/#primaryimage","url":"https:\/\/www.markt-kom.com\/wp-content\/uploads\/2025\/11\/Bildschirmfoto-2025-11-11-um-12.58.47-1024x558.png","contentUrl":"https:\/\/www.markt-kom.com\/wp-content\/uploads\/2025\/11\/Bildschirmfoto-2025-11-11-um-12.58.47-1024x558.png"},{"@type":"BreadcrumbList","@id":"https:\/\/www.organisator.ch\/marketing\/2025-11-18\/nischen-sind-eine-chance-pia-guggenbuehl-zur-trendtagung-fach-und-spezialmedien\/#breadcrumb","itemListElement":[{"@type":"ListItem","position":1,"name":"Home","item":"https:\/\/www.organisator.ch\/"},{"@type":"ListItem","position":2,"name":"\u00abNischen sind eine Chance\u00bb \u2013\u00a0 Pia Guggenb\u00fchl zur Trendtagung Fach- und Spezialmedien"}]},{"@type":"WebSite","@id":"https:\/\/www.organisator.ch\/#website","url":"https:\/\/www.organisator.ch\/","name":"Organisator","description":"Kompetent. Praxisnah. Der ORGANISATOR bereitet in 10 Ausgaben pro Jahr die wesentlichen Themen f\u00fcr F\u00fchrungskr\u00e4fte von KMU auf.","publisher":{"@id":"https:\/\/www.organisator.ch\/#organization"},"potentialAction":[{"@type":"SearchAction","target":{"@type":"EntryPoint","urlTemplate":"https:\/\/www.organisator.ch\/?s={search_term_string}"},"query-input":{"@type":"PropertyValueSpecification","valueRequired":true,"valueName":"search_term_string"}}],"inLanguage":"de"},{"@type":"Organization","@id":"https:\/\/www.organisator.ch\/#organization","name":"Organisator","url":"https:\/\/www.organisator.ch\/","logo":{"@type":"ImageObject","inLanguage":"de","@id":"https:\/\/www.organisator.ch\/#\/schema\/logo\/image\/","url":"https:\/\/www.organisator.ch\/wp-content\/uploads\/2022\/01\/Logo_Organisator_Website.png","contentUrl":"https:\/\/www.organisator.ch\/wp-content\/uploads\/2022\/01\/Logo_Organisator_Website.png","width":800,"height":77,"caption":"Organisator"},"image":{"@id":"https:\/\/www.organisator.ch\/#\/schema\/logo\/image\/"},"sameAs":["https:\/\/www.facebook.com\/OrganisatorFachmagazin","https:\/\/www.linkedin.com\/showcase\/organisator-das-magazin-fr-kmu","https:\/\/www.xing.com\/news\/pages\/organisator-ch-695","https:\/\/www.youtube.com\/channel\/UCGP2Sq0iWaZwT3BdIAQFYpw"]},{"@type":"Person","@id":"https:\/\/www.organisator.ch\/#\/schema\/person\/4e51799071cd2dd1232ac003643ef5f0","name":"galledia","image":{"@type":"ImageObject","inLanguage":"de","@id":"https:\/\/secure.gravatar.com\/avatar\/78a7f90c01fc2bfc875782a0d4922b37cde2cf184ce347b91316d23cd7f69a36?s=96&d=mm&r=g","url":"https:\/\/secure.gravatar.com\/avatar\/78a7f90c01fc2bfc875782a0d4922b37cde2cf184ce347b91316d23cd7f69a36?s=96&d=mm&r=g","contentUrl":"https:\/\/secure.gravatar.com\/avatar\/78a7f90c01fc2bfc875782a0d4922b37cde2cf184ce347b91316d23cd7f69a36?s=96&d=mm&r=g","caption":"galledia"},"sameAs":["https:\/\/x.com\/admin"],"url":"https:\/\/www.organisator.ch\/de\/author\/galledia\/"}]}},"_links":{"self":[{"href":"https:\/\/www.organisator.ch\/de\/wp-json\/wp\/v2\/posts\/41932","targetHints":{"allow":["GET"]}}],"collection":[{"href":"https:\/\/www.organisator.ch\/de\/wp-json\/wp\/v2\/posts"}],"about":[{"href":"https:\/\/www.organisator.ch\/de\/wp-json\/wp\/v2\/types\/post"}],"author":[{"embeddable":true,"href":"https:\/\/www.organisator.ch\/de\/wp-json\/wp\/v2\/users\/8"}],"replies":[{"embeddable":true,"href":"https:\/\/www.organisator.ch\/de\/wp-json\/wp\/v2\/comments?post=41932"}],"version-history":[{"count":6,"href":"https:\/\/www.organisator.ch\/de\/wp-json\/wp\/v2\/posts\/41932\/revisions"}],"predecessor-version":[{"id":42042,"href":"https:\/\/www.organisator.ch\/de\/wp-json\/wp\/v2\/posts\/41932\/revisions\/42042"}],"wp:attachment":[{"href":"https:\/\/www.organisator.ch\/de\/wp-json\/wp\/v2\/media?parent=41932"}],"wp:term":[{"taxonomy":"category","embeddable":true,"href":"https:\/\/www.organisator.ch\/de\/wp-json\/wp\/v2\/categories?post=41932"},{"taxonomy":"post_tag","embeddable":true,"href":"https:\/\/www.organisator.ch\/de\/wp-json\/wp\/v2\/tags?post=41932"}],"curies":[{"name":"wp","href":"https:\/\/api.w.org\/{rel}","templated":true}]}}