{"id":4195,"date":"2018-09-05T12:07:50","date_gmt":"2018-09-05T10:07:50","guid":{"rendered":"https:\/\/www.organisator.ch\/?p=4195"},"modified":"2018-09-05T12:07:50","modified_gmt":"2018-09-05T10:07:50","slug":"bundesamt-fuer-statistik-weist-hoehere-arbeitskosten-aus","status":"publish","type":"post","link":"https:\/\/www.organisator.ch\/de\/allgemein\/2018-09-05\/bundesamt-fuer-statistik-weist-hoehere-arbeitskosten-aus\/","title":{"rendered":"Bundesamt f\u00fcr Statistik weist h\u00f6here Arbeitskosten aus"},"content":{"rendered":"<figure id=\"attachment_4198\" aria-describedby=\"caption-attachment-4198\" style=\"width: 680px\" class=\"wp-caption alignnone\"><img loading=\"lazy\" decoding=\"async\" class=\"size-medium wp-image-4198\" src=\"https:\/\/www.organisator.ch\/wp-content\/uploads\/2018\/09\/Wichtige-Aenderungen-im-Geldwaeschereigesetz-mq-management-u-qualitaet.jpg\" alt=\"\" width=\"680\" height=\"453\" srcset=\"https:\/\/www.organisator.ch\/wp-content\/uploads\/2018\/09\/Wichtige-Aenderungen-im-Geldwaeschereigesetz-mq-management-u-qualitaet.jpg 999w, https:\/\/www.organisator.ch\/wp-content\/uploads\/2018\/09\/Wichtige-Aenderungen-im-Geldwaeschereigesetz-mq-management-u-qualitaet-680x453.jpg 680w, https:\/\/www.organisator.ch\/wp-content\/uploads\/2018\/09\/Wichtige-Aenderungen-im-Geldwaeschereigesetz-mq-management-u-qualitaet-768x511.jpg 768w, https:\/\/www.organisator.ch\/wp-content\/uploads\/2018\/09\/Wichtige-Aenderungen-im-Geldwaeschereigesetz-mq-management-u-qualitaet-16x12.jpg 16w, https:\/\/www.organisator.ch\/wp-content\/uploads\/2018\/09\/Wichtige-Aenderungen-im-Geldwaeschereigesetz-mq-management-u-qualitaet-263x175.jpg 263w, https:\/\/www.organisator.ch\/wp-content\/uploads\/2018\/09\/Wichtige-Aenderungen-im-Geldwaeschereigesetz-mq-management-u-qualitaet-526x350.jpg 526w, https:\/\/www.organisator.ch\/wp-content\/uploads\/2018\/09\/Wichtige-Aenderungen-im-Geldwaeschereigesetz-mq-management-u-qualitaet-920x612.jpg 920w, https:\/\/www.organisator.ch\/wp-content\/uploads\/2018\/09\/Wichtige-Aenderungen-im-Geldwaeschereigesetz-mq-management-u-qualitaet-300x200.jpg 300w\" sizes=\"auto, (max-width: 680px) 100vw, 680px\" \/><figcaption id=\"caption-attachment-4198\" class=\"wp-caption-text\">Die durchschnittlichen Arbeitskosten beliefen sich im Jahr 2016 gesamthaft auf Fr. 60.05 pro Arbeitsstunde. (Bild: depositphotos)<\/figcaption><\/figure>\n<p>Das Bundesamt f\u00fcr Statistik (BFS) unterscheidet diese Kosten nicht nur je nach Wirtschaftszweig, sondern auch nach Unternehmensgr\u00f6sse. Im sekund\u00e4ren und terti\u00e4ren Sektor ermittelte das BFS Kosten von 60.05 Franken, die eine Arbeitsstunde in der Schweiz im Durchschnitt kostet. Das ist mehr als bei der letzten Erhebung 2014, als die Stunde noch 59,60 Franken kostete. Erneut am billigsten kam 2016 die Arbeitsstunde mit 36,68 Franken im Gastgewerbe.<\/p>\n<p><strong>Unterschiedliche Arbeitskosten <\/strong><\/p>\n<p>Arbeitskosten sind alle vom Arbeitgeber getragenen Aufwendungen. In der Schweiz setzen sie sich zu 79,9 Prozent aus den Bruttol\u00f6hnen zusammen. 16,9 Prozent bilden die Sozialabgaben der Arbeitgeber. Die Kosten f\u00fcr Berufsbildung und Personalrekrutierung schlagen sich mit 3,2 Prozent nieder.<\/p>\n<p>Die Besch\u00e4ftigten bei den Finanz- und Versicherungsdienstleistern f\u00fchren die Kostentabelle an. F\u00fcr sie fallen pro Stunde 92,10 Franken an. Auf die Finanzindustrie folgen Information und Kommunikation mit 77,95 Franken pro Stunde sowie die freiberuflichen, wissenschaftlichen und technischen Dienstleistungen mit 76,50 Franken. Neben dem Gastgewerbe lagen im terti\u00e4ren Sektor auch die Arbeitskosten in Kunst, Unterhaltung und Erholung (53,01 Franken) und bei den \u00fcbrigen wissenschaftlichen Dienstleistungen (44,99) tief.<\/p>\n<p><strong>Unterschiede bei Betriebsgr\u00f6ssen<\/strong><\/p>\n<p>Die Arbeitskosten variieren auch je nach Unternehmensgr\u00f6sse. Im sekund\u00e4ren und terti\u00e4ren Sektor waren die Kosten pro Arbeitsstunde bei den Unternehmen mit 50 und mehr Besch\u00e4ftigten (Fr. 64.50) um 25,8% h\u00f6her als in kleinen Unternehmen mit weniger als zehn Besch\u00e4ftigten (Fr. 50.35). Dieses Ergebnis ist haupts\u00e4chlich auf die grossen Unterschiede beim Einkommensniveau zur\u00fcckzuf\u00fchren, denn L\u00f6hne und Geh\u00e4lter waren in Unternehmen mit 50 und mehr Besch\u00e4ftigten durchschnittlich um 22,8% h\u00f6her als in kleinen Unternehmen.<\/p>\n<p>Dieses Gef\u00e4lle ist jedoch nicht in allen Wirtschaftszweigen zu beobachten und h\u00e4ngt nicht mit der H\u00f6he der Arbeitskosten zusammen. Wenig Einfluss auf die Kosten pro Arbeitsstunde hatte die Unternehmensgr\u00f6sse beispielsweise im Kredit- und Versicherungsgewerbe, wo die Arbeitskosten in grossen Unternehmen um 4,6% h\u00f6her ausfielen, oder bei der Erbringung von sonstigen wirtschaftlichen Dienstleistungen, wo sie in Unternehmen mit weniger als zehn Besch\u00e4ftigten um 2,4% h\u00f6her waren als in Unternehmen mit 50 und mehr Besch\u00e4ftigten.<\/p>\n<p>Die Unterschiede im terti\u00e4ren Sektor waren damit weit markanter als in der Produktion. Der Durchschnittswert im Dienstleistungssektor lag bei 61,36 Franken pro Stunde.<\/p>\n<p>In Industrie und Gewerbe dagegen fielen mit 51,71 Franken pro Stunde die tiefsten Arbeitskosten im Bausektor an. 72,36 Franken und damit am meisten kostete die Arbeitsstunde bei den Energieversorgern. Der Mittelwert lag bei 56,67 Franken.<\/p>\n<p>&nbsp;<\/p>\n<figure id=\"attachment_4197\" aria-describedby=\"caption-attachment-4197\" style=\"width: 680px\" class=\"wp-caption alignnone\"><img loading=\"lazy\" decoding=\"async\" class=\"size-medium wp-image-4197\" src=\"https:\/\/www.organisator.ch\/wp-content\/uploads\/2018\/09\/thumbnail.png\" alt=\"\" width=\"680\" height=\"406\" srcset=\"https:\/\/www.organisator.ch\/wp-content\/uploads\/2018\/09\/thumbnail.png 694w, https:\/\/www.organisator.ch\/wp-content\/uploads\/2018\/09\/thumbnail-680x406.png 680w, https:\/\/www.organisator.ch\/wp-content\/uploads\/2018\/09\/thumbnail-16x10.png 16w, https:\/\/www.organisator.ch\/wp-content\/uploads\/2018\/09\/thumbnail-293x175.png 293w, https:\/\/www.organisator.ch\/wp-content\/uploads\/2018\/09\/thumbnail-587x350.png 587w, https:\/\/www.organisator.ch\/wp-content\/uploads\/2018\/09\/thumbnail-300x179.png 300w\" sizes=\"auto, (max-width: 680px) 100vw, 680px\" \/><figcaption id=\"caption-attachment-4197\" class=\"wp-caption-text\">(Quelle: Bundesamt f\u00fcr Statistik)<\/figcaption><\/figure>\n<p>Den <a href=\"https:\/\/www.bfs.admin.ch\/bfs\/de\/home\/aktuell\/medienmitteilungen.assetdetail.5727773.html\">BFS-Angaben<\/a> zufolge liegen die Kosten in kleineren Betrieben tiefer. In Unternehmen mit mehr als 50 Besch\u00e4ftigten lagen sie 2016 mit 64,50 Franken pro Stunde gut ein Viertel h\u00f6her als in Firmen mit weniger als zehn Angestellten (50,35 Franken).<\/p>\n<p><strong>Die Schweiz hat ihren Preis <\/strong><\/p>\n<p>Grund f\u00fcr solche Kostenentwicklungen sind die fast 23 Prozent tieferen L\u00f6hne in kleineren Unternehmen. Das ist aber nicht in allen Branchen und Wirtschaftszweigen so: Im Kredit- und Versicherungsgewerbe sowie in der Erbringung von sonstigen wirtschaftlichen Dienstleistungen fielen die Arbeitskosten bei den kleinen Unternehmen h\u00f6her aus.<\/p>\n<p>Im EU-Durchschnitt kostete eine Stunde 2016 nach Tagesumrechnungskurs (Ende August 2018) 29,27 Franken. Am teuersten war D\u00e4nemark mit 49,42, am billigsten Bulgarien mit 5 Franken. In Deutschland kostete die Arbeitsstunde 38 Franken.<\/p>\n<p><a href=\"http:\/\/www.bfs.admin.ch\">www.bfs.admin.ch<\/a><\/p>\n","protected":false},"excerpt":{"rendered":"<p>Das Bundesamt f\u00fcr Statistik (BFS) unterscheidet diese Kosten nicht nur je nach Wirtschaftszweig, sondern auch nach Unternehmensgr\u00f6sse. Im sekund\u00e4ren und terti\u00e4ren Sektor ermittelte das BFS Kosten von 60.05 Franken, die eine Arbeitsstunde in der Schweiz im Durchschnitt kostet. Das ist mehr als bei der letzten Erhebung 2014, als die Stunde noch 59,60 Franken kostete. Erneut [&hellip;]<\/p>\n","protected":false},"author":5,"featured_media":4198,"comment_status":"open","ping_status":"open","sticky":false,"template":"","format":"standard","meta":{"_acf_changed":false,"_yoast_wpseo_focuskw":"Arbeitskosten","_yoast_wpseo_metadesc":"Das Bundesamt f\u00fcr Statistik (BFS) hat ende August eine interessante Statistik ver\u00f6ffentlicht. Darin variieren die Arbeitskosten erheblich.","articlekey":"","footnotes":""},"categories":[1],"tags":[46,424,427,452],"class_list":["post-4195","post","type-post","status-publish","format-standard","has-post-thumbnail","hentry","category-allgemein","tag-arbeitskosten","tag-schweiz","tag-sektoren","tag-statistik"],"acf":[],"yoast_head":"<!-- This site is optimized with the Yoast SEO plugin v27.5 - https:\/\/yoast.com\/product\/yoast-seo-wordpress\/ -->\n<title>Bundesamt f\u00fcr Statistik weist h\u00f6here Arbeitskosten aus - Organisator<\/title>\n<meta name=\"description\" content=\"Das Bundesamt f\u00fcr Statistik (BFS) hat ende August eine interessante Statistik ver\u00f6ffentlicht. Darin variieren die Arbeitskosten erheblich.\" \/>\n<meta name=\"robots\" content=\"index, follow, max-snippet:-1, max-image-preview:large, max-video-preview:-1\" \/>\n<link rel=\"canonical\" href=\"https:\/\/www.organisator.ch\/de\/allgemein\/2018-09-05\/bundesamt-fuer-statistik-weist-hoehere-arbeitskosten-aus\/\" \/>\n<meta property=\"og:locale\" content=\"de_DE\" \/>\n<meta property=\"og:type\" content=\"article\" \/>\n<meta property=\"og:title\" content=\"Bundesamt f\u00fcr Statistik weist h\u00f6here Arbeitskosten aus - Organisator\" \/>\n<meta property=\"og:description\" content=\"Das Bundesamt f\u00fcr Statistik (BFS) hat ende August eine interessante Statistik ver\u00f6ffentlicht. Darin variieren die Arbeitskosten erheblich.\" \/>\n<meta property=\"og:url\" content=\"https:\/\/www.organisator.ch\/de\/allgemein\/2018-09-05\/bundesamt-fuer-statistik-weist-hoehere-arbeitskosten-aus\/\" \/>\n<meta property=\"og:site_name\" content=\"Organisator\" \/>\n<meta property=\"article:publisher\" content=\"https:\/\/www.facebook.com\/OrganisatorFachmagazin\" \/>\n<meta property=\"article:published_time\" content=\"2018-09-05T10:07:50+00:00\" \/>\n<meta property=\"og:image\" content=\"https:\/\/www.organisator.ch\/wp-content\/uploads\/2018\/09\/Wichtige-Aenderungen-im-Geldwaeschereigesetz-mq-management-u-qualitaet.jpg\" \/>\n\t<meta property=\"og:image:width\" content=\"999\" \/>\n\t<meta property=\"og:image:height\" content=\"665\" \/>\n\t<meta property=\"og:image:type\" content=\"image\/jpeg\" \/>\n<meta name=\"author\" content=\"michael.merz\" \/>\n<meta name=\"twitter:card\" content=\"summary_large_image\" \/>\n<script type=\"application\/ld+json\" class=\"yoast-schema-graph\">{\"@context\":\"https:\\\/\\\/schema.org\",\"@graph\":[{\"@type\":\"Article\",\"@id\":\"https:\\\/\\\/www.organisator.ch\\\/it\\\/generale\\\/2018-09-05\\\/bundesamt-fuer-statistik-weist-hoehere-arbeitskosten-aus\\\/#article\",\"isPartOf\":{\"@id\":\"https:\\\/\\\/www.organisator.ch\\\/it\\\/generale\\\/2018-09-05\\\/bundesamt-fuer-statistik-weist-hoehere-arbeitskosten-aus\\\/\"},\"author\":{\"name\":\"michael.merz\",\"@id\":\"https:\\\/\\\/www.organisator.ch\\\/#\\\/schema\\\/person\\\/134708ca9321c57b0362cceb7948ffbd\"},\"headline\":\"Bundesamt f\u00fcr Statistik weist h\u00f6here Arbeitskosten aus\",\"datePublished\":\"2018-09-05T10:07:50+00:00\",\"mainEntityOfPage\":{\"@id\":\"https:\\\/\\\/www.organisator.ch\\\/it\\\/generale\\\/2018-09-05\\\/bundesamt-fuer-statistik-weist-hoehere-arbeitskosten-aus\\\/\"},\"wordCount\":549,\"commentCount\":0,\"publisher\":{\"@id\":\"https:\\\/\\\/www.organisator.ch\\\/#organization\"},\"image\":{\"@id\":\"https:\\\/\\\/www.organisator.ch\\\/it\\\/generale\\\/2018-09-05\\\/bundesamt-fuer-statistik-weist-hoehere-arbeitskosten-aus\\\/#primaryimage\"},\"thumbnailUrl\":\"https:\\\/\\\/www.organisator.ch\\\/wp-content\\\/uploads\\\/2018\\\/09\\\/Wichtige-Aenderungen-im-Geldwaeschereigesetz-mq-management-u-qualitaet.jpg\",\"keywords\":[\"Arbeitskosten\",\"Schweiz\",\"Sektoren\",\"Statistik\"],\"inLanguage\":\"de\"},{\"@type\":\"WebPage\",\"@id\":\"https:\\\/\\\/www.organisator.ch\\\/it\\\/generale\\\/2018-09-05\\\/bundesamt-fuer-statistik-weist-hoehere-arbeitskosten-aus\\\/\",\"url\":\"https:\\\/\\\/www.organisator.ch\\\/it\\\/generale\\\/2018-09-05\\\/bundesamt-fuer-statistik-weist-hoehere-arbeitskosten-aus\\\/\",\"name\":\"Bundesamt f\u00fcr Statistik weist h\u00f6here Arbeitskosten aus - Organisator\",\"isPartOf\":{\"@id\":\"https:\\\/\\\/www.organisator.ch\\\/#website\"},\"primaryImageOfPage\":{\"@id\":\"https:\\\/\\\/www.organisator.ch\\\/it\\\/generale\\\/2018-09-05\\\/bundesamt-fuer-statistik-weist-hoehere-arbeitskosten-aus\\\/#primaryimage\"},\"image\":{\"@id\":\"https:\\\/\\\/www.organisator.ch\\\/it\\\/generale\\\/2018-09-05\\\/bundesamt-fuer-statistik-weist-hoehere-arbeitskosten-aus\\\/#primaryimage\"},\"thumbnailUrl\":\"https:\\\/\\\/www.organisator.ch\\\/wp-content\\\/uploads\\\/2018\\\/09\\\/Wichtige-Aenderungen-im-Geldwaeschereigesetz-mq-management-u-qualitaet.jpg\",\"datePublished\":\"2018-09-05T10:07:50+00:00\",\"description\":\"Das Bundesamt f\u00fcr Statistik (BFS) hat ende August eine interessante Statistik ver\u00f6ffentlicht. Darin variieren die Arbeitskosten erheblich.\",\"breadcrumb\":{\"@id\":\"https:\\\/\\\/www.organisator.ch\\\/it\\\/generale\\\/2018-09-05\\\/bundesamt-fuer-statistik-weist-hoehere-arbeitskosten-aus\\\/#breadcrumb\"},\"inLanguage\":\"de\",\"potentialAction\":[{\"@type\":\"ReadAction\",\"target\":[\"https:\\\/\\\/www.organisator.ch\\\/it\\\/generale\\\/2018-09-05\\\/bundesamt-fuer-statistik-weist-hoehere-arbeitskosten-aus\\\/\"]}]},{\"@type\":\"ImageObject\",\"inLanguage\":\"de\",\"@id\":\"https:\\\/\\\/www.organisator.ch\\\/it\\\/generale\\\/2018-09-05\\\/bundesamt-fuer-statistik-weist-hoehere-arbeitskosten-aus\\\/#primaryimage\",\"url\":\"https:\\\/\\\/www.organisator.ch\\\/wp-content\\\/uploads\\\/2018\\\/09\\\/Wichtige-Aenderungen-im-Geldwaeschereigesetz-mq-management-u-qualitaet.jpg\",\"contentUrl\":\"https:\\\/\\\/www.organisator.ch\\\/wp-content\\\/uploads\\\/2018\\\/09\\\/Wichtige-Aenderungen-im-Geldwaeschereigesetz-mq-management-u-qualitaet.jpg\",\"width\":999,\"height\":665,\"caption\":\"Die durchschnittlichen Arbeitskosten beliefen sich im Jahr 2016 gesamthaft auf Fr. 60.05 pro Arbeitsstunde. (Bild: depositphotos)\"},{\"@type\":\"BreadcrumbList\",\"@id\":\"https:\\\/\\\/www.organisator.ch\\\/it\\\/generale\\\/2018-09-05\\\/bundesamt-fuer-statistik-weist-hoehere-arbeitskosten-aus\\\/#breadcrumb\",\"itemListElement\":[{\"@type\":\"ListItem\",\"position\":1,\"name\":\"Home\",\"item\":\"https:\\\/\\\/www.organisator.ch\\\/\"},{\"@type\":\"ListItem\",\"position\":2,\"name\":\"Bundesamt f\u00fcr Statistik weist h\u00f6here Arbeitskosten aus\"}]},{\"@type\":\"WebSite\",\"@id\":\"https:\\\/\\\/www.organisator.ch\\\/#website\",\"url\":\"https:\\\/\\\/www.organisator.ch\\\/\",\"name\":\"Organisator\",\"description\":\"Kompetent. Praxisnah. Der ORGANISATOR bereitet in 10 Ausgaben pro Jahr die wesentlichen Themen f\u00fcr F\u00fchrungskr\u00e4fte von KMU auf.\",\"publisher\":{\"@id\":\"https:\\\/\\\/www.organisator.ch\\\/#organization\"},\"potentialAction\":[{\"@type\":\"SearchAction\",\"target\":{\"@type\":\"EntryPoint\",\"urlTemplate\":\"https:\\\/\\\/www.organisator.ch\\\/?s={search_term_string}\"},\"query-input\":{\"@type\":\"PropertyValueSpecification\",\"valueRequired\":true,\"valueName\":\"search_term_string\"}}],\"inLanguage\":\"de\"},{\"@type\":\"Organization\",\"@id\":\"https:\\\/\\\/www.organisator.ch\\\/#organization\",\"name\":\"Organisator\",\"url\":\"https:\\\/\\\/www.organisator.ch\\\/\",\"logo\":{\"@type\":\"ImageObject\",\"inLanguage\":\"de\",\"@id\":\"https:\\\/\\\/www.organisator.ch\\\/#\\\/schema\\\/logo\\\/image\\\/\",\"url\":\"https:\\\/\\\/www.organisator.ch\\\/wp-content\\\/uploads\\\/2022\\\/01\\\/Logo_Organisator_Website.png\",\"contentUrl\":\"https:\\\/\\\/www.organisator.ch\\\/wp-content\\\/uploads\\\/2022\\\/01\\\/Logo_Organisator_Website.png\",\"width\":800,\"height\":77,\"caption\":\"Organisator\"},\"image\":{\"@id\":\"https:\\\/\\\/www.organisator.ch\\\/#\\\/schema\\\/logo\\\/image\\\/\"},\"sameAs\":[\"https:\\\/\\\/www.facebook.com\\\/OrganisatorFachmagazin\",\"https:\\\/\\\/www.linkedin.com\\\/showcase\\\/organisator-das-magazin-fr-kmu\",\"https:\\\/\\\/www.xing.com\\\/news\\\/pages\\\/organisator-ch-695\",\"https:\\\/\\\/www.youtube.com\\\/channel\\\/UCGP2Sq0iWaZwT3BdIAQFYpw\"]},{\"@type\":\"Person\",\"@id\":\"https:\\\/\\\/www.organisator.ch\\\/#\\\/schema\\\/person\\\/134708ca9321c57b0362cceb7948ffbd\",\"name\":\"michael.merz\",\"image\":{\"@type\":\"ImageObject\",\"inLanguage\":\"de\",\"@id\":\"https:\\\/\\\/secure.gravatar.com\\\/avatar\\\/?s=96&d=mm&r=g\",\"url\":\"https:\\\/\\\/secure.gravatar.com\\\/avatar\\\/?s=96&d=mm&r=g\",\"contentUrl\":\"https:\\\/\\\/secure.gravatar.com\\\/avatar\\\/?s=96&d=mm&r=g\",\"caption\":\"michael.merz\"},\"url\":\"https:\\\/\\\/www.organisator.ch\\\/de\\\/author\\\/michael-merz\\\/\"}]}<\/script>\n<!-- \/ Yoast SEO plugin. -->","yoast_head_json":{"title":"Bundesamt f\u00fcr Statistik weist h\u00f6here Arbeitskosten aus - Organisator","description":"Das Bundesamt f\u00fcr Statistik (BFS) hat ende August eine interessante Statistik ver\u00f6ffentlicht. Darin variieren die Arbeitskosten erheblich.","robots":{"index":"index","follow":"follow","max-snippet":"max-snippet:-1","max-image-preview":"max-image-preview:large","max-video-preview":"max-video-preview:-1"},"canonical":"https:\/\/www.organisator.ch\/de\/allgemein\/2018-09-05\/bundesamt-fuer-statistik-weist-hoehere-arbeitskosten-aus\/","og_locale":"de_DE","og_type":"article","og_title":"Bundesamt f\u00fcr Statistik weist h\u00f6here Arbeitskosten aus - Organisator","og_description":"Das Bundesamt f\u00fcr Statistik (BFS) hat ende August eine interessante Statistik ver\u00f6ffentlicht. Darin variieren die Arbeitskosten erheblich.","og_url":"https:\/\/www.organisator.ch\/de\/allgemein\/2018-09-05\/bundesamt-fuer-statistik-weist-hoehere-arbeitskosten-aus\/","og_site_name":"Organisator","article_publisher":"https:\/\/www.facebook.com\/OrganisatorFachmagazin","article_published_time":"2018-09-05T10:07:50+00:00","og_image":[{"width":999,"height":665,"url":"https:\/\/www.organisator.ch\/wp-content\/uploads\/2018\/09\/Wichtige-Aenderungen-im-Geldwaeschereigesetz-mq-management-u-qualitaet.jpg","type":"image\/jpeg"}],"author":"michael.merz","twitter_card":"summary_large_image","schema":{"@context":"https:\/\/schema.org","@graph":[{"@type":"Article","@id":"https:\/\/www.organisator.ch\/it\/generale\/2018-09-05\/bundesamt-fuer-statistik-weist-hoehere-arbeitskosten-aus\/#article","isPartOf":{"@id":"https:\/\/www.organisator.ch\/it\/generale\/2018-09-05\/bundesamt-fuer-statistik-weist-hoehere-arbeitskosten-aus\/"},"author":{"name":"michael.merz","@id":"https:\/\/www.organisator.ch\/#\/schema\/person\/134708ca9321c57b0362cceb7948ffbd"},"headline":"Bundesamt f\u00fcr Statistik weist h\u00f6here Arbeitskosten aus","datePublished":"2018-09-05T10:07:50+00:00","mainEntityOfPage":{"@id":"https:\/\/www.organisator.ch\/it\/generale\/2018-09-05\/bundesamt-fuer-statistik-weist-hoehere-arbeitskosten-aus\/"},"wordCount":549,"commentCount":0,"publisher":{"@id":"https:\/\/www.organisator.ch\/#organization"},"image":{"@id":"https:\/\/www.organisator.ch\/it\/generale\/2018-09-05\/bundesamt-fuer-statistik-weist-hoehere-arbeitskosten-aus\/#primaryimage"},"thumbnailUrl":"https:\/\/www.organisator.ch\/wp-content\/uploads\/2018\/09\/Wichtige-Aenderungen-im-Geldwaeschereigesetz-mq-management-u-qualitaet.jpg","keywords":["Arbeitskosten","Schweiz","Sektoren","Statistik"],"inLanguage":"de"},{"@type":"WebPage","@id":"https:\/\/www.organisator.ch\/it\/generale\/2018-09-05\/bundesamt-fuer-statistik-weist-hoehere-arbeitskosten-aus\/","url":"https:\/\/www.organisator.ch\/it\/generale\/2018-09-05\/bundesamt-fuer-statistik-weist-hoehere-arbeitskosten-aus\/","name":"Bundesamt f\u00fcr Statistik weist h\u00f6here Arbeitskosten aus - Organisator","isPartOf":{"@id":"https:\/\/www.organisator.ch\/#website"},"primaryImageOfPage":{"@id":"https:\/\/www.organisator.ch\/it\/generale\/2018-09-05\/bundesamt-fuer-statistik-weist-hoehere-arbeitskosten-aus\/#primaryimage"},"image":{"@id":"https:\/\/www.organisator.ch\/it\/generale\/2018-09-05\/bundesamt-fuer-statistik-weist-hoehere-arbeitskosten-aus\/#primaryimage"},"thumbnailUrl":"https:\/\/www.organisator.ch\/wp-content\/uploads\/2018\/09\/Wichtige-Aenderungen-im-Geldwaeschereigesetz-mq-management-u-qualitaet.jpg","datePublished":"2018-09-05T10:07:50+00:00","description":"Das Bundesamt f\u00fcr Statistik (BFS) hat ende August eine interessante Statistik ver\u00f6ffentlicht. Darin variieren die Arbeitskosten erheblich.","breadcrumb":{"@id":"https:\/\/www.organisator.ch\/it\/generale\/2018-09-05\/bundesamt-fuer-statistik-weist-hoehere-arbeitskosten-aus\/#breadcrumb"},"inLanguage":"de","potentialAction":[{"@type":"ReadAction","target":["https:\/\/www.organisator.ch\/it\/generale\/2018-09-05\/bundesamt-fuer-statistik-weist-hoehere-arbeitskosten-aus\/"]}]},{"@type":"ImageObject","inLanguage":"de","@id":"https:\/\/www.organisator.ch\/it\/generale\/2018-09-05\/bundesamt-fuer-statistik-weist-hoehere-arbeitskosten-aus\/#primaryimage","url":"https:\/\/www.organisator.ch\/wp-content\/uploads\/2018\/09\/Wichtige-Aenderungen-im-Geldwaeschereigesetz-mq-management-u-qualitaet.jpg","contentUrl":"https:\/\/www.organisator.ch\/wp-content\/uploads\/2018\/09\/Wichtige-Aenderungen-im-Geldwaeschereigesetz-mq-management-u-qualitaet.jpg","width":999,"height":665,"caption":"Die durchschnittlichen Arbeitskosten beliefen sich im Jahr 2016 gesamthaft auf Fr. 60.05 pro Arbeitsstunde. (Bild: depositphotos)"},{"@type":"BreadcrumbList","@id":"https:\/\/www.organisator.ch\/it\/generale\/2018-09-05\/bundesamt-fuer-statistik-weist-hoehere-arbeitskosten-aus\/#breadcrumb","itemListElement":[{"@type":"ListItem","position":1,"name":"Home","item":"https:\/\/www.organisator.ch\/"},{"@type":"ListItem","position":2,"name":"Bundesamt f\u00fcr Statistik weist h\u00f6here Arbeitskosten aus"}]},{"@type":"WebSite","@id":"https:\/\/www.organisator.ch\/#website","url":"https:\/\/www.organisator.ch\/","name":"Organisator","description":"Kompetent. Praxisnah. Der ORGANISATOR bereitet in 10 Ausgaben pro Jahr die wesentlichen Themen f\u00fcr F\u00fchrungskr\u00e4fte von KMU auf.","publisher":{"@id":"https:\/\/www.organisator.ch\/#organization"},"potentialAction":[{"@type":"SearchAction","target":{"@type":"EntryPoint","urlTemplate":"https:\/\/www.organisator.ch\/?s={search_term_string}"},"query-input":{"@type":"PropertyValueSpecification","valueRequired":true,"valueName":"search_term_string"}}],"inLanguage":"de"},{"@type":"Organization","@id":"https:\/\/www.organisator.ch\/#organization","name":"Organisator","url":"https:\/\/www.organisator.ch\/","logo":{"@type":"ImageObject","inLanguage":"de","@id":"https:\/\/www.organisator.ch\/#\/schema\/logo\/image\/","url":"https:\/\/www.organisator.ch\/wp-content\/uploads\/2022\/01\/Logo_Organisator_Website.png","contentUrl":"https:\/\/www.organisator.ch\/wp-content\/uploads\/2022\/01\/Logo_Organisator_Website.png","width":800,"height":77,"caption":"Organisator"},"image":{"@id":"https:\/\/www.organisator.ch\/#\/schema\/logo\/image\/"},"sameAs":["https:\/\/www.facebook.com\/OrganisatorFachmagazin","https:\/\/www.linkedin.com\/showcase\/organisator-das-magazin-fr-kmu","https:\/\/www.xing.com\/news\/pages\/organisator-ch-695","https:\/\/www.youtube.com\/channel\/UCGP2Sq0iWaZwT3BdIAQFYpw"]},{"@type":"Person","@id":"https:\/\/www.organisator.ch\/#\/schema\/person\/134708ca9321c57b0362cceb7948ffbd","name":"michael.merz","image":{"@type":"ImageObject","inLanguage":"de","@id":"https:\/\/secure.gravatar.com\/avatar\/?s=96&d=mm&r=g","url":"https:\/\/secure.gravatar.com\/avatar\/?s=96&d=mm&r=g","contentUrl":"https:\/\/secure.gravatar.com\/avatar\/?s=96&d=mm&r=g","caption":"michael.merz"},"url":"https:\/\/www.organisator.ch\/de\/author\/michael-merz\/"}]}},"_links":{"self":[{"href":"https:\/\/www.organisator.ch\/de\/wp-json\/wp\/v2\/posts\/4195","targetHints":{"allow":["GET"]}}],"collection":[{"href":"https:\/\/www.organisator.ch\/de\/wp-json\/wp\/v2\/posts"}],"about":[{"href":"https:\/\/www.organisator.ch\/de\/wp-json\/wp\/v2\/types\/post"}],"author":[{"embeddable":true,"href":"https:\/\/www.organisator.ch\/de\/wp-json\/wp\/v2\/users\/5"}],"replies":[{"embeddable":true,"href":"https:\/\/www.organisator.ch\/de\/wp-json\/wp\/v2\/comments?post=4195"}],"version-history":[{"count":0,"href":"https:\/\/www.organisator.ch\/de\/wp-json\/wp\/v2\/posts\/4195\/revisions"}],"wp:featuredmedia":[{"embeddable":true,"href":"https:\/\/www.organisator.ch\/de\/wp-json\/wp\/v2\/media\/4198"}],"wp:attachment":[{"href":"https:\/\/www.organisator.ch\/de\/wp-json\/wp\/v2\/media?parent=4195"}],"wp:term":[{"taxonomy":"category","embeddable":true,"href":"https:\/\/www.organisator.ch\/de\/wp-json\/wp\/v2\/categories?post=4195"},{"taxonomy":"post_tag","embeddable":true,"href":"https:\/\/www.organisator.ch\/de\/wp-json\/wp\/v2\/tags?post=4195"}],"curies":[{"name":"wp","href":"https:\/\/api.w.org\/{rel}","templated":true}]}}