{"id":4206,"date":"2021-05-12T09:00:44","date_gmt":"2021-05-12T07:00:44","guid":{"rendered":"https:\/\/www.umweltperspektiven.ch\/?p=4206"},"modified":"2022-02-09T11:06:08","modified_gmt":"2022-02-09T10:06:08","slug":"pv-anlagen-viel-foerdergeld-und-weniger-buerokratie","status":"publish","type":"post","link":"https:\/\/www.organisator.ch\/de\/sustainability\/2021-05-12\/pv-anlagen-viel-foerdergeld-und-weniger-buerokratie\/","title":{"rendered":"PV-Anlagen: viel F\u00f6rdergeld und weniger B\u00fcrokratie"},"content":{"rendered":"<figure id=\"attachment_4207\" aria-describedby=\"caption-attachment-4207\" style=\"width: 680px\" class=\"wp-caption aligncenter\"><img loading=\"lazy\" decoding=\"async\" class=\"size-medium wp-image-4207\" src=\"\/\/www.umweltperspektiven.ch\/wp-content\/uploads\/2021\/05\/Depositphotos_5111838_s-2019.jpg\" alt=\"Photovoltaikanlagen, PV-Anlagen\" width=\"680\" height=\"455\" \/><figcaption id=\"caption-attachment-4207\" class=\"wp-caption-text\">\u00a9 Depositphotos, Smileus<\/figcaption><\/figure>\n<p>Vom 28. Mai bis 6. Juni 2021 bieten die <a href=\"\/\/www.tagedersonne.ch\">\u00abTage der Sonne\u00bb<\/a> zahlreiche Gelegenheiten, sich \u00fcber alle Themen rund um die Solarenergie zu informieren. Eine gute Idee, denn der Weg zur eigenen Solaranlage ist heute so einfach wie nie, wie das Bundesamt f\u00fcr Energie (BFE) schreibt.<\/p>\n<h2><strong>Gen\u00fcgend F\u00f6rdermittel verf\u00fcgbar<\/strong><\/h2>\n<p>Laut BFE stehen in diesem Jahr insgesamt 470 Millionen Franken f\u00fcr Einmalverg\u00fctungen f\u00fcr Photovoltaikanlagen (PV-Anlagen) bereit: Davon 270 Millionen Franken f\u00fcr kleine PV-Anlagen mit einer Leistung von weniger als 100 kW und 200 Millionen Franken f\u00fcr grosse Anlagen mit einer Leistung ab 100 kW. Die Einmalverg\u00fctung deckt je nach Anlagenleistung etwa 20% der Investitionskosten.<\/p>\n<h2><strong>In 7 Schritten zur PV-Anlage<\/strong><\/h2>\n<p>F\u00fcr die Planung von PV-Anlagen stellt EnergieSchweiz, das Programm des Bundes f\u00fcr erneuerbare Energien und Energieeffizienz, auf energieschweiz.ch zahlreiche Ratgeber zur Verf\u00fcgung. Sie f\u00fchren auch PV-Laien sicher ans Ziel.<\/p>\n<p>So f\u00fchrt der Leitfaden \u00abIn sieben Schritten zu Ihrer Solaranlage\u00bb durch alle wichtigen Etappen der Planung und Realisation:<\/p>\n<ol>\n<li>Zuerst sollten die Solarpotenziale auf Dach und Fassade mit sonnendach.ch und sonnenfassade.ch analysiert werden.<\/li>\n<li>In Schritt 2 gibt es Informationen, wie man einen m\u00f6glichst hohen Eigenverbrauch erreichen kann und ob sich ein Batteriespeicher lohnt.<\/li>\n<li>Mit dem Solarrechner k\u00f6nnen dann Investitionskosten und Stromproduktion verschiedener Anlagentypen durchgerechnet werden.<\/li>\n<li>Danach lohnt es sich Unterst\u00fctzung und Offerten von qualifizierten Installateuren einzuholen. Die findet man ganz einfach auf solarprofis.ch. Vorsicht vor dubiosen Angeboten, die telefonisch oder per Post ins Haus flattern. Liegen drei Offerten f\u00fcr die Anlage vor, kann man diese von EnergieSchweiz kostenlos pr\u00fcfen und vergleichen lassen.<\/li>\n<li>Unter Schritt 5 liefert EnergieSchweiz auch Tipps und Musterbriefe zur Anmeldung der Anlage bei Gemeinde oder Kanton (vor Baubeginn anmelden).<\/li>\n<li>Die Anlage sollte nat\u00fcrlich unbedingt f\u00fcr die F\u00f6rderung mit einer Einmalverg\u00fctung bei pronovo.ch\u00a0 angemeldet werden.<\/li>\n<li>Sobald die Beh\u00f6rde best\u00e4tigt, kann der Bau losgehen. Idealerweise dauert dieser nur einige Tage und dann kann die Produktion des eigenen Stroms beginnen. F\u00fcr die Funktionskontrolle der Anlage nach ein paar Jahren Betrieb, bietet die die Schweizerische Vereinigung f\u00fcr Sonnenenergie SSES Qualit\u00e4tstests durch unabh\u00e4ngige Experten an.<\/li>\n<\/ol>\n<h2><strong>Administrative Erleichterungen<\/strong><\/h2>\n<p>Um die Anmeldung f\u00fcr eine Einmalverg\u00fctung nutzerfreundlicher zu gestalten, hat die Pronovo AG ein Kundenportal entwickelt. Dadurch k\u00f6nne die Anmeldung f\u00fcr die F\u00f6rderung papierlos erfolgen, so das BFE. Auch werde der Beh\u00f6rdenverkehr einfacher. Um die Melde- und Bewilligungsverfahren noch rascher und einfacher zu gestalten, stellt <a href=\"\/\/energieschweiz.ch\">EnergieSchweiz<\/a> den \u00abLeitfaden zum Melde- und Bewilligungsverfahren f\u00fcr Solaranlagen\u00bb zur Verf\u00fcgung. Mit Unterst\u00fctzung von EnergieSchweiz werde Swissolar noch in diesem Jahr das Tool EasyAdmin an den Markt bringen. EasyAdmin bringe wesentliche Erleichterungen f\u00fcr Planer und Installateure beim administrativen Verkehr mit Pronovo, den Netzbetreibern und den Gemeinden, heisst es.<\/p>\n<h2><strong>PV-Ausbaus in den Gemeinden online verfolgen<\/strong><\/h2>\n<p>F\u00fcr die Webseite <a href=\"\/\/www.bfe.admin.ch\/stromproduktion\">www.bfe.admin.ch\/stromproduktion<\/a> des Bundesamts f\u00fcr Energie wurde eine neue Karte mit Geodaten zu den Stromproduktionsanlagen in der Schweiz entwickelt. Mit diesen Daten kann laut BFE f\u00fcr jede Schweizer Gemeinde der Zubau von PV-Anlagen verfolgt und zudem analysiert werden, wie viel sie vom vorhandenen PV-Potenzial bereits nutzt.<\/p>\n<h2><strong>Abbau weiterer H\u00fcrden<\/strong><\/h2>\n<p>Auch bei den rechtlichen Grundlagen auf Bundesebene werden H\u00fcrden abgebaut:<\/p>\n<ul>\n<li>Per <strong>1. Juli 2021<\/strong> wird die Plangenehmigungspflicht f\u00fcr Energieerzeugungsanlagen, die mit einem Niederspannungsverteilnetz verbunden sind, aufgehoben. PV-Anlagen k\u00f6nnen damit einfacher, g\u00fcnstiger und schneller realisiert werden (Verordnung \u00fcber das Plangenehmigungsverfahren f\u00fcr elektrische Anlagen VPeA). Der Bundesrat wird voraussichtlich Ende Mai \u00fcber die Inkraftsetzung der revidierten VPeA entscheiden.<\/li>\n<li>Per <strong>1. Juli 2021<\/strong> wird die Erlangung einer beschr\u00e4nkten Installationsbewilligung vereinfacht. Damit wird es f\u00fcr Berufsfachleute einfacher, eine Installationsbewilligung f\u00fcr solche Anlagen zu erhalten. (Niederspannungs-Installationsverordnung NIV). Der Bundesrat wird voraussichtlich Ende Mai \u00fcber die Inkraftsetzung der revidierten NIV entscheiden.<\/li>\n<li>Der f\u00fcr den Herkunftsnachweis n\u00f6tige Beglaubigungsprozess f\u00fcr Photovoltaikanlagen bis zu einer Leistung von unter 100 kW soll per <strong>1.1.2022<\/strong> vereinfacht werden (Revision der Verordnung des UVEK \u00fcber den Herkunftsnachweis und die Stromkennzeichnung HKSV. In Vernehmlassung seit 27. April 2021).<\/li>\n<li>Per <strong>1.1.2022<\/strong> soll es Vereinfachungen bei der Verrechnung der Kosten f\u00fcr \u00abAnlagen-Contracting\u00bb beim Zusammenschluss zum Eigenverbrauch (ZEV) geben (Revision der Energieverordnung EnV. In Vernehmlassung seit 27. April 2021).<\/li>\n<li>In der n\u00e4chsten Revision der Raumplanungsverordnung sollen Vereinfachungen der Baubewilligungen f\u00fcr PV auf Infrastrukturanlagen ausserhalb der Bauzone und an Fassaden vorgeschlagen werden (Federf\u00fchrung beim Bundesamt f\u00fcr Raumentwicklung ARE).<\/li>\n<li>Voraussichtlich im Juni wird der Bundesrat dem Parlament die Botschaft zum \u00abBundesgesetz \u00fcber eine sichere Stromversorgung mit erneuerbaren Energien\u00bb (Revision des Energie- und des Stromversorgungsgesetzes) \u00fcberweisen. Darin vorgesehen ist, die heute fixen Einmalverg\u00fctungen f\u00fcr grosse PV-Anlagen neu durch Ausschreibungen (Auktionen) festzulegen. Der Bundesrat kann dabei f\u00fcr grosse Anlagen ohne Eigenverbrauch h\u00f6here Einmalverg\u00fctungen vorsehen. Weiter sollen im Zuge der vollst\u00e4ndigen Strommarkt\u00f6ffnung virtuelle Zusammenschl\u00fcsse zum Eigenverbrauch (ZEV) und die Nutzung von Anschlussleitungen durch die ZEV m\u00f6glich werden. Und schliesslich sollen alte PV-Anlagen einen Bestandschutz bei den R\u00fcckliefertarifen erhalten, indem der Bund f\u00fcr eine gewisse Zeit ihre Herkunftsnachweise kauft (Vollzug durch Pronovo).<\/li>\n<\/ul>\n<p><em>Quelle: BFE<\/em><\/p>\n<p><a href=\"\/\/www.energieschweiz.ch\/gebaeude\/solaranlagen\/\"><em>Energie Schweiz: Tools und Rechner f\u00fcr PV-Anlagen<\/em><\/a><\/p>\n<p>&nbsp;<\/p>\n<p><em>Weitere Beitr\u00e4ge zum Thema:<\/em><\/p>\n<p><em><a href=\"\/\/www.umweltperspektiven.ch\/rekordzuwachs-bei-strom-aus-erneuerbaren\/\">Rekordzuwachs bei Strom aus Erneuerbaren<\/a><\/em><\/p>\n<p><em><a href=\"\/\/www.umweltperspektiven.ch\/wallisellen-baut-groesste-solarfassade-der-region\/\">Wallisellen baut gr\u00f6sste Solarfassade der Region<\/a><\/em><\/p>\n<h1><\/h1>\n","protected":false},"excerpt":{"rendered":"<p>Vom 28. Mai bis 6. Juni 2021 bieten die \u00abTage der Sonne\u00bb zahlreiche Gelegenheiten, sich \u00fcber alle Themen rund um die Solarenergie zu informieren. Eine gute Idee, denn der Weg zur eigenen Solaranlage ist heute so einfach wie nie, wie das Bundesamt f\u00fcr Energie (BFE) schreibt. Gen\u00fcgend F\u00f6rdermittel verf\u00fcgbar Laut BFE stehen in diesem Jahr [&hellip;]<\/p>\n","protected":false},"author":6,"featured_media":9794,"comment_status":"closed","ping_status":"closed","sticky":false,"template":"","format":"standard","meta":{"_acf_changed":false,"_yoast_wpseo_focuskw":"PV-Anlagen","_yoast_wpseo_metadesc":"","articlekey":"","footnotes":""},"categories":[580],"tags":[1082,1908,2149,2159],"class_list":["post-4206","post","type-post","status-publish","format-standard","has-post-thumbnail","hentry","category-sustainability","tag-energieschweiz","tag-photovoltaik","tag-solarstrom","tag-sonnenenergie"],"acf":[],"yoast_head":"<!-- This site is optimized with the Yoast SEO plugin v27.4 - https:\/\/yoast.com\/product\/yoast-seo-wordpress\/ -->\n<title>PV-Anlagen: viel F\u00f6rdergeld und weniger B\u00fcrokratie - Organisator<\/title>\n<meta name=\"robots\" content=\"index, follow, max-snippet:-1, max-image-preview:large, max-video-preview:-1\" \/>\n<link rel=\"canonical\" href=\"https:\/\/www.organisator.ch\/de\/sustainability\/2021-05-12\/pv-anlagen-viel-foerdergeld-und-weniger-buerokratie\/\" \/>\n<meta property=\"og:locale\" content=\"de_DE\" \/>\n<meta property=\"og:type\" content=\"article\" \/>\n<meta property=\"og:title\" content=\"PV-Anlagen: viel F\u00f6rdergeld und weniger B\u00fcrokratie - Organisator\" \/>\n<meta property=\"og:description\" content=\"Vom 28. Mai bis 6. Juni 2021 bieten die \u00abTage der Sonne\u00bb zahlreiche Gelegenheiten, sich \u00fcber alle Themen rund um die Solarenergie zu informieren. Eine gute Idee, denn der Weg zur eigenen Solaranlage ist heute so einfach wie nie, wie das Bundesamt f\u00fcr Energie (BFE) schreibt. Gen\u00fcgend F\u00f6rdermittel verf\u00fcgbar Laut BFE stehen in diesem Jahr [&hellip;]\" \/>\n<meta property=\"og:url\" content=\"https:\/\/www.organisator.ch\/de\/sustainability\/2021-05-12\/pv-anlagen-viel-foerdergeld-und-weniger-buerokratie\/\" \/>\n<meta property=\"og:site_name\" content=\"Organisator\" \/>\n<meta property=\"article:publisher\" content=\"https:\/\/www.facebook.com\/OrganisatorFachmagazin\" \/>\n<meta property=\"article:published_time\" content=\"2021-05-12T07:00:44+00:00\" \/>\n<meta property=\"article:modified_time\" content=\"2022-02-09T10:06:08+00:00\" \/>\n<meta property=\"og:image\" content=\"https:\/\/www.organisator.ch\/wp-content\/uploads\/2021\/05\/Depositphotos_5111838_s-2019.jpg\" \/>\n\t<meta property=\"og:image:width\" content=\"999\" \/>\n\t<meta property=\"og:image:height\" content=\"669\" \/>\n\t<meta property=\"og:image:type\" content=\"image\/jpeg\" \/>\n<meta name=\"author\" content=\"roger.straessle\" \/>\n<meta name=\"twitter:card\" content=\"summary_large_image\" \/>\n<script type=\"application\/ld+json\" class=\"yoast-schema-graph\">{\"@context\":\"https:\\\/\\\/schema.org\",\"@graph\":[{\"@type\":\"Article\",\"@id\":\"https:\\\/\\\/www.organisator.ch\\\/sustainability\\\/2021-05-12\\\/pv-anlagen-viel-foerdergeld-und-weniger-buerokratie\\\/#article\",\"isPartOf\":{\"@id\":\"https:\\\/\\\/www.organisator.ch\\\/sustainability\\\/2021-05-12\\\/pv-anlagen-viel-foerdergeld-und-weniger-buerokratie\\\/\"},\"author\":{\"name\":\"roger.straessle\",\"@id\":\"https:\\\/\\\/www.organisator.ch\\\/#\\\/schema\\\/person\\\/a800b8c54e208b160517a7dcc323161d\"},\"headline\":\"PV-Anlagen: viel F\u00f6rdergeld und weniger B\u00fcrokratie\",\"datePublished\":\"2021-05-12T07:00:44+00:00\",\"dateModified\":\"2022-02-09T10:06:08+00:00\",\"mainEntityOfPage\":{\"@id\":\"https:\\\/\\\/www.organisator.ch\\\/sustainability\\\/2021-05-12\\\/pv-anlagen-viel-foerdergeld-und-weniger-buerokratie\\\/\"},\"wordCount\":872,\"publisher\":{\"@id\":\"https:\\\/\\\/www.organisator.ch\\\/#organization\"},\"image\":{\"@id\":\"https:\\\/\\\/www.organisator.ch\\\/sustainability\\\/2021-05-12\\\/pv-anlagen-viel-foerdergeld-und-weniger-buerokratie\\\/#primaryimage\"},\"thumbnailUrl\":\"https:\\\/\\\/www.organisator.ch\\\/wp-content\\\/uploads\\\/2021\\\/05\\\/Depositphotos_5111838_s-2019.jpg\",\"keywords\":[\"EnergieSchweiz\",\"Photovoltaik\",\"Solarstrom\",\"Sonnenenergie\"],\"articleSection\":[\"SUSTAINABILITY\"],\"inLanguage\":\"de\"},{\"@type\":\"WebPage\",\"@id\":\"https:\\\/\\\/www.organisator.ch\\\/sustainability\\\/2021-05-12\\\/pv-anlagen-viel-foerdergeld-und-weniger-buerokratie\\\/\",\"url\":\"https:\\\/\\\/www.organisator.ch\\\/sustainability\\\/2021-05-12\\\/pv-anlagen-viel-foerdergeld-und-weniger-buerokratie\\\/\",\"name\":\"PV-Anlagen: viel F\u00f6rdergeld und weniger B\u00fcrokratie - Organisator\",\"isPartOf\":{\"@id\":\"https:\\\/\\\/www.organisator.ch\\\/#website\"},\"primaryImageOfPage\":{\"@id\":\"https:\\\/\\\/www.organisator.ch\\\/sustainability\\\/2021-05-12\\\/pv-anlagen-viel-foerdergeld-und-weniger-buerokratie\\\/#primaryimage\"},\"image\":{\"@id\":\"https:\\\/\\\/www.organisator.ch\\\/sustainability\\\/2021-05-12\\\/pv-anlagen-viel-foerdergeld-und-weniger-buerokratie\\\/#primaryimage\"},\"thumbnailUrl\":\"https:\\\/\\\/www.organisator.ch\\\/wp-content\\\/uploads\\\/2021\\\/05\\\/Depositphotos_5111838_s-2019.jpg\",\"datePublished\":\"2021-05-12T07:00:44+00:00\",\"dateModified\":\"2022-02-09T10:06:08+00:00\",\"breadcrumb\":{\"@id\":\"https:\\\/\\\/www.organisator.ch\\\/sustainability\\\/2021-05-12\\\/pv-anlagen-viel-foerdergeld-und-weniger-buerokratie\\\/#breadcrumb\"},\"inLanguage\":\"de\",\"potentialAction\":[{\"@type\":\"ReadAction\",\"target\":[\"https:\\\/\\\/www.organisator.ch\\\/sustainability\\\/2021-05-12\\\/pv-anlagen-viel-foerdergeld-und-weniger-buerokratie\\\/\"]}]},{\"@type\":\"ImageObject\",\"inLanguage\":\"de\",\"@id\":\"https:\\\/\\\/www.organisator.ch\\\/sustainability\\\/2021-05-12\\\/pv-anlagen-viel-foerdergeld-und-weniger-buerokratie\\\/#primaryimage\",\"url\":\"https:\\\/\\\/www.organisator.ch\\\/wp-content\\\/uploads\\\/2021\\\/05\\\/Depositphotos_5111838_s-2019.jpg\",\"contentUrl\":\"https:\\\/\\\/www.organisator.ch\\\/wp-content\\\/uploads\\\/2021\\\/05\\\/Depositphotos_5111838_s-2019.jpg\",\"width\":999,\"height\":669,\"caption\":\"\u00a9 Depositphotos, Smileus\"},{\"@type\":\"BreadcrumbList\",\"@id\":\"https:\\\/\\\/www.organisator.ch\\\/sustainability\\\/2021-05-12\\\/pv-anlagen-viel-foerdergeld-und-weniger-buerokratie\\\/#breadcrumb\",\"itemListElement\":[{\"@type\":\"ListItem\",\"position\":1,\"name\":\"Home\",\"item\":\"https:\\\/\\\/www.organisator.ch\\\/\"},{\"@type\":\"ListItem\",\"position\":2,\"name\":\"PV-Anlagen: viel F\u00f6rdergeld und weniger B\u00fcrokratie\"}]},{\"@type\":\"WebSite\",\"@id\":\"https:\\\/\\\/www.organisator.ch\\\/#website\",\"url\":\"https:\\\/\\\/www.organisator.ch\\\/\",\"name\":\"Organisator\",\"description\":\"Kompetent. Praxisnah. Der ORGANISATOR bereitet in 10 Ausgaben pro Jahr die wesentlichen Themen f\u00fcr F\u00fchrungskr\u00e4fte von KMU auf.\",\"publisher\":{\"@id\":\"https:\\\/\\\/www.organisator.ch\\\/#organization\"},\"potentialAction\":[{\"@type\":\"SearchAction\",\"target\":{\"@type\":\"EntryPoint\",\"urlTemplate\":\"https:\\\/\\\/www.organisator.ch\\\/?s={search_term_string}\"},\"query-input\":{\"@type\":\"PropertyValueSpecification\",\"valueRequired\":true,\"valueName\":\"search_term_string\"}}],\"inLanguage\":\"de\"},{\"@type\":\"Organization\",\"@id\":\"https:\\\/\\\/www.organisator.ch\\\/#organization\",\"name\":\"Organisator\",\"url\":\"https:\\\/\\\/www.organisator.ch\\\/\",\"logo\":{\"@type\":\"ImageObject\",\"inLanguage\":\"de\",\"@id\":\"https:\\\/\\\/www.organisator.ch\\\/#\\\/schema\\\/logo\\\/image\\\/\",\"url\":\"https:\\\/\\\/www.organisator.ch\\\/wp-content\\\/uploads\\\/2022\\\/01\\\/Logo_Organisator_Website.png\",\"contentUrl\":\"https:\\\/\\\/www.organisator.ch\\\/wp-content\\\/uploads\\\/2022\\\/01\\\/Logo_Organisator_Website.png\",\"width\":800,\"height\":77,\"caption\":\"Organisator\"},\"image\":{\"@id\":\"https:\\\/\\\/www.organisator.ch\\\/#\\\/schema\\\/logo\\\/image\\\/\"},\"sameAs\":[\"https:\\\/\\\/www.facebook.com\\\/OrganisatorFachmagazin\",\"https:\\\/\\\/www.linkedin.com\\\/showcase\\\/organisator-das-magazin-fr-kmu\",\"https:\\\/\\\/www.xing.com\\\/news\\\/pages\\\/organisator-ch-695\",\"https:\\\/\\\/www.youtube.com\\\/channel\\\/UCGP2Sq0iWaZwT3BdIAQFYpw\"]},{\"@type\":\"Person\",\"@id\":\"https:\\\/\\\/www.organisator.ch\\\/#\\\/schema\\\/person\\\/a800b8c54e208b160517a7dcc323161d\",\"name\":\"roger.straessle\",\"image\":{\"@type\":\"ImageObject\",\"inLanguage\":\"de\",\"@id\":\"https:\\\/\\\/secure.gravatar.com\\\/avatar\\\/?s=96&d=mm&r=g\",\"url\":\"https:\\\/\\\/secure.gravatar.com\\\/avatar\\\/?s=96&d=mm&r=g\",\"contentUrl\":\"https:\\\/\\\/secure.gravatar.com\\\/avatar\\\/?s=96&d=mm&r=g\",\"caption\":\"roger.straessle\"},\"url\":\"https:\\\/\\\/www.organisator.ch\\\/de\\\/author\\\/roger-straessle\\\/\"}]}<\/script>\n<!-- \/ Yoast SEO plugin. -->","yoast_head_json":{"title":"PV-Anlagen: viel F\u00f6rdergeld und weniger B\u00fcrokratie - Organisator","robots":{"index":"index","follow":"follow","max-snippet":"max-snippet:-1","max-image-preview":"max-image-preview:large","max-video-preview":"max-video-preview:-1"},"canonical":"https:\/\/www.organisator.ch\/de\/sustainability\/2021-05-12\/pv-anlagen-viel-foerdergeld-und-weniger-buerokratie\/","og_locale":"de_DE","og_type":"article","og_title":"PV-Anlagen: viel F\u00f6rdergeld und weniger B\u00fcrokratie - Organisator","og_description":"Vom 28. Mai bis 6. Juni 2021 bieten die \u00abTage der Sonne\u00bb zahlreiche Gelegenheiten, sich \u00fcber alle Themen rund um die Solarenergie zu informieren. Eine gute Idee, denn der Weg zur eigenen Solaranlage ist heute so einfach wie nie, wie das Bundesamt f\u00fcr Energie (BFE) schreibt. Gen\u00fcgend F\u00f6rdermittel verf\u00fcgbar Laut BFE stehen in diesem Jahr [&hellip;]","og_url":"https:\/\/www.organisator.ch\/de\/sustainability\/2021-05-12\/pv-anlagen-viel-foerdergeld-und-weniger-buerokratie\/","og_site_name":"Organisator","article_publisher":"https:\/\/www.facebook.com\/OrganisatorFachmagazin","article_published_time":"2021-05-12T07:00:44+00:00","article_modified_time":"2022-02-09T10:06:08+00:00","og_image":[{"width":999,"height":669,"url":"https:\/\/www.organisator.ch\/wp-content\/uploads\/2021\/05\/Depositphotos_5111838_s-2019.jpg","type":"image\/jpeg"}],"author":"roger.straessle","twitter_card":"summary_large_image","schema":{"@context":"https:\/\/schema.org","@graph":[{"@type":"Article","@id":"https:\/\/www.organisator.ch\/sustainability\/2021-05-12\/pv-anlagen-viel-foerdergeld-und-weniger-buerokratie\/#article","isPartOf":{"@id":"https:\/\/www.organisator.ch\/sustainability\/2021-05-12\/pv-anlagen-viel-foerdergeld-und-weniger-buerokratie\/"},"author":{"name":"roger.straessle","@id":"https:\/\/www.organisator.ch\/#\/schema\/person\/a800b8c54e208b160517a7dcc323161d"},"headline":"PV-Anlagen: viel F\u00f6rdergeld und weniger B\u00fcrokratie","datePublished":"2021-05-12T07:00:44+00:00","dateModified":"2022-02-09T10:06:08+00:00","mainEntityOfPage":{"@id":"https:\/\/www.organisator.ch\/sustainability\/2021-05-12\/pv-anlagen-viel-foerdergeld-und-weniger-buerokratie\/"},"wordCount":872,"publisher":{"@id":"https:\/\/www.organisator.ch\/#organization"},"image":{"@id":"https:\/\/www.organisator.ch\/sustainability\/2021-05-12\/pv-anlagen-viel-foerdergeld-und-weniger-buerokratie\/#primaryimage"},"thumbnailUrl":"https:\/\/www.organisator.ch\/wp-content\/uploads\/2021\/05\/Depositphotos_5111838_s-2019.jpg","keywords":["EnergieSchweiz","Photovoltaik","Solarstrom","Sonnenenergie"],"articleSection":["SUSTAINABILITY"],"inLanguage":"de"},{"@type":"WebPage","@id":"https:\/\/www.organisator.ch\/sustainability\/2021-05-12\/pv-anlagen-viel-foerdergeld-und-weniger-buerokratie\/","url":"https:\/\/www.organisator.ch\/sustainability\/2021-05-12\/pv-anlagen-viel-foerdergeld-und-weniger-buerokratie\/","name":"PV-Anlagen: viel F\u00f6rdergeld und weniger B\u00fcrokratie - Organisator","isPartOf":{"@id":"https:\/\/www.organisator.ch\/#website"},"primaryImageOfPage":{"@id":"https:\/\/www.organisator.ch\/sustainability\/2021-05-12\/pv-anlagen-viel-foerdergeld-und-weniger-buerokratie\/#primaryimage"},"image":{"@id":"https:\/\/www.organisator.ch\/sustainability\/2021-05-12\/pv-anlagen-viel-foerdergeld-und-weniger-buerokratie\/#primaryimage"},"thumbnailUrl":"https:\/\/www.organisator.ch\/wp-content\/uploads\/2021\/05\/Depositphotos_5111838_s-2019.jpg","datePublished":"2021-05-12T07:00:44+00:00","dateModified":"2022-02-09T10:06:08+00:00","breadcrumb":{"@id":"https:\/\/www.organisator.ch\/sustainability\/2021-05-12\/pv-anlagen-viel-foerdergeld-und-weniger-buerokratie\/#breadcrumb"},"inLanguage":"de","potentialAction":[{"@type":"ReadAction","target":["https:\/\/www.organisator.ch\/sustainability\/2021-05-12\/pv-anlagen-viel-foerdergeld-und-weniger-buerokratie\/"]}]},{"@type":"ImageObject","inLanguage":"de","@id":"https:\/\/www.organisator.ch\/sustainability\/2021-05-12\/pv-anlagen-viel-foerdergeld-und-weniger-buerokratie\/#primaryimage","url":"https:\/\/www.organisator.ch\/wp-content\/uploads\/2021\/05\/Depositphotos_5111838_s-2019.jpg","contentUrl":"https:\/\/www.organisator.ch\/wp-content\/uploads\/2021\/05\/Depositphotos_5111838_s-2019.jpg","width":999,"height":669,"caption":"\u00a9 Depositphotos, Smileus"},{"@type":"BreadcrumbList","@id":"https:\/\/www.organisator.ch\/sustainability\/2021-05-12\/pv-anlagen-viel-foerdergeld-und-weniger-buerokratie\/#breadcrumb","itemListElement":[{"@type":"ListItem","position":1,"name":"Home","item":"https:\/\/www.organisator.ch\/"},{"@type":"ListItem","position":2,"name":"PV-Anlagen: viel F\u00f6rdergeld und weniger B\u00fcrokratie"}]},{"@type":"WebSite","@id":"https:\/\/www.organisator.ch\/#website","url":"https:\/\/www.organisator.ch\/","name":"Organisator","description":"Kompetent. Praxisnah. Der ORGANISATOR bereitet in 10 Ausgaben pro Jahr die wesentlichen Themen f\u00fcr F\u00fchrungskr\u00e4fte von KMU auf.","publisher":{"@id":"https:\/\/www.organisator.ch\/#organization"},"potentialAction":[{"@type":"SearchAction","target":{"@type":"EntryPoint","urlTemplate":"https:\/\/www.organisator.ch\/?s={search_term_string}"},"query-input":{"@type":"PropertyValueSpecification","valueRequired":true,"valueName":"search_term_string"}}],"inLanguage":"de"},{"@type":"Organization","@id":"https:\/\/www.organisator.ch\/#organization","name":"Organisator","url":"https:\/\/www.organisator.ch\/","logo":{"@type":"ImageObject","inLanguage":"de","@id":"https:\/\/www.organisator.ch\/#\/schema\/logo\/image\/","url":"https:\/\/www.organisator.ch\/wp-content\/uploads\/2022\/01\/Logo_Organisator_Website.png","contentUrl":"https:\/\/www.organisator.ch\/wp-content\/uploads\/2022\/01\/Logo_Organisator_Website.png","width":800,"height":77,"caption":"Organisator"},"image":{"@id":"https:\/\/www.organisator.ch\/#\/schema\/logo\/image\/"},"sameAs":["https:\/\/www.facebook.com\/OrganisatorFachmagazin","https:\/\/www.linkedin.com\/showcase\/organisator-das-magazin-fr-kmu","https:\/\/www.xing.com\/news\/pages\/organisator-ch-695","https:\/\/www.youtube.com\/channel\/UCGP2Sq0iWaZwT3BdIAQFYpw"]},{"@type":"Person","@id":"https:\/\/www.organisator.ch\/#\/schema\/person\/a800b8c54e208b160517a7dcc323161d","name":"roger.straessle","image":{"@type":"ImageObject","inLanguage":"de","@id":"https:\/\/secure.gravatar.com\/avatar\/?s=96&d=mm&r=g","url":"https:\/\/secure.gravatar.com\/avatar\/?s=96&d=mm&r=g","contentUrl":"https:\/\/secure.gravatar.com\/avatar\/?s=96&d=mm&r=g","caption":"roger.straessle"},"url":"https:\/\/www.organisator.ch\/de\/author\/roger-straessle\/"}]}},"_links":{"self":[{"href":"https:\/\/www.organisator.ch\/de\/wp-json\/wp\/v2\/posts\/4206","targetHints":{"allow":["GET"]}}],"collection":[{"href":"https:\/\/www.organisator.ch\/de\/wp-json\/wp\/v2\/posts"}],"about":[{"href":"https:\/\/www.organisator.ch\/de\/wp-json\/wp\/v2\/types\/post"}],"author":[{"embeddable":true,"href":"https:\/\/www.organisator.ch\/de\/wp-json\/wp\/v2\/users\/6"}],"replies":[{"embeddable":true,"href":"https:\/\/www.organisator.ch\/de\/wp-json\/wp\/v2\/comments?post=4206"}],"version-history":[{"count":1,"href":"https:\/\/www.organisator.ch\/de\/wp-json\/wp\/v2\/posts\/4206\/revisions"}],"predecessor-version":[{"id":10482,"href":"https:\/\/www.organisator.ch\/de\/wp-json\/wp\/v2\/posts\/4206\/revisions\/10482"}],"wp:featuredmedia":[{"embeddable":true,"href":"https:\/\/www.organisator.ch\/de\/wp-json\/wp\/v2\/media\/9794"}],"wp:attachment":[{"href":"https:\/\/www.organisator.ch\/de\/wp-json\/wp\/v2\/media?parent=4206"}],"wp:term":[{"taxonomy":"category","embeddable":true,"href":"https:\/\/www.organisator.ch\/de\/wp-json\/wp\/v2\/categories?post=4206"},{"taxonomy":"post_tag","embeddable":true,"href":"https:\/\/www.organisator.ch\/de\/wp-json\/wp\/v2\/tags?post=4206"}],"curies":[{"name":"wp","href":"https:\/\/api.w.org\/{rel}","templated":true}]}}