{"id":4224,"date":"2018-09-10T08:39:29","date_gmt":"2018-09-10T06:39:29","guid":{"rendered":"https:\/\/www.organisator.ch\/?p=4224"},"modified":"2018-09-10T08:39:29","modified_gmt":"2018-09-10T06:39:29","slug":"networking-tag-2018-der-fhs-der-gute-koenig-demokratie-auf-dem-pruefstand","status":"publish","type":"post","link":"https:\/\/www.organisator.ch\/de\/allgemein\/2018-09-10\/networking-tag-2018-der-fhs-der-gute-koenig-demokratie-auf-dem-pruefstand\/","title":{"rendered":"Networking-Tag 2018 der FHS: Der gute K\u00f6nig &#8211; Demokratie auf dem Pr\u00fcfstand"},"content":{"rendered":"<figure id=\"attachment_4225\" aria-describedby=\"caption-attachment-4225\" style=\"width: 640px\" class=\"wp-caption alignnone\"><img loading=\"lazy\" decoding=\"async\" class=\"size-full wp-image-4225\" src=\"https:\/\/www.organisator.ch\/wp-content\/uploads\/2018\/09\/Networking-Tag-2018-der-FHS-Der-gute-Koenig-Demokratie-auf-dem-Pruefstand_Organisator.jpg\" alt=\"\" width=\"640\" height=\"427\" srcset=\"https:\/\/www.organisator.ch\/wp-content\/uploads\/2018\/09\/Networking-Tag-2018-der-FHS-Der-gute-Koenig-Demokratie-auf-dem-Pruefstand_Organisator.jpg 640w, https:\/\/www.organisator.ch\/wp-content\/uploads\/2018\/09\/Networking-Tag-2018-der-FHS-Der-gute-Koenig-Demokratie-auf-dem-Pruefstand_Organisator-16x12.jpg 16w, https:\/\/www.organisator.ch\/wp-content\/uploads\/2018\/09\/Networking-Tag-2018-der-FHS-Der-gute-Koenig-Demokratie-auf-dem-Pruefstand_Organisator-262x175.jpg 262w, https:\/\/www.organisator.ch\/wp-content\/uploads\/2018\/09\/Networking-Tag-2018-der-FHS-Der-gute-Koenig-Demokratie-auf-dem-Pruefstand_Organisator-525x350.jpg 525w, https:\/\/www.organisator.ch\/wp-content\/uploads\/2018\/09\/Networking-Tag-2018-der-FHS-Der-gute-Koenig-Demokratie-auf-dem-Pruefstand_Organisator-300x200.jpg 300w\" sizes=\"auto, (max-width: 640px) 100vw, 640px\" \/><figcaption id=\"caption-attachment-4225\" class=\"wp-caption-text\">Das Politpodium am\u00fcsierte: Michael Elsener sorgt f\u00fcr lachende Gesichter bei Andrea Caroni, Diana Gutjahr, Flavia Kleiner und Paul Rechsteiner (ab 2.v.l.), w\u00e4hrend sich Endo Anaconda (links) vor allem dem Publikum widmet. (Bild: Networkingtag)<\/figcaption><\/figure>\n<p>Platon war \u00fcberzeugt: Ein Staat sei nur dann gut regiert, wenn seine Herrscher der Philosophie nahe st\u00fcnden. \u00abDoch wie viele Politikerinnen und Politiker als Philosophen gibt es? Welche Anforderungen braucht es heute f\u00fcr die Politik? \u00d6ffnet das schwindende Interesse an der Demokratie T\u00fcren f\u00fcr andere Str\u00f6mungen?\u00bb Mit diesen und anderen Fragen er\u00f6ffnete Sebastian W\u00f6rwag, Rektor der Fachhochschule St.Gallen, den 14. Networking-Tag vom Freitag, 7. September, in den Olma Messen St.Gallen. Der Networking-Tag, der von der Ehemaligen-Organisation FHS Alumni organisiert wird, stand unter dem Motto \u00abDer gute K\u00f6nig. Demokratie auf dem Pr\u00fcfstand\u00bb.<\/p>\n<p>W\u00f6rwag lud die rund 650 Teilnehmenden ein, \u00fcber Demokratie und die Werte, die es f\u00fcr ein funktionierendes Miteinander braucht, nachzudenken. \u00abKlar, es h\u00e4tte auch &#8218;die gute K\u00f6nigin&#8216; heissen k\u00f6nnen\u00bb, sagte Sigmar Willi, Leiter der FHS Alumni. Aber das Zitat stamme nun einmal von Platon \u2013 und eine gendergerechte Schreibweise war vor 2500 Jahren kein Thema. Moderiert wurde der Anlass von Comedian und Polit-Blogger Michael Elsener, der mit spitzer Zunge und einer geh\u00f6rigen Portion Humor immer wieder f\u00fcr Lacher im Publikum und auf der B\u00fchne sorgte.<\/p>\n<h2>\u00abDie Demokratie wird lebendiger\u00bb<\/h2>\n<p>Ein H\u00f6hepunkt war das Politpodium, das mit FDP-St\u00e4nderat Andrea Caroni, SP-St\u00e4nderat Paul Rechsteiner, SVP-Nationalr\u00e4tin Diana Gutjahr, Politaktivistin Flavia Kleiner und Musiker Endo Anaconda hochkar\u00e4tig besetzt war. Caroni und Gutjahr waren f\u00fcr Petra G\u00f6ssi (Pr\u00e4sidentin FDP Schweiz) und Roland Rino B\u00fcchel (SVP-Nationalrat) eingesprungen, welche die Teilnahme kurzfristig absagen mussten. Bei der Diskussion ging es unter anderem darum, wie das Vertrauen der B\u00fcrgerinnen und B\u00fcrger in die Politik zur\u00fcckgewonnen und ihre Beteiligung an der Demokratie gesteigert werden kann.<\/p>\n<p>\u00abEs braucht eine staatsb\u00fcrgerliche Bildung, bei der kritisches Denken gef\u00f6rdert und eine Haltung entwickelt wird\u00bb, sagte Flavia Kleiner. Auch Diana Gutjahr bef\u00fcrwortet eine politische Bildung, nur sollten die Diskussionen nicht in der Schule stattfinden, sondern \u00abzuhause am K\u00fcchentisch\u00bb. Es sei Aufgabe der Politikerinnen und Politiker, die Leute f\u00fcrs W\u00e4hlen und Abstimmen zu motivieren \u2013 \u00abund zwar in Gespr\u00e4chen und nicht mittels Facebook-Post\u00bb, sagt die Thurgauer Nationalr\u00e4tin.<\/p>\n<p>F\u00fcr die Demokratie sahen die Podiumsteilnehmenden keineswegs schwarz. Im Gegenteil. \u00abDie Demokratie wird lebendiger\u00bb, sagte Andrea Caroni. Dank E-Collecting und E-Voting w\u00fcrden die Menschen k\u00fcnftig wieder verst\u00e4rkt am politischen Diskurs teilnehmen. Endo Anaconda glaubt, dass die \u00abZivilgesellschaft den Parteien ziemlich Dampf machen wird\u00bb, und das sei gut so. Paul Rechsteiner hofft, dass k\u00fcnftig alle, egal woher sie kommen, Chance auf politische Bildung haben. Die Politaktivistin und Co-Pr\u00e4sidentin der Operation Libero, Flavia Kleiner, w\u00fcnscht sich f\u00fcr die Demokratie der Zukunft: \u00abKalte Zeiten f\u00fcr nackte Despoten.\u00bb<\/p>\n<h2>Demokratie gestern, heute und morgen<\/h2>\n<p>Historiker Daniele Ganser sprach \u00fcber die Geschichte der Schweizer Demokratie und wie die politische Macht durch die Einf\u00fchrung der Zauberformel \u00abzerst\u00fcckelt\u00bb wurde. Er lobte den Dialog, \u00abauch bei kontroversen Ansichten, sollte man sich dem Diskurs stellen\u00bb, und kritisierte die Zusammenarbeit der Schweiz mit \u00abPartnership for Peace (PfP)\u00bb, dem \u00abKindergarten der Nato\u00bb, wie Ganser das B\u00fcndnis bezeichnete. PfP sei eine internationale Struktur, welche die USA auferlegt h\u00e4tten, um z\u00f6gerliche L\u00e4nder an die Nato anzugleichen, so Ganser. Wer mit denen kooperiere, k\u00f6nne nicht mehr als neutral bezeichnet werden.<\/p>\n<p>Einen Blick in die Zukunft wagte Nicola Forster, Gr\u00fcnder und Pr\u00e4sident des Think Tank \u00abforaus\u00bb. In seinem Referat zeigte er auf, wie Demokratie im Zeitalter der totalen Digitalisierung funktionieren kann. Dabei pl\u00e4dierte der junge Vision\u00e4r f\u00fcr eine Mitwirkungs- statt Abstimmungsdemokratie. \u00abMit k\u00fcnstlicher Intelligenz etwa k\u00f6nnen die Staatsdienstleistungen noch st\u00e4rker auf jeden Einzelnen zugeschnitten werden\u00bb, sagte Forster. \u00abDoch soweit ist die Schweiz noch nicht.\u00bb Es sei aber wichtig, dass \u00abwir diese Kompetenzen selber haben und nicht anderen \u00fcberlassen\u00bb.<\/p>\n<h2>Die Krise der Medien<\/h2>\n<p>Medien spielen in einer funktionierenden Demokratie eine wichtige Rolle. Oft werden sie auch als die \u00abvierte Gewalt\u00bb bezeichnet. Doch die Medien stecken in einem tiefen Transformationsprozess, die Medienlandschaft schrumpft. \u00abEs geht in eine Richtung, die uns nicht gef\u00e4llt\u00bb, sagt Daniel Binswanger, Co-Leiter Feuilleton des Online-Magazins Republik, der von Christof Moser die Rolle des \u00abVerfechters unabh\u00e4ngiger Medien\u00bb \u00fcbernommen hatte. \u00abDie Mittel werden aus den Medien abgezogen und in andere Bereiche gesteckt. Das ist schlecht f\u00fcr die Gesellschaft und schlecht f\u00fcr die Demokratie.\u00bb Marc Walder, CEO und Miteigent\u00fcmer von Ringier AG, sah das etwas anders: \u00abMedien m\u00fcssen sich diversifizieren, um eine Zukunft zu haben.\u00bb Er ist sich sicher, dass \u00abjene Medien, die heute zu mehr als 70 Prozent vom Journalismus abh\u00e4ngig sind, in zehn Jahren einen schweren Stand haben werden\u00bb.<\/p>\n<p><em>Weitere Informationen: <a href=\"http:\/\/www.networkingtag.ch\">www.networkingtag.ch<\/a><\/em><\/p>\n<p>&nbsp;<\/p>\n<p>&nbsp;<\/p>\n","protected":false},"excerpt":{"rendered":"<p>Platon war \u00fcberzeugt: Ein Staat sei nur dann gut regiert, wenn seine Herrscher der Philosophie nahe st\u00fcnden. \u00abDoch wie viele Politikerinnen und Politiker als Philosophen gibt es? Welche Anforderungen braucht es heute f\u00fcr die Politik? \u00d6ffnet das schwindende Interesse an der Demokratie T\u00fcren f\u00fcr andere Str\u00f6mungen?\u00bb Mit diesen und anderen Fragen er\u00f6ffnete Sebastian W\u00f6rwag, Rektor [&hellip;]<\/p>\n","protected":false},"author":4,"featured_media":4225,"comment_status":"open","ping_status":"open","sticky":false,"template":"","format":"standard","meta":{"_acf_changed":false,"_yoast_wpseo_focuskw":"Demokratie","_yoast_wpseo_metadesc":"Am diesj\u00e4hrigen Networking-Tag der Fachhochschule St.Gallen wurde von verschiedenen Referenten die Schweizer Demokratie auf den Pr\u00fcfstand gestellt.","articlekey":"","footnotes":""},"categories":[1],"tags":[334,386,502,531,533],"class_list":["post-4224","post","type-post","status-publish","format-standard","has-post-thumbnail","hentry","category-allgemein","tag-management","tag-politik","tag-veranstaltungen","tag-wirtschaftspolitik","tag-wissenschaft"],"acf":[],"yoast_head":"<!-- This site is optimized with the Yoast SEO plugin v27.5 - https:\/\/yoast.com\/product\/yoast-seo-wordpress\/ -->\n<title>Networking-Tag 2018 der FHS: Der gute K\u00f6nig - Demokratie auf dem Pr\u00fcfstand - Organisator<\/title>\n<meta name=\"description\" content=\"Am diesj\u00e4hrigen Networking-Tag der Fachhochschule St.Gallen wurde von verschiedenen Referenten die Schweizer Demokratie auf den Pr\u00fcfstand gestellt.\" \/>\n<meta name=\"robots\" content=\"index, follow, max-snippet:-1, max-image-preview:large, max-video-preview:-1\" \/>\n<link rel=\"canonical\" href=\"https:\/\/www.organisator.ch\/de\/allgemein\/2018-09-10\/networking-tag-2018-der-fhs-der-gute-koenig-demokratie-auf-dem-pruefstand\/\" \/>\n<meta property=\"og:locale\" content=\"de_DE\" \/>\n<meta property=\"og:type\" content=\"article\" \/>\n<meta property=\"og:title\" content=\"Networking-Tag 2018 der FHS: Der gute K\u00f6nig - Demokratie auf dem Pr\u00fcfstand\" \/>\n<meta property=\"og:description\" content=\"Am diesj\u00e4hrigen Networking-Tag der Fachhochschule St.Gallen wurde von verschiedenen Referenten die Schweizer Demokratie auf den Pr\u00fcfstand gestellt.\" \/>\n<meta property=\"og:url\" content=\"https:\/\/www.organisator.ch\/de\/allgemein\/2018-09-10\/networking-tag-2018-der-fhs-der-gute-koenig-demokratie-auf-dem-pruefstand\/\" \/>\n<meta property=\"og:site_name\" content=\"Organisator\" \/>\n<meta property=\"article:publisher\" content=\"https:\/\/www.facebook.com\/OrganisatorFachmagazin\" \/>\n<meta property=\"article:published_time\" content=\"2018-09-10T06:39:29+00:00\" \/>\n<meta property=\"og:image\" content=\"https:\/\/www.organisator.ch\/wp-content\/uploads\/2018\/09\/Networking-Tag-2018-der-FHS-Der-gute-Koenig-Demokratie-auf-dem-Pruefstand_Organisator.jpg\" \/>\n\t<meta property=\"og:image:width\" content=\"640\" \/>\n\t<meta property=\"og:image:height\" content=\"427\" \/>\n\t<meta property=\"og:image:type\" content=\"image\/jpeg\" \/>\n<meta name=\"author\" content=\"thomas.berner\" \/>\n<meta name=\"twitter:card\" content=\"summary_large_image\" \/>\n<meta name=\"twitter:title\" content=\"#Networking-Tag 2018 der FHS: Der gute K\u00f6nig - Demokratie auf dem Pr\u00fcfstand\" \/>\n<meta name=\"twitter:description\" content=\"Am diesj\u00e4hrigen #Networking-Tag der Fachhochschule St.Gallen wurde von verschiedenen Referenten die Schweizer Demokratie auf den Pr\u00fcfstand gestellt.\" \/>\n<meta name=\"twitter:image\" content=\"https:\/\/www.organisator.ch\/wp-content\/uploads\/2018\/09\/Networking-Tag-2018-der-FHS-Der-gute-K\u00f6nig-Demokratie-auf-dem-Pr\u00fcfstand_Organisator.jpg\" \/>\n<script type=\"application\/ld+json\" class=\"yoast-schema-graph\">{\"@context\":\"https:\\\/\\\/schema.org\",\"@graph\":[{\"@type\":\"Article\",\"@id\":\"https:\\\/\\\/www.organisator.ch\\\/de\\\/allgemein\\\/2018-09-10\\\/networking-tag-2018-der-fhs-der-gute-koenig-demokratie-auf-dem-pruefstand\\\/#article\",\"isPartOf\":{\"@id\":\"https:\\\/\\\/www.organisator.ch\\\/de\\\/allgemein\\\/2018-09-10\\\/networking-tag-2018-der-fhs-der-gute-koenig-demokratie-auf-dem-pruefstand\\\/\"},\"author\":{\"name\":\"thomas.berner\",\"@id\":\"https:\\\/\\\/www.organisator.ch\\\/#\\\/schema\\\/person\\\/6f650f90b2842cd4c0cc334b4e36f67e\"},\"headline\":\"Networking-Tag 2018 der FHS: Der gute K\u00f6nig &#8211; Demokratie auf dem Pr\u00fcfstand\",\"datePublished\":\"2018-09-10T06:39:29+00:00\",\"mainEntityOfPage\":{\"@id\":\"https:\\\/\\\/www.organisator.ch\\\/de\\\/allgemein\\\/2018-09-10\\\/networking-tag-2018-der-fhs-der-gute-koenig-demokratie-auf-dem-pruefstand\\\/\"},\"wordCount\":833,\"commentCount\":0,\"publisher\":{\"@id\":\"https:\\\/\\\/www.organisator.ch\\\/#organization\"},\"image\":{\"@id\":\"https:\\\/\\\/www.organisator.ch\\\/de\\\/allgemein\\\/2018-09-10\\\/networking-tag-2018-der-fhs-der-gute-koenig-demokratie-auf-dem-pruefstand\\\/#primaryimage\"},\"thumbnailUrl\":\"https:\\\/\\\/www.organisator.ch\\\/wp-content\\\/uploads\\\/2018\\\/09\\\/Networking-Tag-2018-der-FHS-Der-gute-Koenig-Demokratie-auf-dem-Pruefstand_Organisator.jpg\",\"keywords\":[\"Management\",\"Politik\",\"Veranstaltungen\",\"Wirtschaftspolitik\",\"Wissenschaft\"],\"inLanguage\":\"de\"},{\"@type\":\"WebPage\",\"@id\":\"https:\\\/\\\/www.organisator.ch\\\/de\\\/allgemein\\\/2018-09-10\\\/networking-tag-2018-der-fhs-der-gute-koenig-demokratie-auf-dem-pruefstand\\\/\",\"url\":\"https:\\\/\\\/www.organisator.ch\\\/de\\\/allgemein\\\/2018-09-10\\\/networking-tag-2018-der-fhs-der-gute-koenig-demokratie-auf-dem-pruefstand\\\/\",\"name\":\"Networking-Tag 2018 der FHS: Der gute K\u00f6nig - Demokratie auf dem Pr\u00fcfstand - Organisator\",\"isPartOf\":{\"@id\":\"https:\\\/\\\/www.organisator.ch\\\/#website\"},\"primaryImageOfPage\":{\"@id\":\"https:\\\/\\\/www.organisator.ch\\\/de\\\/allgemein\\\/2018-09-10\\\/networking-tag-2018-der-fhs-der-gute-koenig-demokratie-auf-dem-pruefstand\\\/#primaryimage\"},\"image\":{\"@id\":\"https:\\\/\\\/www.organisator.ch\\\/de\\\/allgemein\\\/2018-09-10\\\/networking-tag-2018-der-fhs-der-gute-koenig-demokratie-auf-dem-pruefstand\\\/#primaryimage\"},\"thumbnailUrl\":\"https:\\\/\\\/www.organisator.ch\\\/wp-content\\\/uploads\\\/2018\\\/09\\\/Networking-Tag-2018-der-FHS-Der-gute-Koenig-Demokratie-auf-dem-Pruefstand_Organisator.jpg\",\"datePublished\":\"2018-09-10T06:39:29+00:00\",\"description\":\"Am diesj\u00e4hrigen Networking-Tag der Fachhochschule St.Gallen wurde von verschiedenen Referenten die Schweizer Demokratie auf den Pr\u00fcfstand gestellt.\",\"breadcrumb\":{\"@id\":\"https:\\\/\\\/www.organisator.ch\\\/de\\\/allgemein\\\/2018-09-10\\\/networking-tag-2018-der-fhs-der-gute-koenig-demokratie-auf-dem-pruefstand\\\/#breadcrumb\"},\"inLanguage\":\"de\",\"potentialAction\":[{\"@type\":\"ReadAction\",\"target\":[\"https:\\\/\\\/www.organisator.ch\\\/de\\\/allgemein\\\/2018-09-10\\\/networking-tag-2018-der-fhs-der-gute-koenig-demokratie-auf-dem-pruefstand\\\/\"]}]},{\"@type\":\"ImageObject\",\"inLanguage\":\"de\",\"@id\":\"https:\\\/\\\/www.organisator.ch\\\/de\\\/allgemein\\\/2018-09-10\\\/networking-tag-2018-der-fhs-der-gute-koenig-demokratie-auf-dem-pruefstand\\\/#primaryimage\",\"url\":\"https:\\\/\\\/www.organisator.ch\\\/wp-content\\\/uploads\\\/2018\\\/09\\\/Networking-Tag-2018-der-FHS-Der-gute-Koenig-Demokratie-auf-dem-Pruefstand_Organisator.jpg\",\"contentUrl\":\"https:\\\/\\\/www.organisator.ch\\\/wp-content\\\/uploads\\\/2018\\\/09\\\/Networking-Tag-2018-der-FHS-Der-gute-Koenig-Demokratie-auf-dem-Pruefstand_Organisator.jpg\",\"width\":640,\"height\":427,\"caption\":\"Das Politpodium am\u00fcsierte: Michael Elsener sorgt f\u00fcr lachende Gesichter bei Andrea Caroni, Diana Gutjahr, Flavia Kleiner und Paul Rechsteiner (ab 2.v.l.), w\u00e4hrend sich Endo Anaconda (links) vor allem dem Publikum widmet. (Bild: Networkingtag)\"},{\"@type\":\"BreadcrumbList\",\"@id\":\"https:\\\/\\\/www.organisator.ch\\\/de\\\/allgemein\\\/2018-09-10\\\/networking-tag-2018-der-fhs-der-gute-koenig-demokratie-auf-dem-pruefstand\\\/#breadcrumb\",\"itemListElement\":[{\"@type\":\"ListItem\",\"position\":1,\"name\":\"Home\",\"item\":\"https:\\\/\\\/www.organisator.ch\\\/\"},{\"@type\":\"ListItem\",\"position\":2,\"name\":\"Networking-Tag 2018 der FHS: Der gute K\u00f6nig &#8211; Demokratie auf dem Pr\u00fcfstand\"}]},{\"@type\":\"WebSite\",\"@id\":\"https:\\\/\\\/www.organisator.ch\\\/#website\",\"url\":\"https:\\\/\\\/www.organisator.ch\\\/\",\"name\":\"Organisator\",\"description\":\"Kompetent. Praxisnah. Der ORGANISATOR bereitet in 10 Ausgaben pro Jahr die wesentlichen Themen f\u00fcr F\u00fchrungskr\u00e4fte von KMU auf.\",\"publisher\":{\"@id\":\"https:\\\/\\\/www.organisator.ch\\\/#organization\"},\"potentialAction\":[{\"@type\":\"SearchAction\",\"target\":{\"@type\":\"EntryPoint\",\"urlTemplate\":\"https:\\\/\\\/www.organisator.ch\\\/?s={search_term_string}\"},\"query-input\":{\"@type\":\"PropertyValueSpecification\",\"valueRequired\":true,\"valueName\":\"search_term_string\"}}],\"inLanguage\":\"de\"},{\"@type\":\"Organization\",\"@id\":\"https:\\\/\\\/www.organisator.ch\\\/#organization\",\"name\":\"Organisator\",\"url\":\"https:\\\/\\\/www.organisator.ch\\\/\",\"logo\":{\"@type\":\"ImageObject\",\"inLanguage\":\"de\",\"@id\":\"https:\\\/\\\/www.organisator.ch\\\/#\\\/schema\\\/logo\\\/image\\\/\",\"url\":\"https:\\\/\\\/www.organisator.ch\\\/wp-content\\\/uploads\\\/2022\\\/01\\\/Logo_Organisator_Website.png\",\"contentUrl\":\"https:\\\/\\\/www.organisator.ch\\\/wp-content\\\/uploads\\\/2022\\\/01\\\/Logo_Organisator_Website.png\",\"width\":800,\"height\":77,\"caption\":\"Organisator\"},\"image\":{\"@id\":\"https:\\\/\\\/www.organisator.ch\\\/#\\\/schema\\\/logo\\\/image\\\/\"},\"sameAs\":[\"https:\\\/\\\/www.facebook.com\\\/OrganisatorFachmagazin\",\"https:\\\/\\\/www.linkedin.com\\\/showcase\\\/organisator-das-magazin-fr-kmu\",\"https:\\\/\\\/www.xing.com\\\/news\\\/pages\\\/organisator-ch-695\",\"https:\\\/\\\/www.youtube.com\\\/channel\\\/UCGP2Sq0iWaZwT3BdIAQFYpw\"]},{\"@type\":\"Person\",\"@id\":\"https:\\\/\\\/www.organisator.ch\\\/#\\\/schema\\\/person\\\/6f650f90b2842cd4c0cc334b4e36f67e\",\"name\":\"thomas.berner\",\"image\":{\"@type\":\"ImageObject\",\"inLanguage\":\"de\",\"@id\":\"https:\\\/\\\/secure.gravatar.com\\\/avatar\\\/ac5001d2a36cb6c6cd3e50789007ffca834b477b74a2144564522e944eabff61?s=96&d=mm&r=g\",\"url\":\"https:\\\/\\\/secure.gravatar.com\\\/avatar\\\/ac5001d2a36cb6c6cd3e50789007ffca834b477b74a2144564522e944eabff61?s=96&d=mm&r=g\",\"contentUrl\":\"https:\\\/\\\/secure.gravatar.com\\\/avatar\\\/ac5001d2a36cb6c6cd3e50789007ffca834b477b74a2144564522e944eabff61?s=96&d=mm&r=g\",\"caption\":\"thomas.berner\"},\"url\":\"https:\\\/\\\/www.organisator.ch\\\/de\\\/author\\\/thomas-berner\\\/\"}]}<\/script>\n<!-- \/ Yoast SEO plugin. -->","yoast_head_json":{"title":"Networking-Tag 2018 der FHS: Der gute K\u00f6nig - Demokratie auf dem Pr\u00fcfstand - Organisator","description":"Am diesj\u00e4hrigen Networking-Tag der Fachhochschule St.Gallen wurde von verschiedenen Referenten die Schweizer Demokratie auf den Pr\u00fcfstand gestellt.","robots":{"index":"index","follow":"follow","max-snippet":"max-snippet:-1","max-image-preview":"max-image-preview:large","max-video-preview":"max-video-preview:-1"},"canonical":"https:\/\/www.organisator.ch\/de\/allgemein\/2018-09-10\/networking-tag-2018-der-fhs-der-gute-koenig-demokratie-auf-dem-pruefstand\/","og_locale":"de_DE","og_type":"article","og_title":"Networking-Tag 2018 der FHS: Der gute K\u00f6nig - Demokratie auf dem Pr\u00fcfstand","og_description":"Am diesj\u00e4hrigen Networking-Tag der Fachhochschule St.Gallen wurde von verschiedenen Referenten die Schweizer Demokratie auf den Pr\u00fcfstand gestellt.","og_url":"https:\/\/www.organisator.ch\/de\/allgemein\/2018-09-10\/networking-tag-2018-der-fhs-der-gute-koenig-demokratie-auf-dem-pruefstand\/","og_site_name":"Organisator","article_publisher":"https:\/\/www.facebook.com\/OrganisatorFachmagazin","article_published_time":"2018-09-10T06:39:29+00:00","og_image":[{"width":640,"height":427,"url":"https:\/\/www.organisator.ch\/wp-content\/uploads\/2018\/09\/Networking-Tag-2018-der-FHS-Der-gute-Koenig-Demokratie-auf-dem-Pruefstand_Organisator.jpg","type":"image\/jpeg"}],"author":"thomas.berner","twitter_card":"summary_large_image","twitter_title":"#Networking-Tag 2018 der FHS: Der gute K\u00f6nig - Demokratie auf dem Pr\u00fcfstand","twitter_description":"Am diesj\u00e4hrigen #Networking-Tag der Fachhochschule St.Gallen wurde von verschiedenen Referenten die Schweizer Demokratie auf den Pr\u00fcfstand gestellt.","twitter_image":"https:\/\/www.organisator.ch\/wp-content\/uploads\/2018\/09\/Networking-Tag-2018-der-FHS-Der-gute-K\u00f6nig-Demokratie-auf-dem-Pr\u00fcfstand_Organisator.jpg","schema":{"@context":"https:\/\/schema.org","@graph":[{"@type":"Article","@id":"https:\/\/www.organisator.ch\/de\/allgemein\/2018-09-10\/networking-tag-2018-der-fhs-der-gute-koenig-demokratie-auf-dem-pruefstand\/#article","isPartOf":{"@id":"https:\/\/www.organisator.ch\/de\/allgemein\/2018-09-10\/networking-tag-2018-der-fhs-der-gute-koenig-demokratie-auf-dem-pruefstand\/"},"author":{"name":"thomas.berner","@id":"https:\/\/www.organisator.ch\/#\/schema\/person\/6f650f90b2842cd4c0cc334b4e36f67e"},"headline":"Networking-Tag 2018 der FHS: Der gute K\u00f6nig &#8211; Demokratie auf dem Pr\u00fcfstand","datePublished":"2018-09-10T06:39:29+00:00","mainEntityOfPage":{"@id":"https:\/\/www.organisator.ch\/de\/allgemein\/2018-09-10\/networking-tag-2018-der-fhs-der-gute-koenig-demokratie-auf-dem-pruefstand\/"},"wordCount":833,"commentCount":0,"publisher":{"@id":"https:\/\/www.organisator.ch\/#organization"},"image":{"@id":"https:\/\/www.organisator.ch\/de\/allgemein\/2018-09-10\/networking-tag-2018-der-fhs-der-gute-koenig-demokratie-auf-dem-pruefstand\/#primaryimage"},"thumbnailUrl":"https:\/\/www.organisator.ch\/wp-content\/uploads\/2018\/09\/Networking-Tag-2018-der-FHS-Der-gute-Koenig-Demokratie-auf-dem-Pruefstand_Organisator.jpg","keywords":["Management","Politik","Veranstaltungen","Wirtschaftspolitik","Wissenschaft"],"inLanguage":"de"},{"@type":"WebPage","@id":"https:\/\/www.organisator.ch\/de\/allgemein\/2018-09-10\/networking-tag-2018-der-fhs-der-gute-koenig-demokratie-auf-dem-pruefstand\/","url":"https:\/\/www.organisator.ch\/de\/allgemein\/2018-09-10\/networking-tag-2018-der-fhs-der-gute-koenig-demokratie-auf-dem-pruefstand\/","name":"Networking-Tag 2018 der FHS: Der gute K\u00f6nig - Demokratie auf dem Pr\u00fcfstand - Organisator","isPartOf":{"@id":"https:\/\/www.organisator.ch\/#website"},"primaryImageOfPage":{"@id":"https:\/\/www.organisator.ch\/de\/allgemein\/2018-09-10\/networking-tag-2018-der-fhs-der-gute-koenig-demokratie-auf-dem-pruefstand\/#primaryimage"},"image":{"@id":"https:\/\/www.organisator.ch\/de\/allgemein\/2018-09-10\/networking-tag-2018-der-fhs-der-gute-koenig-demokratie-auf-dem-pruefstand\/#primaryimage"},"thumbnailUrl":"https:\/\/www.organisator.ch\/wp-content\/uploads\/2018\/09\/Networking-Tag-2018-der-FHS-Der-gute-Koenig-Demokratie-auf-dem-Pruefstand_Organisator.jpg","datePublished":"2018-09-10T06:39:29+00:00","description":"Am diesj\u00e4hrigen Networking-Tag der Fachhochschule St.Gallen wurde von verschiedenen Referenten die Schweizer Demokratie auf den Pr\u00fcfstand gestellt.","breadcrumb":{"@id":"https:\/\/www.organisator.ch\/de\/allgemein\/2018-09-10\/networking-tag-2018-der-fhs-der-gute-koenig-demokratie-auf-dem-pruefstand\/#breadcrumb"},"inLanguage":"de","potentialAction":[{"@type":"ReadAction","target":["https:\/\/www.organisator.ch\/de\/allgemein\/2018-09-10\/networking-tag-2018-der-fhs-der-gute-koenig-demokratie-auf-dem-pruefstand\/"]}]},{"@type":"ImageObject","inLanguage":"de","@id":"https:\/\/www.organisator.ch\/de\/allgemein\/2018-09-10\/networking-tag-2018-der-fhs-der-gute-koenig-demokratie-auf-dem-pruefstand\/#primaryimage","url":"https:\/\/www.organisator.ch\/wp-content\/uploads\/2018\/09\/Networking-Tag-2018-der-FHS-Der-gute-Koenig-Demokratie-auf-dem-Pruefstand_Organisator.jpg","contentUrl":"https:\/\/www.organisator.ch\/wp-content\/uploads\/2018\/09\/Networking-Tag-2018-der-FHS-Der-gute-Koenig-Demokratie-auf-dem-Pruefstand_Organisator.jpg","width":640,"height":427,"caption":"Das Politpodium am\u00fcsierte: Michael Elsener sorgt f\u00fcr lachende Gesichter bei Andrea Caroni, Diana Gutjahr, Flavia Kleiner und Paul Rechsteiner (ab 2.v.l.), w\u00e4hrend sich Endo Anaconda (links) vor allem dem Publikum widmet. (Bild: Networkingtag)"},{"@type":"BreadcrumbList","@id":"https:\/\/www.organisator.ch\/de\/allgemein\/2018-09-10\/networking-tag-2018-der-fhs-der-gute-koenig-demokratie-auf-dem-pruefstand\/#breadcrumb","itemListElement":[{"@type":"ListItem","position":1,"name":"Home","item":"https:\/\/www.organisator.ch\/"},{"@type":"ListItem","position":2,"name":"Networking-Tag 2018 der FHS: Der gute K\u00f6nig &#8211; Demokratie auf dem Pr\u00fcfstand"}]},{"@type":"WebSite","@id":"https:\/\/www.organisator.ch\/#website","url":"https:\/\/www.organisator.ch\/","name":"Organisator","description":"Kompetent. Praxisnah. Der ORGANISATOR bereitet in 10 Ausgaben pro Jahr die wesentlichen Themen f\u00fcr F\u00fchrungskr\u00e4fte von KMU auf.","publisher":{"@id":"https:\/\/www.organisator.ch\/#organization"},"potentialAction":[{"@type":"SearchAction","target":{"@type":"EntryPoint","urlTemplate":"https:\/\/www.organisator.ch\/?s={search_term_string}"},"query-input":{"@type":"PropertyValueSpecification","valueRequired":true,"valueName":"search_term_string"}}],"inLanguage":"de"},{"@type":"Organization","@id":"https:\/\/www.organisator.ch\/#organization","name":"Organisator","url":"https:\/\/www.organisator.ch\/","logo":{"@type":"ImageObject","inLanguage":"de","@id":"https:\/\/www.organisator.ch\/#\/schema\/logo\/image\/","url":"https:\/\/www.organisator.ch\/wp-content\/uploads\/2022\/01\/Logo_Organisator_Website.png","contentUrl":"https:\/\/www.organisator.ch\/wp-content\/uploads\/2022\/01\/Logo_Organisator_Website.png","width":800,"height":77,"caption":"Organisator"},"image":{"@id":"https:\/\/www.organisator.ch\/#\/schema\/logo\/image\/"},"sameAs":["https:\/\/www.facebook.com\/OrganisatorFachmagazin","https:\/\/www.linkedin.com\/showcase\/organisator-das-magazin-fr-kmu","https:\/\/www.xing.com\/news\/pages\/organisator-ch-695","https:\/\/www.youtube.com\/channel\/UCGP2Sq0iWaZwT3BdIAQFYpw"]},{"@type":"Person","@id":"https:\/\/www.organisator.ch\/#\/schema\/person\/6f650f90b2842cd4c0cc334b4e36f67e","name":"thomas.berner","image":{"@type":"ImageObject","inLanguage":"de","@id":"https:\/\/secure.gravatar.com\/avatar\/ac5001d2a36cb6c6cd3e50789007ffca834b477b74a2144564522e944eabff61?s=96&d=mm&r=g","url":"https:\/\/secure.gravatar.com\/avatar\/ac5001d2a36cb6c6cd3e50789007ffca834b477b74a2144564522e944eabff61?s=96&d=mm&r=g","contentUrl":"https:\/\/secure.gravatar.com\/avatar\/ac5001d2a36cb6c6cd3e50789007ffca834b477b74a2144564522e944eabff61?s=96&d=mm&r=g","caption":"thomas.berner"},"url":"https:\/\/www.organisator.ch\/de\/author\/thomas-berner\/"}]}},"_links":{"self":[{"href":"https:\/\/www.organisator.ch\/de\/wp-json\/wp\/v2\/posts\/4224","targetHints":{"allow":["GET"]}}],"collection":[{"href":"https:\/\/www.organisator.ch\/de\/wp-json\/wp\/v2\/posts"}],"about":[{"href":"https:\/\/www.organisator.ch\/de\/wp-json\/wp\/v2\/types\/post"}],"author":[{"embeddable":true,"href":"https:\/\/www.organisator.ch\/de\/wp-json\/wp\/v2\/users\/4"}],"replies":[{"embeddable":true,"href":"https:\/\/www.organisator.ch\/de\/wp-json\/wp\/v2\/comments?post=4224"}],"version-history":[{"count":0,"href":"https:\/\/www.organisator.ch\/de\/wp-json\/wp\/v2\/posts\/4224\/revisions"}],"wp:featuredmedia":[{"embeddable":true,"href":"https:\/\/www.organisator.ch\/de\/wp-json\/wp\/v2\/media\/4225"}],"wp:attachment":[{"href":"https:\/\/www.organisator.ch\/de\/wp-json\/wp\/v2\/media?parent=4224"}],"wp:term":[{"taxonomy":"category","embeddable":true,"href":"https:\/\/www.organisator.ch\/de\/wp-json\/wp\/v2\/categories?post=4224"},{"taxonomy":"post_tag","embeddable":true,"href":"https:\/\/www.organisator.ch\/de\/wp-json\/wp\/v2\/tags?post=4224"}],"curies":[{"name":"wp","href":"https:\/\/api.w.org\/{rel}","templated":true}]}}