{"id":42284,"date":"2025-11-26T09:26:57","date_gmt":"2025-11-26T08:26:57","guid":{"rendered":"https:\/\/www.organisator.ch\/?p=42284"},"modified":"2025-11-26T09:26:57","modified_gmt":"2025-11-26T08:26:57","slug":"mem-kmu-zeigen-ausdauer-aber-kein-aufschwung-in-sicht","status":"publish","type":"post","link":"https:\/\/www.organisator.ch\/de\/management\/2025-11-26\/mem-kmu-zeigen-ausdauer-aber-kein-aufschwung-in-sicht\/","title":{"rendered":"MEM-KMU zeigen Ausdauer, aber kein Aufschwung in Sicht"},"content":{"rendered":"<figure id=\"attachment_42285\" aria-describedby=\"caption-attachment-42285\" style=\"width: 680px\" class=\"wp-caption alignnone\"><img loading=\"lazy\" decoding=\"async\" class=\"size-full wp-image-42285\" src=\"https:\/\/www.organisator.ch\/wp-content\/uploads\/2025\/11\/MEM-KMU-zeigen-Ausdauer-aber-kein-Aufschwung-in-Sicht_Organsiator.jpg\" alt=\"\" width=\"680\" height=\"453\" srcset=\"https:\/\/www.organisator.ch\/wp-content\/uploads\/2025\/11\/MEM-KMU-zeigen-Ausdauer-aber-kein-Aufschwung-in-Sicht_Organsiator.jpg 680w, https:\/\/www.organisator.ch\/wp-content\/uploads\/2025\/11\/MEM-KMU-zeigen-Ausdauer-aber-kein-Aufschwung-in-Sicht_Organsiator-18x12.jpg 18w, https:\/\/www.organisator.ch\/wp-content\/uploads\/2025\/11\/MEM-KMU-zeigen-Ausdauer-aber-kein-Aufschwung-in-Sicht_Organsiator-375x250.jpg 375w, https:\/\/www.organisator.ch\/wp-content\/uploads\/2025\/11\/MEM-KMU-zeigen-Ausdauer-aber-kein-Aufschwung-in-Sicht_Organsiator-525x350.jpg 525w\" sizes=\"auto, (max-width: 680px) 100vw, 680px\" \/><figcaption id=\"caption-attachment-42285\" class=\"wp-caption-text\">Die Schweizer MEM-KMU k\u00e4mpfen weiter, doch ein Wiederaufschwung ist vorerst nicht in Sicht. (Bild: Unsplash.com)<\/figcaption><\/figure>\n<p>Die MEM-KMU stehen weiterhin unter Druck \u2013 gepr\u00e4gt von schwacher Nachfrage, der anhaltenden St\u00e4rke des Schweizer Frankens und den Folgen der US-Z\u00f6lle, die seit Sommer sp\u00fcrbar belasten. Der Zolldeal mit den USA bringt zwar Entlastung \u2013 zum Zeitpunkt der Erhebung waren die hohen Z\u00f6lle jedoch noch voll wirksam.<\/p>\n<h3>Margenerosion h\u00e4lt an<\/h3>\n<p>Rund die H\u00e4lfte der Betriebe meldet r\u00fcckl\u00e4ufige Auftragseing\u00e4nge und Ums\u00e4tze. Nur jedes f\u00fcnfte Unternehmen berichtet von steigenden Auftr\u00e4gen und Ums\u00e4tzen, lediglich jedes siebte KMU von steigenden Margen. Die Margenerosion h\u00e4lt nun bereits seit drei Jahren unvermindert an und schr\u00e4nkt die Investitionsm\u00f6glichkeiten vieler Unternehmen ein. Jedes vierte Unternehmen muss aufgrund Finanzierungsrestriktionen geplante Investitionen aufschieben. Bei den meisten von diesen Unternehmen fehlen die Eigenmittel daf\u00fcr. \u00abUnsere KMU sind keine Kurzstreckenl\u00e4ufer. Sie beweisen seit Jahren, dass sie auch auf langen Distanzen durchhalten \u2013 von der Energiekrise \u00fcber die Pandemie bis zu den aktuellen Z\u00f6llen. Doch jetzt braucht es stabile Rahmenbedingungen, damit dieser Marathon nicht endlos wird\u00bb, sagt Nicola Tettamanti, Pr\u00e4sident von Swissmechanic.<\/p>\n<p>Die Kapazit\u00e4tsauslastung bleibt gem\u00e4ss Swissmechanic unter dem mehrj\u00e4hrigen Durchschnitt. Zwar verf\u00fcgen 71 Prozent der Unternehmen \u00fcber Auftr\u00e4ge f\u00fcr die n\u00e4chsten vier Wochen, doch nur ein Viertel kann die Produktion l\u00e4nger als zw\u00f6lf Wochen sichern. Auch der Anteil der Betriebe mit Kurzarbeit ist gestiegen: Aktuell nutzen 21 Prozent dieses Instrument, bei \u00fcber der H\u00e4lfte betrifft es mehr als 40 Prozent der Mitarbeitenden.<\/p>\n<h3>KMU zeigen sich anpassungsf\u00e4hig<\/h3>\n<p>Trotz dieser Belastungen zeigen viele MEM-KMU eine bemerkenswerte Widerstandskraft und Anpassungsf\u00e4higkeit. Vier von zehn Unternehmen haben bereits Massnahmen zur Stabilisierung umgesetzt \u2013 von Prozess- und Kostenoptimierungen bis zur Erschliessung neuer M\u00e4rkte in Europa. Swissmechanic-Direktor Erich Sannemann betont: \u00abUnsere Mitglieder denken unternehmerisch, handeln l\u00f6sungsorientiert und bleiben innovativ \u2013 auch unter Druck. Doch ohne gezielte Entlastungen und Investitionsanreize droht die Wettbewerbsf\u00e4higkeit langfristig zu erodieren. Jetzt braucht es klare Signale aus Politik und Wirtschaft.\u00bb<\/p>\n<p><em>Quelle: <a href=\"http:\/\/www.swissmechanic.ch\">Swissmechanic<\/a><\/em><\/p>\n","protected":false},"excerpt":{"rendered":"<p>Drei von vier Unternehmen der Maschinen-, Elektro- und Metallindustrie beurteilen ihre aktuelle Lage als ung\u00fcnstig. Das zeigt der neue Swissmechanic Wirtschaftsbarometer. <\/p>\n","protected":false},"author":4,"featured_media":42285,"comment_status":"closed","ping_status":"closed","sticky":false,"template":"","format":"standard","meta":{"_acf_changed":false,"_yoast_wpseo_focuskw":"Aufschwung","_yoast_wpseo_metadesc":"Kein Aufschwung in Sicht: Gem\u00e4ss Swissmechanic beurteilen drei von vier MEM-Unternehmen ihre aktuelle Lage als ung\u00fcnstig.","articlekey":"","footnotes":""},"categories":[28],"tags":[310,335,5506,503,531],"class_list":["post-42284","post","type-post","status-publish","format-standard","has-post-thumbnail","hentry","category-management","tag-konjunktur","tag-management-und-unternehmensfuehrung","tag-mem-industrie","tag-verbaende","tag-wirtschaftspolitik"],"acf":[],"yoast_head":"<!-- This site is optimized with the Yoast SEO plugin v27.5 - https:\/\/yoast.com\/product\/yoast-seo-wordpress\/ -->\n<title>MEM-KMU zeigen Ausdauer, aber kein Aufschwung in Sicht - Organisator<\/title>\n<meta name=\"description\" content=\"Kein Aufschwung in Sicht: Gem\u00e4ss Swissmechanic beurteilen drei von vier MEM-Unternehmen ihre aktuelle Lage als ung\u00fcnstig.\" \/>\n<meta name=\"robots\" content=\"index, follow, max-snippet:-1, max-image-preview:large, max-video-preview:-1\" \/>\n<link rel=\"canonical\" href=\"https:\/\/www.organisator.ch\/de\/management\/2025-11-26\/mem-kmu-zeigen-ausdauer-aber-kein-aufschwung-in-sicht\/\" \/>\n<meta property=\"og:locale\" content=\"de_DE\" \/>\n<meta property=\"og:type\" content=\"article\" \/>\n<meta property=\"og:title\" content=\"MEM-KMU zeigen Ausdauer, aber kein Aufschwung in Sicht\" \/>\n<meta property=\"og:description\" content=\"Kein Aufschwung in Sicht: Gem\u00e4ss Swissmechanic beurteilen drei von vier MEM-Unternehmen ihre aktuelle Lage als ung\u00fcnstig.\" \/>\n<meta property=\"og:url\" content=\"https:\/\/www.organisator.ch\/de\/management\/2025-11-26\/mem-kmu-zeigen-ausdauer-aber-kein-aufschwung-in-sicht\/\" \/>\n<meta property=\"og:site_name\" content=\"Organisator\" \/>\n<meta property=\"article:publisher\" content=\"https:\/\/www.facebook.com\/OrganisatorFachmagazin\" \/>\n<meta property=\"article:published_time\" content=\"2025-11-26T08:26:57+00:00\" \/>\n<meta property=\"og:image\" content=\"https:\/\/www.organisator.ch\/wp-content\/uploads\/2025\/11\/MEM-KMU-zeigen-Ausdauer-aber-kein-Aufschwung-in-Sicht_Organsiator.jpg\" \/>\n\t<meta property=\"og:image:width\" content=\"680\" \/>\n\t<meta property=\"og:image:height\" content=\"453\" \/>\n\t<meta property=\"og:image:type\" content=\"image\/jpeg\" \/>\n<meta name=\"author\" content=\"thomas.berner\" \/>\n<meta name=\"twitter:card\" content=\"summary_large_image\" \/>\n<meta name=\"twitter:title\" content=\"#MEM-KMU zeigen #Ausdauer, aber kein #Aufschwung in Sicht\" \/>\n<meta name=\"twitter:description\" content=\"Kein #Aufschwung in Sicht: Gem\u00e4ss #Swissmechanic beurteilen drei von vier #MEM-Unternehmen ihre aktuelle Lage als ung\u00fcnstig.\" \/>\n<meta name=\"twitter:image\" content=\"https:\/\/www.organisator.ch\/wp-content\/uploads\/2025\/11\/MEM-KMU-zeigen-Ausdauer-aber-kein-Aufschwung-in-Sicht_Organsiator.jpg\" \/>\n<script type=\"application\/ld+json\" class=\"yoast-schema-graph\">{\"@context\":\"https:\\\/\\\/schema.org\",\"@graph\":[{\"@type\":\"Article\",\"@id\":\"https:\\\/\\\/www.organisator.ch\\\/management\\\/2025-11-26\\\/mem-kmu-zeigen-ausdauer-aber-kein-aufschwung-in-sicht\\\/#article\",\"isPartOf\":{\"@id\":\"https:\\\/\\\/www.organisator.ch\\\/management\\\/2025-11-26\\\/mem-kmu-zeigen-ausdauer-aber-kein-aufschwung-in-sicht\\\/\"},\"author\":{\"name\":\"thomas.berner\",\"@id\":\"https:\\\/\\\/www.organisator.ch\\\/#\\\/schema\\\/person\\\/6f650f90b2842cd4c0cc334b4e36f67e\"},\"headline\":\"MEM-KMU zeigen Ausdauer, aber kein Aufschwung in Sicht\",\"datePublished\":\"2025-11-26T08:26:57+00:00\",\"mainEntityOfPage\":{\"@id\":\"https:\\\/\\\/www.organisator.ch\\\/management\\\/2025-11-26\\\/mem-kmu-zeigen-ausdauer-aber-kein-aufschwung-in-sicht\\\/\"},\"wordCount\":358,\"publisher\":{\"@id\":\"https:\\\/\\\/www.organisator.ch\\\/#organization\"},\"image\":{\"@id\":\"https:\\\/\\\/www.organisator.ch\\\/management\\\/2025-11-26\\\/mem-kmu-zeigen-ausdauer-aber-kein-aufschwung-in-sicht\\\/#primaryimage\"},\"thumbnailUrl\":\"https:\\\/\\\/www.organisator.ch\\\/wp-content\\\/uploads\\\/2025\\\/11\\\/MEM-KMU-zeigen-Ausdauer-aber-kein-Aufschwung-in-Sicht_Organsiator.jpg\",\"keywords\":[\"Konjunktur\",\"Management und Unternehmensf\u00fchrung\",\"MEM-Industrie\",\"Verb\u00e4nde\",\"Wirtschaftspolitik\"],\"articleSection\":[\"MANAGEMENT\"],\"inLanguage\":\"de\"},{\"@type\":\"WebPage\",\"@id\":\"https:\\\/\\\/www.organisator.ch\\\/management\\\/2025-11-26\\\/mem-kmu-zeigen-ausdauer-aber-kein-aufschwung-in-sicht\\\/\",\"url\":\"https:\\\/\\\/www.organisator.ch\\\/management\\\/2025-11-26\\\/mem-kmu-zeigen-ausdauer-aber-kein-aufschwung-in-sicht\\\/\",\"name\":\"MEM-KMU zeigen Ausdauer, aber kein Aufschwung in Sicht - Organisator\",\"isPartOf\":{\"@id\":\"https:\\\/\\\/www.organisator.ch\\\/#website\"},\"primaryImageOfPage\":{\"@id\":\"https:\\\/\\\/www.organisator.ch\\\/management\\\/2025-11-26\\\/mem-kmu-zeigen-ausdauer-aber-kein-aufschwung-in-sicht\\\/#primaryimage\"},\"image\":{\"@id\":\"https:\\\/\\\/www.organisator.ch\\\/management\\\/2025-11-26\\\/mem-kmu-zeigen-ausdauer-aber-kein-aufschwung-in-sicht\\\/#primaryimage\"},\"thumbnailUrl\":\"https:\\\/\\\/www.organisator.ch\\\/wp-content\\\/uploads\\\/2025\\\/11\\\/MEM-KMU-zeigen-Ausdauer-aber-kein-Aufschwung-in-Sicht_Organsiator.jpg\",\"datePublished\":\"2025-11-26T08:26:57+00:00\",\"description\":\"Kein Aufschwung in Sicht: Gem\u00e4ss Swissmechanic beurteilen drei von vier MEM-Unternehmen ihre aktuelle Lage als ung\u00fcnstig.\",\"breadcrumb\":{\"@id\":\"https:\\\/\\\/www.organisator.ch\\\/management\\\/2025-11-26\\\/mem-kmu-zeigen-ausdauer-aber-kein-aufschwung-in-sicht\\\/#breadcrumb\"},\"inLanguage\":\"de\",\"potentialAction\":[{\"@type\":\"ReadAction\",\"target\":[\"https:\\\/\\\/www.organisator.ch\\\/management\\\/2025-11-26\\\/mem-kmu-zeigen-ausdauer-aber-kein-aufschwung-in-sicht\\\/\"]}]},{\"@type\":\"ImageObject\",\"inLanguage\":\"de\",\"@id\":\"https:\\\/\\\/www.organisator.ch\\\/management\\\/2025-11-26\\\/mem-kmu-zeigen-ausdauer-aber-kein-aufschwung-in-sicht\\\/#primaryimage\",\"url\":\"https:\\\/\\\/www.organisator.ch\\\/wp-content\\\/uploads\\\/2025\\\/11\\\/MEM-KMU-zeigen-Ausdauer-aber-kein-Aufschwung-in-Sicht_Organsiator.jpg\",\"contentUrl\":\"https:\\\/\\\/www.organisator.ch\\\/wp-content\\\/uploads\\\/2025\\\/11\\\/MEM-KMU-zeigen-Ausdauer-aber-kein-Aufschwung-in-Sicht_Organsiator.jpg\",\"width\":680,\"height\":453,\"caption\":\"Die Schweizer MEM-KMU k\u00e4mpfen weiter, doch ein Wiederaufschwung ist vorerst nicht in Sicht. (Bild: Unsplash.com)\"},{\"@type\":\"BreadcrumbList\",\"@id\":\"https:\\\/\\\/www.organisator.ch\\\/management\\\/2025-11-26\\\/mem-kmu-zeigen-ausdauer-aber-kein-aufschwung-in-sicht\\\/#breadcrumb\",\"itemListElement\":[{\"@type\":\"ListItem\",\"position\":1,\"name\":\"Home\",\"item\":\"https:\\\/\\\/www.organisator.ch\\\/\"},{\"@type\":\"ListItem\",\"position\":2,\"name\":\"MEM-KMU zeigen Ausdauer, aber kein Aufschwung in Sicht\"}]},{\"@type\":\"WebSite\",\"@id\":\"https:\\\/\\\/www.organisator.ch\\\/#website\",\"url\":\"https:\\\/\\\/www.organisator.ch\\\/\",\"name\":\"Organisator\",\"description\":\"Kompetent. Praxisnah. Der ORGANISATOR bereitet in 10 Ausgaben pro Jahr die wesentlichen Themen f\u00fcr F\u00fchrungskr\u00e4fte von KMU auf.\",\"publisher\":{\"@id\":\"https:\\\/\\\/www.organisator.ch\\\/#organization\"},\"potentialAction\":[{\"@type\":\"SearchAction\",\"target\":{\"@type\":\"EntryPoint\",\"urlTemplate\":\"https:\\\/\\\/www.organisator.ch\\\/?s={search_term_string}\"},\"query-input\":{\"@type\":\"PropertyValueSpecification\",\"valueRequired\":true,\"valueName\":\"search_term_string\"}}],\"inLanguage\":\"de\"},{\"@type\":\"Organization\",\"@id\":\"https:\\\/\\\/www.organisator.ch\\\/#organization\",\"name\":\"Organisator\",\"url\":\"https:\\\/\\\/www.organisator.ch\\\/\",\"logo\":{\"@type\":\"ImageObject\",\"inLanguage\":\"de\",\"@id\":\"https:\\\/\\\/www.organisator.ch\\\/#\\\/schema\\\/logo\\\/image\\\/\",\"url\":\"https:\\\/\\\/www.organisator.ch\\\/wp-content\\\/uploads\\\/2022\\\/01\\\/Logo_Organisator_Website.png\",\"contentUrl\":\"https:\\\/\\\/www.organisator.ch\\\/wp-content\\\/uploads\\\/2022\\\/01\\\/Logo_Organisator_Website.png\",\"width\":800,\"height\":77,\"caption\":\"Organisator\"},\"image\":{\"@id\":\"https:\\\/\\\/www.organisator.ch\\\/#\\\/schema\\\/logo\\\/image\\\/\"},\"sameAs\":[\"https:\\\/\\\/www.facebook.com\\\/OrganisatorFachmagazin\",\"https:\\\/\\\/www.linkedin.com\\\/showcase\\\/organisator-das-magazin-fr-kmu\",\"https:\\\/\\\/www.xing.com\\\/news\\\/pages\\\/organisator-ch-695\",\"https:\\\/\\\/www.youtube.com\\\/channel\\\/UCGP2Sq0iWaZwT3BdIAQFYpw\"]},{\"@type\":\"Person\",\"@id\":\"https:\\\/\\\/www.organisator.ch\\\/#\\\/schema\\\/person\\\/6f650f90b2842cd4c0cc334b4e36f67e\",\"name\":\"thomas.berner\",\"image\":{\"@type\":\"ImageObject\",\"inLanguage\":\"de\",\"@id\":\"https:\\\/\\\/secure.gravatar.com\\\/avatar\\\/ac5001d2a36cb6c6cd3e50789007ffca834b477b74a2144564522e944eabff61?s=96&d=mm&r=g\",\"url\":\"https:\\\/\\\/secure.gravatar.com\\\/avatar\\\/ac5001d2a36cb6c6cd3e50789007ffca834b477b74a2144564522e944eabff61?s=96&d=mm&r=g\",\"contentUrl\":\"https:\\\/\\\/secure.gravatar.com\\\/avatar\\\/ac5001d2a36cb6c6cd3e50789007ffca834b477b74a2144564522e944eabff61?s=96&d=mm&r=g\",\"caption\":\"thomas.berner\"},\"url\":\"https:\\\/\\\/www.organisator.ch\\\/de\\\/author\\\/thomas-berner\\\/\"}]}<\/script>\n<!-- \/ Yoast SEO plugin. -->","yoast_head_json":{"title":"MEM-KMU zeigen Ausdauer, aber kein Aufschwung in Sicht - Organisator","description":"Kein Aufschwung in Sicht: Gem\u00e4ss Swissmechanic beurteilen drei von vier MEM-Unternehmen ihre aktuelle Lage als ung\u00fcnstig.","robots":{"index":"index","follow":"follow","max-snippet":"max-snippet:-1","max-image-preview":"max-image-preview:large","max-video-preview":"max-video-preview:-1"},"canonical":"https:\/\/www.organisator.ch\/de\/management\/2025-11-26\/mem-kmu-zeigen-ausdauer-aber-kein-aufschwung-in-sicht\/","og_locale":"de_DE","og_type":"article","og_title":"MEM-KMU zeigen Ausdauer, aber kein Aufschwung in Sicht","og_description":"Kein Aufschwung in Sicht: Gem\u00e4ss Swissmechanic beurteilen drei von vier MEM-Unternehmen ihre aktuelle Lage als ung\u00fcnstig.","og_url":"https:\/\/www.organisator.ch\/de\/management\/2025-11-26\/mem-kmu-zeigen-ausdauer-aber-kein-aufschwung-in-sicht\/","og_site_name":"Organisator","article_publisher":"https:\/\/www.facebook.com\/OrganisatorFachmagazin","article_published_time":"2025-11-26T08:26:57+00:00","og_image":[{"width":680,"height":453,"url":"https:\/\/www.organisator.ch\/wp-content\/uploads\/2025\/11\/MEM-KMU-zeigen-Ausdauer-aber-kein-Aufschwung-in-Sicht_Organsiator.jpg","type":"image\/jpeg"}],"author":"thomas.berner","twitter_card":"summary_large_image","twitter_title":"#MEM-KMU zeigen #Ausdauer, aber kein #Aufschwung in Sicht","twitter_description":"Kein #Aufschwung in Sicht: Gem\u00e4ss #Swissmechanic beurteilen drei von vier #MEM-Unternehmen ihre aktuelle Lage als ung\u00fcnstig.","twitter_image":"https:\/\/www.organisator.ch\/wp-content\/uploads\/2025\/11\/MEM-KMU-zeigen-Ausdauer-aber-kein-Aufschwung-in-Sicht_Organsiator.jpg","schema":{"@context":"https:\/\/schema.org","@graph":[{"@type":"Article","@id":"https:\/\/www.organisator.ch\/management\/2025-11-26\/mem-kmu-zeigen-ausdauer-aber-kein-aufschwung-in-sicht\/#article","isPartOf":{"@id":"https:\/\/www.organisator.ch\/management\/2025-11-26\/mem-kmu-zeigen-ausdauer-aber-kein-aufschwung-in-sicht\/"},"author":{"name":"thomas.berner","@id":"https:\/\/www.organisator.ch\/#\/schema\/person\/6f650f90b2842cd4c0cc334b4e36f67e"},"headline":"MEM-KMU zeigen Ausdauer, aber kein Aufschwung in Sicht","datePublished":"2025-11-26T08:26:57+00:00","mainEntityOfPage":{"@id":"https:\/\/www.organisator.ch\/management\/2025-11-26\/mem-kmu-zeigen-ausdauer-aber-kein-aufschwung-in-sicht\/"},"wordCount":358,"publisher":{"@id":"https:\/\/www.organisator.ch\/#organization"},"image":{"@id":"https:\/\/www.organisator.ch\/management\/2025-11-26\/mem-kmu-zeigen-ausdauer-aber-kein-aufschwung-in-sicht\/#primaryimage"},"thumbnailUrl":"https:\/\/www.organisator.ch\/wp-content\/uploads\/2025\/11\/MEM-KMU-zeigen-Ausdauer-aber-kein-Aufschwung-in-Sicht_Organsiator.jpg","keywords":["Konjunktur","Management und Unternehmensf\u00fchrung","MEM-Industrie","Verb\u00e4nde","Wirtschaftspolitik"],"articleSection":["MANAGEMENT"],"inLanguage":"de"},{"@type":"WebPage","@id":"https:\/\/www.organisator.ch\/management\/2025-11-26\/mem-kmu-zeigen-ausdauer-aber-kein-aufschwung-in-sicht\/","url":"https:\/\/www.organisator.ch\/management\/2025-11-26\/mem-kmu-zeigen-ausdauer-aber-kein-aufschwung-in-sicht\/","name":"MEM-KMU zeigen Ausdauer, aber kein Aufschwung in Sicht - Organisator","isPartOf":{"@id":"https:\/\/www.organisator.ch\/#website"},"primaryImageOfPage":{"@id":"https:\/\/www.organisator.ch\/management\/2025-11-26\/mem-kmu-zeigen-ausdauer-aber-kein-aufschwung-in-sicht\/#primaryimage"},"image":{"@id":"https:\/\/www.organisator.ch\/management\/2025-11-26\/mem-kmu-zeigen-ausdauer-aber-kein-aufschwung-in-sicht\/#primaryimage"},"thumbnailUrl":"https:\/\/www.organisator.ch\/wp-content\/uploads\/2025\/11\/MEM-KMU-zeigen-Ausdauer-aber-kein-Aufschwung-in-Sicht_Organsiator.jpg","datePublished":"2025-11-26T08:26:57+00:00","description":"Kein Aufschwung in Sicht: Gem\u00e4ss Swissmechanic beurteilen drei von vier MEM-Unternehmen ihre aktuelle Lage als ung\u00fcnstig.","breadcrumb":{"@id":"https:\/\/www.organisator.ch\/management\/2025-11-26\/mem-kmu-zeigen-ausdauer-aber-kein-aufschwung-in-sicht\/#breadcrumb"},"inLanguage":"de","potentialAction":[{"@type":"ReadAction","target":["https:\/\/www.organisator.ch\/management\/2025-11-26\/mem-kmu-zeigen-ausdauer-aber-kein-aufschwung-in-sicht\/"]}]},{"@type":"ImageObject","inLanguage":"de","@id":"https:\/\/www.organisator.ch\/management\/2025-11-26\/mem-kmu-zeigen-ausdauer-aber-kein-aufschwung-in-sicht\/#primaryimage","url":"https:\/\/www.organisator.ch\/wp-content\/uploads\/2025\/11\/MEM-KMU-zeigen-Ausdauer-aber-kein-Aufschwung-in-Sicht_Organsiator.jpg","contentUrl":"https:\/\/www.organisator.ch\/wp-content\/uploads\/2025\/11\/MEM-KMU-zeigen-Ausdauer-aber-kein-Aufschwung-in-Sicht_Organsiator.jpg","width":680,"height":453,"caption":"Die Schweizer MEM-KMU k\u00e4mpfen weiter, doch ein Wiederaufschwung ist vorerst nicht in Sicht. (Bild: Unsplash.com)"},{"@type":"BreadcrumbList","@id":"https:\/\/www.organisator.ch\/management\/2025-11-26\/mem-kmu-zeigen-ausdauer-aber-kein-aufschwung-in-sicht\/#breadcrumb","itemListElement":[{"@type":"ListItem","position":1,"name":"Home","item":"https:\/\/www.organisator.ch\/"},{"@type":"ListItem","position":2,"name":"MEM-KMU zeigen Ausdauer, aber kein Aufschwung in Sicht"}]},{"@type":"WebSite","@id":"https:\/\/www.organisator.ch\/#website","url":"https:\/\/www.organisator.ch\/","name":"Organisator","description":"Kompetent. Praxisnah. Der ORGANISATOR bereitet in 10 Ausgaben pro Jahr die wesentlichen Themen f\u00fcr F\u00fchrungskr\u00e4fte von KMU auf.","publisher":{"@id":"https:\/\/www.organisator.ch\/#organization"},"potentialAction":[{"@type":"SearchAction","target":{"@type":"EntryPoint","urlTemplate":"https:\/\/www.organisator.ch\/?s={search_term_string}"},"query-input":{"@type":"PropertyValueSpecification","valueRequired":true,"valueName":"search_term_string"}}],"inLanguage":"de"},{"@type":"Organization","@id":"https:\/\/www.organisator.ch\/#organization","name":"Organisator","url":"https:\/\/www.organisator.ch\/","logo":{"@type":"ImageObject","inLanguage":"de","@id":"https:\/\/www.organisator.ch\/#\/schema\/logo\/image\/","url":"https:\/\/www.organisator.ch\/wp-content\/uploads\/2022\/01\/Logo_Organisator_Website.png","contentUrl":"https:\/\/www.organisator.ch\/wp-content\/uploads\/2022\/01\/Logo_Organisator_Website.png","width":800,"height":77,"caption":"Organisator"},"image":{"@id":"https:\/\/www.organisator.ch\/#\/schema\/logo\/image\/"},"sameAs":["https:\/\/www.facebook.com\/OrganisatorFachmagazin","https:\/\/www.linkedin.com\/showcase\/organisator-das-magazin-fr-kmu","https:\/\/www.xing.com\/news\/pages\/organisator-ch-695","https:\/\/www.youtube.com\/channel\/UCGP2Sq0iWaZwT3BdIAQFYpw"]},{"@type":"Person","@id":"https:\/\/www.organisator.ch\/#\/schema\/person\/6f650f90b2842cd4c0cc334b4e36f67e","name":"thomas.berner","image":{"@type":"ImageObject","inLanguage":"de","@id":"https:\/\/secure.gravatar.com\/avatar\/ac5001d2a36cb6c6cd3e50789007ffca834b477b74a2144564522e944eabff61?s=96&d=mm&r=g","url":"https:\/\/secure.gravatar.com\/avatar\/ac5001d2a36cb6c6cd3e50789007ffca834b477b74a2144564522e944eabff61?s=96&d=mm&r=g","contentUrl":"https:\/\/secure.gravatar.com\/avatar\/ac5001d2a36cb6c6cd3e50789007ffca834b477b74a2144564522e944eabff61?s=96&d=mm&r=g","caption":"thomas.berner"},"url":"https:\/\/www.organisator.ch\/de\/author\/thomas-berner\/"}]}},"_links":{"self":[{"href":"https:\/\/www.organisator.ch\/de\/wp-json\/wp\/v2\/posts\/42284","targetHints":{"allow":["GET"]}}],"collection":[{"href":"https:\/\/www.organisator.ch\/de\/wp-json\/wp\/v2\/posts"}],"about":[{"href":"https:\/\/www.organisator.ch\/de\/wp-json\/wp\/v2\/types\/post"}],"author":[{"embeddable":true,"href":"https:\/\/www.organisator.ch\/de\/wp-json\/wp\/v2\/users\/4"}],"replies":[{"embeddable":true,"href":"https:\/\/www.organisator.ch\/de\/wp-json\/wp\/v2\/comments?post=42284"}],"version-history":[{"count":4,"href":"https:\/\/www.organisator.ch\/de\/wp-json\/wp\/v2\/posts\/42284\/revisions"}],"predecessor-version":[{"id":42336,"href":"https:\/\/www.organisator.ch\/de\/wp-json\/wp\/v2\/posts\/42284\/revisions\/42336"}],"wp:featuredmedia":[{"embeddable":true,"href":"https:\/\/www.organisator.ch\/de\/wp-json\/wp\/v2\/media\/42285"}],"wp:attachment":[{"href":"https:\/\/www.organisator.ch\/de\/wp-json\/wp\/v2\/media?parent=42284"}],"wp:term":[{"taxonomy":"category","embeddable":true,"href":"https:\/\/www.organisator.ch\/de\/wp-json\/wp\/v2\/categories?post=42284"},{"taxonomy":"post_tag","embeddable":true,"href":"https:\/\/www.organisator.ch\/de\/wp-json\/wp\/v2\/tags?post=42284"}],"curies":[{"name":"wp","href":"https:\/\/api.w.org\/{rel}","templated":true}]}}