{"id":42324,"date":"2025-11-27T16:51:29","date_gmt":"2025-11-27T15:51:29","guid":{"rendered":"https:\/\/www.m-q.ch\/?p=22160"},"modified":"2025-11-28T07:28:31","modified_gmt":"2025-11-28T06:28:31","slug":"european-sustainability-week-setzt-starkes-zeichen-fuer-nachhaltigkeit","status":"publish","type":"post","link":"https:\/\/www.organisator.ch\/de\/sustainability\/2025-11-27\/european-sustainability-week-setzt-starkes-zeichen-fuer-nachhaltigkeit\/","title":{"rendered":"European Sustainability Week setzt starkes Zeichen f\u00fcr Nachhaltigkeit"},"content":{"rendered":"<figure id=\"attachment_22161\" class=\"wp-caption alignnone\" style=\"width: 680px;\" aria-describedby=\"caption-attachment-22161\"><img class=\"size-full wp-image-22161\" src=\"https:\/\/www.m-q.ch\/wp-content\/uploads\/2025\/11\/European-Sustainability-Week-setzt-starkes-Zeichen-fuer-Nachhaltigkeit_MQ.jpg\" sizes=\"(max-width: 680px) 100vw, 680px\" srcset=\"https:\/\/www.m-q.ch\/wp-content\/uploads\/2025\/11\/European-Sustainability-Week-setzt-starkes-Zeichen-fuer-Nachhaltigkeit_MQ.jpg 680w, https:\/\/www.m-q.ch\/wp-content\/uploads\/2025\/11\/European-Sustainability-Week-setzt-starkes-Zeichen-fuer-Nachhaltigkeit_MQ-18x12.jpg 18w, https:\/\/www.m-q.ch\/wp-content\/uploads\/2025\/11\/European-Sustainability-Week-setzt-starkes-Zeichen-fuer-Nachhaltigkeit_MQ-375x239.jpg 375w, https:\/\/www.m-q.ch\/wp-content\/uploads\/2025\/11\/European-Sustainability-Week-setzt-starkes-Zeichen-fuer-Nachhaltigkeit_MQ-548x350.jpg 548w\" alt=\"\" width=\"680\" height=\"434\" \/>\r\n<figcaption id=\"caption-attachment-22161\" class=\"wp-caption-text\">V.l.n.r.: Philipp B\u00e4chst\u00e4dt, Gelkha Buitrago (GRI), Andrea Sternisko (KPMG AG), Katja Wachter (Ecovadis) und Prof. Dr. Holger Hoppe (Technische Hochschule Ingolstadt). (Bild: EUPD Group)<\/figcaption>\r\n<\/figure>\r\n<p>Vom 25. bis 27. November 2025 versammelte die EUPD Group, ein auf Nachhaltigkeit spezialisiertes Marktforschungs- und Beratungsunternehmen aus Bonn, im Steigenberger Icon Grandhotel &amp; Spa Petersberg f\u00fchrende Fachleute, um \u00fcber aktuelle Herausforderungen in der europ\u00e4ischen Nachhaltigkeitspolitik zu diskutieren. In einem Umfeld, in dem regulatorische Vorgaben unter Druck geraten und Initiativen teils zur\u00fcckgefahren werden, sollte die ESW Nachhaltigkeit als gesch\u00e4ftskritische Notwendigkeit und nicht als Luxus positionieren.\u200b<\/p>\r\n<h3><strong>ESG Summit 2025 als Herzst\u00fcck<\/strong><\/h3>\r\n<p>H\u00f6hepunkt der Woche war der ESG Summit 2025 am 26. November mit Fachvortr\u00e4gen und interaktiven Panels in sechs Themenbl\u00f6cken, unter anderem zu sozialer Nachhaltigkeit, Finanzierung im Umbruch, neuen Berichtstandards und dem Potenzial von KI in der ESG-Berichterstattung. F\u00fchrende ESG-Stimmen aus Europa teilten ihre Einsch\u00e4tzungen und betonten, wie wichtig Vernetzung und Austausch f\u00fcr glaubw\u00fcrdige und wirksame Nachhaltigkeitsstrategien sind.\u200b<\/p>\r\n<p>Ein zentrales Querschnittsthema war der rasante Fortschritt von K\u00fcnstlicher Intelligenz und seine Bedeutung f\u00fcr Datenqualit\u00e4t, Wirkungsmessung und F\u00fchrungskultur. In einem prominent besetzten Roundtable zur Dekarbonisierung der europ\u00e4ischen Industrie diskutierten unter anderem Robert Habeck, Vertreterinnen und Vertreter von Goldbeck Solar, T\u00dcV Rheinland, Deutscher Telekom und der Ruhr-Universit\u00e4t Bochum \u00fcber die realen Kosten von Unsicherheit im Vergleich zu konsequenter Emissionsminderung.\u200b<\/p>\r\n<h3><strong>Preise f\u00fcr Transparenz, Energiewende und Corporate Health<\/strong><\/h3>\r\n<p>Begleitet wurde die Konferenz von Break-out-Sessions, einer Fachausstellung und mehreren Preisverleihungen, darunter der ESG Transparency Award, der Energiewende Award und der SolarProsumerAward f\u00fcr besonders transparente und zukunftsorientierte Unternehmen. Bereits am 25. November wurden bei einer Galadinner-Veranstaltung zudem die Gewinner des renommierten Corporate Health Award geehrt, der vorbildliches betriebliches Gesundheitsmanagement auszeichnet und die wachsende soziale Bedeutung gesunder Arbeitsbedingungen unterstreicht.\u200b<\/p>\r\n<h3><strong>Unternehmen sehen Nachhaltigkeit als Wettbewerbsfaktor<\/strong><\/h3>\r\n<p>EUPD-Group-CEO Markus A.W. Hoehner berichtete von wachsender Verunsicherung im Markt \u00fcber die Rolle von ESG, sieht aber gleichzeitig eine steigende Zahl von Unternehmen, die Nachhaltigkeit strategisch im Kerngesch\u00e4ft verankern wollen, um wettbewerbsf\u00e4hig zu bleiben. Die European Sustainability Week solle diese Entwicklung unterst\u00fctzen, kritische Fragen stellen und den branchen\u00fcbergreifenden Dialog weiter vorantreiben \u2013 mit einer Fortsetzung im Rahmen der ESW 2026.<\/p>\r\n<p><em>Quelle: <a href=\"http:\/\/www.eupd-group.com\/\">www.eupd-group.com<\/a><\/em><\/p>\n<p class=\"syndicated-attribution\">Dieser Beitrag erschien urspr\u00fcnglich auf m-q.ch - <a href=\"https:\/\/www.m-q.ch\/de\/european-sustainability-week-setzt-starkes-zeichen-fuer-nachhaltigkeit\/\" target=\"_blank\">https:\/\/www.m-q.ch\/de\/european-sustainability-week-setzt-starkes-zeichen-fuer-nachhaltigkeit\/<\/a><\/p>","protected":false},"excerpt":{"rendered":"<p>Trotz wachsenden politischen Gegenwinds in Europa haben w\u00e4hrend der European Sustainability Week (ESW) 2025 auf dem Petersberg bei Bonn mehr als 500 Expertinnen und Experten aus Wirtschaft, Wissenschaft und Politik ein deutliches Bekenntnis zu Nachhaltigkeit und verantwortungsvollem Wirtschaften abgelegt. Im Mittelpunkt standen der ESG Summit 2025, der Einsatz von K\u00fcnstlicher Intelligenz in der Nachhaltigkeitsberichterstattung und mehrere Auszeichnungen f\u00fcr Vorreiterunternehmen.<\/p>\n","protected":false},"author":8,"featured_media":0,"comment_status":"closed","ping_status":"closed","sticky":false,"template":"","format":"standard","meta":{"_acf_changed":false,"_yoast_wpseo_focuskw":"European Sustainability Week","_yoast_wpseo_metadesc":"Vertreter:innen aus Wirtschaft und Politik bekennen sich trotz politischem Gegenwind an der European Sustainability Week 2025 deutlich zu Nachhaltigkeit.","articlekey":"","footnotes":""},"categories":[580],"tags":[103,1138,193,358,531],"class_list":["post-42324","post","type-post","status-publish","format-standard","hentry","category-sustainability","tag-business-excellence","tag-europa","tag-fachkongressfachmesse","tag-nachhaltige-wirtschaft","tag-wirtschaftspolitik"],"acf":[],"yoast_head":"<!-- This site is optimized with the Yoast SEO plugin v27.4 - https:\/\/yoast.com\/product\/yoast-seo-wordpress\/ -->\n<title>European Sustainability Week setzt starkes Zeichen f\u00fcr Nachhaltigkeit - Organisator<\/title>\n<meta name=\"description\" content=\"Vertreter:innen aus Wirtschaft und Politik bekennen sich trotz politischem Gegenwind an der European Sustainability Week 2025 deutlich zu Nachhaltigkeit.\" \/>\n<meta name=\"robots\" content=\"index, follow, max-snippet:-1, max-image-preview:large, max-video-preview:-1\" \/>\n<link rel=\"canonical\" href=\"https:\/\/www.organisator.ch\/de\/sustainability\/2025-11-27\/european-sustainability-week-setzt-starkes-zeichen-fuer-nachhaltigkeit\/\" \/>\n<meta property=\"og:locale\" content=\"de_DE\" \/>\n<meta property=\"og:type\" content=\"article\" \/>\n<meta property=\"og:title\" content=\"European Sustainability Week setzt starkes Zeichen f\u00fcr Nachhaltigkeit - Organisator\" \/>\n<meta property=\"og:description\" content=\"Vertreter:innen aus Wirtschaft und Politik bekennen sich trotz politischem Gegenwind an der European Sustainability Week 2025 deutlich zu Nachhaltigkeit.\" \/>\n<meta property=\"og:url\" content=\"https:\/\/www.organisator.ch\/de\/sustainability\/2025-11-27\/european-sustainability-week-setzt-starkes-zeichen-fuer-nachhaltigkeit\/\" \/>\n<meta property=\"og:site_name\" content=\"Organisator\" \/>\n<meta property=\"article:publisher\" content=\"https:\/\/www.facebook.com\/OrganisatorFachmagazin\" \/>\n<meta property=\"article:published_time\" content=\"2025-11-27T15:51:29+00:00\" \/>\n<meta property=\"article:modified_time\" content=\"2025-11-28T06:28:31+00:00\" \/>\n<meta name=\"author\" content=\"galledia\" \/>\n<meta name=\"twitter:card\" content=\"summary_large_image\" \/>\n<meta name=\"twitter:creator\" content=\"@admin\" \/>\n<script type=\"application\/ld+json\" class=\"yoast-schema-graph\">{\"@context\":\"https:\\\/\\\/schema.org\",\"@graph\":[{\"@type\":\"Article\",\"@id\":\"https:\\\/\\\/www.organisator.ch\\\/sustainability\\\/2025-11-27\\\/european-sustainability-week-setzt-starkes-zeichen-fuer-nachhaltigkeit\\\/#article\",\"isPartOf\":{\"@id\":\"https:\\\/\\\/www.organisator.ch\\\/sustainability\\\/2025-11-27\\\/european-sustainability-week-setzt-starkes-zeichen-fuer-nachhaltigkeit\\\/\"},\"author\":{\"name\":\"galledia\",\"@id\":\"https:\\\/\\\/www.organisator.ch\\\/#\\\/schema\\\/person\\\/4e51799071cd2dd1232ac003643ef5f0\"},\"headline\":\"European Sustainability Week setzt starkes Zeichen f\u00fcr Nachhaltigkeit\",\"datePublished\":\"2025-11-27T15:51:29+00:00\",\"dateModified\":\"2025-11-28T06:28:31+00:00\",\"mainEntityOfPage\":{\"@id\":\"https:\\\/\\\/www.organisator.ch\\\/sustainability\\\/2025-11-27\\\/european-sustainability-week-setzt-starkes-zeichen-fuer-nachhaltigkeit\\\/\"},\"wordCount\":374,\"publisher\":{\"@id\":\"https:\\\/\\\/www.organisator.ch\\\/#organization\"},\"image\":{\"@id\":\"https:\\\/\\\/www.organisator.ch\\\/sustainability\\\/2025-11-27\\\/european-sustainability-week-setzt-starkes-zeichen-fuer-nachhaltigkeit\\\/#primaryimage\"},\"thumbnailUrl\":\"https:\\\/\\\/www.m-q.ch\\\/wp-content\\\/uploads\\\/2025\\\/11\\\/European-Sustainability-Week-setzt-starkes-Zeichen-fuer-Nachhaltigkeit_MQ.jpg\",\"keywords\":[\"Business Excellence\",\"Europa\",\"Fachkongress\\\/Fachmesse\",\"Nachhaltige Wirtschaft\",\"Wirtschaftspolitik\"],\"articleSection\":[\"SUSTAINABILITY\"],\"inLanguage\":\"de\"},{\"@type\":\"WebPage\",\"@id\":\"https:\\\/\\\/www.organisator.ch\\\/sustainability\\\/2025-11-27\\\/european-sustainability-week-setzt-starkes-zeichen-fuer-nachhaltigkeit\\\/\",\"url\":\"https:\\\/\\\/www.organisator.ch\\\/sustainability\\\/2025-11-27\\\/european-sustainability-week-setzt-starkes-zeichen-fuer-nachhaltigkeit\\\/\",\"name\":\"European Sustainability Week setzt starkes Zeichen f\u00fcr Nachhaltigkeit - Organisator\",\"isPartOf\":{\"@id\":\"https:\\\/\\\/www.organisator.ch\\\/#website\"},\"primaryImageOfPage\":{\"@id\":\"https:\\\/\\\/www.organisator.ch\\\/sustainability\\\/2025-11-27\\\/european-sustainability-week-setzt-starkes-zeichen-fuer-nachhaltigkeit\\\/#primaryimage\"},\"image\":{\"@id\":\"https:\\\/\\\/www.organisator.ch\\\/sustainability\\\/2025-11-27\\\/european-sustainability-week-setzt-starkes-zeichen-fuer-nachhaltigkeit\\\/#primaryimage\"},\"thumbnailUrl\":\"https:\\\/\\\/www.m-q.ch\\\/wp-content\\\/uploads\\\/2025\\\/11\\\/European-Sustainability-Week-setzt-starkes-Zeichen-fuer-Nachhaltigkeit_MQ.jpg\",\"datePublished\":\"2025-11-27T15:51:29+00:00\",\"dateModified\":\"2025-11-28T06:28:31+00:00\",\"description\":\"Vertreter:innen aus Wirtschaft und Politik bekennen sich trotz politischem Gegenwind an der European Sustainability Week 2025 deutlich zu Nachhaltigkeit.\",\"breadcrumb\":{\"@id\":\"https:\\\/\\\/www.organisator.ch\\\/sustainability\\\/2025-11-27\\\/european-sustainability-week-setzt-starkes-zeichen-fuer-nachhaltigkeit\\\/#breadcrumb\"},\"inLanguage\":\"de\",\"potentialAction\":[{\"@type\":\"ReadAction\",\"target\":[\"https:\\\/\\\/www.organisator.ch\\\/sustainability\\\/2025-11-27\\\/european-sustainability-week-setzt-starkes-zeichen-fuer-nachhaltigkeit\\\/\"]}]},{\"@type\":\"ImageObject\",\"inLanguage\":\"de\",\"@id\":\"https:\\\/\\\/www.organisator.ch\\\/sustainability\\\/2025-11-27\\\/european-sustainability-week-setzt-starkes-zeichen-fuer-nachhaltigkeit\\\/#primaryimage\",\"url\":\"https:\\\/\\\/www.m-q.ch\\\/wp-content\\\/uploads\\\/2025\\\/11\\\/European-Sustainability-Week-setzt-starkes-Zeichen-fuer-Nachhaltigkeit_MQ.jpg\",\"contentUrl\":\"https:\\\/\\\/www.m-q.ch\\\/wp-content\\\/uploads\\\/2025\\\/11\\\/European-Sustainability-Week-setzt-starkes-Zeichen-fuer-Nachhaltigkeit_MQ.jpg\"},{\"@type\":\"BreadcrumbList\",\"@id\":\"https:\\\/\\\/www.organisator.ch\\\/sustainability\\\/2025-11-27\\\/european-sustainability-week-setzt-starkes-zeichen-fuer-nachhaltigkeit\\\/#breadcrumb\",\"itemListElement\":[{\"@type\":\"ListItem\",\"position\":1,\"name\":\"Home\",\"item\":\"https:\\\/\\\/www.organisator.ch\\\/\"},{\"@type\":\"ListItem\",\"position\":2,\"name\":\"European Sustainability Week setzt starkes Zeichen f\u00fcr Nachhaltigkeit\"}]},{\"@type\":\"WebSite\",\"@id\":\"https:\\\/\\\/www.organisator.ch\\\/#website\",\"url\":\"https:\\\/\\\/www.organisator.ch\\\/\",\"name\":\"Organisator\",\"description\":\"Kompetent. Praxisnah. Der ORGANISATOR bereitet in 10 Ausgaben pro Jahr die wesentlichen Themen f\u00fcr F\u00fchrungskr\u00e4fte von KMU auf.\",\"publisher\":{\"@id\":\"https:\\\/\\\/www.organisator.ch\\\/#organization\"},\"potentialAction\":[{\"@type\":\"SearchAction\",\"target\":{\"@type\":\"EntryPoint\",\"urlTemplate\":\"https:\\\/\\\/www.organisator.ch\\\/?s={search_term_string}\"},\"query-input\":{\"@type\":\"PropertyValueSpecification\",\"valueRequired\":true,\"valueName\":\"search_term_string\"}}],\"inLanguage\":\"de\"},{\"@type\":\"Organization\",\"@id\":\"https:\\\/\\\/www.organisator.ch\\\/#organization\",\"name\":\"Organisator\",\"url\":\"https:\\\/\\\/www.organisator.ch\\\/\",\"logo\":{\"@type\":\"ImageObject\",\"inLanguage\":\"de\",\"@id\":\"https:\\\/\\\/www.organisator.ch\\\/#\\\/schema\\\/logo\\\/image\\\/\",\"url\":\"https:\\\/\\\/www.organisator.ch\\\/wp-content\\\/uploads\\\/2022\\\/01\\\/Logo_Organisator_Website.png\",\"contentUrl\":\"https:\\\/\\\/www.organisator.ch\\\/wp-content\\\/uploads\\\/2022\\\/01\\\/Logo_Organisator_Website.png\",\"width\":800,\"height\":77,\"caption\":\"Organisator\"},\"image\":{\"@id\":\"https:\\\/\\\/www.organisator.ch\\\/#\\\/schema\\\/logo\\\/image\\\/\"},\"sameAs\":[\"https:\\\/\\\/www.facebook.com\\\/OrganisatorFachmagazin\",\"https:\\\/\\\/www.linkedin.com\\\/showcase\\\/organisator-das-magazin-fr-kmu\",\"https:\\\/\\\/www.xing.com\\\/news\\\/pages\\\/organisator-ch-695\",\"https:\\\/\\\/www.youtube.com\\\/channel\\\/UCGP2Sq0iWaZwT3BdIAQFYpw\"]},{\"@type\":\"Person\",\"@id\":\"https:\\\/\\\/www.organisator.ch\\\/#\\\/schema\\\/person\\\/4e51799071cd2dd1232ac003643ef5f0\",\"name\":\"galledia\",\"image\":{\"@type\":\"ImageObject\",\"inLanguage\":\"de\",\"@id\":\"https:\\\/\\\/secure.gravatar.com\\\/avatar\\\/78a7f90c01fc2bfc875782a0d4922b37cde2cf184ce347b91316d23cd7f69a36?s=96&d=mm&r=g\",\"url\":\"https:\\\/\\\/secure.gravatar.com\\\/avatar\\\/78a7f90c01fc2bfc875782a0d4922b37cde2cf184ce347b91316d23cd7f69a36?s=96&d=mm&r=g\",\"contentUrl\":\"https:\\\/\\\/secure.gravatar.com\\\/avatar\\\/78a7f90c01fc2bfc875782a0d4922b37cde2cf184ce347b91316d23cd7f69a36?s=96&d=mm&r=g\",\"caption\":\"galledia\"},\"sameAs\":[\"https:\\\/\\\/x.com\\\/admin\"],\"url\":\"https:\\\/\\\/www.organisator.ch\\\/de\\\/author\\\/galledia\\\/\"}]}<\/script>\n<!-- \/ Yoast SEO plugin. -->","yoast_head_json":{"title":"European Sustainability Week setzt starkes Zeichen f\u00fcr Nachhaltigkeit - Organisator","description":"Vertreter:innen aus Wirtschaft und Politik bekennen sich trotz politischem Gegenwind an der European Sustainability Week 2025 deutlich zu Nachhaltigkeit.","robots":{"index":"index","follow":"follow","max-snippet":"max-snippet:-1","max-image-preview":"max-image-preview:large","max-video-preview":"max-video-preview:-1"},"canonical":"https:\/\/www.organisator.ch\/de\/sustainability\/2025-11-27\/european-sustainability-week-setzt-starkes-zeichen-fuer-nachhaltigkeit\/","og_locale":"de_DE","og_type":"article","og_title":"European Sustainability Week setzt starkes Zeichen f\u00fcr Nachhaltigkeit - Organisator","og_description":"Vertreter:innen aus Wirtschaft und Politik bekennen sich trotz politischem Gegenwind an der European Sustainability Week 2025 deutlich zu Nachhaltigkeit.","og_url":"https:\/\/www.organisator.ch\/de\/sustainability\/2025-11-27\/european-sustainability-week-setzt-starkes-zeichen-fuer-nachhaltigkeit\/","og_site_name":"Organisator","article_publisher":"https:\/\/www.facebook.com\/OrganisatorFachmagazin","article_published_time":"2025-11-27T15:51:29+00:00","article_modified_time":"2025-11-28T06:28:31+00:00","author":"galledia","twitter_card":"summary_large_image","twitter_creator":"@admin","schema":{"@context":"https:\/\/schema.org","@graph":[{"@type":"Article","@id":"https:\/\/www.organisator.ch\/sustainability\/2025-11-27\/european-sustainability-week-setzt-starkes-zeichen-fuer-nachhaltigkeit\/#article","isPartOf":{"@id":"https:\/\/www.organisator.ch\/sustainability\/2025-11-27\/european-sustainability-week-setzt-starkes-zeichen-fuer-nachhaltigkeit\/"},"author":{"name":"galledia","@id":"https:\/\/www.organisator.ch\/#\/schema\/person\/4e51799071cd2dd1232ac003643ef5f0"},"headline":"European Sustainability Week setzt starkes Zeichen f\u00fcr Nachhaltigkeit","datePublished":"2025-11-27T15:51:29+00:00","dateModified":"2025-11-28T06:28:31+00:00","mainEntityOfPage":{"@id":"https:\/\/www.organisator.ch\/sustainability\/2025-11-27\/european-sustainability-week-setzt-starkes-zeichen-fuer-nachhaltigkeit\/"},"wordCount":374,"publisher":{"@id":"https:\/\/www.organisator.ch\/#organization"},"image":{"@id":"https:\/\/www.organisator.ch\/sustainability\/2025-11-27\/european-sustainability-week-setzt-starkes-zeichen-fuer-nachhaltigkeit\/#primaryimage"},"thumbnailUrl":"https:\/\/www.m-q.ch\/wp-content\/uploads\/2025\/11\/European-Sustainability-Week-setzt-starkes-Zeichen-fuer-Nachhaltigkeit_MQ.jpg","keywords":["Business Excellence","Europa","Fachkongress\/Fachmesse","Nachhaltige Wirtschaft","Wirtschaftspolitik"],"articleSection":["SUSTAINABILITY"],"inLanguage":"de"},{"@type":"WebPage","@id":"https:\/\/www.organisator.ch\/sustainability\/2025-11-27\/european-sustainability-week-setzt-starkes-zeichen-fuer-nachhaltigkeit\/","url":"https:\/\/www.organisator.ch\/sustainability\/2025-11-27\/european-sustainability-week-setzt-starkes-zeichen-fuer-nachhaltigkeit\/","name":"European Sustainability Week setzt starkes Zeichen f\u00fcr Nachhaltigkeit - Organisator","isPartOf":{"@id":"https:\/\/www.organisator.ch\/#website"},"primaryImageOfPage":{"@id":"https:\/\/www.organisator.ch\/sustainability\/2025-11-27\/european-sustainability-week-setzt-starkes-zeichen-fuer-nachhaltigkeit\/#primaryimage"},"image":{"@id":"https:\/\/www.organisator.ch\/sustainability\/2025-11-27\/european-sustainability-week-setzt-starkes-zeichen-fuer-nachhaltigkeit\/#primaryimage"},"thumbnailUrl":"https:\/\/www.m-q.ch\/wp-content\/uploads\/2025\/11\/European-Sustainability-Week-setzt-starkes-Zeichen-fuer-Nachhaltigkeit_MQ.jpg","datePublished":"2025-11-27T15:51:29+00:00","dateModified":"2025-11-28T06:28:31+00:00","description":"Vertreter:innen aus Wirtschaft und Politik bekennen sich trotz politischem Gegenwind an der European Sustainability Week 2025 deutlich zu Nachhaltigkeit.","breadcrumb":{"@id":"https:\/\/www.organisator.ch\/sustainability\/2025-11-27\/european-sustainability-week-setzt-starkes-zeichen-fuer-nachhaltigkeit\/#breadcrumb"},"inLanguage":"de","potentialAction":[{"@type":"ReadAction","target":["https:\/\/www.organisator.ch\/sustainability\/2025-11-27\/european-sustainability-week-setzt-starkes-zeichen-fuer-nachhaltigkeit\/"]}]},{"@type":"ImageObject","inLanguage":"de","@id":"https:\/\/www.organisator.ch\/sustainability\/2025-11-27\/european-sustainability-week-setzt-starkes-zeichen-fuer-nachhaltigkeit\/#primaryimage","url":"https:\/\/www.m-q.ch\/wp-content\/uploads\/2025\/11\/European-Sustainability-Week-setzt-starkes-Zeichen-fuer-Nachhaltigkeit_MQ.jpg","contentUrl":"https:\/\/www.m-q.ch\/wp-content\/uploads\/2025\/11\/European-Sustainability-Week-setzt-starkes-Zeichen-fuer-Nachhaltigkeit_MQ.jpg"},{"@type":"BreadcrumbList","@id":"https:\/\/www.organisator.ch\/sustainability\/2025-11-27\/european-sustainability-week-setzt-starkes-zeichen-fuer-nachhaltigkeit\/#breadcrumb","itemListElement":[{"@type":"ListItem","position":1,"name":"Home","item":"https:\/\/www.organisator.ch\/"},{"@type":"ListItem","position":2,"name":"European Sustainability Week setzt starkes Zeichen f\u00fcr Nachhaltigkeit"}]},{"@type":"WebSite","@id":"https:\/\/www.organisator.ch\/#website","url":"https:\/\/www.organisator.ch\/","name":"Organisator","description":"Kompetent. Praxisnah. Der ORGANISATOR bereitet in 10 Ausgaben pro Jahr die wesentlichen Themen f\u00fcr F\u00fchrungskr\u00e4fte von KMU auf.","publisher":{"@id":"https:\/\/www.organisator.ch\/#organization"},"potentialAction":[{"@type":"SearchAction","target":{"@type":"EntryPoint","urlTemplate":"https:\/\/www.organisator.ch\/?s={search_term_string}"},"query-input":{"@type":"PropertyValueSpecification","valueRequired":true,"valueName":"search_term_string"}}],"inLanguage":"de"},{"@type":"Organization","@id":"https:\/\/www.organisator.ch\/#organization","name":"Organisator","url":"https:\/\/www.organisator.ch\/","logo":{"@type":"ImageObject","inLanguage":"de","@id":"https:\/\/www.organisator.ch\/#\/schema\/logo\/image\/","url":"https:\/\/www.organisator.ch\/wp-content\/uploads\/2022\/01\/Logo_Organisator_Website.png","contentUrl":"https:\/\/www.organisator.ch\/wp-content\/uploads\/2022\/01\/Logo_Organisator_Website.png","width":800,"height":77,"caption":"Organisator"},"image":{"@id":"https:\/\/www.organisator.ch\/#\/schema\/logo\/image\/"},"sameAs":["https:\/\/www.facebook.com\/OrganisatorFachmagazin","https:\/\/www.linkedin.com\/showcase\/organisator-das-magazin-fr-kmu","https:\/\/www.xing.com\/news\/pages\/organisator-ch-695","https:\/\/www.youtube.com\/channel\/UCGP2Sq0iWaZwT3BdIAQFYpw"]},{"@type":"Person","@id":"https:\/\/www.organisator.ch\/#\/schema\/person\/4e51799071cd2dd1232ac003643ef5f0","name":"galledia","image":{"@type":"ImageObject","inLanguage":"de","@id":"https:\/\/secure.gravatar.com\/avatar\/78a7f90c01fc2bfc875782a0d4922b37cde2cf184ce347b91316d23cd7f69a36?s=96&d=mm&r=g","url":"https:\/\/secure.gravatar.com\/avatar\/78a7f90c01fc2bfc875782a0d4922b37cde2cf184ce347b91316d23cd7f69a36?s=96&d=mm&r=g","contentUrl":"https:\/\/secure.gravatar.com\/avatar\/78a7f90c01fc2bfc875782a0d4922b37cde2cf184ce347b91316d23cd7f69a36?s=96&d=mm&r=g","caption":"galledia"},"sameAs":["https:\/\/x.com\/admin"],"url":"https:\/\/www.organisator.ch\/de\/author\/galledia\/"}]}},"_links":{"self":[{"href":"https:\/\/www.organisator.ch\/de\/wp-json\/wp\/v2\/posts\/42324","targetHints":{"allow":["GET"]}}],"collection":[{"href":"https:\/\/www.organisator.ch\/de\/wp-json\/wp\/v2\/posts"}],"about":[{"href":"https:\/\/www.organisator.ch\/de\/wp-json\/wp\/v2\/types\/post"}],"author":[{"embeddable":true,"href":"https:\/\/www.organisator.ch\/de\/wp-json\/wp\/v2\/users\/8"}],"replies":[{"embeddable":true,"href":"https:\/\/www.organisator.ch\/de\/wp-json\/wp\/v2\/comments?post=42324"}],"version-history":[{"count":2,"href":"https:\/\/www.organisator.ch\/de\/wp-json\/wp\/v2\/posts\/42324\/revisions"}],"predecessor-version":[{"id":42342,"href":"https:\/\/www.organisator.ch\/de\/wp-json\/wp\/v2\/posts\/42324\/revisions\/42342"}],"wp:attachment":[{"href":"https:\/\/www.organisator.ch\/de\/wp-json\/wp\/v2\/media?parent=42324"}],"wp:term":[{"taxonomy":"category","embeddable":true,"href":"https:\/\/www.organisator.ch\/de\/wp-json\/wp\/v2\/categories?post=42324"},{"taxonomy":"post_tag","embeddable":true,"href":"https:\/\/www.organisator.ch\/de\/wp-json\/wp\/v2\/tags?post=42324"}],"curies":[{"name":"wp","href":"https:\/\/api.w.org\/{rel}","templated":true}]}}