{"id":4242,"date":"2018-09-14T17:30:01","date_gmt":"2018-09-14T15:30:01","guid":{"rendered":"https:\/\/www.organisator.ch\/?p=4242"},"modified":"2018-09-14T17:30:01","modified_gmt":"2018-09-14T15:30:01","slug":"kmu-swiss-podium-2018-wie-beeinflusst-die-generation-y-die-arbeitswelt-von-morgen","status":"publish","type":"post","link":"https:\/\/www.organisator.ch\/de\/management\/2018-09-14\/kmu-swiss-podium-2018-wie-beeinflusst-die-generation-y-die-arbeitswelt-von-morgen\/","title":{"rendered":"KMU Swiss Podium 2018: Wie beeinflusst die Generation Y die Arbeitswelt von morgen?"},"content":{"rendered":"<figure id=\"attachment_4243\" aria-describedby=\"caption-attachment-4243\" style=\"width: 640px\" class=\"wp-caption alignnone\"><img loading=\"lazy\" decoding=\"async\" class=\"size-full wp-image-4243\" src=\"https:\/\/www.organisator.ch\/wp-content\/uploads\/2018\/09\/Wie-beeinflusst-die-Generation-Y-die-Arbeitswelt-von-morgen_Organisator.jpg\" alt=\"\" width=\"640\" height=\"360\" srcset=\"https:\/\/www.organisator.ch\/wp-content\/uploads\/2018\/09\/Wie-beeinflusst-die-Generation-Y-die-Arbeitswelt-von-morgen_Organisator.jpg 640w, https:\/\/www.organisator.ch\/wp-content\/uploads\/2018\/09\/Wie-beeinflusst-die-Generation-Y-die-Arbeitswelt-von-morgen_Organisator-16x9.jpg 16w, https:\/\/www.organisator.ch\/wp-content\/uploads\/2018\/09\/Wie-beeinflusst-die-Generation-Y-die-Arbeitswelt-von-morgen_Organisator-311x175.jpg 311w, https:\/\/www.organisator.ch\/wp-content\/uploads\/2018\/09\/Wie-beeinflusst-die-Generation-Y-die-Arbeitswelt-von-morgen_Organisator-622x350.jpg 622w, https:\/\/www.organisator.ch\/wp-content\/uploads\/2018\/09\/Wie-beeinflusst-die-Generation-Y-die-Arbeitswelt-von-morgen_Organisator-300x169.jpg 300w\" sizes=\"auto, (max-width: 640px) 100vw, 640px\" \/><figcaption id=\"caption-attachment-4243\" class=\"wp-caption-text\">Armin Baumann und Pascal Scherrer (rechts) im Gespr\u00e4ch auf dem KMU Swiss Podium 2018. (Bild: zVg \/ KMU Swiss Podium)<\/figcaption><\/figure>\n<p>Wird alles anders bei der \u00abGeneration next\u00bb? Rund 300 Teilnehmerinnen und Teilnehmer erwarteten an der Jubil\u00e4umsausgabe vom KMU SWISS Podium vom 13. September 2018 im Campussaal in Brugg-Windisch mit Spannung die Antwort. Aus Sicht von Pascal Scherrer, Publizistischer Leiter Radio SRF3, funktioniert die Generation Y anders als alle anderen Generationen. Dies erfordert eine Anpassung des F\u00fchrungsstils. \u00abDie Generation Y ist selbstbewusst und ungeduldig. Es ist wichtig, die richtige Mischung aus f\u00f6rdern und fordern zu finden\u00bb, so Pascal Scherrer.<\/p>\n<h2>Die Generation Y<\/h2>\n<p>Die in den 80ern bis fr\u00fchen 2000ern geborene Generation Y geh\u00f6rt zu den Ersten, die in der digitalen Welt aufgewachsen sind, die sogenannten \u00abDigital Natives\u00bb. Der Buchstabe Y (\u00abWhy\u00bb) verweist auf das \u00abWarum\u00bb. \u00abDiese Generation hinterfragt vieles und will auf der Welt einen Fuss-abdruck hinterlassen\u00bb, erkl\u00e4rt Pascal Scherrer weiter. F\u00fcr Armin Baumann, Initiant KMU SWISS, steht fest: \u00abDie Vergangenheit k\u00f6nnen wir nicht \u00e4ndern, aber wir k\u00f6nnen in der Gegenwart agieren und die Zukunft beeinflussen. Die Mentalit\u00e4t der nachfolgenden Generation und auch die Ressour-cen werden sich \u00e4ndern. Ich sehe es als unsere Pflicht, den F\u00fchrungsstil und die Gesch\u00e4ftsmo-delle entsprechend anzupassen.\u00bb<\/p>\n<h2>Einfluss der Generation Y auf kulturelle Veranstaltungen<\/h2>\n<p>Nadja Hauser, Gr\u00fcnderin und Direktorin des gr\u00f6ssten Circus-Festivals der Schweiz, dem \u00abInterna-tional Circus Festival YOUNG STAGE Basel\u00bb, prognostiziert in ihrem Referat: \u00abDie ernste und unterhaltende Kultur wird mehr und mehr verschmelzen. Die Generation Y hat begonnen, mit anderen Genres zusammenzuarbeiten wie beispielsweise mit Ballett, modernem Tanz oder Oper. Es entstehen neue Formate. Die Inhalte werden gehaltvoller.\u00bb<\/p>\n<h2>Innovation<\/h2>\n<p>Viel Innovation ist auch in der Krankenversicherungsbranche gefragt, wie ein Referat von Dr. Thomas J. Grichting, Generalsekret\u00e4r der Groupe Mutuel, zeigt. \u00abWir brauchen innovative L\u00f6sungen, denn es wird eine Verdoppelung der Krankenkassenpr\u00e4mie bis im Jahr 2030 prognosti-ziert.\u00bb Mit ihrer neuen Innovationsstrategie suchen sie neue, frische Ideen und wollen vor allem eines erreichen: ein gutes, bezahlbares Gesundheitssystem, einen regulierten Wettbewerb und keine Staatsmedizin.<\/p>\n<h2>K\u00fcnstliche Intelligenz: Was vermag der Mensch zu leisten?<\/h2>\n<p>\u00abDer Patient der Zukunft will seine Gesundheit selber managen und an Behandlungsentscheidun-gen beteiligt werden. Die k\u00fcnstliche Intelligenz (KI) k\u00f6nnte unser Gesundheitssystem retten\u00bb, berichtete Grichting. Wie die k\u00fcnstliche Intelligenz die Welt ver\u00e4ndern wird, illustrierte Christian Fehrlin, CEO Deep Impact, in seinem Referat. \u00abViele Prozesse werden digitalisiert und durch KI ersetzt. Vor allem repetitive Arbeiten sind davon betroffen. Die Zukunft ist also bereits Realit\u00e4t. Es wird aber noch zirka vier Jahre dauern bis die Rechenleistung der KI die Leistung eines Hirns er-reicht.\u00bb Zu welcher Leistung ein Mensch f\u00e4hig ist, zeigte Eduardo Strauch Urioste in seinem ein-dr\u00fccklichen und emotional geladenen Referat. Er war einer der \u00dcberlebenden des Flugzeugabstur-zes von 1972 in den Anden. \u00abWir haben 72 Tage in 4000 Metern H\u00f6he \u00fcberlebt. In dieser Zeit mussten wir wichtige und schwere Entscheidungen f\u00e4llen, als Team zusammenhalten und auf kei-nen Fall die Hoffnung verlieren. Es ist unglaublich, zu welcher Leistung das menschliche Hirn und der K\u00f6rper in einer solchen Situation f\u00e4hig ist.\u00bb<\/p>\n<h2>Erfolgreicher Abschluss<\/h2>\n<p>Die diversen Referate und auch die Podiumsdiskussion mit Franz Gr\u00fcter, Nationalrat und VRP green.ch, Ronald Christen, CEO Loeb AG, Pascal Scherrer und Armin Baumann regten beim ab-schliessenden Flying Dinner zu interessanten Diskussionen an. Durch das Programm f\u00fchrte die Moderatorin Tamara Sedmak. Erstmals wurde der Anlass live vom KMU SWISS TV-Kanal \u00fcbertra-gen. Die \u00dcbertragung ersetzte jedoch nicht die zahlreichen wertvollen Gespr\u00e4che w\u00e4hrend der Pausen und des Abendessens sowie an den zahlreichen St\u00e4nden.<b><\/b><\/p>\n<p><em>Quelle und weitere Informationen: <a href=\"http:\/\/www.kmuswiss.ch\">KMU Swiss<\/a><\/em><\/p>\n<p>&nbsp;<\/p>\n","protected":false},"excerpt":{"rendered":"<p>Wird alles anders bei der \u00abGeneration next\u00bb? Rund 300 Teilnehmerinnen und Teilnehmer erwarteten an der Jubil\u00e4umsausgabe vom KMU SWISS Podium vom 13. September 2018 im Campussaal in Brugg-Windisch mit Spannung die Antwort. Aus Sicht von Pascal Scherrer, Publizistischer Leiter Radio SRF3, funktioniert die Generation Y anders als alle anderen Generationen. Dies erfordert eine Anpassung des [&hellip;]<\/p>\n","protected":false},"author":4,"featured_media":4243,"comment_status":"open","ping_status":"open","sticky":false,"template":"","format":"standard","meta":{"_acf_changed":false,"_yoast_wpseo_focuskw":"KMU Swiss Podium","_yoast_wpseo_metadesc":"Die 10. Ausgabe des KMU SWISS Podiums besch\u00e4ftigte sich mit der \u00abGeneration next\u00bb und deren Einfluss auf die Arbeitswelt von morgen.","articlekey":"","footnotes":""},"categories":[28],"tags":[193,334,335,496,508],"class_list":["post-4242","post","type-post","status-publish","format-standard","has-post-thumbnail","hentry","category-management","tag-fachkongressfachmesse","tag-management","tag-management-und-unternehmensfuehrung","tag-unternehmensfuehrung","tag-vermischtes"],"acf":[],"yoast_head":"<!-- This site is optimized with the Yoast SEO plugin v27.4 - https:\/\/yoast.com\/product\/yoast-seo-wordpress\/ -->\n<title>KMU Swiss Podium 2018: Wie beeinflusst die Generation Y die Arbeitswelt von morgen? - Organisator<\/title>\n<meta name=\"description\" content=\"Die 10. Ausgabe des KMU SWISS Podiums besch\u00e4ftigte sich mit der \u00abGeneration next\u00bb und deren Einfluss auf die Arbeitswelt von morgen.\" \/>\n<meta name=\"robots\" content=\"index, follow, max-snippet:-1, max-image-preview:large, max-video-preview:-1\" \/>\n<link rel=\"canonical\" href=\"https:\/\/www.organisator.ch\/de\/management\/2018-09-14\/kmu-swiss-podium-2018-wie-beeinflusst-die-generation-y-die-arbeitswelt-von-morgen\/\" \/>\n<meta property=\"og:locale\" content=\"de_DE\" \/>\n<meta property=\"og:type\" content=\"article\" \/>\n<meta property=\"og:title\" content=\"KMU Swiss Podium 2018: Wie beeinflusst die Generation Y die Arbeitswelt von morgen?\" \/>\n<meta property=\"og:description\" content=\"Die 10. Ausgabe des KMU SWISS Podiums besch\u00e4ftigte sich mit der \u00abGeneration next\u00bb und deren Einfluss auf die Arbeitswelt von morgen.\" \/>\n<meta property=\"og:url\" content=\"https:\/\/www.organisator.ch\/de\/management\/2018-09-14\/kmu-swiss-podium-2018-wie-beeinflusst-die-generation-y-die-arbeitswelt-von-morgen\/\" \/>\n<meta property=\"og:site_name\" content=\"Organisator\" \/>\n<meta property=\"article:publisher\" content=\"https:\/\/www.facebook.com\/OrganisatorFachmagazin\" \/>\n<meta property=\"article:published_time\" content=\"2018-09-14T15:30:01+00:00\" \/>\n<meta property=\"og:image\" content=\"https:\/\/www.organisator.ch\/wp-content\/uploads\/2018\/09\/Wie-beeinflusst-die-Generation-Y-die-Arbeitswelt-von-morgen_Organisator.jpg\" \/>\n\t<meta property=\"og:image:width\" content=\"640\" \/>\n\t<meta property=\"og:image:height\" content=\"360\" \/>\n\t<meta property=\"og:image:type\" content=\"image\/jpeg\" \/>\n<meta name=\"author\" content=\"thomas.berner\" \/>\n<meta name=\"twitter:card\" content=\"summary_large_image\" \/>\n<meta name=\"twitter:title\" content=\"KMU Swiss Podium 2018: Wie beeinflusst die Generation Y die #Arbeitswelt von morgen?\" \/>\n<meta name=\"twitter:description\" content=\"Die 10. Ausgabe des KMU SWISS Podiums besch\u00e4ftigte sich mit der \u00abGeneration next\u00bb und deren Einfluss auf die #Arbeitswelt von morgen.\" \/>\n<meta name=\"twitter:image\" content=\"https:\/\/www.organisator.ch\/wp-content\/uploads\/2018\/09\/Wie-beeinflusst-die-Generation-Y-die-Arbeitswelt-von-morgen_Organisator.jpg\" \/>\n<script type=\"application\/ld+json\" class=\"yoast-schema-graph\">{\"@context\":\"https:\\\/\\\/schema.org\",\"@graph\":[{\"@type\":\"Article\",\"@id\":\"https:\\\/\\\/www.organisator.ch\\\/management\\\/2018-09-14\\\/kmu-swiss-podium-2018-wie-beeinflusst-die-generation-y-die-arbeitswelt-von-morgen\\\/#article\",\"isPartOf\":{\"@id\":\"https:\\\/\\\/www.organisator.ch\\\/management\\\/2018-09-14\\\/kmu-swiss-podium-2018-wie-beeinflusst-die-generation-y-die-arbeitswelt-von-morgen\\\/\"},\"author\":{\"name\":\"thomas.berner\",\"@id\":\"https:\\\/\\\/www.organisator.ch\\\/#\\\/schema\\\/person\\\/6f650f90b2842cd4c0cc334b4e36f67e\"},\"headline\":\"KMU Swiss Podium 2018: Wie beeinflusst die Generation Y die Arbeitswelt von morgen?\",\"datePublished\":\"2018-09-14T15:30:01+00:00\",\"mainEntityOfPage\":{\"@id\":\"https:\\\/\\\/www.organisator.ch\\\/management\\\/2018-09-14\\\/kmu-swiss-podium-2018-wie-beeinflusst-die-generation-y-die-arbeitswelt-von-morgen\\\/\"},\"wordCount\":617,\"commentCount\":0,\"publisher\":{\"@id\":\"https:\\\/\\\/www.organisator.ch\\\/#organization\"},\"image\":{\"@id\":\"https:\\\/\\\/www.organisator.ch\\\/management\\\/2018-09-14\\\/kmu-swiss-podium-2018-wie-beeinflusst-die-generation-y-die-arbeitswelt-von-morgen\\\/#primaryimage\"},\"thumbnailUrl\":\"https:\\\/\\\/www.organisator.ch\\\/wp-content\\\/uploads\\\/2018\\\/09\\\/Wie-beeinflusst-die-Generation-Y-die-Arbeitswelt-von-morgen_Organisator.jpg\",\"keywords\":[\"Fachkongress\\\/Fachmesse\",\"Management\",\"Management und Unternehmensf\u00fchrung\",\"Unternehmensf\u00fchrung\",\"Vermischtes\"],\"articleSection\":[\"MANAGEMENT\"],\"inLanguage\":\"de\"},{\"@type\":\"WebPage\",\"@id\":\"https:\\\/\\\/www.organisator.ch\\\/management\\\/2018-09-14\\\/kmu-swiss-podium-2018-wie-beeinflusst-die-generation-y-die-arbeitswelt-von-morgen\\\/\",\"url\":\"https:\\\/\\\/www.organisator.ch\\\/management\\\/2018-09-14\\\/kmu-swiss-podium-2018-wie-beeinflusst-die-generation-y-die-arbeitswelt-von-morgen\\\/\",\"name\":\"KMU Swiss Podium 2018: Wie beeinflusst die Generation Y die Arbeitswelt von morgen? - Organisator\",\"isPartOf\":{\"@id\":\"https:\\\/\\\/www.organisator.ch\\\/#website\"},\"primaryImageOfPage\":{\"@id\":\"https:\\\/\\\/www.organisator.ch\\\/management\\\/2018-09-14\\\/kmu-swiss-podium-2018-wie-beeinflusst-die-generation-y-die-arbeitswelt-von-morgen\\\/#primaryimage\"},\"image\":{\"@id\":\"https:\\\/\\\/www.organisator.ch\\\/management\\\/2018-09-14\\\/kmu-swiss-podium-2018-wie-beeinflusst-die-generation-y-die-arbeitswelt-von-morgen\\\/#primaryimage\"},\"thumbnailUrl\":\"https:\\\/\\\/www.organisator.ch\\\/wp-content\\\/uploads\\\/2018\\\/09\\\/Wie-beeinflusst-die-Generation-Y-die-Arbeitswelt-von-morgen_Organisator.jpg\",\"datePublished\":\"2018-09-14T15:30:01+00:00\",\"description\":\"Die 10. Ausgabe des KMU SWISS Podiums besch\u00e4ftigte sich mit der \u00abGeneration next\u00bb und deren Einfluss auf die Arbeitswelt von morgen.\",\"breadcrumb\":{\"@id\":\"https:\\\/\\\/www.organisator.ch\\\/management\\\/2018-09-14\\\/kmu-swiss-podium-2018-wie-beeinflusst-die-generation-y-die-arbeitswelt-von-morgen\\\/#breadcrumb\"},\"inLanguage\":\"de\",\"potentialAction\":[{\"@type\":\"ReadAction\",\"target\":[\"https:\\\/\\\/www.organisator.ch\\\/management\\\/2018-09-14\\\/kmu-swiss-podium-2018-wie-beeinflusst-die-generation-y-die-arbeitswelt-von-morgen\\\/\"]}]},{\"@type\":\"ImageObject\",\"inLanguage\":\"de\",\"@id\":\"https:\\\/\\\/www.organisator.ch\\\/management\\\/2018-09-14\\\/kmu-swiss-podium-2018-wie-beeinflusst-die-generation-y-die-arbeitswelt-von-morgen\\\/#primaryimage\",\"url\":\"https:\\\/\\\/www.organisator.ch\\\/wp-content\\\/uploads\\\/2018\\\/09\\\/Wie-beeinflusst-die-Generation-Y-die-Arbeitswelt-von-morgen_Organisator.jpg\",\"contentUrl\":\"https:\\\/\\\/www.organisator.ch\\\/wp-content\\\/uploads\\\/2018\\\/09\\\/Wie-beeinflusst-die-Generation-Y-die-Arbeitswelt-von-morgen_Organisator.jpg\",\"width\":640,\"height\":360,\"caption\":\"Armin Baumann und Pascal Scherrer (rechts) im Gespr\u00e4ch auf dem KMU Swiss Podium 2018. (Bild: zVg \\\/ KMU Swiss Podium)\"},{\"@type\":\"BreadcrumbList\",\"@id\":\"https:\\\/\\\/www.organisator.ch\\\/management\\\/2018-09-14\\\/kmu-swiss-podium-2018-wie-beeinflusst-die-generation-y-die-arbeitswelt-von-morgen\\\/#breadcrumb\",\"itemListElement\":[{\"@type\":\"ListItem\",\"position\":1,\"name\":\"Home\",\"item\":\"https:\\\/\\\/www.organisator.ch\\\/\"},{\"@type\":\"ListItem\",\"position\":2,\"name\":\"KMU Swiss Podium 2018: Wie beeinflusst die Generation Y die Arbeitswelt von morgen?\"}]},{\"@type\":\"WebSite\",\"@id\":\"https:\\\/\\\/www.organisator.ch\\\/#website\",\"url\":\"https:\\\/\\\/www.organisator.ch\\\/\",\"name\":\"Organisator\",\"description\":\"Kompetent. Praxisnah. Der ORGANISATOR bereitet in 10 Ausgaben pro Jahr die wesentlichen Themen f\u00fcr F\u00fchrungskr\u00e4fte von KMU auf.\",\"publisher\":{\"@id\":\"https:\\\/\\\/www.organisator.ch\\\/#organization\"},\"potentialAction\":[{\"@type\":\"SearchAction\",\"target\":{\"@type\":\"EntryPoint\",\"urlTemplate\":\"https:\\\/\\\/www.organisator.ch\\\/?s={search_term_string}\"},\"query-input\":{\"@type\":\"PropertyValueSpecification\",\"valueRequired\":true,\"valueName\":\"search_term_string\"}}],\"inLanguage\":\"de\"},{\"@type\":\"Organization\",\"@id\":\"https:\\\/\\\/www.organisator.ch\\\/#organization\",\"name\":\"Organisator\",\"url\":\"https:\\\/\\\/www.organisator.ch\\\/\",\"logo\":{\"@type\":\"ImageObject\",\"inLanguage\":\"de\",\"@id\":\"https:\\\/\\\/www.organisator.ch\\\/#\\\/schema\\\/logo\\\/image\\\/\",\"url\":\"https:\\\/\\\/www.organisator.ch\\\/wp-content\\\/uploads\\\/2022\\\/01\\\/Logo_Organisator_Website.png\",\"contentUrl\":\"https:\\\/\\\/www.organisator.ch\\\/wp-content\\\/uploads\\\/2022\\\/01\\\/Logo_Organisator_Website.png\",\"width\":800,\"height\":77,\"caption\":\"Organisator\"},\"image\":{\"@id\":\"https:\\\/\\\/www.organisator.ch\\\/#\\\/schema\\\/logo\\\/image\\\/\"},\"sameAs\":[\"https:\\\/\\\/www.facebook.com\\\/OrganisatorFachmagazin\",\"https:\\\/\\\/www.linkedin.com\\\/showcase\\\/organisator-das-magazin-fr-kmu\",\"https:\\\/\\\/www.xing.com\\\/news\\\/pages\\\/organisator-ch-695\",\"https:\\\/\\\/www.youtube.com\\\/channel\\\/UCGP2Sq0iWaZwT3BdIAQFYpw\"]},{\"@type\":\"Person\",\"@id\":\"https:\\\/\\\/www.organisator.ch\\\/#\\\/schema\\\/person\\\/6f650f90b2842cd4c0cc334b4e36f67e\",\"name\":\"thomas.berner\",\"image\":{\"@type\":\"ImageObject\",\"inLanguage\":\"de\",\"@id\":\"https:\\\/\\\/secure.gravatar.com\\\/avatar\\\/ac5001d2a36cb6c6cd3e50789007ffca834b477b74a2144564522e944eabff61?s=96&d=mm&r=g\",\"url\":\"https:\\\/\\\/secure.gravatar.com\\\/avatar\\\/ac5001d2a36cb6c6cd3e50789007ffca834b477b74a2144564522e944eabff61?s=96&d=mm&r=g\",\"contentUrl\":\"https:\\\/\\\/secure.gravatar.com\\\/avatar\\\/ac5001d2a36cb6c6cd3e50789007ffca834b477b74a2144564522e944eabff61?s=96&d=mm&r=g\",\"caption\":\"thomas.berner\"},\"url\":\"https:\\\/\\\/www.organisator.ch\\\/de\\\/author\\\/thomas-berner\\\/\"}]}<\/script>\n<!-- \/ Yoast SEO plugin. -->","yoast_head_json":{"title":"KMU Swiss Podium 2018: Wie beeinflusst die Generation Y die Arbeitswelt von morgen? - Organisator","description":"Die 10. Ausgabe des KMU SWISS Podiums besch\u00e4ftigte sich mit der \u00abGeneration next\u00bb und deren Einfluss auf die Arbeitswelt von morgen.","robots":{"index":"index","follow":"follow","max-snippet":"max-snippet:-1","max-image-preview":"max-image-preview:large","max-video-preview":"max-video-preview:-1"},"canonical":"https:\/\/www.organisator.ch\/de\/management\/2018-09-14\/kmu-swiss-podium-2018-wie-beeinflusst-die-generation-y-die-arbeitswelt-von-morgen\/","og_locale":"de_DE","og_type":"article","og_title":"KMU Swiss Podium 2018: Wie beeinflusst die Generation Y die Arbeitswelt von morgen?","og_description":"Die 10. Ausgabe des KMU SWISS Podiums besch\u00e4ftigte sich mit der \u00abGeneration next\u00bb und deren Einfluss auf die Arbeitswelt von morgen.","og_url":"https:\/\/www.organisator.ch\/de\/management\/2018-09-14\/kmu-swiss-podium-2018-wie-beeinflusst-die-generation-y-die-arbeitswelt-von-morgen\/","og_site_name":"Organisator","article_publisher":"https:\/\/www.facebook.com\/OrganisatorFachmagazin","article_published_time":"2018-09-14T15:30:01+00:00","og_image":[{"width":640,"height":360,"url":"https:\/\/www.organisator.ch\/wp-content\/uploads\/2018\/09\/Wie-beeinflusst-die-Generation-Y-die-Arbeitswelt-von-morgen_Organisator.jpg","type":"image\/jpeg"}],"author":"thomas.berner","twitter_card":"summary_large_image","twitter_title":"KMU Swiss Podium 2018: Wie beeinflusst die Generation Y die #Arbeitswelt von morgen?","twitter_description":"Die 10. Ausgabe des KMU SWISS Podiums besch\u00e4ftigte sich mit der \u00abGeneration next\u00bb und deren Einfluss auf die #Arbeitswelt von morgen.","twitter_image":"https:\/\/www.organisator.ch\/wp-content\/uploads\/2018\/09\/Wie-beeinflusst-die-Generation-Y-die-Arbeitswelt-von-morgen_Organisator.jpg","schema":{"@context":"https:\/\/schema.org","@graph":[{"@type":"Article","@id":"https:\/\/www.organisator.ch\/management\/2018-09-14\/kmu-swiss-podium-2018-wie-beeinflusst-die-generation-y-die-arbeitswelt-von-morgen\/#article","isPartOf":{"@id":"https:\/\/www.organisator.ch\/management\/2018-09-14\/kmu-swiss-podium-2018-wie-beeinflusst-die-generation-y-die-arbeitswelt-von-morgen\/"},"author":{"name":"thomas.berner","@id":"https:\/\/www.organisator.ch\/#\/schema\/person\/6f650f90b2842cd4c0cc334b4e36f67e"},"headline":"KMU Swiss Podium 2018: Wie beeinflusst die Generation Y die Arbeitswelt von morgen?","datePublished":"2018-09-14T15:30:01+00:00","mainEntityOfPage":{"@id":"https:\/\/www.organisator.ch\/management\/2018-09-14\/kmu-swiss-podium-2018-wie-beeinflusst-die-generation-y-die-arbeitswelt-von-morgen\/"},"wordCount":617,"commentCount":0,"publisher":{"@id":"https:\/\/www.organisator.ch\/#organization"},"image":{"@id":"https:\/\/www.organisator.ch\/management\/2018-09-14\/kmu-swiss-podium-2018-wie-beeinflusst-die-generation-y-die-arbeitswelt-von-morgen\/#primaryimage"},"thumbnailUrl":"https:\/\/www.organisator.ch\/wp-content\/uploads\/2018\/09\/Wie-beeinflusst-die-Generation-Y-die-Arbeitswelt-von-morgen_Organisator.jpg","keywords":["Fachkongress\/Fachmesse","Management","Management und Unternehmensf\u00fchrung","Unternehmensf\u00fchrung","Vermischtes"],"articleSection":["MANAGEMENT"],"inLanguage":"de"},{"@type":"WebPage","@id":"https:\/\/www.organisator.ch\/management\/2018-09-14\/kmu-swiss-podium-2018-wie-beeinflusst-die-generation-y-die-arbeitswelt-von-morgen\/","url":"https:\/\/www.organisator.ch\/management\/2018-09-14\/kmu-swiss-podium-2018-wie-beeinflusst-die-generation-y-die-arbeitswelt-von-morgen\/","name":"KMU Swiss Podium 2018: Wie beeinflusst die Generation Y die Arbeitswelt von morgen? - Organisator","isPartOf":{"@id":"https:\/\/www.organisator.ch\/#website"},"primaryImageOfPage":{"@id":"https:\/\/www.organisator.ch\/management\/2018-09-14\/kmu-swiss-podium-2018-wie-beeinflusst-die-generation-y-die-arbeitswelt-von-morgen\/#primaryimage"},"image":{"@id":"https:\/\/www.organisator.ch\/management\/2018-09-14\/kmu-swiss-podium-2018-wie-beeinflusst-die-generation-y-die-arbeitswelt-von-morgen\/#primaryimage"},"thumbnailUrl":"https:\/\/www.organisator.ch\/wp-content\/uploads\/2018\/09\/Wie-beeinflusst-die-Generation-Y-die-Arbeitswelt-von-morgen_Organisator.jpg","datePublished":"2018-09-14T15:30:01+00:00","description":"Die 10. Ausgabe des KMU SWISS Podiums besch\u00e4ftigte sich mit der \u00abGeneration next\u00bb und deren Einfluss auf die Arbeitswelt von morgen.","breadcrumb":{"@id":"https:\/\/www.organisator.ch\/management\/2018-09-14\/kmu-swiss-podium-2018-wie-beeinflusst-die-generation-y-die-arbeitswelt-von-morgen\/#breadcrumb"},"inLanguage":"de","potentialAction":[{"@type":"ReadAction","target":["https:\/\/www.organisator.ch\/management\/2018-09-14\/kmu-swiss-podium-2018-wie-beeinflusst-die-generation-y-die-arbeitswelt-von-morgen\/"]}]},{"@type":"ImageObject","inLanguage":"de","@id":"https:\/\/www.organisator.ch\/management\/2018-09-14\/kmu-swiss-podium-2018-wie-beeinflusst-die-generation-y-die-arbeitswelt-von-morgen\/#primaryimage","url":"https:\/\/www.organisator.ch\/wp-content\/uploads\/2018\/09\/Wie-beeinflusst-die-Generation-Y-die-Arbeitswelt-von-morgen_Organisator.jpg","contentUrl":"https:\/\/www.organisator.ch\/wp-content\/uploads\/2018\/09\/Wie-beeinflusst-die-Generation-Y-die-Arbeitswelt-von-morgen_Organisator.jpg","width":640,"height":360,"caption":"Armin Baumann und Pascal Scherrer (rechts) im Gespr\u00e4ch auf dem KMU Swiss Podium 2018. (Bild: zVg \/ KMU Swiss Podium)"},{"@type":"BreadcrumbList","@id":"https:\/\/www.organisator.ch\/management\/2018-09-14\/kmu-swiss-podium-2018-wie-beeinflusst-die-generation-y-die-arbeitswelt-von-morgen\/#breadcrumb","itemListElement":[{"@type":"ListItem","position":1,"name":"Home","item":"https:\/\/www.organisator.ch\/"},{"@type":"ListItem","position":2,"name":"KMU Swiss Podium 2018: Wie beeinflusst die Generation Y die Arbeitswelt von morgen?"}]},{"@type":"WebSite","@id":"https:\/\/www.organisator.ch\/#website","url":"https:\/\/www.organisator.ch\/","name":"Organisator","description":"Kompetent. Praxisnah. Der ORGANISATOR bereitet in 10 Ausgaben pro Jahr die wesentlichen Themen f\u00fcr F\u00fchrungskr\u00e4fte von KMU auf.","publisher":{"@id":"https:\/\/www.organisator.ch\/#organization"},"potentialAction":[{"@type":"SearchAction","target":{"@type":"EntryPoint","urlTemplate":"https:\/\/www.organisator.ch\/?s={search_term_string}"},"query-input":{"@type":"PropertyValueSpecification","valueRequired":true,"valueName":"search_term_string"}}],"inLanguage":"de"},{"@type":"Organization","@id":"https:\/\/www.organisator.ch\/#organization","name":"Organisator","url":"https:\/\/www.organisator.ch\/","logo":{"@type":"ImageObject","inLanguage":"de","@id":"https:\/\/www.organisator.ch\/#\/schema\/logo\/image\/","url":"https:\/\/www.organisator.ch\/wp-content\/uploads\/2022\/01\/Logo_Organisator_Website.png","contentUrl":"https:\/\/www.organisator.ch\/wp-content\/uploads\/2022\/01\/Logo_Organisator_Website.png","width":800,"height":77,"caption":"Organisator"},"image":{"@id":"https:\/\/www.organisator.ch\/#\/schema\/logo\/image\/"},"sameAs":["https:\/\/www.facebook.com\/OrganisatorFachmagazin","https:\/\/www.linkedin.com\/showcase\/organisator-das-magazin-fr-kmu","https:\/\/www.xing.com\/news\/pages\/organisator-ch-695","https:\/\/www.youtube.com\/channel\/UCGP2Sq0iWaZwT3BdIAQFYpw"]},{"@type":"Person","@id":"https:\/\/www.organisator.ch\/#\/schema\/person\/6f650f90b2842cd4c0cc334b4e36f67e","name":"thomas.berner","image":{"@type":"ImageObject","inLanguage":"de","@id":"https:\/\/secure.gravatar.com\/avatar\/ac5001d2a36cb6c6cd3e50789007ffca834b477b74a2144564522e944eabff61?s=96&d=mm&r=g","url":"https:\/\/secure.gravatar.com\/avatar\/ac5001d2a36cb6c6cd3e50789007ffca834b477b74a2144564522e944eabff61?s=96&d=mm&r=g","contentUrl":"https:\/\/secure.gravatar.com\/avatar\/ac5001d2a36cb6c6cd3e50789007ffca834b477b74a2144564522e944eabff61?s=96&d=mm&r=g","caption":"thomas.berner"},"url":"https:\/\/www.organisator.ch\/de\/author\/thomas-berner\/"}]}},"_links":{"self":[{"href":"https:\/\/www.organisator.ch\/de\/wp-json\/wp\/v2\/posts\/4242","targetHints":{"allow":["GET"]}}],"collection":[{"href":"https:\/\/www.organisator.ch\/de\/wp-json\/wp\/v2\/posts"}],"about":[{"href":"https:\/\/www.organisator.ch\/de\/wp-json\/wp\/v2\/types\/post"}],"author":[{"embeddable":true,"href":"https:\/\/www.organisator.ch\/de\/wp-json\/wp\/v2\/users\/4"}],"replies":[{"embeddable":true,"href":"https:\/\/www.organisator.ch\/de\/wp-json\/wp\/v2\/comments?post=4242"}],"version-history":[{"count":0,"href":"https:\/\/www.organisator.ch\/de\/wp-json\/wp\/v2\/posts\/4242\/revisions"}],"wp:featuredmedia":[{"embeddable":true,"href":"https:\/\/www.organisator.ch\/de\/wp-json\/wp\/v2\/media\/4243"}],"wp:attachment":[{"href":"https:\/\/www.organisator.ch\/de\/wp-json\/wp\/v2\/media?parent=4242"}],"wp:term":[{"taxonomy":"category","embeddable":true,"href":"https:\/\/www.organisator.ch\/de\/wp-json\/wp\/v2\/categories?post=4242"},{"taxonomy":"post_tag","embeddable":true,"href":"https:\/\/www.organisator.ch\/de\/wp-json\/wp\/v2\/tags?post=4242"}],"curies":[{"name":"wp","href":"https:\/\/api.w.org\/{rel}","templated":true}]}}