{"id":42420,"date":"2025-12-02T11:19:11","date_gmt":"2025-12-02T10:19:11","guid":{"rendered":"https:\/\/www.organisator.ch\/?p=42420"},"modified":"2026-01-12T16:24:09","modified_gmt":"2026-01-12T15:24:09","slug":"fuenf-kmu-fuer-den-prix-svc-ostschweiz-2026-nominiert","status":"publish","type":"post","link":"https:\/\/www.organisator.ch\/de\/management\/2025-12-02\/fuenf-kmu-fuer-den-prix-svc-ostschweiz-2026-nominiert\/","title":{"rendered":"F\u00fcnf KMU f\u00fcr den Prix SVC Ostschweiz 2026 nominiert"},"content":{"rendered":"<figure id=\"attachment_42422\" aria-describedby=\"caption-attachment-42422\" style=\"width: 680px\" class=\"wp-caption alignnone\"><img loading=\"lazy\" decoding=\"async\" class=\"size-full wp-image-42422\" src=\"https:\/\/www.organisator.ch\/wp-content\/uploads\/2025\/12\/Fuenf-KMU-fuer-den-Prix-SVC-Ostschweiz-2026-nominiert_Organisator.jpg\" alt=\"\" width=\"680\" height=\"445\" srcset=\"https:\/\/www.organisator.ch\/wp-content\/uploads\/2025\/12\/Fuenf-KMU-fuer-den-Prix-SVC-Ostschweiz-2026-nominiert_Organisator.jpg 680w, https:\/\/www.organisator.ch\/wp-content\/uploads\/2025\/12\/Fuenf-KMU-fuer-den-Prix-SVC-Ostschweiz-2026-nominiert_Organisator-18x12.jpg 18w, https:\/\/www.organisator.ch\/wp-content\/uploads\/2025\/12\/Fuenf-KMU-fuer-den-Prix-SVC-Ostschweiz-2026-nominiert_Organisator-375x245.jpg 375w, https:\/\/www.organisator.ch\/wp-content\/uploads\/2025\/12\/Fuenf-KMU-fuer-den-Prix-SVC-Ostschweiz-2026-nominiert_Organisator-535x350.jpg 535w\" sizes=\"auto, (max-width: 680px) 100vw, 680px\" \/><figcaption id=\"caption-attachment-42422\" class=\"wp-caption-text\">Wer gewinnt den Prix SVC Ostschweiz 2026? F\u00fcnf KMU sind als Finalisten nominiert. (Bild: Thomas Berner)<\/figcaption><\/figure>\n<p>In neun Schweizer Regionen vergibt der SVC, ein unabh\u00e4ngiger Verein zur F\u00f6rderung und Unterst\u00fctzung von KMU in der Schweiz, den Prix SVC an vorbildliche Unternehmen. Mit dem Prix SVC Ostschweiz werden am 5. M\u00e4rz 2026 zum zw\u00f6lften Mal KMU gew\u00fcrdigt, die durch ihre innovativen Produkte und Dienstleistungen, ihre Firmenkultur, die Qualit\u00e4t der Mitarbeitenden und des Managements sowie durch einen nachhaltigen Erfolgsausweis \u00fcberzeugen. Als Finalisten nominiert sind dieses Mal die Maestrani Schweizer Schokoladen AG aus Flawil SG, die optrel AG aus Wattwil SG, die Tisca Tischhauser AG aus B\u00fchler AR, die Velosolutions Schweiz GmbH aus Flims GR und die zeintra AG aus Wil SG.<\/p>\n<p>Die Selektion der Firmen und die Nominationen f\u00fcr den Prix SVC erfolgen ausschliesslich durch eine unabh\u00e4ngige, regional stark verankerte Expertenjury. Andrea Fanzun, Partner und Pr\u00e4sident des Verwaltungsrates der Fanzun AG, leitete den Nominationsprozess als Jurypr\u00e4sident und freut sich bereits auf den Tag der Entscheidung: \u00abEs ist beeindruckend, wie viele inspirierende Unternehmen aus der Ostschweiz wir auch bei diesem Prix SVC kennenlernen durften. Alle f\u00fcnf nominierten Unternehmen sind verdiente Preistr\u00e4ger. Ich freue mich sehr auf das grosse Finale und darauf, diesen exzellenten KMU aus unserer Region ein w\u00fcrdiges Schaufenster zu bieten.\u00bb<\/p>\n<p>Die Preisverleihung findet am Donnerstag, 5. M\u00e4rz 2026 in den Olma-Messehallen in St.Gallen statt. Erwartet werden gegen 1&#8217;000 G\u00e4ste aus Wirtschaft, Wissenschaft, Politik und Kultur.<\/p>\n<h3><strong>F\u00fcnf \u00fcberzeugende Erfolgsgeschichten aus der Ostschweiz<\/strong><\/h3>\n<p>(in alphabetischer Reihenfolge)<\/p>\n<p><strong>Maestrani Schweizer Schokoladen AG<\/strong><\/p>\n<p>Die Maestrani Schweizer Schokoladen AG ist eine traditionsreiche Schokoladenfabrik aus Flawil, gegr\u00fcndet 1852 von Aquilino Maestrani. Das Unternehmen besch\u00e4ftigt rund 250 Mitarbeitende, davon 160 in der Schweiz, und vereint die Leidenschaft f\u00fcr Schokolade und hochwertige Schweizer Schokoladenkunst mit starkem Fokus auf Nachhaltigkeit. Seit 2017 existiert mit dem Maestrani&#8217;s Chocolarium eine Besucher- und Erlebniswelt direkt im Werk \u2013 sie zieht jedes Jahr \u00fcber 230 000 Personen an und bietet Einblick in die Schokoladenherstellung. Mit der Integration der Premium Pralinen von Avelines und der \u00dcbernahme der Marke Chocolat Ammann erweiterte Maestrani in den letzten Jahren ihr Sortiment, neben ihren etablierten Lovebrands Munz und Minor, und konnte seine Position im Markt st\u00e4rken. \/ <a href=\"http:\/\/www.maestrani.ch\/\">www.maestrani.ch<\/a><\/p>\n<p><strong>optrel AG<\/strong><\/p>\n<p>Die optrel AG aus Wattwil wurde 1986 gegr\u00fcndet und besch\u00e4ftigt heute \u00fcber 100 Mitarbeitende. Das Unternehmen hat sich als weltweit f\u00fchrender Anbieter innovativer Schweisser- und Atemschutzl\u00f6sungen etabliert. Die Besonderheit der optrel-Produkte liegt in ihrer hochentwickelten Technologie: automatische Abdunkelung, optimaler Tragekomfort, maximale Sicherheit sowie individuell anpassbare L\u00f6sungen statt Massenware. Stets mit Blick f\u00fcr \u00e4sthetisches Design. Produziert wird konsequent \u00abSwiss Made\u00bb im Toggenburg. Getrieben von Innovationsgeist und technologischer Leidenschaft trat die familiengef\u00fchrte Muttergesellschaft 2021 in den Markt f\u00fcr aktive Sonnenbrillen ein und gr\u00fcndete 2022 die Sportmarke react, die heute von der optrel sports ag vertrieben wird. \/ <a href=\"http:\/\/www.optrel.com\/\">www.optrel.com<\/a><\/p>\n<p><strong>Tisca Tischhauser AG<\/strong><\/p>\n<p>Die Tisca Tischhauser AG ist ein unabh\u00e4ngiges, familiengef\u00fchrtes Textilunternehmen mit Standorten in B\u00fchler, Urn\u00e4sch und Sennwald. Gegr\u00fcndet 1940 von Anton Tischhauser sen. besch\u00e4ftigt die Gruppe aktuell rund 400 Mitarbeitende und produziert vorwiegend in der Schweiz. Die St\u00e4rke von Tisca liegt in der Vielfalt und Flexibilit\u00e4t: Als Komplettanbieter fertigt das Unternehmen Teppichb\u00f6den, Vorh\u00e4nge, M\u00f6bel- und Dekorationsstoffe sowie textile Bel\u00e4ge f\u00fcr Sport, Transport und Innenr\u00e4ume \u2013 und schafft so textile L\u00f6sungen f\u00fcr Wohnen, Objekt-, Mobilit\u00e4ts- und Sportbereiche. Tisca bietet eine breite Produktpalette und viel Individualit\u00e4t, auch handgewebte Teppiche und Einzelst\u00fccke werden mit grosser Gestaltungsfreiheit und hoher Qualit\u00e4t gefertigt. \/ <a href=\"http:\/\/www.tisca.com\">www.tisca.com<\/a><\/p>\n<p><strong>Velosolutions Schweiz GmbH<\/strong><\/p>\n<p>Die Velosolutions Schweiz GmbH mit Sitz in Flims wurde 2004 vom ehemaligen Mountainbike-Profi Claudio Caluori gegr\u00fcndet. Das Unternehmen plant, baut und realisiert Pumptracks, Bikeparks und MTB-Trails auf der ganzen Welt. Das Team von Velosolutions besteht aus zahlreichen Spezialistinnen und Spezialisten aus den Bereichen Bau, Design, Projektmanagement, Marketing und Eventmanagement. Bis heute hat das Unternehmen weltweit 1\u2019000 Pumptracks in mehr als 50 L\u00e4ndern realisiert. Velosolutions ist jedoch mehr als nur ein Bauunternehmen: Es schafft sportliche Freir\u00e4ume, f\u00f6rdert Begegnungsorte f\u00fcr Jung und Alt und unterst\u00fctzt mit \u00abPump for Peace\u00bb soziale sowie gemeinschaftsbildende Projekte in benachteiligten Regionen. Zudem veranstaltet das Unternehmen die offizielle Pumptrack-Weltmeisterschaft. \/ <a href=\"http:\/\/www.velosolutions.com\">www.velosolutions.com<\/a><\/p>\n<p><strong>zeintra AG<\/strong><\/p>\n<p>Die zeintra AG ist auf die Entwicklung und Herstellung technischer B\u00fcrsten f\u00fcr vielseitige Einsatzzwecke spezialisiert. Die Firma wurde 1913 gegr\u00fcndet, als der B\u00fcrstenmacher Franz Zeintl in Winterthur seine Werkstatt er\u00f6ffnete &#8211; sp\u00e4ter zog das Unternehmen nach Wil um. Heute entwickelt und produziert das Familienunternehmen mit seinen 40 Mitarbeitenden ein breites Spektrum von Produkten f\u00fcr Industrie, Maschinenbau und Spezialanwendungen. Mit mehreren hundert Standardmodellen sowie pr\u00e4zise gefertigten kundenspezifischen L\u00f6sungen bietet zeintra eine aussergew\u00f6hnliche Vielfalt und hohe technische Kompetenz. Das Unternehmen ist stark in der Region verankert und bietet auch gesch\u00fctzte und betreute Arbeitspl\u00e4tze. \/ <a href=\"http:\/\/www.zeintra.ch\">www.zeintra.ch<\/a><\/p>\n<p><em>Quelle: <a href=\"http:\/\/www.svc.swiss\">Swiss Venture Club<\/a><\/em><\/p>\n","protected":false},"excerpt":{"rendered":"<p>Am 5. M\u00e4rz 2026 vergibt das KMU-Netzwerk SVC bereits zum 12. Mal den Prix SVC Ostschweiz. F\u00fcnf erfolgreiche Unternehmen aus der Region sind von der SVC Expertenjury f\u00fcr das Finale nominiert worden und d\u00fcrfen weiterhin auf den Gewinn des renommierten Preises hoffen.<\/p>\n","protected":false},"author":4,"featured_media":42422,"comment_status":"closed","ping_status":"closed","sticky":false,"template":"","format":"standard","meta":{"_acf_changed":false,"_yoast_wpseo_focuskw":"Prix SVC Ostschweiz","_yoast_wpseo_metadesc":"Am 5. M\u00e4rz 2026 vergibt das KMU-Netzwerk SVC bereits zum 12. Mal den Prix SVC Ostschweiz. F\u00fcnf erfolgreiche Unternehmen stehen im Final.","articlekey":"","footnotes":""},"categories":[28],"tags":[66,2996,390,492],"class_list":["post-42420","post","type-post","status-publish","format-standard","has-post-thumbnail","hentry","category-management","tag-awards","tag-ostschweiz","tag-prix-svc","tag-unternehmen"],"acf":[],"yoast_head":"<!-- This site is optimized with the Yoast SEO plugin v27.5 - https:\/\/yoast.com\/product\/yoast-seo-wordpress\/ -->\n<title>F\u00fcnf KMU f\u00fcr den Prix SVC Ostschweiz 2026 nominiert - Organisator<\/title>\n<meta name=\"description\" content=\"Am 5. M\u00e4rz 2026 vergibt das KMU-Netzwerk SVC bereits zum 12. Mal den Prix SVC Ostschweiz. F\u00fcnf erfolgreiche Unternehmen stehen im Final.\" \/>\n<meta name=\"robots\" content=\"index, follow, max-snippet:-1, max-image-preview:large, max-video-preview:-1\" \/>\n<link rel=\"canonical\" href=\"https:\/\/www.organisator.ch\/de\/management\/2025-12-02\/fuenf-kmu-fuer-den-prix-svc-ostschweiz-2026-nominiert\/\" \/>\n<meta property=\"og:locale\" content=\"de_DE\" \/>\n<meta property=\"og:type\" content=\"article\" \/>\n<meta property=\"og:title\" content=\"F\u00fcnf KMU f\u00fcr den Prix SVC Ostschweiz 2026 nominiert\" \/>\n<meta property=\"og:description\" content=\"Am 5. M\u00e4rz 2026 vergibt das KMU-Netzwerk SVC bereits zum 12. Mal den Prix SVC Ostschweiz. F\u00fcnf erfolgreiche Unternehmen stehen im Final.\" \/>\n<meta property=\"og:url\" content=\"https:\/\/www.organisator.ch\/de\/management\/2025-12-02\/fuenf-kmu-fuer-den-prix-svc-ostschweiz-2026-nominiert\/\" \/>\n<meta property=\"og:site_name\" content=\"Organisator\" \/>\n<meta property=\"article:publisher\" content=\"https:\/\/www.facebook.com\/OrganisatorFachmagazin\" \/>\n<meta property=\"article:published_time\" content=\"2025-12-02T10:19:11+00:00\" \/>\n<meta property=\"article:modified_time\" content=\"2026-01-12T15:24:09+00:00\" \/>\n<meta property=\"og:image\" content=\"https:\/\/www.organisator.ch\/wp-content\/uploads\/2025\/12\/Fuenf-KMU-fuer-den-Prix-SVC-Ostschweiz-2026-nominiert_Organisator.jpg\" \/>\n\t<meta property=\"og:image:width\" content=\"680\" \/>\n\t<meta property=\"og:image:height\" content=\"445\" \/>\n\t<meta property=\"og:image:type\" content=\"image\/jpeg\" \/>\n<meta name=\"author\" content=\"thomas.berner\" \/>\n<meta name=\"twitter:card\" content=\"summary_large_image\" \/>\n<meta name=\"twitter:title\" content=\"F\u00fcnf KMU f\u00fcr den Prix #SVC #Ostschweiz 2026 nominiert\" \/>\n<meta name=\"twitter:description\" content=\"Am 5. M\u00e4rz 2026 vergibt das #KMU-Netzwerk #SVC bereits zum 12. Mal den Prix SVC #Ostschweiz. F\u00fcnf erfolgreiche Unternehmen stehen im Final.\" \/>\n<meta name=\"twitter:image\" content=\"https:\/\/www.organisator.ch\/wp-content\/uploads\/2025\/12\/Fuenf-KMU-fuer-den-Prix-SVC-Ostschweiz-2026-nominiert_Organisator.jpg\" \/>\n<script type=\"application\/ld+json\" class=\"yoast-schema-graph\">{\"@context\":\"https:\\\/\\\/schema.org\",\"@graph\":[{\"@type\":\"Article\",\"@id\":\"https:\\\/\\\/www.organisator.ch\\\/management\\\/2025-12-02\\\/fuenf-kmu-fuer-den-prix-svc-ostschweiz-2026-nominiert\\\/#article\",\"isPartOf\":{\"@id\":\"https:\\\/\\\/www.organisator.ch\\\/management\\\/2025-12-02\\\/fuenf-kmu-fuer-den-prix-svc-ostschweiz-2026-nominiert\\\/\"},\"author\":{\"name\":\"thomas.berner\",\"@id\":\"https:\\\/\\\/www.organisator.ch\\\/#\\\/schema\\\/person\\\/6f650f90b2842cd4c0cc334b4e36f67e\"},\"headline\":\"F\u00fcnf KMU f\u00fcr den Prix SVC Ostschweiz 2026 nominiert\",\"datePublished\":\"2025-12-02T10:19:11+00:00\",\"dateModified\":\"2026-01-12T15:24:09+00:00\",\"mainEntityOfPage\":{\"@id\":\"https:\\\/\\\/www.organisator.ch\\\/management\\\/2025-12-02\\\/fuenf-kmu-fuer-den-prix-svc-ostschweiz-2026-nominiert\\\/\"},\"wordCount\":831,\"publisher\":{\"@id\":\"https:\\\/\\\/www.organisator.ch\\\/#organization\"},\"image\":{\"@id\":\"https:\\\/\\\/www.organisator.ch\\\/management\\\/2025-12-02\\\/fuenf-kmu-fuer-den-prix-svc-ostschweiz-2026-nominiert\\\/#primaryimage\"},\"thumbnailUrl\":\"https:\\\/\\\/www.organisator.ch\\\/wp-content\\\/uploads\\\/2025\\\/12\\\/Fuenf-KMU-fuer-den-Prix-SVC-Ostschweiz-2026-nominiert_Organisator.jpg\",\"keywords\":[\"Awards\",\"Ostschweiz\",\"Prix SVC\",\"Unternehmen\"],\"articleSection\":[\"MANAGEMENT\"],\"inLanguage\":\"de\"},{\"@type\":\"WebPage\",\"@id\":\"https:\\\/\\\/www.organisator.ch\\\/management\\\/2025-12-02\\\/fuenf-kmu-fuer-den-prix-svc-ostschweiz-2026-nominiert\\\/\",\"url\":\"https:\\\/\\\/www.organisator.ch\\\/management\\\/2025-12-02\\\/fuenf-kmu-fuer-den-prix-svc-ostschweiz-2026-nominiert\\\/\",\"name\":\"F\u00fcnf KMU f\u00fcr den Prix SVC Ostschweiz 2026 nominiert - Organisator\",\"isPartOf\":{\"@id\":\"https:\\\/\\\/www.organisator.ch\\\/#website\"},\"primaryImageOfPage\":{\"@id\":\"https:\\\/\\\/www.organisator.ch\\\/management\\\/2025-12-02\\\/fuenf-kmu-fuer-den-prix-svc-ostschweiz-2026-nominiert\\\/#primaryimage\"},\"image\":{\"@id\":\"https:\\\/\\\/www.organisator.ch\\\/management\\\/2025-12-02\\\/fuenf-kmu-fuer-den-prix-svc-ostschweiz-2026-nominiert\\\/#primaryimage\"},\"thumbnailUrl\":\"https:\\\/\\\/www.organisator.ch\\\/wp-content\\\/uploads\\\/2025\\\/12\\\/Fuenf-KMU-fuer-den-Prix-SVC-Ostschweiz-2026-nominiert_Organisator.jpg\",\"datePublished\":\"2025-12-02T10:19:11+00:00\",\"dateModified\":\"2026-01-12T15:24:09+00:00\",\"description\":\"Am 5. M\u00e4rz 2026 vergibt das KMU-Netzwerk SVC bereits zum 12. Mal den Prix SVC Ostschweiz. F\u00fcnf erfolgreiche Unternehmen stehen im Final.\",\"breadcrumb\":{\"@id\":\"https:\\\/\\\/www.organisator.ch\\\/management\\\/2025-12-02\\\/fuenf-kmu-fuer-den-prix-svc-ostschweiz-2026-nominiert\\\/#breadcrumb\"},\"inLanguage\":\"de\",\"potentialAction\":[{\"@type\":\"ReadAction\",\"target\":[\"https:\\\/\\\/www.organisator.ch\\\/management\\\/2025-12-02\\\/fuenf-kmu-fuer-den-prix-svc-ostschweiz-2026-nominiert\\\/\"]}]},{\"@type\":\"ImageObject\",\"inLanguage\":\"de\",\"@id\":\"https:\\\/\\\/www.organisator.ch\\\/management\\\/2025-12-02\\\/fuenf-kmu-fuer-den-prix-svc-ostschweiz-2026-nominiert\\\/#primaryimage\",\"url\":\"https:\\\/\\\/www.organisator.ch\\\/wp-content\\\/uploads\\\/2025\\\/12\\\/Fuenf-KMU-fuer-den-Prix-SVC-Ostschweiz-2026-nominiert_Organisator.jpg\",\"contentUrl\":\"https:\\\/\\\/www.organisator.ch\\\/wp-content\\\/uploads\\\/2025\\\/12\\\/Fuenf-KMU-fuer-den-Prix-SVC-Ostschweiz-2026-nominiert_Organisator.jpg\",\"width\":680,\"height\":445,\"caption\":\"Wer gewinnt den Prix SVC Ostschweiz 2026? F\u00fcnf KMU sind als Finalisten nominiert. (Bild: Thomas Berner)\"},{\"@type\":\"BreadcrumbList\",\"@id\":\"https:\\\/\\\/www.organisator.ch\\\/management\\\/2025-12-02\\\/fuenf-kmu-fuer-den-prix-svc-ostschweiz-2026-nominiert\\\/#breadcrumb\",\"itemListElement\":[{\"@type\":\"ListItem\",\"position\":1,\"name\":\"Home\",\"item\":\"https:\\\/\\\/www.organisator.ch\\\/\"},{\"@type\":\"ListItem\",\"position\":2,\"name\":\"F\u00fcnf KMU f\u00fcr den Prix SVC Ostschweiz 2026 nominiert\"}]},{\"@type\":\"WebSite\",\"@id\":\"https:\\\/\\\/www.organisator.ch\\\/#website\",\"url\":\"https:\\\/\\\/www.organisator.ch\\\/\",\"name\":\"Organisator\",\"description\":\"Kompetent. Praxisnah. Der ORGANISATOR bereitet in 10 Ausgaben pro Jahr die wesentlichen Themen f\u00fcr F\u00fchrungskr\u00e4fte von KMU auf.\",\"publisher\":{\"@id\":\"https:\\\/\\\/www.organisator.ch\\\/#organization\"},\"potentialAction\":[{\"@type\":\"SearchAction\",\"target\":{\"@type\":\"EntryPoint\",\"urlTemplate\":\"https:\\\/\\\/www.organisator.ch\\\/?s={search_term_string}\"},\"query-input\":{\"@type\":\"PropertyValueSpecification\",\"valueRequired\":true,\"valueName\":\"search_term_string\"}}],\"inLanguage\":\"de\"},{\"@type\":\"Organization\",\"@id\":\"https:\\\/\\\/www.organisator.ch\\\/#organization\",\"name\":\"Organisator\",\"url\":\"https:\\\/\\\/www.organisator.ch\\\/\",\"logo\":{\"@type\":\"ImageObject\",\"inLanguage\":\"de\",\"@id\":\"https:\\\/\\\/www.organisator.ch\\\/#\\\/schema\\\/logo\\\/image\\\/\",\"url\":\"https:\\\/\\\/www.organisator.ch\\\/wp-content\\\/uploads\\\/2022\\\/01\\\/Logo_Organisator_Website.png\",\"contentUrl\":\"https:\\\/\\\/www.organisator.ch\\\/wp-content\\\/uploads\\\/2022\\\/01\\\/Logo_Organisator_Website.png\",\"width\":800,\"height\":77,\"caption\":\"Organisator\"},\"image\":{\"@id\":\"https:\\\/\\\/www.organisator.ch\\\/#\\\/schema\\\/logo\\\/image\\\/\"},\"sameAs\":[\"https:\\\/\\\/www.facebook.com\\\/OrganisatorFachmagazin\",\"https:\\\/\\\/www.linkedin.com\\\/showcase\\\/organisator-das-magazin-fr-kmu\",\"https:\\\/\\\/www.xing.com\\\/news\\\/pages\\\/organisator-ch-695\",\"https:\\\/\\\/www.youtube.com\\\/channel\\\/UCGP2Sq0iWaZwT3BdIAQFYpw\"]},{\"@type\":\"Person\",\"@id\":\"https:\\\/\\\/www.organisator.ch\\\/#\\\/schema\\\/person\\\/6f650f90b2842cd4c0cc334b4e36f67e\",\"name\":\"thomas.berner\",\"image\":{\"@type\":\"ImageObject\",\"inLanguage\":\"de\",\"@id\":\"https:\\\/\\\/secure.gravatar.com\\\/avatar\\\/ac5001d2a36cb6c6cd3e50789007ffca834b477b74a2144564522e944eabff61?s=96&d=mm&r=g\",\"url\":\"https:\\\/\\\/secure.gravatar.com\\\/avatar\\\/ac5001d2a36cb6c6cd3e50789007ffca834b477b74a2144564522e944eabff61?s=96&d=mm&r=g\",\"contentUrl\":\"https:\\\/\\\/secure.gravatar.com\\\/avatar\\\/ac5001d2a36cb6c6cd3e50789007ffca834b477b74a2144564522e944eabff61?s=96&d=mm&r=g\",\"caption\":\"thomas.berner\"},\"url\":\"https:\\\/\\\/www.organisator.ch\\\/de\\\/author\\\/thomas-berner\\\/\"}]}<\/script>\n<!-- \/ Yoast SEO plugin. -->","yoast_head_json":{"title":"F\u00fcnf KMU f\u00fcr den Prix SVC Ostschweiz 2026 nominiert - Organisator","description":"Am 5. M\u00e4rz 2026 vergibt das KMU-Netzwerk SVC bereits zum 12. Mal den Prix SVC Ostschweiz. F\u00fcnf erfolgreiche Unternehmen stehen im Final.","robots":{"index":"index","follow":"follow","max-snippet":"max-snippet:-1","max-image-preview":"max-image-preview:large","max-video-preview":"max-video-preview:-1"},"canonical":"https:\/\/www.organisator.ch\/de\/management\/2025-12-02\/fuenf-kmu-fuer-den-prix-svc-ostschweiz-2026-nominiert\/","og_locale":"de_DE","og_type":"article","og_title":"F\u00fcnf KMU f\u00fcr den Prix SVC Ostschweiz 2026 nominiert","og_description":"Am 5. M\u00e4rz 2026 vergibt das KMU-Netzwerk SVC bereits zum 12. Mal den Prix SVC Ostschweiz. F\u00fcnf erfolgreiche Unternehmen stehen im Final.","og_url":"https:\/\/www.organisator.ch\/de\/management\/2025-12-02\/fuenf-kmu-fuer-den-prix-svc-ostschweiz-2026-nominiert\/","og_site_name":"Organisator","article_publisher":"https:\/\/www.facebook.com\/OrganisatorFachmagazin","article_published_time":"2025-12-02T10:19:11+00:00","article_modified_time":"2026-01-12T15:24:09+00:00","og_image":[{"width":680,"height":445,"url":"https:\/\/www.organisator.ch\/wp-content\/uploads\/2025\/12\/Fuenf-KMU-fuer-den-Prix-SVC-Ostschweiz-2026-nominiert_Organisator.jpg","type":"image\/jpeg"}],"author":"thomas.berner","twitter_card":"summary_large_image","twitter_title":"F\u00fcnf KMU f\u00fcr den Prix #SVC #Ostschweiz 2026 nominiert","twitter_description":"Am 5. M\u00e4rz 2026 vergibt das #KMU-Netzwerk #SVC bereits zum 12. Mal den Prix SVC #Ostschweiz. F\u00fcnf erfolgreiche Unternehmen stehen im Final.","twitter_image":"https:\/\/www.organisator.ch\/wp-content\/uploads\/2025\/12\/Fuenf-KMU-fuer-den-Prix-SVC-Ostschweiz-2026-nominiert_Organisator.jpg","schema":{"@context":"https:\/\/schema.org","@graph":[{"@type":"Article","@id":"https:\/\/www.organisator.ch\/management\/2025-12-02\/fuenf-kmu-fuer-den-prix-svc-ostschweiz-2026-nominiert\/#article","isPartOf":{"@id":"https:\/\/www.organisator.ch\/management\/2025-12-02\/fuenf-kmu-fuer-den-prix-svc-ostschweiz-2026-nominiert\/"},"author":{"name":"thomas.berner","@id":"https:\/\/www.organisator.ch\/#\/schema\/person\/6f650f90b2842cd4c0cc334b4e36f67e"},"headline":"F\u00fcnf KMU f\u00fcr den Prix SVC Ostschweiz 2026 nominiert","datePublished":"2025-12-02T10:19:11+00:00","dateModified":"2026-01-12T15:24:09+00:00","mainEntityOfPage":{"@id":"https:\/\/www.organisator.ch\/management\/2025-12-02\/fuenf-kmu-fuer-den-prix-svc-ostschweiz-2026-nominiert\/"},"wordCount":831,"publisher":{"@id":"https:\/\/www.organisator.ch\/#organization"},"image":{"@id":"https:\/\/www.organisator.ch\/management\/2025-12-02\/fuenf-kmu-fuer-den-prix-svc-ostschweiz-2026-nominiert\/#primaryimage"},"thumbnailUrl":"https:\/\/www.organisator.ch\/wp-content\/uploads\/2025\/12\/Fuenf-KMU-fuer-den-Prix-SVC-Ostschweiz-2026-nominiert_Organisator.jpg","keywords":["Awards","Ostschweiz","Prix SVC","Unternehmen"],"articleSection":["MANAGEMENT"],"inLanguage":"de"},{"@type":"WebPage","@id":"https:\/\/www.organisator.ch\/management\/2025-12-02\/fuenf-kmu-fuer-den-prix-svc-ostschweiz-2026-nominiert\/","url":"https:\/\/www.organisator.ch\/management\/2025-12-02\/fuenf-kmu-fuer-den-prix-svc-ostschweiz-2026-nominiert\/","name":"F\u00fcnf KMU f\u00fcr den Prix SVC Ostschweiz 2026 nominiert - Organisator","isPartOf":{"@id":"https:\/\/www.organisator.ch\/#website"},"primaryImageOfPage":{"@id":"https:\/\/www.organisator.ch\/management\/2025-12-02\/fuenf-kmu-fuer-den-prix-svc-ostschweiz-2026-nominiert\/#primaryimage"},"image":{"@id":"https:\/\/www.organisator.ch\/management\/2025-12-02\/fuenf-kmu-fuer-den-prix-svc-ostschweiz-2026-nominiert\/#primaryimage"},"thumbnailUrl":"https:\/\/www.organisator.ch\/wp-content\/uploads\/2025\/12\/Fuenf-KMU-fuer-den-Prix-SVC-Ostschweiz-2026-nominiert_Organisator.jpg","datePublished":"2025-12-02T10:19:11+00:00","dateModified":"2026-01-12T15:24:09+00:00","description":"Am 5. M\u00e4rz 2026 vergibt das KMU-Netzwerk SVC bereits zum 12. Mal den Prix SVC Ostschweiz. F\u00fcnf erfolgreiche Unternehmen stehen im Final.","breadcrumb":{"@id":"https:\/\/www.organisator.ch\/management\/2025-12-02\/fuenf-kmu-fuer-den-prix-svc-ostschweiz-2026-nominiert\/#breadcrumb"},"inLanguage":"de","potentialAction":[{"@type":"ReadAction","target":["https:\/\/www.organisator.ch\/management\/2025-12-02\/fuenf-kmu-fuer-den-prix-svc-ostschweiz-2026-nominiert\/"]}]},{"@type":"ImageObject","inLanguage":"de","@id":"https:\/\/www.organisator.ch\/management\/2025-12-02\/fuenf-kmu-fuer-den-prix-svc-ostschweiz-2026-nominiert\/#primaryimage","url":"https:\/\/www.organisator.ch\/wp-content\/uploads\/2025\/12\/Fuenf-KMU-fuer-den-Prix-SVC-Ostschweiz-2026-nominiert_Organisator.jpg","contentUrl":"https:\/\/www.organisator.ch\/wp-content\/uploads\/2025\/12\/Fuenf-KMU-fuer-den-Prix-SVC-Ostschweiz-2026-nominiert_Organisator.jpg","width":680,"height":445,"caption":"Wer gewinnt den Prix SVC Ostschweiz 2026? F\u00fcnf KMU sind als Finalisten nominiert. (Bild: Thomas Berner)"},{"@type":"BreadcrumbList","@id":"https:\/\/www.organisator.ch\/management\/2025-12-02\/fuenf-kmu-fuer-den-prix-svc-ostschweiz-2026-nominiert\/#breadcrumb","itemListElement":[{"@type":"ListItem","position":1,"name":"Home","item":"https:\/\/www.organisator.ch\/"},{"@type":"ListItem","position":2,"name":"F\u00fcnf KMU f\u00fcr den Prix SVC Ostschweiz 2026 nominiert"}]},{"@type":"WebSite","@id":"https:\/\/www.organisator.ch\/#website","url":"https:\/\/www.organisator.ch\/","name":"Organisator","description":"Kompetent. Praxisnah. Der ORGANISATOR bereitet in 10 Ausgaben pro Jahr die wesentlichen Themen f\u00fcr F\u00fchrungskr\u00e4fte von KMU auf.","publisher":{"@id":"https:\/\/www.organisator.ch\/#organization"},"potentialAction":[{"@type":"SearchAction","target":{"@type":"EntryPoint","urlTemplate":"https:\/\/www.organisator.ch\/?s={search_term_string}"},"query-input":{"@type":"PropertyValueSpecification","valueRequired":true,"valueName":"search_term_string"}}],"inLanguage":"de"},{"@type":"Organization","@id":"https:\/\/www.organisator.ch\/#organization","name":"Organisator","url":"https:\/\/www.organisator.ch\/","logo":{"@type":"ImageObject","inLanguage":"de","@id":"https:\/\/www.organisator.ch\/#\/schema\/logo\/image\/","url":"https:\/\/www.organisator.ch\/wp-content\/uploads\/2022\/01\/Logo_Organisator_Website.png","contentUrl":"https:\/\/www.organisator.ch\/wp-content\/uploads\/2022\/01\/Logo_Organisator_Website.png","width":800,"height":77,"caption":"Organisator"},"image":{"@id":"https:\/\/www.organisator.ch\/#\/schema\/logo\/image\/"},"sameAs":["https:\/\/www.facebook.com\/OrganisatorFachmagazin","https:\/\/www.linkedin.com\/showcase\/organisator-das-magazin-fr-kmu","https:\/\/www.xing.com\/news\/pages\/organisator-ch-695","https:\/\/www.youtube.com\/channel\/UCGP2Sq0iWaZwT3BdIAQFYpw"]},{"@type":"Person","@id":"https:\/\/www.organisator.ch\/#\/schema\/person\/6f650f90b2842cd4c0cc334b4e36f67e","name":"thomas.berner","image":{"@type":"ImageObject","inLanguage":"de","@id":"https:\/\/secure.gravatar.com\/avatar\/ac5001d2a36cb6c6cd3e50789007ffca834b477b74a2144564522e944eabff61?s=96&d=mm&r=g","url":"https:\/\/secure.gravatar.com\/avatar\/ac5001d2a36cb6c6cd3e50789007ffca834b477b74a2144564522e944eabff61?s=96&d=mm&r=g","contentUrl":"https:\/\/secure.gravatar.com\/avatar\/ac5001d2a36cb6c6cd3e50789007ffca834b477b74a2144564522e944eabff61?s=96&d=mm&r=g","caption":"thomas.berner"},"url":"https:\/\/www.organisator.ch\/de\/author\/thomas-berner\/"}]}},"_links":{"self":[{"href":"https:\/\/www.organisator.ch\/de\/wp-json\/wp\/v2\/posts\/42420","targetHints":{"allow":["GET"]}}],"collection":[{"href":"https:\/\/www.organisator.ch\/de\/wp-json\/wp\/v2\/posts"}],"about":[{"href":"https:\/\/www.organisator.ch\/de\/wp-json\/wp\/v2\/types\/post"}],"author":[{"embeddable":true,"href":"https:\/\/www.organisator.ch\/de\/wp-json\/wp\/v2\/users\/4"}],"replies":[{"embeddable":true,"href":"https:\/\/www.organisator.ch\/de\/wp-json\/wp\/v2\/comments?post=42420"}],"version-history":[{"count":4,"href":"https:\/\/www.organisator.ch\/de\/wp-json\/wp\/v2\/posts\/42420\/revisions"}],"predecessor-version":[{"id":43143,"href":"https:\/\/www.organisator.ch\/de\/wp-json\/wp\/v2\/posts\/42420\/revisions\/43143"}],"wp:featuredmedia":[{"embeddable":true,"href":"https:\/\/www.organisator.ch\/de\/wp-json\/wp\/v2\/media\/42422"}],"wp:attachment":[{"href":"https:\/\/www.organisator.ch\/de\/wp-json\/wp\/v2\/media?parent=42420"}],"wp:term":[{"taxonomy":"category","embeddable":true,"href":"https:\/\/www.organisator.ch\/de\/wp-json\/wp\/v2\/categories?post=42420"},{"taxonomy":"post_tag","embeddable":true,"href":"https:\/\/www.organisator.ch\/de\/wp-json\/wp\/v2\/tags?post=42420"}],"curies":[{"name":"wp","href":"https:\/\/api.w.org\/{rel}","templated":true}]}}