{"id":42455,"date":"2025-12-05T02:51:33","date_gmt":"2025-12-05T01:51:33","guid":{"rendered":"https:\/\/www.organisator.ch\/de\/?p=42455"},"modified":"2025-12-04T11:55:20","modified_gmt":"2025-12-04T10:55:20","slug":"kurz-smart-anerkannt-short-advanced-studies","status":"publish","type":"post","link":"https:\/\/www.organisator.ch\/de\/weiterbildung\/2025-12-05\/kurz-smart-anerkannt-short-advanced-studies\/","title":{"rendered":"Kurz, smart, anerkannt: Short Advanced Studies"},"content":{"rendered":"<div class=\"swpm-post-not-logged-in-msg\">You need to be logged in to view this content. Bitte <a class=\"swpm-login-link\" href=\"https:\/\/www.organisator.ch\/login\/\">Log In<\/a>. Kein Mitglied? <a href=\"https:\/\/www.organisator.ch\/shop\/\">Werden Sie Mitglied bei uns<\/a><\/div>","protected":false},"excerpt":{"rendered":"<p>Mit Short Advanced Studies SAS lanciert die Hochschule Luzern ein breites Angebot von praxisnahen, modularen und flexiblen Weiterbildungsangeboten f&#xFC;r die dynamische Arbeitswelt von heute und morgen. Berufst&#xE4;tige erwerben in kurzer Zeit konkrete Handlungskompetenzen &#x2013; und k&#xF6;nnen diese zu h&#xF6;heren Abschl&#xFC;ssen kombinieren. <\/p>\n","protected":false},"author":1,"featured_media":42453,"comment_status":"closed","ping_status":"closed","sticky":false,"template":"","format":"standard","meta":{"_acf_changed":false,"_yoast_wpseo_focuskw":"Short Advanced Studies","_yoast_wpseo_metadesc":"Mit Short Advanced Studies SAS lanciert die Hochschule Luzern ein breites Angebot von praxisnahen, modularen und flexiblen Weiterbildungsangeboten.","articlekey":"187340","footnotes":""},"categories":[578,30],"tags":[62,192,393],"class_list":["post-42455","post","type-post","status-publish","format-standard","has-post-thumbnail","hentry","category-abo","category-weiterbildung","tag-aus-weiterbildung","tag-fachhochschulen","tag-produkte"],"acf":[],"yoast_head":"<!-- This site is optimized with the Yoast SEO plugin v27.5 - https:\/\/yoast.com\/product\/yoast-seo-wordpress\/ -->\n<title>Kurz, smart, anerkannt: Short Advanced Studies - Organisator<\/title>\n<meta name=\"description\" content=\"Mit Short Advanced Studies SAS lanciert die Hochschule Luzern ein breites Angebot von praxisnahen, modularen und flexiblen Weiterbildungsangeboten.\" \/>\n<meta name=\"robots\" content=\"index, follow, max-snippet:-1, max-image-preview:large, max-video-preview:-1\" \/>\n<link rel=\"canonical\" href=\"https:\/\/www.organisator.ch\/de\/weiterbildung\/2025-12-05\/kurz-smart-anerkannt-short-advanced-studies\/\" \/>\n<meta property=\"og:locale\" content=\"de_DE\" \/>\n<meta property=\"og:type\" content=\"article\" \/>\n<meta property=\"og:title\" content=\"Kurz, smart, anerkannt: Short Advanced Studies - Organisator\" \/>\n<meta property=\"og:description\" content=\"Mit Short Advanced Studies SAS lanciert die Hochschule Luzern ein breites Angebot von praxisnahen, modularen und flexiblen Weiterbildungsangeboten.\" \/>\n<meta property=\"og:url\" content=\"https:\/\/www.organisator.ch\/de\/weiterbildung\/2025-12-05\/kurz-smart-anerkannt-short-advanced-studies\/\" \/>\n<meta property=\"og:site_name\" content=\"Organisator\" \/>\n<meta property=\"article:publisher\" content=\"https:\/\/www.facebook.com\/OrganisatorFachmagazin\" \/>\n<meta property=\"article:published_time\" content=\"2025-12-05T01:51:33+00:00\" \/>\n<meta property=\"og:image\" content=\"https:\/\/www.organisator.ch\/wp-content\/uploads\/2025\/12\/HRM_Weiterbildung-HSLU_Bild_organisator_187347.jpg\" \/>\n\t<meta property=\"og:image:width\" content=\"1181\" \/>\n\t<meta property=\"og:image:height\" content=\"682\" \/>\n\t<meta property=\"og:image:type\" content=\"image\/jpeg\" \/>\n<meta name=\"author\" content=\"admin\" \/>\n<meta name=\"twitter:card\" content=\"summary_large_image\" \/>\n<script type=\"application\/ld+json\" class=\"yoast-schema-graph\">{\"@context\":\"https:\\\/\\\/schema.org\",\"@graph\":[{\"@type\":\"Article\",\"@id\":\"https:\\\/\\\/www.organisator.ch\\\/weiterbildung\\\/2025-12-05\\\/kurz-smart-anerkannt-short-advanced-studies\\\/#article\",\"isPartOf\":{\"@id\":\"https:\\\/\\\/www.organisator.ch\\\/weiterbildung\\\/2025-12-05\\\/kurz-smart-anerkannt-short-advanced-studies\\\/\"},\"author\":{\"name\":\"admin\",\"@id\":\"https:\\\/\\\/www.organisator.ch\\\/#\\\/schema\\\/person\\\/aa2bace6c5c5aad60102004a50c4eb1c\"},\"headline\":\"Kurz, smart, anerkannt: Short Advanced Studies\",\"datePublished\":\"2025-12-05T01:51:33+00:00\",\"mainEntityOfPage\":{\"@id\":\"https:\\\/\\\/www.organisator.ch\\\/weiterbildung\\\/2025-12-05\\\/kurz-smart-anerkannt-short-advanced-studies\\\/\"},\"wordCount\":362,\"publisher\":{\"@id\":\"https:\\\/\\\/www.organisator.ch\\\/#organization\"},\"image\":{\"@id\":\"https:\\\/\\\/www.organisator.ch\\\/weiterbildung\\\/2025-12-05\\\/kurz-smart-anerkannt-short-advanced-studies\\\/#primaryimage\"},\"thumbnailUrl\":\"https:\\\/\\\/www.organisator.ch\\\/wp-content\\\/uploads\\\/2025\\\/12\\\/HRM_Weiterbildung-HSLU_Bild_organisator_187347.jpg\",\"keywords\":[\"Aus-\\\/Weiterbildung\",\"Fachhochschulen\",\"Produkte\"],\"articleSection\":[\"ABO+\",\"WEITERBILDUNG\"],\"inLanguage\":\"de\"},{\"@type\":\"WebPage\",\"@id\":\"https:\\\/\\\/www.organisator.ch\\\/weiterbildung\\\/2025-12-05\\\/kurz-smart-anerkannt-short-advanced-studies\\\/\",\"url\":\"https:\\\/\\\/www.organisator.ch\\\/weiterbildung\\\/2025-12-05\\\/kurz-smart-anerkannt-short-advanced-studies\\\/\",\"name\":\"Kurz, smart, anerkannt: Short Advanced Studies - Organisator\",\"isPartOf\":{\"@id\":\"https:\\\/\\\/www.organisator.ch\\\/#website\"},\"primaryImageOfPage\":{\"@id\":\"https:\\\/\\\/www.organisator.ch\\\/weiterbildung\\\/2025-12-05\\\/kurz-smart-anerkannt-short-advanced-studies\\\/#primaryimage\"},\"image\":{\"@id\":\"https:\\\/\\\/www.organisator.ch\\\/weiterbildung\\\/2025-12-05\\\/kurz-smart-anerkannt-short-advanced-studies\\\/#primaryimage\"},\"thumbnailUrl\":\"https:\\\/\\\/www.organisator.ch\\\/wp-content\\\/uploads\\\/2025\\\/12\\\/HRM_Weiterbildung-HSLU_Bild_organisator_187347.jpg\",\"datePublished\":\"2025-12-05T01:51:33+00:00\",\"description\":\"Mit Short Advanced Studies SAS lanciert die Hochschule Luzern ein breites Angebot von praxisnahen, modularen und flexiblen Weiterbildungsangeboten.\",\"breadcrumb\":{\"@id\":\"https:\\\/\\\/www.organisator.ch\\\/weiterbildung\\\/2025-12-05\\\/kurz-smart-anerkannt-short-advanced-studies\\\/#breadcrumb\"},\"inLanguage\":\"de\",\"potentialAction\":[{\"@type\":\"ReadAction\",\"target\":[\"https:\\\/\\\/www.organisator.ch\\\/weiterbildung\\\/2025-12-05\\\/kurz-smart-anerkannt-short-advanced-studies\\\/\"]}]},{\"@type\":\"ImageObject\",\"inLanguage\":\"de\",\"@id\":\"https:\\\/\\\/www.organisator.ch\\\/weiterbildung\\\/2025-12-05\\\/kurz-smart-anerkannt-short-advanced-studies\\\/#primaryimage\",\"url\":\"https:\\\/\\\/www.organisator.ch\\\/wp-content\\\/uploads\\\/2025\\\/12\\\/HRM_Weiterbildung-HSLU_Bild_organisator_187347.jpg\",\"contentUrl\":\"https:\\\/\\\/www.organisator.ch\\\/wp-content\\\/uploads\\\/2025\\\/12\\\/HRM_Weiterbildung-HSLU_Bild_organisator_187347.jpg\",\"width\":1181,\"height\":682,\"caption\":\"Schnell wirksam lernen: Short Advanced Studies sind ein neuer Weg in die Hochschulweiterbildung. \u00a9 Hochschule Luzern\"},{\"@type\":\"BreadcrumbList\",\"@id\":\"https:\\\/\\\/www.organisator.ch\\\/weiterbildung\\\/2025-12-05\\\/kurz-smart-anerkannt-short-advanced-studies\\\/#breadcrumb\",\"itemListElement\":[{\"@type\":\"ListItem\",\"position\":1,\"name\":\"Home\",\"item\":\"https:\\\/\\\/www.organisator.ch\\\/\"},{\"@type\":\"ListItem\",\"position\":2,\"name\":\"Kurz, smart, anerkannt: Short Advanced Studies\"}]},{\"@type\":\"WebSite\",\"@id\":\"https:\\\/\\\/www.organisator.ch\\\/#website\",\"url\":\"https:\\\/\\\/www.organisator.ch\\\/\",\"name\":\"Organisator\",\"description\":\"Kompetent. Praxisnah. Der ORGANISATOR bereitet in 10 Ausgaben pro Jahr die wesentlichen Themen f\u00fcr F\u00fchrungskr\u00e4fte von KMU auf.\",\"publisher\":{\"@id\":\"https:\\\/\\\/www.organisator.ch\\\/#organization\"},\"potentialAction\":[{\"@type\":\"SearchAction\",\"target\":{\"@type\":\"EntryPoint\",\"urlTemplate\":\"https:\\\/\\\/www.organisator.ch\\\/?s={search_term_string}\"},\"query-input\":{\"@type\":\"PropertyValueSpecification\",\"valueRequired\":true,\"valueName\":\"search_term_string\"}}],\"inLanguage\":\"de\"},{\"@type\":\"Organization\",\"@id\":\"https:\\\/\\\/www.organisator.ch\\\/#organization\",\"name\":\"Organisator\",\"url\":\"https:\\\/\\\/www.organisator.ch\\\/\",\"logo\":{\"@type\":\"ImageObject\",\"inLanguage\":\"de\",\"@id\":\"https:\\\/\\\/www.organisator.ch\\\/#\\\/schema\\\/logo\\\/image\\\/\",\"url\":\"https:\\\/\\\/www.organisator.ch\\\/wp-content\\\/uploads\\\/2022\\\/01\\\/Logo_Organisator_Website.png\",\"contentUrl\":\"https:\\\/\\\/www.organisator.ch\\\/wp-content\\\/uploads\\\/2022\\\/01\\\/Logo_Organisator_Website.png\",\"width\":800,\"height\":77,\"caption\":\"Organisator\"},\"image\":{\"@id\":\"https:\\\/\\\/www.organisator.ch\\\/#\\\/schema\\\/logo\\\/image\\\/\"},\"sameAs\":[\"https:\\\/\\\/www.facebook.com\\\/OrganisatorFachmagazin\",\"https:\\\/\\\/www.linkedin.com\\\/showcase\\\/organisator-das-magazin-fr-kmu\",\"https:\\\/\\\/www.xing.com\\\/news\\\/pages\\\/organisator-ch-695\",\"https:\\\/\\\/www.youtube.com\\\/channel\\\/UCGP2Sq0iWaZwT3BdIAQFYpw\"]},{\"@type\":\"Person\",\"@id\":\"https:\\\/\\\/www.organisator.ch\\\/#\\\/schema\\\/person\\\/aa2bace6c5c5aad60102004a50c4eb1c\",\"name\":\"admin\",\"image\":{\"@type\":\"ImageObject\",\"inLanguage\":\"de\",\"@id\":\"https:\\\/\\\/secure.gravatar.com\\\/avatar\\\/ae2f4d718e6c49043e314ce431e7e645d646302a24a5ef5a8bc8e3f5a032e319?s=96&d=mm&r=g\",\"url\":\"https:\\\/\\\/secure.gravatar.com\\\/avatar\\\/ae2f4d718e6c49043e314ce431e7e645d646302a24a5ef5a8bc8e3f5a032e319?s=96&d=mm&r=g\",\"contentUrl\":\"https:\\\/\\\/secure.gravatar.com\\\/avatar\\\/ae2f4d718e6c49043e314ce431e7e645d646302a24a5ef5a8bc8e3f5a032e319?s=96&d=mm&r=g\",\"caption\":\"admin\"},\"sameAs\":[\"https:\\\/\\\/www.organisator.ch\"],\"url\":\"https:\\\/\\\/www.organisator.ch\\\/de\\\/author\\\/admin\\\/\"}]}<\/script>\n<!-- \/ Yoast SEO plugin. -->","yoast_head_json":{"title":"Kurz, smart, anerkannt: Short Advanced Studies - Organisator","description":"Mit Short Advanced Studies SAS lanciert die Hochschule Luzern ein breites Angebot von praxisnahen, modularen und flexiblen Weiterbildungsangeboten.","robots":{"index":"index","follow":"follow","max-snippet":"max-snippet:-1","max-image-preview":"max-image-preview:large","max-video-preview":"max-video-preview:-1"},"canonical":"https:\/\/www.organisator.ch\/de\/weiterbildung\/2025-12-05\/kurz-smart-anerkannt-short-advanced-studies\/","og_locale":"de_DE","og_type":"article","og_title":"Kurz, smart, anerkannt: Short Advanced Studies - Organisator","og_description":"Mit Short Advanced Studies SAS lanciert die Hochschule Luzern ein breites Angebot von praxisnahen, modularen und flexiblen Weiterbildungsangeboten.","og_url":"https:\/\/www.organisator.ch\/de\/weiterbildung\/2025-12-05\/kurz-smart-anerkannt-short-advanced-studies\/","og_site_name":"Organisator","article_publisher":"https:\/\/www.facebook.com\/OrganisatorFachmagazin","article_published_time":"2025-12-05T01:51:33+00:00","og_image":[{"width":1181,"height":682,"url":"https:\/\/www.organisator.ch\/wp-content\/uploads\/2025\/12\/HRM_Weiterbildung-HSLU_Bild_organisator_187347.jpg","type":"image\/jpeg"}],"author":"admin","twitter_card":"summary_large_image","schema":{"@context":"https:\/\/schema.org","@graph":[{"@type":"Article","@id":"https:\/\/www.organisator.ch\/weiterbildung\/2025-12-05\/kurz-smart-anerkannt-short-advanced-studies\/#article","isPartOf":{"@id":"https:\/\/www.organisator.ch\/weiterbildung\/2025-12-05\/kurz-smart-anerkannt-short-advanced-studies\/"},"author":{"name":"admin","@id":"https:\/\/www.organisator.ch\/#\/schema\/person\/aa2bace6c5c5aad60102004a50c4eb1c"},"headline":"Kurz, smart, anerkannt: Short Advanced Studies","datePublished":"2025-12-05T01:51:33+00:00","mainEntityOfPage":{"@id":"https:\/\/www.organisator.ch\/weiterbildung\/2025-12-05\/kurz-smart-anerkannt-short-advanced-studies\/"},"wordCount":362,"publisher":{"@id":"https:\/\/www.organisator.ch\/#organization"},"image":{"@id":"https:\/\/www.organisator.ch\/weiterbildung\/2025-12-05\/kurz-smart-anerkannt-short-advanced-studies\/#primaryimage"},"thumbnailUrl":"https:\/\/www.organisator.ch\/wp-content\/uploads\/2025\/12\/HRM_Weiterbildung-HSLU_Bild_organisator_187347.jpg","keywords":["Aus-\/Weiterbildung","Fachhochschulen","Produkte"],"articleSection":["ABO+","WEITERBILDUNG"],"inLanguage":"de"},{"@type":"WebPage","@id":"https:\/\/www.organisator.ch\/weiterbildung\/2025-12-05\/kurz-smart-anerkannt-short-advanced-studies\/","url":"https:\/\/www.organisator.ch\/weiterbildung\/2025-12-05\/kurz-smart-anerkannt-short-advanced-studies\/","name":"Kurz, smart, anerkannt: Short Advanced Studies - Organisator","isPartOf":{"@id":"https:\/\/www.organisator.ch\/#website"},"primaryImageOfPage":{"@id":"https:\/\/www.organisator.ch\/weiterbildung\/2025-12-05\/kurz-smart-anerkannt-short-advanced-studies\/#primaryimage"},"image":{"@id":"https:\/\/www.organisator.ch\/weiterbildung\/2025-12-05\/kurz-smart-anerkannt-short-advanced-studies\/#primaryimage"},"thumbnailUrl":"https:\/\/www.organisator.ch\/wp-content\/uploads\/2025\/12\/HRM_Weiterbildung-HSLU_Bild_organisator_187347.jpg","datePublished":"2025-12-05T01:51:33+00:00","description":"Mit Short Advanced Studies SAS lanciert die Hochschule Luzern ein breites Angebot von praxisnahen, modularen und flexiblen Weiterbildungsangeboten.","breadcrumb":{"@id":"https:\/\/www.organisator.ch\/weiterbildung\/2025-12-05\/kurz-smart-anerkannt-short-advanced-studies\/#breadcrumb"},"inLanguage":"de","potentialAction":[{"@type":"ReadAction","target":["https:\/\/www.organisator.ch\/weiterbildung\/2025-12-05\/kurz-smart-anerkannt-short-advanced-studies\/"]}]},{"@type":"ImageObject","inLanguage":"de","@id":"https:\/\/www.organisator.ch\/weiterbildung\/2025-12-05\/kurz-smart-anerkannt-short-advanced-studies\/#primaryimage","url":"https:\/\/www.organisator.ch\/wp-content\/uploads\/2025\/12\/HRM_Weiterbildung-HSLU_Bild_organisator_187347.jpg","contentUrl":"https:\/\/www.organisator.ch\/wp-content\/uploads\/2025\/12\/HRM_Weiterbildung-HSLU_Bild_organisator_187347.jpg","width":1181,"height":682,"caption":"Schnell wirksam lernen: Short Advanced Studies sind ein neuer Weg in die Hochschulweiterbildung. \u00a9 Hochschule Luzern"},{"@type":"BreadcrumbList","@id":"https:\/\/www.organisator.ch\/weiterbildung\/2025-12-05\/kurz-smart-anerkannt-short-advanced-studies\/#breadcrumb","itemListElement":[{"@type":"ListItem","position":1,"name":"Home","item":"https:\/\/www.organisator.ch\/"},{"@type":"ListItem","position":2,"name":"Kurz, smart, anerkannt: Short Advanced Studies"}]},{"@type":"WebSite","@id":"https:\/\/www.organisator.ch\/#website","url":"https:\/\/www.organisator.ch\/","name":"Organisator","description":"Kompetent. Praxisnah. Der ORGANISATOR bereitet in 10 Ausgaben pro Jahr die wesentlichen Themen f\u00fcr F\u00fchrungskr\u00e4fte von KMU auf.","publisher":{"@id":"https:\/\/www.organisator.ch\/#organization"},"potentialAction":[{"@type":"SearchAction","target":{"@type":"EntryPoint","urlTemplate":"https:\/\/www.organisator.ch\/?s={search_term_string}"},"query-input":{"@type":"PropertyValueSpecification","valueRequired":true,"valueName":"search_term_string"}}],"inLanguage":"de"},{"@type":"Organization","@id":"https:\/\/www.organisator.ch\/#organization","name":"Organisator","url":"https:\/\/www.organisator.ch\/","logo":{"@type":"ImageObject","inLanguage":"de","@id":"https:\/\/www.organisator.ch\/#\/schema\/logo\/image\/","url":"https:\/\/www.organisator.ch\/wp-content\/uploads\/2022\/01\/Logo_Organisator_Website.png","contentUrl":"https:\/\/www.organisator.ch\/wp-content\/uploads\/2022\/01\/Logo_Organisator_Website.png","width":800,"height":77,"caption":"Organisator"},"image":{"@id":"https:\/\/www.organisator.ch\/#\/schema\/logo\/image\/"},"sameAs":["https:\/\/www.facebook.com\/OrganisatorFachmagazin","https:\/\/www.linkedin.com\/showcase\/organisator-das-magazin-fr-kmu","https:\/\/www.xing.com\/news\/pages\/organisator-ch-695","https:\/\/www.youtube.com\/channel\/UCGP2Sq0iWaZwT3BdIAQFYpw"]},{"@type":"Person","@id":"https:\/\/www.organisator.ch\/#\/schema\/person\/aa2bace6c5c5aad60102004a50c4eb1c","name":"admin","image":{"@type":"ImageObject","inLanguage":"de","@id":"https:\/\/secure.gravatar.com\/avatar\/ae2f4d718e6c49043e314ce431e7e645d646302a24a5ef5a8bc8e3f5a032e319?s=96&d=mm&r=g","url":"https:\/\/secure.gravatar.com\/avatar\/ae2f4d718e6c49043e314ce431e7e645d646302a24a5ef5a8bc8e3f5a032e319?s=96&d=mm&r=g","contentUrl":"https:\/\/secure.gravatar.com\/avatar\/ae2f4d718e6c49043e314ce431e7e645d646302a24a5ef5a8bc8e3f5a032e319?s=96&d=mm&r=g","caption":"admin"},"sameAs":["https:\/\/www.organisator.ch"],"url":"https:\/\/www.organisator.ch\/de\/author\/admin\/"}]}},"_links":{"self":[{"href":"https:\/\/www.organisator.ch\/de\/wp-json\/wp\/v2\/posts\/42455","targetHints":{"allow":["GET"]}}],"collection":[{"href":"https:\/\/www.organisator.ch\/de\/wp-json\/wp\/v2\/posts"}],"about":[{"href":"https:\/\/www.organisator.ch\/de\/wp-json\/wp\/v2\/types\/post"}],"author":[{"embeddable":true,"href":"https:\/\/www.organisator.ch\/de\/wp-json\/wp\/v2\/users\/1"}],"replies":[{"embeddable":true,"href":"https:\/\/www.organisator.ch\/de\/wp-json\/wp\/v2\/comments?post=42455"}],"version-history":[{"count":2,"href":"https:\/\/www.organisator.ch\/de\/wp-json\/wp\/v2\/posts\/42455\/revisions"}],"predecessor-version":[{"id":42577,"href":"https:\/\/www.organisator.ch\/de\/wp-json\/wp\/v2\/posts\/42455\/revisions\/42577"}],"wp:featuredmedia":[{"embeddable":true,"href":"https:\/\/www.organisator.ch\/de\/wp-json\/wp\/v2\/media\/42453"}],"wp:attachment":[{"href":"https:\/\/www.organisator.ch\/de\/wp-json\/wp\/v2\/media?parent=42455"}],"wp:term":[{"taxonomy":"category","embeddable":true,"href":"https:\/\/www.organisator.ch\/de\/wp-json\/wp\/v2\/categories?post=42455"},{"taxonomy":"post_tag","embeddable":true,"href":"https:\/\/www.organisator.ch\/de\/wp-json\/wp\/v2\/tags?post=42455"}],"curies":[{"name":"wp","href":"https:\/\/api.w.org\/{rel}","templated":true}]}}