{"id":42461,"date":"2025-12-05T00:23:39","date_gmt":"2025-12-04T23:23:39","guid":{"rendered":"https:\/\/www.organisator.ch\/de\/?p=42461"},"modified":"2025-12-04T11:26:36","modified_gmt":"2025-12-04T10:26:36","slug":"gewerbe-und-solarenergie-das-passt-perfekt","status":"publish","type":"post","link":"https:\/\/www.organisator.ch\/de\/sustainability\/2025-12-05\/gewerbe-und-solarenergie-das-passt-perfekt\/","title":{"rendered":"Gewerbe und Solarenergie \u2013 das passt perfekt"},"content":{"rendered":"<div class=\"swpm-post-not-logged-in-msg\">You need to be logged in to view this content. Bitte <a class=\"swpm-login-link\" href=\"https:\/\/www.organisator.ch\/login\/\">Log In<\/a>. Kein Mitglied? <a href=\"https:\/\/www.organisator.ch\/shop\/\">Werden Sie Mitglied bei uns<\/a><\/div>","protected":false},"excerpt":{"rendered":"<p>Ricola, Victorinox oder Ikea haben grosse Solaranlagen auf ihren Geb&#xE4;uden installiert und nutzen den produzierten Strom zu einem grossen Teil gewinnbringend selbst. Noch selten sind solche Anlagen jedoch auf gemischten Gewerbeliegenschaften. Dies k&#xF6;nnte sich nun dank des neuen Energiegesetzes &#xE4;ndern. <\/p>\n","protected":false},"author":1,"featured_media":42460,"comment_status":"closed","ping_status":"closed","sticky":false,"template":"","format":"standard","meta":{"_acf_changed":false,"_yoast_wpseo_focuskw":"Solarenergie","_yoast_wpseo_metadesc":"Noch selten sind grosse PV-Anlagen auf gemischten Gewerbeliegenschaften. Dies k\u00f6nnte sich nun dank des neuen Energiegesetzes \u00e4ndern.","articlekey":"186158","footnotes":""},"categories":[578,580],"tags":[358,2143],"class_list":["post-42461","post","type-post","status-publish","format-standard","has-post-thumbnail","hentry","category-abo","category-sustainability","tag-nachhaltige-wirtschaft","tag-solarenergie"],"acf":[],"yoast_head":"<!-- This site is optimized with the Yoast SEO plugin v27.4 - https:\/\/yoast.com\/product\/yoast-seo-wordpress\/ -->\n<title>Gewerbe und Solarenergie \u2013 das passt perfekt - Organisator<\/title>\n<meta name=\"description\" content=\"Noch selten sind grosse PV-Anlagen auf gemischten Gewerbeliegenschaften. Dies k\u00f6nnte sich nun dank des neuen Energiegesetzes \u00e4ndern.\" \/>\n<meta name=\"robots\" content=\"index, follow, max-snippet:-1, max-image-preview:large, max-video-preview:-1\" \/>\n<link rel=\"canonical\" href=\"https:\/\/www.organisator.ch\/de\/sustainability\/2025-12-05\/gewerbe-und-solarenergie-das-passt-perfekt\/\" \/>\n<meta property=\"og:locale\" content=\"de_DE\" \/>\n<meta property=\"og:type\" content=\"article\" \/>\n<meta property=\"og:title\" content=\"Gewerbe und Solarenergie \u2013 das passt perfekt - Organisator\" \/>\n<meta property=\"og:description\" content=\"Noch selten sind grosse PV-Anlagen auf gemischten Gewerbeliegenschaften. Dies k\u00f6nnte sich nun dank des neuen Energiegesetzes \u00e4ndern.\" \/>\n<meta property=\"og:url\" content=\"https:\/\/www.organisator.ch\/de\/sustainability\/2025-12-05\/gewerbe-und-solarenergie-das-passt-perfekt\/\" \/>\n<meta property=\"og:site_name\" content=\"Organisator\" \/>\n<meta property=\"article:publisher\" content=\"https:\/\/www.facebook.com\/OrganisatorFachmagazin\" \/>\n<meta property=\"article:published_time\" content=\"2025-12-04T23:23:39+00:00\" \/>\n<meta property=\"og:image\" content=\"https:\/\/www.organisator.ch\/wp-content\/uploads\/2025\/12\/Sustainability_Auftakt_Bild1_NEU_organisator_188483-scaled.jpg\" \/>\n\t<meta property=\"og:image:width\" content=\"1042\" \/>\n\t<meta property=\"og:image:height\" content=\"1400\" \/>\n\t<meta property=\"og:image:type\" content=\"image\/jpeg\" \/>\n<meta name=\"author\" content=\"admin\" \/>\n<meta name=\"twitter:card\" content=\"summary_large_image\" \/>\n<script type=\"application\/ld+json\" class=\"yoast-schema-graph\">{\"@context\":\"https:\\\/\\\/schema.org\",\"@graph\":[{\"@type\":\"Article\",\"@id\":\"https:\\\/\\\/www.organisator.ch\\\/sustainability\\\/2025-12-05\\\/gewerbe-und-solarenergie-das-passt-perfekt\\\/#article\",\"isPartOf\":{\"@id\":\"https:\\\/\\\/www.organisator.ch\\\/sustainability\\\/2025-12-05\\\/gewerbe-und-solarenergie-das-passt-perfekt\\\/\"},\"author\":{\"name\":\"admin\",\"@id\":\"https:\\\/\\\/www.organisator.ch\\\/#\\\/schema\\\/person\\\/aa2bace6c5c5aad60102004a50c4eb1c\"},\"headline\":\"Gewerbe und Solarenergie \u2013 das passt perfekt\",\"datePublished\":\"2025-12-04T23:23:39+00:00\",\"mainEntityOfPage\":{\"@id\":\"https:\\\/\\\/www.organisator.ch\\\/sustainability\\\/2025-12-05\\\/gewerbe-und-solarenergie-das-passt-perfekt\\\/\"},\"wordCount\":1003,\"publisher\":{\"@id\":\"https:\\\/\\\/www.organisator.ch\\\/#organization\"},\"image\":{\"@id\":\"https:\\\/\\\/www.organisator.ch\\\/sustainability\\\/2025-12-05\\\/gewerbe-und-solarenergie-das-passt-perfekt\\\/#primaryimage\"},\"thumbnailUrl\":\"https:\\\/\\\/www.organisator.ch\\\/wp-content\\\/uploads\\\/2025\\\/12\\\/Sustainability_Auftakt_Bild1_NEU_organisator_188483-scaled.jpg\",\"keywords\":[\"Nachhaltige Wirtschaft\",\"Solarenergie\"],\"articleSection\":[\"ABO+\",\"SUSTAINABILITY\"],\"inLanguage\":\"de\"},{\"@type\":\"WebPage\",\"@id\":\"https:\\\/\\\/www.organisator.ch\\\/sustainability\\\/2025-12-05\\\/gewerbe-und-solarenergie-das-passt-perfekt\\\/\",\"url\":\"https:\\\/\\\/www.organisator.ch\\\/sustainability\\\/2025-12-05\\\/gewerbe-und-solarenergie-das-passt-perfekt\\\/\",\"name\":\"Gewerbe und Solarenergie \u2013 das passt perfekt - Organisator\",\"isPartOf\":{\"@id\":\"https:\\\/\\\/www.organisator.ch\\\/#website\"},\"primaryImageOfPage\":{\"@id\":\"https:\\\/\\\/www.organisator.ch\\\/sustainability\\\/2025-12-05\\\/gewerbe-und-solarenergie-das-passt-perfekt\\\/#primaryimage\"},\"image\":{\"@id\":\"https:\\\/\\\/www.organisator.ch\\\/sustainability\\\/2025-12-05\\\/gewerbe-und-solarenergie-das-passt-perfekt\\\/#primaryimage\"},\"thumbnailUrl\":\"https:\\\/\\\/www.organisator.ch\\\/wp-content\\\/uploads\\\/2025\\\/12\\\/Sustainability_Auftakt_Bild1_NEU_organisator_188483-scaled.jpg\",\"datePublished\":\"2025-12-04T23:23:39+00:00\",\"description\":\"Noch selten sind grosse PV-Anlagen auf gemischten Gewerbeliegenschaften. Dies k\u00f6nnte sich nun dank des neuen Energiegesetzes \u00e4ndern.\",\"breadcrumb\":{\"@id\":\"https:\\\/\\\/www.organisator.ch\\\/sustainability\\\/2025-12-05\\\/gewerbe-und-solarenergie-das-passt-perfekt\\\/#breadcrumb\"},\"inLanguage\":\"de\",\"potentialAction\":[{\"@type\":\"ReadAction\",\"target\":[\"https:\\\/\\\/www.organisator.ch\\\/sustainability\\\/2025-12-05\\\/gewerbe-und-solarenergie-das-passt-perfekt\\\/\"]}]},{\"@type\":\"ImageObject\",\"inLanguage\":\"de\",\"@id\":\"https:\\\/\\\/www.organisator.ch\\\/sustainability\\\/2025-12-05\\\/gewerbe-und-solarenergie-das-passt-perfekt\\\/#primaryimage\",\"url\":\"https:\\\/\\\/www.organisator.ch\\\/wp-content\\\/uploads\\\/2025\\\/12\\\/Sustainability_Auftakt_Bild1_NEU_organisator_188483-scaled.jpg\",\"contentUrl\":\"https:\\\/\\\/www.organisator.ch\\\/wp-content\\\/uploads\\\/2025\\\/12\\\/Sustainability_Auftakt_Bild1_NEU_organisator_188483-scaled.jpg\",\"width\":1042,\"height\":1400,\"caption\":\"Diese Photovoltaikanlage auf einem Gewerbegeb\u00e4ude in Kriens produziert j\u00e4hrlich rund 150'000 kWh Strom. Dank virtuellem Zusammenschluss zum Eigenverbrauch (vZEV) k\u00f6nnen hier auch auch bald die Mietenden von g\u00fcnstigem Solarstrom vom Dach profitieren. Foto: Swiss Renewable Solutions\"},{\"@type\":\"BreadcrumbList\",\"@id\":\"https:\\\/\\\/www.organisator.ch\\\/sustainability\\\/2025-12-05\\\/gewerbe-und-solarenergie-das-passt-perfekt\\\/#breadcrumb\",\"itemListElement\":[{\"@type\":\"ListItem\",\"position\":1,\"name\":\"Home\",\"item\":\"https:\\\/\\\/www.organisator.ch\\\/\"},{\"@type\":\"ListItem\",\"position\":2,\"name\":\"Gewerbe und Solarenergie \u2013 das passt perfekt\"}]},{\"@type\":\"WebSite\",\"@id\":\"https:\\\/\\\/www.organisator.ch\\\/#website\",\"url\":\"https:\\\/\\\/www.organisator.ch\\\/\",\"name\":\"Organisator\",\"description\":\"Kompetent. Praxisnah. Der ORGANISATOR bereitet in 10 Ausgaben pro Jahr die wesentlichen Themen f\u00fcr F\u00fchrungskr\u00e4fte von KMU auf.\",\"publisher\":{\"@id\":\"https:\\\/\\\/www.organisator.ch\\\/#organization\"},\"potentialAction\":[{\"@type\":\"SearchAction\",\"target\":{\"@type\":\"EntryPoint\",\"urlTemplate\":\"https:\\\/\\\/www.organisator.ch\\\/?s={search_term_string}\"},\"query-input\":{\"@type\":\"PropertyValueSpecification\",\"valueRequired\":true,\"valueName\":\"search_term_string\"}}],\"inLanguage\":\"de\"},{\"@type\":\"Organization\",\"@id\":\"https:\\\/\\\/www.organisator.ch\\\/#organization\",\"name\":\"Organisator\",\"url\":\"https:\\\/\\\/www.organisator.ch\\\/\",\"logo\":{\"@type\":\"ImageObject\",\"inLanguage\":\"de\",\"@id\":\"https:\\\/\\\/www.organisator.ch\\\/#\\\/schema\\\/logo\\\/image\\\/\",\"url\":\"https:\\\/\\\/www.organisator.ch\\\/wp-content\\\/uploads\\\/2022\\\/01\\\/Logo_Organisator_Website.png\",\"contentUrl\":\"https:\\\/\\\/www.organisator.ch\\\/wp-content\\\/uploads\\\/2022\\\/01\\\/Logo_Organisator_Website.png\",\"width\":800,\"height\":77,\"caption\":\"Organisator\"},\"image\":{\"@id\":\"https:\\\/\\\/www.organisator.ch\\\/#\\\/schema\\\/logo\\\/image\\\/\"},\"sameAs\":[\"https:\\\/\\\/www.facebook.com\\\/OrganisatorFachmagazin\",\"https:\\\/\\\/www.linkedin.com\\\/showcase\\\/organisator-das-magazin-fr-kmu\",\"https:\\\/\\\/www.xing.com\\\/news\\\/pages\\\/organisator-ch-695\",\"https:\\\/\\\/www.youtube.com\\\/channel\\\/UCGP2Sq0iWaZwT3BdIAQFYpw\"]},{\"@type\":\"Person\",\"@id\":\"https:\\\/\\\/www.organisator.ch\\\/#\\\/schema\\\/person\\\/aa2bace6c5c5aad60102004a50c4eb1c\",\"name\":\"admin\",\"image\":{\"@type\":\"ImageObject\",\"inLanguage\":\"de\",\"@id\":\"https:\\\/\\\/secure.gravatar.com\\\/avatar\\\/ae2f4d718e6c49043e314ce431e7e645d646302a24a5ef5a8bc8e3f5a032e319?s=96&d=mm&r=g\",\"url\":\"https:\\\/\\\/secure.gravatar.com\\\/avatar\\\/ae2f4d718e6c49043e314ce431e7e645d646302a24a5ef5a8bc8e3f5a032e319?s=96&d=mm&r=g\",\"contentUrl\":\"https:\\\/\\\/secure.gravatar.com\\\/avatar\\\/ae2f4d718e6c49043e314ce431e7e645d646302a24a5ef5a8bc8e3f5a032e319?s=96&d=mm&r=g\",\"caption\":\"admin\"},\"sameAs\":[\"https:\\\/\\\/www.organisator.ch\"],\"url\":\"https:\\\/\\\/www.organisator.ch\\\/de\\\/author\\\/admin\\\/\"}]}<\/script>\n<!-- \/ Yoast SEO plugin. -->","yoast_head_json":{"title":"Gewerbe und Solarenergie \u2013 das passt perfekt - Organisator","description":"Noch selten sind grosse PV-Anlagen auf gemischten Gewerbeliegenschaften. Dies k\u00f6nnte sich nun dank des neuen Energiegesetzes \u00e4ndern.","robots":{"index":"index","follow":"follow","max-snippet":"max-snippet:-1","max-image-preview":"max-image-preview:large","max-video-preview":"max-video-preview:-1"},"canonical":"https:\/\/www.organisator.ch\/de\/sustainability\/2025-12-05\/gewerbe-und-solarenergie-das-passt-perfekt\/","og_locale":"de_DE","og_type":"article","og_title":"Gewerbe und Solarenergie \u2013 das passt perfekt - Organisator","og_description":"Noch selten sind grosse PV-Anlagen auf gemischten Gewerbeliegenschaften. Dies k\u00f6nnte sich nun dank des neuen Energiegesetzes \u00e4ndern.","og_url":"https:\/\/www.organisator.ch\/de\/sustainability\/2025-12-05\/gewerbe-und-solarenergie-das-passt-perfekt\/","og_site_name":"Organisator","article_publisher":"https:\/\/www.facebook.com\/OrganisatorFachmagazin","article_published_time":"2025-12-04T23:23:39+00:00","og_image":[{"width":1042,"height":1400,"url":"https:\/\/www.organisator.ch\/wp-content\/uploads\/2025\/12\/Sustainability_Auftakt_Bild1_NEU_organisator_188483-scaled.jpg","type":"image\/jpeg"}],"author":"admin","twitter_card":"summary_large_image","schema":{"@context":"https:\/\/schema.org","@graph":[{"@type":"Article","@id":"https:\/\/www.organisator.ch\/sustainability\/2025-12-05\/gewerbe-und-solarenergie-das-passt-perfekt\/#article","isPartOf":{"@id":"https:\/\/www.organisator.ch\/sustainability\/2025-12-05\/gewerbe-und-solarenergie-das-passt-perfekt\/"},"author":{"name":"admin","@id":"https:\/\/www.organisator.ch\/#\/schema\/person\/aa2bace6c5c5aad60102004a50c4eb1c"},"headline":"Gewerbe und Solarenergie \u2013 das passt perfekt","datePublished":"2025-12-04T23:23:39+00:00","mainEntityOfPage":{"@id":"https:\/\/www.organisator.ch\/sustainability\/2025-12-05\/gewerbe-und-solarenergie-das-passt-perfekt\/"},"wordCount":1003,"publisher":{"@id":"https:\/\/www.organisator.ch\/#organization"},"image":{"@id":"https:\/\/www.organisator.ch\/sustainability\/2025-12-05\/gewerbe-und-solarenergie-das-passt-perfekt\/#primaryimage"},"thumbnailUrl":"https:\/\/www.organisator.ch\/wp-content\/uploads\/2025\/12\/Sustainability_Auftakt_Bild1_NEU_organisator_188483-scaled.jpg","keywords":["Nachhaltige Wirtschaft","Solarenergie"],"articleSection":["ABO+","SUSTAINABILITY"],"inLanguage":"de"},{"@type":"WebPage","@id":"https:\/\/www.organisator.ch\/sustainability\/2025-12-05\/gewerbe-und-solarenergie-das-passt-perfekt\/","url":"https:\/\/www.organisator.ch\/sustainability\/2025-12-05\/gewerbe-und-solarenergie-das-passt-perfekt\/","name":"Gewerbe und Solarenergie \u2013 das passt perfekt - Organisator","isPartOf":{"@id":"https:\/\/www.organisator.ch\/#website"},"primaryImageOfPage":{"@id":"https:\/\/www.organisator.ch\/sustainability\/2025-12-05\/gewerbe-und-solarenergie-das-passt-perfekt\/#primaryimage"},"image":{"@id":"https:\/\/www.organisator.ch\/sustainability\/2025-12-05\/gewerbe-und-solarenergie-das-passt-perfekt\/#primaryimage"},"thumbnailUrl":"https:\/\/www.organisator.ch\/wp-content\/uploads\/2025\/12\/Sustainability_Auftakt_Bild1_NEU_organisator_188483-scaled.jpg","datePublished":"2025-12-04T23:23:39+00:00","description":"Noch selten sind grosse PV-Anlagen auf gemischten Gewerbeliegenschaften. Dies k\u00f6nnte sich nun dank des neuen Energiegesetzes \u00e4ndern.","breadcrumb":{"@id":"https:\/\/www.organisator.ch\/sustainability\/2025-12-05\/gewerbe-und-solarenergie-das-passt-perfekt\/#breadcrumb"},"inLanguage":"de","potentialAction":[{"@type":"ReadAction","target":["https:\/\/www.organisator.ch\/sustainability\/2025-12-05\/gewerbe-und-solarenergie-das-passt-perfekt\/"]}]},{"@type":"ImageObject","inLanguage":"de","@id":"https:\/\/www.organisator.ch\/sustainability\/2025-12-05\/gewerbe-und-solarenergie-das-passt-perfekt\/#primaryimage","url":"https:\/\/www.organisator.ch\/wp-content\/uploads\/2025\/12\/Sustainability_Auftakt_Bild1_NEU_organisator_188483-scaled.jpg","contentUrl":"https:\/\/www.organisator.ch\/wp-content\/uploads\/2025\/12\/Sustainability_Auftakt_Bild1_NEU_organisator_188483-scaled.jpg","width":1042,"height":1400,"caption":"Diese Photovoltaikanlage auf einem Gewerbegeb\u00e4ude in Kriens produziert j\u00e4hrlich rund 150'000 kWh Strom. Dank virtuellem Zusammenschluss zum Eigenverbrauch (vZEV) k\u00f6nnen hier auch auch bald die Mietenden von g\u00fcnstigem Solarstrom vom Dach profitieren. Foto: Swiss Renewable Solutions"},{"@type":"BreadcrumbList","@id":"https:\/\/www.organisator.ch\/sustainability\/2025-12-05\/gewerbe-und-solarenergie-das-passt-perfekt\/#breadcrumb","itemListElement":[{"@type":"ListItem","position":1,"name":"Home","item":"https:\/\/www.organisator.ch\/"},{"@type":"ListItem","position":2,"name":"Gewerbe und Solarenergie \u2013 das passt perfekt"}]},{"@type":"WebSite","@id":"https:\/\/www.organisator.ch\/#website","url":"https:\/\/www.organisator.ch\/","name":"Organisator","description":"Kompetent. Praxisnah. Der ORGANISATOR bereitet in 10 Ausgaben pro Jahr die wesentlichen Themen f\u00fcr F\u00fchrungskr\u00e4fte von KMU auf.","publisher":{"@id":"https:\/\/www.organisator.ch\/#organization"},"potentialAction":[{"@type":"SearchAction","target":{"@type":"EntryPoint","urlTemplate":"https:\/\/www.organisator.ch\/?s={search_term_string}"},"query-input":{"@type":"PropertyValueSpecification","valueRequired":true,"valueName":"search_term_string"}}],"inLanguage":"de"},{"@type":"Organization","@id":"https:\/\/www.organisator.ch\/#organization","name":"Organisator","url":"https:\/\/www.organisator.ch\/","logo":{"@type":"ImageObject","inLanguage":"de","@id":"https:\/\/www.organisator.ch\/#\/schema\/logo\/image\/","url":"https:\/\/www.organisator.ch\/wp-content\/uploads\/2022\/01\/Logo_Organisator_Website.png","contentUrl":"https:\/\/www.organisator.ch\/wp-content\/uploads\/2022\/01\/Logo_Organisator_Website.png","width":800,"height":77,"caption":"Organisator"},"image":{"@id":"https:\/\/www.organisator.ch\/#\/schema\/logo\/image\/"},"sameAs":["https:\/\/www.facebook.com\/OrganisatorFachmagazin","https:\/\/www.linkedin.com\/showcase\/organisator-das-magazin-fr-kmu","https:\/\/www.xing.com\/news\/pages\/organisator-ch-695","https:\/\/www.youtube.com\/channel\/UCGP2Sq0iWaZwT3BdIAQFYpw"]},{"@type":"Person","@id":"https:\/\/www.organisator.ch\/#\/schema\/person\/aa2bace6c5c5aad60102004a50c4eb1c","name":"admin","image":{"@type":"ImageObject","inLanguage":"de","@id":"https:\/\/secure.gravatar.com\/avatar\/ae2f4d718e6c49043e314ce431e7e645d646302a24a5ef5a8bc8e3f5a032e319?s=96&d=mm&r=g","url":"https:\/\/secure.gravatar.com\/avatar\/ae2f4d718e6c49043e314ce431e7e645d646302a24a5ef5a8bc8e3f5a032e319?s=96&d=mm&r=g","contentUrl":"https:\/\/secure.gravatar.com\/avatar\/ae2f4d718e6c49043e314ce431e7e645d646302a24a5ef5a8bc8e3f5a032e319?s=96&d=mm&r=g","caption":"admin"},"sameAs":["https:\/\/www.organisator.ch"],"url":"https:\/\/www.organisator.ch\/de\/author\/admin\/"}]}},"_links":{"self":[{"href":"https:\/\/www.organisator.ch\/de\/wp-json\/wp\/v2\/posts\/42461","targetHints":{"allow":["GET"]}}],"collection":[{"href":"https:\/\/www.organisator.ch\/de\/wp-json\/wp\/v2\/posts"}],"about":[{"href":"https:\/\/www.organisator.ch\/de\/wp-json\/wp\/v2\/types\/post"}],"author":[{"embeddable":true,"href":"https:\/\/www.organisator.ch\/de\/wp-json\/wp\/v2\/users\/1"}],"replies":[{"embeddable":true,"href":"https:\/\/www.organisator.ch\/de\/wp-json\/wp\/v2\/comments?post=42461"}],"version-history":[{"count":2,"href":"https:\/\/www.organisator.ch\/de\/wp-json\/wp\/v2\/posts\/42461\/revisions"}],"predecessor-version":[{"id":42573,"href":"https:\/\/www.organisator.ch\/de\/wp-json\/wp\/v2\/posts\/42461\/revisions\/42573"}],"wp:featuredmedia":[{"embeddable":true,"href":"https:\/\/www.organisator.ch\/de\/wp-json\/wp\/v2\/media\/42460"}],"wp:attachment":[{"href":"https:\/\/www.organisator.ch\/de\/wp-json\/wp\/v2\/media?parent=42461"}],"wp:term":[{"taxonomy":"category","embeddable":true,"href":"https:\/\/www.organisator.ch\/de\/wp-json\/wp\/v2\/categories?post=42461"},{"taxonomy":"post_tag","embeddable":true,"href":"https:\/\/www.organisator.ch\/de\/wp-json\/wp\/v2\/tags?post=42461"}],"curies":[{"name":"wp","href":"https:\/\/api.w.org\/{rel}","templated":true}]}}