{"id":42582,"date":"2025-12-04T13:56:43","date_gmt":"2025-12-04T12:56:43","guid":{"rendered":"https:\/\/www.organisator.ch\/?p=42582"},"modified":"2025-12-04T13:56:43","modified_gmt":"2025-12-04T12:56:43","slug":"emma-page-wird-neue-geschaeftsleiterin-von-tn","status":"publish","type":"post","link":"https:\/\/www.organisator.ch\/de\/management\/2025-12-04\/emma-page-wird-neue-geschaeftsleiterin-von-tn\/","title":{"rendered":"Emma Page wird neue Gesch\u00e4ftsleiterin von T&#038;N"},"content":{"rendered":"<figure id=\"attachment_42583\" aria-describedby=\"caption-attachment-42583\" style=\"width: 680px\" class=\"wp-caption alignnone\"><img loading=\"lazy\" decoding=\"async\" class=\"size-full wp-image-42583\" src=\"https:\/\/www.organisator.ch\/wp-content\/uploads\/2025\/12\/Emma-Page-wird-neue-Geschaeftsleiterin-von-TN_Organisator.jpg\" alt=\"\" width=\"680\" height=\"448\" srcset=\"https:\/\/www.organisator.ch\/wp-content\/uploads\/2025\/12\/Emma-Page-wird-neue-Geschaeftsleiterin-von-TN_Organisator.jpg 680w, https:\/\/www.organisator.ch\/wp-content\/uploads\/2025\/12\/Emma-Page-wird-neue-Geschaeftsleiterin-von-TN_Organisator-18x12.jpg 18w, https:\/\/www.organisator.ch\/wp-content\/uploads\/2025\/12\/Emma-Page-wird-neue-Geschaeftsleiterin-von-TN_Organisator-375x247.jpg 375w, https:\/\/www.organisator.ch\/wp-content\/uploads\/2025\/12\/Emma-Page-wird-neue-Geschaeftsleiterin-von-TN_Organisator-531x350.jpg 531w\" sizes=\"auto, (max-width: 680px) 100vw, 680px\" \/><figcaption id=\"caption-attachment-42583\" class=\"wp-caption-text\">Hermann Graf und Emma Page im Hauptsitz von T&amp;N in Dietlikon. (Bild: zVg \/ T&amp;N)<\/figcaption><\/figure>\n<p>Das Unternehmen T&amp;N wurde im Jahr 1996 gegr\u00fcndet. In den nunmehr fast 30 Jahren ist aus einer ambitionierten Vision ein Unternehmen mit rund 180 Mitarbeitenden an 12 Standorten in der Schweiz und \u00d6sterreich entstanden. Mit dem Zusammenschluss mit der WTG Holding GmbH legten die Firmengr\u00fcnder Brigitte und Hermann Graf den Grundstein f\u00fcr eine erfolgreiche und zukunftsorientierte Weiterf\u00fchrung des Unternehmens. Die Firmennachfolge konnte <a href=\"https:\/\/www.organisator.ch\/de\/management\/2025-06-10\/it-dienstleister-tn-regelt-nachfolge\/\">durch den Zusammenschluss mit der WTG Holding GmbH<\/a> erfolgreich geregelt werden. Mit Emma Page wurde Anfang September 2025 eine ausgewiesene F\u00fchrungskraft in der ICT-Branche als neue CEO vorgestellt. Sie wurde von Hermann Graf, der seine Funktion als CEO noch bis zum Jahresende ausf\u00fchrt, auf ihre neue Aufgabe vorbereitet. Per 1. Januar 2026 wird Emma Page dann die Leitung der bew\u00e4hrten Gesch\u00e4ftsleitung ganz \u00fcbernehmen \u2013 mit dem Ziel, Erfolgreiches auszubauen und Neues voranzutreiben. Hermann Graf begleitet den \u00dcbergang aktiv bis Ende M\u00e4rz 2026 und wird im Verwaltungsrat die neuen Inhaber und Emma Page weiterhin mit seiner Erfahrung unterst\u00fctzen.<\/p>\n<p>Emma Page bringt umfassende Erfahrung aus der ICT-Branche mit, insbesondere in den Bereichen Transformation, Digitalisierung, Sales und Operations. Zuletzt war sie als Vice President B2B Operations &amp; Digital bei Sunrise UPC t\u00e4tig, wo sie f\u00fcr \u00fcber 250 Mitarbeitende sowie zahlreiche strategische Projekte verantwortlich war. Sie wird gemeinsam mit dem T&amp;N-Team daran arbeiten, die erfolgreiche Entwicklung des Unternehmens fortzusetzen und neue Potenziale zu erschliessen.<\/p>\n<p><em>Quelle: <a href=\"http:\/\/www.tn-ict.com\">T&amp;N<\/a><\/em><\/p>\n","protected":false},"excerpt":{"rendered":"<p>Beim Schweizer IT-Unternehmen T&#038;N mit Sitz in Dietlikon \u00fcbernimmt ab 1. Januar 2026 eine neue Gesch\u00e4ftsleiterin: Emma Page. Sie tritt die Nachfolge von Firmengr\u00fcnder Hermann Graf an. Nach dem Zusammenschluss mit der WTG Holding GmbH ist somit auch die Position der Gesch\u00e4ftsf\u00fchrung neu geregelt.<\/p>\n","protected":false},"author":4,"featured_media":42583,"comment_status":"closed","ping_status":"closed","sticky":false,"template":"","format":"standard","meta":{"_acf_changed":false,"_yoast_wpseo_focuskw":"Emma Page","_yoast_wpseo_metadesc":"Beim Schweizer IT-Unternehmen T&N mit Sitz in Dietlikon \u00fcbernimmt ab 1. Januar 2026 eine neue Gesch\u00e4ftsleiterin: Emma Page.","articlekey":"","footnotes":""},"categories":[28],"tags":[207,286,335,5715,492],"class_list":["post-42582","post","type-post","status-publish","format-standard","has-post-thumbnail","hentry","category-management","tag-firmennachfolge","tag-it","tag-management-und-unternehmensfuehrung","tag-sesselwechsel","tag-unternehmen"],"acf":[],"yoast_head":"<!-- This site is optimized with the Yoast SEO plugin v27.5 - https:\/\/yoast.com\/product\/yoast-seo-wordpress\/ -->\n<title>Emma Page wird neue Gesch\u00e4ftsleiterin von T&amp;N - Organisator<\/title>\n<meta name=\"description\" content=\"Beim Schweizer IT-Unternehmen T&amp;N mit Sitz in Dietlikon \u00fcbernimmt ab 1. Januar 2026 eine neue Gesch\u00e4ftsleiterin: Emma Page.\" \/>\n<meta name=\"robots\" content=\"index, follow, max-snippet:-1, max-image-preview:large, max-video-preview:-1\" \/>\n<link rel=\"canonical\" href=\"https:\/\/www.organisator.ch\/de\/management\/2025-12-04\/emma-page-wird-neue-geschaeftsleiterin-von-tn\/\" \/>\n<meta property=\"og:locale\" content=\"de_DE\" \/>\n<meta property=\"og:type\" content=\"article\" \/>\n<meta property=\"og:title\" content=\"Emma Page wird neue Gesch\u00e4ftsleiterin von T&amp;N\" \/>\n<meta property=\"og:description\" content=\"Beim Schweizer IT-Unternehmen T&amp;N mit Sitz in Dietlikon \u00fcbernimmt ab 1. Januar 2026 eine neue Gesch\u00e4ftsleiterin: Emma Page.\" \/>\n<meta property=\"og:url\" content=\"https:\/\/www.organisator.ch\/de\/management\/2025-12-04\/emma-page-wird-neue-geschaeftsleiterin-von-tn\/\" \/>\n<meta property=\"og:site_name\" content=\"Organisator\" \/>\n<meta property=\"article:publisher\" content=\"https:\/\/www.facebook.com\/OrganisatorFachmagazin\" \/>\n<meta property=\"article:published_time\" content=\"2025-12-04T12:56:43+00:00\" \/>\n<meta property=\"og:image\" content=\"https:\/\/www.organisator.ch\/wp-content\/uploads\/2025\/12\/Emma-Page-wird-neue-Geschaeftsleiterin-von-TN_Organisator.jpg\" \/>\n\t<meta property=\"og:image:width\" content=\"680\" \/>\n\t<meta property=\"og:image:height\" content=\"448\" \/>\n\t<meta property=\"og:image:type\" content=\"image\/jpeg\" \/>\n<meta name=\"author\" content=\"thomas.berner\" \/>\n<meta name=\"twitter:card\" content=\"summary_large_image\" \/>\n<meta name=\"twitter:title\" content=\"Emma Page wird neue #Gesch\u00e4ftsleiterin von #T&amp;N\" \/>\n<meta name=\"twitter:description\" content=\"Beim Schweizer IT-Unternehmen #T&amp;N mit Sitz in Dietlikon \u00fcbernimmt ab 1. Januar 2026 eine neue #Gesch\u00e4ftsleiterin: Emma Page.\" \/>\n<meta name=\"twitter:image\" content=\"https:\/\/www.organisator.ch\/wp-content\/uploads\/2025\/12\/Emma-Page-wird-neue-Geschaeftsleiterin-von-TN_Organisator.jpg\" \/>\n<script type=\"application\/ld+json\" class=\"yoast-schema-graph\">{\"@context\":\"https:\\\/\\\/schema.org\",\"@graph\":[{\"@type\":\"Article\",\"@id\":\"https:\\\/\\\/www.organisator.ch\\\/management\\\/2025-12-04\\\/emma-page-wird-neue-geschaeftsleiterin-von-tn\\\/#article\",\"isPartOf\":{\"@id\":\"https:\\\/\\\/www.organisator.ch\\\/management\\\/2025-12-04\\\/emma-page-wird-neue-geschaeftsleiterin-von-tn\\\/\"},\"author\":{\"name\":\"thomas.berner\",\"@id\":\"https:\\\/\\\/www.organisator.ch\\\/#\\\/schema\\\/person\\\/6f650f90b2842cd4c0cc334b4e36f67e\"},\"headline\":\"Emma Page wird neue Gesch\u00e4ftsleiterin von T&#038;N\",\"datePublished\":\"2025-12-04T12:56:43+00:00\",\"mainEntityOfPage\":{\"@id\":\"https:\\\/\\\/www.organisator.ch\\\/management\\\/2025-12-04\\\/emma-page-wird-neue-geschaeftsleiterin-von-tn\\\/\"},\"wordCount\":267,\"publisher\":{\"@id\":\"https:\\\/\\\/www.organisator.ch\\\/#organization\"},\"image\":{\"@id\":\"https:\\\/\\\/www.organisator.ch\\\/management\\\/2025-12-04\\\/emma-page-wird-neue-geschaeftsleiterin-von-tn\\\/#primaryimage\"},\"thumbnailUrl\":\"https:\\\/\\\/www.organisator.ch\\\/wp-content\\\/uploads\\\/2025\\\/12\\\/Emma-Page-wird-neue-Geschaeftsleiterin-von-TN_Organisator.jpg\",\"keywords\":[\"Firmennachfolge\",\"IT\",\"Management und Unternehmensf\u00fchrung\",\"Sesselwechsel\",\"Unternehmen\"],\"articleSection\":[\"MANAGEMENT\"],\"inLanguage\":\"de\"},{\"@type\":\"WebPage\",\"@id\":\"https:\\\/\\\/www.organisator.ch\\\/management\\\/2025-12-04\\\/emma-page-wird-neue-geschaeftsleiterin-von-tn\\\/\",\"url\":\"https:\\\/\\\/www.organisator.ch\\\/management\\\/2025-12-04\\\/emma-page-wird-neue-geschaeftsleiterin-von-tn\\\/\",\"name\":\"Emma Page wird neue Gesch\u00e4ftsleiterin von T&N - Organisator\",\"isPartOf\":{\"@id\":\"https:\\\/\\\/www.organisator.ch\\\/#website\"},\"primaryImageOfPage\":{\"@id\":\"https:\\\/\\\/www.organisator.ch\\\/management\\\/2025-12-04\\\/emma-page-wird-neue-geschaeftsleiterin-von-tn\\\/#primaryimage\"},\"image\":{\"@id\":\"https:\\\/\\\/www.organisator.ch\\\/management\\\/2025-12-04\\\/emma-page-wird-neue-geschaeftsleiterin-von-tn\\\/#primaryimage\"},\"thumbnailUrl\":\"https:\\\/\\\/www.organisator.ch\\\/wp-content\\\/uploads\\\/2025\\\/12\\\/Emma-Page-wird-neue-Geschaeftsleiterin-von-TN_Organisator.jpg\",\"datePublished\":\"2025-12-04T12:56:43+00:00\",\"description\":\"Beim Schweizer IT-Unternehmen T&N mit Sitz in Dietlikon \u00fcbernimmt ab 1. Januar 2026 eine neue Gesch\u00e4ftsleiterin: Emma Page.\",\"breadcrumb\":{\"@id\":\"https:\\\/\\\/www.organisator.ch\\\/management\\\/2025-12-04\\\/emma-page-wird-neue-geschaeftsleiterin-von-tn\\\/#breadcrumb\"},\"inLanguage\":\"de\",\"potentialAction\":[{\"@type\":\"ReadAction\",\"target\":[\"https:\\\/\\\/www.organisator.ch\\\/management\\\/2025-12-04\\\/emma-page-wird-neue-geschaeftsleiterin-von-tn\\\/\"]}]},{\"@type\":\"ImageObject\",\"inLanguage\":\"de\",\"@id\":\"https:\\\/\\\/www.organisator.ch\\\/management\\\/2025-12-04\\\/emma-page-wird-neue-geschaeftsleiterin-von-tn\\\/#primaryimage\",\"url\":\"https:\\\/\\\/www.organisator.ch\\\/wp-content\\\/uploads\\\/2025\\\/12\\\/Emma-Page-wird-neue-Geschaeftsleiterin-von-TN_Organisator.jpg\",\"contentUrl\":\"https:\\\/\\\/www.organisator.ch\\\/wp-content\\\/uploads\\\/2025\\\/12\\\/Emma-Page-wird-neue-Geschaeftsleiterin-von-TN_Organisator.jpg\",\"width\":680,\"height\":448,\"caption\":\"Hermann Graf und Emma Page im Hauptsitz von T&N in Dietlikon. (Bild: zVg \\\/ T&N)\"},{\"@type\":\"BreadcrumbList\",\"@id\":\"https:\\\/\\\/www.organisator.ch\\\/management\\\/2025-12-04\\\/emma-page-wird-neue-geschaeftsleiterin-von-tn\\\/#breadcrumb\",\"itemListElement\":[{\"@type\":\"ListItem\",\"position\":1,\"name\":\"Home\",\"item\":\"https:\\\/\\\/www.organisator.ch\\\/\"},{\"@type\":\"ListItem\",\"position\":2,\"name\":\"Emma Page wird neue Gesch\u00e4ftsleiterin von T&#038;N\"}]},{\"@type\":\"WebSite\",\"@id\":\"https:\\\/\\\/www.organisator.ch\\\/#website\",\"url\":\"https:\\\/\\\/www.organisator.ch\\\/\",\"name\":\"Organisator\",\"description\":\"Kompetent. Praxisnah. Der ORGANISATOR bereitet in 10 Ausgaben pro Jahr die wesentlichen Themen f\u00fcr F\u00fchrungskr\u00e4fte von KMU auf.\",\"publisher\":{\"@id\":\"https:\\\/\\\/www.organisator.ch\\\/#organization\"},\"potentialAction\":[{\"@type\":\"SearchAction\",\"target\":{\"@type\":\"EntryPoint\",\"urlTemplate\":\"https:\\\/\\\/www.organisator.ch\\\/?s={search_term_string}\"},\"query-input\":{\"@type\":\"PropertyValueSpecification\",\"valueRequired\":true,\"valueName\":\"search_term_string\"}}],\"inLanguage\":\"de\"},{\"@type\":\"Organization\",\"@id\":\"https:\\\/\\\/www.organisator.ch\\\/#organization\",\"name\":\"Organisator\",\"url\":\"https:\\\/\\\/www.organisator.ch\\\/\",\"logo\":{\"@type\":\"ImageObject\",\"inLanguage\":\"de\",\"@id\":\"https:\\\/\\\/www.organisator.ch\\\/#\\\/schema\\\/logo\\\/image\\\/\",\"url\":\"https:\\\/\\\/www.organisator.ch\\\/wp-content\\\/uploads\\\/2022\\\/01\\\/Logo_Organisator_Website.png\",\"contentUrl\":\"https:\\\/\\\/www.organisator.ch\\\/wp-content\\\/uploads\\\/2022\\\/01\\\/Logo_Organisator_Website.png\",\"width\":800,\"height\":77,\"caption\":\"Organisator\"},\"image\":{\"@id\":\"https:\\\/\\\/www.organisator.ch\\\/#\\\/schema\\\/logo\\\/image\\\/\"},\"sameAs\":[\"https:\\\/\\\/www.facebook.com\\\/OrganisatorFachmagazin\",\"https:\\\/\\\/www.linkedin.com\\\/showcase\\\/organisator-das-magazin-fr-kmu\",\"https:\\\/\\\/www.xing.com\\\/news\\\/pages\\\/organisator-ch-695\",\"https:\\\/\\\/www.youtube.com\\\/channel\\\/UCGP2Sq0iWaZwT3BdIAQFYpw\"]},{\"@type\":\"Person\",\"@id\":\"https:\\\/\\\/www.organisator.ch\\\/#\\\/schema\\\/person\\\/6f650f90b2842cd4c0cc334b4e36f67e\",\"name\":\"thomas.berner\",\"image\":{\"@type\":\"ImageObject\",\"inLanguage\":\"de\",\"@id\":\"https:\\\/\\\/secure.gravatar.com\\\/avatar\\\/ac5001d2a36cb6c6cd3e50789007ffca834b477b74a2144564522e944eabff61?s=96&d=mm&r=g\",\"url\":\"https:\\\/\\\/secure.gravatar.com\\\/avatar\\\/ac5001d2a36cb6c6cd3e50789007ffca834b477b74a2144564522e944eabff61?s=96&d=mm&r=g\",\"contentUrl\":\"https:\\\/\\\/secure.gravatar.com\\\/avatar\\\/ac5001d2a36cb6c6cd3e50789007ffca834b477b74a2144564522e944eabff61?s=96&d=mm&r=g\",\"caption\":\"thomas.berner\"},\"url\":\"https:\\\/\\\/www.organisator.ch\\\/de\\\/author\\\/thomas-berner\\\/\"}]}<\/script>\n<!-- \/ Yoast SEO plugin. -->","yoast_head_json":{"title":"Emma Page wird neue Gesch\u00e4ftsleiterin von T&N - Organisator","description":"Beim Schweizer IT-Unternehmen T&N mit Sitz in Dietlikon \u00fcbernimmt ab 1. Januar 2026 eine neue Gesch\u00e4ftsleiterin: Emma Page.","robots":{"index":"index","follow":"follow","max-snippet":"max-snippet:-1","max-image-preview":"max-image-preview:large","max-video-preview":"max-video-preview:-1"},"canonical":"https:\/\/www.organisator.ch\/de\/management\/2025-12-04\/emma-page-wird-neue-geschaeftsleiterin-von-tn\/","og_locale":"de_DE","og_type":"article","og_title":"Emma Page wird neue Gesch\u00e4ftsleiterin von T&N","og_description":"Beim Schweizer IT-Unternehmen T&N mit Sitz in Dietlikon \u00fcbernimmt ab 1. Januar 2026 eine neue Gesch\u00e4ftsleiterin: Emma Page.","og_url":"https:\/\/www.organisator.ch\/de\/management\/2025-12-04\/emma-page-wird-neue-geschaeftsleiterin-von-tn\/","og_site_name":"Organisator","article_publisher":"https:\/\/www.facebook.com\/OrganisatorFachmagazin","article_published_time":"2025-12-04T12:56:43+00:00","og_image":[{"width":680,"height":448,"url":"https:\/\/www.organisator.ch\/wp-content\/uploads\/2025\/12\/Emma-Page-wird-neue-Geschaeftsleiterin-von-TN_Organisator.jpg","type":"image\/jpeg"}],"author":"thomas.berner","twitter_card":"summary_large_image","twitter_title":"Emma Page wird neue #Gesch\u00e4ftsleiterin von #T&N","twitter_description":"Beim Schweizer IT-Unternehmen #T&N mit Sitz in Dietlikon \u00fcbernimmt ab 1. Januar 2026 eine neue #Gesch\u00e4ftsleiterin: Emma Page.","twitter_image":"https:\/\/www.organisator.ch\/wp-content\/uploads\/2025\/12\/Emma-Page-wird-neue-Geschaeftsleiterin-von-TN_Organisator.jpg","schema":{"@context":"https:\/\/schema.org","@graph":[{"@type":"Article","@id":"https:\/\/www.organisator.ch\/management\/2025-12-04\/emma-page-wird-neue-geschaeftsleiterin-von-tn\/#article","isPartOf":{"@id":"https:\/\/www.organisator.ch\/management\/2025-12-04\/emma-page-wird-neue-geschaeftsleiterin-von-tn\/"},"author":{"name":"thomas.berner","@id":"https:\/\/www.organisator.ch\/#\/schema\/person\/6f650f90b2842cd4c0cc334b4e36f67e"},"headline":"Emma Page wird neue Gesch\u00e4ftsleiterin von T&#038;N","datePublished":"2025-12-04T12:56:43+00:00","mainEntityOfPage":{"@id":"https:\/\/www.organisator.ch\/management\/2025-12-04\/emma-page-wird-neue-geschaeftsleiterin-von-tn\/"},"wordCount":267,"publisher":{"@id":"https:\/\/www.organisator.ch\/#organization"},"image":{"@id":"https:\/\/www.organisator.ch\/management\/2025-12-04\/emma-page-wird-neue-geschaeftsleiterin-von-tn\/#primaryimage"},"thumbnailUrl":"https:\/\/www.organisator.ch\/wp-content\/uploads\/2025\/12\/Emma-Page-wird-neue-Geschaeftsleiterin-von-TN_Organisator.jpg","keywords":["Firmennachfolge","IT","Management und Unternehmensf\u00fchrung","Sesselwechsel","Unternehmen"],"articleSection":["MANAGEMENT"],"inLanguage":"de"},{"@type":"WebPage","@id":"https:\/\/www.organisator.ch\/management\/2025-12-04\/emma-page-wird-neue-geschaeftsleiterin-von-tn\/","url":"https:\/\/www.organisator.ch\/management\/2025-12-04\/emma-page-wird-neue-geschaeftsleiterin-von-tn\/","name":"Emma Page wird neue Gesch\u00e4ftsleiterin von T&N - Organisator","isPartOf":{"@id":"https:\/\/www.organisator.ch\/#website"},"primaryImageOfPage":{"@id":"https:\/\/www.organisator.ch\/management\/2025-12-04\/emma-page-wird-neue-geschaeftsleiterin-von-tn\/#primaryimage"},"image":{"@id":"https:\/\/www.organisator.ch\/management\/2025-12-04\/emma-page-wird-neue-geschaeftsleiterin-von-tn\/#primaryimage"},"thumbnailUrl":"https:\/\/www.organisator.ch\/wp-content\/uploads\/2025\/12\/Emma-Page-wird-neue-Geschaeftsleiterin-von-TN_Organisator.jpg","datePublished":"2025-12-04T12:56:43+00:00","description":"Beim Schweizer IT-Unternehmen T&N mit Sitz in Dietlikon \u00fcbernimmt ab 1. Januar 2026 eine neue Gesch\u00e4ftsleiterin: Emma Page.","breadcrumb":{"@id":"https:\/\/www.organisator.ch\/management\/2025-12-04\/emma-page-wird-neue-geschaeftsleiterin-von-tn\/#breadcrumb"},"inLanguage":"de","potentialAction":[{"@type":"ReadAction","target":["https:\/\/www.organisator.ch\/management\/2025-12-04\/emma-page-wird-neue-geschaeftsleiterin-von-tn\/"]}]},{"@type":"ImageObject","inLanguage":"de","@id":"https:\/\/www.organisator.ch\/management\/2025-12-04\/emma-page-wird-neue-geschaeftsleiterin-von-tn\/#primaryimage","url":"https:\/\/www.organisator.ch\/wp-content\/uploads\/2025\/12\/Emma-Page-wird-neue-Geschaeftsleiterin-von-TN_Organisator.jpg","contentUrl":"https:\/\/www.organisator.ch\/wp-content\/uploads\/2025\/12\/Emma-Page-wird-neue-Geschaeftsleiterin-von-TN_Organisator.jpg","width":680,"height":448,"caption":"Hermann Graf und Emma Page im Hauptsitz von T&N in Dietlikon. (Bild: zVg \/ T&N)"},{"@type":"BreadcrumbList","@id":"https:\/\/www.organisator.ch\/management\/2025-12-04\/emma-page-wird-neue-geschaeftsleiterin-von-tn\/#breadcrumb","itemListElement":[{"@type":"ListItem","position":1,"name":"Home","item":"https:\/\/www.organisator.ch\/"},{"@type":"ListItem","position":2,"name":"Emma Page wird neue Gesch\u00e4ftsleiterin von T&#038;N"}]},{"@type":"WebSite","@id":"https:\/\/www.organisator.ch\/#website","url":"https:\/\/www.organisator.ch\/","name":"Organisator","description":"Kompetent. Praxisnah. Der ORGANISATOR bereitet in 10 Ausgaben pro Jahr die wesentlichen Themen f\u00fcr F\u00fchrungskr\u00e4fte von KMU auf.","publisher":{"@id":"https:\/\/www.organisator.ch\/#organization"},"potentialAction":[{"@type":"SearchAction","target":{"@type":"EntryPoint","urlTemplate":"https:\/\/www.organisator.ch\/?s={search_term_string}"},"query-input":{"@type":"PropertyValueSpecification","valueRequired":true,"valueName":"search_term_string"}}],"inLanguage":"de"},{"@type":"Organization","@id":"https:\/\/www.organisator.ch\/#organization","name":"Organisator","url":"https:\/\/www.organisator.ch\/","logo":{"@type":"ImageObject","inLanguage":"de","@id":"https:\/\/www.organisator.ch\/#\/schema\/logo\/image\/","url":"https:\/\/www.organisator.ch\/wp-content\/uploads\/2022\/01\/Logo_Organisator_Website.png","contentUrl":"https:\/\/www.organisator.ch\/wp-content\/uploads\/2022\/01\/Logo_Organisator_Website.png","width":800,"height":77,"caption":"Organisator"},"image":{"@id":"https:\/\/www.organisator.ch\/#\/schema\/logo\/image\/"},"sameAs":["https:\/\/www.facebook.com\/OrganisatorFachmagazin","https:\/\/www.linkedin.com\/showcase\/organisator-das-magazin-fr-kmu","https:\/\/www.xing.com\/news\/pages\/organisator-ch-695","https:\/\/www.youtube.com\/channel\/UCGP2Sq0iWaZwT3BdIAQFYpw"]},{"@type":"Person","@id":"https:\/\/www.organisator.ch\/#\/schema\/person\/6f650f90b2842cd4c0cc334b4e36f67e","name":"thomas.berner","image":{"@type":"ImageObject","inLanguage":"de","@id":"https:\/\/secure.gravatar.com\/avatar\/ac5001d2a36cb6c6cd3e50789007ffca834b477b74a2144564522e944eabff61?s=96&d=mm&r=g","url":"https:\/\/secure.gravatar.com\/avatar\/ac5001d2a36cb6c6cd3e50789007ffca834b477b74a2144564522e944eabff61?s=96&d=mm&r=g","contentUrl":"https:\/\/secure.gravatar.com\/avatar\/ac5001d2a36cb6c6cd3e50789007ffca834b477b74a2144564522e944eabff61?s=96&d=mm&r=g","caption":"thomas.berner"},"url":"https:\/\/www.organisator.ch\/de\/author\/thomas-berner\/"}]}},"_links":{"self":[{"href":"https:\/\/www.organisator.ch\/de\/wp-json\/wp\/v2\/posts\/42582","targetHints":{"allow":["GET"]}}],"collection":[{"href":"https:\/\/www.organisator.ch\/de\/wp-json\/wp\/v2\/posts"}],"about":[{"href":"https:\/\/www.organisator.ch\/de\/wp-json\/wp\/v2\/types\/post"}],"author":[{"embeddable":true,"href":"https:\/\/www.organisator.ch\/de\/wp-json\/wp\/v2\/users\/4"}],"replies":[{"embeddable":true,"href":"https:\/\/www.organisator.ch\/de\/wp-json\/wp\/v2\/comments?post=42582"}],"version-history":[{"count":1,"href":"https:\/\/www.organisator.ch\/de\/wp-json\/wp\/v2\/posts\/42582\/revisions"}],"predecessor-version":[{"id":42584,"href":"https:\/\/www.organisator.ch\/de\/wp-json\/wp\/v2\/posts\/42582\/revisions\/42584"}],"wp:featuredmedia":[{"embeddable":true,"href":"https:\/\/www.organisator.ch\/de\/wp-json\/wp\/v2\/media\/42583"}],"wp:attachment":[{"href":"https:\/\/www.organisator.ch\/de\/wp-json\/wp\/v2\/media?parent=42582"}],"wp:term":[{"taxonomy":"category","embeddable":true,"href":"https:\/\/www.organisator.ch\/de\/wp-json\/wp\/v2\/categories?post=42582"},{"taxonomy":"post_tag","embeddable":true,"href":"https:\/\/www.organisator.ch\/de\/wp-json\/wp\/v2\/tags?post=42582"}],"curies":[{"name":"wp","href":"https:\/\/api.w.org\/{rel}","templated":true}]}}