{"id":42596,"date":"2025-12-08T09:01:58","date_gmt":"2025-12-08T08:01:58","guid":{"rendered":"https:\/\/www.organisator.ch\/?p=42596"},"modified":"2025-12-08T09:01:58","modified_gmt":"2025-12-08T08:01:58","slug":"debrunner-koenig-uebernimmt-locher-bewehrungen","status":"publish","type":"post","link":"https:\/\/www.organisator.ch\/de\/management\/2025-12-08\/debrunner-koenig-uebernimmt-locher-bewehrungen\/","title":{"rendered":"Debrunner Koenig \u00fcbernimmt Locher Bewehrungen"},"content":{"rendered":"<figure id=\"attachment_42597\" aria-describedby=\"caption-attachment-42597\" style=\"width: 680px\" class=\"wp-caption alignnone\"><img loading=\"lazy\" decoding=\"async\" class=\"size-full wp-image-42597\" src=\"https:\/\/www.organisator.ch\/wp-content\/uploads\/2025\/12\/Debrunner-Koenig-uebernimmt-Locher-Bewehrungen_Organisator.jpg\" alt=\"\" width=\"680\" height=\"449\" srcset=\"https:\/\/www.organisator.ch\/wp-content\/uploads\/2025\/12\/Debrunner-Koenig-uebernimmt-Locher-Bewehrungen_Organisator.jpg 680w, https:\/\/www.organisator.ch\/wp-content\/uploads\/2025\/12\/Debrunner-Koenig-uebernimmt-Locher-Bewehrungen_Organisator-18x12.jpg 18w, https:\/\/www.organisator.ch\/wp-content\/uploads\/2025\/12\/Debrunner-Koenig-uebernimmt-Locher-Bewehrungen_Organisator-375x248.jpg 375w, https:\/\/www.organisator.ch\/wp-content\/uploads\/2025\/12\/Debrunner-Koenig-uebernimmt-Locher-Bewehrungen_Organisator-530x350.jpg 530w\" sizes=\"auto, (max-width: 680px) 100vw, 680px\" \/><figcaption id=\"caption-attachment-42597\" class=\"wp-caption-text\">Die Debrunner Koenig Gruppe \u00fcbernimmt den Betrieb der Locher Bewehrungen AG. (Bild: Debrunner Koenig Gruppe)<\/figcaption><\/figure>\n<p>Mit der \u00dcbernahme des Betriebs der Locher Bewehrungen AG per 1. Januar 2026 st\u00e4rkt die schweizweit t\u00e4tige und in der Bewehrungsbranche stark verankerte Debrunner Koenig Gruppe ihre Position in der Ostschweiz. Gezielt baut sie ihr umfassendes Dienstleistungs- und Produktangebot f\u00fcr Baumeister und Ingenieure aus.<\/p>\n<p>Die Locher Bewehrungen AG ist ein in der Region St. Gallen verwurzeltes Unternehmen mit langj\u00e4hriger Erfahrung in der Bewehrungstechnik. \u00abWir verbinden die regionale N\u00e4he und die kundenspezifischen L\u00f6sungskompetenzen von Locher Bewehrungen und der Debrunner Koenig Gruppe\u00bb, erkl\u00e4rt Mitja Schulz, CEO von Debrunner Koenig, die \u00dcbernahme. Diese bedeute nach Angaben des Unternehmens eine Erh\u00f6hung der\u00a0Leistungsf\u00e4higkeit im Gesch\u00e4ftsbereich Bewehrungen.<\/p>\n<p>Die Debrunner Koenig Gruppe mit Hauptsitz in St. Gallen ist Teil des international t\u00e4tigen Konzerns Kl\u00f6ckner &amp; Co SE. Die 1755 gegr\u00fcndete Schweizer Firmengruppe agiert als kompetente B2B-Handelspartnerin und Dienstleisterin im nationalen Markt. Sie besteht aus vier Gesch\u00e4ftsbereichen: \u00abBewehrungen\u00bb liefert Bewehrungsst\u00e4hle, Bewehrungstechnik und Bewehrungszubeh\u00f6r. \u00abStahl &amp; Metalle\u00bb und \u00abMetall Service\u00bb bedienen den Markt mit Rohmaterial und Halbfabrikaten. \u00abTechnische Produkte\u00bb deckt weitere Bereiche des Baubedarfs der Bau-, Industrie- und Handwerkerkundschaft ab.<\/p>\n<p>Die Firmengruppe besch\u00e4ftigt etwa 1350 Mitarbeitende und ist an rund 40 Standorten in der ganzen Schweiz vertreten. Zudem verf\u00fcgt die Gruppe \u00fcber Zentral- und Regionallager sowie Abholshops, schweizweite Verkaufsstandorte und leistungsf\u00e4hige Servicecenter.<\/p>\n<p><em>Quelle: <a href=\"https:\/\/www.dkg.ch\/dkg\/de\/\">Debrunner Koenig Gruppe<\/a><\/em><\/p>\n","protected":false},"excerpt":{"rendered":"<p>Per 1. Januar 2026 \u00fcbernimmt die Debrunner Koenig Gruppe den Betrieb der Locher Bewehrungen AG mit Sitz in St. Gallen. Mit der Nachfolgel\u00f6sung profitieren Kundinnen und Kunden von einer st\u00e4rkeren Leistungsf\u00e4higkeit.<\/p>\n","protected":false},"author":4,"featured_media":42597,"comment_status":"closed","ping_status":"closed","sticky":false,"template":"","format":"standard","meta":{"_acf_changed":false,"_yoast_wpseo_focuskw":"Locher Bewehrungen","_yoast_wpseo_metadesc":"Per 1. Januar 2026 \u00fcbernimmt die Debrunner Koenig Gruppe den Betrieb der Locher Bewehrungen AG mit Sitz in St. Gallen.","articlekey":"","footnotes":""},"categories":[28],"tags":[71,3323,335,492],"class_list":["post-42596","post","type-post","status-publish","format-standard","has-post-thumbnail","hentry","category-management","tag-baubranche","tag-firmenuebernahmen","tag-management-und-unternehmensfuehrung","tag-unternehmen"],"acf":[],"yoast_head":"<!-- This site is optimized with the Yoast SEO plugin v27.5 - https:\/\/yoast.com\/product\/yoast-seo-wordpress\/ -->\n<title>Debrunner Koenig \u00fcbernimmt Locher Bewehrungen - Organisator<\/title>\n<meta name=\"description\" content=\"Per 1. Januar 2026 \u00fcbernimmt die Debrunner Koenig Gruppe den Betrieb der Locher Bewehrungen AG mit Sitz in St. Gallen.\" \/>\n<meta name=\"robots\" content=\"index, follow, max-snippet:-1, max-image-preview:large, max-video-preview:-1\" \/>\n<link rel=\"canonical\" href=\"https:\/\/www.organisator.ch\/de\/management\/2025-12-08\/debrunner-koenig-uebernimmt-locher-bewehrungen\/\" \/>\n<meta property=\"og:locale\" content=\"de_DE\" \/>\n<meta property=\"og:type\" content=\"article\" \/>\n<meta property=\"og:title\" content=\"Debrunner Koenig \u00fcbernimmt Locher Bewehrungen\" \/>\n<meta property=\"og:description\" content=\"Per 1. Januar 2026 \u00fcbernimmt die Debrunner Koenig Gruppe den Betrieb der Locher Bewehrungen AG mit Sitz in St. Gallen.\" \/>\n<meta property=\"og:url\" content=\"https:\/\/www.organisator.ch\/de\/management\/2025-12-08\/debrunner-koenig-uebernimmt-locher-bewehrungen\/\" \/>\n<meta property=\"og:site_name\" content=\"Organisator\" \/>\n<meta property=\"article:publisher\" content=\"https:\/\/www.facebook.com\/OrganisatorFachmagazin\" \/>\n<meta property=\"article:published_time\" content=\"2025-12-08T08:01:58+00:00\" \/>\n<meta property=\"og:image\" content=\"https:\/\/www.organisator.ch\/wp-content\/uploads\/2025\/12\/Debrunner-Koenig-uebernimmt-Locher-Bewehrungen_Organisator.jpg\" \/>\n\t<meta property=\"og:image:width\" content=\"680\" \/>\n\t<meta property=\"og:image:height\" content=\"449\" \/>\n\t<meta property=\"og:image:type\" content=\"image\/jpeg\" \/>\n<meta name=\"author\" content=\"thomas.berner\" \/>\n<meta name=\"twitter:card\" content=\"summary_large_image\" \/>\n<meta name=\"twitter:title\" content=\"#Debrunner Koenig \u00fcbernimmt Locher #Bewehrungen\" \/>\n<meta name=\"twitter:description\" content=\"Per 1. Januar 2026 \u00fcbernimmt die #Debrunner Koenig Gruppe den Betrieb der Locher #Bewehrungen AG mit Sitz in St. Gallen.\" \/>\n<meta name=\"twitter:image\" content=\"https:\/\/www.organisator.ch\/wp-content\/uploads\/2025\/12\/Debrunner-Koenig-uebernimmt-Locher-Bewehrungen_Organisator.jpg\" \/>\n<script type=\"application\/ld+json\" class=\"yoast-schema-graph\">{\"@context\":\"https:\\\/\\\/schema.org\",\"@graph\":[{\"@type\":\"Article\",\"@id\":\"https:\\\/\\\/www.organisator.ch\\\/management\\\/2025-12-08\\\/debrunner-koenig-uebernimmt-locher-bewehrungen\\\/#article\",\"isPartOf\":{\"@id\":\"https:\\\/\\\/www.organisator.ch\\\/management\\\/2025-12-08\\\/debrunner-koenig-uebernimmt-locher-bewehrungen\\\/\"},\"author\":{\"name\":\"thomas.berner\",\"@id\":\"https:\\\/\\\/www.organisator.ch\\\/#\\\/schema\\\/person\\\/6f650f90b2842cd4c0cc334b4e36f67e\"},\"headline\":\"Debrunner Koenig \u00fcbernimmt Locher Bewehrungen\",\"datePublished\":\"2025-12-08T08:01:58+00:00\",\"mainEntityOfPage\":{\"@id\":\"https:\\\/\\\/www.organisator.ch\\\/management\\\/2025-12-08\\\/debrunner-koenig-uebernimmt-locher-bewehrungen\\\/\"},\"wordCount\":250,\"publisher\":{\"@id\":\"https:\\\/\\\/www.organisator.ch\\\/#organization\"},\"image\":{\"@id\":\"https:\\\/\\\/www.organisator.ch\\\/management\\\/2025-12-08\\\/debrunner-koenig-uebernimmt-locher-bewehrungen\\\/#primaryimage\"},\"thumbnailUrl\":\"https:\\\/\\\/www.organisator.ch\\\/wp-content\\\/uploads\\\/2025\\\/12\\\/Debrunner-Koenig-uebernimmt-Locher-Bewehrungen_Organisator.jpg\",\"keywords\":[\"Baubranche\",\"Firmen\u00fcbernahmen\",\"Management und Unternehmensf\u00fchrung\",\"Unternehmen\"],\"articleSection\":[\"MANAGEMENT\"],\"inLanguage\":\"de\"},{\"@type\":\"WebPage\",\"@id\":\"https:\\\/\\\/www.organisator.ch\\\/management\\\/2025-12-08\\\/debrunner-koenig-uebernimmt-locher-bewehrungen\\\/\",\"url\":\"https:\\\/\\\/www.organisator.ch\\\/management\\\/2025-12-08\\\/debrunner-koenig-uebernimmt-locher-bewehrungen\\\/\",\"name\":\"Debrunner Koenig \u00fcbernimmt Locher Bewehrungen - Organisator\",\"isPartOf\":{\"@id\":\"https:\\\/\\\/www.organisator.ch\\\/#website\"},\"primaryImageOfPage\":{\"@id\":\"https:\\\/\\\/www.organisator.ch\\\/management\\\/2025-12-08\\\/debrunner-koenig-uebernimmt-locher-bewehrungen\\\/#primaryimage\"},\"image\":{\"@id\":\"https:\\\/\\\/www.organisator.ch\\\/management\\\/2025-12-08\\\/debrunner-koenig-uebernimmt-locher-bewehrungen\\\/#primaryimage\"},\"thumbnailUrl\":\"https:\\\/\\\/www.organisator.ch\\\/wp-content\\\/uploads\\\/2025\\\/12\\\/Debrunner-Koenig-uebernimmt-Locher-Bewehrungen_Organisator.jpg\",\"datePublished\":\"2025-12-08T08:01:58+00:00\",\"description\":\"Per 1. Januar 2026 \u00fcbernimmt die Debrunner Koenig Gruppe den Betrieb der Locher Bewehrungen AG mit Sitz in St. Gallen.\",\"breadcrumb\":{\"@id\":\"https:\\\/\\\/www.organisator.ch\\\/management\\\/2025-12-08\\\/debrunner-koenig-uebernimmt-locher-bewehrungen\\\/#breadcrumb\"},\"inLanguage\":\"de\",\"potentialAction\":[{\"@type\":\"ReadAction\",\"target\":[\"https:\\\/\\\/www.organisator.ch\\\/management\\\/2025-12-08\\\/debrunner-koenig-uebernimmt-locher-bewehrungen\\\/\"]}]},{\"@type\":\"ImageObject\",\"inLanguage\":\"de\",\"@id\":\"https:\\\/\\\/www.organisator.ch\\\/management\\\/2025-12-08\\\/debrunner-koenig-uebernimmt-locher-bewehrungen\\\/#primaryimage\",\"url\":\"https:\\\/\\\/www.organisator.ch\\\/wp-content\\\/uploads\\\/2025\\\/12\\\/Debrunner-Koenig-uebernimmt-Locher-Bewehrungen_Organisator.jpg\",\"contentUrl\":\"https:\\\/\\\/www.organisator.ch\\\/wp-content\\\/uploads\\\/2025\\\/12\\\/Debrunner-Koenig-uebernimmt-Locher-Bewehrungen_Organisator.jpg\",\"width\":680,\"height\":449,\"caption\":\"Die Debrunner Koenig Gruppe \u00fcbernimmt den Betrieb der Locher Bewehrungen AG. (Bild: Debrunner Koenig Gruppe)\"},{\"@type\":\"BreadcrumbList\",\"@id\":\"https:\\\/\\\/www.organisator.ch\\\/management\\\/2025-12-08\\\/debrunner-koenig-uebernimmt-locher-bewehrungen\\\/#breadcrumb\",\"itemListElement\":[{\"@type\":\"ListItem\",\"position\":1,\"name\":\"Home\",\"item\":\"https:\\\/\\\/www.organisator.ch\\\/\"},{\"@type\":\"ListItem\",\"position\":2,\"name\":\"Debrunner Koenig \u00fcbernimmt Locher Bewehrungen\"}]},{\"@type\":\"WebSite\",\"@id\":\"https:\\\/\\\/www.organisator.ch\\\/#website\",\"url\":\"https:\\\/\\\/www.organisator.ch\\\/\",\"name\":\"Organisator\",\"description\":\"Kompetent. Praxisnah. Der ORGANISATOR bereitet in 10 Ausgaben pro Jahr die wesentlichen Themen f\u00fcr F\u00fchrungskr\u00e4fte von KMU auf.\",\"publisher\":{\"@id\":\"https:\\\/\\\/www.organisator.ch\\\/#organization\"},\"potentialAction\":[{\"@type\":\"SearchAction\",\"target\":{\"@type\":\"EntryPoint\",\"urlTemplate\":\"https:\\\/\\\/www.organisator.ch\\\/?s={search_term_string}\"},\"query-input\":{\"@type\":\"PropertyValueSpecification\",\"valueRequired\":true,\"valueName\":\"search_term_string\"}}],\"inLanguage\":\"de\"},{\"@type\":\"Organization\",\"@id\":\"https:\\\/\\\/www.organisator.ch\\\/#organization\",\"name\":\"Organisator\",\"url\":\"https:\\\/\\\/www.organisator.ch\\\/\",\"logo\":{\"@type\":\"ImageObject\",\"inLanguage\":\"de\",\"@id\":\"https:\\\/\\\/www.organisator.ch\\\/#\\\/schema\\\/logo\\\/image\\\/\",\"url\":\"https:\\\/\\\/www.organisator.ch\\\/wp-content\\\/uploads\\\/2022\\\/01\\\/Logo_Organisator_Website.png\",\"contentUrl\":\"https:\\\/\\\/www.organisator.ch\\\/wp-content\\\/uploads\\\/2022\\\/01\\\/Logo_Organisator_Website.png\",\"width\":800,\"height\":77,\"caption\":\"Organisator\"},\"image\":{\"@id\":\"https:\\\/\\\/www.organisator.ch\\\/#\\\/schema\\\/logo\\\/image\\\/\"},\"sameAs\":[\"https:\\\/\\\/www.facebook.com\\\/OrganisatorFachmagazin\",\"https:\\\/\\\/www.linkedin.com\\\/showcase\\\/organisator-das-magazin-fr-kmu\",\"https:\\\/\\\/www.xing.com\\\/news\\\/pages\\\/organisator-ch-695\",\"https:\\\/\\\/www.youtube.com\\\/channel\\\/UCGP2Sq0iWaZwT3BdIAQFYpw\"]},{\"@type\":\"Person\",\"@id\":\"https:\\\/\\\/www.organisator.ch\\\/#\\\/schema\\\/person\\\/6f650f90b2842cd4c0cc334b4e36f67e\",\"name\":\"thomas.berner\",\"image\":{\"@type\":\"ImageObject\",\"inLanguage\":\"de\",\"@id\":\"https:\\\/\\\/secure.gravatar.com\\\/avatar\\\/ac5001d2a36cb6c6cd3e50789007ffca834b477b74a2144564522e944eabff61?s=96&d=mm&r=g\",\"url\":\"https:\\\/\\\/secure.gravatar.com\\\/avatar\\\/ac5001d2a36cb6c6cd3e50789007ffca834b477b74a2144564522e944eabff61?s=96&d=mm&r=g\",\"contentUrl\":\"https:\\\/\\\/secure.gravatar.com\\\/avatar\\\/ac5001d2a36cb6c6cd3e50789007ffca834b477b74a2144564522e944eabff61?s=96&d=mm&r=g\",\"caption\":\"thomas.berner\"},\"url\":\"https:\\\/\\\/www.organisator.ch\\\/de\\\/author\\\/thomas-berner\\\/\"}]}<\/script>\n<!-- \/ Yoast SEO plugin. -->","yoast_head_json":{"title":"Debrunner Koenig \u00fcbernimmt Locher Bewehrungen - Organisator","description":"Per 1. Januar 2026 \u00fcbernimmt die Debrunner Koenig Gruppe den Betrieb der Locher Bewehrungen AG mit Sitz in St. Gallen.","robots":{"index":"index","follow":"follow","max-snippet":"max-snippet:-1","max-image-preview":"max-image-preview:large","max-video-preview":"max-video-preview:-1"},"canonical":"https:\/\/www.organisator.ch\/de\/management\/2025-12-08\/debrunner-koenig-uebernimmt-locher-bewehrungen\/","og_locale":"de_DE","og_type":"article","og_title":"Debrunner Koenig \u00fcbernimmt Locher Bewehrungen","og_description":"Per 1. Januar 2026 \u00fcbernimmt die Debrunner Koenig Gruppe den Betrieb der Locher Bewehrungen AG mit Sitz in St. Gallen.","og_url":"https:\/\/www.organisator.ch\/de\/management\/2025-12-08\/debrunner-koenig-uebernimmt-locher-bewehrungen\/","og_site_name":"Organisator","article_publisher":"https:\/\/www.facebook.com\/OrganisatorFachmagazin","article_published_time":"2025-12-08T08:01:58+00:00","og_image":[{"width":680,"height":449,"url":"https:\/\/www.organisator.ch\/wp-content\/uploads\/2025\/12\/Debrunner-Koenig-uebernimmt-Locher-Bewehrungen_Organisator.jpg","type":"image\/jpeg"}],"author":"thomas.berner","twitter_card":"summary_large_image","twitter_title":"#Debrunner Koenig \u00fcbernimmt Locher #Bewehrungen","twitter_description":"Per 1. Januar 2026 \u00fcbernimmt die #Debrunner Koenig Gruppe den Betrieb der Locher #Bewehrungen AG mit Sitz in St. Gallen.","twitter_image":"https:\/\/www.organisator.ch\/wp-content\/uploads\/2025\/12\/Debrunner-Koenig-uebernimmt-Locher-Bewehrungen_Organisator.jpg","schema":{"@context":"https:\/\/schema.org","@graph":[{"@type":"Article","@id":"https:\/\/www.organisator.ch\/management\/2025-12-08\/debrunner-koenig-uebernimmt-locher-bewehrungen\/#article","isPartOf":{"@id":"https:\/\/www.organisator.ch\/management\/2025-12-08\/debrunner-koenig-uebernimmt-locher-bewehrungen\/"},"author":{"name":"thomas.berner","@id":"https:\/\/www.organisator.ch\/#\/schema\/person\/6f650f90b2842cd4c0cc334b4e36f67e"},"headline":"Debrunner Koenig \u00fcbernimmt Locher Bewehrungen","datePublished":"2025-12-08T08:01:58+00:00","mainEntityOfPage":{"@id":"https:\/\/www.organisator.ch\/management\/2025-12-08\/debrunner-koenig-uebernimmt-locher-bewehrungen\/"},"wordCount":250,"publisher":{"@id":"https:\/\/www.organisator.ch\/#organization"},"image":{"@id":"https:\/\/www.organisator.ch\/management\/2025-12-08\/debrunner-koenig-uebernimmt-locher-bewehrungen\/#primaryimage"},"thumbnailUrl":"https:\/\/www.organisator.ch\/wp-content\/uploads\/2025\/12\/Debrunner-Koenig-uebernimmt-Locher-Bewehrungen_Organisator.jpg","keywords":["Baubranche","Firmen\u00fcbernahmen","Management und Unternehmensf\u00fchrung","Unternehmen"],"articleSection":["MANAGEMENT"],"inLanguage":"de"},{"@type":"WebPage","@id":"https:\/\/www.organisator.ch\/management\/2025-12-08\/debrunner-koenig-uebernimmt-locher-bewehrungen\/","url":"https:\/\/www.organisator.ch\/management\/2025-12-08\/debrunner-koenig-uebernimmt-locher-bewehrungen\/","name":"Debrunner Koenig \u00fcbernimmt Locher Bewehrungen - Organisator","isPartOf":{"@id":"https:\/\/www.organisator.ch\/#website"},"primaryImageOfPage":{"@id":"https:\/\/www.organisator.ch\/management\/2025-12-08\/debrunner-koenig-uebernimmt-locher-bewehrungen\/#primaryimage"},"image":{"@id":"https:\/\/www.organisator.ch\/management\/2025-12-08\/debrunner-koenig-uebernimmt-locher-bewehrungen\/#primaryimage"},"thumbnailUrl":"https:\/\/www.organisator.ch\/wp-content\/uploads\/2025\/12\/Debrunner-Koenig-uebernimmt-Locher-Bewehrungen_Organisator.jpg","datePublished":"2025-12-08T08:01:58+00:00","description":"Per 1. Januar 2026 \u00fcbernimmt die Debrunner Koenig Gruppe den Betrieb der Locher Bewehrungen AG mit Sitz in St. Gallen.","breadcrumb":{"@id":"https:\/\/www.organisator.ch\/management\/2025-12-08\/debrunner-koenig-uebernimmt-locher-bewehrungen\/#breadcrumb"},"inLanguage":"de","potentialAction":[{"@type":"ReadAction","target":["https:\/\/www.organisator.ch\/management\/2025-12-08\/debrunner-koenig-uebernimmt-locher-bewehrungen\/"]}]},{"@type":"ImageObject","inLanguage":"de","@id":"https:\/\/www.organisator.ch\/management\/2025-12-08\/debrunner-koenig-uebernimmt-locher-bewehrungen\/#primaryimage","url":"https:\/\/www.organisator.ch\/wp-content\/uploads\/2025\/12\/Debrunner-Koenig-uebernimmt-Locher-Bewehrungen_Organisator.jpg","contentUrl":"https:\/\/www.organisator.ch\/wp-content\/uploads\/2025\/12\/Debrunner-Koenig-uebernimmt-Locher-Bewehrungen_Organisator.jpg","width":680,"height":449,"caption":"Die Debrunner Koenig Gruppe \u00fcbernimmt den Betrieb der Locher Bewehrungen AG. (Bild: Debrunner Koenig Gruppe)"},{"@type":"BreadcrumbList","@id":"https:\/\/www.organisator.ch\/management\/2025-12-08\/debrunner-koenig-uebernimmt-locher-bewehrungen\/#breadcrumb","itemListElement":[{"@type":"ListItem","position":1,"name":"Home","item":"https:\/\/www.organisator.ch\/"},{"@type":"ListItem","position":2,"name":"Debrunner Koenig \u00fcbernimmt Locher Bewehrungen"}]},{"@type":"WebSite","@id":"https:\/\/www.organisator.ch\/#website","url":"https:\/\/www.organisator.ch\/","name":"Organisator","description":"Kompetent. Praxisnah. Der ORGANISATOR bereitet in 10 Ausgaben pro Jahr die wesentlichen Themen f\u00fcr F\u00fchrungskr\u00e4fte von KMU auf.","publisher":{"@id":"https:\/\/www.organisator.ch\/#organization"},"potentialAction":[{"@type":"SearchAction","target":{"@type":"EntryPoint","urlTemplate":"https:\/\/www.organisator.ch\/?s={search_term_string}"},"query-input":{"@type":"PropertyValueSpecification","valueRequired":true,"valueName":"search_term_string"}}],"inLanguage":"de"},{"@type":"Organization","@id":"https:\/\/www.organisator.ch\/#organization","name":"Organisator","url":"https:\/\/www.organisator.ch\/","logo":{"@type":"ImageObject","inLanguage":"de","@id":"https:\/\/www.organisator.ch\/#\/schema\/logo\/image\/","url":"https:\/\/www.organisator.ch\/wp-content\/uploads\/2022\/01\/Logo_Organisator_Website.png","contentUrl":"https:\/\/www.organisator.ch\/wp-content\/uploads\/2022\/01\/Logo_Organisator_Website.png","width":800,"height":77,"caption":"Organisator"},"image":{"@id":"https:\/\/www.organisator.ch\/#\/schema\/logo\/image\/"},"sameAs":["https:\/\/www.facebook.com\/OrganisatorFachmagazin","https:\/\/www.linkedin.com\/showcase\/organisator-das-magazin-fr-kmu","https:\/\/www.xing.com\/news\/pages\/organisator-ch-695","https:\/\/www.youtube.com\/channel\/UCGP2Sq0iWaZwT3BdIAQFYpw"]},{"@type":"Person","@id":"https:\/\/www.organisator.ch\/#\/schema\/person\/6f650f90b2842cd4c0cc334b4e36f67e","name":"thomas.berner","image":{"@type":"ImageObject","inLanguage":"de","@id":"https:\/\/secure.gravatar.com\/avatar\/ac5001d2a36cb6c6cd3e50789007ffca834b477b74a2144564522e944eabff61?s=96&d=mm&r=g","url":"https:\/\/secure.gravatar.com\/avatar\/ac5001d2a36cb6c6cd3e50789007ffca834b477b74a2144564522e944eabff61?s=96&d=mm&r=g","contentUrl":"https:\/\/secure.gravatar.com\/avatar\/ac5001d2a36cb6c6cd3e50789007ffca834b477b74a2144564522e944eabff61?s=96&d=mm&r=g","caption":"thomas.berner"},"url":"https:\/\/www.organisator.ch\/de\/author\/thomas-berner\/"}]}},"_links":{"self":[{"href":"https:\/\/www.organisator.ch\/de\/wp-json\/wp\/v2\/posts\/42596","targetHints":{"allow":["GET"]}}],"collection":[{"href":"https:\/\/www.organisator.ch\/de\/wp-json\/wp\/v2\/posts"}],"about":[{"href":"https:\/\/www.organisator.ch\/de\/wp-json\/wp\/v2\/types\/post"}],"author":[{"embeddable":true,"href":"https:\/\/www.organisator.ch\/de\/wp-json\/wp\/v2\/users\/4"}],"replies":[{"embeddable":true,"href":"https:\/\/www.organisator.ch\/de\/wp-json\/wp\/v2\/comments?post=42596"}],"version-history":[{"count":2,"href":"https:\/\/www.organisator.ch\/de\/wp-json\/wp\/v2\/posts\/42596\/revisions"}],"predecessor-version":[{"id":42699,"href":"https:\/\/www.organisator.ch\/de\/wp-json\/wp\/v2\/posts\/42596\/revisions\/42699"}],"wp:featuredmedia":[{"embeddable":true,"href":"https:\/\/www.organisator.ch\/de\/wp-json\/wp\/v2\/media\/42597"}],"wp:attachment":[{"href":"https:\/\/www.organisator.ch\/de\/wp-json\/wp\/v2\/media?parent=42596"}],"wp:term":[{"taxonomy":"category","embeddable":true,"href":"https:\/\/www.organisator.ch\/de\/wp-json\/wp\/v2\/categories?post=42596"},{"taxonomy":"post_tag","embeddable":true,"href":"https:\/\/www.organisator.ch\/de\/wp-json\/wp\/v2\/tags?post=42596"}],"curies":[{"name":"wp","href":"https:\/\/api.w.org\/{rel}","templated":true}]}}