{"id":42599,"date":"2025-12-09T10:14:31","date_gmt":"2025-12-09T09:14:31","guid":{"rendered":"https:\/\/www.organisator.ch\/?p=42599"},"modified":"2025-12-09T10:14:31","modified_gmt":"2025-12-09T09:14:31","slug":"stabile-einstellungsabsichten-bei-schweizer-unternehmen","status":"publish","type":"post","link":"https:\/\/www.organisator.ch\/de\/human-resources\/2025-12-09\/stabile-einstellungsabsichten-bei-schweizer-unternehmen\/","title":{"rendered":"Stabile Einstellungsabsichten bei Schweizer Unternehmen"},"content":{"rendered":"<figure id=\"attachment_42600\" aria-describedby=\"caption-attachment-42600\" style=\"width: 680px\" class=\"wp-caption alignnone\"><img loading=\"lazy\" decoding=\"async\" class=\"size-full wp-image-42600\" src=\"https:\/\/www.organisator.ch\/wp-content\/uploads\/2025\/12\/Stabile-Einstellungsabsichten-bei-Schweizer-Unternehmen_Organisator.jpg\" alt=\"\" width=\"680\" height=\"453\" srcset=\"https:\/\/www.organisator.ch\/wp-content\/uploads\/2025\/12\/Stabile-Einstellungsabsichten-bei-Schweizer-Unternehmen_Organisator.jpg 680w, https:\/\/www.organisator.ch\/wp-content\/uploads\/2025\/12\/Stabile-Einstellungsabsichten-bei-Schweizer-Unternehmen_Organisator-18x12.jpg 18w, https:\/\/www.organisator.ch\/wp-content\/uploads\/2025\/12\/Stabile-Einstellungsabsichten-bei-Schweizer-Unternehmen_Organisator-375x250.jpg 375w, https:\/\/www.organisator.ch\/wp-content\/uploads\/2025\/12\/Stabile-Einstellungsabsichten-bei-Schweizer-Unternehmen_Organisator-525x350.jpg 525w\" sizes=\"auto, (max-width: 680px) 100vw, 680px\" \/><figcaption id=\"caption-attachment-42600\" class=\"wp-caption-text\">Trotz wirtschaftlicher Unsicherheit bleiben die Einstellungsabsichten bei Schweizer Unternehmen stabil. (Bild: Unsplash.com)<\/figcaption><\/figure>\n<p>Laut der aktuellen <a href=\"http:\/\/go.manpowergroup.ch\/meos\">Besch\u00e4ftigungsprognose<\/a> von ManpowerGroup, f\u00fcr die mehr als 39.000 Arbeitgeber in 41 L\u00e4ndern befragt wurden, liegt die globale Netto-Besch\u00e4ftigungsprognose (NEO) f\u00fcr das erste Quartal 2026 bei 24% und damit einen Prozentpunkt \u00fcber dem Vorquartal, jedoch einen Prozentpunkt unter dem Vorjahreswert. In \u00e4hnlicher Weise behalten die Schweizer Arbeitgeber zu Beginn des Jahres 2026 einen stabilen Einstellungsausblick bei, mit einer Netto-Besch\u00e4ftigungsprognose (NEO) von 27%, was einem R\u00fcckgang von 2 Prozentpunkten gegen\u00fcber dem Vorjahr entspricht. Vor diesem internationalen Hintergrund verzeichnet die Schweiz f\u00fcr Anfang 2026 weiterhin eine robuste Einstellungsstimmung.<\/p>\n<p>\u00abSchweizer Arbeitgeber blicken weiterhin mit vorsichtigem Optimismus auf das Jahr 2026. W\u00e4hrend die Einstellungsabsichten insgesamt stabil bleiben, ist der R\u00fcckgang am deutlichsten bei den gr\u00f6ssten Unternehmen des Landes zu beobachten, wo sich die Prognose deutlich abgeschw\u00e4cht hat. Diese Ver\u00e4nderung erfordert von den Unternehmen eine pr\u00e4zisere Planung, um ein Gleichgewicht zwischen Kostendisziplin und der Notwendigkeit zu finden, sich die mittelfristig wichtigen Kompetenzen zu sichern\u00bb, sagt Eric Jeannerod, Country Manager von ManpowerGroup Schweiz.<\/p>\n<h3><strong>Wirtschaftliche Vorsicht ver\u00e4ndert Personalstrategien<\/strong><\/h3>\n<p>Schweizer Arbeitgeber halten ihren Personalbestand unver\u00e4ndert, vor allem, weil sie sich ausreichend mit Ressourcen ausgestattet f\u00fchlen: 31% geben an, dass ihre derzeitigen Teams ausreichen, um die Unternehmensziele zu erreichen. Selektive Einstellungen und sorgf\u00e4ltige Bewertungen spielen ebenfalls eine wichtige Rolle: 24% geben an, dass der Markt stabil ist, und weitere 24% verschieben Einstellungsentscheidungen, bis sich die wirtschaftlichen Aussichten kl\u00e4ren. Strategische und strukturelle Faktoren unterst\u00fctzen diese abwartende Haltung zus\u00e4tzlich, darunter die bewusste Konzentration auf den Erhalt der bestehenden Belegschaft (22%) und das Fehlen gr\u00f6sserer Projekte oder Expansionen (21%).<\/p>\n<p>\u00abSchweizer Unternehmen setzen bei der Talentakquise st\u00e4rker auf strategische Ans\u00e4tze und distanzieren sich vom bisherigen Einstellungsdruck. Unternehmen sind zunehmend in der Lage, geeignete Kandidaten zum richtigen Zeitpunkt \u00fcber ihre eigenen Rekrutierungsteams zu finden und gleichzeitig die Produktion an die Marktvolatilit\u00e4t anzupassen, indem sie Lagerbest\u00e4nde reduzieren und Just-in-Time-Methoden beschleunigen, um die Effizienz zu steigern und die Kosten zu kontrollieren\u00bb, sagt Guido Hofm\u00e4nner, Head of Sales von ManpowerGroup Schweiz.<\/p>\n<h3>Faktoren f\u00fcr Personalabbau<\/h3>\n<p>Unter den Schweizer Unternehmen, die einen Personalabbau planen, sind Umstrukturierungen und die Anpassung an die Nachfrage gleichermassen wichtige Faktoren (25%). Weitere Faktoren sind:<\/p>\n<ul>\n<li>Operative Effizienz (22%): Prozessoptimierung, die zu einer Konsolidierung der Funktionen f\u00fchrt.<\/li>\n<li>Wirtschaftlicher Druck (21%): Wirtschaftliche Herausforderungen, die sich negativ auf die Mitarbeiter auswirken.<\/li>\n<li>Ver\u00e4nderte Qualifikationsanforderungen (19%): Anpassungen in den ben\u00f6tigten Kompetenzen reduzieren die Nachfragen nach bestimmten Rollen.<\/li>\n<li>Marktver\u00e4nderungen (18%): Ver\u00e4nderungen im Marktumfeld f\u00fchren ebenfalls zu einer geringeren Nachfrage in einzelnen Bereichen.<\/li>\n<\/ul>\n<p>Umgekehrt sind die Beweggr\u00fcnde f\u00fcr Unternehmen, die einen Personalaufbau planen, folgende:<\/p>\n<ul>\n<li>Ersatz f\u00fcr ausgeschiedene Mitarbeiter (30%): Ersatz f\u00fcr Mitarbeiter, die im letzten Quartal ausgeschieden sind.<\/li>\n<li>Unternehmenswachstum (25%): Expansion in neue M\u00e4rkte oder Sektoren.<\/li>\n<li>Neue Gesch\u00e4ftsbereiche (23%): Entwicklung neuer Produkte oder Dienstleistungen.<\/li>\n<li>Initiativen zur F\u00f6rderung der Vielfalt (22%): Schaffung von Stellen zur St\u00e4rkung der Vielfalt der Belegschaft.<\/li>\n<\/ul>\n<p>Insbesondere bei den gr\u00f6ssten Arbeitgebern des Landes ist der R\u00fcckgang am deutlichsten zu beobachten. Unternehmen mit mehr als 5.000 Mitarbeitern melden mit 9% den schw\u00e4chsten Ausblick und verzeichnen damit einen starken R\u00fcckgang gegen\u00fcber dem Vorjahr.<\/p>\n<h3>Unterschiede zwischen Branchen und Regionen<\/h3>\n<p>Der R\u00fcckgang ist nicht gleichm\u00e4ssig \u00fcber alle Branchen verteilt. Die st\u00e4rksten R\u00fcckg\u00e4nge gegen\u00fcber dem Vorjahr verzeichnen die Branchen Finanzen und Versicherungen (R\u00fcckgang um 19 Punkte) und Handel und Logistik (R\u00fcckgang um 24 Punkte).\u00a0Auch regional sind die Unterschiede deutlich: Der Espace Mittelland verzeichnet mit einem Ausblick von 13% (-19 Punkte im Jahresvergleich) den st\u00e4rksten R\u00fcckgang. Z\u00fcrich wiederum ist mit 30% zwar st\u00e4rker, verzeichnet aber dennoch einen R\u00fcckgang von 9 Punkten im Jahresvergleich, was auf eine Verlangsamung der Einstellungen nach den j\u00fcngsten Umstrukturierungszyklen zur\u00fcckzuf\u00fchren ist.<\/p>\n<p><em>Quelle: <a href=\"http:\/\/www.manpowergroup.com\">Manpower Group<\/a><\/em><\/p>\n","protected":false},"excerpt":{"rendered":"<p>Schweizer Arbeitgeber erwarten f\u00fcr Anfang 2026 stabile Einstellungspl\u00e4ne mit einer Netto-Besch\u00e4ftigungsprognose (NEO) von 27% f\u00fcr die Schweiz, was einem Anstieg von einem Prozentpunkt gegen\u00fcber dem Vorquartal, aber einem R\u00fcckgang von zwei Prozentpunkten gegen\u00fcber dem Vorjahr entspricht. Die Zahlen deuten auf einen vorsichtigen Optimismus hin, da Unternehmen weiterhin in einem Umfeld anhaltender wirtschaftlicher Unsicherheit agieren.<\/p>\n","protected":false},"author":4,"featured_media":42600,"comment_status":"closed","ping_status":"closed","sticky":false,"template":"","format":"standard","meta":{"_acf_changed":false,"_yoast_wpseo_focuskw":"Einstellungsabsichten","_yoast_wpseo_metadesc":"Schweizer Arbeitgeber haben f\u00fcr Anfang 2026 stabile Einstellungsabsichten mit einer Netto-Besch\u00e4ftigungsprognose (NEO) von 27%.","articlekey":"","footnotes":""},"categories":[579],"tags":[4249,254,407],"class_list":["post-42599","post","type-post","status-publish","format-standard","has-post-thumbnail","hentry","category-human-resources","tag-beschaeftigungstrends","tag-hrm","tag-recruiting"],"acf":[],"yoast_head":"<!-- This site is optimized with the Yoast SEO plugin v27.5 - https:\/\/yoast.com\/product\/yoast-seo-wordpress\/ -->\n<title>Stabile Einstellungsabsichten bei Schweizer Unternehmen - Organisator<\/title>\n<meta name=\"description\" content=\"Schweizer Arbeitgeber haben f\u00fcr Anfang 2026 stabile Einstellungsabsichten mit einer Netto-Besch\u00e4ftigungsprognose (NEO) von 27%.\" \/>\n<meta name=\"robots\" content=\"index, follow, max-snippet:-1, max-image-preview:large, max-video-preview:-1\" \/>\n<link rel=\"canonical\" href=\"https:\/\/www.organisator.ch\/de\/human-resources\/2025-12-09\/stabile-einstellungsabsichten-bei-schweizer-unternehmen\/\" \/>\n<meta property=\"og:locale\" content=\"de_DE\" \/>\n<meta property=\"og:type\" content=\"article\" \/>\n<meta property=\"og:title\" content=\"Stabile Einstellungsabsichten bei Schweizer Unternehmen\" \/>\n<meta property=\"og:description\" content=\"Schweizer Arbeitgeber haben f\u00fcr Anfang 2026 stabile Einstellungsabsichten mit einer Netto-Besch\u00e4ftigungsprognose (NEO) von 27%.\" \/>\n<meta property=\"og:url\" content=\"https:\/\/www.organisator.ch\/de\/human-resources\/2025-12-09\/stabile-einstellungsabsichten-bei-schweizer-unternehmen\/\" \/>\n<meta property=\"og:site_name\" content=\"Organisator\" \/>\n<meta property=\"article:publisher\" content=\"https:\/\/www.facebook.com\/OrganisatorFachmagazin\" \/>\n<meta property=\"article:published_time\" content=\"2025-12-09T09:14:31+00:00\" \/>\n<meta property=\"og:image\" content=\"https:\/\/www.organisator.ch\/wp-content\/uploads\/2025\/12\/Stabile-Einstellungsabsichten-bei-Schweizer-Unternehmen_Organisator.jpg\" \/>\n\t<meta property=\"og:image:width\" content=\"680\" \/>\n\t<meta property=\"og:image:height\" content=\"453\" \/>\n\t<meta property=\"og:image:type\" content=\"image\/jpeg\" \/>\n<meta name=\"author\" content=\"thomas.berner\" \/>\n<meta name=\"twitter:card\" content=\"summary_large_image\" \/>\n<meta name=\"twitter:title\" content=\"Stabile #Einstellungsabsichten bei Schweizer #Unternehmen\" \/>\n<meta name=\"twitter:description\" content=\"Schweizer #Arbeitgeber haben f\u00fcr Anfang 2026 stabile #Einstellungsabsichten mit einer Netto-Besch\u00e4ftigungsprognose (NEO) von 27%.\" \/>\n<meta name=\"twitter:image\" content=\"https:\/\/www.organisator.ch\/wp-content\/uploads\/2025\/12\/Stabile-Einstellungsabsichten-bei-Schweizer-Unternehmen_Organisator.jpg\" \/>\n<script type=\"application\/ld+json\" class=\"yoast-schema-graph\">{\"@context\":\"https:\\\/\\\/schema.org\",\"@graph\":[{\"@type\":\"Article\",\"@id\":\"https:\\\/\\\/www.organisator.ch\\\/human-resources\\\/2025-12-09\\\/stabile-einstellungsabsichten-bei-schweizer-unternehmen\\\/#article\",\"isPartOf\":{\"@id\":\"https:\\\/\\\/www.organisator.ch\\\/human-resources\\\/2025-12-09\\\/stabile-einstellungsabsichten-bei-schweizer-unternehmen\\\/\"},\"author\":{\"name\":\"thomas.berner\",\"@id\":\"https:\\\/\\\/www.organisator.ch\\\/#\\\/schema\\\/person\\\/6f650f90b2842cd4c0cc334b4e36f67e\"},\"headline\":\"Stabile Einstellungsabsichten bei Schweizer Unternehmen\",\"datePublished\":\"2025-12-09T09:14:31+00:00\",\"mainEntityOfPage\":{\"@id\":\"https:\\\/\\\/www.organisator.ch\\\/human-resources\\\/2025-12-09\\\/stabile-einstellungsabsichten-bei-schweizer-unternehmen\\\/\"},\"wordCount\":635,\"publisher\":{\"@id\":\"https:\\\/\\\/www.organisator.ch\\\/#organization\"},\"image\":{\"@id\":\"https:\\\/\\\/www.organisator.ch\\\/human-resources\\\/2025-12-09\\\/stabile-einstellungsabsichten-bei-schweizer-unternehmen\\\/#primaryimage\"},\"thumbnailUrl\":\"https:\\\/\\\/www.organisator.ch\\\/wp-content\\\/uploads\\\/2025\\\/12\\\/Stabile-Einstellungsabsichten-bei-Schweizer-Unternehmen_Organisator.jpg\",\"keywords\":[\"Besch\u00e4ftigungstrends\",\"HRM\",\"Recruiting\"],\"articleSection\":[\"HUMAN RESOURCES\"],\"inLanguage\":\"de\"},{\"@type\":\"WebPage\",\"@id\":\"https:\\\/\\\/www.organisator.ch\\\/human-resources\\\/2025-12-09\\\/stabile-einstellungsabsichten-bei-schweizer-unternehmen\\\/\",\"url\":\"https:\\\/\\\/www.organisator.ch\\\/human-resources\\\/2025-12-09\\\/stabile-einstellungsabsichten-bei-schweizer-unternehmen\\\/\",\"name\":\"Stabile Einstellungsabsichten bei Schweizer Unternehmen - Organisator\",\"isPartOf\":{\"@id\":\"https:\\\/\\\/www.organisator.ch\\\/#website\"},\"primaryImageOfPage\":{\"@id\":\"https:\\\/\\\/www.organisator.ch\\\/human-resources\\\/2025-12-09\\\/stabile-einstellungsabsichten-bei-schweizer-unternehmen\\\/#primaryimage\"},\"image\":{\"@id\":\"https:\\\/\\\/www.organisator.ch\\\/human-resources\\\/2025-12-09\\\/stabile-einstellungsabsichten-bei-schweizer-unternehmen\\\/#primaryimage\"},\"thumbnailUrl\":\"https:\\\/\\\/www.organisator.ch\\\/wp-content\\\/uploads\\\/2025\\\/12\\\/Stabile-Einstellungsabsichten-bei-Schweizer-Unternehmen_Organisator.jpg\",\"datePublished\":\"2025-12-09T09:14:31+00:00\",\"description\":\"Schweizer Arbeitgeber haben f\u00fcr Anfang 2026 stabile Einstellungsabsichten mit einer Netto-Besch\u00e4ftigungsprognose (NEO) von 27%.\",\"breadcrumb\":{\"@id\":\"https:\\\/\\\/www.organisator.ch\\\/human-resources\\\/2025-12-09\\\/stabile-einstellungsabsichten-bei-schweizer-unternehmen\\\/#breadcrumb\"},\"inLanguage\":\"de\",\"potentialAction\":[{\"@type\":\"ReadAction\",\"target\":[\"https:\\\/\\\/www.organisator.ch\\\/human-resources\\\/2025-12-09\\\/stabile-einstellungsabsichten-bei-schweizer-unternehmen\\\/\"]}]},{\"@type\":\"ImageObject\",\"inLanguage\":\"de\",\"@id\":\"https:\\\/\\\/www.organisator.ch\\\/human-resources\\\/2025-12-09\\\/stabile-einstellungsabsichten-bei-schweizer-unternehmen\\\/#primaryimage\",\"url\":\"https:\\\/\\\/www.organisator.ch\\\/wp-content\\\/uploads\\\/2025\\\/12\\\/Stabile-Einstellungsabsichten-bei-Schweizer-Unternehmen_Organisator.jpg\",\"contentUrl\":\"https:\\\/\\\/www.organisator.ch\\\/wp-content\\\/uploads\\\/2025\\\/12\\\/Stabile-Einstellungsabsichten-bei-Schweizer-Unternehmen_Organisator.jpg\",\"width\":680,\"height\":453,\"caption\":\"Trotz wirtschaftlicher Unsicherheit bleiben die Einstellungsabsichten bei Schweizer Unternehmen stabil. (Bild: Unsplash.com)\"},{\"@type\":\"BreadcrumbList\",\"@id\":\"https:\\\/\\\/www.organisator.ch\\\/human-resources\\\/2025-12-09\\\/stabile-einstellungsabsichten-bei-schweizer-unternehmen\\\/#breadcrumb\",\"itemListElement\":[{\"@type\":\"ListItem\",\"position\":1,\"name\":\"Home\",\"item\":\"https:\\\/\\\/www.organisator.ch\\\/\"},{\"@type\":\"ListItem\",\"position\":2,\"name\":\"Stabile Einstellungsabsichten bei Schweizer Unternehmen\"}]},{\"@type\":\"WebSite\",\"@id\":\"https:\\\/\\\/www.organisator.ch\\\/#website\",\"url\":\"https:\\\/\\\/www.organisator.ch\\\/\",\"name\":\"Organisator\",\"description\":\"Kompetent. Praxisnah. Der ORGANISATOR bereitet in 10 Ausgaben pro Jahr die wesentlichen Themen f\u00fcr F\u00fchrungskr\u00e4fte von KMU auf.\",\"publisher\":{\"@id\":\"https:\\\/\\\/www.organisator.ch\\\/#organization\"},\"potentialAction\":[{\"@type\":\"SearchAction\",\"target\":{\"@type\":\"EntryPoint\",\"urlTemplate\":\"https:\\\/\\\/www.organisator.ch\\\/?s={search_term_string}\"},\"query-input\":{\"@type\":\"PropertyValueSpecification\",\"valueRequired\":true,\"valueName\":\"search_term_string\"}}],\"inLanguage\":\"de\"},{\"@type\":\"Organization\",\"@id\":\"https:\\\/\\\/www.organisator.ch\\\/#organization\",\"name\":\"Organisator\",\"url\":\"https:\\\/\\\/www.organisator.ch\\\/\",\"logo\":{\"@type\":\"ImageObject\",\"inLanguage\":\"de\",\"@id\":\"https:\\\/\\\/www.organisator.ch\\\/#\\\/schema\\\/logo\\\/image\\\/\",\"url\":\"https:\\\/\\\/www.organisator.ch\\\/wp-content\\\/uploads\\\/2022\\\/01\\\/Logo_Organisator_Website.png\",\"contentUrl\":\"https:\\\/\\\/www.organisator.ch\\\/wp-content\\\/uploads\\\/2022\\\/01\\\/Logo_Organisator_Website.png\",\"width\":800,\"height\":77,\"caption\":\"Organisator\"},\"image\":{\"@id\":\"https:\\\/\\\/www.organisator.ch\\\/#\\\/schema\\\/logo\\\/image\\\/\"},\"sameAs\":[\"https:\\\/\\\/www.facebook.com\\\/OrganisatorFachmagazin\",\"https:\\\/\\\/www.linkedin.com\\\/showcase\\\/organisator-das-magazin-fr-kmu\",\"https:\\\/\\\/www.xing.com\\\/news\\\/pages\\\/organisator-ch-695\",\"https:\\\/\\\/www.youtube.com\\\/channel\\\/UCGP2Sq0iWaZwT3BdIAQFYpw\"]},{\"@type\":\"Person\",\"@id\":\"https:\\\/\\\/www.organisator.ch\\\/#\\\/schema\\\/person\\\/6f650f90b2842cd4c0cc334b4e36f67e\",\"name\":\"thomas.berner\",\"image\":{\"@type\":\"ImageObject\",\"inLanguage\":\"de\",\"@id\":\"https:\\\/\\\/secure.gravatar.com\\\/avatar\\\/ac5001d2a36cb6c6cd3e50789007ffca834b477b74a2144564522e944eabff61?s=96&d=mm&r=g\",\"url\":\"https:\\\/\\\/secure.gravatar.com\\\/avatar\\\/ac5001d2a36cb6c6cd3e50789007ffca834b477b74a2144564522e944eabff61?s=96&d=mm&r=g\",\"contentUrl\":\"https:\\\/\\\/secure.gravatar.com\\\/avatar\\\/ac5001d2a36cb6c6cd3e50789007ffca834b477b74a2144564522e944eabff61?s=96&d=mm&r=g\",\"caption\":\"thomas.berner\"},\"url\":\"https:\\\/\\\/www.organisator.ch\\\/de\\\/author\\\/thomas-berner\\\/\"}]}<\/script>\n<!-- \/ Yoast SEO plugin. -->","yoast_head_json":{"title":"Stabile Einstellungsabsichten bei Schweizer Unternehmen - Organisator","description":"Schweizer Arbeitgeber haben f\u00fcr Anfang 2026 stabile Einstellungsabsichten mit einer Netto-Besch\u00e4ftigungsprognose (NEO) von 27%.","robots":{"index":"index","follow":"follow","max-snippet":"max-snippet:-1","max-image-preview":"max-image-preview:large","max-video-preview":"max-video-preview:-1"},"canonical":"https:\/\/www.organisator.ch\/de\/human-resources\/2025-12-09\/stabile-einstellungsabsichten-bei-schweizer-unternehmen\/","og_locale":"de_DE","og_type":"article","og_title":"Stabile Einstellungsabsichten bei Schweizer Unternehmen","og_description":"Schweizer Arbeitgeber haben f\u00fcr Anfang 2026 stabile Einstellungsabsichten mit einer Netto-Besch\u00e4ftigungsprognose (NEO) von 27%.","og_url":"https:\/\/www.organisator.ch\/de\/human-resources\/2025-12-09\/stabile-einstellungsabsichten-bei-schweizer-unternehmen\/","og_site_name":"Organisator","article_publisher":"https:\/\/www.facebook.com\/OrganisatorFachmagazin","article_published_time":"2025-12-09T09:14:31+00:00","og_image":[{"width":680,"height":453,"url":"https:\/\/www.organisator.ch\/wp-content\/uploads\/2025\/12\/Stabile-Einstellungsabsichten-bei-Schweizer-Unternehmen_Organisator.jpg","type":"image\/jpeg"}],"author":"thomas.berner","twitter_card":"summary_large_image","twitter_title":"Stabile #Einstellungsabsichten bei Schweizer #Unternehmen","twitter_description":"Schweizer #Arbeitgeber haben f\u00fcr Anfang 2026 stabile #Einstellungsabsichten mit einer Netto-Besch\u00e4ftigungsprognose (NEO) von 27%.","twitter_image":"https:\/\/www.organisator.ch\/wp-content\/uploads\/2025\/12\/Stabile-Einstellungsabsichten-bei-Schweizer-Unternehmen_Organisator.jpg","schema":{"@context":"https:\/\/schema.org","@graph":[{"@type":"Article","@id":"https:\/\/www.organisator.ch\/human-resources\/2025-12-09\/stabile-einstellungsabsichten-bei-schweizer-unternehmen\/#article","isPartOf":{"@id":"https:\/\/www.organisator.ch\/human-resources\/2025-12-09\/stabile-einstellungsabsichten-bei-schweizer-unternehmen\/"},"author":{"name":"thomas.berner","@id":"https:\/\/www.organisator.ch\/#\/schema\/person\/6f650f90b2842cd4c0cc334b4e36f67e"},"headline":"Stabile Einstellungsabsichten bei Schweizer Unternehmen","datePublished":"2025-12-09T09:14:31+00:00","mainEntityOfPage":{"@id":"https:\/\/www.organisator.ch\/human-resources\/2025-12-09\/stabile-einstellungsabsichten-bei-schweizer-unternehmen\/"},"wordCount":635,"publisher":{"@id":"https:\/\/www.organisator.ch\/#organization"},"image":{"@id":"https:\/\/www.organisator.ch\/human-resources\/2025-12-09\/stabile-einstellungsabsichten-bei-schweizer-unternehmen\/#primaryimage"},"thumbnailUrl":"https:\/\/www.organisator.ch\/wp-content\/uploads\/2025\/12\/Stabile-Einstellungsabsichten-bei-Schweizer-Unternehmen_Organisator.jpg","keywords":["Besch\u00e4ftigungstrends","HRM","Recruiting"],"articleSection":["HUMAN RESOURCES"],"inLanguage":"de"},{"@type":"WebPage","@id":"https:\/\/www.organisator.ch\/human-resources\/2025-12-09\/stabile-einstellungsabsichten-bei-schweizer-unternehmen\/","url":"https:\/\/www.organisator.ch\/human-resources\/2025-12-09\/stabile-einstellungsabsichten-bei-schweizer-unternehmen\/","name":"Stabile Einstellungsabsichten bei Schweizer Unternehmen - Organisator","isPartOf":{"@id":"https:\/\/www.organisator.ch\/#website"},"primaryImageOfPage":{"@id":"https:\/\/www.organisator.ch\/human-resources\/2025-12-09\/stabile-einstellungsabsichten-bei-schweizer-unternehmen\/#primaryimage"},"image":{"@id":"https:\/\/www.organisator.ch\/human-resources\/2025-12-09\/stabile-einstellungsabsichten-bei-schweizer-unternehmen\/#primaryimage"},"thumbnailUrl":"https:\/\/www.organisator.ch\/wp-content\/uploads\/2025\/12\/Stabile-Einstellungsabsichten-bei-Schweizer-Unternehmen_Organisator.jpg","datePublished":"2025-12-09T09:14:31+00:00","description":"Schweizer Arbeitgeber haben f\u00fcr Anfang 2026 stabile Einstellungsabsichten mit einer Netto-Besch\u00e4ftigungsprognose (NEO) von 27%.","breadcrumb":{"@id":"https:\/\/www.organisator.ch\/human-resources\/2025-12-09\/stabile-einstellungsabsichten-bei-schweizer-unternehmen\/#breadcrumb"},"inLanguage":"de","potentialAction":[{"@type":"ReadAction","target":["https:\/\/www.organisator.ch\/human-resources\/2025-12-09\/stabile-einstellungsabsichten-bei-schweizer-unternehmen\/"]}]},{"@type":"ImageObject","inLanguage":"de","@id":"https:\/\/www.organisator.ch\/human-resources\/2025-12-09\/stabile-einstellungsabsichten-bei-schweizer-unternehmen\/#primaryimage","url":"https:\/\/www.organisator.ch\/wp-content\/uploads\/2025\/12\/Stabile-Einstellungsabsichten-bei-Schweizer-Unternehmen_Organisator.jpg","contentUrl":"https:\/\/www.organisator.ch\/wp-content\/uploads\/2025\/12\/Stabile-Einstellungsabsichten-bei-Schweizer-Unternehmen_Organisator.jpg","width":680,"height":453,"caption":"Trotz wirtschaftlicher Unsicherheit bleiben die Einstellungsabsichten bei Schweizer Unternehmen stabil. (Bild: Unsplash.com)"},{"@type":"BreadcrumbList","@id":"https:\/\/www.organisator.ch\/human-resources\/2025-12-09\/stabile-einstellungsabsichten-bei-schweizer-unternehmen\/#breadcrumb","itemListElement":[{"@type":"ListItem","position":1,"name":"Home","item":"https:\/\/www.organisator.ch\/"},{"@type":"ListItem","position":2,"name":"Stabile Einstellungsabsichten bei Schweizer Unternehmen"}]},{"@type":"WebSite","@id":"https:\/\/www.organisator.ch\/#website","url":"https:\/\/www.organisator.ch\/","name":"Organisator","description":"Kompetent. Praxisnah. Der ORGANISATOR bereitet in 10 Ausgaben pro Jahr die wesentlichen Themen f\u00fcr F\u00fchrungskr\u00e4fte von KMU auf.","publisher":{"@id":"https:\/\/www.organisator.ch\/#organization"},"potentialAction":[{"@type":"SearchAction","target":{"@type":"EntryPoint","urlTemplate":"https:\/\/www.organisator.ch\/?s={search_term_string}"},"query-input":{"@type":"PropertyValueSpecification","valueRequired":true,"valueName":"search_term_string"}}],"inLanguage":"de"},{"@type":"Organization","@id":"https:\/\/www.organisator.ch\/#organization","name":"Organisator","url":"https:\/\/www.organisator.ch\/","logo":{"@type":"ImageObject","inLanguage":"de","@id":"https:\/\/www.organisator.ch\/#\/schema\/logo\/image\/","url":"https:\/\/www.organisator.ch\/wp-content\/uploads\/2022\/01\/Logo_Organisator_Website.png","contentUrl":"https:\/\/www.organisator.ch\/wp-content\/uploads\/2022\/01\/Logo_Organisator_Website.png","width":800,"height":77,"caption":"Organisator"},"image":{"@id":"https:\/\/www.organisator.ch\/#\/schema\/logo\/image\/"},"sameAs":["https:\/\/www.facebook.com\/OrganisatorFachmagazin","https:\/\/www.linkedin.com\/showcase\/organisator-das-magazin-fr-kmu","https:\/\/www.xing.com\/news\/pages\/organisator-ch-695","https:\/\/www.youtube.com\/channel\/UCGP2Sq0iWaZwT3BdIAQFYpw"]},{"@type":"Person","@id":"https:\/\/www.organisator.ch\/#\/schema\/person\/6f650f90b2842cd4c0cc334b4e36f67e","name":"thomas.berner","image":{"@type":"ImageObject","inLanguage":"de","@id":"https:\/\/secure.gravatar.com\/avatar\/ac5001d2a36cb6c6cd3e50789007ffca834b477b74a2144564522e944eabff61?s=96&d=mm&r=g","url":"https:\/\/secure.gravatar.com\/avatar\/ac5001d2a36cb6c6cd3e50789007ffca834b477b74a2144564522e944eabff61?s=96&d=mm&r=g","contentUrl":"https:\/\/secure.gravatar.com\/avatar\/ac5001d2a36cb6c6cd3e50789007ffca834b477b74a2144564522e944eabff61?s=96&d=mm&r=g","caption":"thomas.berner"},"url":"https:\/\/www.organisator.ch\/de\/author\/thomas-berner\/"}]}},"_links":{"self":[{"href":"https:\/\/www.organisator.ch\/de\/wp-json\/wp\/v2\/posts\/42599","targetHints":{"allow":["GET"]}}],"collection":[{"href":"https:\/\/www.organisator.ch\/de\/wp-json\/wp\/v2\/posts"}],"about":[{"href":"https:\/\/www.organisator.ch\/de\/wp-json\/wp\/v2\/types\/post"}],"author":[{"embeddable":true,"href":"https:\/\/www.organisator.ch\/de\/wp-json\/wp\/v2\/users\/4"}],"replies":[{"embeddable":true,"href":"https:\/\/www.organisator.ch\/de\/wp-json\/wp\/v2\/comments?post=42599"}],"version-history":[{"count":2,"href":"https:\/\/www.organisator.ch\/de\/wp-json\/wp\/v2\/posts\/42599\/revisions"}],"predecessor-version":[{"id":42696,"href":"https:\/\/www.organisator.ch\/de\/wp-json\/wp\/v2\/posts\/42599\/revisions\/42696"}],"wp:featuredmedia":[{"embeddable":true,"href":"https:\/\/www.organisator.ch\/de\/wp-json\/wp\/v2\/media\/42600"}],"wp:attachment":[{"href":"https:\/\/www.organisator.ch\/de\/wp-json\/wp\/v2\/media?parent=42599"}],"wp:term":[{"taxonomy":"category","embeddable":true,"href":"https:\/\/www.organisator.ch\/de\/wp-json\/wp\/v2\/categories?post=42599"},{"taxonomy":"post_tag","embeddable":true,"href":"https:\/\/www.organisator.ch\/de\/wp-json\/wp\/v2\/tags?post=42599"}],"curies":[{"name":"wp","href":"https:\/\/api.w.org\/{rel}","templated":true}]}}