{"id":42613,"date":"2025-12-05T14:56:52","date_gmt":"2025-12-05T13:56:52","guid":{"rendered":"https:\/\/www.markt-kom.com\/?p=247692"},"modified":"2025-12-09T11:57:00","modified_gmt":"2025-12-09T10:57:00","slug":"in-der-ki-begeisterten-schweiz-nimmt-desinformation-zu","status":"publish","type":"post","link":"https:\/\/www.organisator.ch\/de\/marketing\/2025-12-05\/in-der-ki-begeisterten-schweiz-nimmt-desinformation-zu\/","title":{"rendered":"In der KI-begeisterten Schweiz nimmt Desinformation zu"},"content":{"rendered":"<section id=\"doc-1jbftadhq0\" class=\"hero hero--default\">\r\n<div class=\"container container--grid gap--responsive\">\r\n<div class=\"hero__content\">\r\n<p class=\"font--regular hero__description\"><img class=\"alignnone size-full wp-image-247694\" src=\"https:\/\/www.markt-kom.com\/wp-content\/uploads\/2025\/12\/desinformationsbild-1.jpg\" sizes=\"(max-width: 1024px) 100vw, 1024px\" srcset=\"https:\/\/www.markt-kom.com\/wp-content\/uploads\/2025\/12\/desinformationsbild-1.jpg 1024w, https:\/\/www.markt-kom.com\/wp-content\/uploads\/2025\/12\/desinformationsbild-1-600x328.jpg 600w, https:\/\/www.markt-kom.com\/wp-content\/uploads\/2025\/12\/desinformationsbild-1-768x419.jpg 768w, https:\/\/www.markt-kom.com\/wp-content\/uploads\/2025\/12\/desinformationsbild-1-18x10.jpg 18w, https:\/\/www.markt-kom.com\/wp-content\/uploads\/2025\/12\/desinformationsbild-1-321x175.jpg 321w, https:\/\/www.markt-kom.com\/wp-content\/uploads\/2025\/12\/desinformationsbild-1-641x350.jpg 641w, https:\/\/www.markt-kom.com\/wp-content\/uploads\/2025\/12\/desinformationsbild-1-1000x546.jpg 1000w\" alt=\"\" width=\"1024\" height=\"559\" \/>Im Fr\u00fchling 2025 gaben 43% der Bev\u00f6lkerung zwischen 15 und 88 Jahren an, bereits einmal ein generatives KI-System genutzt zu haben. Dieses erstellt anhand einer Anweisung Text-, Bild- oder Toninhalte.<\/p>\r\n<\/div>\r\n<\/div>\r\n<\/section>\r\n<section class=\"section section--default\">\r\n<div class=\"container container--grid gap--responsive\">\r\n<div class=\"container__center--xs vertical-spacing\">\r\n<h3 id=\"doc-1jbftedup0\" class=\"h2\">Generative KI-Tools verbreiten sich rasant<\/h3>\r\n<p id=\"doc-1jbftedur0\" class=\"font--regular\">3,2 Millionen Personen in der Schweiz haben in den drei Monaten vor der Befragung generative KI genutzt \u2013 und bei vielen von ihnen kamen die entsprechenden Tools sogar sehr h\u00e4ufig zum Einsatz: 36% der Personen, die KI nutzten, griffen t\u00e4glich auf sie zur\u00fcck, 34% taten dies mindestens einmal pro Woche. Angesichts der Tatsache, dass KI-Systeme lediglich seit drei Jahren f\u00fcr die breite \u00d6ffentlichkeit verf\u00fcgbar sind, erscheinen die Anzahl der Nutzenden und die Nutzungsh\u00e4ufigkeit umso h\u00f6her.<\/p>\r\n<p id=\"doc-1jbftedur1\" class=\"font--regular\">Am h\u00e4ufigsten werden die Systeme zu privaten Zwecken eingesetzt (38% der Bev\u00f6lkerung), gefolgt von beruflichen Zwecken (31%). Innerhalb des formalen Bildungssystems (z. B. Schulen und Hochschulen) wird eine Nutzungsquote von 75% erreicht.<\/p>\r\n<h3 id=\"doc-1jbftedut0\" class=\"h2\">KI verdeutlicht den digitalen Graben<\/h3>\r\n<p id=\"doc-1jbfteduu0\" class=\"font--regular\">Die Nutzung generativer KI-Tools variiert stark je nach soziodemografischem Profil. Die bestehenden Ungleichheiten bei der allgemeinen Nutzung digitaler Technologien treten bei dieser neuen Technologie noch verst\u00e4rkt auf.<\/p>\r\n<p id=\"doc-1jbfteduv0\" class=\"font--regular\">So greifen besonders junge Menschen auf generative KI zur\u00fcck: 79% der 15- bis 24-J\u00e4hrigen nutzen entsprechende Tools, bei den 25- bis 34-J\u00e4hrigen sind es lediglich 66%. Dieser Anteil sinkt mit zunehmendem Alter weiter (55- bis 64-J\u00e4hrige: 28%). Auch mit Blick auf das Bildungsniveau zeigen sich deutliche Unterschiede. 63% der Personen mit einem Hochschulabschluss verwenden generative KI, gegen\u00fcber 17% der Personen ohne nachobligatorische Ausbildung. Zwar nutzen M\u00e4nner generative KI insgesamt h\u00e4ufiger als Frauen, in den Altersgruppen unter 30 Jahren bestehen jedoch keine geschlechtsspezifischen Unterschiede.<\/p>\r\n<h3 id=\"doc-1jbftedv00\" class=\"h2\">Die H\u00e4lfte der Bev\u00f6lkerung nutzt keine generative KI<\/h3>\r\n<p id=\"doc-1jbftedv01\" class=\"font--regular\">Auch wenn sich die generative KI rasant verbreitet, wird sie noch nicht fl\u00e4chendeckend beansprucht. Ein Drittel der Bev\u00f6lkerung sieht f\u00fcr sich keinen Nutzen in den entsprechenden Anwendungen und 7% haben Datenschutz- und Sicherheitsbedenken. Lediglich 7% geben an, dass es ihnen an den notwendigen Kompetenzen mangelt, was zeigt, dass die Mehrheit der Bev\u00f6lkerung der Ansicht ist, KI-Systeme seien relativ einfach in der Anwendung. Nur 2% der Bev\u00f6lkerung geben an, keine Kenntnis von der Existenz solcher Tools zu haben.<\/p>\r\n<h3 id=\"doc-1jbftedv10\" class=\"h2\">Zunehmend problematische Inhalte und Sicherheitsprobleme<\/h3>\r\n<p id=\"doc-1jbftedv20\" class=\"font--regular\">Die Ergebnisse zeigen einen weiteren wichtigen Aspekt: Zwischen 2023 und 2025 haben Sicherheitsprobleme, Desinformation und Hassrede im Internet stark zugenommen. Diese Entwicklung verdeutlicht die zunehmende Verbreitung problematischer Online-Inhalte sowie den Anstieg der Risiken und Gefahren bei der Internetnutzung.<\/p>\r\n<p id=\"doc-1jbftedv21\" class=\"font--regular\">Der Anteil der Personen, die in den drei Monaten vor der Befragung betr\u00fcgerische Nachrichten (Phishing) erhalten haben, ist von 51% auf 61% angestiegen (4,4 Mio. Personen). Die Zunahme dieser Art von Online-Betrug zeigt sich auch beim Anteil der Nutzenden, die angeben, in den zw\u00f6lf Monaten vor der Befragung finanzielle Verluste erlitten zu haben. Deren Anteil lag 2021 noch bei 1,7% und verdoppelte sich bis 2025 auf 3,4% (250 000 Personen).<\/p>\r\n<h3 id=\"doc-1jbftedv30\" class=\"h2\">Desinformation auf dem Vormarsch<\/h3>\r\n<p id=\"doc-1jbftedv40\" class=\"font--regular\">Auch Desinformation nimmt zu. Der bereits zwischen 2021 und 2023 beobachtete Aufw\u00e4rtstrend best\u00e4tigt sich: 2025 gaben 58% der Bev\u00f6lkerung an, auf Websites oder in den sozialen Medien Inhalte angetroffen zu haben, die sie f\u00fcr falsch oder fragw\u00fcrdig hielten (2021: 45%; 2023: 51%). Junge Menschen unter 30 Jahren und Nutzende sozialer Medien sind besonders h\u00e4ufig Desinformation ausgesetzt (68% bzw. 67%).<\/p>\r\n<p id=\"doc-1jbftedv41\" class=\"font--regular\">Der Umgang mit Falschinformationen bleibt im Wesentlichen unver\u00e4ndert: Rund die H\u00e4lfte der Nutzenden \u00fcberpr\u00fcft den Wahrheitsgehalt der angetroffenen Inhalte. Die Mehrheit derjenigen, die dies nicht tun (38%), glaubt, bereits zu wissen, dass es sich um Falschinformationen bzw. eine unzuverl\u00e4ssige Quelle handelt. 15% r\u00e4umen hingegen ein, nicht \u00fcber die notwendigen Kenntnisse oder F\u00e4higkeiten zu verf\u00fcgen, um die Inhalte zu pr\u00fcfen.<\/p>\r\n<h3 id=\"doc-1jbftedv42\" class=\"h2\">Hassrede nimmt zu<\/h3>\r\n<p id=\"doc-1jbftedv50\" class=\"font--regular\">Immer mehr Internetnutzende werden mit Hassbotschaften konfrontiert. 2025 gaben 42% der Bev\u00f6lkerung an, in den sozialen Medien oder auf Informationsseiten feindselige oder abwertende Botschaften gesehen zu haben, die sich gegen Gruppen oder Einzelpersonen richteten. Dies entspricht einem Anstieg von 4,5 Prozentpunkten. Wiederum berichteten am h\u00e4ufigsten die unter 30-J\u00e4hrigen sowie Nutzende sozialer Medien von solchen Inhalten (61% bzw. 50%).<\/p>\r\n<p class=\"font--regular\">Ein besonders starker Anstieg ist bei Hassbotschaften im Zusammenhang mit politischen oder gesellschaftlichen Meinungen sowie Religion zu verzeichnen, ebenso wie bei fremdenfeindlichen Inhalten. Hassbotschaften, die sich auf die sexuelle Orientierung oder eine Behinderung beziehen, treten in etwa so h\u00e4ufig auf wie 2023.<\/p>\r\n<hr \/>\r\n<p id=\"doc-1jbftf9i00\" class=\"font--regular\">Diese Medienmitteilung und weitere Informationen zum Thema finden Sie auf der\u00a0<a class=\"link--external\" href=\"https:\/\/www.bfs.admin.ch\/news\/de\/2025-0246\" rel=\"external noopener\" aria-label=\"www.bfs.admin.ch\/news\/de\/2025-0246 Link in einem neuen Tab \u00f6ffnen\">Website des BFS<\/a>.<\/p>\r\n<\/div>\r\n<\/div>\r\n<\/section>","protected":false},"excerpt":{"rendered":"<p>2025 nutzten mehr als zwei von f\u00fcnf Personen k\u00fcnstliche Intelligenz (KI) zur Erstellung von Inhalten wie Texten oder Bildern. Bei den 15- bis 24-J\u00e4hrigen waren es sogar vier von f\u00fcnf Personen. Gleichzeitig sieht sich die Bev\u00f6lkerung online vermehrt mit Desinformation, Hassreden oder Betrug konfrontiert. Dies sind die wichtigsten Ergebnisse der j\u00fcngsten Befragung des Bundesamtes f\u00fcr Statistik (BFS) zur Internetnutzung in den Schweizer Haushalten.<\/p>\n","protected":false},"author":8,"featured_media":0,"comment_status":"closed","ping_status":"closed","sticky":false,"template":"","format":"standard","meta":{"_acf_changed":false,"_yoast_wpseo_focuskw":"Desinformation","_yoast_wpseo_metadesc":"Immer mehr Personen nutzen KI, aber die Bev\u00f6lkerung wird online vermehrt mit Desinformation, Hassreden oder Betrug konfrontiert.","articlekey":"","footnotes":""},"categories":[29],"tags":[98,5719,319,4343],"class_list":["post-42613","post","type-post","status-publish","format-standard","hentry","category-marketing","tag-bundesamt-fuer-statistik","tag-hassrede","tag-kuenstliche-intelligenz","tag-markom"],"acf":[],"yoast_head":"<!-- This site is optimized with the Yoast SEO plugin v27.5 - https:\/\/yoast.com\/product\/yoast-seo-wordpress\/ -->\n<title>In der KI-begeisterten Schweiz nimmt Desinformation zu - Organisator<\/title>\n<meta name=\"description\" content=\"Immer mehr Personen nutzen KI, aber die Bev\u00f6lkerung wird online vermehrt mit Desinformation, Hassreden oder Betrug konfrontiert.\" \/>\n<meta name=\"robots\" content=\"index, follow, max-snippet:-1, max-image-preview:large, max-video-preview:-1\" \/>\n<link rel=\"canonical\" href=\"https:\/\/www.organisator.ch\/de\/marketing\/2025-12-05\/in-der-ki-begeisterten-schweiz-nimmt-desinformation-zu\/\" \/>\n<meta property=\"og:locale\" content=\"de_DE\" \/>\n<meta property=\"og:type\" content=\"article\" \/>\n<meta property=\"og:title\" content=\"In der KI-begeisterten Schweiz nimmt Desinformation zu - Organisator\" \/>\n<meta property=\"og:description\" content=\"Immer mehr Personen nutzen KI, aber die Bev\u00f6lkerung wird online vermehrt mit Desinformation, Hassreden oder Betrug konfrontiert.\" \/>\n<meta property=\"og:url\" content=\"https:\/\/www.organisator.ch\/de\/marketing\/2025-12-05\/in-der-ki-begeisterten-schweiz-nimmt-desinformation-zu\/\" \/>\n<meta property=\"og:site_name\" content=\"Organisator\" \/>\n<meta property=\"article:publisher\" content=\"https:\/\/www.facebook.com\/OrganisatorFachmagazin\" \/>\n<meta property=\"article:published_time\" content=\"2025-12-05T13:56:52+00:00\" \/>\n<meta property=\"article:modified_time\" content=\"2025-12-09T10:57:00+00:00\" \/>\n<meta name=\"author\" content=\"galledia\" \/>\n<meta name=\"twitter:card\" content=\"summary_large_image\" \/>\n<meta name=\"twitter:creator\" content=\"@admin\" \/>\n<script type=\"application\/ld+json\" class=\"yoast-schema-graph\">{\"@context\":\"https:\\\/\\\/schema.org\",\"@graph\":[{\"@type\":\"Article\",\"@id\":\"https:\\\/\\\/www.organisator.ch\\\/marketing\\\/2025-12-05\\\/in-der-ki-begeisterten-schweiz-nimmt-desinformation-zu\\\/#article\",\"isPartOf\":{\"@id\":\"https:\\\/\\\/www.organisator.ch\\\/marketing\\\/2025-12-05\\\/in-der-ki-begeisterten-schweiz-nimmt-desinformation-zu\\\/\"},\"author\":{\"name\":\"galledia\",\"@id\":\"https:\\\/\\\/www.organisator.ch\\\/#\\\/schema\\\/person\\\/4e51799071cd2dd1232ac003643ef5f0\"},\"headline\":\"In der KI-begeisterten Schweiz nimmt Desinformation zu\",\"datePublished\":\"2025-12-05T13:56:52+00:00\",\"dateModified\":\"2025-12-09T10:57:00+00:00\",\"mainEntityOfPage\":{\"@id\":\"https:\\\/\\\/www.organisator.ch\\\/marketing\\\/2025-12-05\\\/in-der-ki-begeisterten-schweiz-nimmt-desinformation-zu\\\/\"},\"wordCount\":697,\"publisher\":{\"@id\":\"https:\\\/\\\/www.organisator.ch\\\/#organization\"},\"image\":{\"@id\":\"https:\\\/\\\/www.organisator.ch\\\/marketing\\\/2025-12-05\\\/in-der-ki-begeisterten-schweiz-nimmt-desinformation-zu\\\/#primaryimage\"},\"thumbnailUrl\":\"https:\\\/\\\/www.markt-kom.com\\\/wp-content\\\/uploads\\\/2025\\\/12\\\/desinformationsbild-1.jpg\",\"keywords\":[\"Bundesamt f\u00fcr Statistik\",\"Hassrede\",\"K\u00fcnstliche Intelligenz\",\"MarKom\"],\"articleSection\":[\"MARKETING\"],\"inLanguage\":\"de\"},{\"@type\":\"WebPage\",\"@id\":\"https:\\\/\\\/www.organisator.ch\\\/marketing\\\/2025-12-05\\\/in-der-ki-begeisterten-schweiz-nimmt-desinformation-zu\\\/\",\"url\":\"https:\\\/\\\/www.organisator.ch\\\/marketing\\\/2025-12-05\\\/in-der-ki-begeisterten-schweiz-nimmt-desinformation-zu\\\/\",\"name\":\"In der KI-begeisterten Schweiz nimmt Desinformation zu - Organisator\",\"isPartOf\":{\"@id\":\"https:\\\/\\\/www.organisator.ch\\\/#website\"},\"primaryImageOfPage\":{\"@id\":\"https:\\\/\\\/www.organisator.ch\\\/marketing\\\/2025-12-05\\\/in-der-ki-begeisterten-schweiz-nimmt-desinformation-zu\\\/#primaryimage\"},\"image\":{\"@id\":\"https:\\\/\\\/www.organisator.ch\\\/marketing\\\/2025-12-05\\\/in-der-ki-begeisterten-schweiz-nimmt-desinformation-zu\\\/#primaryimage\"},\"thumbnailUrl\":\"https:\\\/\\\/www.markt-kom.com\\\/wp-content\\\/uploads\\\/2025\\\/12\\\/desinformationsbild-1.jpg\",\"datePublished\":\"2025-12-05T13:56:52+00:00\",\"dateModified\":\"2025-12-09T10:57:00+00:00\",\"description\":\"Immer mehr Personen nutzen KI, aber die Bev\u00f6lkerung wird online vermehrt mit Desinformation, Hassreden oder Betrug konfrontiert.\",\"breadcrumb\":{\"@id\":\"https:\\\/\\\/www.organisator.ch\\\/marketing\\\/2025-12-05\\\/in-der-ki-begeisterten-schweiz-nimmt-desinformation-zu\\\/#breadcrumb\"},\"inLanguage\":\"de\",\"potentialAction\":[{\"@type\":\"ReadAction\",\"target\":[\"https:\\\/\\\/www.organisator.ch\\\/marketing\\\/2025-12-05\\\/in-der-ki-begeisterten-schweiz-nimmt-desinformation-zu\\\/\"]}]},{\"@type\":\"ImageObject\",\"inLanguage\":\"de\",\"@id\":\"https:\\\/\\\/www.organisator.ch\\\/marketing\\\/2025-12-05\\\/in-der-ki-begeisterten-schweiz-nimmt-desinformation-zu\\\/#primaryimage\",\"url\":\"https:\\\/\\\/www.markt-kom.com\\\/wp-content\\\/uploads\\\/2025\\\/12\\\/desinformationsbild-1.jpg\",\"contentUrl\":\"https:\\\/\\\/www.markt-kom.com\\\/wp-content\\\/uploads\\\/2025\\\/12\\\/desinformationsbild-1.jpg\"},{\"@type\":\"BreadcrumbList\",\"@id\":\"https:\\\/\\\/www.organisator.ch\\\/marketing\\\/2025-12-05\\\/in-der-ki-begeisterten-schweiz-nimmt-desinformation-zu\\\/#breadcrumb\",\"itemListElement\":[{\"@type\":\"ListItem\",\"position\":1,\"name\":\"Home\",\"item\":\"https:\\\/\\\/www.organisator.ch\\\/\"},{\"@type\":\"ListItem\",\"position\":2,\"name\":\"In der KI-begeisterten Schweiz nimmt Desinformation zu\"}]},{\"@type\":\"WebSite\",\"@id\":\"https:\\\/\\\/www.organisator.ch\\\/#website\",\"url\":\"https:\\\/\\\/www.organisator.ch\\\/\",\"name\":\"Organisator\",\"description\":\"Kompetent. Praxisnah. Der ORGANISATOR bereitet in 10 Ausgaben pro Jahr die wesentlichen Themen f\u00fcr F\u00fchrungskr\u00e4fte von KMU auf.\",\"publisher\":{\"@id\":\"https:\\\/\\\/www.organisator.ch\\\/#organization\"},\"potentialAction\":[{\"@type\":\"SearchAction\",\"target\":{\"@type\":\"EntryPoint\",\"urlTemplate\":\"https:\\\/\\\/www.organisator.ch\\\/?s={search_term_string}\"},\"query-input\":{\"@type\":\"PropertyValueSpecification\",\"valueRequired\":true,\"valueName\":\"search_term_string\"}}],\"inLanguage\":\"de\"},{\"@type\":\"Organization\",\"@id\":\"https:\\\/\\\/www.organisator.ch\\\/#organization\",\"name\":\"Organisator\",\"url\":\"https:\\\/\\\/www.organisator.ch\\\/\",\"logo\":{\"@type\":\"ImageObject\",\"inLanguage\":\"de\",\"@id\":\"https:\\\/\\\/www.organisator.ch\\\/#\\\/schema\\\/logo\\\/image\\\/\",\"url\":\"https:\\\/\\\/www.organisator.ch\\\/wp-content\\\/uploads\\\/2022\\\/01\\\/Logo_Organisator_Website.png\",\"contentUrl\":\"https:\\\/\\\/www.organisator.ch\\\/wp-content\\\/uploads\\\/2022\\\/01\\\/Logo_Organisator_Website.png\",\"width\":800,\"height\":77,\"caption\":\"Organisator\"},\"image\":{\"@id\":\"https:\\\/\\\/www.organisator.ch\\\/#\\\/schema\\\/logo\\\/image\\\/\"},\"sameAs\":[\"https:\\\/\\\/www.facebook.com\\\/OrganisatorFachmagazin\",\"https:\\\/\\\/www.linkedin.com\\\/showcase\\\/organisator-das-magazin-fr-kmu\",\"https:\\\/\\\/www.xing.com\\\/news\\\/pages\\\/organisator-ch-695\",\"https:\\\/\\\/www.youtube.com\\\/channel\\\/UCGP2Sq0iWaZwT3BdIAQFYpw\"]},{\"@type\":\"Person\",\"@id\":\"https:\\\/\\\/www.organisator.ch\\\/#\\\/schema\\\/person\\\/4e51799071cd2dd1232ac003643ef5f0\",\"name\":\"galledia\",\"image\":{\"@type\":\"ImageObject\",\"inLanguage\":\"de\",\"@id\":\"https:\\\/\\\/secure.gravatar.com\\\/avatar\\\/78a7f90c01fc2bfc875782a0d4922b37cde2cf184ce347b91316d23cd7f69a36?s=96&d=mm&r=g\",\"url\":\"https:\\\/\\\/secure.gravatar.com\\\/avatar\\\/78a7f90c01fc2bfc875782a0d4922b37cde2cf184ce347b91316d23cd7f69a36?s=96&d=mm&r=g\",\"contentUrl\":\"https:\\\/\\\/secure.gravatar.com\\\/avatar\\\/78a7f90c01fc2bfc875782a0d4922b37cde2cf184ce347b91316d23cd7f69a36?s=96&d=mm&r=g\",\"caption\":\"galledia\"},\"sameAs\":[\"https:\\\/\\\/x.com\\\/admin\"],\"url\":\"https:\\\/\\\/www.organisator.ch\\\/de\\\/author\\\/galledia\\\/\"}]}<\/script>\n<!-- \/ Yoast SEO plugin. -->","yoast_head_json":{"title":"In der KI-begeisterten Schweiz nimmt Desinformation zu - Organisator","description":"Immer mehr Personen nutzen KI, aber die Bev\u00f6lkerung wird online vermehrt mit Desinformation, Hassreden oder Betrug konfrontiert.","robots":{"index":"index","follow":"follow","max-snippet":"max-snippet:-1","max-image-preview":"max-image-preview:large","max-video-preview":"max-video-preview:-1"},"canonical":"https:\/\/www.organisator.ch\/de\/marketing\/2025-12-05\/in-der-ki-begeisterten-schweiz-nimmt-desinformation-zu\/","og_locale":"de_DE","og_type":"article","og_title":"In der KI-begeisterten Schweiz nimmt Desinformation zu - Organisator","og_description":"Immer mehr Personen nutzen KI, aber die Bev\u00f6lkerung wird online vermehrt mit Desinformation, Hassreden oder Betrug konfrontiert.","og_url":"https:\/\/www.organisator.ch\/de\/marketing\/2025-12-05\/in-der-ki-begeisterten-schweiz-nimmt-desinformation-zu\/","og_site_name":"Organisator","article_publisher":"https:\/\/www.facebook.com\/OrganisatorFachmagazin","article_published_time":"2025-12-05T13:56:52+00:00","article_modified_time":"2025-12-09T10:57:00+00:00","author":"galledia","twitter_card":"summary_large_image","twitter_creator":"@admin","schema":{"@context":"https:\/\/schema.org","@graph":[{"@type":"Article","@id":"https:\/\/www.organisator.ch\/marketing\/2025-12-05\/in-der-ki-begeisterten-schweiz-nimmt-desinformation-zu\/#article","isPartOf":{"@id":"https:\/\/www.organisator.ch\/marketing\/2025-12-05\/in-der-ki-begeisterten-schweiz-nimmt-desinformation-zu\/"},"author":{"name":"galledia","@id":"https:\/\/www.organisator.ch\/#\/schema\/person\/4e51799071cd2dd1232ac003643ef5f0"},"headline":"In der KI-begeisterten Schweiz nimmt Desinformation zu","datePublished":"2025-12-05T13:56:52+00:00","dateModified":"2025-12-09T10:57:00+00:00","mainEntityOfPage":{"@id":"https:\/\/www.organisator.ch\/marketing\/2025-12-05\/in-der-ki-begeisterten-schweiz-nimmt-desinformation-zu\/"},"wordCount":697,"publisher":{"@id":"https:\/\/www.organisator.ch\/#organization"},"image":{"@id":"https:\/\/www.organisator.ch\/marketing\/2025-12-05\/in-der-ki-begeisterten-schweiz-nimmt-desinformation-zu\/#primaryimage"},"thumbnailUrl":"https:\/\/www.markt-kom.com\/wp-content\/uploads\/2025\/12\/desinformationsbild-1.jpg","keywords":["Bundesamt f\u00fcr Statistik","Hassrede","K\u00fcnstliche Intelligenz","MarKom"],"articleSection":["MARKETING"],"inLanguage":"de"},{"@type":"WebPage","@id":"https:\/\/www.organisator.ch\/marketing\/2025-12-05\/in-der-ki-begeisterten-schweiz-nimmt-desinformation-zu\/","url":"https:\/\/www.organisator.ch\/marketing\/2025-12-05\/in-der-ki-begeisterten-schweiz-nimmt-desinformation-zu\/","name":"In der KI-begeisterten Schweiz nimmt Desinformation zu - Organisator","isPartOf":{"@id":"https:\/\/www.organisator.ch\/#website"},"primaryImageOfPage":{"@id":"https:\/\/www.organisator.ch\/marketing\/2025-12-05\/in-der-ki-begeisterten-schweiz-nimmt-desinformation-zu\/#primaryimage"},"image":{"@id":"https:\/\/www.organisator.ch\/marketing\/2025-12-05\/in-der-ki-begeisterten-schweiz-nimmt-desinformation-zu\/#primaryimage"},"thumbnailUrl":"https:\/\/www.markt-kom.com\/wp-content\/uploads\/2025\/12\/desinformationsbild-1.jpg","datePublished":"2025-12-05T13:56:52+00:00","dateModified":"2025-12-09T10:57:00+00:00","description":"Immer mehr Personen nutzen KI, aber die Bev\u00f6lkerung wird online vermehrt mit Desinformation, Hassreden oder Betrug konfrontiert.","breadcrumb":{"@id":"https:\/\/www.organisator.ch\/marketing\/2025-12-05\/in-der-ki-begeisterten-schweiz-nimmt-desinformation-zu\/#breadcrumb"},"inLanguage":"de","potentialAction":[{"@type":"ReadAction","target":["https:\/\/www.organisator.ch\/marketing\/2025-12-05\/in-der-ki-begeisterten-schweiz-nimmt-desinformation-zu\/"]}]},{"@type":"ImageObject","inLanguage":"de","@id":"https:\/\/www.organisator.ch\/marketing\/2025-12-05\/in-der-ki-begeisterten-schweiz-nimmt-desinformation-zu\/#primaryimage","url":"https:\/\/www.markt-kom.com\/wp-content\/uploads\/2025\/12\/desinformationsbild-1.jpg","contentUrl":"https:\/\/www.markt-kom.com\/wp-content\/uploads\/2025\/12\/desinformationsbild-1.jpg"},{"@type":"BreadcrumbList","@id":"https:\/\/www.organisator.ch\/marketing\/2025-12-05\/in-der-ki-begeisterten-schweiz-nimmt-desinformation-zu\/#breadcrumb","itemListElement":[{"@type":"ListItem","position":1,"name":"Home","item":"https:\/\/www.organisator.ch\/"},{"@type":"ListItem","position":2,"name":"In der KI-begeisterten Schweiz nimmt Desinformation zu"}]},{"@type":"WebSite","@id":"https:\/\/www.organisator.ch\/#website","url":"https:\/\/www.organisator.ch\/","name":"Organisator","description":"Kompetent. Praxisnah. Der ORGANISATOR bereitet in 10 Ausgaben pro Jahr die wesentlichen Themen f\u00fcr F\u00fchrungskr\u00e4fte von KMU auf.","publisher":{"@id":"https:\/\/www.organisator.ch\/#organization"},"potentialAction":[{"@type":"SearchAction","target":{"@type":"EntryPoint","urlTemplate":"https:\/\/www.organisator.ch\/?s={search_term_string}"},"query-input":{"@type":"PropertyValueSpecification","valueRequired":true,"valueName":"search_term_string"}}],"inLanguage":"de"},{"@type":"Organization","@id":"https:\/\/www.organisator.ch\/#organization","name":"Organisator","url":"https:\/\/www.organisator.ch\/","logo":{"@type":"ImageObject","inLanguage":"de","@id":"https:\/\/www.organisator.ch\/#\/schema\/logo\/image\/","url":"https:\/\/www.organisator.ch\/wp-content\/uploads\/2022\/01\/Logo_Organisator_Website.png","contentUrl":"https:\/\/www.organisator.ch\/wp-content\/uploads\/2022\/01\/Logo_Organisator_Website.png","width":800,"height":77,"caption":"Organisator"},"image":{"@id":"https:\/\/www.organisator.ch\/#\/schema\/logo\/image\/"},"sameAs":["https:\/\/www.facebook.com\/OrganisatorFachmagazin","https:\/\/www.linkedin.com\/showcase\/organisator-das-magazin-fr-kmu","https:\/\/www.xing.com\/news\/pages\/organisator-ch-695","https:\/\/www.youtube.com\/channel\/UCGP2Sq0iWaZwT3BdIAQFYpw"]},{"@type":"Person","@id":"https:\/\/www.organisator.ch\/#\/schema\/person\/4e51799071cd2dd1232ac003643ef5f0","name":"galledia","image":{"@type":"ImageObject","inLanguage":"de","@id":"https:\/\/secure.gravatar.com\/avatar\/78a7f90c01fc2bfc875782a0d4922b37cde2cf184ce347b91316d23cd7f69a36?s=96&d=mm&r=g","url":"https:\/\/secure.gravatar.com\/avatar\/78a7f90c01fc2bfc875782a0d4922b37cde2cf184ce347b91316d23cd7f69a36?s=96&d=mm&r=g","contentUrl":"https:\/\/secure.gravatar.com\/avatar\/78a7f90c01fc2bfc875782a0d4922b37cde2cf184ce347b91316d23cd7f69a36?s=96&d=mm&r=g","caption":"galledia"},"sameAs":["https:\/\/x.com\/admin"],"url":"https:\/\/www.organisator.ch\/de\/author\/galledia\/"}]}},"_links":{"self":[{"href":"https:\/\/www.organisator.ch\/de\/wp-json\/wp\/v2\/posts\/42613","targetHints":{"allow":["GET"]}}],"collection":[{"href":"https:\/\/www.organisator.ch\/de\/wp-json\/wp\/v2\/posts"}],"about":[{"href":"https:\/\/www.organisator.ch\/de\/wp-json\/wp\/v2\/types\/post"}],"author":[{"embeddable":true,"href":"https:\/\/www.organisator.ch\/de\/wp-json\/wp\/v2\/users\/8"}],"replies":[{"embeddable":true,"href":"https:\/\/www.organisator.ch\/de\/wp-json\/wp\/v2\/comments?post=42613"}],"version-history":[{"count":3,"href":"https:\/\/www.organisator.ch\/de\/wp-json\/wp\/v2\/posts\/42613\/revisions"}],"predecessor-version":[{"id":42650,"href":"https:\/\/www.organisator.ch\/de\/wp-json\/wp\/v2\/posts\/42613\/revisions\/42650"}],"wp:attachment":[{"href":"https:\/\/www.organisator.ch\/de\/wp-json\/wp\/v2\/media?parent=42613"}],"wp:term":[{"taxonomy":"category","embeddable":true,"href":"https:\/\/www.organisator.ch\/de\/wp-json\/wp\/v2\/categories?post=42613"},{"taxonomy":"post_tag","embeddable":true,"href":"https:\/\/www.organisator.ch\/de\/wp-json\/wp\/v2\/tags?post=42613"}],"curies":[{"name":"wp","href":"https:\/\/api.w.org\/{rel}","templated":true}]}}