{"id":42668,"date":"2025-12-10T08:20:11","date_gmt":"2025-12-10T07:20:11","guid":{"rendered":"https:\/\/www.organisator.ch\/?p=42668"},"modified":"2026-02-11T11:38:18","modified_gmt":"2026-02-11T10:38:18","slug":"zwei-auszeichnungen-fuer-langfristiges-schweizer-unternehmertum","status":"publish","type":"post","link":"https:\/\/www.organisator.ch\/de\/management\/2025-12-10\/zwei-auszeichnungen-fuer-langfristiges-schweizer-unternehmertum\/","title":{"rendered":"Zwei Auszeichnungen f\u00fcr langfristiges Schweizer Unternehmertum"},"content":{"rendered":"<figure id=\"attachment_42669\" aria-describedby=\"caption-attachment-42669\" style=\"width: 680px\" class=\"wp-caption alignnone\"><img loading=\"lazy\" decoding=\"async\" class=\"size-full wp-image-42669\" src=\"https:\/\/www.organisator.ch\/wp-content\/uploads\/2025\/12\/Zwei-Auszeichnungen-fuer-langfristiges-Schweizer-Unternehmertum-1_Organisator.jpg\" alt=\"\" width=\"680\" height=\"475\" srcset=\"https:\/\/www.organisator.ch\/wp-content\/uploads\/2025\/12\/Zwei-Auszeichnungen-fuer-langfristiges-Schweizer-Unternehmertum-1_Organisator.jpg 680w, https:\/\/www.organisator.ch\/wp-content\/uploads\/2025\/12\/Zwei-Auszeichnungen-fuer-langfristiges-Schweizer-Unternehmertum-1_Organisator-18x12.jpg 18w, https:\/\/www.organisator.ch\/wp-content\/uploads\/2025\/12\/Zwei-Auszeichnungen-fuer-langfristiges-Schweizer-Unternehmertum-1_Organisator-375x262.jpg 375w, https:\/\/www.organisator.ch\/wp-content\/uploads\/2025\/12\/Zwei-Auszeichnungen-fuer-langfristiges-Schweizer-Unternehmertum-1_Organisator-501x350.jpg 501w\" sizes=\"auto, (max-width: 680px) 100vw, 680px\" \/><figcaption id=\"caption-attachment-42669\" class=\"wp-caption-text\">Die A. Baggenstos &amp; Co. AG wurde am 9. Dezember 2025 mit dem Ph\u00f6nix Award f\u00fcr langfristiges Unternehmertum ausgezeichnet. V.l.n.r.: Peter Sp\u00f6rri, Stadtpr\u00e4sident der Stadt Wallisellen, Anita Martinecz Feh\u00e9r, Projektleiterin Entrepreneurship &amp; ICT Amt f\u00fcr Wirtschaft Kanton Z\u00fcrich, Simone Haeberli, Ressortleiterin KMU Politik beim SECO, Renato Petrillo, CEO, und Thomas Baggenstos, Verwaltungsratspr\u00e4sident der A. Baggenstos &amp; Co. AG, Hans J\u00fcrg Domenig, Pr\u00e4sident, und Dorit Schmidt-Purrmann, Gesch\u00e4ftsf\u00fchrerin Schweizer Dachverband f\u00fcr Unternehmensnachfolge \u2013 CHDU, und Laudator Andreas Camenzind, Jury-Mitglied und Investment Director Renaissance Anlagestiftung. (Foto: Schweizer Dachverband f\u00fcr Unternehmensnachfolge \u2013 CHDU)<\/figcaption><\/figure>\n<p>Die Unternehmensnachfolge einer Firma \u00fcber 100 und mehr Jahre erfolgreich zu regeln ist per se aussergew\u00f6hnlich. Umso mehr vor dem Hintergrund, dass dies nur rund zwei Prozent der vor 100 Jahren gegr\u00fcndeten Schweizer Betriebe gelingt. Solche herausragenden unternehmerischen Leistungen ehrt der <a href=\"https:\/\/impulswerk.us10.list-manage.com\/track\/click?u=c6a56467d013139377a7ad4e3&amp;id=8741bd492e&amp;e=dec83a6326\">Schweizer Dachverband f\u00fcr Unternehmensnachfolge \u2013 CHDU<\/a> mit dem \u00ab<a href=\"https:\/\/impulswerk.us10.list-manage.com\/track\/click?u=c6a56467d013139377a7ad4e3&amp;id=904d99c43a&amp;e=dec83a6326\">Phoenix Award<\/a> f\u00fcr langfristiges Schweizer Unternehmertum\u00bb. Am 9. Dezember 2025, erhielten gleich zwei Schweizer KMU diesen Nachfolgepreis: Die <a href=\"https:\/\/impulswerk.us10.list-manage.com\/track\/click?u=c6a56467d013139377a7ad4e3&amp;id=4b010498d3&amp;e=dec83a6326\">A. Baggenstos &amp; Co. AG<\/a> in Wallisellen in der Kategorie \u00abKMU 100 Jahre\u00bb sowie die <a href=\"https:\/\/impulswerk.us10.list-manage.com\/track\/click?u=c6a56467d013139377a7ad4e3&amp;id=0793bb6d22&amp;e=dec83a6326\">Heberlein Technology AG<\/a> in Wattwil in der Kategorie \u00abKMU 100plus Jahre\u00bb. Mit ihrer jeweils einzigartigen Historie und Nachfolgef\u00e4higkeit, die Innovationskraft, Teamleistung und unternehmerisches Handeln in sich vereint, haben beide Unternehmen Phoenix Award-Jury und Jury-Beirat \u00fcberzeugt.<\/p>\n<h3><strong>Vom Schreibmaschinenservice zum f\u00fchrenden Anbieter f\u00fcr Cloud- und <\/strong><strong>Managed-IT-Services<\/strong><\/h3>\n<p>Die Phoenix Award-Urkunde in der Kategorie \u00abKMU 100 Jahre\u00bb f\u00fcr die A. Baggenstos &amp; Co. AG nahmen Thomas Baggenstos, Verwaltungsrats-Pr\u00e4sident, und Renato Petrillo, CEO, stellvertretend f\u00fcr das gesamte Team entgegen. \u00dcberreicht wurde sie von Hans J\u00fcrg Domenig, Pr\u00e4sident des CHDU, und Laudator Andreas Camenzind, Mitglied der Phoenix Award-Jury sowie Investment Director bei der Renaissance Anlagestiftung. In seiner Laudatio verweist er auf das Freiheitsstreben als Quelle vision\u00e4rer und innovativer Kraft \u2013 die Wegbereiter, die Baggenstos von der Reparaturwerkstatt f\u00fcr Schreibmaschinen zu einem der f\u00fchrenden IT-Dienstleister f\u00fcr Schweizer KMU gemacht haben. Diese wurden durch Thomas Baggenstos fest im Unternehmen und seiner Kultur verankert und sind seitdem wesentlicher Erfolgsfaktor. \u00abBaggenstos war seiner Zeit stets voraus und dennoch auf nachhaltigen Werten aufgebaut. (&#8230;) Die A. Baggenstos &amp; Co. AG zeigt seit 100 Jahren, dass langfristiges Unternehmertum nicht altmodisch, sondern aktueller denn je ist. Ich gratuliere herzlich zur hochverdienten Auszeichnung mit dem Phoenix Award 2025\u00bb, rundet Camenzind seine Laudatio ab. Ihre pers\u00f6nlichen Gl\u00fcckw\u00fcnsche \u00fcberbrachten dar\u00fcber hinaus Anita Martinecz Feh\u00e9r, Projektleiterin Entrepreneurship &amp; ICT des Amts f\u00fcr Wirtschaft Kanton Z\u00fcrich, der Stadtpr\u00e4sident von Wallisellen, Peter Sp\u00f6rri, und Simone Haberli, Ressortleiterin KMU Politik beim SECO. \u00abWir sind begeistert und f\u00fchlen uns sehr geehrt durch diese Auszeichnung, die wir als Anerkennung f\u00fcr das gesamte Team verstehen. Vor allem anderen sind es die Menschen, die uns, die A. Baggenstos &amp; Co. AG, ausmachen. In diesem Sinne ist der \u2018Phoenix Award\u2019 eine wunderbare Motivation f\u00fcr n\u00e4chste gemeinsame Taten\u00bb, so der Dank von Thomas Baggenstos.<\/p>\n<h3><strong>Eine \u00abTechnologie-Perle\u00bb der Textilindustrie und ihr Weg zur\u00fcck in die Schweiz<\/strong><\/h3>\n<p>Mit ihrer bewegten 190-j\u00e4hrigen Unternehmens- und Nachfolgegeschichte, die Aufstieg, Untergang und Neuanfang durchlebt, \u00fcberzeugte die Heberlein Technology AG Jury und Jury-Beirat des Phoenix Award. Im Kern seiner Laudatio fasste Thomas Berner, Mitglied des Phoenix Award Jury-Beirats und Chefredaktor des KMU-Fachmagazins \u00abOrganisator\u00bb, die Entscheidung von Jury und Jury-Beirat mit diesen Worten zusammen: \u00abWir sehen die Heberlein Technology AG als Musterbeispiel f\u00fcr ein Unternehmen, das sich von einem Familienbetrieb zu einem Weltkonzern entwickelt hat, zwischenzeitlich \u2018abgest\u00fcrzt\u2019 ist und sich neu als solides KMU pr\u00e4sentiert. Durch eine geschickte Nachfolgeregelung ist es gelungen, eine Industrieperle auf dem Werkplatz Schweiz zu behalten. Hinzu kommt der unternehmerische Drive von Daniel Lippuner, Martin Z\u00fcrcher und dem gesamten Management-Team, die ihren durch langj\u00e4hrige Branchen-Expertise erworbenen Berufsstolz auf die Mitarbeitenden \u00fcbertragen. Hier zeigt sich eindr\u00fccklich, was es bedeutet, sich als Unternehmen wie ein Phoenix aus der Asche neu erheben zu k\u00f6nnen. (&#8230;).\u00bb<\/p>\n<figure id=\"attachment_42670\" aria-describedby=\"caption-attachment-42670\" style=\"width: 680px\" class=\"wp-caption alignnone\"><img loading=\"lazy\" decoding=\"async\" class=\"size-full wp-image-42670\" src=\"https:\/\/www.organisator.ch\/wp-content\/uploads\/2025\/12\/Zwei-Auszeichnungen-fuer-langfristiges-Schweizer-Unternehmertum-2_Organisator.jpg\" alt=\"\" width=\"680\" height=\"470\" srcset=\"https:\/\/www.organisator.ch\/wp-content\/uploads\/2025\/12\/Zwei-Auszeichnungen-fuer-langfristiges-Schweizer-Unternehmertum-2_Organisator.jpg 680w, https:\/\/www.organisator.ch\/wp-content\/uploads\/2025\/12\/Zwei-Auszeichnungen-fuer-langfristiges-Schweizer-Unternehmertum-2_Organisator-18x12.jpg 18w, https:\/\/www.organisator.ch\/wp-content\/uploads\/2025\/12\/Zwei-Auszeichnungen-fuer-langfristiges-Schweizer-Unternehmertum-2_Organisator-375x259.jpg 375w, https:\/\/www.organisator.ch\/wp-content\/uploads\/2025\/12\/Zwei-Auszeichnungen-fuer-langfristiges-Schweizer-Unternehmertum-2_Organisator-506x350.jpg 506w\" sizes=\"auto, (max-width: 680px) 100vw, 680px\" \/><figcaption id=\"caption-attachment-42670\" class=\"wp-caption-text\">Erhielt den Ph\u00f6nix Award in der Kategorie \u00abKMU 100plus Jahre\u00bb: Die Heberlein Technology AG aus Wattwil. V.l.n.r.: Dorit Schmidt-Purrmann, Gesch\u00e4ftsf\u00fchrerin CHDU, Carla Kaufmann, Vizepr\u00e4sidentin Schweizer Dachverband f\u00fcr Unternehmensnachfolge \u2013 CHDU, Martin Z\u00fcrcher, CEO und Daniel Lippuner, Verwaltungsratspr\u00e4sidentder Heberlein Technology AG, Daniel M\u00fcller, Leiter Standortf\u00f6rderung Kanton St. Gallen, Laudator Thomas Berner, Mitglied Jury-Beirat und Chefredaktor des KMU-Fachmagazins ORGANISATOR, und Alois Gunzenreiner, Gemeindepr\u00e4sident Wattwil . (Foto: Schweizer Dachverband f\u00fcr Unternehmensnachfolge \u2013 CHDU)<\/figcaption><\/figure>\n<p>Thomas Berner \u00fcberreichte die Preistr\u00e4gerurkunde in der Kategorie \u00abKMU 100plus Jahre\u00bb gemeinsam mit CHDU-Vizepr\u00e4sidentin Carla Kaufmann an Daniel Lippuner, Verwaltungsrats-Pr\u00e4sident, und Martin Z\u00fcrcher, CEO der Heberlein Technology AG. Als weitere Gratulanten zu dieser Auszeichnung \u00fcberbrachten Daniel M\u00fcller, Leiter der Standortf\u00f6rderung des Kantons St. Gallen, und Alois Gunzenweiler, Gemeindepr\u00e4sident von Wattwil, ihre Gl\u00fcckw\u00fcnsche. \u00abDer Phoenix Award ist die perfekte Abrundung unseres Jubil\u00e4umsjahrs und gleichzeitig eine grosse Auszeichnung f\u00fcr unser Team. Sie best\u00e4tigt uns darin, Forschung und Entwicklung, die entscheidend f\u00fcr unsere f\u00fchrende Rolle in der internationalen Textilindustrie sind, weiterhin h\u00f6chste Priorit\u00e4t einzur\u00e4umen. Damit wir unsere Geschichte erfolgreich weiterschreiben k\u00f6nnen\u00bb, res\u00fcmiert Daniel Lippuner die Freude \u00fcber den erhaltenen Nachfolgepreis.<\/p>\n<h3>Langfristiges Unternehmertum w\u00fcrdigen<\/h3>\n<p>Der \u00abPhoenix Award f\u00fcr langfristiges Schweizer Unternehmertum\u00bb wird seit 2020 j\u00e4hrlich vergeben. Ausgezeichnet werden jeweils Schweizer KMU, die ihre Nachfolgeregelung seit mindestens einem Jahrhundert meistern, sich teils neu erfinden und sich manchmal wie ein \u00abPhoenix aus der Asche\u00bb neu erheben mussten. Bisher standen als potenzielle Preistr\u00e4ger Schweizer KMU, die im jeweiligen Jahr genau 100 Jahre alt werden oder 100 Jahre im Schweizer Handelsregister eingetragen sind, im Fokus. Seit diesem Jahr werden Unternehmen, die ein \u00abrundes\u00bb Jubil\u00e4um zwischen 100 und 200 Jahren begehen, einbezogen, um die Inspiration aussergew\u00f6hnlicher Unternehmens- und Nachfolgehistorien noch breiter aktiv weiterzutragen. Eine Fach-Jury und ein Jury-Beirat mit Vertreter*innen aus Wissenschaft, Unternehmertum und Medien ermitteln jeweils aus diesen Unternehmen in einem mehrstufigen Verfahren die Preistr\u00e4ger.<\/p>\n<p><em>Quelle: S<a href=\"http:\/\/www.chdu.ch\">chweizer Dachverband f\u00fcr Unternehmensnachfolge \u2013 CHDU<\/a><\/em><\/p>\n","protected":false},"excerpt":{"rendered":"<p>Am 9. Dezember 2025 hat der Schweizer Dachverband f\u00fcr Unternehmensnachfolge den \u00abPhoenix Award 2025\u00bb an die A. Baggenstos &#038; Co. AG, Wallisellen, und die Heberlein Technology AG, Wattwil, verliehen. Die beiden Unternehmen wurden f\u00fcr ihren Weg ausgezeichnet, Schweizer Unternehmertum langfristig zu sichern.<\/p>\n","protected":false},"author":4,"featured_media":42669,"comment_status":"closed","ping_status":"closed","sticky":false,"template":"","format":"standard","meta":{"_acf_changed":false,"_yoast_wpseo_focuskw":"Auszeichnungen","_yoast_wpseo_metadesc":"Die A. Baggenstos & Co. AG und die Heberlein Technology AG erhielten am 9. Dezember 2025 den \u00abPhoenix Award 2025\u00bb.","articlekey":"","footnotes":""},"categories":[28],"tags":[66,207,335,492,503],"class_list":["post-42668","post","type-post","status-publish","format-standard","has-post-thumbnail","hentry","category-management","tag-awards","tag-firmennachfolge","tag-management-und-unternehmensfuehrung","tag-unternehmen","tag-verbaende"],"acf":[],"yoast_head":"<!-- This site is optimized with the Yoast SEO plugin v27.4 - https:\/\/yoast.com\/product\/yoast-seo-wordpress\/ -->\n<title>Zwei Auszeichnungen f\u00fcr langfristiges Schweizer Unternehmertum - Organisator<\/title>\n<meta name=\"description\" content=\"Die A. Baggenstos &amp; Co. AG und die Heberlein Technology AG erhielten am 9. Dezember 2025 den \u00abPhoenix Award 2025\u00bb.\" \/>\n<meta name=\"robots\" content=\"index, follow, max-snippet:-1, max-image-preview:large, max-video-preview:-1\" \/>\n<link rel=\"canonical\" href=\"https:\/\/www.organisator.ch\/de\/management\/2025-12-10\/zwei-auszeichnungen-fuer-langfristiges-schweizer-unternehmertum\/\" \/>\n<meta property=\"og:locale\" content=\"de_DE\" \/>\n<meta property=\"og:type\" content=\"article\" \/>\n<meta property=\"og:title\" content=\"Zwei Auszeichnungen f\u00fcr langfristiges Schweizer Unternehmertum\" \/>\n<meta property=\"og:description\" content=\"Die A. Baggenstos &amp; Co. AG und die Heberlein Technology AG erhielten am 9. Dezember 2025 den \u00abPhoenix Award 2025\u00bb.\" \/>\n<meta property=\"og:url\" content=\"https:\/\/www.organisator.ch\/de\/management\/2025-12-10\/zwei-auszeichnungen-fuer-langfristiges-schweizer-unternehmertum\/\" \/>\n<meta property=\"og:site_name\" content=\"Organisator\" \/>\n<meta property=\"article:publisher\" content=\"https:\/\/www.facebook.com\/OrganisatorFachmagazin\" \/>\n<meta property=\"article:published_time\" content=\"2025-12-10T07:20:11+00:00\" \/>\n<meta property=\"article:modified_time\" content=\"2026-02-11T10:38:18+00:00\" \/>\n<meta property=\"og:image\" content=\"https:\/\/www.organisator.ch\/wp-content\/uploads\/2025\/12\/Zwei-Auszeichnungen-fuer-langfristiges-Schweizer-Unternehmertum-1_Organisator.jpg\" \/>\n\t<meta property=\"og:image:width\" content=\"680\" \/>\n\t<meta property=\"og:image:height\" content=\"475\" \/>\n\t<meta property=\"og:image:type\" content=\"image\/jpeg\" \/>\n<meta name=\"author\" content=\"thomas.berner\" \/>\n<meta name=\"twitter:card\" content=\"summary_large_image\" \/>\n<meta name=\"twitter:title\" content=\"Zwei #Auszeichnungen f\u00fcr langfristiges Schweizer #Unternehmertum\" \/>\n<meta name=\"twitter:description\" content=\"Die A. #Baggenstos &amp; Co. AG und die #Heberlein Technology AG erhielten am 9. Dezember 2025 den \u00ab#Phoenix Award 2025\u00bb.\" \/>\n<meta name=\"twitter:image\" content=\"https:\/\/www.organisator.ch\/wp-content\/uploads\/2025\/12\/Zwei-Auszeichnungen-fuer-langfristiges-Schweizer-Unternehmertum-1_Organisator.jpg\" \/>\n<script type=\"application\/ld+json\" class=\"yoast-schema-graph\">{\"@context\":\"https:\\\/\\\/schema.org\",\"@graph\":[{\"@type\":\"Article\",\"@id\":\"https:\\\/\\\/www.organisator.ch\\\/management\\\/2025-12-10\\\/zwei-auszeichnungen-fuer-langfristiges-schweizer-unternehmertum\\\/#article\",\"isPartOf\":{\"@id\":\"https:\\\/\\\/www.organisator.ch\\\/management\\\/2025-12-10\\\/zwei-auszeichnungen-fuer-langfristiges-schweizer-unternehmertum\\\/\"},\"author\":{\"name\":\"thomas.berner\",\"@id\":\"https:\\\/\\\/www.organisator.ch\\\/#\\\/schema\\\/person\\\/6f650f90b2842cd4c0cc334b4e36f67e\"},\"headline\":\"Zwei Auszeichnungen f\u00fcr langfristiges Schweizer Unternehmertum\",\"datePublished\":\"2025-12-10T07:20:11+00:00\",\"dateModified\":\"2026-02-11T10:38:18+00:00\",\"mainEntityOfPage\":{\"@id\":\"https:\\\/\\\/www.organisator.ch\\\/management\\\/2025-12-10\\\/zwei-auszeichnungen-fuer-langfristiges-schweizer-unternehmertum\\\/\"},\"wordCount\":1010,\"publisher\":{\"@id\":\"https:\\\/\\\/www.organisator.ch\\\/#organization\"},\"image\":{\"@id\":\"https:\\\/\\\/www.organisator.ch\\\/management\\\/2025-12-10\\\/zwei-auszeichnungen-fuer-langfristiges-schweizer-unternehmertum\\\/#primaryimage\"},\"thumbnailUrl\":\"https:\\\/\\\/www.organisator.ch\\\/wp-content\\\/uploads\\\/2025\\\/12\\\/Zwei-Auszeichnungen-fuer-langfristiges-Schweizer-Unternehmertum-1_Organisator.jpg\",\"keywords\":[\"Awards\",\"Firmennachfolge\",\"Management und Unternehmensf\u00fchrung\",\"Unternehmen\",\"Verb\u00e4nde\"],\"articleSection\":[\"MANAGEMENT\"],\"inLanguage\":\"de\"},{\"@type\":\"WebPage\",\"@id\":\"https:\\\/\\\/www.organisator.ch\\\/management\\\/2025-12-10\\\/zwei-auszeichnungen-fuer-langfristiges-schweizer-unternehmertum\\\/\",\"url\":\"https:\\\/\\\/www.organisator.ch\\\/management\\\/2025-12-10\\\/zwei-auszeichnungen-fuer-langfristiges-schweizer-unternehmertum\\\/\",\"name\":\"Zwei Auszeichnungen f\u00fcr langfristiges Schweizer Unternehmertum - Organisator\",\"isPartOf\":{\"@id\":\"https:\\\/\\\/www.organisator.ch\\\/#website\"},\"primaryImageOfPage\":{\"@id\":\"https:\\\/\\\/www.organisator.ch\\\/management\\\/2025-12-10\\\/zwei-auszeichnungen-fuer-langfristiges-schweizer-unternehmertum\\\/#primaryimage\"},\"image\":{\"@id\":\"https:\\\/\\\/www.organisator.ch\\\/management\\\/2025-12-10\\\/zwei-auszeichnungen-fuer-langfristiges-schweizer-unternehmertum\\\/#primaryimage\"},\"thumbnailUrl\":\"https:\\\/\\\/www.organisator.ch\\\/wp-content\\\/uploads\\\/2025\\\/12\\\/Zwei-Auszeichnungen-fuer-langfristiges-Schweizer-Unternehmertum-1_Organisator.jpg\",\"datePublished\":\"2025-12-10T07:20:11+00:00\",\"dateModified\":\"2026-02-11T10:38:18+00:00\",\"description\":\"Die A. Baggenstos & Co. AG und die Heberlein Technology AG erhielten am 9. Dezember 2025 den \u00abPhoenix Award 2025\u00bb.\",\"breadcrumb\":{\"@id\":\"https:\\\/\\\/www.organisator.ch\\\/management\\\/2025-12-10\\\/zwei-auszeichnungen-fuer-langfristiges-schweizer-unternehmertum\\\/#breadcrumb\"},\"inLanguage\":\"de\",\"potentialAction\":[{\"@type\":\"ReadAction\",\"target\":[\"https:\\\/\\\/www.organisator.ch\\\/management\\\/2025-12-10\\\/zwei-auszeichnungen-fuer-langfristiges-schweizer-unternehmertum\\\/\"]}]},{\"@type\":\"ImageObject\",\"inLanguage\":\"de\",\"@id\":\"https:\\\/\\\/www.organisator.ch\\\/management\\\/2025-12-10\\\/zwei-auszeichnungen-fuer-langfristiges-schweizer-unternehmertum\\\/#primaryimage\",\"url\":\"https:\\\/\\\/www.organisator.ch\\\/wp-content\\\/uploads\\\/2025\\\/12\\\/Zwei-Auszeichnungen-fuer-langfristiges-Schweizer-Unternehmertum-1_Organisator.jpg\",\"contentUrl\":\"https:\\\/\\\/www.organisator.ch\\\/wp-content\\\/uploads\\\/2025\\\/12\\\/Zwei-Auszeichnungen-fuer-langfristiges-Schweizer-Unternehmertum-1_Organisator.jpg\",\"width\":680,\"height\":475,\"caption\":\"Die A. Baggenstos & Co. AG wurde am 9. Dezember 2025 mit dem Ph\u00f6nix Award f\u00fcr langfristiges Unternehmertum ausgezeichnet: Peter Sp\u00f6rri, Stadtpr\u00e4sident der Stadt Wallisellen, Anita Martinecz Feh\u00e9r, Projektleiterin Entrepreneurship & ICT Amt f\u00fcr Wirtschaft Kanton Z\u00fcrich, Simone Haeberli, Ressortleiterin KMU Politik beim SECO, Renato Petrillo, CEO, und Thomas Baggenstos, Verwaltungsratspr\u00e4sident der A. Baggenstos & Co. AG, Hans J\u00fcrg Domenig, Pr\u00e4sident, und Dorit Schmidt-Purrmann, Gesch\u00e4ftsf\u00fchrerin Schweizer Dachverband f\u00fcr Unternehmensnachfolge \u2013 CHDU, und Laudator Andreas Camenzind, Jury-Mitglied und Investment Director Renaissance Anlagestiftung. (Foto: Schweizer Dachverband f\u00fcr Unternehmensnachfolge \u2013 CHDU)\"},{\"@type\":\"BreadcrumbList\",\"@id\":\"https:\\\/\\\/www.organisator.ch\\\/management\\\/2025-12-10\\\/zwei-auszeichnungen-fuer-langfristiges-schweizer-unternehmertum\\\/#breadcrumb\",\"itemListElement\":[{\"@type\":\"ListItem\",\"position\":1,\"name\":\"Home\",\"item\":\"https:\\\/\\\/www.organisator.ch\\\/\"},{\"@type\":\"ListItem\",\"position\":2,\"name\":\"Zwei Auszeichnungen f\u00fcr langfristiges Schweizer Unternehmertum\"}]},{\"@type\":\"WebSite\",\"@id\":\"https:\\\/\\\/www.organisator.ch\\\/#website\",\"url\":\"https:\\\/\\\/www.organisator.ch\\\/\",\"name\":\"Organisator\",\"description\":\"Kompetent. Praxisnah. Der ORGANISATOR bereitet in 10 Ausgaben pro Jahr die wesentlichen Themen f\u00fcr F\u00fchrungskr\u00e4fte von KMU auf.\",\"publisher\":{\"@id\":\"https:\\\/\\\/www.organisator.ch\\\/#organization\"},\"potentialAction\":[{\"@type\":\"SearchAction\",\"target\":{\"@type\":\"EntryPoint\",\"urlTemplate\":\"https:\\\/\\\/www.organisator.ch\\\/?s={search_term_string}\"},\"query-input\":{\"@type\":\"PropertyValueSpecification\",\"valueRequired\":true,\"valueName\":\"search_term_string\"}}],\"inLanguage\":\"de\"},{\"@type\":\"Organization\",\"@id\":\"https:\\\/\\\/www.organisator.ch\\\/#organization\",\"name\":\"Organisator\",\"url\":\"https:\\\/\\\/www.organisator.ch\\\/\",\"logo\":{\"@type\":\"ImageObject\",\"inLanguage\":\"de\",\"@id\":\"https:\\\/\\\/www.organisator.ch\\\/#\\\/schema\\\/logo\\\/image\\\/\",\"url\":\"https:\\\/\\\/www.organisator.ch\\\/wp-content\\\/uploads\\\/2022\\\/01\\\/Logo_Organisator_Website.png\",\"contentUrl\":\"https:\\\/\\\/www.organisator.ch\\\/wp-content\\\/uploads\\\/2022\\\/01\\\/Logo_Organisator_Website.png\",\"width\":800,\"height\":77,\"caption\":\"Organisator\"},\"image\":{\"@id\":\"https:\\\/\\\/www.organisator.ch\\\/#\\\/schema\\\/logo\\\/image\\\/\"},\"sameAs\":[\"https:\\\/\\\/www.facebook.com\\\/OrganisatorFachmagazin\",\"https:\\\/\\\/www.linkedin.com\\\/showcase\\\/organisator-das-magazin-fr-kmu\",\"https:\\\/\\\/www.xing.com\\\/news\\\/pages\\\/organisator-ch-695\",\"https:\\\/\\\/www.youtube.com\\\/channel\\\/UCGP2Sq0iWaZwT3BdIAQFYpw\"]},{\"@type\":\"Person\",\"@id\":\"https:\\\/\\\/www.organisator.ch\\\/#\\\/schema\\\/person\\\/6f650f90b2842cd4c0cc334b4e36f67e\",\"name\":\"thomas.berner\",\"image\":{\"@type\":\"ImageObject\",\"inLanguage\":\"de\",\"@id\":\"https:\\\/\\\/secure.gravatar.com\\\/avatar\\\/ac5001d2a36cb6c6cd3e50789007ffca834b477b74a2144564522e944eabff61?s=96&d=mm&r=g\",\"url\":\"https:\\\/\\\/secure.gravatar.com\\\/avatar\\\/ac5001d2a36cb6c6cd3e50789007ffca834b477b74a2144564522e944eabff61?s=96&d=mm&r=g\",\"contentUrl\":\"https:\\\/\\\/secure.gravatar.com\\\/avatar\\\/ac5001d2a36cb6c6cd3e50789007ffca834b477b74a2144564522e944eabff61?s=96&d=mm&r=g\",\"caption\":\"thomas.berner\"},\"url\":\"https:\\\/\\\/www.organisator.ch\\\/de\\\/author\\\/thomas-berner\\\/\"}]}<\/script>\n<!-- \/ Yoast SEO plugin. -->","yoast_head_json":{"title":"Zwei Auszeichnungen f\u00fcr langfristiges Schweizer Unternehmertum - Organisator","description":"Die A. Baggenstos & Co. AG und die Heberlein Technology AG erhielten am 9. Dezember 2025 den \u00abPhoenix Award 2025\u00bb.","robots":{"index":"index","follow":"follow","max-snippet":"max-snippet:-1","max-image-preview":"max-image-preview:large","max-video-preview":"max-video-preview:-1"},"canonical":"https:\/\/www.organisator.ch\/de\/management\/2025-12-10\/zwei-auszeichnungen-fuer-langfristiges-schweizer-unternehmertum\/","og_locale":"de_DE","og_type":"article","og_title":"Zwei Auszeichnungen f\u00fcr langfristiges Schweizer Unternehmertum","og_description":"Die A. Baggenstos & Co. AG und die Heberlein Technology AG erhielten am 9. Dezember 2025 den \u00abPhoenix Award 2025\u00bb.","og_url":"https:\/\/www.organisator.ch\/de\/management\/2025-12-10\/zwei-auszeichnungen-fuer-langfristiges-schweizer-unternehmertum\/","og_site_name":"Organisator","article_publisher":"https:\/\/www.facebook.com\/OrganisatorFachmagazin","article_published_time":"2025-12-10T07:20:11+00:00","article_modified_time":"2026-02-11T10:38:18+00:00","og_image":[{"width":680,"height":475,"url":"https:\/\/www.organisator.ch\/wp-content\/uploads\/2025\/12\/Zwei-Auszeichnungen-fuer-langfristiges-Schweizer-Unternehmertum-1_Organisator.jpg","type":"image\/jpeg"}],"author":"thomas.berner","twitter_card":"summary_large_image","twitter_title":"Zwei #Auszeichnungen f\u00fcr langfristiges Schweizer #Unternehmertum","twitter_description":"Die A. #Baggenstos & Co. AG und die #Heberlein Technology AG erhielten am 9. Dezember 2025 den \u00ab#Phoenix Award 2025\u00bb.","twitter_image":"https:\/\/www.organisator.ch\/wp-content\/uploads\/2025\/12\/Zwei-Auszeichnungen-fuer-langfristiges-Schweizer-Unternehmertum-1_Organisator.jpg","schema":{"@context":"https:\/\/schema.org","@graph":[{"@type":"Article","@id":"https:\/\/www.organisator.ch\/management\/2025-12-10\/zwei-auszeichnungen-fuer-langfristiges-schweizer-unternehmertum\/#article","isPartOf":{"@id":"https:\/\/www.organisator.ch\/management\/2025-12-10\/zwei-auszeichnungen-fuer-langfristiges-schweizer-unternehmertum\/"},"author":{"name":"thomas.berner","@id":"https:\/\/www.organisator.ch\/#\/schema\/person\/6f650f90b2842cd4c0cc334b4e36f67e"},"headline":"Zwei Auszeichnungen f\u00fcr langfristiges Schweizer Unternehmertum","datePublished":"2025-12-10T07:20:11+00:00","dateModified":"2026-02-11T10:38:18+00:00","mainEntityOfPage":{"@id":"https:\/\/www.organisator.ch\/management\/2025-12-10\/zwei-auszeichnungen-fuer-langfristiges-schweizer-unternehmertum\/"},"wordCount":1010,"publisher":{"@id":"https:\/\/www.organisator.ch\/#organization"},"image":{"@id":"https:\/\/www.organisator.ch\/management\/2025-12-10\/zwei-auszeichnungen-fuer-langfristiges-schweizer-unternehmertum\/#primaryimage"},"thumbnailUrl":"https:\/\/www.organisator.ch\/wp-content\/uploads\/2025\/12\/Zwei-Auszeichnungen-fuer-langfristiges-Schweizer-Unternehmertum-1_Organisator.jpg","keywords":["Awards","Firmennachfolge","Management und Unternehmensf\u00fchrung","Unternehmen","Verb\u00e4nde"],"articleSection":["MANAGEMENT"],"inLanguage":"de"},{"@type":"WebPage","@id":"https:\/\/www.organisator.ch\/management\/2025-12-10\/zwei-auszeichnungen-fuer-langfristiges-schweizer-unternehmertum\/","url":"https:\/\/www.organisator.ch\/management\/2025-12-10\/zwei-auszeichnungen-fuer-langfristiges-schweizer-unternehmertum\/","name":"Zwei Auszeichnungen f\u00fcr langfristiges Schweizer Unternehmertum - Organisator","isPartOf":{"@id":"https:\/\/www.organisator.ch\/#website"},"primaryImageOfPage":{"@id":"https:\/\/www.organisator.ch\/management\/2025-12-10\/zwei-auszeichnungen-fuer-langfristiges-schweizer-unternehmertum\/#primaryimage"},"image":{"@id":"https:\/\/www.organisator.ch\/management\/2025-12-10\/zwei-auszeichnungen-fuer-langfristiges-schweizer-unternehmertum\/#primaryimage"},"thumbnailUrl":"https:\/\/www.organisator.ch\/wp-content\/uploads\/2025\/12\/Zwei-Auszeichnungen-fuer-langfristiges-Schweizer-Unternehmertum-1_Organisator.jpg","datePublished":"2025-12-10T07:20:11+00:00","dateModified":"2026-02-11T10:38:18+00:00","description":"Die A. Baggenstos & Co. AG und die Heberlein Technology AG erhielten am 9. Dezember 2025 den \u00abPhoenix Award 2025\u00bb.","breadcrumb":{"@id":"https:\/\/www.organisator.ch\/management\/2025-12-10\/zwei-auszeichnungen-fuer-langfristiges-schweizer-unternehmertum\/#breadcrumb"},"inLanguage":"de","potentialAction":[{"@type":"ReadAction","target":["https:\/\/www.organisator.ch\/management\/2025-12-10\/zwei-auszeichnungen-fuer-langfristiges-schweizer-unternehmertum\/"]}]},{"@type":"ImageObject","inLanguage":"de","@id":"https:\/\/www.organisator.ch\/management\/2025-12-10\/zwei-auszeichnungen-fuer-langfristiges-schweizer-unternehmertum\/#primaryimage","url":"https:\/\/www.organisator.ch\/wp-content\/uploads\/2025\/12\/Zwei-Auszeichnungen-fuer-langfristiges-Schweizer-Unternehmertum-1_Organisator.jpg","contentUrl":"https:\/\/www.organisator.ch\/wp-content\/uploads\/2025\/12\/Zwei-Auszeichnungen-fuer-langfristiges-Schweizer-Unternehmertum-1_Organisator.jpg","width":680,"height":475,"caption":"Die A. Baggenstos & Co. AG wurde am 9. Dezember 2025 mit dem Ph\u00f6nix Award f\u00fcr langfristiges Unternehmertum ausgezeichnet: Peter Sp\u00f6rri, Stadtpr\u00e4sident der Stadt Wallisellen, Anita Martinecz Feh\u00e9r, Projektleiterin Entrepreneurship & ICT Amt f\u00fcr Wirtschaft Kanton Z\u00fcrich, Simone Haeberli, Ressortleiterin KMU Politik beim SECO, Renato Petrillo, CEO, und Thomas Baggenstos, Verwaltungsratspr\u00e4sident der A. Baggenstos & Co. AG, Hans J\u00fcrg Domenig, Pr\u00e4sident, und Dorit Schmidt-Purrmann, Gesch\u00e4ftsf\u00fchrerin Schweizer Dachverband f\u00fcr Unternehmensnachfolge \u2013 CHDU, und Laudator Andreas Camenzind, Jury-Mitglied und Investment Director Renaissance Anlagestiftung. (Foto: Schweizer Dachverband f\u00fcr Unternehmensnachfolge \u2013 CHDU)"},{"@type":"BreadcrumbList","@id":"https:\/\/www.organisator.ch\/management\/2025-12-10\/zwei-auszeichnungen-fuer-langfristiges-schweizer-unternehmertum\/#breadcrumb","itemListElement":[{"@type":"ListItem","position":1,"name":"Home","item":"https:\/\/www.organisator.ch\/"},{"@type":"ListItem","position":2,"name":"Zwei Auszeichnungen f\u00fcr langfristiges Schweizer Unternehmertum"}]},{"@type":"WebSite","@id":"https:\/\/www.organisator.ch\/#website","url":"https:\/\/www.organisator.ch\/","name":"Organisator","description":"Kompetent. Praxisnah. Der ORGANISATOR bereitet in 10 Ausgaben pro Jahr die wesentlichen Themen f\u00fcr F\u00fchrungskr\u00e4fte von KMU auf.","publisher":{"@id":"https:\/\/www.organisator.ch\/#organization"},"potentialAction":[{"@type":"SearchAction","target":{"@type":"EntryPoint","urlTemplate":"https:\/\/www.organisator.ch\/?s={search_term_string}"},"query-input":{"@type":"PropertyValueSpecification","valueRequired":true,"valueName":"search_term_string"}}],"inLanguage":"de"},{"@type":"Organization","@id":"https:\/\/www.organisator.ch\/#organization","name":"Organisator","url":"https:\/\/www.organisator.ch\/","logo":{"@type":"ImageObject","inLanguage":"de","@id":"https:\/\/www.organisator.ch\/#\/schema\/logo\/image\/","url":"https:\/\/www.organisator.ch\/wp-content\/uploads\/2022\/01\/Logo_Organisator_Website.png","contentUrl":"https:\/\/www.organisator.ch\/wp-content\/uploads\/2022\/01\/Logo_Organisator_Website.png","width":800,"height":77,"caption":"Organisator"},"image":{"@id":"https:\/\/www.organisator.ch\/#\/schema\/logo\/image\/"},"sameAs":["https:\/\/www.facebook.com\/OrganisatorFachmagazin","https:\/\/www.linkedin.com\/showcase\/organisator-das-magazin-fr-kmu","https:\/\/www.xing.com\/news\/pages\/organisator-ch-695","https:\/\/www.youtube.com\/channel\/UCGP2Sq0iWaZwT3BdIAQFYpw"]},{"@type":"Person","@id":"https:\/\/www.organisator.ch\/#\/schema\/person\/6f650f90b2842cd4c0cc334b4e36f67e","name":"thomas.berner","image":{"@type":"ImageObject","inLanguage":"de","@id":"https:\/\/secure.gravatar.com\/avatar\/ac5001d2a36cb6c6cd3e50789007ffca834b477b74a2144564522e944eabff61?s=96&d=mm&r=g","url":"https:\/\/secure.gravatar.com\/avatar\/ac5001d2a36cb6c6cd3e50789007ffca834b477b74a2144564522e944eabff61?s=96&d=mm&r=g","contentUrl":"https:\/\/secure.gravatar.com\/avatar\/ac5001d2a36cb6c6cd3e50789007ffca834b477b74a2144564522e944eabff61?s=96&d=mm&r=g","caption":"thomas.berner"},"url":"https:\/\/www.organisator.ch\/de\/author\/thomas-berner\/"}]}},"_links":{"self":[{"href":"https:\/\/www.organisator.ch\/de\/wp-json\/wp\/v2\/posts\/42668","targetHints":{"allow":["GET"]}}],"collection":[{"href":"https:\/\/www.organisator.ch\/de\/wp-json\/wp\/v2\/posts"}],"about":[{"href":"https:\/\/www.organisator.ch\/de\/wp-json\/wp\/v2\/types\/post"}],"author":[{"embeddable":true,"href":"https:\/\/www.organisator.ch\/de\/wp-json\/wp\/v2\/users\/4"}],"replies":[{"embeddable":true,"href":"https:\/\/www.organisator.ch\/de\/wp-json\/wp\/v2\/comments?post=42668"}],"version-history":[{"count":5,"href":"https:\/\/www.organisator.ch\/de\/wp-json\/wp\/v2\/posts\/42668\/revisions"}],"predecessor-version":[{"id":44464,"href":"https:\/\/www.organisator.ch\/de\/wp-json\/wp\/v2\/posts\/42668\/revisions\/44464"}],"wp:featuredmedia":[{"embeddable":true,"href":"https:\/\/www.organisator.ch\/de\/wp-json\/wp\/v2\/media\/42669"}],"wp:attachment":[{"href":"https:\/\/www.organisator.ch\/de\/wp-json\/wp\/v2\/media?parent=42668"}],"wp:term":[{"taxonomy":"category","embeddable":true,"href":"https:\/\/www.organisator.ch\/de\/wp-json\/wp\/v2\/categories?post=42668"},{"taxonomy":"post_tag","embeddable":true,"href":"https:\/\/www.organisator.ch\/de\/wp-json\/wp\/v2\/tags?post=42668"}],"curies":[{"name":"wp","href":"https:\/\/api.w.org\/{rel}","templated":true}]}}