{"id":42728,"date":"2025-12-12T07:48:19","date_gmt":"2025-12-12T06:48:19","guid":{"rendered":"https:\/\/www.organisator.ch\/?p=42728"},"modified":"2025-12-12T07:48:19","modified_gmt":"2025-12-12T06:48:19","slug":"recycling-spezialist-paprec-group-taetigt-weitere-uebernahmen","status":"publish","type":"post","link":"https:\/\/www.organisator.ch\/de\/sustainability\/2025-12-12\/recycling-spezialist-paprec-group-taetigt-weitere-uebernahmen\/","title":{"rendered":"Recycling-Spezialist Paprec Group t\u00e4tigt weitere \u00dcbernahmen"},"content":{"rendered":"<figure id=\"attachment_42729\" aria-describedby=\"caption-attachment-42729\" style=\"width: 680px\" class=\"wp-caption alignnone\"><img loading=\"lazy\" decoding=\"async\" class=\"size-full wp-image-42729\" src=\"https:\/\/www.organisator.ch\/wp-content\/uploads\/2025\/12\/Recycling-Spezialist-Paprec-Group-taetigt-weitere-Uebernahmen_Organisator.jpg\" alt=\"\" width=\"680\" height=\"453\" srcset=\"https:\/\/www.organisator.ch\/wp-content\/uploads\/2025\/12\/Recycling-Spezialist-Paprec-Group-taetigt-weitere-Uebernahmen_Organisator.jpg 680w, https:\/\/www.organisator.ch\/wp-content\/uploads\/2025\/12\/Recycling-Spezialist-Paprec-Group-taetigt-weitere-Uebernahmen_Organisator-18x12.jpg 18w, https:\/\/www.organisator.ch\/wp-content\/uploads\/2025\/12\/Recycling-Spezialist-Paprec-Group-taetigt-weitere-Uebernahmen_Organisator-375x250.jpg 375w, https:\/\/www.organisator.ch\/wp-content\/uploads\/2025\/12\/Recycling-Spezialist-Paprec-Group-taetigt-weitere-Uebernahmen_Organisator-525x350.jpg 525w\" sizes=\"auto, (max-width: 680px) 100vw, 680px\" \/><figcaption id=\"caption-attachment-42729\" class=\"wp-caption-text\">Mit Recycling von Kupfer l\u00e4sst sich sehr viel Energie sparen. (Bild: zVg \/ Paprec)<\/figcaption><\/figure>\n<p>Zum ersten Mal \u00fcbernimmt die Paprec Group, Marktf\u00fchrer f\u00fcr Recycling in Frankreich und europaweit ein bedeutender Akteur in der Abfallverwertung und emissionsarmen Energieerzeugung, zwei Betriebe, die ausschliesslich auf Metallrecycling spezialisiert sind. Anfang kommenden Jahres wird Paprec Frankreich das auf Kabel- und Metallrecycling spezialisierte Unternehmen Alsarec mit Sitz bei Mulhouse akquirieren. Parallel dazu \u00fcbernimmt die Paprec Swiss Group den renommierten Schweizer Metallhandels- und Recyclingbetrieb Multimetall.<\/p>\n<h3><strong>Spezialist f\u00fcr Kabelrecycling<\/strong><\/h3>\n<p>Das 1992 gegr\u00fcndete Unternehmen Alsarec ist auf das Recycling von Kabeln spezialisiert. \u00abMit dieser \u00dcbernahme steigen wir in der Wertsch\u00f6pfungskette des Metallrecyclings weiter auf. Damit st\u00e4rken wir unsere Position als zuverl\u00e4ssiger Partner f\u00fcr Industrieunternehmen auf der Suche nach kompetenten Dienstleistern\u00bb, erkl\u00e4rt David Dias, CEO f\u00fcr Spezialisierte Aktivit\u00e4ten bei Paprec. Das in Rosenau im D\u00e9partement Haut-Rhin ans\u00e4ssige Unternehmen verarbeitet j\u00e4hrlich \u00fcber 11\u2018000 Tonnen Metall.<\/p>\n<p>Mit mittlerweile rund 30 spezialisierten Standorten in Frankreich und einem Jahresumsatz von 500 Millionen Euro ist die Eisen- und Metallsparte von Paprec zu einem bedeutenden Akteur der Branche aufgestiegen. Eine Million Tonnen verarbeitet sie pro Jahr. \u201eUnsere Entwicklung folgt einer klaren Strategie: Wir investieren in leistungsstarke Anlagen, bauen unsere regionale Pr\u00e4senz kontinuierlich aus und bieten unseren Kunden \u2013 Industrieunternehmen, Kommunen und Handwerksbetrieben \u2013 hochwertige, massgeschneiderte Dienstleistungen\u00bb, so David Dias weiter.<\/p>\n<h3><strong>Paprec Swiss Group setzt weiterhin auf Diversifikation<\/strong><\/h3>\n<p>Die Paprec Swiss Group (PSG), Marktf\u00fchrer im Schweizer Recyclingmarkt, erweitert mit der \u00dcbernahme von Multimetall mit Sitz in Muttenz (Kanton Baselland) ihr Leistungsspektrum. Das Unternehmen verarbeitet j\u00e4hrlich 11\u2018000 Tonnen metallhaltiger sekund\u00e4r Rohstoffe. \u00abDurch die Expertise von Multimetall im Metallhandel und -recycling st\u00e4rken wir unsere nationale Pr\u00e4senz und unser Service-Portfolio\u00bb, ist Christophe Gence, CEO Paprec Swiss Group, \u00fcberzeugt.<\/p>\n<p>\u00abMetallrecycling ist sowohl \u00f6konomisch als auch \u00f6kologisch von grosser Bedeutung. Es reduziert CO\u2082-Emissionen und verringert den Bedarf an prim\u00e4rem Rohstoffabbau. Mit dieser ersten Akquisition zweier auf Metallrecycling spezialisierter Unternehmen gehen wir einen wesentlichen Schritt in Richtung \u00f6kologischer Transformation und Dekarbonisierung der Wirtschaft. Gleichzeitig er\u00f6ffnen sich neue Marktchancen in Frankreich, der Schweiz und Deutschland\u00bb, erg\u00e4nzt Mathieu Petithuguenin, VRP und CEO von Paprec.<\/p>\n<p>Ein Beispiel: Der Einsatz von recyceltem Kupfer spart bis zu 85 % Energie im Vergleich zur Prim\u00e4rgewinnung (Quelle: International Copper Association, ICA). Kupfer ist dank seiner hervorragenden Leitf\u00e4higkeit ein Schl\u00fcsselmaterial der Energiewende. Die Nachfrage steigt stetig. F\u00fcr die Dekarbonisierung der Wirtschaft ist es unerl\u00e4sslich, Millionen Kilometer Kabel zu recyceln \u2013 ohne sie w\u00e4ren moderne Kommunikationsmittel wie Telefon und Internet nicht denkbar.<\/p>\n<p><em>Quelle: <a href=\"https:\/\/www.paprec.ch\/\">Paprec Schweiz<\/a><\/em><\/p>\n","protected":false},"excerpt":{"rendered":"<p>Nach vier Jahren kontinuierlichen Wachstums im Bereich Schrott und Metalle mit acht \u00dcbernahmen in Frankreich und der Schweiz vollzieht Paprec nun einen weiteren Schritt und \u00fcbernimmt zwei Unternehmen im Grossraum Basel.<\/p>\n","protected":false},"author":4,"featured_media":42729,"comment_status":"closed","ping_status":"closed","sticky":false,"template":"","format":"standard","meta":{"_acf_changed":false,"_yoast_wpseo_focuskw":"Paprec Group","_yoast_wpseo_metadesc":"","articlekey":"","footnotes":""},"categories":[580],"tags":[594,358,1987,492],"class_list":["post-42728","post","type-post","status-publish","format-standard","has-post-thumbnail","hentry","category-sustainability","tag-kreislaufwirtschaft","tag-nachhaltige-wirtschaft","tag-recycling","tag-unternehmen"],"acf":[],"yoast_head":"<!-- This site is optimized with the Yoast SEO plugin v27.4 - https:\/\/yoast.com\/product\/yoast-seo-wordpress\/ -->\n<title>Recycling-Spezialist Paprec Group t\u00e4tigt weitere \u00dcbernahmen - Organisator<\/title>\n<meta name=\"robots\" content=\"index, follow, max-snippet:-1, max-image-preview:large, max-video-preview:-1\" \/>\n<link rel=\"canonical\" href=\"https:\/\/www.organisator.ch\/de\/sustainability\/2025-12-12\/recycling-spezialist-paprec-group-taetigt-weitere-uebernahmen\/\" \/>\n<meta property=\"og:locale\" content=\"de_DE\" \/>\n<meta property=\"og:type\" content=\"article\" \/>\n<meta property=\"og:title\" content=\"Recycling-Spezialist Paprec Group t\u00e4tigt weitere \u00dcbernahmen - Organisator\" \/>\n<meta property=\"og:description\" content=\"Nach vier Jahren kontinuierlichen Wachstums im Bereich Schrott und Metalle mit acht \u00dcbernahmen in Frankreich und der Schweiz vollzieht Paprec nun einen weiteren Schritt und \u00fcbernimmt zwei Unternehmen im Grossraum Basel.\" \/>\n<meta property=\"og:url\" content=\"https:\/\/www.organisator.ch\/de\/sustainability\/2025-12-12\/recycling-spezialist-paprec-group-taetigt-weitere-uebernahmen\/\" \/>\n<meta property=\"og:site_name\" content=\"Organisator\" \/>\n<meta property=\"article:publisher\" content=\"https:\/\/www.facebook.com\/OrganisatorFachmagazin\" \/>\n<meta property=\"article:published_time\" content=\"2025-12-12T06:48:19+00:00\" \/>\n<meta property=\"og:image\" content=\"https:\/\/www.organisator.ch\/wp-content\/uploads\/2025\/12\/Recycling-Spezialist-Paprec-Group-taetigt-weitere-Uebernahmen_Organisator.jpg\" \/>\n\t<meta property=\"og:image:width\" content=\"680\" \/>\n\t<meta property=\"og:image:height\" content=\"453\" \/>\n\t<meta property=\"og:image:type\" content=\"image\/jpeg\" \/>\n<meta name=\"author\" content=\"thomas.berner\" \/>\n<meta name=\"twitter:card\" content=\"summary_large_image\" \/>\n<script type=\"application\/ld+json\" class=\"yoast-schema-graph\">{\"@context\":\"https:\\\/\\\/schema.org\",\"@graph\":[{\"@type\":\"Article\",\"@id\":\"https:\\\/\\\/www.organisator.ch\\\/sustainability\\\/2025-12-12\\\/recycling-spezialist-paprec-group-taetigt-weitere-uebernahmen\\\/#article\",\"isPartOf\":{\"@id\":\"https:\\\/\\\/www.organisator.ch\\\/sustainability\\\/2025-12-12\\\/recycling-spezialist-paprec-group-taetigt-weitere-uebernahmen\\\/\"},\"author\":{\"name\":\"thomas.berner\",\"@id\":\"https:\\\/\\\/www.organisator.ch\\\/#\\\/schema\\\/person\\\/6f650f90b2842cd4c0cc334b4e36f67e\"},\"headline\":\"Recycling-Spezialist Paprec Group t\u00e4tigt weitere \u00dcbernahmen\",\"datePublished\":\"2025-12-12T06:48:19+00:00\",\"mainEntityOfPage\":{\"@id\":\"https:\\\/\\\/www.organisator.ch\\\/sustainability\\\/2025-12-12\\\/recycling-spezialist-paprec-group-taetigt-weitere-uebernahmen\\\/\"},\"wordCount\":437,\"publisher\":{\"@id\":\"https:\\\/\\\/www.organisator.ch\\\/#organization\"},\"image\":{\"@id\":\"https:\\\/\\\/www.organisator.ch\\\/sustainability\\\/2025-12-12\\\/recycling-spezialist-paprec-group-taetigt-weitere-uebernahmen\\\/#primaryimage\"},\"thumbnailUrl\":\"https:\\\/\\\/www.organisator.ch\\\/wp-content\\\/uploads\\\/2025\\\/12\\\/Recycling-Spezialist-Paprec-Group-taetigt-weitere-Uebernahmen_Organisator.jpg\",\"keywords\":[\"Kreislaufwirtschaft\",\"Nachhaltige Wirtschaft\",\"Recycling\",\"Unternehmen\"],\"articleSection\":[\"SUSTAINABILITY\"],\"inLanguage\":\"de\"},{\"@type\":\"WebPage\",\"@id\":\"https:\\\/\\\/www.organisator.ch\\\/sustainability\\\/2025-12-12\\\/recycling-spezialist-paprec-group-taetigt-weitere-uebernahmen\\\/\",\"url\":\"https:\\\/\\\/www.organisator.ch\\\/sustainability\\\/2025-12-12\\\/recycling-spezialist-paprec-group-taetigt-weitere-uebernahmen\\\/\",\"name\":\"Recycling-Spezialist Paprec Group t\u00e4tigt weitere \u00dcbernahmen - Organisator\",\"isPartOf\":{\"@id\":\"https:\\\/\\\/www.organisator.ch\\\/#website\"},\"primaryImageOfPage\":{\"@id\":\"https:\\\/\\\/www.organisator.ch\\\/sustainability\\\/2025-12-12\\\/recycling-spezialist-paprec-group-taetigt-weitere-uebernahmen\\\/#primaryimage\"},\"image\":{\"@id\":\"https:\\\/\\\/www.organisator.ch\\\/sustainability\\\/2025-12-12\\\/recycling-spezialist-paprec-group-taetigt-weitere-uebernahmen\\\/#primaryimage\"},\"thumbnailUrl\":\"https:\\\/\\\/www.organisator.ch\\\/wp-content\\\/uploads\\\/2025\\\/12\\\/Recycling-Spezialist-Paprec-Group-taetigt-weitere-Uebernahmen_Organisator.jpg\",\"datePublished\":\"2025-12-12T06:48:19+00:00\",\"breadcrumb\":{\"@id\":\"https:\\\/\\\/www.organisator.ch\\\/sustainability\\\/2025-12-12\\\/recycling-spezialist-paprec-group-taetigt-weitere-uebernahmen\\\/#breadcrumb\"},\"inLanguage\":\"de\",\"potentialAction\":[{\"@type\":\"ReadAction\",\"target\":[\"https:\\\/\\\/www.organisator.ch\\\/sustainability\\\/2025-12-12\\\/recycling-spezialist-paprec-group-taetigt-weitere-uebernahmen\\\/\"]}]},{\"@type\":\"ImageObject\",\"inLanguage\":\"de\",\"@id\":\"https:\\\/\\\/www.organisator.ch\\\/sustainability\\\/2025-12-12\\\/recycling-spezialist-paprec-group-taetigt-weitere-uebernahmen\\\/#primaryimage\",\"url\":\"https:\\\/\\\/www.organisator.ch\\\/wp-content\\\/uploads\\\/2025\\\/12\\\/Recycling-Spezialist-Paprec-Group-taetigt-weitere-Uebernahmen_Organisator.jpg\",\"contentUrl\":\"https:\\\/\\\/www.organisator.ch\\\/wp-content\\\/uploads\\\/2025\\\/12\\\/Recycling-Spezialist-Paprec-Group-taetigt-weitere-Uebernahmen_Organisator.jpg\",\"width\":680,\"height\":453,\"caption\":\"Mit Recycling von Kupfer l\u00e4sst sich sehr viel Energie sparen. (Bild: zVg \\\/ Paprec)\"},{\"@type\":\"BreadcrumbList\",\"@id\":\"https:\\\/\\\/www.organisator.ch\\\/sustainability\\\/2025-12-12\\\/recycling-spezialist-paprec-group-taetigt-weitere-uebernahmen\\\/#breadcrumb\",\"itemListElement\":[{\"@type\":\"ListItem\",\"position\":1,\"name\":\"Home\",\"item\":\"https:\\\/\\\/www.organisator.ch\\\/\"},{\"@type\":\"ListItem\",\"position\":2,\"name\":\"Recycling-Spezialist Paprec Group t\u00e4tigt weitere \u00dcbernahmen\"}]},{\"@type\":\"WebSite\",\"@id\":\"https:\\\/\\\/www.organisator.ch\\\/#website\",\"url\":\"https:\\\/\\\/www.organisator.ch\\\/\",\"name\":\"Organisator\",\"description\":\"Kompetent. Praxisnah. Der ORGANISATOR bereitet in 10 Ausgaben pro Jahr die wesentlichen Themen f\u00fcr F\u00fchrungskr\u00e4fte von KMU auf.\",\"publisher\":{\"@id\":\"https:\\\/\\\/www.organisator.ch\\\/#organization\"},\"potentialAction\":[{\"@type\":\"SearchAction\",\"target\":{\"@type\":\"EntryPoint\",\"urlTemplate\":\"https:\\\/\\\/www.organisator.ch\\\/?s={search_term_string}\"},\"query-input\":{\"@type\":\"PropertyValueSpecification\",\"valueRequired\":true,\"valueName\":\"search_term_string\"}}],\"inLanguage\":\"de\"},{\"@type\":\"Organization\",\"@id\":\"https:\\\/\\\/www.organisator.ch\\\/#organization\",\"name\":\"Organisator\",\"url\":\"https:\\\/\\\/www.organisator.ch\\\/\",\"logo\":{\"@type\":\"ImageObject\",\"inLanguage\":\"de\",\"@id\":\"https:\\\/\\\/www.organisator.ch\\\/#\\\/schema\\\/logo\\\/image\\\/\",\"url\":\"https:\\\/\\\/www.organisator.ch\\\/wp-content\\\/uploads\\\/2022\\\/01\\\/Logo_Organisator_Website.png\",\"contentUrl\":\"https:\\\/\\\/www.organisator.ch\\\/wp-content\\\/uploads\\\/2022\\\/01\\\/Logo_Organisator_Website.png\",\"width\":800,\"height\":77,\"caption\":\"Organisator\"},\"image\":{\"@id\":\"https:\\\/\\\/www.organisator.ch\\\/#\\\/schema\\\/logo\\\/image\\\/\"},\"sameAs\":[\"https:\\\/\\\/www.facebook.com\\\/OrganisatorFachmagazin\",\"https:\\\/\\\/www.linkedin.com\\\/showcase\\\/organisator-das-magazin-fr-kmu\",\"https:\\\/\\\/www.xing.com\\\/news\\\/pages\\\/organisator-ch-695\",\"https:\\\/\\\/www.youtube.com\\\/channel\\\/UCGP2Sq0iWaZwT3BdIAQFYpw\"]},{\"@type\":\"Person\",\"@id\":\"https:\\\/\\\/www.organisator.ch\\\/#\\\/schema\\\/person\\\/6f650f90b2842cd4c0cc334b4e36f67e\",\"name\":\"thomas.berner\",\"image\":{\"@type\":\"ImageObject\",\"inLanguage\":\"de\",\"@id\":\"https:\\\/\\\/secure.gravatar.com\\\/avatar\\\/ac5001d2a36cb6c6cd3e50789007ffca834b477b74a2144564522e944eabff61?s=96&d=mm&r=g\",\"url\":\"https:\\\/\\\/secure.gravatar.com\\\/avatar\\\/ac5001d2a36cb6c6cd3e50789007ffca834b477b74a2144564522e944eabff61?s=96&d=mm&r=g\",\"contentUrl\":\"https:\\\/\\\/secure.gravatar.com\\\/avatar\\\/ac5001d2a36cb6c6cd3e50789007ffca834b477b74a2144564522e944eabff61?s=96&d=mm&r=g\",\"caption\":\"thomas.berner\"},\"url\":\"https:\\\/\\\/www.organisator.ch\\\/de\\\/author\\\/thomas-berner\\\/\"}]}<\/script>\n<!-- \/ Yoast SEO plugin. -->","yoast_head_json":{"title":"Recycling-Spezialist Paprec Group t\u00e4tigt weitere \u00dcbernahmen - Organisator","robots":{"index":"index","follow":"follow","max-snippet":"max-snippet:-1","max-image-preview":"max-image-preview:large","max-video-preview":"max-video-preview:-1"},"canonical":"https:\/\/www.organisator.ch\/de\/sustainability\/2025-12-12\/recycling-spezialist-paprec-group-taetigt-weitere-uebernahmen\/","og_locale":"de_DE","og_type":"article","og_title":"Recycling-Spezialist Paprec Group t\u00e4tigt weitere \u00dcbernahmen - Organisator","og_description":"Nach vier Jahren kontinuierlichen Wachstums im Bereich Schrott und Metalle mit acht \u00dcbernahmen in Frankreich und der Schweiz vollzieht Paprec nun einen weiteren Schritt und \u00fcbernimmt zwei Unternehmen im Grossraum Basel.","og_url":"https:\/\/www.organisator.ch\/de\/sustainability\/2025-12-12\/recycling-spezialist-paprec-group-taetigt-weitere-uebernahmen\/","og_site_name":"Organisator","article_publisher":"https:\/\/www.facebook.com\/OrganisatorFachmagazin","article_published_time":"2025-12-12T06:48:19+00:00","og_image":[{"width":680,"height":453,"url":"https:\/\/www.organisator.ch\/wp-content\/uploads\/2025\/12\/Recycling-Spezialist-Paprec-Group-taetigt-weitere-Uebernahmen_Organisator.jpg","type":"image\/jpeg"}],"author":"thomas.berner","twitter_card":"summary_large_image","schema":{"@context":"https:\/\/schema.org","@graph":[{"@type":"Article","@id":"https:\/\/www.organisator.ch\/sustainability\/2025-12-12\/recycling-spezialist-paprec-group-taetigt-weitere-uebernahmen\/#article","isPartOf":{"@id":"https:\/\/www.organisator.ch\/sustainability\/2025-12-12\/recycling-spezialist-paprec-group-taetigt-weitere-uebernahmen\/"},"author":{"name":"thomas.berner","@id":"https:\/\/www.organisator.ch\/#\/schema\/person\/6f650f90b2842cd4c0cc334b4e36f67e"},"headline":"Recycling-Spezialist Paprec Group t\u00e4tigt weitere \u00dcbernahmen","datePublished":"2025-12-12T06:48:19+00:00","mainEntityOfPage":{"@id":"https:\/\/www.organisator.ch\/sustainability\/2025-12-12\/recycling-spezialist-paprec-group-taetigt-weitere-uebernahmen\/"},"wordCount":437,"publisher":{"@id":"https:\/\/www.organisator.ch\/#organization"},"image":{"@id":"https:\/\/www.organisator.ch\/sustainability\/2025-12-12\/recycling-spezialist-paprec-group-taetigt-weitere-uebernahmen\/#primaryimage"},"thumbnailUrl":"https:\/\/www.organisator.ch\/wp-content\/uploads\/2025\/12\/Recycling-Spezialist-Paprec-Group-taetigt-weitere-Uebernahmen_Organisator.jpg","keywords":["Kreislaufwirtschaft","Nachhaltige Wirtschaft","Recycling","Unternehmen"],"articleSection":["SUSTAINABILITY"],"inLanguage":"de"},{"@type":"WebPage","@id":"https:\/\/www.organisator.ch\/sustainability\/2025-12-12\/recycling-spezialist-paprec-group-taetigt-weitere-uebernahmen\/","url":"https:\/\/www.organisator.ch\/sustainability\/2025-12-12\/recycling-spezialist-paprec-group-taetigt-weitere-uebernahmen\/","name":"Recycling-Spezialist Paprec Group t\u00e4tigt weitere \u00dcbernahmen - Organisator","isPartOf":{"@id":"https:\/\/www.organisator.ch\/#website"},"primaryImageOfPage":{"@id":"https:\/\/www.organisator.ch\/sustainability\/2025-12-12\/recycling-spezialist-paprec-group-taetigt-weitere-uebernahmen\/#primaryimage"},"image":{"@id":"https:\/\/www.organisator.ch\/sustainability\/2025-12-12\/recycling-spezialist-paprec-group-taetigt-weitere-uebernahmen\/#primaryimage"},"thumbnailUrl":"https:\/\/www.organisator.ch\/wp-content\/uploads\/2025\/12\/Recycling-Spezialist-Paprec-Group-taetigt-weitere-Uebernahmen_Organisator.jpg","datePublished":"2025-12-12T06:48:19+00:00","breadcrumb":{"@id":"https:\/\/www.organisator.ch\/sustainability\/2025-12-12\/recycling-spezialist-paprec-group-taetigt-weitere-uebernahmen\/#breadcrumb"},"inLanguage":"de","potentialAction":[{"@type":"ReadAction","target":["https:\/\/www.organisator.ch\/sustainability\/2025-12-12\/recycling-spezialist-paprec-group-taetigt-weitere-uebernahmen\/"]}]},{"@type":"ImageObject","inLanguage":"de","@id":"https:\/\/www.organisator.ch\/sustainability\/2025-12-12\/recycling-spezialist-paprec-group-taetigt-weitere-uebernahmen\/#primaryimage","url":"https:\/\/www.organisator.ch\/wp-content\/uploads\/2025\/12\/Recycling-Spezialist-Paprec-Group-taetigt-weitere-Uebernahmen_Organisator.jpg","contentUrl":"https:\/\/www.organisator.ch\/wp-content\/uploads\/2025\/12\/Recycling-Spezialist-Paprec-Group-taetigt-weitere-Uebernahmen_Organisator.jpg","width":680,"height":453,"caption":"Mit Recycling von Kupfer l\u00e4sst sich sehr viel Energie sparen. (Bild: zVg \/ Paprec)"},{"@type":"BreadcrumbList","@id":"https:\/\/www.organisator.ch\/sustainability\/2025-12-12\/recycling-spezialist-paprec-group-taetigt-weitere-uebernahmen\/#breadcrumb","itemListElement":[{"@type":"ListItem","position":1,"name":"Home","item":"https:\/\/www.organisator.ch\/"},{"@type":"ListItem","position":2,"name":"Recycling-Spezialist Paprec Group t\u00e4tigt weitere \u00dcbernahmen"}]},{"@type":"WebSite","@id":"https:\/\/www.organisator.ch\/#website","url":"https:\/\/www.organisator.ch\/","name":"Organisator","description":"Kompetent. Praxisnah. Der ORGANISATOR bereitet in 10 Ausgaben pro Jahr die wesentlichen Themen f\u00fcr F\u00fchrungskr\u00e4fte von KMU auf.","publisher":{"@id":"https:\/\/www.organisator.ch\/#organization"},"potentialAction":[{"@type":"SearchAction","target":{"@type":"EntryPoint","urlTemplate":"https:\/\/www.organisator.ch\/?s={search_term_string}"},"query-input":{"@type":"PropertyValueSpecification","valueRequired":true,"valueName":"search_term_string"}}],"inLanguage":"de"},{"@type":"Organization","@id":"https:\/\/www.organisator.ch\/#organization","name":"Organisator","url":"https:\/\/www.organisator.ch\/","logo":{"@type":"ImageObject","inLanguage":"de","@id":"https:\/\/www.organisator.ch\/#\/schema\/logo\/image\/","url":"https:\/\/www.organisator.ch\/wp-content\/uploads\/2022\/01\/Logo_Organisator_Website.png","contentUrl":"https:\/\/www.organisator.ch\/wp-content\/uploads\/2022\/01\/Logo_Organisator_Website.png","width":800,"height":77,"caption":"Organisator"},"image":{"@id":"https:\/\/www.organisator.ch\/#\/schema\/logo\/image\/"},"sameAs":["https:\/\/www.facebook.com\/OrganisatorFachmagazin","https:\/\/www.linkedin.com\/showcase\/organisator-das-magazin-fr-kmu","https:\/\/www.xing.com\/news\/pages\/organisator-ch-695","https:\/\/www.youtube.com\/channel\/UCGP2Sq0iWaZwT3BdIAQFYpw"]},{"@type":"Person","@id":"https:\/\/www.organisator.ch\/#\/schema\/person\/6f650f90b2842cd4c0cc334b4e36f67e","name":"thomas.berner","image":{"@type":"ImageObject","inLanguage":"de","@id":"https:\/\/secure.gravatar.com\/avatar\/ac5001d2a36cb6c6cd3e50789007ffca834b477b74a2144564522e944eabff61?s=96&d=mm&r=g","url":"https:\/\/secure.gravatar.com\/avatar\/ac5001d2a36cb6c6cd3e50789007ffca834b477b74a2144564522e944eabff61?s=96&d=mm&r=g","contentUrl":"https:\/\/secure.gravatar.com\/avatar\/ac5001d2a36cb6c6cd3e50789007ffca834b477b74a2144564522e944eabff61?s=96&d=mm&r=g","caption":"thomas.berner"},"url":"https:\/\/www.organisator.ch\/de\/author\/thomas-berner\/"}]}},"_links":{"self":[{"href":"https:\/\/www.organisator.ch\/de\/wp-json\/wp\/v2\/posts\/42728","targetHints":{"allow":["GET"]}}],"collection":[{"href":"https:\/\/www.organisator.ch\/de\/wp-json\/wp\/v2\/posts"}],"about":[{"href":"https:\/\/www.organisator.ch\/de\/wp-json\/wp\/v2\/types\/post"}],"author":[{"embeddable":true,"href":"https:\/\/www.organisator.ch\/de\/wp-json\/wp\/v2\/users\/4"}],"replies":[{"embeddable":true,"href":"https:\/\/www.organisator.ch\/de\/wp-json\/wp\/v2\/comments?post=42728"}],"version-history":[{"count":5,"href":"https:\/\/www.organisator.ch\/de\/wp-json\/wp\/v2\/posts\/42728\/revisions"}],"predecessor-version":[{"id":42783,"href":"https:\/\/www.organisator.ch\/de\/wp-json\/wp\/v2\/posts\/42728\/revisions\/42783"}],"wp:featuredmedia":[{"embeddable":true,"href":"https:\/\/www.organisator.ch\/de\/wp-json\/wp\/v2\/media\/42729"}],"wp:attachment":[{"href":"https:\/\/www.organisator.ch\/de\/wp-json\/wp\/v2\/media?parent=42728"}],"wp:term":[{"taxonomy":"category","embeddable":true,"href":"https:\/\/www.organisator.ch\/de\/wp-json\/wp\/v2\/categories?post=42728"},{"taxonomy":"post_tag","embeddable":true,"href":"https:\/\/www.organisator.ch\/de\/wp-json\/wp\/v2\/tags?post=42728"}],"curies":[{"name":"wp","href":"https:\/\/api.w.org\/{rel}","templated":true}]}}