{"id":42770,"date":"2025-12-15T08:28:52","date_gmt":"2025-12-15T07:28:52","guid":{"rendered":"https:\/\/www.m-q.ch\/?p=22276"},"modified":"2025-12-15T15:53:25","modified_gmt":"2025-12-15T14:53:25","slug":"brandschutzplanung-trifft-engineering-tagung-am-10-maerz-2026","status":"publish","type":"post","link":"https:\/\/www.organisator.ch\/de\/operational-excellence\/2025-12-15\/brandschutzplanung-trifft-engineering-tagung-am-10-maerz-2026\/","title":{"rendered":"Brandschutzplanung trifft Engineering: Tagung am 10. M\u00e4rz 2026"},"content":{"rendered":"<figure id=\"attachment_22277\" class=\"wp-caption alignnone\" style=\"width: 680px;\" aria-describedby=\"caption-attachment-22277\"><img class=\"size-full wp-image-22277\" src=\"https:\/\/www.m-q.ch\/wp-content\/uploads\/2025\/12\/Brandschutzplanung-trifft-Engineering-Tagung-am-10.-Maerz-2026_MQ.jpg\" sizes=\"(max-width: 680px) 100vw, 680px\" srcset=\"https:\/\/www.m-q.ch\/wp-content\/uploads\/2025\/12\/Brandschutzplanung-trifft-Engineering-Tagung-am-10.-Maerz-2026_MQ.jpg 680w, https:\/\/www.m-q.ch\/wp-content\/uploads\/2025\/12\/Brandschutzplanung-trifft-Engineering-Tagung-am-10.-Maerz-2026_MQ-18x10.jpg 18w, https:\/\/www.m-q.ch\/wp-content\/uploads\/2025\/12\/Brandschutzplanung-trifft-Engineering-Tagung-am-10.-Maerz-2026_MQ-375x211.jpg 375w, https:\/\/www.m-q.ch\/wp-content\/uploads\/2025\/12\/Brandschutzplanung-trifft-Engineering-Tagung-am-10.-Maerz-2026_MQ-621x350.jpg 621w\" alt=\"\" width=\"680\" height=\"383\" \/>\r\n<figcaption id=\"caption-attachment-22277\" class=\"wp-caption-text\">Diverse Referierende sprechen am 10. M\u00e4rz 2026 \u00fcber Ver\u00e4nderungen bei den Brandschutzvorschriften. (Bild: zVg \/ SAVE)<\/figcaption>\r\n<\/figure>\r\n<p>Im Fokus stehen aktuelle Fragen wie: Wie helfen risikobasierte Wirtschaftlichkeitsbewertungen, Overfitting im Brandschutz zu vermeiden? Welche Erwartungen hat die Intervention an Planung und Engineering f\u00fcr einen wirksameren Einsatz? Wie nutzt die Brandschutzbeh\u00f6rde den leistungsbasierten Ansatz, etwa im Rauch- und W\u00e4rmemanagement?<\/p>\r\n<p>Einen weiteren Schwerpunkt bilden Naturbrandsimulationen, die neue M\u00f6glichkeiten in der Bemessung von Tragwerken aufzeigen \u2013 etwa f\u00fcr Hochh\u00e4user mit ungesch\u00fctztem Stahl- oder Verbundbau. Zudem werden die wichtigsten Neuerungen der BSV 2026 vorgestellt: R\u00fcckmeldungen aus der Vernehmlassung, Inhalte des neuen Model Code sowie organisatorische Ans\u00e4tze der Beh\u00f6rden f\u00fcr anspruchsvolle Nachweise. Anhand konkreter Beispiele wird aufgezeigt, wie der Model Code in der Praxis angewendet wird.<\/p>\r\n<p>Auch die Unterscheidung zwischen Entfluchtung und Evakuierung sowie der Einsatz von k\u00fcnstlicher Intelligenz im Umgang mit Vorschriften und Nachweisen bilden zentrale Themen. KI macht komplexe Regelwerke verst\u00e4ndlicher und er\u00f6ffnet neue Chancen f\u00fcr die Fachwelt.<\/p>\r\n<p>Die Tagung liefert kompakte Impulse, fundierte Einblicke und klare Perspektiven f\u00fcr die Zukunft des Brandschutzes.<\/p>\r\n<p><a href=\"https:\/\/save.ch\/event\/brandschutzplanung-trifft-engineering-2026\/\"><em>Weitere Informationen<\/em><\/a><\/p>\n<p class=\"syndicated-attribution\">Dieser Beitrag erschien urspr\u00fcnglich auf m-q.ch - <a href=\"https:\/\/www.m-q.ch\/de\/brandschutzplanung-trifft-engineering-tagung-am-10-maerz-2026\/\" target=\"_blank\">https:\/\/www.m-q.ch\/de\/brandschutzplanung-trifft-engineering-tagung-am-10-maerz-2026\/<\/a><\/p>","protected":false},"excerpt":{"rendered":"<p>Mit den kommenden Brandschutzvorschriften (BSV 2026) stehen wichtige Ver\u00e4nderungen bevor. Neue rechtliche Grundlagen, technische Entwicklungen und zunehmender Kostendruck verlangen nach smarten L\u00f6sungen im Spannungsfeld von Sicherheit, Nutzung und Innovation. Die Tagung \u00abBrandschutzplanung trifft Engineering\u00bb vom 10. M\u00e4rz 2026 gibt dazu einen kompakten \u00dcberblick und zeigt praxisnah auf, wohin sich der Brandschutz bewegt.<\/p>\n","protected":false},"author":8,"featured_media":0,"comment_status":"closed","ping_status":"closed","sticky":false,"template":"","format":"standard","meta":{"_acf_changed":false,"_yoast_wpseo_focuskw":"Brandschutzplanung","_yoast_wpseo_metadesc":"Mit den kommenden Brandschutzvorschriften (BSV 2026) stehen wichtige Ver\u00e4nderungen bevor, auch bei der Brandschutzplanung.","articlekey":"","footnotes":""},"categories":[582],"tags":[871,193,418],"class_list":["post-42770","post","type-post","status-publish","format-standard","hentry","category-operational-excellence","tag-brandschutz","tag-fachkongressfachmesse","tag-risikomanagement"],"acf":[],"yoast_head":"<!-- This site is optimized with the Yoast SEO plugin v27.5 - https:\/\/yoast.com\/product\/yoast-seo-wordpress\/ -->\n<title>Brandschutzplanung trifft Engineering: Tagung am 10. M\u00e4rz 2026 - Organisator<\/title>\n<meta name=\"description\" content=\"Mit den kommenden Brandschutzvorschriften (BSV 2026) stehen wichtige Ver\u00e4nderungen bevor, auch bei der Brandschutzplanung.\" \/>\n<meta name=\"robots\" content=\"index, follow, max-snippet:-1, max-image-preview:large, max-video-preview:-1\" \/>\n<link rel=\"canonical\" href=\"https:\/\/www.organisator.ch\/de\/operational-excellence\/2025-12-15\/brandschutzplanung-trifft-engineering-tagung-am-10-maerz-2026\/\" \/>\n<meta property=\"og:locale\" content=\"de_DE\" \/>\n<meta property=\"og:type\" content=\"article\" \/>\n<meta property=\"og:title\" content=\"Brandschutzplanung trifft Engineering: Tagung am 10. M\u00e4rz 2026 - Organisator\" \/>\n<meta property=\"og:description\" content=\"Mit den kommenden Brandschutzvorschriften (BSV 2026) stehen wichtige Ver\u00e4nderungen bevor, auch bei der Brandschutzplanung.\" \/>\n<meta property=\"og:url\" content=\"https:\/\/www.organisator.ch\/de\/operational-excellence\/2025-12-15\/brandschutzplanung-trifft-engineering-tagung-am-10-maerz-2026\/\" \/>\n<meta property=\"og:site_name\" content=\"Organisator\" \/>\n<meta property=\"article:publisher\" content=\"https:\/\/www.facebook.com\/OrganisatorFachmagazin\" \/>\n<meta property=\"article:published_time\" content=\"2025-12-15T07:28:52+00:00\" \/>\n<meta property=\"article:modified_time\" content=\"2025-12-15T14:53:25+00:00\" \/>\n<meta name=\"author\" content=\"galledia\" \/>\n<meta name=\"twitter:card\" content=\"summary_large_image\" \/>\n<meta name=\"twitter:creator\" content=\"@admin\" \/>\n<script type=\"application\/ld+json\" class=\"yoast-schema-graph\">{\"@context\":\"https:\\\/\\\/schema.org\",\"@graph\":[{\"@type\":\"Article\",\"@id\":\"https:\\\/\\\/www.organisator.ch\\\/operational-excellence\\\/2025-12-15\\\/brandschutzplanung-trifft-engineering-tagung-am-10-maerz-2026\\\/#article\",\"isPartOf\":{\"@id\":\"https:\\\/\\\/www.organisator.ch\\\/operational-excellence\\\/2025-12-15\\\/brandschutzplanung-trifft-engineering-tagung-am-10-maerz-2026\\\/\"},\"author\":{\"name\":\"galledia\",\"@id\":\"https:\\\/\\\/www.organisator.ch\\\/#\\\/schema\\\/person\\\/4e51799071cd2dd1232ac003643ef5f0\"},\"headline\":\"Brandschutzplanung trifft Engineering: Tagung am 10. M\u00e4rz 2026\",\"datePublished\":\"2025-12-15T07:28:52+00:00\",\"dateModified\":\"2025-12-15T14:53:25+00:00\",\"mainEntityOfPage\":{\"@id\":\"https:\\\/\\\/www.organisator.ch\\\/operational-excellence\\\/2025-12-15\\\/brandschutzplanung-trifft-engineering-tagung-am-10-maerz-2026\\\/\"},\"wordCount\":190,\"publisher\":{\"@id\":\"https:\\\/\\\/www.organisator.ch\\\/#organization\"},\"image\":{\"@id\":\"https:\\\/\\\/www.organisator.ch\\\/operational-excellence\\\/2025-12-15\\\/brandschutzplanung-trifft-engineering-tagung-am-10-maerz-2026\\\/#primaryimage\"},\"thumbnailUrl\":\"https:\\\/\\\/www.m-q.ch\\\/wp-content\\\/uploads\\\/2025\\\/12\\\/Brandschutzplanung-trifft-Engineering-Tagung-am-10.-Maerz-2026_MQ.jpg\",\"keywords\":[\"Brandschutz\",\"Fachkongress\\\/Fachmesse\",\"Risikomanagement\"],\"articleSection\":[\"OPERATIONAL EXCELLENCE\"],\"inLanguage\":\"de\"},{\"@type\":\"WebPage\",\"@id\":\"https:\\\/\\\/www.organisator.ch\\\/operational-excellence\\\/2025-12-15\\\/brandschutzplanung-trifft-engineering-tagung-am-10-maerz-2026\\\/\",\"url\":\"https:\\\/\\\/www.organisator.ch\\\/operational-excellence\\\/2025-12-15\\\/brandschutzplanung-trifft-engineering-tagung-am-10-maerz-2026\\\/\",\"name\":\"Brandschutzplanung trifft Engineering: Tagung am 10. M\u00e4rz 2026 - Organisator\",\"isPartOf\":{\"@id\":\"https:\\\/\\\/www.organisator.ch\\\/#website\"},\"primaryImageOfPage\":{\"@id\":\"https:\\\/\\\/www.organisator.ch\\\/operational-excellence\\\/2025-12-15\\\/brandschutzplanung-trifft-engineering-tagung-am-10-maerz-2026\\\/#primaryimage\"},\"image\":{\"@id\":\"https:\\\/\\\/www.organisator.ch\\\/operational-excellence\\\/2025-12-15\\\/brandschutzplanung-trifft-engineering-tagung-am-10-maerz-2026\\\/#primaryimage\"},\"thumbnailUrl\":\"https:\\\/\\\/www.m-q.ch\\\/wp-content\\\/uploads\\\/2025\\\/12\\\/Brandschutzplanung-trifft-Engineering-Tagung-am-10.-Maerz-2026_MQ.jpg\",\"datePublished\":\"2025-12-15T07:28:52+00:00\",\"dateModified\":\"2025-12-15T14:53:25+00:00\",\"description\":\"Mit den kommenden Brandschutzvorschriften (BSV 2026) stehen wichtige Ver\u00e4nderungen bevor, auch bei der Brandschutzplanung.\",\"breadcrumb\":{\"@id\":\"https:\\\/\\\/www.organisator.ch\\\/operational-excellence\\\/2025-12-15\\\/brandschutzplanung-trifft-engineering-tagung-am-10-maerz-2026\\\/#breadcrumb\"},\"inLanguage\":\"de\",\"potentialAction\":[{\"@type\":\"ReadAction\",\"target\":[\"https:\\\/\\\/www.organisator.ch\\\/operational-excellence\\\/2025-12-15\\\/brandschutzplanung-trifft-engineering-tagung-am-10-maerz-2026\\\/\"]}]},{\"@type\":\"ImageObject\",\"inLanguage\":\"de\",\"@id\":\"https:\\\/\\\/www.organisator.ch\\\/operational-excellence\\\/2025-12-15\\\/brandschutzplanung-trifft-engineering-tagung-am-10-maerz-2026\\\/#primaryimage\",\"url\":\"https:\\\/\\\/www.m-q.ch\\\/wp-content\\\/uploads\\\/2025\\\/12\\\/Brandschutzplanung-trifft-Engineering-Tagung-am-10.-Maerz-2026_MQ.jpg\",\"contentUrl\":\"https:\\\/\\\/www.m-q.ch\\\/wp-content\\\/uploads\\\/2025\\\/12\\\/Brandschutzplanung-trifft-Engineering-Tagung-am-10.-Maerz-2026_MQ.jpg\"},{\"@type\":\"BreadcrumbList\",\"@id\":\"https:\\\/\\\/www.organisator.ch\\\/operational-excellence\\\/2025-12-15\\\/brandschutzplanung-trifft-engineering-tagung-am-10-maerz-2026\\\/#breadcrumb\",\"itemListElement\":[{\"@type\":\"ListItem\",\"position\":1,\"name\":\"Home\",\"item\":\"https:\\\/\\\/www.organisator.ch\\\/\"},{\"@type\":\"ListItem\",\"position\":2,\"name\":\"Brandschutzplanung trifft Engineering: Tagung am 10. M\u00e4rz 2026\"}]},{\"@type\":\"WebSite\",\"@id\":\"https:\\\/\\\/www.organisator.ch\\\/#website\",\"url\":\"https:\\\/\\\/www.organisator.ch\\\/\",\"name\":\"Organisator\",\"description\":\"Kompetent. Praxisnah. Der ORGANISATOR bereitet in 10 Ausgaben pro Jahr die wesentlichen Themen f\u00fcr F\u00fchrungskr\u00e4fte von KMU auf.\",\"publisher\":{\"@id\":\"https:\\\/\\\/www.organisator.ch\\\/#organization\"},\"potentialAction\":[{\"@type\":\"SearchAction\",\"target\":{\"@type\":\"EntryPoint\",\"urlTemplate\":\"https:\\\/\\\/www.organisator.ch\\\/?s={search_term_string}\"},\"query-input\":{\"@type\":\"PropertyValueSpecification\",\"valueRequired\":true,\"valueName\":\"search_term_string\"}}],\"inLanguage\":\"de\"},{\"@type\":\"Organization\",\"@id\":\"https:\\\/\\\/www.organisator.ch\\\/#organization\",\"name\":\"Organisator\",\"url\":\"https:\\\/\\\/www.organisator.ch\\\/\",\"logo\":{\"@type\":\"ImageObject\",\"inLanguage\":\"de\",\"@id\":\"https:\\\/\\\/www.organisator.ch\\\/#\\\/schema\\\/logo\\\/image\\\/\",\"url\":\"https:\\\/\\\/www.organisator.ch\\\/wp-content\\\/uploads\\\/2022\\\/01\\\/Logo_Organisator_Website.png\",\"contentUrl\":\"https:\\\/\\\/www.organisator.ch\\\/wp-content\\\/uploads\\\/2022\\\/01\\\/Logo_Organisator_Website.png\",\"width\":800,\"height\":77,\"caption\":\"Organisator\"},\"image\":{\"@id\":\"https:\\\/\\\/www.organisator.ch\\\/#\\\/schema\\\/logo\\\/image\\\/\"},\"sameAs\":[\"https:\\\/\\\/www.facebook.com\\\/OrganisatorFachmagazin\",\"https:\\\/\\\/www.linkedin.com\\\/showcase\\\/organisator-das-magazin-fr-kmu\",\"https:\\\/\\\/www.xing.com\\\/news\\\/pages\\\/organisator-ch-695\",\"https:\\\/\\\/www.youtube.com\\\/channel\\\/UCGP2Sq0iWaZwT3BdIAQFYpw\"]},{\"@type\":\"Person\",\"@id\":\"https:\\\/\\\/www.organisator.ch\\\/#\\\/schema\\\/person\\\/4e51799071cd2dd1232ac003643ef5f0\",\"name\":\"galledia\",\"image\":{\"@type\":\"ImageObject\",\"inLanguage\":\"de\",\"@id\":\"https:\\\/\\\/secure.gravatar.com\\\/avatar\\\/78a7f90c01fc2bfc875782a0d4922b37cde2cf184ce347b91316d23cd7f69a36?s=96&d=mm&r=g\",\"url\":\"https:\\\/\\\/secure.gravatar.com\\\/avatar\\\/78a7f90c01fc2bfc875782a0d4922b37cde2cf184ce347b91316d23cd7f69a36?s=96&d=mm&r=g\",\"contentUrl\":\"https:\\\/\\\/secure.gravatar.com\\\/avatar\\\/78a7f90c01fc2bfc875782a0d4922b37cde2cf184ce347b91316d23cd7f69a36?s=96&d=mm&r=g\",\"caption\":\"galledia\"},\"sameAs\":[\"https:\\\/\\\/x.com\\\/admin\"],\"url\":\"https:\\\/\\\/www.organisator.ch\\\/de\\\/author\\\/galledia\\\/\"}]}<\/script>\n<!-- \/ Yoast SEO plugin. -->","yoast_head_json":{"title":"Brandschutzplanung trifft Engineering: Tagung am 10. M\u00e4rz 2026 - Organisator","description":"Mit den kommenden Brandschutzvorschriften (BSV 2026) stehen wichtige Ver\u00e4nderungen bevor, auch bei der Brandschutzplanung.","robots":{"index":"index","follow":"follow","max-snippet":"max-snippet:-1","max-image-preview":"max-image-preview:large","max-video-preview":"max-video-preview:-1"},"canonical":"https:\/\/www.organisator.ch\/de\/operational-excellence\/2025-12-15\/brandschutzplanung-trifft-engineering-tagung-am-10-maerz-2026\/","og_locale":"de_DE","og_type":"article","og_title":"Brandschutzplanung trifft Engineering: Tagung am 10. M\u00e4rz 2026 - Organisator","og_description":"Mit den kommenden Brandschutzvorschriften (BSV 2026) stehen wichtige Ver\u00e4nderungen bevor, auch bei der Brandschutzplanung.","og_url":"https:\/\/www.organisator.ch\/de\/operational-excellence\/2025-12-15\/brandschutzplanung-trifft-engineering-tagung-am-10-maerz-2026\/","og_site_name":"Organisator","article_publisher":"https:\/\/www.facebook.com\/OrganisatorFachmagazin","article_published_time":"2025-12-15T07:28:52+00:00","article_modified_time":"2025-12-15T14:53:25+00:00","author":"galledia","twitter_card":"summary_large_image","twitter_creator":"@admin","schema":{"@context":"https:\/\/schema.org","@graph":[{"@type":"Article","@id":"https:\/\/www.organisator.ch\/operational-excellence\/2025-12-15\/brandschutzplanung-trifft-engineering-tagung-am-10-maerz-2026\/#article","isPartOf":{"@id":"https:\/\/www.organisator.ch\/operational-excellence\/2025-12-15\/brandschutzplanung-trifft-engineering-tagung-am-10-maerz-2026\/"},"author":{"name":"galledia","@id":"https:\/\/www.organisator.ch\/#\/schema\/person\/4e51799071cd2dd1232ac003643ef5f0"},"headline":"Brandschutzplanung trifft Engineering: Tagung am 10. M\u00e4rz 2026","datePublished":"2025-12-15T07:28:52+00:00","dateModified":"2025-12-15T14:53:25+00:00","mainEntityOfPage":{"@id":"https:\/\/www.organisator.ch\/operational-excellence\/2025-12-15\/brandschutzplanung-trifft-engineering-tagung-am-10-maerz-2026\/"},"wordCount":190,"publisher":{"@id":"https:\/\/www.organisator.ch\/#organization"},"image":{"@id":"https:\/\/www.organisator.ch\/operational-excellence\/2025-12-15\/brandschutzplanung-trifft-engineering-tagung-am-10-maerz-2026\/#primaryimage"},"thumbnailUrl":"https:\/\/www.m-q.ch\/wp-content\/uploads\/2025\/12\/Brandschutzplanung-trifft-Engineering-Tagung-am-10.-Maerz-2026_MQ.jpg","keywords":["Brandschutz","Fachkongress\/Fachmesse","Risikomanagement"],"articleSection":["OPERATIONAL EXCELLENCE"],"inLanguage":"de"},{"@type":"WebPage","@id":"https:\/\/www.organisator.ch\/operational-excellence\/2025-12-15\/brandschutzplanung-trifft-engineering-tagung-am-10-maerz-2026\/","url":"https:\/\/www.organisator.ch\/operational-excellence\/2025-12-15\/brandschutzplanung-trifft-engineering-tagung-am-10-maerz-2026\/","name":"Brandschutzplanung trifft Engineering: Tagung am 10. M\u00e4rz 2026 - Organisator","isPartOf":{"@id":"https:\/\/www.organisator.ch\/#website"},"primaryImageOfPage":{"@id":"https:\/\/www.organisator.ch\/operational-excellence\/2025-12-15\/brandschutzplanung-trifft-engineering-tagung-am-10-maerz-2026\/#primaryimage"},"image":{"@id":"https:\/\/www.organisator.ch\/operational-excellence\/2025-12-15\/brandschutzplanung-trifft-engineering-tagung-am-10-maerz-2026\/#primaryimage"},"thumbnailUrl":"https:\/\/www.m-q.ch\/wp-content\/uploads\/2025\/12\/Brandschutzplanung-trifft-Engineering-Tagung-am-10.-Maerz-2026_MQ.jpg","datePublished":"2025-12-15T07:28:52+00:00","dateModified":"2025-12-15T14:53:25+00:00","description":"Mit den kommenden Brandschutzvorschriften (BSV 2026) stehen wichtige Ver\u00e4nderungen bevor, auch bei der Brandschutzplanung.","breadcrumb":{"@id":"https:\/\/www.organisator.ch\/operational-excellence\/2025-12-15\/brandschutzplanung-trifft-engineering-tagung-am-10-maerz-2026\/#breadcrumb"},"inLanguage":"de","potentialAction":[{"@type":"ReadAction","target":["https:\/\/www.organisator.ch\/operational-excellence\/2025-12-15\/brandschutzplanung-trifft-engineering-tagung-am-10-maerz-2026\/"]}]},{"@type":"ImageObject","inLanguage":"de","@id":"https:\/\/www.organisator.ch\/operational-excellence\/2025-12-15\/brandschutzplanung-trifft-engineering-tagung-am-10-maerz-2026\/#primaryimage","url":"https:\/\/www.m-q.ch\/wp-content\/uploads\/2025\/12\/Brandschutzplanung-trifft-Engineering-Tagung-am-10.-Maerz-2026_MQ.jpg","contentUrl":"https:\/\/www.m-q.ch\/wp-content\/uploads\/2025\/12\/Brandschutzplanung-trifft-Engineering-Tagung-am-10.-Maerz-2026_MQ.jpg"},{"@type":"BreadcrumbList","@id":"https:\/\/www.organisator.ch\/operational-excellence\/2025-12-15\/brandschutzplanung-trifft-engineering-tagung-am-10-maerz-2026\/#breadcrumb","itemListElement":[{"@type":"ListItem","position":1,"name":"Home","item":"https:\/\/www.organisator.ch\/"},{"@type":"ListItem","position":2,"name":"Brandschutzplanung trifft Engineering: Tagung am 10. M\u00e4rz 2026"}]},{"@type":"WebSite","@id":"https:\/\/www.organisator.ch\/#website","url":"https:\/\/www.organisator.ch\/","name":"Organisator","description":"Kompetent. Praxisnah. Der ORGANISATOR bereitet in 10 Ausgaben pro Jahr die wesentlichen Themen f\u00fcr F\u00fchrungskr\u00e4fte von KMU auf.","publisher":{"@id":"https:\/\/www.organisator.ch\/#organization"},"potentialAction":[{"@type":"SearchAction","target":{"@type":"EntryPoint","urlTemplate":"https:\/\/www.organisator.ch\/?s={search_term_string}"},"query-input":{"@type":"PropertyValueSpecification","valueRequired":true,"valueName":"search_term_string"}}],"inLanguage":"de"},{"@type":"Organization","@id":"https:\/\/www.organisator.ch\/#organization","name":"Organisator","url":"https:\/\/www.organisator.ch\/","logo":{"@type":"ImageObject","inLanguage":"de","@id":"https:\/\/www.organisator.ch\/#\/schema\/logo\/image\/","url":"https:\/\/www.organisator.ch\/wp-content\/uploads\/2022\/01\/Logo_Organisator_Website.png","contentUrl":"https:\/\/www.organisator.ch\/wp-content\/uploads\/2022\/01\/Logo_Organisator_Website.png","width":800,"height":77,"caption":"Organisator"},"image":{"@id":"https:\/\/www.organisator.ch\/#\/schema\/logo\/image\/"},"sameAs":["https:\/\/www.facebook.com\/OrganisatorFachmagazin","https:\/\/www.linkedin.com\/showcase\/organisator-das-magazin-fr-kmu","https:\/\/www.xing.com\/news\/pages\/organisator-ch-695","https:\/\/www.youtube.com\/channel\/UCGP2Sq0iWaZwT3BdIAQFYpw"]},{"@type":"Person","@id":"https:\/\/www.organisator.ch\/#\/schema\/person\/4e51799071cd2dd1232ac003643ef5f0","name":"galledia","image":{"@type":"ImageObject","inLanguage":"de","@id":"https:\/\/secure.gravatar.com\/avatar\/78a7f90c01fc2bfc875782a0d4922b37cde2cf184ce347b91316d23cd7f69a36?s=96&d=mm&r=g","url":"https:\/\/secure.gravatar.com\/avatar\/78a7f90c01fc2bfc875782a0d4922b37cde2cf184ce347b91316d23cd7f69a36?s=96&d=mm&r=g","contentUrl":"https:\/\/secure.gravatar.com\/avatar\/78a7f90c01fc2bfc875782a0d4922b37cde2cf184ce347b91316d23cd7f69a36?s=96&d=mm&r=g","caption":"galledia"},"sameAs":["https:\/\/x.com\/admin"],"url":"https:\/\/www.organisator.ch\/de\/author\/galledia\/"}]}},"_links":{"self":[{"href":"https:\/\/www.organisator.ch\/de\/wp-json\/wp\/v2\/posts\/42770","targetHints":{"allow":["GET"]}}],"collection":[{"href":"https:\/\/www.organisator.ch\/de\/wp-json\/wp\/v2\/posts"}],"about":[{"href":"https:\/\/www.organisator.ch\/de\/wp-json\/wp\/v2\/types\/post"}],"author":[{"embeddable":true,"href":"https:\/\/www.organisator.ch\/de\/wp-json\/wp\/v2\/users\/8"}],"replies":[{"embeddable":true,"href":"https:\/\/www.organisator.ch\/de\/wp-json\/wp\/v2\/comments?post=42770"}],"version-history":[{"count":8,"href":"https:\/\/www.organisator.ch\/de\/wp-json\/wp\/v2\/posts\/42770\/revisions"}],"predecessor-version":[{"id":42784,"href":"https:\/\/www.organisator.ch\/de\/wp-json\/wp\/v2\/posts\/42770\/revisions\/42784"}],"wp:attachment":[{"href":"https:\/\/www.organisator.ch\/de\/wp-json\/wp\/v2\/media?parent=42770"}],"wp:term":[{"taxonomy":"category","embeddable":true,"href":"https:\/\/www.organisator.ch\/de\/wp-json\/wp\/v2\/categories?post=42770"},{"taxonomy":"post_tag","embeddable":true,"href":"https:\/\/www.organisator.ch\/de\/wp-json\/wp\/v2\/tags?post=42770"}],"curies":[{"name":"wp","href":"https:\/\/api.w.org\/{rel}","templated":true}]}}