{"id":42826,"date":"2025-12-17T15:12:19","date_gmt":"2025-12-17T14:12:19","guid":{"rendered":"https:\/\/www.m-q.ch\/?p=22283"},"modified":"2025-12-17T15:28:24","modified_gmt":"2025-12-17T14:28:24","slug":"manager-ignorieren-den-stromfresser-im-rechenzentrum","status":"publish","type":"post","link":"https:\/\/www.organisator.ch\/de\/operational-excellence\/2025-12-17\/manager-ignorieren-den-stromfresser-im-rechenzentrum\/","title":{"rendered":"Manager ignorieren den Stromfresser im Rechenzentrum"},"content":{"rendered":"<figure id=\"attachment_22285\" class=\"wp-caption alignnone\" style=\"width: 680px;\" aria-describedby=\"caption-attachment-22285\"><img class=\"size-full wp-image-22285\" src=\"https:\/\/www.m-q.ch\/wp-content\/uploads\/2025\/12\/Manager-ignorieren-den-Stromfresser-im-Rechenzentrum_MQ.jpg\" sizes=\"(max-width: 680px) 100vw, 680px\" srcset=\"https:\/\/www.m-q.ch\/wp-content\/uploads\/2025\/12\/Manager-ignorieren-den-Stromfresser-im-Rechenzentrum_MQ.jpg 680w, https:\/\/www.m-q.ch\/wp-content\/uploads\/2025\/12\/Manager-ignorieren-den-Stromfresser-im-Rechenzentrum_MQ-18x10.jpg 18w, https:\/\/www.m-q.ch\/wp-content\/uploads\/2025\/12\/Manager-ignorieren-den-Stromfresser-im-Rechenzentrum_MQ-375x211.jpg 375w, https:\/\/www.m-q.ch\/wp-content\/uploads\/2025\/12\/Manager-ignorieren-den-Stromfresser-im-Rechenzentrum_MQ-621x350.jpg 621w\" alt=\"\" width=\"680\" height=\"383\" \/>\r\n<figcaption id=\"caption-attachment-22285\" class=\"wp-caption-text\">Eine klare Mehrheit bewertet die Umweltfolgen von KI bislang als geringes Risiko. (Grafik: Expleo)<\/figcaption>\r\n<\/figure>\r\n<p>Jeden Monat ver\u00f6ffentlicht das Technologieberatungshaus Expleo seinen KI-Stimmungsbarometer \u00abExpleo AI Pulse\u00bb. Dahinter steht eine Umfrage, die in Deutschland, dem Vereinigten K\u00f6nigreich und Frankreich durchgef\u00fchrt wird. Sie liefert repr\u00e4sentative Stimmungsbilder zum Einsatz K\u00fcnstlicher Intelligenz in Unternehmen.\u00a0<\/p>\r\n<p>\u00abK\u00fcnstliche Intelligenz <a href=\"https:\/\/www.organisator.ch\/de\/sustainability\/2025-12-15\/chatgpt-braucht-so-viel-strom-wie-ganze-staaten\/\">ben\u00f6tigt viele Ressourcen<\/a>, die Auswirkungen auf die Umwelt werden dabei h\u00e4ufig ausgeblendet\u00bb, sagt Dr. Yusuf Erdogan, Country Lead Digital &amp; Technology bei Expleo Deutschland. \u00abUnsere Umfrage deckt diese Diskrepanz auf: Obwohl der \u00f6kologische Fussabdruck w\u00e4chst, kommt das Bewusstsein daf\u00fcr in vielen F\u00fchrungsetagen noch nicht an.\u00bb<\/p>\r\n<p>Die Schwerpunktfrage des aktuellen \u00abExpleo AI Pulse\u00bb zielt auf die \u00f6kologischen Auswirkungen von KI-Technologien ab. Nur 13 Prozent der F\u00fchrungskr\u00e4fte gaben an, \u00absehr besorgt\u00bb zu sein, weitere 29 Prozent sind \u00abetwas besorgt\u00bb. Damit zeigt sich: Eine klare Mehrheit bewertet die Umweltfolgen von KI bislang als geringes Risiko. Besonders gelassen reagieren deutsche Manager: Nur 30 Prozent von ihnen zeigen sich besorgt, was den niedrigsten Wert im Vergleich darstellt. In Frankreich liegt der Anteil der Besorgten bei 44 Prozent und in Grossbritannien sogar bei 55 Prozent.<\/p>\r\n<h3><strong>Die Vorteile der KI-Nutzung \u00fcberwiegen<\/strong><\/h3>\r\n<p>Parallel dazu zeigt die Erhebung, dass deutsche F\u00fchrungskr\u00e4fte den Nutzen von KI f\u00fcr ihr eigenes Unternehmen \u00fcberwiegend positiv bewerten. 70 Prozent sehen vornehmlich Vorteile f\u00fcr ihr Gesch\u00e4ft, w\u00e4hrend nur 14 Prozent die Risiken st\u00e4rker gewichten. Frankreich zeigt sich mit 61 Prozent zur\u00fcckhaltender, w\u00e4hrend sich britische Manager besonders optimistisch \u00e4ussern (75 Prozent).<\/p>\r\n<p>Laut Yusuf Erdogan befinden sich viele Unternehmen aktuell in einer \u00dcbergangsphase: \u00abOft existieren bereits zahlreiche Pilotprojekte, aber es fehlen noch klare Standards dahinter. Mit zunehmender Praxis wird sich zeigen, wo KI nachhaltig Mehrwert schafft. Traditionell gehen britische Unternehmen hier eher experimentierfreudig vor.\u00bb<\/p>\r\n<h3><strong>Stabile Grundstimmung gegen\u00fcber KI<\/strong><\/h3>\r\n<p>Ungeachtet unterschiedlicher Wahrnehmungen bleibt die allgemeine Stimmung gegen\u00fcber KI konstant positiv. Der europ\u00e4ische AI-Pulse-Sentiment-Score liegt im November mit 67 Punkten nahezu unver\u00e4ndert auf dem Niveau des Vormonats. Grossbritannien f\u00fchrt mit 70 Punkten die Rangliste an, gefolgt von Deutschland mit 67 Punkten und Frankreich mit 64 Punkten.<\/p>\r\n<p>Ein starkes Bekenntnis zur KI-Technologie ist laut Expleo-Manager Erdogan zwingend notwendig f\u00fcr eine erfolgreiche gesch\u00e4ftliche Zukunft. Die Industrie m\u00fcsse jedoch auch Nachhaltigkeit ber\u00fccksichtigen: \u00abResponsible AI bedeutet, \u00f6kologische, regulatorische und ethische Verantwortung mit klaren Gesch\u00e4ftsmodellen zu verbinden. Dieser Spagat wird k\u00fcnftig \u00fcber Erfolg oder Misserfolg am Markt entscheiden.\u00bb<\/p>\r\n<p><em>Quelle: <a href=\"https:\/\/expleo.com\/global\/en\/\">Expleo<\/a><\/em><\/p>\n<p class=\"syndicated-attribution\">Dieser Beitrag erschien urspr\u00fcnglich auf m-q.ch - <a href=\"https:\/\/www.m-q.ch\/de\/manager-ignorieren-den-stromfresser-im-rechenzentrum\/\" target=\"_blank\">https:\/\/www.m-q.ch\/de\/manager-ignorieren-den-stromfresser-im-rechenzentrum\/<\/a><\/p>","protected":false},"excerpt":{"rendered":"<p>KI-Rechenzentren verbrauchen immer gr\u00f6ssere Mengen an Energie und Wasser. Doch viele europ\u00e4ische F\u00fchrungskr\u00e4fte ignorieren diese Entwicklung. In deutschen Unternehmen etwa l\u00f6sen die damit verbundenen Umweltrisiken bisher nur wenig Sorge aus. Das geht aus einer aktuellen KI-Umfrage hervor.<\/p>\n","protected":false},"author":8,"featured_media":0,"comment_status":"closed","ping_status":"closed","sticky":false,"template":"","format":"standard","meta":{"_acf_changed":false,"_yoast_wpseo_focuskw":"Stromfresser","_yoast_wpseo_metadesc":"KI-Rechenzentren sind veritable Stromfresser. Doch viele europ\u00e4ische F\u00fchrungskr\u00e4fte scheinen diese Entwicklung zu ignorieren.","articlekey":"","footnotes":""},"categories":[582],"tags":[156,319,2660,418,2225,459],"class_list":["post-42826","post","type-post","status-publish","format-standard","hentry","category-operational-excellence","tag-digitalisierung","tag-kuenstliche-intelligenz","tag-rechenzentren","tag-risikomanagement","tag-stromverbrauch","tag-studie"],"acf":[],"yoast_head":"<!-- This site is optimized with the Yoast SEO plugin v27.5 - https:\/\/yoast.com\/product\/yoast-seo-wordpress\/ -->\n<title>Manager ignorieren den Stromfresser im Rechenzentrum - Organisator<\/title>\n<meta name=\"description\" content=\"KI-Rechenzentren sind veritable Stromfresser. Doch viele europ\u00e4ische F\u00fchrungskr\u00e4fte scheinen diese Entwicklung zu ignorieren.\" \/>\n<meta name=\"robots\" content=\"index, follow, max-snippet:-1, max-image-preview:large, max-video-preview:-1\" \/>\n<link rel=\"canonical\" href=\"https:\/\/www.organisator.ch\/de\/operational-excellence\/2025-12-17\/manager-ignorieren-den-stromfresser-im-rechenzentrum\/\" \/>\n<meta property=\"og:locale\" content=\"de_DE\" \/>\n<meta property=\"og:type\" content=\"article\" \/>\n<meta property=\"og:title\" content=\"Manager ignorieren den Stromfresser im Rechenzentrum - Organisator\" \/>\n<meta property=\"og:description\" content=\"KI-Rechenzentren sind veritable Stromfresser. Doch viele europ\u00e4ische F\u00fchrungskr\u00e4fte scheinen diese Entwicklung zu ignorieren.\" \/>\n<meta property=\"og:url\" content=\"https:\/\/www.organisator.ch\/de\/operational-excellence\/2025-12-17\/manager-ignorieren-den-stromfresser-im-rechenzentrum\/\" \/>\n<meta property=\"og:site_name\" content=\"Organisator\" \/>\n<meta property=\"article:publisher\" content=\"https:\/\/www.facebook.com\/OrganisatorFachmagazin\" \/>\n<meta property=\"article:published_time\" content=\"2025-12-17T14:12:19+00:00\" \/>\n<meta property=\"article:modified_time\" content=\"2025-12-17T14:28:24+00:00\" \/>\n<meta name=\"author\" content=\"galledia\" \/>\n<meta name=\"twitter:card\" content=\"summary_large_image\" \/>\n<meta name=\"twitter:creator\" content=\"@admin\" \/>\n<script type=\"application\/ld+json\" class=\"yoast-schema-graph\">{\"@context\":\"https:\\\/\\\/schema.org\",\"@graph\":[{\"@type\":\"Article\",\"@id\":\"https:\\\/\\\/www.organisator.ch\\\/operational-excellence\\\/2025-12-17\\\/manager-ignorieren-den-stromfresser-im-rechenzentrum\\\/#article\",\"isPartOf\":{\"@id\":\"https:\\\/\\\/www.organisator.ch\\\/operational-excellence\\\/2025-12-17\\\/manager-ignorieren-den-stromfresser-im-rechenzentrum\\\/\"},\"author\":{\"name\":\"galledia\",\"@id\":\"https:\\\/\\\/www.organisator.ch\\\/#\\\/schema\\\/person\\\/4e51799071cd2dd1232ac003643ef5f0\"},\"headline\":\"Manager ignorieren den Stromfresser im Rechenzentrum\",\"datePublished\":\"2025-12-17T14:12:19+00:00\",\"dateModified\":\"2025-12-17T14:28:24+00:00\",\"mainEntityOfPage\":{\"@id\":\"https:\\\/\\\/www.organisator.ch\\\/operational-excellence\\\/2025-12-17\\\/manager-ignorieren-den-stromfresser-im-rechenzentrum\\\/\"},\"wordCount\":403,\"publisher\":{\"@id\":\"https:\\\/\\\/www.organisator.ch\\\/#organization\"},\"image\":{\"@id\":\"https:\\\/\\\/www.organisator.ch\\\/operational-excellence\\\/2025-12-17\\\/manager-ignorieren-den-stromfresser-im-rechenzentrum\\\/#primaryimage\"},\"thumbnailUrl\":\"https:\\\/\\\/www.m-q.ch\\\/wp-content\\\/uploads\\\/2025\\\/12\\\/Manager-ignorieren-den-Stromfresser-im-Rechenzentrum_MQ.jpg\",\"keywords\":[\"Digitalisierung\",\"K\u00fcnstliche Intelligenz\",\"Rechenzentren\",\"Risikomanagement\",\"Stromverbrauch\",\"Studie\"],\"articleSection\":[\"OPERATIONAL EXCELLENCE\"],\"inLanguage\":\"de\"},{\"@type\":\"WebPage\",\"@id\":\"https:\\\/\\\/www.organisator.ch\\\/operational-excellence\\\/2025-12-17\\\/manager-ignorieren-den-stromfresser-im-rechenzentrum\\\/\",\"url\":\"https:\\\/\\\/www.organisator.ch\\\/operational-excellence\\\/2025-12-17\\\/manager-ignorieren-den-stromfresser-im-rechenzentrum\\\/\",\"name\":\"Manager ignorieren den Stromfresser im Rechenzentrum - Organisator\",\"isPartOf\":{\"@id\":\"https:\\\/\\\/www.organisator.ch\\\/#website\"},\"primaryImageOfPage\":{\"@id\":\"https:\\\/\\\/www.organisator.ch\\\/operational-excellence\\\/2025-12-17\\\/manager-ignorieren-den-stromfresser-im-rechenzentrum\\\/#primaryimage\"},\"image\":{\"@id\":\"https:\\\/\\\/www.organisator.ch\\\/operational-excellence\\\/2025-12-17\\\/manager-ignorieren-den-stromfresser-im-rechenzentrum\\\/#primaryimage\"},\"thumbnailUrl\":\"https:\\\/\\\/www.m-q.ch\\\/wp-content\\\/uploads\\\/2025\\\/12\\\/Manager-ignorieren-den-Stromfresser-im-Rechenzentrum_MQ.jpg\",\"datePublished\":\"2025-12-17T14:12:19+00:00\",\"dateModified\":\"2025-12-17T14:28:24+00:00\",\"description\":\"KI-Rechenzentren sind veritable Stromfresser. Doch viele europ\u00e4ische F\u00fchrungskr\u00e4fte scheinen diese Entwicklung zu ignorieren.\",\"breadcrumb\":{\"@id\":\"https:\\\/\\\/www.organisator.ch\\\/operational-excellence\\\/2025-12-17\\\/manager-ignorieren-den-stromfresser-im-rechenzentrum\\\/#breadcrumb\"},\"inLanguage\":\"de\",\"potentialAction\":[{\"@type\":\"ReadAction\",\"target\":[\"https:\\\/\\\/www.organisator.ch\\\/operational-excellence\\\/2025-12-17\\\/manager-ignorieren-den-stromfresser-im-rechenzentrum\\\/\"]}]},{\"@type\":\"ImageObject\",\"inLanguage\":\"de\",\"@id\":\"https:\\\/\\\/www.organisator.ch\\\/operational-excellence\\\/2025-12-17\\\/manager-ignorieren-den-stromfresser-im-rechenzentrum\\\/#primaryimage\",\"url\":\"https:\\\/\\\/www.m-q.ch\\\/wp-content\\\/uploads\\\/2025\\\/12\\\/Manager-ignorieren-den-Stromfresser-im-Rechenzentrum_MQ.jpg\",\"contentUrl\":\"https:\\\/\\\/www.m-q.ch\\\/wp-content\\\/uploads\\\/2025\\\/12\\\/Manager-ignorieren-den-Stromfresser-im-Rechenzentrum_MQ.jpg\"},{\"@type\":\"BreadcrumbList\",\"@id\":\"https:\\\/\\\/www.organisator.ch\\\/operational-excellence\\\/2025-12-17\\\/manager-ignorieren-den-stromfresser-im-rechenzentrum\\\/#breadcrumb\",\"itemListElement\":[{\"@type\":\"ListItem\",\"position\":1,\"name\":\"Home\",\"item\":\"https:\\\/\\\/www.organisator.ch\\\/\"},{\"@type\":\"ListItem\",\"position\":2,\"name\":\"Manager ignorieren den Stromfresser im Rechenzentrum\"}]},{\"@type\":\"WebSite\",\"@id\":\"https:\\\/\\\/www.organisator.ch\\\/#website\",\"url\":\"https:\\\/\\\/www.organisator.ch\\\/\",\"name\":\"Organisator\",\"description\":\"Kompetent. Praxisnah. Der ORGANISATOR bereitet in 10 Ausgaben pro Jahr die wesentlichen Themen f\u00fcr F\u00fchrungskr\u00e4fte von KMU auf.\",\"publisher\":{\"@id\":\"https:\\\/\\\/www.organisator.ch\\\/#organization\"},\"potentialAction\":[{\"@type\":\"SearchAction\",\"target\":{\"@type\":\"EntryPoint\",\"urlTemplate\":\"https:\\\/\\\/www.organisator.ch\\\/?s={search_term_string}\"},\"query-input\":{\"@type\":\"PropertyValueSpecification\",\"valueRequired\":true,\"valueName\":\"search_term_string\"}}],\"inLanguage\":\"de\"},{\"@type\":\"Organization\",\"@id\":\"https:\\\/\\\/www.organisator.ch\\\/#organization\",\"name\":\"Organisator\",\"url\":\"https:\\\/\\\/www.organisator.ch\\\/\",\"logo\":{\"@type\":\"ImageObject\",\"inLanguage\":\"de\",\"@id\":\"https:\\\/\\\/www.organisator.ch\\\/#\\\/schema\\\/logo\\\/image\\\/\",\"url\":\"https:\\\/\\\/www.organisator.ch\\\/wp-content\\\/uploads\\\/2022\\\/01\\\/Logo_Organisator_Website.png\",\"contentUrl\":\"https:\\\/\\\/www.organisator.ch\\\/wp-content\\\/uploads\\\/2022\\\/01\\\/Logo_Organisator_Website.png\",\"width\":800,\"height\":77,\"caption\":\"Organisator\"},\"image\":{\"@id\":\"https:\\\/\\\/www.organisator.ch\\\/#\\\/schema\\\/logo\\\/image\\\/\"},\"sameAs\":[\"https:\\\/\\\/www.facebook.com\\\/OrganisatorFachmagazin\",\"https:\\\/\\\/www.linkedin.com\\\/showcase\\\/organisator-das-magazin-fr-kmu\",\"https:\\\/\\\/www.xing.com\\\/news\\\/pages\\\/organisator-ch-695\",\"https:\\\/\\\/www.youtube.com\\\/channel\\\/UCGP2Sq0iWaZwT3BdIAQFYpw\"]},{\"@type\":\"Person\",\"@id\":\"https:\\\/\\\/www.organisator.ch\\\/#\\\/schema\\\/person\\\/4e51799071cd2dd1232ac003643ef5f0\",\"name\":\"galledia\",\"image\":{\"@type\":\"ImageObject\",\"inLanguage\":\"de\",\"@id\":\"https:\\\/\\\/secure.gravatar.com\\\/avatar\\\/78a7f90c01fc2bfc875782a0d4922b37cde2cf184ce347b91316d23cd7f69a36?s=96&d=mm&r=g\",\"url\":\"https:\\\/\\\/secure.gravatar.com\\\/avatar\\\/78a7f90c01fc2bfc875782a0d4922b37cde2cf184ce347b91316d23cd7f69a36?s=96&d=mm&r=g\",\"contentUrl\":\"https:\\\/\\\/secure.gravatar.com\\\/avatar\\\/78a7f90c01fc2bfc875782a0d4922b37cde2cf184ce347b91316d23cd7f69a36?s=96&d=mm&r=g\",\"caption\":\"galledia\"},\"sameAs\":[\"https:\\\/\\\/x.com\\\/admin\"],\"url\":\"https:\\\/\\\/www.organisator.ch\\\/de\\\/author\\\/galledia\\\/\"}]}<\/script>\n<!-- \/ Yoast SEO plugin. -->","yoast_head_json":{"title":"Manager ignorieren den Stromfresser im Rechenzentrum - Organisator","description":"KI-Rechenzentren sind veritable Stromfresser. Doch viele europ\u00e4ische F\u00fchrungskr\u00e4fte scheinen diese Entwicklung zu ignorieren.","robots":{"index":"index","follow":"follow","max-snippet":"max-snippet:-1","max-image-preview":"max-image-preview:large","max-video-preview":"max-video-preview:-1"},"canonical":"https:\/\/www.organisator.ch\/de\/operational-excellence\/2025-12-17\/manager-ignorieren-den-stromfresser-im-rechenzentrum\/","og_locale":"de_DE","og_type":"article","og_title":"Manager ignorieren den Stromfresser im Rechenzentrum - Organisator","og_description":"KI-Rechenzentren sind veritable Stromfresser. Doch viele europ\u00e4ische F\u00fchrungskr\u00e4fte scheinen diese Entwicklung zu ignorieren.","og_url":"https:\/\/www.organisator.ch\/de\/operational-excellence\/2025-12-17\/manager-ignorieren-den-stromfresser-im-rechenzentrum\/","og_site_name":"Organisator","article_publisher":"https:\/\/www.facebook.com\/OrganisatorFachmagazin","article_published_time":"2025-12-17T14:12:19+00:00","article_modified_time":"2025-12-17T14:28:24+00:00","author":"galledia","twitter_card":"summary_large_image","twitter_creator":"@admin","schema":{"@context":"https:\/\/schema.org","@graph":[{"@type":"Article","@id":"https:\/\/www.organisator.ch\/operational-excellence\/2025-12-17\/manager-ignorieren-den-stromfresser-im-rechenzentrum\/#article","isPartOf":{"@id":"https:\/\/www.organisator.ch\/operational-excellence\/2025-12-17\/manager-ignorieren-den-stromfresser-im-rechenzentrum\/"},"author":{"name":"galledia","@id":"https:\/\/www.organisator.ch\/#\/schema\/person\/4e51799071cd2dd1232ac003643ef5f0"},"headline":"Manager ignorieren den Stromfresser im Rechenzentrum","datePublished":"2025-12-17T14:12:19+00:00","dateModified":"2025-12-17T14:28:24+00:00","mainEntityOfPage":{"@id":"https:\/\/www.organisator.ch\/operational-excellence\/2025-12-17\/manager-ignorieren-den-stromfresser-im-rechenzentrum\/"},"wordCount":403,"publisher":{"@id":"https:\/\/www.organisator.ch\/#organization"},"image":{"@id":"https:\/\/www.organisator.ch\/operational-excellence\/2025-12-17\/manager-ignorieren-den-stromfresser-im-rechenzentrum\/#primaryimage"},"thumbnailUrl":"https:\/\/www.m-q.ch\/wp-content\/uploads\/2025\/12\/Manager-ignorieren-den-Stromfresser-im-Rechenzentrum_MQ.jpg","keywords":["Digitalisierung","K\u00fcnstliche Intelligenz","Rechenzentren","Risikomanagement","Stromverbrauch","Studie"],"articleSection":["OPERATIONAL EXCELLENCE"],"inLanguage":"de"},{"@type":"WebPage","@id":"https:\/\/www.organisator.ch\/operational-excellence\/2025-12-17\/manager-ignorieren-den-stromfresser-im-rechenzentrum\/","url":"https:\/\/www.organisator.ch\/operational-excellence\/2025-12-17\/manager-ignorieren-den-stromfresser-im-rechenzentrum\/","name":"Manager ignorieren den Stromfresser im Rechenzentrum - Organisator","isPartOf":{"@id":"https:\/\/www.organisator.ch\/#website"},"primaryImageOfPage":{"@id":"https:\/\/www.organisator.ch\/operational-excellence\/2025-12-17\/manager-ignorieren-den-stromfresser-im-rechenzentrum\/#primaryimage"},"image":{"@id":"https:\/\/www.organisator.ch\/operational-excellence\/2025-12-17\/manager-ignorieren-den-stromfresser-im-rechenzentrum\/#primaryimage"},"thumbnailUrl":"https:\/\/www.m-q.ch\/wp-content\/uploads\/2025\/12\/Manager-ignorieren-den-Stromfresser-im-Rechenzentrum_MQ.jpg","datePublished":"2025-12-17T14:12:19+00:00","dateModified":"2025-12-17T14:28:24+00:00","description":"KI-Rechenzentren sind veritable Stromfresser. Doch viele europ\u00e4ische F\u00fchrungskr\u00e4fte scheinen diese Entwicklung zu ignorieren.","breadcrumb":{"@id":"https:\/\/www.organisator.ch\/operational-excellence\/2025-12-17\/manager-ignorieren-den-stromfresser-im-rechenzentrum\/#breadcrumb"},"inLanguage":"de","potentialAction":[{"@type":"ReadAction","target":["https:\/\/www.organisator.ch\/operational-excellence\/2025-12-17\/manager-ignorieren-den-stromfresser-im-rechenzentrum\/"]}]},{"@type":"ImageObject","inLanguage":"de","@id":"https:\/\/www.organisator.ch\/operational-excellence\/2025-12-17\/manager-ignorieren-den-stromfresser-im-rechenzentrum\/#primaryimage","url":"https:\/\/www.m-q.ch\/wp-content\/uploads\/2025\/12\/Manager-ignorieren-den-Stromfresser-im-Rechenzentrum_MQ.jpg","contentUrl":"https:\/\/www.m-q.ch\/wp-content\/uploads\/2025\/12\/Manager-ignorieren-den-Stromfresser-im-Rechenzentrum_MQ.jpg"},{"@type":"BreadcrumbList","@id":"https:\/\/www.organisator.ch\/operational-excellence\/2025-12-17\/manager-ignorieren-den-stromfresser-im-rechenzentrum\/#breadcrumb","itemListElement":[{"@type":"ListItem","position":1,"name":"Home","item":"https:\/\/www.organisator.ch\/"},{"@type":"ListItem","position":2,"name":"Manager ignorieren den Stromfresser im Rechenzentrum"}]},{"@type":"WebSite","@id":"https:\/\/www.organisator.ch\/#website","url":"https:\/\/www.organisator.ch\/","name":"Organisator","description":"Kompetent. Praxisnah. Der ORGANISATOR bereitet in 10 Ausgaben pro Jahr die wesentlichen Themen f\u00fcr F\u00fchrungskr\u00e4fte von KMU auf.","publisher":{"@id":"https:\/\/www.organisator.ch\/#organization"},"potentialAction":[{"@type":"SearchAction","target":{"@type":"EntryPoint","urlTemplate":"https:\/\/www.organisator.ch\/?s={search_term_string}"},"query-input":{"@type":"PropertyValueSpecification","valueRequired":true,"valueName":"search_term_string"}}],"inLanguage":"de"},{"@type":"Organization","@id":"https:\/\/www.organisator.ch\/#organization","name":"Organisator","url":"https:\/\/www.organisator.ch\/","logo":{"@type":"ImageObject","inLanguage":"de","@id":"https:\/\/www.organisator.ch\/#\/schema\/logo\/image\/","url":"https:\/\/www.organisator.ch\/wp-content\/uploads\/2022\/01\/Logo_Organisator_Website.png","contentUrl":"https:\/\/www.organisator.ch\/wp-content\/uploads\/2022\/01\/Logo_Organisator_Website.png","width":800,"height":77,"caption":"Organisator"},"image":{"@id":"https:\/\/www.organisator.ch\/#\/schema\/logo\/image\/"},"sameAs":["https:\/\/www.facebook.com\/OrganisatorFachmagazin","https:\/\/www.linkedin.com\/showcase\/organisator-das-magazin-fr-kmu","https:\/\/www.xing.com\/news\/pages\/organisator-ch-695","https:\/\/www.youtube.com\/channel\/UCGP2Sq0iWaZwT3BdIAQFYpw"]},{"@type":"Person","@id":"https:\/\/www.organisator.ch\/#\/schema\/person\/4e51799071cd2dd1232ac003643ef5f0","name":"galledia","image":{"@type":"ImageObject","inLanguage":"de","@id":"https:\/\/secure.gravatar.com\/avatar\/78a7f90c01fc2bfc875782a0d4922b37cde2cf184ce347b91316d23cd7f69a36?s=96&d=mm&r=g","url":"https:\/\/secure.gravatar.com\/avatar\/78a7f90c01fc2bfc875782a0d4922b37cde2cf184ce347b91316d23cd7f69a36?s=96&d=mm&r=g","contentUrl":"https:\/\/secure.gravatar.com\/avatar\/78a7f90c01fc2bfc875782a0d4922b37cde2cf184ce347b91316d23cd7f69a36?s=96&d=mm&r=g","caption":"galledia"},"sameAs":["https:\/\/x.com\/admin"],"url":"https:\/\/www.organisator.ch\/de\/author\/galledia\/"}]}},"_links":{"self":[{"href":"https:\/\/www.organisator.ch\/de\/wp-json\/wp\/v2\/posts\/42826","targetHints":{"allow":["GET"]}}],"collection":[{"href":"https:\/\/www.organisator.ch\/de\/wp-json\/wp\/v2\/posts"}],"about":[{"href":"https:\/\/www.organisator.ch\/de\/wp-json\/wp\/v2\/types\/post"}],"author":[{"embeddable":true,"href":"https:\/\/www.organisator.ch\/de\/wp-json\/wp\/v2\/users\/8"}],"replies":[{"embeddable":true,"href":"https:\/\/www.organisator.ch\/de\/wp-json\/wp\/v2\/comments?post=42826"}],"version-history":[{"count":9,"href":"https:\/\/www.organisator.ch\/de\/wp-json\/wp\/v2\/posts\/42826\/revisions"}],"predecessor-version":[{"id":42844,"href":"https:\/\/www.organisator.ch\/de\/wp-json\/wp\/v2\/posts\/42826\/revisions\/42844"}],"wp:attachment":[{"href":"https:\/\/www.organisator.ch\/de\/wp-json\/wp\/v2\/media?parent=42826"}],"wp:term":[{"taxonomy":"category","embeddable":true,"href":"https:\/\/www.organisator.ch\/de\/wp-json\/wp\/v2\/categories?post=42826"},{"taxonomy":"post_tag","embeddable":true,"href":"https:\/\/www.organisator.ch\/de\/wp-json\/wp\/v2\/tags?post=42826"}],"curies":[{"name":"wp","href":"https:\/\/api.w.org\/{rel}","templated":true}]}}