{"id":42853,"date":"2025-12-18T05:11:00","date_gmt":"2025-12-18T04:11:00","guid":{"rendered":"https:\/\/www.m-q.ch\/?p=22291"},"modified":"2025-12-18T08:01:54","modified_gmt":"2025-12-18T07:01:54","slug":"cybersicherheit-und-digitale-souveraenitaet-kann-europa-die-kontrolle-zurueckgewinnen","status":"publish","type":"post","link":"https:\/\/www.organisator.ch\/de\/operational-excellence\/2025-12-18\/cybersicherheit-und-digitale-souveraenitaet-kann-europa-die-kontrolle-zurueckgewinnen\/","title":{"rendered":"Cybersicherheit und digitale Souver\u00e4nit\u00e4t: Kann Europa die Kontrolle zur\u00fcckgewinnen?"},"content":{"rendered":"<figure id=\"attachment_22292\" class=\"wp-caption alignnone\" style=\"width: 680px;\" aria-describedby=\"caption-attachment-22292\"><img class=\"size-full wp-image-22292\" src=\"https:\/\/www.m-q.ch\/wp-content\/uploads\/2025\/12\/Cybersicherheit-und-digitale-Souveraenitaet-Kann-Europa-die-Kontrolle-zurueckgewinnen_MQ.png\" sizes=\"(max-width: 680px) 100vw, 680px\" srcset=\"https:\/\/www.m-q.ch\/wp-content\/uploads\/2025\/12\/Cybersicherheit-und-digitale-Souveraenitaet-Kann-Europa-die-Kontrolle-zurueckgewinnen_MQ.png 680w, https:\/\/www.m-q.ch\/wp-content\/uploads\/2025\/12\/Cybersicherheit-und-digitale-Souveraenitaet-Kann-Europa-die-Kontrolle-zurueckgewinnen_MQ-18x12.png 18w, https:\/\/www.m-q.ch\/wp-content\/uploads\/2025\/12\/Cybersicherheit-und-digitale-Souveraenitaet-Kann-Europa-die-Kontrolle-zurueckgewinnen_MQ-375x250.png 375w, https:\/\/www.m-q.ch\/wp-content\/uploads\/2025\/12\/Cybersicherheit-und-digitale-Souveraenitaet-Kann-Europa-die-Kontrolle-zurueckgewinnen_MQ-525x350.png 525w\" alt=\"\" width=\"680\" height=\"453\" \/>\r\n<figcaption id=\"caption-attachment-22292\" class=\"wp-caption-text\">Cybersicherheit und digitale Souver\u00e4nit\u00e4t werden f\u00fcr Unternehmen und Beh\u00f6rden zu systemkritischen Faktoren. (Bild: KI-generiert von Chat GPT \/ Stormshield)<\/figcaption>\r\n<\/figure>\r\n<p>Laut dem <a href=\"https:\/\/sabcommunications.net\/mailster\/21635\/cf270c6c9b3754a9b28f48a1423e119b\/aHR0cHM6Ly93d3cuZXkuY29tL2NvbnRlbnQvZGFtL2V5LXVuaWZpZWQtc2l0ZS9leS1jb20vZnItZnIvc2VydmljZXMvY3liZXJzZWN1cml0eS9kb2N1bWVudHMvZXktYmFyb21ldHJlLWRlLWxhLXNvdXZlcmFpbmV0ZS1udW1yaXF1ZS1zZXAtMjAyNS5wZGY\">Barometer Digitale Souver\u00e4nit\u00e4t 2025<\/a> von EY betrachten bereits heute vier von f\u00fcnf Unternehmen Souver\u00e4nit\u00e4t als zentrales Kriterium, das k\u00fcnftig noch erheblich an Gewicht gewinnen wird. Dieser Trend verdeutlicht einen grundlegenden Wandel im Verst\u00e4ndnis der Frage, wie sich Kontrolle \u00fcber Daten, Infrastrukturen und digitale Technologien zur\u00fcckgewinnen l\u00e4sst.<\/p>\r\n<p>Digitale Souver\u00e4nit\u00e4t r\u00fcckt zunehmend in den Fokus, nicht zuletzt aufgrund wachsender Sorgen um Cybersicherheit, Datenschutz und geopolitische Spannungen. Unternehmen beziehen diesen strategischen Faktor inzwischen systematisch in ihre Technologie-Entscheidungen ein \u2013 sei es bei Cloud-L\u00f6sungen, Software oder Partnerschaften \u2013, um Kontrolle und Unabh\u00e4ngigkeit zu sichern sowie die systemische Exponiertheit gegen\u00fcber ausl\u00e4ndischen Anbietern zu reduzieren. Diese Entwicklung wird den Technologiemarkt nachhaltig pr\u00e4gen und jenen Anbietern Auftrieb geben, die die zunehmenden Anforderungen an Souver\u00e4nit\u00e4t erf\u00fcllen.<\/p>\r\n<h3>Vertrauen schaffen durch digitale Autonomie<\/h3>\r\n<p>Echte digitale Souver\u00e4nit\u00e4t setzt L\u00f6sungen voraus, die von Beginn an auf lokale Normen ausgerichtet sind und sich nahtlos in regulatorische Rahmen wie die NIS2-Richtlinie oder den Cyber Resilience Act einf\u00fcgen. Dabei gilt: <strong>Souver\u00e4nit\u00e4t und Leistungsf\u00e4higkeit schliessen einander nicht aus.<\/strong> Wer auf europ\u00e4ische Cybersicherheitsl\u00f6sungen setzt, die von unabh\u00e4ngigen Beh\u00f6rden wie der franz\u00f6sischen ANSSI oder dem deutschen <a href=\"https:\/\/sabcommunications.net\/mailster\/21635\/cf270c6c9b3754a9b28f48a1423e119b\/aHR0cHM6Ly93d3cuYnNpLmJ1bmQuZGUvREUvSG9tZS9ob21lX25vZGUuaHRtbA\">BSI<\/a> gepr\u00fcft oder zertifiziert wurden, erh\u00e4lt Technologien, die zugleich zuverl\u00e4ssig, effektiv und souver\u00e4n sind \u2013 ohne dabei den Verlust an Kontrolle \u00fcber Daten oder Infrastruktur in Kauf nehmen zu m\u00fcssen. Solche L\u00f6sungen m\u00fcssen sich einfach implementieren lassen sowie einen hohen Schutz bieten und d\u00fcrfen gleichzeitig die Produktivit\u00e4t nicht beeintr\u00e4chtigen.<\/p>\r\n<p><strong>Die Wahl einer souver\u00e4nen L\u00f6sung bedeutet eine h\u00f6here Widerstandsf\u00e4higkeit gegen Cyberangriffe sowie eine gesicherte Datenintegrit\u00e4t, Vertrauen und Entscheidungsautonomie.<\/strong> Dazu gen\u00fcgt es nicht, Produkte nur zertifizieren, also nach technischen Sicherheitskriterien bewerten zu lassen. Sie m\u00fcssen auch durch europ\u00e4ische Beh\u00f6rden <strong>qualifiziert<\/strong> werden. Diese Qualifizierung geht \u00fcber eine Zertifizierung hinaus: Sie best\u00e4tigt, dass eine L\u00f6sung langfristig zuverl\u00e4ssig ist, operative Anforderungen erf\u00fcllt und f\u00fcr sensible Umgebungen geeignet ist. Werden Quellcodes zus\u00e4tzlich unabh\u00e4ngig gepr\u00fcft, lassen sich sowohl unbeabsichtigte Schwachstellen als auch potenzielle Hintert\u00fcren erkennen. Das st\u00e4rkt das Vertrauen und tr\u00e4gt unmittelbar zu den Zielen digitaler Souver\u00e4nit\u00e4t bei.<\/p>\r\n<h3>Schl\u00fcsselakteure b\u00fcndeln \u2013 f\u00fcr eine souver\u00e4ne Cybersicherheit<\/h3>\r\n<p>Digitale Souver\u00e4nit\u00e4t erfordert das Engagement aller Beteiligten. Von \u00f6ffentlichen Institutionen bis hin zu Unternehmen jeder Gr\u00f6\u00dfe \u2013 alle stehen vor denselben Herausforderungen: dem Schutz von Mitarbeiter- und B\u00fcrgerdaten sowie gesch\u00e4ftskritischen und sensiblen Informationen. Dies erfordert ein gemeinsames Bekenntnis zu vertrauensw\u00fcrdigen Cybersicherheitsl\u00f6sungen, die ein souver\u00e4nes, widerstandsf\u00e4higes digitales \u00d6kosystem erm\u00f6glichen. Ebenso notwendig ist ein Konsens zwischen Staaten, deren politische Systeme oder geopolitische Interessen nicht immer mit jenen der Europ\u00e4ischen Union \u00fcbereinstimmen.<\/p>\r\n<p>In einem Markt, der weiterhin stark von nicht europ\u00e4ischen Akteuren dominiert wird, ist die Entscheidung zugunsten lokaler Alternativen ein wichtiger Schritt. Sie erm\u00f6glicht nicht nur die R\u00fcckgewinnung technologischer und datentechnischer Kontrolle, sondern st\u00e4rkt auch die strategische Autonomie Europas in Sicherheits- und Digitalfragen.<\/p>\r\n<p>Diese technologische Weichenstellung wirkt sich auf die Sicherheit aus und st\u00e4rkt gleichzeitig die Wirtschaft. <strong>Die Entwicklung und der Einsatz europ\u00e4ischer L\u00f6sungen f\u00f6rdern die Digital- und Cybersecurity-Industrie auf dem gesamten Kontinent und schaffen qualifizierte Arbeitspl\u00e4tze.<\/strong> Umgekehrt bedeutet der anhaltend massive Import etwa amerikanischer Technologien eine indirekte Finanzierung der US-Digitalwirtschaft \u2013 zulasten europ\u00e4ischer Kapazit\u00e4ten.<\/p>\r\n<p>Um diese wirtschaftlichen Ziele zu erreichen und die digitale Souver\u00e4nit\u00e4t zu st\u00e4rken, stehen Organisationen bereits zahlreiche Instrumente zur Verf\u00fcgung: Forschungsf\u00f6rderung, Kooperationen und Informationsaustausch zwischen relevanten Akteuren, die Schaffung und Nutzung gemeinsamer Standards sowie ein robuster regulatorischer Rahmen. All diese Elemente tragen dazu bei, ein widerstandsf\u00e4higes europ\u00e4isches Digital\u00f6kosystem aufzubauen, das den Anspruch auf Souver\u00e4nit\u00e4t ebenso erf\u00fcllt wie den Bedarf an kollektiver Innovation.<\/p>\r\n<p><strong>Die Verringerung technologischer Abh\u00e4ngigkeiten bedeutet auch, sich gegen extraterritoriale Gesetzgebungen abzusichern.<\/strong> Der US Cloud Act erlaubt etwa amerikanischen Beh\u00f6rden den Zugriff auf Daten \u2013 auch dann, wenn sie au\u00dferhalb der USA gespeichert sind. Dieses Beispiel zeigt eindr\u00fccklich, welche Risiken eine mangelnde Souver\u00e4nit\u00e4t birgt: Sie erm\u00f6glicht Dritten den Zugriff auf sensible Informationen \u2013 m\u00f6glicherweise sogar ohne Wissen des Eigent\u00fcmers.<\/p>\r\n<h3>Ein gemeinsamer Weg zu einem unabh\u00e4ngigen digitalen Europa<\/h3>\r\n<p>Die wichtigste Aufgabe besteht darin, einen breiten kollektiven Schulterschluss zu erreichen \u2013 zwischen allen relevanten Kr\u00e4ften des \u00f6ffentlichen und privaten Sektors. Nur gemeinsam l\u00e4sst sich ein unabh\u00e4ngiges, sicheres und nachhaltiges digitales Europa gestalten. Denn Souver\u00e4nit\u00e4t l\u00e4sst sich nicht auf die Entscheidungen Einzelner st\u00fctzen, sondern erfordert ein breit angelegtes, abgestimmtes und ambitioniertes kollektives Handeln.<\/p>\r\n<p><strong>Der Wandel hat bereits begonnen. <\/strong>\u00d6ffentliche Institutionen treiben entsprechende Initiativen voran, und in der Praxis \u00e4u\u00dfern Unternehmen und ihre Kunden immer deutlicher den Wunsch nach technologischer Unabh\u00e4ngigkeit. Werden diese Impulse geb\u00fcndelt, kann digitale Souver\u00e4nit\u00e4t zu einer realen, greifbaren St\u00e4rke werden \u2013 zum Vorteil der Sicherheit, der Wirtschaft und der Zukunft Europas.\u00a0<\/p>\r\n<p><strong><em>Autor:<\/em><\/strong><\/p>\r\n<figure id=\"attachment_22293\" class=\"wp-caption alignnone\" style=\"width: 680px;\" aria-describedby=\"caption-attachment-22293\"><img class=\"size-full wp-image-22293\" src=\"https:\/\/www.m-q.ch\/wp-content\/uploads\/2025\/12\/Cybersicherheit-und-digitale-Souveraenitaet-Kann-Europa-die-Kontrolle-zurueckgewinnen-2_MQ.jpg\" sizes=\"(max-width: 680px) 100vw, 680px\" srcset=\"https:\/\/www.m-q.ch\/wp-content\/uploads\/2025\/12\/Cybersicherheit-und-digitale-Souveraenitaet-Kann-Europa-die-Kontrolle-zurueckgewinnen-2_MQ.jpg 680w, https:\/\/www.m-q.ch\/wp-content\/uploads\/2025\/12\/Cybersicherheit-und-digitale-Souveraenitaet-Kann-Europa-die-Kontrolle-zurueckgewinnen-2_MQ-18x12.jpg 18w, https:\/\/www.m-q.ch\/wp-content\/uploads\/2025\/12\/Cybersicherheit-und-digitale-Souveraenitaet-Kann-Europa-die-Kontrolle-zurueckgewinnen-2_MQ-375x250.jpg 375w, https:\/\/www.m-q.ch\/wp-content\/uploads\/2025\/12\/Cybersicherheit-und-digitale-Souveraenitaet-Kann-Europa-die-Kontrolle-zurueckgewinnen-2_MQ-525x350.jpg 525w\" alt=\"\" width=\"680\" height=\"453\" \/>\r\n<figcaption id=\"caption-attachment-22293\" class=\"wp-caption-text\">Quelle: Stormshield<\/figcaption>\r\n<\/figure>\r\n<p><em>Pierre-Yves Hentzen ist Chairman und CEO von Stormshield, einem Anbieter von Cybersicherheitsl\u00f6sungen f\u00fcr Unternehmen, Regierungsinstitutionen und Verteidigungsbeh\u00f6rden. <a href=\"http:\/\/www.stormshield.com\/de\">www.stormshield.com<\/a><\/em><\/p>\n<p class=\"syndicated-attribution\">Dieser Beitrag erschien urspr\u00fcnglich auf m-q.ch - <a href=\"https:\/\/www.m-q.ch\/de\/cybersicherheit-und-digitale-souveraenitaet-kann-europa-die-kontrolle-zurueckgewinnen\/\" target=\"_blank\">https:\/\/www.m-q.ch\/de\/cybersicherheit-und-digitale-souveraenitaet-kann-europa-die-kontrolle-zurueckgewinnen\/<\/a><\/p>","protected":false},"excerpt":{"rendered":"<p>In europ\u00e4ischen Organisationen w\u00e4chst das Bewusstsein f\u00fcr die Bedeutung digitaler Souver\u00e4nit\u00e4t rasant. Die Wahl einer souver\u00e4nen L\u00f6sung bedeutet im Cybersicherheitsumfeld eine h\u00f6here Widerstandsf\u00e4higkeit gegen Cyberangriffe sowie eine gesicherte Datenintegrit\u00e4t, Vertrauen und Entscheidungsautonomie.<\/p>\n","protected":false},"author":8,"featured_media":0,"comment_status":"closed","ping_status":"closed","sticky":false,"template":"","format":"standard","meta":{"_acf_changed":false,"_yoast_wpseo_focuskw":"digitale Souver\u00e4nit\u00e4t","_yoast_wpseo_metadesc":"In europ\u00e4ischen Organisationen w\u00e4chst das Bewusstsein f\u00fcr die Bedeutung digitaler Souver\u00e4nit\u00e4t rasant. Ein Gastbeitrag.","articlekey":"","footnotes":""},"categories":[582],"tags":[608,4847,156,1138,418,2998],"class_list":["post-42853","post","type-post","status-publish","format-standard","hentry","category-operational-excellence","tag-cybersicherheit","tag-digitale-souveraenitaet","tag-digitalisierung","tag-europa","tag-risikomanagement","tag-sicherheitspolitik"],"acf":[],"yoast_head":"<!-- This site is optimized with the Yoast SEO plugin v27.4 - https:\/\/yoast.com\/product\/yoast-seo-wordpress\/ -->\n<title>Cybersicherheit und digitale Souver\u00e4nit\u00e4t: Kann Europa die Kontrolle zur\u00fcckgewinnen? - Organisator<\/title>\n<meta name=\"description\" content=\"In europ\u00e4ischen Organisationen w\u00e4chst das Bewusstsein f\u00fcr die Bedeutung digitaler Souver\u00e4nit\u00e4t rasant. Ein Gastbeitrag.\" \/>\n<meta name=\"robots\" content=\"index, follow, max-snippet:-1, max-image-preview:large, max-video-preview:-1\" \/>\n<link rel=\"canonical\" href=\"https:\/\/www.organisator.ch\/de\/operational-excellence\/2025-12-18\/cybersicherheit-und-digitale-souveraenitaet-kann-europa-die-kontrolle-zurueckgewinnen\/\" \/>\n<meta property=\"og:locale\" content=\"de_DE\" \/>\n<meta property=\"og:type\" content=\"article\" \/>\n<meta property=\"og:title\" content=\"Cybersicherheit und digitale Souver\u00e4nit\u00e4t: Kann Europa die Kontrolle zur\u00fcckgewinnen? - Organisator\" \/>\n<meta property=\"og:description\" content=\"In europ\u00e4ischen Organisationen w\u00e4chst das Bewusstsein f\u00fcr die Bedeutung digitaler Souver\u00e4nit\u00e4t rasant. Ein Gastbeitrag.\" \/>\n<meta property=\"og:url\" content=\"https:\/\/www.organisator.ch\/de\/operational-excellence\/2025-12-18\/cybersicherheit-und-digitale-souveraenitaet-kann-europa-die-kontrolle-zurueckgewinnen\/\" \/>\n<meta property=\"og:site_name\" content=\"Organisator\" \/>\n<meta property=\"article:publisher\" content=\"https:\/\/www.facebook.com\/OrganisatorFachmagazin\" \/>\n<meta property=\"article:published_time\" content=\"2025-12-18T04:11:00+00:00\" \/>\n<meta property=\"article:modified_time\" content=\"2025-12-18T07:01:54+00:00\" \/>\n<meta property=\"og:image\" content=\"https:\/\/www.organisator.ch\/wp-content\/uploads\/2023\/10\/Fachkraeftemangel-Studie_Bild4_ps.jpg\" \/>\n\t<meta property=\"og:image:width\" content=\"680\" \/>\n\t<meta property=\"og:image:height\" content=\"453\" \/>\n\t<meta property=\"og:image:type\" content=\"image\/jpeg\" \/>\n<meta name=\"author\" content=\"galledia\" \/>\n<meta name=\"twitter:card\" content=\"summary_large_image\" \/>\n<meta name=\"twitter:creator\" content=\"@admin\" \/>\n<script type=\"application\/ld+json\" class=\"yoast-schema-graph\">{\"@context\":\"https:\\\/\\\/schema.org\",\"@graph\":[{\"@type\":\"Article\",\"@id\":\"https:\\\/\\\/www.organisator.ch\\\/operational-excellence\\\/2025-12-18\\\/cybersicherheit-und-digitale-souveraenitaet-kann-europa-die-kontrolle-zurueckgewinnen\\\/#article\",\"isPartOf\":{\"@id\":\"https:\\\/\\\/www.organisator.ch\\\/operational-excellence\\\/2025-12-18\\\/cybersicherheit-und-digitale-souveraenitaet-kann-europa-die-kontrolle-zurueckgewinnen\\\/\"},\"author\":{\"name\":\"galledia\",\"@id\":\"https:\\\/\\\/www.organisator.ch\\\/#\\\/schema\\\/person\\\/4e51799071cd2dd1232ac003643ef5f0\"},\"headline\":\"Cybersicherheit und digitale Souver\u00e4nit\u00e4t: Kann Europa die Kontrolle zur\u00fcckgewinnen?\",\"datePublished\":\"2025-12-18T04:11:00+00:00\",\"dateModified\":\"2025-12-18T07:01:54+00:00\",\"mainEntityOfPage\":{\"@id\":\"https:\\\/\\\/www.organisator.ch\\\/operational-excellence\\\/2025-12-18\\\/cybersicherheit-und-digitale-souveraenitaet-kann-europa-die-kontrolle-zurueckgewinnen\\\/\"},\"wordCount\":896,\"publisher\":{\"@id\":\"https:\\\/\\\/www.organisator.ch\\\/#organization\"},\"image\":{\"@id\":\"https:\\\/\\\/www.organisator.ch\\\/operational-excellence\\\/2025-12-18\\\/cybersicherheit-und-digitale-souveraenitaet-kann-europa-die-kontrolle-zurueckgewinnen\\\/#primaryimage\"},\"thumbnailUrl\":\"https:\\\/\\\/www.m-q.ch\\\/wp-content\\\/uploads\\\/2025\\\/12\\\/Cybersicherheit-und-digitale-Souveraenitaet-Kann-Europa-die-Kontrolle-zurueckgewinnen_MQ.png\",\"keywords\":[\"Cybersicherheit\",\"Digitale Souver\u00e4nit\u00e4t\",\"Digitalisierung\",\"Europa\",\"Risikomanagement\",\"Sicherheitspolitik\"],\"articleSection\":[\"OPERATIONAL EXCELLENCE\"],\"inLanguage\":\"de\"},{\"@type\":\"WebPage\",\"@id\":\"https:\\\/\\\/www.organisator.ch\\\/operational-excellence\\\/2025-12-18\\\/cybersicherheit-und-digitale-souveraenitaet-kann-europa-die-kontrolle-zurueckgewinnen\\\/\",\"url\":\"https:\\\/\\\/www.organisator.ch\\\/operational-excellence\\\/2025-12-18\\\/cybersicherheit-und-digitale-souveraenitaet-kann-europa-die-kontrolle-zurueckgewinnen\\\/\",\"name\":\"Cybersicherheit und digitale Souver\u00e4nit\u00e4t: Kann Europa die Kontrolle zur\u00fcckgewinnen? - Organisator\",\"isPartOf\":{\"@id\":\"https:\\\/\\\/www.organisator.ch\\\/#website\"},\"primaryImageOfPage\":{\"@id\":\"https:\\\/\\\/www.organisator.ch\\\/operational-excellence\\\/2025-12-18\\\/cybersicherheit-und-digitale-souveraenitaet-kann-europa-die-kontrolle-zurueckgewinnen\\\/#primaryimage\"},\"image\":{\"@id\":\"https:\\\/\\\/www.organisator.ch\\\/operational-excellence\\\/2025-12-18\\\/cybersicherheit-und-digitale-souveraenitaet-kann-europa-die-kontrolle-zurueckgewinnen\\\/#primaryimage\"},\"thumbnailUrl\":\"https:\\\/\\\/www.m-q.ch\\\/wp-content\\\/uploads\\\/2025\\\/12\\\/Cybersicherheit-und-digitale-Souveraenitaet-Kann-Europa-die-Kontrolle-zurueckgewinnen_MQ.png\",\"datePublished\":\"2025-12-18T04:11:00+00:00\",\"dateModified\":\"2025-12-18T07:01:54+00:00\",\"description\":\"In europ\u00e4ischen Organisationen w\u00e4chst das Bewusstsein f\u00fcr die Bedeutung digitaler Souver\u00e4nit\u00e4t rasant. Ein Gastbeitrag.\",\"breadcrumb\":{\"@id\":\"https:\\\/\\\/www.organisator.ch\\\/operational-excellence\\\/2025-12-18\\\/cybersicherheit-und-digitale-souveraenitaet-kann-europa-die-kontrolle-zurueckgewinnen\\\/#breadcrumb\"},\"inLanguage\":\"de\",\"potentialAction\":[{\"@type\":\"ReadAction\",\"target\":[\"https:\\\/\\\/www.organisator.ch\\\/operational-excellence\\\/2025-12-18\\\/cybersicherheit-und-digitale-souveraenitaet-kann-europa-die-kontrolle-zurueckgewinnen\\\/\"]}]},{\"@type\":\"ImageObject\",\"inLanguage\":\"de\",\"@id\":\"https:\\\/\\\/www.organisator.ch\\\/operational-excellence\\\/2025-12-18\\\/cybersicherheit-und-digitale-souveraenitaet-kann-europa-die-kontrolle-zurueckgewinnen\\\/#primaryimage\",\"url\":\"https:\\\/\\\/www.m-q.ch\\\/wp-content\\\/uploads\\\/2025\\\/12\\\/Cybersicherheit-und-digitale-Souveraenitaet-Kann-Europa-die-Kontrolle-zurueckgewinnen_MQ.png\",\"contentUrl\":\"https:\\\/\\\/www.m-q.ch\\\/wp-content\\\/uploads\\\/2025\\\/12\\\/Cybersicherheit-und-digitale-Souveraenitaet-Kann-Europa-die-Kontrolle-zurueckgewinnen_MQ.png\"},{\"@type\":\"BreadcrumbList\",\"@id\":\"https:\\\/\\\/www.organisator.ch\\\/operational-excellence\\\/2025-12-18\\\/cybersicherheit-und-digitale-souveraenitaet-kann-europa-die-kontrolle-zurueckgewinnen\\\/#breadcrumb\",\"itemListElement\":[{\"@type\":\"ListItem\",\"position\":1,\"name\":\"Home\",\"item\":\"https:\\\/\\\/www.organisator.ch\\\/\"},{\"@type\":\"ListItem\",\"position\":2,\"name\":\"Cybersicherheit und digitale Souver\u00e4nit\u00e4t: Kann Europa die Kontrolle zur\u00fcckgewinnen?\"}]},{\"@type\":\"WebSite\",\"@id\":\"https:\\\/\\\/www.organisator.ch\\\/#website\",\"url\":\"https:\\\/\\\/www.organisator.ch\\\/\",\"name\":\"Organisator\",\"description\":\"Kompetent. Praxisnah. Der ORGANISATOR bereitet in 10 Ausgaben pro Jahr die wesentlichen Themen f\u00fcr F\u00fchrungskr\u00e4fte von KMU auf.\",\"publisher\":{\"@id\":\"https:\\\/\\\/www.organisator.ch\\\/#organization\"},\"potentialAction\":[{\"@type\":\"SearchAction\",\"target\":{\"@type\":\"EntryPoint\",\"urlTemplate\":\"https:\\\/\\\/www.organisator.ch\\\/?s={search_term_string}\"},\"query-input\":{\"@type\":\"PropertyValueSpecification\",\"valueRequired\":true,\"valueName\":\"search_term_string\"}}],\"inLanguage\":\"de\"},{\"@type\":\"Organization\",\"@id\":\"https:\\\/\\\/www.organisator.ch\\\/#organization\",\"name\":\"Organisator\",\"url\":\"https:\\\/\\\/www.organisator.ch\\\/\",\"logo\":{\"@type\":\"ImageObject\",\"inLanguage\":\"de\",\"@id\":\"https:\\\/\\\/www.organisator.ch\\\/#\\\/schema\\\/logo\\\/image\\\/\",\"url\":\"https:\\\/\\\/www.organisator.ch\\\/wp-content\\\/uploads\\\/2022\\\/01\\\/Logo_Organisator_Website.png\",\"contentUrl\":\"https:\\\/\\\/www.organisator.ch\\\/wp-content\\\/uploads\\\/2022\\\/01\\\/Logo_Organisator_Website.png\",\"width\":800,\"height\":77,\"caption\":\"Organisator\"},\"image\":{\"@id\":\"https:\\\/\\\/www.organisator.ch\\\/#\\\/schema\\\/logo\\\/image\\\/\"},\"sameAs\":[\"https:\\\/\\\/www.facebook.com\\\/OrganisatorFachmagazin\",\"https:\\\/\\\/www.linkedin.com\\\/showcase\\\/organisator-das-magazin-fr-kmu\",\"https:\\\/\\\/www.xing.com\\\/news\\\/pages\\\/organisator-ch-695\",\"https:\\\/\\\/www.youtube.com\\\/channel\\\/UCGP2Sq0iWaZwT3BdIAQFYpw\"]},{\"@type\":\"Person\",\"@id\":\"https:\\\/\\\/www.organisator.ch\\\/#\\\/schema\\\/person\\\/4e51799071cd2dd1232ac003643ef5f0\",\"name\":\"galledia\",\"image\":{\"@type\":\"ImageObject\",\"inLanguage\":\"de\",\"@id\":\"https:\\\/\\\/secure.gravatar.com\\\/avatar\\\/78a7f90c01fc2bfc875782a0d4922b37cde2cf184ce347b91316d23cd7f69a36?s=96&d=mm&r=g\",\"url\":\"https:\\\/\\\/secure.gravatar.com\\\/avatar\\\/78a7f90c01fc2bfc875782a0d4922b37cde2cf184ce347b91316d23cd7f69a36?s=96&d=mm&r=g\",\"contentUrl\":\"https:\\\/\\\/secure.gravatar.com\\\/avatar\\\/78a7f90c01fc2bfc875782a0d4922b37cde2cf184ce347b91316d23cd7f69a36?s=96&d=mm&r=g\",\"caption\":\"galledia\"},\"sameAs\":[\"https:\\\/\\\/x.com\\\/admin\"],\"url\":\"https:\\\/\\\/www.organisator.ch\\\/de\\\/author\\\/galledia\\\/\"}]}<\/script>\n<!-- \/ Yoast SEO plugin. -->","yoast_head_json":{"title":"Cybersicherheit und digitale Souver\u00e4nit\u00e4t: Kann Europa die Kontrolle zur\u00fcckgewinnen? - Organisator","description":"In europ\u00e4ischen Organisationen w\u00e4chst das Bewusstsein f\u00fcr die Bedeutung digitaler Souver\u00e4nit\u00e4t rasant. Ein Gastbeitrag.","robots":{"index":"index","follow":"follow","max-snippet":"max-snippet:-1","max-image-preview":"max-image-preview:large","max-video-preview":"max-video-preview:-1"},"canonical":"https:\/\/www.organisator.ch\/de\/operational-excellence\/2025-12-18\/cybersicherheit-und-digitale-souveraenitaet-kann-europa-die-kontrolle-zurueckgewinnen\/","og_locale":"de_DE","og_type":"article","og_title":"Cybersicherheit und digitale Souver\u00e4nit\u00e4t: Kann Europa die Kontrolle zur\u00fcckgewinnen? - Organisator","og_description":"In europ\u00e4ischen Organisationen w\u00e4chst das Bewusstsein f\u00fcr die Bedeutung digitaler Souver\u00e4nit\u00e4t rasant. Ein Gastbeitrag.","og_url":"https:\/\/www.organisator.ch\/de\/operational-excellence\/2025-12-18\/cybersicherheit-und-digitale-souveraenitaet-kann-europa-die-kontrolle-zurueckgewinnen\/","og_site_name":"Organisator","article_publisher":"https:\/\/www.facebook.com\/OrganisatorFachmagazin","article_published_time":"2025-12-18T04:11:00+00:00","article_modified_time":"2025-12-18T07:01:54+00:00","og_image":[{"width":680,"height":453,"url":"https:\/\/www.organisator.ch\/wp-content\/uploads\/2023\/10\/Fachkraeftemangel-Studie_Bild4_ps.jpg","type":"image\/jpeg"}],"author":"galledia","twitter_card":"summary_large_image","twitter_creator":"@admin","schema":{"@context":"https:\/\/schema.org","@graph":[{"@type":"Article","@id":"https:\/\/www.organisator.ch\/operational-excellence\/2025-12-18\/cybersicherheit-und-digitale-souveraenitaet-kann-europa-die-kontrolle-zurueckgewinnen\/#article","isPartOf":{"@id":"https:\/\/www.organisator.ch\/operational-excellence\/2025-12-18\/cybersicherheit-und-digitale-souveraenitaet-kann-europa-die-kontrolle-zurueckgewinnen\/"},"author":{"name":"galledia","@id":"https:\/\/www.organisator.ch\/#\/schema\/person\/4e51799071cd2dd1232ac003643ef5f0"},"headline":"Cybersicherheit und digitale Souver\u00e4nit\u00e4t: Kann Europa die Kontrolle zur\u00fcckgewinnen?","datePublished":"2025-12-18T04:11:00+00:00","dateModified":"2025-12-18T07:01:54+00:00","mainEntityOfPage":{"@id":"https:\/\/www.organisator.ch\/operational-excellence\/2025-12-18\/cybersicherheit-und-digitale-souveraenitaet-kann-europa-die-kontrolle-zurueckgewinnen\/"},"wordCount":896,"publisher":{"@id":"https:\/\/www.organisator.ch\/#organization"},"image":{"@id":"https:\/\/www.organisator.ch\/operational-excellence\/2025-12-18\/cybersicherheit-und-digitale-souveraenitaet-kann-europa-die-kontrolle-zurueckgewinnen\/#primaryimage"},"thumbnailUrl":"https:\/\/www.m-q.ch\/wp-content\/uploads\/2025\/12\/Cybersicherheit-und-digitale-Souveraenitaet-Kann-Europa-die-Kontrolle-zurueckgewinnen_MQ.png","keywords":["Cybersicherheit","Digitale Souver\u00e4nit\u00e4t","Digitalisierung","Europa","Risikomanagement","Sicherheitspolitik"],"articleSection":["OPERATIONAL EXCELLENCE"],"inLanguage":"de"},{"@type":"WebPage","@id":"https:\/\/www.organisator.ch\/operational-excellence\/2025-12-18\/cybersicherheit-und-digitale-souveraenitaet-kann-europa-die-kontrolle-zurueckgewinnen\/","url":"https:\/\/www.organisator.ch\/operational-excellence\/2025-12-18\/cybersicherheit-und-digitale-souveraenitaet-kann-europa-die-kontrolle-zurueckgewinnen\/","name":"Cybersicherheit und digitale Souver\u00e4nit\u00e4t: Kann Europa die Kontrolle zur\u00fcckgewinnen? - Organisator","isPartOf":{"@id":"https:\/\/www.organisator.ch\/#website"},"primaryImageOfPage":{"@id":"https:\/\/www.organisator.ch\/operational-excellence\/2025-12-18\/cybersicherheit-und-digitale-souveraenitaet-kann-europa-die-kontrolle-zurueckgewinnen\/#primaryimage"},"image":{"@id":"https:\/\/www.organisator.ch\/operational-excellence\/2025-12-18\/cybersicherheit-und-digitale-souveraenitaet-kann-europa-die-kontrolle-zurueckgewinnen\/#primaryimage"},"thumbnailUrl":"https:\/\/www.m-q.ch\/wp-content\/uploads\/2025\/12\/Cybersicherheit-und-digitale-Souveraenitaet-Kann-Europa-die-Kontrolle-zurueckgewinnen_MQ.png","datePublished":"2025-12-18T04:11:00+00:00","dateModified":"2025-12-18T07:01:54+00:00","description":"In europ\u00e4ischen Organisationen w\u00e4chst das Bewusstsein f\u00fcr die Bedeutung digitaler Souver\u00e4nit\u00e4t rasant. Ein Gastbeitrag.","breadcrumb":{"@id":"https:\/\/www.organisator.ch\/operational-excellence\/2025-12-18\/cybersicherheit-und-digitale-souveraenitaet-kann-europa-die-kontrolle-zurueckgewinnen\/#breadcrumb"},"inLanguage":"de","potentialAction":[{"@type":"ReadAction","target":["https:\/\/www.organisator.ch\/operational-excellence\/2025-12-18\/cybersicherheit-und-digitale-souveraenitaet-kann-europa-die-kontrolle-zurueckgewinnen\/"]}]},{"@type":"ImageObject","inLanguage":"de","@id":"https:\/\/www.organisator.ch\/operational-excellence\/2025-12-18\/cybersicherheit-und-digitale-souveraenitaet-kann-europa-die-kontrolle-zurueckgewinnen\/#primaryimage","url":"https:\/\/www.m-q.ch\/wp-content\/uploads\/2025\/12\/Cybersicherheit-und-digitale-Souveraenitaet-Kann-Europa-die-Kontrolle-zurueckgewinnen_MQ.png","contentUrl":"https:\/\/www.m-q.ch\/wp-content\/uploads\/2025\/12\/Cybersicherheit-und-digitale-Souveraenitaet-Kann-Europa-die-Kontrolle-zurueckgewinnen_MQ.png"},{"@type":"BreadcrumbList","@id":"https:\/\/www.organisator.ch\/operational-excellence\/2025-12-18\/cybersicherheit-und-digitale-souveraenitaet-kann-europa-die-kontrolle-zurueckgewinnen\/#breadcrumb","itemListElement":[{"@type":"ListItem","position":1,"name":"Home","item":"https:\/\/www.organisator.ch\/"},{"@type":"ListItem","position":2,"name":"Cybersicherheit und digitale Souver\u00e4nit\u00e4t: Kann Europa die Kontrolle zur\u00fcckgewinnen?"}]},{"@type":"WebSite","@id":"https:\/\/www.organisator.ch\/#website","url":"https:\/\/www.organisator.ch\/","name":"Organisator","description":"Kompetent. Praxisnah. Der ORGANISATOR bereitet in 10 Ausgaben pro Jahr die wesentlichen Themen f\u00fcr F\u00fchrungskr\u00e4fte von KMU auf.","publisher":{"@id":"https:\/\/www.organisator.ch\/#organization"},"potentialAction":[{"@type":"SearchAction","target":{"@type":"EntryPoint","urlTemplate":"https:\/\/www.organisator.ch\/?s={search_term_string}"},"query-input":{"@type":"PropertyValueSpecification","valueRequired":true,"valueName":"search_term_string"}}],"inLanguage":"de"},{"@type":"Organization","@id":"https:\/\/www.organisator.ch\/#organization","name":"Organisator","url":"https:\/\/www.organisator.ch\/","logo":{"@type":"ImageObject","inLanguage":"de","@id":"https:\/\/www.organisator.ch\/#\/schema\/logo\/image\/","url":"https:\/\/www.organisator.ch\/wp-content\/uploads\/2022\/01\/Logo_Organisator_Website.png","contentUrl":"https:\/\/www.organisator.ch\/wp-content\/uploads\/2022\/01\/Logo_Organisator_Website.png","width":800,"height":77,"caption":"Organisator"},"image":{"@id":"https:\/\/www.organisator.ch\/#\/schema\/logo\/image\/"},"sameAs":["https:\/\/www.facebook.com\/OrganisatorFachmagazin","https:\/\/www.linkedin.com\/showcase\/organisator-das-magazin-fr-kmu","https:\/\/www.xing.com\/news\/pages\/organisator-ch-695","https:\/\/www.youtube.com\/channel\/UCGP2Sq0iWaZwT3BdIAQFYpw"]},{"@type":"Person","@id":"https:\/\/www.organisator.ch\/#\/schema\/person\/4e51799071cd2dd1232ac003643ef5f0","name":"galledia","image":{"@type":"ImageObject","inLanguage":"de","@id":"https:\/\/secure.gravatar.com\/avatar\/78a7f90c01fc2bfc875782a0d4922b37cde2cf184ce347b91316d23cd7f69a36?s=96&d=mm&r=g","url":"https:\/\/secure.gravatar.com\/avatar\/78a7f90c01fc2bfc875782a0d4922b37cde2cf184ce347b91316d23cd7f69a36?s=96&d=mm&r=g","contentUrl":"https:\/\/secure.gravatar.com\/avatar\/78a7f90c01fc2bfc875782a0d4922b37cde2cf184ce347b91316d23cd7f69a36?s=96&d=mm&r=g","caption":"galledia"},"sameAs":["https:\/\/x.com\/admin"],"url":"https:\/\/www.organisator.ch\/de\/author\/galledia\/"}]}},"_links":{"self":[{"href":"https:\/\/www.organisator.ch\/de\/wp-json\/wp\/v2\/posts\/42853","targetHints":{"allow":["GET"]}}],"collection":[{"href":"https:\/\/www.organisator.ch\/de\/wp-json\/wp\/v2\/posts"}],"about":[{"href":"https:\/\/www.organisator.ch\/de\/wp-json\/wp\/v2\/types\/post"}],"author":[{"embeddable":true,"href":"https:\/\/www.organisator.ch\/de\/wp-json\/wp\/v2\/users\/8"}],"replies":[{"embeddable":true,"href":"https:\/\/www.organisator.ch\/de\/wp-json\/wp\/v2\/comments?post=42853"}],"version-history":[{"count":6,"href":"https:\/\/www.organisator.ch\/de\/wp-json\/wp\/v2\/posts\/42853\/revisions"}],"predecessor-version":[{"id":42865,"href":"https:\/\/www.organisator.ch\/de\/wp-json\/wp\/v2\/posts\/42853\/revisions\/42865"}],"wp:attachment":[{"href":"https:\/\/www.organisator.ch\/de\/wp-json\/wp\/v2\/media?parent=42853"}],"wp:term":[{"taxonomy":"category","embeddable":true,"href":"https:\/\/www.organisator.ch\/de\/wp-json\/wp\/v2\/categories?post=42853"},{"taxonomy":"post_tag","embeddable":true,"href":"https:\/\/www.organisator.ch\/de\/wp-json\/wp\/v2\/tags?post=42853"}],"curies":[{"name":"wp","href":"https:\/\/api.w.org\/{rel}","templated":true}]}}