{"id":42894,"date":"2025-12-19T08:03:46","date_gmt":"2025-12-19T07:03:46","guid":{"rendered":"https:\/\/www.m-q.ch\/?p=22295"},"modified":"2025-12-22T14:18:27","modified_gmt":"2025-12-22T13:18:27","slug":"swiss-cyber-security-days-2026-mut-zur-digitalen-souveraenitaet","status":"publish","type":"post","link":"https:\/\/www.organisator.ch\/de\/operational-excellence\/2025-12-19\/swiss-cyber-security-days-2026-mut-zur-digitalen-souveraenitaet\/","title":{"rendered":"Swiss Cyber Security Days 2026: Mut zur digitalen Souver\u00e4nit\u00e4t"},"content":{"rendered":"<figure id=\"attachment_22296\" class=\"wp-caption alignnone\" style=\"width: 680px;\" aria-describedby=\"caption-attachment-22296\"><img class=\"size-full wp-image-22296\" src=\"https:\/\/www.m-q.ch\/wp-content\/uploads\/2025\/12\/Swiss-Cyber-Security-Days-2026-Mut-zur-digitalen-Souveraenitaet_MQ.jpg\" sizes=\"(max-width: 680px) 100vw, 680px\" srcset=\"https:\/\/www.m-q.ch\/wp-content\/uploads\/2025\/12\/Swiss-Cyber-Security-Days-2026-Mut-zur-digitalen-Souveraenitaet_MQ.jpg 680w, https:\/\/www.m-q.ch\/wp-content\/uploads\/2025\/12\/Swiss-Cyber-Security-Days-2026-Mut-zur-digitalen-Souveraenitaet_MQ-18x12.jpg 18w, https:\/\/www.m-q.ch\/wp-content\/uploads\/2025\/12\/Swiss-Cyber-Security-Days-2026-Mut-zur-digitalen-Souveraenitaet_MQ-375x244.jpg 375w, https:\/\/www.m-q.ch\/wp-content\/uploads\/2025\/12\/Swiss-Cyber-Security-Days-2026-Mut-zur-digitalen-Souveraenitaet_MQ-538x350.jpg 538w\" alt=\"\" width=\"680\" height=\"442\" \/>\r\n<figcaption id=\"caption-attachment-22296\" class=\"wp-caption-text\">Impressionen von den Swiss Cyber Security Days 2025. Auch am 17.\/18. Februar 2026 zeigen diverse Aussteller ihre Dienstleistungen und Produkte f\u00fcr Cybersicherheit. (Bild: Thomas Berner)<\/figcaption>\r\n<\/figure>\r\n<p>Daten, Code und digitale Infrastrukturen sind die neuen Bausteine von Macht, Freiheit und Selbstbestimmung. \u00abDigital Sovereignty \u2013 The New Frontier\u00bb bedeutet, dass wir selbst \u00fcber unsere digitalen Infrastrukturen bestimmen und diese aktiv steuern. Dabei geht es nicht um Abkapselung, sondern um gelebte Wahlm\u00f6glichkeiten, um Autonomie, Transparenz und Freiheit. Das Motto der SCSD 2026 setzt eine Einladung hinaus in die Grenzregion der digitalen Selbstbestimmung.<\/p>\r\n<h3>Digitale Souver\u00e4nit\u00e4t heisst Selbstbestimmung und Freiheit<\/h3>\r\n<p>Damit einher geht der Aufruf, die Entwicklungen aktiv mitzugestalten. \u00abDigitale Souver\u00e4nit\u00e4t ist keine Frage der Abschottung, sondern der Selbstbestimmung. Diese Verantwortung d\u00fcrfen wir nicht delegieren, sondern aktiv wahrnehmen.\u00bb sagt Nik Gugger, Nationalrat und Pr\u00e4sident der SCSD.<\/p>\r\n<p>Das Publikum darf sich auf zwei inhaltlich hochkar\u00e4tige Tage freuen: Bundeskanzler Viktor Rossi wird die Er\u00f6ffnungsrede halten. Zudem zeigt der Direktor des Bundesamtes f\u00fcr Cybersicherheit Florian Sch\u00fctz an einer Keynote auf, wie die Cyberresilienz der Schweiz gemeinsam gesteigert werden kann. Das Herzst\u00fcck der SCSD 2026 bildet ein dreist\u00fcndiger Schwerpunkt zur digitalen Souver\u00e4nit\u00e4t, getragen von einer der klarsten und mutigsten europ\u00e4ischen Stimmen, Dr. Cristina Caffarra. Gemeinsam mit Nextcloud, Eurostack sowie europ\u00e4ischen und schweizerischen Partnern entfalten wir eine \u00fcberzeugende Vision, warum digitale Souver\u00e4nit\u00e4t nicht nur notwendig, sondern attraktiv und zukunftsweisend ist. Mit dabei sind ausserdem die NATO, Dr. Jean-Marc Rickli vom Geneva Center for Security Policy (GCSP), das FBI, Prof. Dr. Touradj Ebrahimi der EPFL sowie neuste Erkenntnisse aus den Bereichen E-ID, KI-Sicherheit und Quantencomputing. Ein Highlight wird auch der Beitrag von Prof. Dr. Dr. Oliver Hoffmann. In seiner Forschung besch\u00e4ftigt er sich intensiv mit den psychologischen Bedingungen zukunftsf\u00e4higer Arbeit und den Auswirkungen von k\u00fcnstlicher Intelligenz auf unser Selbstverst\u00e4ndnis.<\/p>\r\n<h3>Neue KMU Zone und namhafte Ausstellende<\/h3>\r\n<p>Besonders exponiert ist auch das R\u00fcckgrat der Schweizer Wirtschaft \u2013 die KMU. Wer die eigene IT-Infrastruktur versteht und steuert, sch\u00fctzt nicht nur sein Gesch\u00e4ft, sondern gewinnt auch an Freiheit: die Freiheit, Technologien zu w\u00e4hlen, zu wechseln, zu kombinieren. F\u00fcr KMU wird digitale Souver\u00e4nit\u00e4t zum Leuchtturm, der durch den Nebel aus Risiko, Abh\u00e4ngigkeit und wachsendem Druck f\u00fchrt. Die neue und speziell daf\u00fcr geschaffene KMU Zone tr\u00e4gt diesem Umstand Rechnung und verbindet KMU mit relevanten IT-Dienstleistern. Hier treffen Entscheidungstr\u00e4ger:innen auf erfahrene IT- und Sicherheitsspezialist:innen, die praxisnahe Tools, L\u00f6sungen und Best Practices pr\u00e4sentieren. Die Zone bietet Orientierung, inspiriert zu neuen Partnerschaften und begleitet Unternehmen auf ihrem Weg in eine sichere, digitale Zukunft.<\/p>\r\n<p>In der Start-up Zone zeigen junge Unternehmen ihre innovativen Cyber-Security-L\u00f6sungen und treten in direkten Austausch mit potenziellen Partnern, Investoren und Fachbesucher:innen. Gemeinsam mit \u00fcber 90 Ausstellenden wie Hornetsecurity, ELCA, Keepit, Sophos, Cloudflare, Redhat oder Axpo entsteht eine vielseitige Plattform f\u00fcr praxisnahe L\u00f6sungen, technologische Innovationen und den direkten Wissenstransfer.<\/p>\r\n<h3>Tickets und Formate \u2013 Zugang zu Wissen, Austausch und Inspiration<\/h3>\r\n<p>Die Swiss Cyber Security Days 2026 bieten f\u00fcr jedes Interesse das passende Ticketformat \u2013 vom EXPO-Access \u00fcber den CONGRESS-Access bis hin zum exklusiven VIP-Ticket. Noch bis zum 31. Dezember 2025 profitieren Besuchende vom Early-Bird-Angebot. Neu umfasst der EXPO-Access auch den Zugang zur Tech Stage, auf der praxisnahe Kurzvortr\u00e4ge und technische Insights geboten werden.<\/p>\r\n<p><em>Weitere Informationen und Tickets: <a href=\"http:\/\/www.scsd.ch\/tickets\">www.scsd.ch\/tickets<\/a><\/em><\/p>\n<p class=\"syndicated-attribution\">Dieser Beitrag erschien urspr\u00fcnglich auf m-q.ch - <a href=\"https:\/\/www.m-q.ch\/de\/swiss-cyber-security-days-2026-mut-zur-digitalen-souveraenitaet\/\" target=\"_blank\">https:\/\/www.m-q.ch\/de\/swiss-cyber-security-days-2026-mut-zur-digitalen-souveraenitaet\/<\/a><\/p>","protected":false},"excerpt":{"rendered":"<p>Am 17. und 18. Februar 2026 finden die Swiss Cyber Security Days SCSD zum siebten Mal statt. Auf der Main- und Tech-Stage des Kongressbereiches, werden f\u00fchrende nationale und internationale Referentinnen und Referenten \u00fcber zwei Tage hinweg die Chancen und Herausforderungen des Cyberraums sowie neuer Technologien wie KI und Quantencomputing beleuchten. Auch diverse Aussteller werden vor Ort sein.<\/p>\n","protected":false},"author":8,"featured_media":0,"comment_status":"closed","ping_status":"closed","sticky":false,"template":"","format":"standard","meta":{"_acf_changed":false,"_yoast_wpseo_focuskw":"Cyber Security Days","_yoast_wpseo_metadesc":"Am 17. und 18. Februar 2026 finden die Swiss Cyber Security Days SCSD zum siebten Mal statt. Der Fokus liegt auf digitaler Souver\u00e4nit\u00e4t.","articlekey":"","footnotes":""},"categories":[582],"tags":[608,193,418,2998,2804],"class_list":["post-42894","post","type-post","status-publish","format-standard","hentry","category-operational-excellence","tag-cybersicherheit","tag-fachkongressfachmesse","tag-risikomanagement","tag-sicherheitspolitik","tag-swiss-cyber-security-days"],"acf":[],"yoast_head":"<!-- This site is optimized with the Yoast SEO plugin v27.5 - https:\/\/yoast.com\/product\/yoast-seo-wordpress\/ -->\n<title>Swiss Cyber Security Days 2026: Mut zur digitalen Souver\u00e4nit\u00e4t - Organisator<\/title>\n<meta name=\"description\" content=\"Am 17. und 18. Februar 2026 finden die Swiss Cyber Security Days SCSD zum siebten Mal statt. Der Fokus liegt auf digitaler Souver\u00e4nit\u00e4t.\" \/>\n<meta name=\"robots\" content=\"index, follow, max-snippet:-1, max-image-preview:large, max-video-preview:-1\" \/>\n<link rel=\"canonical\" href=\"https:\/\/www.organisator.ch\/de\/operational-excellence\/2025-12-19\/swiss-cyber-security-days-2026-mut-zur-digitalen-souveraenitaet\/\" \/>\n<meta property=\"og:locale\" content=\"de_DE\" \/>\n<meta property=\"og:type\" content=\"article\" \/>\n<meta property=\"og:title\" content=\"Swiss Cyber Security Days 2026: Mut zur digitalen Souver\u00e4nit\u00e4t - Organisator\" \/>\n<meta property=\"og:description\" content=\"Am 17. und 18. Februar 2026 finden die Swiss Cyber Security Days SCSD zum siebten Mal statt. Der Fokus liegt auf digitaler Souver\u00e4nit\u00e4t.\" \/>\n<meta property=\"og:url\" content=\"https:\/\/www.organisator.ch\/de\/operational-excellence\/2025-12-19\/swiss-cyber-security-days-2026-mut-zur-digitalen-souveraenitaet\/\" \/>\n<meta property=\"og:site_name\" content=\"Organisator\" \/>\n<meta property=\"article:publisher\" content=\"https:\/\/www.facebook.com\/OrganisatorFachmagazin\" \/>\n<meta property=\"article:published_time\" content=\"2025-12-19T07:03:46+00:00\" \/>\n<meta property=\"article:modified_time\" content=\"2025-12-22T13:18:27+00:00\" \/>\n<meta name=\"author\" content=\"galledia\" \/>\n<meta name=\"twitter:card\" content=\"summary_large_image\" \/>\n<meta name=\"twitter:creator\" content=\"@admin\" \/>\n<script type=\"application\/ld+json\" class=\"yoast-schema-graph\">{\"@context\":\"https:\\\/\\\/schema.org\",\"@graph\":[{\"@type\":\"Article\",\"@id\":\"https:\\\/\\\/www.organisator.ch\\\/operational-excellence\\\/2025-12-19\\\/swiss-cyber-security-days-2026-mut-zur-digitalen-souveraenitaet\\\/#article\",\"isPartOf\":{\"@id\":\"https:\\\/\\\/www.organisator.ch\\\/operational-excellence\\\/2025-12-19\\\/swiss-cyber-security-days-2026-mut-zur-digitalen-souveraenitaet\\\/\"},\"author\":{\"name\":\"galledia\",\"@id\":\"https:\\\/\\\/www.organisator.ch\\\/#\\\/schema\\\/person\\\/4e51799071cd2dd1232ac003643ef5f0\"},\"headline\":\"Swiss Cyber Security Days 2026: Mut zur digitalen Souver\u00e4nit\u00e4t\",\"datePublished\":\"2025-12-19T07:03:46+00:00\",\"dateModified\":\"2025-12-22T13:18:27+00:00\",\"mainEntityOfPage\":{\"@id\":\"https:\\\/\\\/www.organisator.ch\\\/operational-excellence\\\/2025-12-19\\\/swiss-cyber-security-days-2026-mut-zur-digitalen-souveraenitaet\\\/\"},\"wordCount\":564,\"publisher\":{\"@id\":\"https:\\\/\\\/www.organisator.ch\\\/#organization\"},\"image\":{\"@id\":\"https:\\\/\\\/www.organisator.ch\\\/operational-excellence\\\/2025-12-19\\\/swiss-cyber-security-days-2026-mut-zur-digitalen-souveraenitaet\\\/#primaryimage\"},\"thumbnailUrl\":\"https:\\\/\\\/www.m-q.ch\\\/wp-content\\\/uploads\\\/2025\\\/12\\\/Swiss-Cyber-Security-Days-2026-Mut-zur-digitalen-Souveraenitaet_MQ.jpg\",\"keywords\":[\"Cybersicherheit\",\"Fachkongress\\\/Fachmesse\",\"Risikomanagement\",\"Sicherheitspolitik\",\"Swiss Cyber Security Days\"],\"articleSection\":[\"OPERATIONAL EXCELLENCE\"],\"inLanguage\":\"de\"},{\"@type\":\"WebPage\",\"@id\":\"https:\\\/\\\/www.organisator.ch\\\/operational-excellence\\\/2025-12-19\\\/swiss-cyber-security-days-2026-mut-zur-digitalen-souveraenitaet\\\/\",\"url\":\"https:\\\/\\\/www.organisator.ch\\\/operational-excellence\\\/2025-12-19\\\/swiss-cyber-security-days-2026-mut-zur-digitalen-souveraenitaet\\\/\",\"name\":\"Swiss Cyber Security Days 2026: Mut zur digitalen Souver\u00e4nit\u00e4t - Organisator\",\"isPartOf\":{\"@id\":\"https:\\\/\\\/www.organisator.ch\\\/#website\"},\"primaryImageOfPage\":{\"@id\":\"https:\\\/\\\/www.organisator.ch\\\/operational-excellence\\\/2025-12-19\\\/swiss-cyber-security-days-2026-mut-zur-digitalen-souveraenitaet\\\/#primaryimage\"},\"image\":{\"@id\":\"https:\\\/\\\/www.organisator.ch\\\/operational-excellence\\\/2025-12-19\\\/swiss-cyber-security-days-2026-mut-zur-digitalen-souveraenitaet\\\/#primaryimage\"},\"thumbnailUrl\":\"https:\\\/\\\/www.m-q.ch\\\/wp-content\\\/uploads\\\/2025\\\/12\\\/Swiss-Cyber-Security-Days-2026-Mut-zur-digitalen-Souveraenitaet_MQ.jpg\",\"datePublished\":\"2025-12-19T07:03:46+00:00\",\"dateModified\":\"2025-12-22T13:18:27+00:00\",\"description\":\"Am 17. und 18. Februar 2026 finden die Swiss Cyber Security Days SCSD zum siebten Mal statt. Der Fokus liegt auf digitaler Souver\u00e4nit\u00e4t.\",\"breadcrumb\":{\"@id\":\"https:\\\/\\\/www.organisator.ch\\\/operational-excellence\\\/2025-12-19\\\/swiss-cyber-security-days-2026-mut-zur-digitalen-souveraenitaet\\\/#breadcrumb\"},\"inLanguage\":\"de\",\"potentialAction\":[{\"@type\":\"ReadAction\",\"target\":[\"https:\\\/\\\/www.organisator.ch\\\/operational-excellence\\\/2025-12-19\\\/swiss-cyber-security-days-2026-mut-zur-digitalen-souveraenitaet\\\/\"]}]},{\"@type\":\"ImageObject\",\"inLanguage\":\"de\",\"@id\":\"https:\\\/\\\/www.organisator.ch\\\/operational-excellence\\\/2025-12-19\\\/swiss-cyber-security-days-2026-mut-zur-digitalen-souveraenitaet\\\/#primaryimage\",\"url\":\"https:\\\/\\\/www.m-q.ch\\\/wp-content\\\/uploads\\\/2025\\\/12\\\/Swiss-Cyber-Security-Days-2026-Mut-zur-digitalen-Souveraenitaet_MQ.jpg\",\"contentUrl\":\"https:\\\/\\\/www.m-q.ch\\\/wp-content\\\/uploads\\\/2025\\\/12\\\/Swiss-Cyber-Security-Days-2026-Mut-zur-digitalen-Souveraenitaet_MQ.jpg\"},{\"@type\":\"BreadcrumbList\",\"@id\":\"https:\\\/\\\/www.organisator.ch\\\/operational-excellence\\\/2025-12-19\\\/swiss-cyber-security-days-2026-mut-zur-digitalen-souveraenitaet\\\/#breadcrumb\",\"itemListElement\":[{\"@type\":\"ListItem\",\"position\":1,\"name\":\"Home\",\"item\":\"https:\\\/\\\/www.organisator.ch\\\/\"},{\"@type\":\"ListItem\",\"position\":2,\"name\":\"Swiss Cyber Security Days 2026: Mut zur digitalen Souver\u00e4nit\u00e4t\"}]},{\"@type\":\"WebSite\",\"@id\":\"https:\\\/\\\/www.organisator.ch\\\/#website\",\"url\":\"https:\\\/\\\/www.organisator.ch\\\/\",\"name\":\"Organisator\",\"description\":\"Kompetent. Praxisnah. Der ORGANISATOR bereitet in 10 Ausgaben pro Jahr die wesentlichen Themen f\u00fcr F\u00fchrungskr\u00e4fte von KMU auf.\",\"publisher\":{\"@id\":\"https:\\\/\\\/www.organisator.ch\\\/#organization\"},\"potentialAction\":[{\"@type\":\"SearchAction\",\"target\":{\"@type\":\"EntryPoint\",\"urlTemplate\":\"https:\\\/\\\/www.organisator.ch\\\/?s={search_term_string}\"},\"query-input\":{\"@type\":\"PropertyValueSpecification\",\"valueRequired\":true,\"valueName\":\"search_term_string\"}}],\"inLanguage\":\"de\"},{\"@type\":\"Organization\",\"@id\":\"https:\\\/\\\/www.organisator.ch\\\/#organization\",\"name\":\"Organisator\",\"url\":\"https:\\\/\\\/www.organisator.ch\\\/\",\"logo\":{\"@type\":\"ImageObject\",\"inLanguage\":\"de\",\"@id\":\"https:\\\/\\\/www.organisator.ch\\\/#\\\/schema\\\/logo\\\/image\\\/\",\"url\":\"https:\\\/\\\/www.organisator.ch\\\/wp-content\\\/uploads\\\/2022\\\/01\\\/Logo_Organisator_Website.png\",\"contentUrl\":\"https:\\\/\\\/www.organisator.ch\\\/wp-content\\\/uploads\\\/2022\\\/01\\\/Logo_Organisator_Website.png\",\"width\":800,\"height\":77,\"caption\":\"Organisator\"},\"image\":{\"@id\":\"https:\\\/\\\/www.organisator.ch\\\/#\\\/schema\\\/logo\\\/image\\\/\"},\"sameAs\":[\"https:\\\/\\\/www.facebook.com\\\/OrganisatorFachmagazin\",\"https:\\\/\\\/www.linkedin.com\\\/showcase\\\/organisator-das-magazin-fr-kmu\",\"https:\\\/\\\/www.xing.com\\\/news\\\/pages\\\/organisator-ch-695\",\"https:\\\/\\\/www.youtube.com\\\/channel\\\/UCGP2Sq0iWaZwT3BdIAQFYpw\"]},{\"@type\":\"Person\",\"@id\":\"https:\\\/\\\/www.organisator.ch\\\/#\\\/schema\\\/person\\\/4e51799071cd2dd1232ac003643ef5f0\",\"name\":\"galledia\",\"image\":{\"@type\":\"ImageObject\",\"inLanguage\":\"de\",\"@id\":\"https:\\\/\\\/secure.gravatar.com\\\/avatar\\\/78a7f90c01fc2bfc875782a0d4922b37cde2cf184ce347b91316d23cd7f69a36?s=96&d=mm&r=g\",\"url\":\"https:\\\/\\\/secure.gravatar.com\\\/avatar\\\/78a7f90c01fc2bfc875782a0d4922b37cde2cf184ce347b91316d23cd7f69a36?s=96&d=mm&r=g\",\"contentUrl\":\"https:\\\/\\\/secure.gravatar.com\\\/avatar\\\/78a7f90c01fc2bfc875782a0d4922b37cde2cf184ce347b91316d23cd7f69a36?s=96&d=mm&r=g\",\"caption\":\"galledia\"},\"sameAs\":[\"https:\\\/\\\/x.com\\\/admin\"],\"url\":\"https:\\\/\\\/www.organisator.ch\\\/de\\\/author\\\/galledia\\\/\"}]}<\/script>\n<!-- \/ Yoast SEO plugin. -->","yoast_head_json":{"title":"Swiss Cyber Security Days 2026: Mut zur digitalen Souver\u00e4nit\u00e4t - Organisator","description":"Am 17. und 18. Februar 2026 finden die Swiss Cyber Security Days SCSD zum siebten Mal statt. Der Fokus liegt auf digitaler Souver\u00e4nit\u00e4t.","robots":{"index":"index","follow":"follow","max-snippet":"max-snippet:-1","max-image-preview":"max-image-preview:large","max-video-preview":"max-video-preview:-1"},"canonical":"https:\/\/www.organisator.ch\/de\/operational-excellence\/2025-12-19\/swiss-cyber-security-days-2026-mut-zur-digitalen-souveraenitaet\/","og_locale":"de_DE","og_type":"article","og_title":"Swiss Cyber Security Days 2026: Mut zur digitalen Souver\u00e4nit\u00e4t - Organisator","og_description":"Am 17. und 18. Februar 2026 finden die Swiss Cyber Security Days SCSD zum siebten Mal statt. Der Fokus liegt auf digitaler Souver\u00e4nit\u00e4t.","og_url":"https:\/\/www.organisator.ch\/de\/operational-excellence\/2025-12-19\/swiss-cyber-security-days-2026-mut-zur-digitalen-souveraenitaet\/","og_site_name":"Organisator","article_publisher":"https:\/\/www.facebook.com\/OrganisatorFachmagazin","article_published_time":"2025-12-19T07:03:46+00:00","article_modified_time":"2025-12-22T13:18:27+00:00","author":"galledia","twitter_card":"summary_large_image","twitter_creator":"@admin","schema":{"@context":"https:\/\/schema.org","@graph":[{"@type":"Article","@id":"https:\/\/www.organisator.ch\/operational-excellence\/2025-12-19\/swiss-cyber-security-days-2026-mut-zur-digitalen-souveraenitaet\/#article","isPartOf":{"@id":"https:\/\/www.organisator.ch\/operational-excellence\/2025-12-19\/swiss-cyber-security-days-2026-mut-zur-digitalen-souveraenitaet\/"},"author":{"name":"galledia","@id":"https:\/\/www.organisator.ch\/#\/schema\/person\/4e51799071cd2dd1232ac003643ef5f0"},"headline":"Swiss Cyber Security Days 2026: Mut zur digitalen Souver\u00e4nit\u00e4t","datePublished":"2025-12-19T07:03:46+00:00","dateModified":"2025-12-22T13:18:27+00:00","mainEntityOfPage":{"@id":"https:\/\/www.organisator.ch\/operational-excellence\/2025-12-19\/swiss-cyber-security-days-2026-mut-zur-digitalen-souveraenitaet\/"},"wordCount":564,"publisher":{"@id":"https:\/\/www.organisator.ch\/#organization"},"image":{"@id":"https:\/\/www.organisator.ch\/operational-excellence\/2025-12-19\/swiss-cyber-security-days-2026-mut-zur-digitalen-souveraenitaet\/#primaryimage"},"thumbnailUrl":"https:\/\/www.m-q.ch\/wp-content\/uploads\/2025\/12\/Swiss-Cyber-Security-Days-2026-Mut-zur-digitalen-Souveraenitaet_MQ.jpg","keywords":["Cybersicherheit","Fachkongress\/Fachmesse","Risikomanagement","Sicherheitspolitik","Swiss Cyber Security Days"],"articleSection":["OPERATIONAL EXCELLENCE"],"inLanguage":"de"},{"@type":"WebPage","@id":"https:\/\/www.organisator.ch\/operational-excellence\/2025-12-19\/swiss-cyber-security-days-2026-mut-zur-digitalen-souveraenitaet\/","url":"https:\/\/www.organisator.ch\/operational-excellence\/2025-12-19\/swiss-cyber-security-days-2026-mut-zur-digitalen-souveraenitaet\/","name":"Swiss Cyber Security Days 2026: Mut zur digitalen Souver\u00e4nit\u00e4t - Organisator","isPartOf":{"@id":"https:\/\/www.organisator.ch\/#website"},"primaryImageOfPage":{"@id":"https:\/\/www.organisator.ch\/operational-excellence\/2025-12-19\/swiss-cyber-security-days-2026-mut-zur-digitalen-souveraenitaet\/#primaryimage"},"image":{"@id":"https:\/\/www.organisator.ch\/operational-excellence\/2025-12-19\/swiss-cyber-security-days-2026-mut-zur-digitalen-souveraenitaet\/#primaryimage"},"thumbnailUrl":"https:\/\/www.m-q.ch\/wp-content\/uploads\/2025\/12\/Swiss-Cyber-Security-Days-2026-Mut-zur-digitalen-Souveraenitaet_MQ.jpg","datePublished":"2025-12-19T07:03:46+00:00","dateModified":"2025-12-22T13:18:27+00:00","description":"Am 17. und 18. Februar 2026 finden die Swiss Cyber Security Days SCSD zum siebten Mal statt. Der Fokus liegt auf digitaler Souver\u00e4nit\u00e4t.","breadcrumb":{"@id":"https:\/\/www.organisator.ch\/operational-excellence\/2025-12-19\/swiss-cyber-security-days-2026-mut-zur-digitalen-souveraenitaet\/#breadcrumb"},"inLanguage":"de","potentialAction":[{"@type":"ReadAction","target":["https:\/\/www.organisator.ch\/operational-excellence\/2025-12-19\/swiss-cyber-security-days-2026-mut-zur-digitalen-souveraenitaet\/"]}]},{"@type":"ImageObject","inLanguage":"de","@id":"https:\/\/www.organisator.ch\/operational-excellence\/2025-12-19\/swiss-cyber-security-days-2026-mut-zur-digitalen-souveraenitaet\/#primaryimage","url":"https:\/\/www.m-q.ch\/wp-content\/uploads\/2025\/12\/Swiss-Cyber-Security-Days-2026-Mut-zur-digitalen-Souveraenitaet_MQ.jpg","contentUrl":"https:\/\/www.m-q.ch\/wp-content\/uploads\/2025\/12\/Swiss-Cyber-Security-Days-2026-Mut-zur-digitalen-Souveraenitaet_MQ.jpg"},{"@type":"BreadcrumbList","@id":"https:\/\/www.organisator.ch\/operational-excellence\/2025-12-19\/swiss-cyber-security-days-2026-mut-zur-digitalen-souveraenitaet\/#breadcrumb","itemListElement":[{"@type":"ListItem","position":1,"name":"Home","item":"https:\/\/www.organisator.ch\/"},{"@type":"ListItem","position":2,"name":"Swiss Cyber Security Days 2026: Mut zur digitalen Souver\u00e4nit\u00e4t"}]},{"@type":"WebSite","@id":"https:\/\/www.organisator.ch\/#website","url":"https:\/\/www.organisator.ch\/","name":"Organisator","description":"Kompetent. Praxisnah. Der ORGANISATOR bereitet in 10 Ausgaben pro Jahr die wesentlichen Themen f\u00fcr F\u00fchrungskr\u00e4fte von KMU auf.","publisher":{"@id":"https:\/\/www.organisator.ch\/#organization"},"potentialAction":[{"@type":"SearchAction","target":{"@type":"EntryPoint","urlTemplate":"https:\/\/www.organisator.ch\/?s={search_term_string}"},"query-input":{"@type":"PropertyValueSpecification","valueRequired":true,"valueName":"search_term_string"}}],"inLanguage":"de"},{"@type":"Organization","@id":"https:\/\/www.organisator.ch\/#organization","name":"Organisator","url":"https:\/\/www.organisator.ch\/","logo":{"@type":"ImageObject","inLanguage":"de","@id":"https:\/\/www.organisator.ch\/#\/schema\/logo\/image\/","url":"https:\/\/www.organisator.ch\/wp-content\/uploads\/2022\/01\/Logo_Organisator_Website.png","contentUrl":"https:\/\/www.organisator.ch\/wp-content\/uploads\/2022\/01\/Logo_Organisator_Website.png","width":800,"height":77,"caption":"Organisator"},"image":{"@id":"https:\/\/www.organisator.ch\/#\/schema\/logo\/image\/"},"sameAs":["https:\/\/www.facebook.com\/OrganisatorFachmagazin","https:\/\/www.linkedin.com\/showcase\/organisator-das-magazin-fr-kmu","https:\/\/www.xing.com\/news\/pages\/organisator-ch-695","https:\/\/www.youtube.com\/channel\/UCGP2Sq0iWaZwT3BdIAQFYpw"]},{"@type":"Person","@id":"https:\/\/www.organisator.ch\/#\/schema\/person\/4e51799071cd2dd1232ac003643ef5f0","name":"galledia","image":{"@type":"ImageObject","inLanguage":"de","@id":"https:\/\/secure.gravatar.com\/avatar\/78a7f90c01fc2bfc875782a0d4922b37cde2cf184ce347b91316d23cd7f69a36?s=96&d=mm&r=g","url":"https:\/\/secure.gravatar.com\/avatar\/78a7f90c01fc2bfc875782a0d4922b37cde2cf184ce347b91316d23cd7f69a36?s=96&d=mm&r=g","contentUrl":"https:\/\/secure.gravatar.com\/avatar\/78a7f90c01fc2bfc875782a0d4922b37cde2cf184ce347b91316d23cd7f69a36?s=96&d=mm&r=g","caption":"galledia"},"sameAs":["https:\/\/x.com\/admin"],"url":"https:\/\/www.organisator.ch\/de\/author\/galledia\/"}]}},"_links":{"self":[{"href":"https:\/\/www.organisator.ch\/de\/wp-json\/wp\/v2\/posts\/42894","targetHints":{"allow":["GET"]}}],"collection":[{"href":"https:\/\/www.organisator.ch\/de\/wp-json\/wp\/v2\/posts"}],"about":[{"href":"https:\/\/www.organisator.ch\/de\/wp-json\/wp\/v2\/types\/post"}],"author":[{"embeddable":true,"href":"https:\/\/www.organisator.ch\/de\/wp-json\/wp\/v2\/users\/8"}],"replies":[{"embeddable":true,"href":"https:\/\/www.organisator.ch\/de\/wp-json\/wp\/v2\/comments?post=42894"}],"version-history":[{"count":6,"href":"https:\/\/www.organisator.ch\/de\/wp-json\/wp\/v2\/posts\/42894\/revisions"}],"predecessor-version":[{"id":42913,"href":"https:\/\/www.organisator.ch\/de\/wp-json\/wp\/v2\/posts\/42894\/revisions\/42913"}],"wp:attachment":[{"href":"https:\/\/www.organisator.ch\/de\/wp-json\/wp\/v2\/media?parent=42894"}],"wp:term":[{"taxonomy":"category","embeddable":true,"href":"https:\/\/www.organisator.ch\/de\/wp-json\/wp\/v2\/categories?post=42894"},{"taxonomy":"post_tag","embeddable":true,"href":"https:\/\/www.organisator.ch\/de\/wp-json\/wp\/v2\/tags?post=42894"}],"curies":[{"name":"wp","href":"https:\/\/api.w.org\/{rel}","templated":true}]}}