{"id":42908,"date":"2025-12-23T08:04:00","date_gmt":"2025-12-23T07:04:00","guid":{"rendered":"https:\/\/www.m-q.ch\/?p=22298"},"modified":"2025-12-22T14:17:01","modified_gmt":"2025-12-22T13:17:01","slug":"ki-2026-die-luecke-zwischen-intelligenz-und-kontext-schliesst-sich","status":"publish","type":"post","link":"https:\/\/www.organisator.ch\/de\/management\/2025-12-23\/ki-2026-die-luecke-zwischen-intelligenz-und-kontext-schliesst-sich\/","title":{"rendered":"KI 2026: Die L\u00fccke zwischen Intelligenz und Kontext schliesst sich"},"content":{"rendered":"<figure id=\"attachment_22299\" class=\"wp-caption alignnone\" style=\"width: 680px;\" aria-describedby=\"caption-attachment-22299\"><img class=\"size-full wp-image-22299\" src=\"https:\/\/www.m-q.ch\/wp-content\/uploads\/2025\/12\/KI-2026-Die-Luecke-zwischen-Intelligenz-und-Kontext-schliesst-sich-1_MQ.jpg\" sizes=\"(max-width: 680px) 100vw, 680px\" srcset=\"https:\/\/www.m-q.ch\/wp-content\/uploads\/2025\/12\/KI-2026-Die-Luecke-zwischen-Intelligenz-und-Kontext-schliesst-sich-1_MQ.jpg 680w, https:\/\/www.m-q.ch\/wp-content\/uploads\/2025\/12\/KI-2026-Die-Luecke-zwischen-Intelligenz-und-Kontext-schliesst-sich-1_MQ-16x12.jpg 16w, https:\/\/www.m-q.ch\/wp-content\/uploads\/2025\/12\/KI-2026-Die-Luecke-zwischen-Intelligenz-und-Kontext-schliesst-sich-1_MQ-375x281.jpg 375w, https:\/\/www.m-q.ch\/wp-content\/uploads\/2025\/12\/KI-2026-Die-Luecke-zwischen-Intelligenz-und-Kontext-schliesst-sich-1_MQ-467x350.jpg 467w\" alt=\"\" width=\"680\" height=\"510\" \/>\r\n<figcaption id=\"caption-attachment-22299\" class=\"wp-caption-text\">Die KI wird immer mehr auch in gr\u00f6sseren Zusammenh\u00e4ngen \u00abdenken\u00bb k\u00f6nnen. (Bild: Depositphotos.com)<\/figcaption>\r\n<\/figure>\r\n<p>F\u00fcr die meisten von uns folgt die Technologie, die wir bei der Arbeit nutzen, einem vertrauten Rhythmus. Das Internet hat den Zugang zu unbegrenzten Informationen er\u00f6ffnet, mobile Ger\u00e4te haben uns von unseren Schreibtischen befreit und Cloud-Software hat es jedem Team erm\u00f6glicht, sein eigenes \u00d6kosystem aus spezialisierten Tools aufzubauen. Diese Ver\u00e4nderungen haben Geschwindigkeit und Flexibilit\u00e4t gebracht, aber auch einen lauteren und fragmentierten Arbeitsplatz geschaffen. Unsere Aufmerksamkeit muss sich heute auf eine wachsende Zahl von Apps und Plattformen verteilen. 2026 werden wir jedoch den n\u00e4chsten grossen Wandel in dieser Entwicklung erleben, denn die Technologie beginnt endlich, uns und unsere Arbeitsweise vollst\u00e4ndig zu verstehen.<\/p>\r\n<h3>KI lernt dazu<\/h3>\r\n<p>Wir bewegen uns weg von Tools, die einfach nur Aufgaben ausf\u00fchren, und hin zu solchen, die wissen, warum wir diese Aufgaben ausf\u00fchren. Weg von generischer KI, die Fragen beantwortet, hin zu kontextbezogener KI, die unsere Priorit\u00e4ten, Rolle und die Arbeit, die wir tats\u00e4chlich erledigen m\u00fcssen, auch wirklich versteht.<\/p>\r\n<p>Bislang war KI meist generisch und leistungsstark, aber ohne Kenntnis des Teams, der unternehmenseigenen Terminologie oder der Realit\u00e4t des letzten Quartals. Sie konnte zwar die Hauptstadt von Peru (Lima) nennen, aber nicht, warum ein Projekt letzte Woche ins Stocken geraten ist. Diese L\u00fccke zwischen Intelligenz und Kontext wird sich im kommenden Jahr schlie\u00dfen!<\/p>\r\n<h3><strong>Der n\u00e4chste Sprung: KI wird zum strategischen Assistenten<\/strong><\/h3>\r\n<p>Seit Jahren werden digitale Umgebungen immer schwerf\u00e4lliger und mit mehr Tabs und Benachrichtigungen \u00fcberladen, als irgendjemand \u00fcberhaupt realistisch bew\u00e4ltigen kann. Das Ergebnis ist ein Arbeitstag, der eher von Reibungsverlusten als von Konzentration gepr\u00e4gt ist.<\/p>\r\n<p>Mitarbeitende kommen nicht aufgrund mangelnder Anstrengung nicht mit ihren Workloads hinterher, sondern oft, weil sie so viel Zeit damit verbringen, nach Informationen zu suchen, die irgendwo existieren \u2013 verborgen in Tools, die nie daf\u00fcr gedacht waren, zusammenzuarbeiten.<\/p>\r\n<p>Dieses Muster wird sich ab 2026 \u00e4ndern und KI wird einen Grossteil der stillen, unsichtbaren Koordination \u00fcbernehmen, die bislang die Mehrheit unserer Aufmerksamkeit aufgefressen hat. Die n\u00e4chste Generation von Tools wird administrative Arbeiten reduzieren, indem sie sie \u00fcbernimmt, statt diese f\u00fcr den Anwender immer noch h\u00f6her aufzut\u00fcrmen. Menschen werden ihre Zeit und Klarheit zur\u00fcckgewinnen.<\/p>\r\n<p>Intelligentere Kalender sind ein gutes Beispiel f\u00fcr diesen Wandel. Sie entwickeln sich von statischen Terminpl\u00e4nen zu Entscheidungshilfen, die die Arbeitswoche nach Ergebnissen statt nach Verf\u00fcgbarkeit gestalten. Sie identifizieren, welche Besprechungen verschoben werden k\u00f6nnen, sch\u00fctzen die wichtigen Termine und schaffen ungest\u00f6rten Raum f\u00fcr Aufgaben, die Tiefgang erfordern. Sie sch\u00fctzen auch die kleinen, sehr wichtigen Pausenzeiten des Arbeitstages, in denen beispielsweise bei einem Spaziergang an der frischen Luft oder bei einer Tasse Kaffee die Gedanken wieder neu geordnet werden.<\/p>\r\n<h3><strong>Karriere next level: Expertise trifft Flexibilit\u00e4t <\/strong><\/h3>\r\n<p>Ein weiterer Trend, der sich 2026 deutlicher abzeichnen wird, ist \u00abFractional Working\u00bb, da immer mehr F\u00fchrungskr\u00e4fte eine Karriere im Portfolio-Stil anstreben. Die Gig Economy hat damals den Weg f\u00fcr flexiblere Arbeitsweisen bereitet, und die Pandemie hat gezeigt, dass Arbeitsleistung von F\u00fchrungskr\u00e4ften nicht immer davon abh\u00e4ngt, ob sie sich am selben Ort befinden. Statt sich nur einem einzigen Arbeitgeber zu verpflichten, w\u00e4hlen F\u00fchrungskr\u00e4fte im Fractional Working-Modell daher eine Kombination von Aufgaben, bei denen sie am meisten bewirken k\u00f6nnen. Unternehmen haben den Vorteil, Zugang zu F\u00e4higkeiten zu erhalten, die ihnen sonst m\u00f6glicherweise nicht zur Verf\u00fcgung st\u00fcnden. Fractional Work f\u00fchrt auch zu einer bewussteren Karriereplanung und gibt den Mitarbeitenden die Freiheit, sich den Herausforderungen zu widmen, die sie als sinnvoll erachten. Gleichzeitig haben viele Unternehmen erkannt, dass sie Fachwissen ben\u00f6tigen, das nicht immer von einer einzigen Vollzeitkraft bereitgestellt werden kann.<\/p>\r\n<p>Im Jahr 2026 wird dies noch viel praktischer, da KI beginnt, die Koordination zu \u00fcbernehmen, die diese Aufgaben fr\u00fcher so schwierig machte. Eine k\u00fcrzlich <a href=\"https:\/\/writer.com\/blog\/enterprise-ai-adoption-survey\/\">durchgef\u00fchrte Umfrage<\/a> ergab, dass 97 % der F\u00fchrungskr\u00e4fte bereits KI in ihrer pers\u00f6nlichen Arbeit einsetzen. Das zeigt, dass sie zunehmend auf diese Tools zur\u00fcckgreifen, um Routineaufgaben zu erledigen und ihre Effektivit\u00e4t zu steigern.<\/p>\r\n<p>Auf dieser Grundlage k\u00f6nnen F\u00fchrungskr\u00e4fte sich auf Systeme verlassen, die Kommunikation zusammenf\u00fchren, wichtige Updates anzeigen und Priorit\u00e4ten in sehr unterschiedlichen Umgebungen organisieren. KI-gest\u00fctzte E-Mails, intelligentere Terminplanung und Wissenswerkzeuge wie <a href=\"https:\/\/dash.dropbox.com\/\">Dash<\/a> tragen dazu bei, Zeitverluste beim Wechsel zwischen Unternehmen zu reduzieren und den Mitarbeitenden einen klaren \u00dcberblick dar\u00fcber zu verschaffen, was jedes Team von ihnen ben\u00f6tigt.<\/p>\r\n<h3><strong>Zukunft der Arbeit 2026: Pers\u00f6nlicher, fokussierter, menschlicher<\/strong><\/h3>\r\n<p>Es besteht kein Zweifel daran, dass KI-M\u00fcdigkeit existiert und die Antwort nicht in noch mehr Tools liegt. Was Menschen brauchen, ist eine F\u00fchrung, die Rahmen setzt, Vertrauen aufbaut und ihnen Raum gibt, neue F\u00e4higkeiten zu erkunden, ohne sich \u00fcberfordert zu f\u00fchlen. Entsprechend kann KI dazu beitragen, ges\u00fcndere Arbeitsrhythmen zu f\u00f6rdern und den Druck zu verringern, der durch st\u00e4ndige Kontextwechsel entsteht. Sie kann Menschen auch dabei helfen, bessere Entscheidungen dar\u00fcber zu treffen, wie sie ihre Zeit und ihr Wohlbefinden gestalten, was mittlerweile genauso wichtig ist wie Produktivit\u00e4t.<\/p>\r\n<h3><strong>Von Features zu Klarheit \u2013 die neue Rolle der KI <\/strong><\/h3>\r\n<p>2026 wird KI einen gr\u00f6sseren Teil der Koordination \u00fcbernehmen und damit Raum f\u00fcr fokussiertes Denken und sinnvolle Arbeit schaffen. In diesem Zuge wird die Technologie unauff\u00e4lliger und unterst\u00fctzender, und der Schwerpunkt verlagert sich von der Anzahl der Funktionen hin zur Klarheit, die sie erm\u00f6glicht. Denn wenn KI St\u00f6rfaktoren ausblendet, das Wesentliche hervorhebt und Menschen auf eine Weise unterst\u00fctzt, die sich pers\u00f6nlich anf\u00fchlt, wird das eine pr\u00e4gende Ver\u00e4nderung sein. Es wird sich nicht um einen lauten Durchbruch handeln, sondern um einen sanft neugestalteten Arbeitstag, der sich klarer, ruhiger und menschlicher anf\u00fchlt.<\/p>\r\n<p>&nbsp;<\/p>\r\n<p><strong><em>Autor:<\/em><\/strong><\/p>\r\n<p><em><a href=\"https:\/\/www.linkedin.com\/in\/andywilsondropbox\/\">Andy Wilson<\/a> ist Senior Director of New Product Solutions bei Dropbox. Mit mehr als 18 Jahren Erfahrung in den Bereichen interaktive Fernsehdienste, Broadcast-Innovation, Produktmanagement und digitale Rechte f\u00fcr die BBC und nach einer f\u00fchrenden Position bei der Digital Production Partnership-Initiative schloss sich Andy Wilson 2018 Dropbox an. Er arbeitet t\u00e4glich eng mit Unternehmen zusammen, um so viel Wert wie m\u00f6glich aus der Technologie und den Produkten von <a href=\"http:\/\/www.dropbox.com\/\">Dropbox<\/a> sch\u00f6pfen zu k\u00f6nnen.\u00a0<\/em><\/p>\r\n<p>&nbsp;<\/p>\n<p class=\"syndicated-attribution\">Dieser Beitrag erschien urspr\u00fcnglich auf m-q.ch - <a href=\"https:\/\/www.m-q.ch\/de\/ki-2026-die-luecke-zwischen-intelligenz-und-kontext-schliesst-sich\/\" target=\"_blank\">https:\/\/www.m-q.ch\/de\/ki-2026-die-luecke-zwischen-intelligenz-und-kontext-schliesst-sich\/<\/a><\/p>","protected":false},"excerpt":{"rendered":"<p>K\u00fcnstliche Intelligenz wird sich pers\u00f6nlich anf\u00fchlen, unsere Arbeit wirklich verstehen und endlich die Arbeit mit der Zeit reduzieren. So sieht es Andy Wilson, Senior Director, New Product Solutions, Dropbox, in seinem Gastbeitrag.<\/p>\n","protected":false},"author":8,"featured_media":0,"comment_status":"closed","ping_status":"closed","sticky":false,"template":"","format":"standard","meta":{"_acf_changed":false,"_yoast_wpseo_focuskw":"KI 2026","_yoast_wpseo_metadesc":"K\u00fcnstliche Intelligenz wird sich pers\u00f6nlich anf\u00fchlen, unsere Arbeit wirklich verstehen und endlich die Arbeit mit der Zeit reduzieren.","articlekey":"","footnotes":""},"categories":[28],"tags":[5743,103,319,485],"class_list":["post-42908","post","type-post","status-publish","format-standard","hentry","category-management","tag-arbeitseffizienz","tag-business-excellence","tag-kuenstliche-intelligenz","tag-trends"],"acf":[],"yoast_head":"<!-- This site is optimized with the Yoast SEO plugin v27.5 - https:\/\/yoast.com\/product\/yoast-seo-wordpress\/ -->\n<title>KI 2026: Die L\u00fccke zwischen Intelligenz und Kontext schliesst sich - Organisator<\/title>\n<meta name=\"description\" content=\"K\u00fcnstliche Intelligenz wird sich pers\u00f6nlich anf\u00fchlen, unsere Arbeit wirklich verstehen und endlich die Arbeit mit der Zeit reduzieren.\" \/>\n<meta name=\"robots\" content=\"index, follow, max-snippet:-1, max-image-preview:large, max-video-preview:-1\" \/>\n<link rel=\"canonical\" href=\"https:\/\/www.organisator.ch\/de\/management\/2025-12-23\/ki-2026-die-luecke-zwischen-intelligenz-und-kontext-schliesst-sich\/\" \/>\n<meta property=\"og:locale\" content=\"de_DE\" \/>\n<meta property=\"og:type\" content=\"article\" \/>\n<meta property=\"og:title\" content=\"KI 2026: Die L\u00fccke zwischen Intelligenz und Kontext schliesst sich - Organisator\" \/>\n<meta property=\"og:description\" content=\"K\u00fcnstliche Intelligenz wird sich pers\u00f6nlich anf\u00fchlen, unsere Arbeit wirklich verstehen und endlich die Arbeit mit der Zeit reduzieren.\" \/>\n<meta property=\"og:url\" content=\"https:\/\/www.organisator.ch\/de\/management\/2025-12-23\/ki-2026-die-luecke-zwischen-intelligenz-und-kontext-schliesst-sich\/\" \/>\n<meta property=\"og:site_name\" content=\"Organisator\" \/>\n<meta property=\"article:publisher\" content=\"https:\/\/www.facebook.com\/OrganisatorFachmagazin\" \/>\n<meta property=\"article:published_time\" content=\"2025-12-23T07:04:00+00:00\" \/>\n<meta name=\"author\" content=\"galledia\" \/>\n<meta name=\"twitter:card\" content=\"summary_large_image\" \/>\n<meta name=\"twitter:creator\" content=\"@admin\" \/>\n<script type=\"application\/ld+json\" class=\"yoast-schema-graph\">{\"@context\":\"https:\\\/\\\/schema.org\",\"@graph\":[{\"@type\":\"Article\",\"@id\":\"https:\\\/\\\/www.organisator.ch\\\/management\\\/2025-12-23\\\/ki-2026-die-luecke-zwischen-intelligenz-und-kontext-schliesst-sich\\\/#article\",\"isPartOf\":{\"@id\":\"https:\\\/\\\/www.organisator.ch\\\/management\\\/2025-12-23\\\/ki-2026-die-luecke-zwischen-intelligenz-und-kontext-schliesst-sich\\\/\"},\"author\":{\"name\":\"galledia\",\"@id\":\"https:\\\/\\\/www.organisator.ch\\\/#\\\/schema\\\/person\\\/4e51799071cd2dd1232ac003643ef5f0\"},\"headline\":\"KI 2026: Die L\u00fccke zwischen Intelligenz und Kontext schliesst sich\",\"datePublished\":\"2025-12-23T07:04:00+00:00\",\"mainEntityOfPage\":{\"@id\":\"https:\\\/\\\/www.organisator.ch\\\/management\\\/2025-12-23\\\/ki-2026-die-luecke-zwischen-intelligenz-und-kontext-schliesst-sich\\\/\"},\"wordCount\":1047,\"publisher\":{\"@id\":\"https:\\\/\\\/www.organisator.ch\\\/#organization\"},\"image\":{\"@id\":\"https:\\\/\\\/www.organisator.ch\\\/management\\\/2025-12-23\\\/ki-2026-die-luecke-zwischen-intelligenz-und-kontext-schliesst-sich\\\/#primaryimage\"},\"thumbnailUrl\":\"https:\\\/\\\/www.m-q.ch\\\/wp-content\\\/uploads\\\/2025\\\/12\\\/KI-2026-Die-Luecke-zwischen-Intelligenz-und-Kontext-schliesst-sich-1_MQ.jpg\",\"keywords\":[\"Arbeitseffizienz\",\"Business Excellence\",\"K\u00fcnstliche Intelligenz\",\"Trends\"],\"articleSection\":[\"MANAGEMENT\"],\"inLanguage\":\"de\"},{\"@type\":\"WebPage\",\"@id\":\"https:\\\/\\\/www.organisator.ch\\\/management\\\/2025-12-23\\\/ki-2026-die-luecke-zwischen-intelligenz-und-kontext-schliesst-sich\\\/\",\"url\":\"https:\\\/\\\/www.organisator.ch\\\/management\\\/2025-12-23\\\/ki-2026-die-luecke-zwischen-intelligenz-und-kontext-schliesst-sich\\\/\",\"name\":\"KI 2026: Die L\u00fccke zwischen Intelligenz und Kontext schliesst sich - Organisator\",\"isPartOf\":{\"@id\":\"https:\\\/\\\/www.organisator.ch\\\/#website\"},\"primaryImageOfPage\":{\"@id\":\"https:\\\/\\\/www.organisator.ch\\\/management\\\/2025-12-23\\\/ki-2026-die-luecke-zwischen-intelligenz-und-kontext-schliesst-sich\\\/#primaryimage\"},\"image\":{\"@id\":\"https:\\\/\\\/www.organisator.ch\\\/management\\\/2025-12-23\\\/ki-2026-die-luecke-zwischen-intelligenz-und-kontext-schliesst-sich\\\/#primaryimage\"},\"thumbnailUrl\":\"https:\\\/\\\/www.m-q.ch\\\/wp-content\\\/uploads\\\/2025\\\/12\\\/KI-2026-Die-Luecke-zwischen-Intelligenz-und-Kontext-schliesst-sich-1_MQ.jpg\",\"datePublished\":\"2025-12-23T07:04:00+00:00\",\"description\":\"K\u00fcnstliche Intelligenz wird sich pers\u00f6nlich anf\u00fchlen, unsere Arbeit wirklich verstehen und endlich die Arbeit mit der Zeit reduzieren.\",\"breadcrumb\":{\"@id\":\"https:\\\/\\\/www.organisator.ch\\\/management\\\/2025-12-23\\\/ki-2026-die-luecke-zwischen-intelligenz-und-kontext-schliesst-sich\\\/#breadcrumb\"},\"inLanguage\":\"de\",\"potentialAction\":[{\"@type\":\"ReadAction\",\"target\":[\"https:\\\/\\\/www.organisator.ch\\\/management\\\/2025-12-23\\\/ki-2026-die-luecke-zwischen-intelligenz-und-kontext-schliesst-sich\\\/\"]}]},{\"@type\":\"ImageObject\",\"inLanguage\":\"de\",\"@id\":\"https:\\\/\\\/www.organisator.ch\\\/management\\\/2025-12-23\\\/ki-2026-die-luecke-zwischen-intelligenz-und-kontext-schliesst-sich\\\/#primaryimage\",\"url\":\"https:\\\/\\\/www.m-q.ch\\\/wp-content\\\/uploads\\\/2025\\\/12\\\/KI-2026-Die-Luecke-zwischen-Intelligenz-und-Kontext-schliesst-sich-1_MQ.jpg\",\"contentUrl\":\"https:\\\/\\\/www.m-q.ch\\\/wp-content\\\/uploads\\\/2025\\\/12\\\/KI-2026-Die-Luecke-zwischen-Intelligenz-und-Kontext-schliesst-sich-1_MQ.jpg\"},{\"@type\":\"BreadcrumbList\",\"@id\":\"https:\\\/\\\/www.organisator.ch\\\/management\\\/2025-12-23\\\/ki-2026-die-luecke-zwischen-intelligenz-und-kontext-schliesst-sich\\\/#breadcrumb\",\"itemListElement\":[{\"@type\":\"ListItem\",\"position\":1,\"name\":\"Home\",\"item\":\"https:\\\/\\\/www.organisator.ch\\\/\"},{\"@type\":\"ListItem\",\"position\":2,\"name\":\"KI 2026: Die L\u00fccke zwischen Intelligenz und Kontext schliesst sich\"}]},{\"@type\":\"WebSite\",\"@id\":\"https:\\\/\\\/www.organisator.ch\\\/#website\",\"url\":\"https:\\\/\\\/www.organisator.ch\\\/\",\"name\":\"Organisator\",\"description\":\"Kompetent. Praxisnah. Der ORGANISATOR bereitet in 10 Ausgaben pro Jahr die wesentlichen Themen f\u00fcr F\u00fchrungskr\u00e4fte von KMU auf.\",\"publisher\":{\"@id\":\"https:\\\/\\\/www.organisator.ch\\\/#organization\"},\"potentialAction\":[{\"@type\":\"SearchAction\",\"target\":{\"@type\":\"EntryPoint\",\"urlTemplate\":\"https:\\\/\\\/www.organisator.ch\\\/?s={search_term_string}\"},\"query-input\":{\"@type\":\"PropertyValueSpecification\",\"valueRequired\":true,\"valueName\":\"search_term_string\"}}],\"inLanguage\":\"de\"},{\"@type\":\"Organization\",\"@id\":\"https:\\\/\\\/www.organisator.ch\\\/#organization\",\"name\":\"Organisator\",\"url\":\"https:\\\/\\\/www.organisator.ch\\\/\",\"logo\":{\"@type\":\"ImageObject\",\"inLanguage\":\"de\",\"@id\":\"https:\\\/\\\/www.organisator.ch\\\/#\\\/schema\\\/logo\\\/image\\\/\",\"url\":\"https:\\\/\\\/www.organisator.ch\\\/wp-content\\\/uploads\\\/2022\\\/01\\\/Logo_Organisator_Website.png\",\"contentUrl\":\"https:\\\/\\\/www.organisator.ch\\\/wp-content\\\/uploads\\\/2022\\\/01\\\/Logo_Organisator_Website.png\",\"width\":800,\"height\":77,\"caption\":\"Organisator\"},\"image\":{\"@id\":\"https:\\\/\\\/www.organisator.ch\\\/#\\\/schema\\\/logo\\\/image\\\/\"},\"sameAs\":[\"https:\\\/\\\/www.facebook.com\\\/OrganisatorFachmagazin\",\"https:\\\/\\\/www.linkedin.com\\\/showcase\\\/organisator-das-magazin-fr-kmu\",\"https:\\\/\\\/www.xing.com\\\/news\\\/pages\\\/organisator-ch-695\",\"https:\\\/\\\/www.youtube.com\\\/channel\\\/UCGP2Sq0iWaZwT3BdIAQFYpw\"]},{\"@type\":\"Person\",\"@id\":\"https:\\\/\\\/www.organisator.ch\\\/#\\\/schema\\\/person\\\/4e51799071cd2dd1232ac003643ef5f0\",\"name\":\"galledia\",\"image\":{\"@type\":\"ImageObject\",\"inLanguage\":\"de\",\"@id\":\"https:\\\/\\\/secure.gravatar.com\\\/avatar\\\/78a7f90c01fc2bfc875782a0d4922b37cde2cf184ce347b91316d23cd7f69a36?s=96&d=mm&r=g\",\"url\":\"https:\\\/\\\/secure.gravatar.com\\\/avatar\\\/78a7f90c01fc2bfc875782a0d4922b37cde2cf184ce347b91316d23cd7f69a36?s=96&d=mm&r=g\",\"contentUrl\":\"https:\\\/\\\/secure.gravatar.com\\\/avatar\\\/78a7f90c01fc2bfc875782a0d4922b37cde2cf184ce347b91316d23cd7f69a36?s=96&d=mm&r=g\",\"caption\":\"galledia\"},\"sameAs\":[\"https:\\\/\\\/x.com\\\/admin\"],\"url\":\"https:\\\/\\\/www.organisator.ch\\\/de\\\/author\\\/galledia\\\/\"}]}<\/script>\n<!-- \/ Yoast SEO plugin. -->","yoast_head_json":{"title":"KI 2026: Die L\u00fccke zwischen Intelligenz und Kontext schliesst sich - Organisator","description":"K\u00fcnstliche Intelligenz wird sich pers\u00f6nlich anf\u00fchlen, unsere Arbeit wirklich verstehen und endlich die Arbeit mit der Zeit reduzieren.","robots":{"index":"index","follow":"follow","max-snippet":"max-snippet:-1","max-image-preview":"max-image-preview:large","max-video-preview":"max-video-preview:-1"},"canonical":"https:\/\/www.organisator.ch\/de\/management\/2025-12-23\/ki-2026-die-luecke-zwischen-intelligenz-und-kontext-schliesst-sich\/","og_locale":"de_DE","og_type":"article","og_title":"KI 2026: Die L\u00fccke zwischen Intelligenz und Kontext schliesst sich - Organisator","og_description":"K\u00fcnstliche Intelligenz wird sich pers\u00f6nlich anf\u00fchlen, unsere Arbeit wirklich verstehen und endlich die Arbeit mit der Zeit reduzieren.","og_url":"https:\/\/www.organisator.ch\/de\/management\/2025-12-23\/ki-2026-die-luecke-zwischen-intelligenz-und-kontext-schliesst-sich\/","og_site_name":"Organisator","article_publisher":"https:\/\/www.facebook.com\/OrganisatorFachmagazin","article_published_time":"2025-12-23T07:04:00+00:00","author":"galledia","twitter_card":"summary_large_image","twitter_creator":"@admin","schema":{"@context":"https:\/\/schema.org","@graph":[{"@type":"Article","@id":"https:\/\/www.organisator.ch\/management\/2025-12-23\/ki-2026-die-luecke-zwischen-intelligenz-und-kontext-schliesst-sich\/#article","isPartOf":{"@id":"https:\/\/www.organisator.ch\/management\/2025-12-23\/ki-2026-die-luecke-zwischen-intelligenz-und-kontext-schliesst-sich\/"},"author":{"name":"galledia","@id":"https:\/\/www.organisator.ch\/#\/schema\/person\/4e51799071cd2dd1232ac003643ef5f0"},"headline":"KI 2026: Die L\u00fccke zwischen Intelligenz und Kontext schliesst sich","datePublished":"2025-12-23T07:04:00+00:00","mainEntityOfPage":{"@id":"https:\/\/www.organisator.ch\/management\/2025-12-23\/ki-2026-die-luecke-zwischen-intelligenz-und-kontext-schliesst-sich\/"},"wordCount":1047,"publisher":{"@id":"https:\/\/www.organisator.ch\/#organization"},"image":{"@id":"https:\/\/www.organisator.ch\/management\/2025-12-23\/ki-2026-die-luecke-zwischen-intelligenz-und-kontext-schliesst-sich\/#primaryimage"},"thumbnailUrl":"https:\/\/www.m-q.ch\/wp-content\/uploads\/2025\/12\/KI-2026-Die-Luecke-zwischen-Intelligenz-und-Kontext-schliesst-sich-1_MQ.jpg","keywords":["Arbeitseffizienz","Business Excellence","K\u00fcnstliche Intelligenz","Trends"],"articleSection":["MANAGEMENT"],"inLanguage":"de"},{"@type":"WebPage","@id":"https:\/\/www.organisator.ch\/management\/2025-12-23\/ki-2026-die-luecke-zwischen-intelligenz-und-kontext-schliesst-sich\/","url":"https:\/\/www.organisator.ch\/management\/2025-12-23\/ki-2026-die-luecke-zwischen-intelligenz-und-kontext-schliesst-sich\/","name":"KI 2026: Die L\u00fccke zwischen Intelligenz und Kontext schliesst sich - Organisator","isPartOf":{"@id":"https:\/\/www.organisator.ch\/#website"},"primaryImageOfPage":{"@id":"https:\/\/www.organisator.ch\/management\/2025-12-23\/ki-2026-die-luecke-zwischen-intelligenz-und-kontext-schliesst-sich\/#primaryimage"},"image":{"@id":"https:\/\/www.organisator.ch\/management\/2025-12-23\/ki-2026-die-luecke-zwischen-intelligenz-und-kontext-schliesst-sich\/#primaryimage"},"thumbnailUrl":"https:\/\/www.m-q.ch\/wp-content\/uploads\/2025\/12\/KI-2026-Die-Luecke-zwischen-Intelligenz-und-Kontext-schliesst-sich-1_MQ.jpg","datePublished":"2025-12-23T07:04:00+00:00","description":"K\u00fcnstliche Intelligenz wird sich pers\u00f6nlich anf\u00fchlen, unsere Arbeit wirklich verstehen und endlich die Arbeit mit der Zeit reduzieren.","breadcrumb":{"@id":"https:\/\/www.organisator.ch\/management\/2025-12-23\/ki-2026-die-luecke-zwischen-intelligenz-und-kontext-schliesst-sich\/#breadcrumb"},"inLanguage":"de","potentialAction":[{"@type":"ReadAction","target":["https:\/\/www.organisator.ch\/management\/2025-12-23\/ki-2026-die-luecke-zwischen-intelligenz-und-kontext-schliesst-sich\/"]}]},{"@type":"ImageObject","inLanguage":"de","@id":"https:\/\/www.organisator.ch\/management\/2025-12-23\/ki-2026-die-luecke-zwischen-intelligenz-und-kontext-schliesst-sich\/#primaryimage","url":"https:\/\/www.m-q.ch\/wp-content\/uploads\/2025\/12\/KI-2026-Die-Luecke-zwischen-Intelligenz-und-Kontext-schliesst-sich-1_MQ.jpg","contentUrl":"https:\/\/www.m-q.ch\/wp-content\/uploads\/2025\/12\/KI-2026-Die-Luecke-zwischen-Intelligenz-und-Kontext-schliesst-sich-1_MQ.jpg"},{"@type":"BreadcrumbList","@id":"https:\/\/www.organisator.ch\/management\/2025-12-23\/ki-2026-die-luecke-zwischen-intelligenz-und-kontext-schliesst-sich\/#breadcrumb","itemListElement":[{"@type":"ListItem","position":1,"name":"Home","item":"https:\/\/www.organisator.ch\/"},{"@type":"ListItem","position":2,"name":"KI 2026: Die L\u00fccke zwischen Intelligenz und Kontext schliesst sich"}]},{"@type":"WebSite","@id":"https:\/\/www.organisator.ch\/#website","url":"https:\/\/www.organisator.ch\/","name":"Organisator","description":"Kompetent. Praxisnah. Der ORGANISATOR bereitet in 10 Ausgaben pro Jahr die wesentlichen Themen f\u00fcr F\u00fchrungskr\u00e4fte von KMU auf.","publisher":{"@id":"https:\/\/www.organisator.ch\/#organization"},"potentialAction":[{"@type":"SearchAction","target":{"@type":"EntryPoint","urlTemplate":"https:\/\/www.organisator.ch\/?s={search_term_string}"},"query-input":{"@type":"PropertyValueSpecification","valueRequired":true,"valueName":"search_term_string"}}],"inLanguage":"de"},{"@type":"Organization","@id":"https:\/\/www.organisator.ch\/#organization","name":"Organisator","url":"https:\/\/www.organisator.ch\/","logo":{"@type":"ImageObject","inLanguage":"de","@id":"https:\/\/www.organisator.ch\/#\/schema\/logo\/image\/","url":"https:\/\/www.organisator.ch\/wp-content\/uploads\/2022\/01\/Logo_Organisator_Website.png","contentUrl":"https:\/\/www.organisator.ch\/wp-content\/uploads\/2022\/01\/Logo_Organisator_Website.png","width":800,"height":77,"caption":"Organisator"},"image":{"@id":"https:\/\/www.organisator.ch\/#\/schema\/logo\/image\/"},"sameAs":["https:\/\/www.facebook.com\/OrganisatorFachmagazin","https:\/\/www.linkedin.com\/showcase\/organisator-das-magazin-fr-kmu","https:\/\/www.xing.com\/news\/pages\/organisator-ch-695","https:\/\/www.youtube.com\/channel\/UCGP2Sq0iWaZwT3BdIAQFYpw"]},{"@type":"Person","@id":"https:\/\/www.organisator.ch\/#\/schema\/person\/4e51799071cd2dd1232ac003643ef5f0","name":"galledia","image":{"@type":"ImageObject","inLanguage":"de","@id":"https:\/\/secure.gravatar.com\/avatar\/78a7f90c01fc2bfc875782a0d4922b37cde2cf184ce347b91316d23cd7f69a36?s=96&d=mm&r=g","url":"https:\/\/secure.gravatar.com\/avatar\/78a7f90c01fc2bfc875782a0d4922b37cde2cf184ce347b91316d23cd7f69a36?s=96&d=mm&r=g","contentUrl":"https:\/\/secure.gravatar.com\/avatar\/78a7f90c01fc2bfc875782a0d4922b37cde2cf184ce347b91316d23cd7f69a36?s=96&d=mm&r=g","caption":"galledia"},"sameAs":["https:\/\/x.com\/admin"],"url":"https:\/\/www.organisator.ch\/de\/author\/galledia\/"}]}},"_links":{"self":[{"href":"https:\/\/www.organisator.ch\/de\/wp-json\/wp\/v2\/posts\/42908","targetHints":{"allow":["GET"]}}],"collection":[{"href":"https:\/\/www.organisator.ch\/de\/wp-json\/wp\/v2\/posts"}],"about":[{"href":"https:\/\/www.organisator.ch\/de\/wp-json\/wp\/v2\/types\/post"}],"author":[{"embeddable":true,"href":"https:\/\/www.organisator.ch\/de\/wp-json\/wp\/v2\/users\/8"}],"replies":[{"embeddable":true,"href":"https:\/\/www.organisator.ch\/de\/wp-json\/wp\/v2\/comments?post=42908"}],"version-history":[{"count":5,"href":"https:\/\/www.organisator.ch\/de\/wp-json\/wp\/v2\/posts\/42908\/revisions"}],"predecessor-version":[{"id":42918,"href":"https:\/\/www.organisator.ch\/de\/wp-json\/wp\/v2\/posts\/42908\/revisions\/42918"}],"wp:attachment":[{"href":"https:\/\/www.organisator.ch\/de\/wp-json\/wp\/v2\/media?parent=42908"}],"wp:term":[{"taxonomy":"category","embeddable":true,"href":"https:\/\/www.organisator.ch\/de\/wp-json\/wp\/v2\/categories?post=42908"},{"taxonomy":"post_tag","embeddable":true,"href":"https:\/\/www.organisator.ch\/de\/wp-json\/wp\/v2\/tags?post=42908"}],"curies":[{"name":"wp","href":"https:\/\/api.w.org\/{rel}","templated":true}]}}