{"id":42932,"date":"2026-01-05T08:57:45","date_gmt":"2026-01-05T07:57:45","guid":{"rendered":"https:\/\/www.organisator.ch\/?p=42932"},"modified":"2026-01-05T08:57:45","modified_gmt":"2026-01-05T07:57:45","slug":"bdo-schweiz-ernennt-neuen-verwaltungsratspraesidenten","status":"publish","type":"post","link":"https:\/\/www.organisator.ch\/de\/management\/2026-01-05\/bdo-schweiz-ernennt-neuen-verwaltungsratspraesidenten\/","title":{"rendered":"BDO Schweiz ernennt neuen Verwaltungsratspr\u00e4sidenten"},"content":{"rendered":"<figure id=\"attachment_42933\" aria-describedby=\"caption-attachment-42933\" style=\"width: 680px\" class=\"wp-caption alignnone\"><img loading=\"lazy\" decoding=\"async\" class=\"size-full wp-image-42933\" src=\"https:\/\/www.organisator.ch\/wp-content\/uploads\/2026\/01\/BDO-Schweiz-ernennt-neuen-Verwaltungsratspraesidenten-1_Organisator.jpg\" alt=\"\" width=\"680\" height=\"491\" srcset=\"https:\/\/www.organisator.ch\/wp-content\/uploads\/2026\/01\/BDO-Schweiz-ernennt-neuen-Verwaltungsratspraesidenten-1_Organisator.jpg 680w, https:\/\/www.organisator.ch\/wp-content\/uploads\/2026\/01\/BDO-Schweiz-ernennt-neuen-Verwaltungsratspraesidenten-1_Organisator-18x12.jpg 18w, https:\/\/www.organisator.ch\/wp-content\/uploads\/2026\/01\/BDO-Schweiz-ernennt-neuen-Verwaltungsratspraesidenten-1_Organisator-375x271.jpg 375w, https:\/\/www.organisator.ch\/wp-content\/uploads\/2026\/01\/BDO-Schweiz-ernennt-neuen-Verwaltungsratspraesidenten-1_Organisator-485x350.jpg 485w\" sizes=\"auto, (max-width: 680px) 100vw, 680px\" \/><figcaption id=\"caption-attachment-42933\" class=\"wp-caption-text\">Stephan Bolliger, Verwaltungsratspr\u00e4sident, Mitglied der Gesch\u00e4ftsleitung und Leiter Region Nordwestschweiz. (Bild: BDO)<\/figcaption><\/figure>\n<p>Der neue Verwaltungsratspr\u00e4sident von BDO heisst Stephan Bolliger. Er ist seit 30 Jahren im Unternehmen t\u00e4tig und leitet die Region Nordwestschweiz. Aus dieser Rolle und als Gesch\u00e4ftsleitungsmitglied bringt Bolliger umfassende Kundenerfahrung und fundiertes Branchenwissen in die strategische Weiterentwicklung des Unternehmens ein. \u00abIch freue mich darauf, BDO gemeinsam mit dem Verwaltungsrat und der Gesch\u00e4ftsleitung weiter voranzubringen. Wir stehen in vielen Bereichen vor wichtigen Entscheidungen \u2013 vom Regulierungsumfeld bis zur Digitalisierung. Diese Ver\u00e4nderungen wollen wir aktiv gestalten und Chancen gezielt nutzen\u00bb, sagt Stephan Bolliger zu seiner neuen Funktion. Bolliger folgt auf Harry Affolter, der w\u00e4hrend vier Jahren Verwaltungsratspr\u00e4sident und insgesamt 40 Jahre f\u00fcr BDO t\u00e4tig war, zuletzt als Leiter der Region Mittelland. Affolter ist aufgrund der altersbedingten Amtszeitbeschr\u00e4nkung aus Verwaltungsrat und Gesch\u00e4ftsleitung ausgetreten und verl\u00e4sst BDO per 31. Januar 2026. CEO Thomas Studhalter sagt: \u00abStephan Bolliger kennt unsere Kundschaft und unser Gesch\u00e4ft wie kaum ein anderer. Mit seiner Erfahrung und seiner strategischen Klarheit wird er die Weiterentwicklung von BDO entscheidend pr\u00e4gen. Ich freue mich auf die Zusammenarbeit \u2013 und danke gleichzeitig Harry Affolter f\u00fcr seinen grossen Einsatz \u00fcber vier Jahrzehnte.\u00bb<\/p>\n<h3><strong>Neu in der Gesch\u00e4ftsleitung: Michael Bitzi und Matthias Hildebrandt<\/strong><\/h3>\n<p>Neben dem neuen Verwaltungsratspr\u00e4sidenten ist auch die Gesch\u00e4ftsleitung neu zusammengesetzt: Seit dem 1. Januar 2026 sind Michael Bitzi und Matthias Hildebrandt Teil der Gesch\u00e4ftsleitung von BDO. <strong>Michael Bitzi<\/strong>, seit 35 Jahren bei BDO, \u00fcbernimmt die Leitung der Region Zentralschweiz von <strong>Peter Baumgartner<\/strong>, der fr\u00fchzeitig in Pension gegangen ist. Bitzi verantwortete als Mitglied der Regionaldirektion seit 2021 die Standorte der Region Zentralschweiz und war vorher rund 10 Jahre Standortleiter in Zug. <strong>Matthias Hildebrandt<\/strong>, seit 2012 im Unternehmen, \u00fcbernimmt die Leitung der Region Mittelland von <strong>Harry Affolter<\/strong>. Hildebrandt leitete den Bereich Wirtschaftspr\u00fcfung und hat seit 2020 am Standort Bern die Niederlassungsleitung inne.<\/p>\n<figure id=\"attachment_42939\" aria-describedby=\"caption-attachment-42939\" style=\"width: 680px\" class=\"wp-caption alignnone\"><img loading=\"lazy\" decoding=\"async\" class=\"size-full wp-image-42939\" src=\"https:\/\/www.organisator.ch\/wp-content\/uploads\/2026\/01\/BDO-Schweiz-ernennt-neuen-Verwaltungsratspraesidenten-2_Organisator.jpg\" alt=\"\" width=\"680\" height=\"368\" srcset=\"https:\/\/www.organisator.ch\/wp-content\/uploads\/2026\/01\/BDO-Schweiz-ernennt-neuen-Verwaltungsratspraesidenten-2_Organisator.jpg 680w, https:\/\/www.organisator.ch\/wp-content\/uploads\/2026\/01\/BDO-Schweiz-ernennt-neuen-Verwaltungsratspraesidenten-2_Organisator-18x10.jpg 18w, https:\/\/www.organisator.ch\/wp-content\/uploads\/2026\/01\/BDO-Schweiz-ernennt-neuen-Verwaltungsratspraesidenten-2_Organisator-375x203.jpg 375w, https:\/\/www.organisator.ch\/wp-content\/uploads\/2026\/01\/BDO-Schweiz-ernennt-neuen-Verwaltungsratspraesidenten-2_Organisator-647x350.jpg 647w\" sizes=\"auto, (max-width: 680px) 100vw, 680px\" \/><figcaption id=\"caption-attachment-42939\" class=\"wp-caption-text\">Die Gesch\u00e4ftsleitung von BDO Schweiz (v.l.): Tom Kaufmann, Beat R\u00fcfenacht, Christoph Scholl, Thomas Studhalter, Stephan Bolliger, Marcel Rohrer, Matthias Hildebrandt, Michael Bitzi, Stefan K\u00fchn, Yvan Haymoz. (Bild: BDO)<\/figcaption><\/figure>\n<h3><strong>Weitere personelle Ver\u00e4nderungen in den Regionen<\/strong><\/h3>\n<p>Mit den Ver\u00e4nderungen in der Gesch\u00e4ftsleitung wurden auf regionaler Ebene folgende Posten per 1. Januar 2026 intern nachbesetzt: <strong>David Dahinden<\/strong>, bisher Standortleiter in Sursee, ist neu Mitglied der Regionaldirektion Zentralschweiz. Seine Nachfolge als Standortleiter in Sursee \u00fcbernimmt <strong>Andr\u00e9 Vonarburg<\/strong>. Ferner \u00fcbernimmt <strong>Christian Zumstein<\/strong> die Leitung des Standorts Solothurn von Harry Affolter. <strong>Thomas Bigler<\/strong> und <strong>Michael K\u00e4sermann<\/strong> sind neu Mitglieder der Regionaldirektion Mittelland.<\/p>\n<p><em>Quelle: <a href=\"http:\/\/www.bdo.ch\">www.bdo.ch<\/a><\/em><\/p>\n","protected":false},"excerpt":{"rendered":"<p>Per 1. Januar 2026 hat Stephan Bolliger das Pr\u00e4sidium des Verwaltungsrats von BDO \u00fcbernommen. Gleichzeitig werden Michael Bitzi, neuer Leiter der Region Zentralschweiz, und Matthias Hildebrandt, neuer Leiter der Region Mittelland, Teil der Gesch\u00e4ftsleitung. Sie folgen auf Peter Baumgartner und Harry Affolter, die BDO nach vielen Jahren erfolgreicher T\u00e4tigkeit verlassen.<\/p>\n","protected":false},"author":4,"featured_media":42933,"comment_status":"closed","ping_status":"closed","sticky":false,"template":"","format":"standard","meta":{"_acf_changed":false,"_yoast_wpseo_focuskw":"BDO Schweiz","_yoast_wpseo_metadesc":"Per 1. Januar 2026 hat Stephan Bolliger das Verwaltungsratspr\u00e4sidium von BDO Schweiz \u00fcbernommen. Auch die GL erh\u00e4lt zwei neue Mitglieder.","articlekey":"","footnotes":""},"categories":[28],"tags":[5749,381,492,2471],"class_list":["post-42932","post","type-post","status-publish","format-standard","has-post-thumbnail","hentry","category-management","tag-bdo","tag-personalia","tag-unternehmen","tag-verwaltungsrat"],"acf":[],"yoast_head":"<!-- This site is optimized with the Yoast SEO plugin v27.4 - https:\/\/yoast.com\/product\/yoast-seo-wordpress\/ -->\n<title>BDO Schweiz ernennt neuen Verwaltungsratspr\u00e4sidenten - Organisator<\/title>\n<meta name=\"description\" content=\"Per 1. Januar 2026 hat Stephan Bolliger das Verwaltungsratspr\u00e4sidium von BDO Schweiz \u00fcbernommen. Auch die GL erh\u00e4lt zwei neue Mitglieder.\" \/>\n<meta name=\"robots\" content=\"index, follow, max-snippet:-1, max-image-preview:large, max-video-preview:-1\" \/>\n<link rel=\"canonical\" href=\"https:\/\/www.organisator.ch\/de\/management\/2026-01-05\/bdo-schweiz-ernennt-neuen-verwaltungsratspraesidenten\/\" \/>\n<meta property=\"og:locale\" content=\"de_DE\" \/>\n<meta property=\"og:type\" content=\"article\" \/>\n<meta property=\"og:title\" content=\"BDO Schweiz ernennt neuen Verwaltungsratspr\u00e4sidenten\" \/>\n<meta property=\"og:description\" content=\"Per 1. Januar 2026 hat Stephan Bolliger das Verwaltungsratspr\u00e4sidium von BDO Schweiz \u00fcbernommen. Auch die GL erh\u00e4lt zwei neue Mitglieder.\" \/>\n<meta property=\"og:url\" content=\"https:\/\/www.organisator.ch\/de\/management\/2026-01-05\/bdo-schweiz-ernennt-neuen-verwaltungsratspraesidenten\/\" \/>\n<meta property=\"og:site_name\" content=\"Organisator\" \/>\n<meta property=\"article:publisher\" content=\"https:\/\/www.facebook.com\/OrganisatorFachmagazin\" \/>\n<meta property=\"article:published_time\" content=\"2026-01-05T07:57:45+00:00\" \/>\n<meta property=\"og:image\" content=\"https:\/\/www.organisator.ch\/wp-content\/uploads\/2026\/01\/BDO-Schweiz-ernennt-neuen-Verwaltungsratspraesidenten-1_Organisator.jpg\" \/>\n\t<meta property=\"og:image:width\" content=\"680\" \/>\n\t<meta property=\"og:image:height\" content=\"491\" \/>\n\t<meta property=\"og:image:type\" content=\"image\/jpeg\" \/>\n<meta name=\"author\" content=\"thomas.berner\" \/>\n<meta name=\"twitter:card\" content=\"summary_large_image\" \/>\n<meta name=\"twitter:title\" content=\"#BDO Schweiz ernennt neuen #Verwaltungsratspr\u00e4sidenten\" \/>\n<meta name=\"twitter:description\" content=\"Per 1. Januar 2026 hat Stephan #Bolliger das #Verwaltungsratspr\u00e4sidium von #BDO Schweiz \u00fcbernommen. Auch die GL erh\u00e4lt zwei neue Mitglieder.\" \/>\n<meta name=\"twitter:image\" content=\"https:\/\/www.organisator.ch\/wp-content\/uploads\/2026\/01\/BDO-Schweiz-ernennt-neuen-Verwaltungsratspraesidenten-1_Organisator.jpg\" \/>\n<script type=\"application\/ld+json\" class=\"yoast-schema-graph\">{\"@context\":\"https:\\\/\\\/schema.org\",\"@graph\":[{\"@type\":\"Article\",\"@id\":\"https:\\\/\\\/www.organisator.ch\\\/management\\\/2026-01-05\\\/bdo-schweiz-ernennt-neuen-verwaltungsratspraesidenten\\\/#article\",\"isPartOf\":{\"@id\":\"https:\\\/\\\/www.organisator.ch\\\/management\\\/2026-01-05\\\/bdo-schweiz-ernennt-neuen-verwaltungsratspraesidenten\\\/\"},\"author\":{\"name\":\"thomas.berner\",\"@id\":\"https:\\\/\\\/www.organisator.ch\\\/#\\\/schema\\\/person\\\/6f650f90b2842cd4c0cc334b4e36f67e\"},\"headline\":\"BDO Schweiz ernennt neuen Verwaltungsratspr\u00e4sidenten\",\"datePublished\":\"2026-01-05T07:57:45+00:00\",\"mainEntityOfPage\":{\"@id\":\"https:\\\/\\\/www.organisator.ch\\\/management\\\/2026-01-05\\\/bdo-schweiz-ernennt-neuen-verwaltungsratspraesidenten\\\/\"},\"wordCount\":435,\"publisher\":{\"@id\":\"https:\\\/\\\/www.organisator.ch\\\/#organization\"},\"image\":{\"@id\":\"https:\\\/\\\/www.organisator.ch\\\/management\\\/2026-01-05\\\/bdo-schweiz-ernennt-neuen-verwaltungsratspraesidenten\\\/#primaryimage\"},\"thumbnailUrl\":\"https:\\\/\\\/www.organisator.ch\\\/wp-content\\\/uploads\\\/2026\\\/01\\\/BDO-Schweiz-ernennt-neuen-Verwaltungsratspraesidenten-1_Organisator.jpg\",\"keywords\":[\"BDO\",\"Personalia\",\"Unternehmen\",\"Verwaltungsrat\"],\"articleSection\":[\"MANAGEMENT\"],\"inLanguage\":\"de\"},{\"@type\":\"WebPage\",\"@id\":\"https:\\\/\\\/www.organisator.ch\\\/management\\\/2026-01-05\\\/bdo-schweiz-ernennt-neuen-verwaltungsratspraesidenten\\\/\",\"url\":\"https:\\\/\\\/www.organisator.ch\\\/management\\\/2026-01-05\\\/bdo-schweiz-ernennt-neuen-verwaltungsratspraesidenten\\\/\",\"name\":\"BDO Schweiz ernennt neuen Verwaltungsratspr\u00e4sidenten - Organisator\",\"isPartOf\":{\"@id\":\"https:\\\/\\\/www.organisator.ch\\\/#website\"},\"primaryImageOfPage\":{\"@id\":\"https:\\\/\\\/www.organisator.ch\\\/management\\\/2026-01-05\\\/bdo-schweiz-ernennt-neuen-verwaltungsratspraesidenten\\\/#primaryimage\"},\"image\":{\"@id\":\"https:\\\/\\\/www.organisator.ch\\\/management\\\/2026-01-05\\\/bdo-schweiz-ernennt-neuen-verwaltungsratspraesidenten\\\/#primaryimage\"},\"thumbnailUrl\":\"https:\\\/\\\/www.organisator.ch\\\/wp-content\\\/uploads\\\/2026\\\/01\\\/BDO-Schweiz-ernennt-neuen-Verwaltungsratspraesidenten-1_Organisator.jpg\",\"datePublished\":\"2026-01-05T07:57:45+00:00\",\"description\":\"Per 1. Januar 2026 hat Stephan Bolliger das Verwaltungsratspr\u00e4sidium von BDO Schweiz \u00fcbernommen. Auch die GL erh\u00e4lt zwei neue Mitglieder.\",\"breadcrumb\":{\"@id\":\"https:\\\/\\\/www.organisator.ch\\\/management\\\/2026-01-05\\\/bdo-schweiz-ernennt-neuen-verwaltungsratspraesidenten\\\/#breadcrumb\"},\"inLanguage\":\"de\",\"potentialAction\":[{\"@type\":\"ReadAction\",\"target\":[\"https:\\\/\\\/www.organisator.ch\\\/management\\\/2026-01-05\\\/bdo-schweiz-ernennt-neuen-verwaltungsratspraesidenten\\\/\"]}]},{\"@type\":\"ImageObject\",\"inLanguage\":\"de\",\"@id\":\"https:\\\/\\\/www.organisator.ch\\\/management\\\/2026-01-05\\\/bdo-schweiz-ernennt-neuen-verwaltungsratspraesidenten\\\/#primaryimage\",\"url\":\"https:\\\/\\\/www.organisator.ch\\\/wp-content\\\/uploads\\\/2026\\\/01\\\/BDO-Schweiz-ernennt-neuen-Verwaltungsratspraesidenten-1_Organisator.jpg\",\"contentUrl\":\"https:\\\/\\\/www.organisator.ch\\\/wp-content\\\/uploads\\\/2026\\\/01\\\/BDO-Schweiz-ernennt-neuen-Verwaltungsratspraesidenten-1_Organisator.jpg\",\"width\":680,\"height\":491,\"caption\":\"Stephan Bolliger, Verwaltungsratspr\u00e4sident, Mitglied der Gesch\u00e4ftsleitung und Leiter Region Nordwestschweiz. (Bild: BDO)\"},{\"@type\":\"BreadcrumbList\",\"@id\":\"https:\\\/\\\/www.organisator.ch\\\/management\\\/2026-01-05\\\/bdo-schweiz-ernennt-neuen-verwaltungsratspraesidenten\\\/#breadcrumb\",\"itemListElement\":[{\"@type\":\"ListItem\",\"position\":1,\"name\":\"Home\",\"item\":\"https:\\\/\\\/www.organisator.ch\\\/\"},{\"@type\":\"ListItem\",\"position\":2,\"name\":\"BDO Schweiz ernennt neuen Verwaltungsratspr\u00e4sidenten\"}]},{\"@type\":\"WebSite\",\"@id\":\"https:\\\/\\\/www.organisator.ch\\\/#website\",\"url\":\"https:\\\/\\\/www.organisator.ch\\\/\",\"name\":\"Organisator\",\"description\":\"Kompetent. Praxisnah. Der ORGANISATOR bereitet in 10 Ausgaben pro Jahr die wesentlichen Themen f\u00fcr F\u00fchrungskr\u00e4fte von KMU auf.\",\"publisher\":{\"@id\":\"https:\\\/\\\/www.organisator.ch\\\/#organization\"},\"potentialAction\":[{\"@type\":\"SearchAction\",\"target\":{\"@type\":\"EntryPoint\",\"urlTemplate\":\"https:\\\/\\\/www.organisator.ch\\\/?s={search_term_string}\"},\"query-input\":{\"@type\":\"PropertyValueSpecification\",\"valueRequired\":true,\"valueName\":\"search_term_string\"}}],\"inLanguage\":\"de\"},{\"@type\":\"Organization\",\"@id\":\"https:\\\/\\\/www.organisator.ch\\\/#organization\",\"name\":\"Organisator\",\"url\":\"https:\\\/\\\/www.organisator.ch\\\/\",\"logo\":{\"@type\":\"ImageObject\",\"inLanguage\":\"de\",\"@id\":\"https:\\\/\\\/www.organisator.ch\\\/#\\\/schema\\\/logo\\\/image\\\/\",\"url\":\"https:\\\/\\\/www.organisator.ch\\\/wp-content\\\/uploads\\\/2022\\\/01\\\/Logo_Organisator_Website.png\",\"contentUrl\":\"https:\\\/\\\/www.organisator.ch\\\/wp-content\\\/uploads\\\/2022\\\/01\\\/Logo_Organisator_Website.png\",\"width\":800,\"height\":77,\"caption\":\"Organisator\"},\"image\":{\"@id\":\"https:\\\/\\\/www.organisator.ch\\\/#\\\/schema\\\/logo\\\/image\\\/\"},\"sameAs\":[\"https:\\\/\\\/www.facebook.com\\\/OrganisatorFachmagazin\",\"https:\\\/\\\/www.linkedin.com\\\/showcase\\\/organisator-das-magazin-fr-kmu\",\"https:\\\/\\\/www.xing.com\\\/news\\\/pages\\\/organisator-ch-695\",\"https:\\\/\\\/www.youtube.com\\\/channel\\\/UCGP2Sq0iWaZwT3BdIAQFYpw\"]},{\"@type\":\"Person\",\"@id\":\"https:\\\/\\\/www.organisator.ch\\\/#\\\/schema\\\/person\\\/6f650f90b2842cd4c0cc334b4e36f67e\",\"name\":\"thomas.berner\",\"image\":{\"@type\":\"ImageObject\",\"inLanguage\":\"de\",\"@id\":\"https:\\\/\\\/secure.gravatar.com\\\/avatar\\\/ac5001d2a36cb6c6cd3e50789007ffca834b477b74a2144564522e944eabff61?s=96&d=mm&r=g\",\"url\":\"https:\\\/\\\/secure.gravatar.com\\\/avatar\\\/ac5001d2a36cb6c6cd3e50789007ffca834b477b74a2144564522e944eabff61?s=96&d=mm&r=g\",\"contentUrl\":\"https:\\\/\\\/secure.gravatar.com\\\/avatar\\\/ac5001d2a36cb6c6cd3e50789007ffca834b477b74a2144564522e944eabff61?s=96&d=mm&r=g\",\"caption\":\"thomas.berner\"},\"url\":\"https:\\\/\\\/www.organisator.ch\\\/de\\\/author\\\/thomas-berner\\\/\"}]}<\/script>\n<!-- \/ Yoast SEO plugin. -->","yoast_head_json":{"title":"BDO Schweiz ernennt neuen Verwaltungsratspr\u00e4sidenten - Organisator","description":"Per 1. Januar 2026 hat Stephan Bolliger das Verwaltungsratspr\u00e4sidium von BDO Schweiz \u00fcbernommen. Auch die GL erh\u00e4lt zwei neue Mitglieder.","robots":{"index":"index","follow":"follow","max-snippet":"max-snippet:-1","max-image-preview":"max-image-preview:large","max-video-preview":"max-video-preview:-1"},"canonical":"https:\/\/www.organisator.ch\/de\/management\/2026-01-05\/bdo-schweiz-ernennt-neuen-verwaltungsratspraesidenten\/","og_locale":"de_DE","og_type":"article","og_title":"BDO Schweiz ernennt neuen Verwaltungsratspr\u00e4sidenten","og_description":"Per 1. Januar 2026 hat Stephan Bolliger das Verwaltungsratspr\u00e4sidium von BDO Schweiz \u00fcbernommen. Auch die GL erh\u00e4lt zwei neue Mitglieder.","og_url":"https:\/\/www.organisator.ch\/de\/management\/2026-01-05\/bdo-schweiz-ernennt-neuen-verwaltungsratspraesidenten\/","og_site_name":"Organisator","article_publisher":"https:\/\/www.facebook.com\/OrganisatorFachmagazin","article_published_time":"2026-01-05T07:57:45+00:00","og_image":[{"width":680,"height":491,"url":"https:\/\/www.organisator.ch\/wp-content\/uploads\/2026\/01\/BDO-Schweiz-ernennt-neuen-Verwaltungsratspraesidenten-1_Organisator.jpg","type":"image\/jpeg"}],"author":"thomas.berner","twitter_card":"summary_large_image","twitter_title":"#BDO Schweiz ernennt neuen #Verwaltungsratspr\u00e4sidenten","twitter_description":"Per 1. Januar 2026 hat Stephan #Bolliger das #Verwaltungsratspr\u00e4sidium von #BDO Schweiz \u00fcbernommen. Auch die GL erh\u00e4lt zwei neue Mitglieder.","twitter_image":"https:\/\/www.organisator.ch\/wp-content\/uploads\/2026\/01\/BDO-Schweiz-ernennt-neuen-Verwaltungsratspraesidenten-1_Organisator.jpg","schema":{"@context":"https:\/\/schema.org","@graph":[{"@type":"Article","@id":"https:\/\/www.organisator.ch\/management\/2026-01-05\/bdo-schweiz-ernennt-neuen-verwaltungsratspraesidenten\/#article","isPartOf":{"@id":"https:\/\/www.organisator.ch\/management\/2026-01-05\/bdo-schweiz-ernennt-neuen-verwaltungsratspraesidenten\/"},"author":{"name":"thomas.berner","@id":"https:\/\/www.organisator.ch\/#\/schema\/person\/6f650f90b2842cd4c0cc334b4e36f67e"},"headline":"BDO Schweiz ernennt neuen Verwaltungsratspr\u00e4sidenten","datePublished":"2026-01-05T07:57:45+00:00","mainEntityOfPage":{"@id":"https:\/\/www.organisator.ch\/management\/2026-01-05\/bdo-schweiz-ernennt-neuen-verwaltungsratspraesidenten\/"},"wordCount":435,"publisher":{"@id":"https:\/\/www.organisator.ch\/#organization"},"image":{"@id":"https:\/\/www.organisator.ch\/management\/2026-01-05\/bdo-schweiz-ernennt-neuen-verwaltungsratspraesidenten\/#primaryimage"},"thumbnailUrl":"https:\/\/www.organisator.ch\/wp-content\/uploads\/2026\/01\/BDO-Schweiz-ernennt-neuen-Verwaltungsratspraesidenten-1_Organisator.jpg","keywords":["BDO","Personalia","Unternehmen","Verwaltungsrat"],"articleSection":["MANAGEMENT"],"inLanguage":"de"},{"@type":"WebPage","@id":"https:\/\/www.organisator.ch\/management\/2026-01-05\/bdo-schweiz-ernennt-neuen-verwaltungsratspraesidenten\/","url":"https:\/\/www.organisator.ch\/management\/2026-01-05\/bdo-schweiz-ernennt-neuen-verwaltungsratspraesidenten\/","name":"BDO Schweiz ernennt neuen Verwaltungsratspr\u00e4sidenten - Organisator","isPartOf":{"@id":"https:\/\/www.organisator.ch\/#website"},"primaryImageOfPage":{"@id":"https:\/\/www.organisator.ch\/management\/2026-01-05\/bdo-schweiz-ernennt-neuen-verwaltungsratspraesidenten\/#primaryimage"},"image":{"@id":"https:\/\/www.organisator.ch\/management\/2026-01-05\/bdo-schweiz-ernennt-neuen-verwaltungsratspraesidenten\/#primaryimage"},"thumbnailUrl":"https:\/\/www.organisator.ch\/wp-content\/uploads\/2026\/01\/BDO-Schweiz-ernennt-neuen-Verwaltungsratspraesidenten-1_Organisator.jpg","datePublished":"2026-01-05T07:57:45+00:00","description":"Per 1. Januar 2026 hat Stephan Bolliger das Verwaltungsratspr\u00e4sidium von BDO Schweiz \u00fcbernommen. Auch die GL erh\u00e4lt zwei neue Mitglieder.","breadcrumb":{"@id":"https:\/\/www.organisator.ch\/management\/2026-01-05\/bdo-schweiz-ernennt-neuen-verwaltungsratspraesidenten\/#breadcrumb"},"inLanguage":"de","potentialAction":[{"@type":"ReadAction","target":["https:\/\/www.organisator.ch\/management\/2026-01-05\/bdo-schweiz-ernennt-neuen-verwaltungsratspraesidenten\/"]}]},{"@type":"ImageObject","inLanguage":"de","@id":"https:\/\/www.organisator.ch\/management\/2026-01-05\/bdo-schweiz-ernennt-neuen-verwaltungsratspraesidenten\/#primaryimage","url":"https:\/\/www.organisator.ch\/wp-content\/uploads\/2026\/01\/BDO-Schweiz-ernennt-neuen-Verwaltungsratspraesidenten-1_Organisator.jpg","contentUrl":"https:\/\/www.organisator.ch\/wp-content\/uploads\/2026\/01\/BDO-Schweiz-ernennt-neuen-Verwaltungsratspraesidenten-1_Organisator.jpg","width":680,"height":491,"caption":"Stephan Bolliger, Verwaltungsratspr\u00e4sident, Mitglied der Gesch\u00e4ftsleitung und Leiter Region Nordwestschweiz. (Bild: BDO)"},{"@type":"BreadcrumbList","@id":"https:\/\/www.organisator.ch\/management\/2026-01-05\/bdo-schweiz-ernennt-neuen-verwaltungsratspraesidenten\/#breadcrumb","itemListElement":[{"@type":"ListItem","position":1,"name":"Home","item":"https:\/\/www.organisator.ch\/"},{"@type":"ListItem","position":2,"name":"BDO Schweiz ernennt neuen Verwaltungsratspr\u00e4sidenten"}]},{"@type":"WebSite","@id":"https:\/\/www.organisator.ch\/#website","url":"https:\/\/www.organisator.ch\/","name":"Organisator","description":"Kompetent. Praxisnah. Der ORGANISATOR bereitet in 10 Ausgaben pro Jahr die wesentlichen Themen f\u00fcr F\u00fchrungskr\u00e4fte von KMU auf.","publisher":{"@id":"https:\/\/www.organisator.ch\/#organization"},"potentialAction":[{"@type":"SearchAction","target":{"@type":"EntryPoint","urlTemplate":"https:\/\/www.organisator.ch\/?s={search_term_string}"},"query-input":{"@type":"PropertyValueSpecification","valueRequired":true,"valueName":"search_term_string"}}],"inLanguage":"de"},{"@type":"Organization","@id":"https:\/\/www.organisator.ch\/#organization","name":"Organisator","url":"https:\/\/www.organisator.ch\/","logo":{"@type":"ImageObject","inLanguage":"de","@id":"https:\/\/www.organisator.ch\/#\/schema\/logo\/image\/","url":"https:\/\/www.organisator.ch\/wp-content\/uploads\/2022\/01\/Logo_Organisator_Website.png","contentUrl":"https:\/\/www.organisator.ch\/wp-content\/uploads\/2022\/01\/Logo_Organisator_Website.png","width":800,"height":77,"caption":"Organisator"},"image":{"@id":"https:\/\/www.organisator.ch\/#\/schema\/logo\/image\/"},"sameAs":["https:\/\/www.facebook.com\/OrganisatorFachmagazin","https:\/\/www.linkedin.com\/showcase\/organisator-das-magazin-fr-kmu","https:\/\/www.xing.com\/news\/pages\/organisator-ch-695","https:\/\/www.youtube.com\/channel\/UCGP2Sq0iWaZwT3BdIAQFYpw"]},{"@type":"Person","@id":"https:\/\/www.organisator.ch\/#\/schema\/person\/6f650f90b2842cd4c0cc334b4e36f67e","name":"thomas.berner","image":{"@type":"ImageObject","inLanguage":"de","@id":"https:\/\/secure.gravatar.com\/avatar\/ac5001d2a36cb6c6cd3e50789007ffca834b477b74a2144564522e944eabff61?s=96&d=mm&r=g","url":"https:\/\/secure.gravatar.com\/avatar\/ac5001d2a36cb6c6cd3e50789007ffca834b477b74a2144564522e944eabff61?s=96&d=mm&r=g","contentUrl":"https:\/\/secure.gravatar.com\/avatar\/ac5001d2a36cb6c6cd3e50789007ffca834b477b74a2144564522e944eabff61?s=96&d=mm&r=g","caption":"thomas.berner"},"url":"https:\/\/www.organisator.ch\/de\/author\/thomas-berner\/"}]}},"_links":{"self":[{"href":"https:\/\/www.organisator.ch\/de\/wp-json\/wp\/v2\/posts\/42932","targetHints":{"allow":["GET"]}}],"collection":[{"href":"https:\/\/www.organisator.ch\/de\/wp-json\/wp\/v2\/posts"}],"about":[{"href":"https:\/\/www.organisator.ch\/de\/wp-json\/wp\/v2\/types\/post"}],"author":[{"embeddable":true,"href":"https:\/\/www.organisator.ch\/de\/wp-json\/wp\/v2\/users\/4"}],"replies":[{"embeddable":true,"href":"https:\/\/www.organisator.ch\/de\/wp-json\/wp\/v2\/comments?post=42932"}],"version-history":[{"count":3,"href":"https:\/\/www.organisator.ch\/de\/wp-json\/wp\/v2\/posts\/42932\/revisions"}],"predecessor-version":[{"id":42960,"href":"https:\/\/www.organisator.ch\/de\/wp-json\/wp\/v2\/posts\/42932\/revisions\/42960"}],"wp:featuredmedia":[{"embeddable":true,"href":"https:\/\/www.organisator.ch\/de\/wp-json\/wp\/v2\/media\/42933"}],"wp:attachment":[{"href":"https:\/\/www.organisator.ch\/de\/wp-json\/wp\/v2\/media?parent=42932"}],"wp:term":[{"taxonomy":"category","embeddable":true,"href":"https:\/\/www.organisator.ch\/de\/wp-json\/wp\/v2\/categories?post=42932"},{"taxonomy":"post_tag","embeddable":true,"href":"https:\/\/www.organisator.ch\/de\/wp-json\/wp\/v2\/tags?post=42932"}],"curies":[{"name":"wp","href":"https:\/\/api.w.org\/{rel}","templated":true}]}}