{"id":4295,"date":"2018-09-27T07:50:28","date_gmt":"2018-09-27T05:50:28","guid":{"rendered":"https:\/\/www.organisator.ch\/?p=4295"},"modified":"2018-09-27T07:50:28","modified_gmt":"2018-09-27T05:50:28","slug":"stellenmeldepflicht-in-der-gastrobranche-uebermaessiger-aufwand-und-kaum-nutzen","status":"publish","type":"post","link":"https:\/\/www.organisator.ch\/de\/management\/2018-09-27\/stellenmeldepflicht-in-der-gastrobranche-uebermaessiger-aufwand-und-kaum-nutzen\/","title":{"rendered":"Stellenmeldepflicht in der Gastrobranche: \u00dcberm\u00e4ssiger Aufwand und kaum Nutzen"},"content":{"rendered":"<figure id=\"attachment_4297\" aria-describedby=\"caption-attachment-4297\" style=\"width: 640px\" class=\"wp-caption alignnone\"><img loading=\"lazy\" decoding=\"async\" class=\"size-full wp-image-4297\" src=\"https:\/\/www.organisator.ch\/wp-content\/uploads\/2018\/09\/Stellenmeldepflicht-in-der-Gastrobranche-Uebermaessiger-Aufwand-und-kaum-Nutzen_Organisator.jpg\" alt=\"\" width=\"640\" height=\"427\" srcset=\"https:\/\/www.organisator.ch\/wp-content\/uploads\/2018\/09\/Stellenmeldepflicht-in-der-Gastrobranche-Uebermaessiger-Aufwand-und-kaum-Nutzen_Organisator.jpg 640w, https:\/\/www.organisator.ch\/wp-content\/uploads\/2018\/09\/Stellenmeldepflicht-in-der-Gastrobranche-Uebermaessiger-Aufwand-und-kaum-Nutzen_Organisator-16x12.jpg 16w, https:\/\/www.organisator.ch\/wp-content\/uploads\/2018\/09\/Stellenmeldepflicht-in-der-Gastrobranche-Uebermaessiger-Aufwand-und-kaum-Nutzen_Organisator-262x175.jpg 262w, https:\/\/www.organisator.ch\/wp-content\/uploads\/2018\/09\/Stellenmeldepflicht-in-der-Gastrobranche-Uebermaessiger-Aufwand-und-kaum-Nutzen_Organisator-525x350.jpg 525w, https:\/\/www.organisator.ch\/wp-content\/uploads\/2018\/09\/Stellenmeldepflicht-in-der-Gastrobranche-Uebermaessiger-Aufwand-und-kaum-Nutzen_Organisator-300x200.jpg 300w\" sizes=\"auto, (max-width: 640px) 100vw, 640px\" \/><figcaption id=\"caption-attachment-4297\" class=\"wp-caption-text\">Die Gastrobranche beklagt massive Probleme bei der Umsetzung der Stellenmeldepflicht. (Bild: Fotolia.com)<\/figcaption><\/figure>\n<p>Die Umsetzung der Stellenmeldepflicht &#8211; eine Massnahme im Zusammenhang mit der Umsetzung der Masseneinwanderungs-Initiative, welche auf offene Stellen den Inl\u00e4ndervorrang zum Ziel hat &#8211; sorgt vor allem in der Gastrobranche f\u00fcr Kritik, wie eine j\u00fcngst durchgef\u00fchrte Umfrage des Branchenverbands GastroSuisse\u00a0zeigt. Die Befragten kritisieren den hohen\u00a0Aufwand f\u00fcr Unternehmen sowie die Qualit\u00e4t der vom RAV zugestellten Dossiers. Zudem ergab die Untersuchung, dass sich die RAV nicht an die gesetzlich vorgegebenen Fristen halten. Das Gastgewerbe als personalintensive Branche mit mehr als 200&#8217;000 Mitarbeitenden\u00a0sei in besonderem Masse auf eine praktikable Umsetzung der Stellenmeldepflicht angewiesen. Gem\u00e4ss der Befragung haben in nur zweieinhalb Monaten bereits 26.4 % der befragten Betriebe dem RAV mindestens eine Stelle gemeldet.<\/p>\n<h2>M\u00e4ngel sind offensichtlich<\/h2>\n<p>Die Erfahrungen der Mitglieder von GastroSuisse fallen durchzogen aus: 57.8 % sind mit den Leistungen der RAV m\u00e4ssig bis gar nicht zufrieden. Sie kritisieren den grossen Aufwand und die geringe Erfolgsquote. Zugesandte Dossiers w\u00fcrden oftmals nicht zum Anforderungsprofil der Stelle passen. Weit \u00fcber die H\u00e4lfte der von den RAV zugestellten Dossiers (54.8 %) waren nicht geeignet. Das RAV konnte gerade einmal jede 7. bis 8. gemeldete Stelle besetzen (13.7 %). Die Dossierqualit\u00e4t liesse sich durch eine verfeinerte Berufsnomenklatur verbessern. Die Berufsart &#8222;K\u00fcchenpersonal&#8220; etwa beinhaltet f\u00e4lschlicherweise Fach- und Hilfspersonal. &#8222;Bei ausgebildeten K\u00f6chen besteht ein ernsthafter Fachkr\u00e4ftemangel. Trotzdem m\u00fcssen offene Stellen gemeldet werden. Wo sind all die arbeitslosen K\u00f6che, wenn auch das RAV keine passenden Dossiers zustellen kann?&#8220;, fragt sich Casimir Platzer, Pr\u00e4sident von GastroSuisse und Hotelier in Kandersteg.<\/p>\n<h2>Viel zu lange Wartezeiten<\/h2>\n<p>Ebenfalls ungen\u00fcgend sind die zum Teil sehr langen Wartezeiten beim Rekrutierungsprozess. So hat nur ein Betrieb umgehend eine Eingangsbest\u00e4tigung vom RAV erhalten (0.6 %). Genau das aber fordert GastroSuisse, um die Wartezeiten zu verk\u00fcrzen. Denn erst ab diesem Zeitpunkt beginnt die f\u00fcnft\u00e4gige Sperrfrist zu laufen, in welcher die Arbeitgeber die Stelle nicht \u00f6ffentlich ausschreiben d\u00fcrfen. Auch die Dauer zwischen der Eingangsbest\u00e4tigung und Zustellung der Dossiers ist deutlich zu lang: 43.4 % der Betriebe mussten 4 Tage oder l\u00e4nger warten, womit die gesetzliche Frist von 3 Tagen \u00fcberschritten wurde. Insgesamt musste ein Drittel der befragten Betriebe (33.3 %), die schlussendlich ein Dossier erhalten haben, ab dem Zeitpunkt der Stellenmeldung 8 Tage oder l\u00e4nger warten. Bei 8.3 % dauerte es sogar l\u00e4nger als 14 Tage. Das Gastgewerbe hat vergleichsweise hohe Fluktuationen im Personalbestand, die es rasch auszugleichen gilt. Die langen Wartezeiten f\u00fchren zu einer \u00dcberbelastung des angestellten Personals und erschweren die Betriebsf\u00fchrung massiv.<\/p>\n<p><em>Quelle: <a href=\"http:\/\/www.gastrosuisse.ch\">GastroSuisse<\/a><br \/>\nMehr zur Stellenmeldepflicht und ersten Erfahrungen damit lesen Sie in <a href=\"https:\/\/www.organisator.ch\/wp-content\/uploads\/2018\/09\/2018_09_Nachgefragt_12-13.pdf\">diesem ORGANISATOR-Artikel<\/a>.<\/em><\/p>\n<p>&nbsp;<\/p>\n<p>&nbsp;<\/p>\n","protected":false},"excerpt":{"rendered":"<p>Die Umsetzung der Stellenmeldepflicht &#8211; eine Massnahme im Zusammenhang mit der Umsetzung der Masseneinwanderungs-Initiative, welche auf offene Stellen den Inl\u00e4ndervorrang zum Ziel hat &#8211; sorgt vor allem in der Gastrobranche f\u00fcr Kritik, wie eine j\u00fcngst durchgef\u00fchrte Umfrage des Branchenverbands GastroSuisse\u00a0zeigt. Die Befragten kritisieren den hohen\u00a0Aufwand f\u00fcr Unternehmen sowie die Qualit\u00e4t der vom RAV zugestellten Dossiers. [&hellip;]<\/p>\n","protected":false},"author":4,"featured_media":4297,"comment_status":"open","ping_status":"open","sticky":false,"template":"","format":"standard","meta":{"_acf_changed":false,"_yoast_wpseo_focuskw":"Stellenmeldepflicht","_yoast_wpseo_metadesc":"Gem\u00e4ss einer Umfrage von GastroSuisse ist eine Mehrheit der gastgewerblichen Betriebe mit der Umsetzung der Stellenmeldepflicht unzufrieden.","articlekey":"","footnotes":""},"categories":[28],"tags":[90,241,254,411,531],"class_list":["post-4295","post","type-post","status-publish","format-standard","has-post-thumbnail","hentry","category-management","tag-branchen","tag-gesetzgebung","tag-hrm","tag-rekrutierung","tag-wirtschaftspolitik"],"acf":[],"yoast_head":"<!-- This site is optimized with the Yoast SEO plugin v27.5 - https:\/\/yoast.com\/product\/yoast-seo-wordpress\/ -->\n<title>Stellenmeldepflicht in der Gastrobranche: \u00dcberm\u00e4ssiger Aufwand und kaum Nutzen - Organisator<\/title>\n<meta name=\"description\" content=\"Gem\u00e4ss einer Umfrage von GastroSuisse ist eine Mehrheit der gastgewerblichen Betriebe mit der Umsetzung der Stellenmeldepflicht unzufrieden.\" \/>\n<meta name=\"robots\" content=\"index, follow, max-snippet:-1, max-image-preview:large, max-video-preview:-1\" \/>\n<link rel=\"canonical\" href=\"https:\/\/www.organisator.ch\/de\/management\/2018-09-27\/stellenmeldepflicht-in-der-gastrobranche-uebermaessiger-aufwand-und-kaum-nutzen\/\" \/>\n<meta property=\"og:locale\" content=\"de_DE\" \/>\n<meta property=\"og:type\" content=\"article\" \/>\n<meta property=\"og:title\" content=\"Stellenmeldepflicht in der Gastrobranche: \u00dcberm\u00e4ssiger Aufwand und kaum Nutzen\" \/>\n<meta property=\"og:description\" content=\"Gem\u00e4ss einer Umfrage von GastroSuisse ist eine Mehrheit der gastgewerblichen Betriebe mit der Umsetzung der Stellenmeldepflicht unzufrieden.\" \/>\n<meta property=\"og:url\" content=\"https:\/\/www.organisator.ch\/de\/management\/2018-09-27\/stellenmeldepflicht-in-der-gastrobranche-uebermaessiger-aufwand-und-kaum-nutzen\/\" \/>\n<meta property=\"og:site_name\" content=\"Organisator\" \/>\n<meta property=\"article:publisher\" content=\"https:\/\/www.facebook.com\/OrganisatorFachmagazin\" \/>\n<meta property=\"article:published_time\" content=\"2018-09-27T05:50:28+00:00\" \/>\n<meta property=\"og:image\" content=\"https:\/\/www.organisator.ch\/wp-content\/uploads\/2018\/09\/Stellenmeldepflicht-in-der-Gastrobranche-Uebermaessiger-Aufwand-und-kaum-Nutzen_Organisator.jpg\" \/>\n\t<meta property=\"og:image:width\" content=\"640\" \/>\n\t<meta property=\"og:image:height\" content=\"427\" \/>\n\t<meta property=\"og:image:type\" content=\"image\/jpeg\" \/>\n<meta name=\"author\" content=\"thomas.berner\" \/>\n<meta name=\"twitter:card\" content=\"summary_large_image\" \/>\n<meta name=\"twitter:title\" content=\"#Stellenmeldepflicht in der #Gastrobranche: \u00dcberm\u00e4ssiger Aufwand und kaum Nutzen\" \/>\n<meta name=\"twitter:description\" content=\"Gem\u00e4ss einer Umfrage von #GastroSuisse ist eine Mehrheit der gastgewerblichen Betriebe mit der Umsetzung der #Stellenmeldepflicht unzufrieden.\" \/>\n<meta name=\"twitter:image\" content=\"https:\/\/www.organisator.ch\/wp-content\/uploads\/2018\/09\/Stellenmeldepflicht-in-der-Gastrobranche-\u00dcberm\u00e4ssiger-Aufwand-und-kaum-Nutzen_Organisator.jpg\" \/>\n<script type=\"application\/ld+json\" class=\"yoast-schema-graph\">{\"@context\":\"https:\\\/\\\/schema.org\",\"@graph\":[{\"@type\":\"Article\",\"@id\":\"https:\\\/\\\/www.organisator.ch\\\/management\\\/2018-09-27\\\/stellenmeldepflicht-in-der-gastrobranche-uebermaessiger-aufwand-und-kaum-nutzen\\\/#article\",\"isPartOf\":{\"@id\":\"https:\\\/\\\/www.organisator.ch\\\/management\\\/2018-09-27\\\/stellenmeldepflicht-in-der-gastrobranche-uebermaessiger-aufwand-und-kaum-nutzen\\\/\"},\"author\":{\"name\":\"thomas.berner\",\"@id\":\"https:\\\/\\\/www.organisator.ch\\\/#\\\/schema\\\/person\\\/6f650f90b2842cd4c0cc334b4e36f67e\"},\"headline\":\"Stellenmeldepflicht in der Gastrobranche: \u00dcberm\u00e4ssiger Aufwand und kaum Nutzen\",\"datePublished\":\"2018-09-27T05:50:28+00:00\",\"mainEntityOfPage\":{\"@id\":\"https:\\\/\\\/www.organisator.ch\\\/management\\\/2018-09-27\\\/stellenmeldepflicht-in-der-gastrobranche-uebermaessiger-aufwand-und-kaum-nutzen\\\/\"},\"wordCount\":452,\"commentCount\":0,\"publisher\":{\"@id\":\"https:\\\/\\\/www.organisator.ch\\\/#organization\"},\"image\":{\"@id\":\"https:\\\/\\\/www.organisator.ch\\\/management\\\/2018-09-27\\\/stellenmeldepflicht-in-der-gastrobranche-uebermaessiger-aufwand-und-kaum-nutzen\\\/#primaryimage\"},\"thumbnailUrl\":\"https:\\\/\\\/www.organisator.ch\\\/wp-content\\\/uploads\\\/2018\\\/09\\\/Stellenmeldepflicht-in-der-Gastrobranche-Uebermaessiger-Aufwand-und-kaum-Nutzen_Organisator.jpg\",\"keywords\":[\"Branchen\",\"Gesetzgebung\",\"HRM\",\"Rekrutierung\",\"Wirtschaftspolitik\"],\"articleSection\":[\"MANAGEMENT\"],\"inLanguage\":\"de\"},{\"@type\":\"WebPage\",\"@id\":\"https:\\\/\\\/www.organisator.ch\\\/management\\\/2018-09-27\\\/stellenmeldepflicht-in-der-gastrobranche-uebermaessiger-aufwand-und-kaum-nutzen\\\/\",\"url\":\"https:\\\/\\\/www.organisator.ch\\\/management\\\/2018-09-27\\\/stellenmeldepflicht-in-der-gastrobranche-uebermaessiger-aufwand-und-kaum-nutzen\\\/\",\"name\":\"Stellenmeldepflicht in der Gastrobranche: \u00dcberm\u00e4ssiger Aufwand und kaum Nutzen - Organisator\",\"isPartOf\":{\"@id\":\"https:\\\/\\\/www.organisator.ch\\\/#website\"},\"primaryImageOfPage\":{\"@id\":\"https:\\\/\\\/www.organisator.ch\\\/management\\\/2018-09-27\\\/stellenmeldepflicht-in-der-gastrobranche-uebermaessiger-aufwand-und-kaum-nutzen\\\/#primaryimage\"},\"image\":{\"@id\":\"https:\\\/\\\/www.organisator.ch\\\/management\\\/2018-09-27\\\/stellenmeldepflicht-in-der-gastrobranche-uebermaessiger-aufwand-und-kaum-nutzen\\\/#primaryimage\"},\"thumbnailUrl\":\"https:\\\/\\\/www.organisator.ch\\\/wp-content\\\/uploads\\\/2018\\\/09\\\/Stellenmeldepflicht-in-der-Gastrobranche-Uebermaessiger-Aufwand-und-kaum-Nutzen_Organisator.jpg\",\"datePublished\":\"2018-09-27T05:50:28+00:00\",\"description\":\"Gem\u00e4ss einer Umfrage von GastroSuisse ist eine Mehrheit der gastgewerblichen Betriebe mit der Umsetzung der Stellenmeldepflicht unzufrieden.\",\"breadcrumb\":{\"@id\":\"https:\\\/\\\/www.organisator.ch\\\/management\\\/2018-09-27\\\/stellenmeldepflicht-in-der-gastrobranche-uebermaessiger-aufwand-und-kaum-nutzen\\\/#breadcrumb\"},\"inLanguage\":\"de\",\"potentialAction\":[{\"@type\":\"ReadAction\",\"target\":[\"https:\\\/\\\/www.organisator.ch\\\/management\\\/2018-09-27\\\/stellenmeldepflicht-in-der-gastrobranche-uebermaessiger-aufwand-und-kaum-nutzen\\\/\"]}]},{\"@type\":\"ImageObject\",\"inLanguage\":\"de\",\"@id\":\"https:\\\/\\\/www.organisator.ch\\\/management\\\/2018-09-27\\\/stellenmeldepflicht-in-der-gastrobranche-uebermaessiger-aufwand-und-kaum-nutzen\\\/#primaryimage\",\"url\":\"https:\\\/\\\/www.organisator.ch\\\/wp-content\\\/uploads\\\/2018\\\/09\\\/Stellenmeldepflicht-in-der-Gastrobranche-Uebermaessiger-Aufwand-und-kaum-Nutzen_Organisator.jpg\",\"contentUrl\":\"https:\\\/\\\/www.organisator.ch\\\/wp-content\\\/uploads\\\/2018\\\/09\\\/Stellenmeldepflicht-in-der-Gastrobranche-Uebermaessiger-Aufwand-und-kaum-Nutzen_Organisator.jpg\",\"width\":640,\"height\":427,\"caption\":\"Die Gastrobranche beklagt massive Probleme bei der Umsetzung der Stellenmeldepflicht. (Bild: Fotolia.com)\"},{\"@type\":\"BreadcrumbList\",\"@id\":\"https:\\\/\\\/www.organisator.ch\\\/management\\\/2018-09-27\\\/stellenmeldepflicht-in-der-gastrobranche-uebermaessiger-aufwand-und-kaum-nutzen\\\/#breadcrumb\",\"itemListElement\":[{\"@type\":\"ListItem\",\"position\":1,\"name\":\"Home\",\"item\":\"https:\\\/\\\/www.organisator.ch\\\/\"},{\"@type\":\"ListItem\",\"position\":2,\"name\":\"Stellenmeldepflicht in der Gastrobranche: \u00dcberm\u00e4ssiger Aufwand und kaum Nutzen\"}]},{\"@type\":\"WebSite\",\"@id\":\"https:\\\/\\\/www.organisator.ch\\\/#website\",\"url\":\"https:\\\/\\\/www.organisator.ch\\\/\",\"name\":\"Organisator\",\"description\":\"Kompetent. Praxisnah. Der ORGANISATOR bereitet in 10 Ausgaben pro Jahr die wesentlichen Themen f\u00fcr F\u00fchrungskr\u00e4fte von KMU auf.\",\"publisher\":{\"@id\":\"https:\\\/\\\/www.organisator.ch\\\/#organization\"},\"potentialAction\":[{\"@type\":\"SearchAction\",\"target\":{\"@type\":\"EntryPoint\",\"urlTemplate\":\"https:\\\/\\\/www.organisator.ch\\\/?s={search_term_string}\"},\"query-input\":{\"@type\":\"PropertyValueSpecification\",\"valueRequired\":true,\"valueName\":\"search_term_string\"}}],\"inLanguage\":\"de\"},{\"@type\":\"Organization\",\"@id\":\"https:\\\/\\\/www.organisator.ch\\\/#organization\",\"name\":\"Organisator\",\"url\":\"https:\\\/\\\/www.organisator.ch\\\/\",\"logo\":{\"@type\":\"ImageObject\",\"inLanguage\":\"de\",\"@id\":\"https:\\\/\\\/www.organisator.ch\\\/#\\\/schema\\\/logo\\\/image\\\/\",\"url\":\"https:\\\/\\\/www.organisator.ch\\\/wp-content\\\/uploads\\\/2022\\\/01\\\/Logo_Organisator_Website.png\",\"contentUrl\":\"https:\\\/\\\/www.organisator.ch\\\/wp-content\\\/uploads\\\/2022\\\/01\\\/Logo_Organisator_Website.png\",\"width\":800,\"height\":77,\"caption\":\"Organisator\"},\"image\":{\"@id\":\"https:\\\/\\\/www.organisator.ch\\\/#\\\/schema\\\/logo\\\/image\\\/\"},\"sameAs\":[\"https:\\\/\\\/www.facebook.com\\\/OrganisatorFachmagazin\",\"https:\\\/\\\/www.linkedin.com\\\/showcase\\\/organisator-das-magazin-fr-kmu\",\"https:\\\/\\\/www.xing.com\\\/news\\\/pages\\\/organisator-ch-695\",\"https:\\\/\\\/www.youtube.com\\\/channel\\\/UCGP2Sq0iWaZwT3BdIAQFYpw\"]},{\"@type\":\"Person\",\"@id\":\"https:\\\/\\\/www.organisator.ch\\\/#\\\/schema\\\/person\\\/6f650f90b2842cd4c0cc334b4e36f67e\",\"name\":\"thomas.berner\",\"image\":{\"@type\":\"ImageObject\",\"inLanguage\":\"de\",\"@id\":\"https:\\\/\\\/secure.gravatar.com\\\/avatar\\\/ac5001d2a36cb6c6cd3e50789007ffca834b477b74a2144564522e944eabff61?s=96&d=mm&r=g\",\"url\":\"https:\\\/\\\/secure.gravatar.com\\\/avatar\\\/ac5001d2a36cb6c6cd3e50789007ffca834b477b74a2144564522e944eabff61?s=96&d=mm&r=g\",\"contentUrl\":\"https:\\\/\\\/secure.gravatar.com\\\/avatar\\\/ac5001d2a36cb6c6cd3e50789007ffca834b477b74a2144564522e944eabff61?s=96&d=mm&r=g\",\"caption\":\"thomas.berner\"},\"url\":\"https:\\\/\\\/www.organisator.ch\\\/de\\\/author\\\/thomas-berner\\\/\"}]}<\/script>\n<!-- \/ Yoast SEO plugin. -->","yoast_head_json":{"title":"Stellenmeldepflicht in der Gastrobranche: \u00dcberm\u00e4ssiger Aufwand und kaum Nutzen - Organisator","description":"Gem\u00e4ss einer Umfrage von GastroSuisse ist eine Mehrheit der gastgewerblichen Betriebe mit der Umsetzung der Stellenmeldepflicht unzufrieden.","robots":{"index":"index","follow":"follow","max-snippet":"max-snippet:-1","max-image-preview":"max-image-preview:large","max-video-preview":"max-video-preview:-1"},"canonical":"https:\/\/www.organisator.ch\/de\/management\/2018-09-27\/stellenmeldepflicht-in-der-gastrobranche-uebermaessiger-aufwand-und-kaum-nutzen\/","og_locale":"de_DE","og_type":"article","og_title":"Stellenmeldepflicht in der Gastrobranche: \u00dcberm\u00e4ssiger Aufwand und kaum Nutzen","og_description":"Gem\u00e4ss einer Umfrage von GastroSuisse ist eine Mehrheit der gastgewerblichen Betriebe mit der Umsetzung der Stellenmeldepflicht unzufrieden.","og_url":"https:\/\/www.organisator.ch\/de\/management\/2018-09-27\/stellenmeldepflicht-in-der-gastrobranche-uebermaessiger-aufwand-und-kaum-nutzen\/","og_site_name":"Organisator","article_publisher":"https:\/\/www.facebook.com\/OrganisatorFachmagazin","article_published_time":"2018-09-27T05:50:28+00:00","og_image":[{"width":640,"height":427,"url":"https:\/\/www.organisator.ch\/wp-content\/uploads\/2018\/09\/Stellenmeldepflicht-in-der-Gastrobranche-Uebermaessiger-Aufwand-und-kaum-Nutzen_Organisator.jpg","type":"image\/jpeg"}],"author":"thomas.berner","twitter_card":"summary_large_image","twitter_title":"#Stellenmeldepflicht in der #Gastrobranche: \u00dcberm\u00e4ssiger Aufwand und kaum Nutzen","twitter_description":"Gem\u00e4ss einer Umfrage von #GastroSuisse ist eine Mehrheit der gastgewerblichen Betriebe mit der Umsetzung der #Stellenmeldepflicht unzufrieden.","twitter_image":"https:\/\/www.organisator.ch\/wp-content\/uploads\/2018\/09\/Stellenmeldepflicht-in-der-Gastrobranche-\u00dcberm\u00e4ssiger-Aufwand-und-kaum-Nutzen_Organisator.jpg","schema":{"@context":"https:\/\/schema.org","@graph":[{"@type":"Article","@id":"https:\/\/www.organisator.ch\/management\/2018-09-27\/stellenmeldepflicht-in-der-gastrobranche-uebermaessiger-aufwand-und-kaum-nutzen\/#article","isPartOf":{"@id":"https:\/\/www.organisator.ch\/management\/2018-09-27\/stellenmeldepflicht-in-der-gastrobranche-uebermaessiger-aufwand-und-kaum-nutzen\/"},"author":{"name":"thomas.berner","@id":"https:\/\/www.organisator.ch\/#\/schema\/person\/6f650f90b2842cd4c0cc334b4e36f67e"},"headline":"Stellenmeldepflicht in der Gastrobranche: \u00dcberm\u00e4ssiger Aufwand und kaum Nutzen","datePublished":"2018-09-27T05:50:28+00:00","mainEntityOfPage":{"@id":"https:\/\/www.organisator.ch\/management\/2018-09-27\/stellenmeldepflicht-in-der-gastrobranche-uebermaessiger-aufwand-und-kaum-nutzen\/"},"wordCount":452,"commentCount":0,"publisher":{"@id":"https:\/\/www.organisator.ch\/#organization"},"image":{"@id":"https:\/\/www.organisator.ch\/management\/2018-09-27\/stellenmeldepflicht-in-der-gastrobranche-uebermaessiger-aufwand-und-kaum-nutzen\/#primaryimage"},"thumbnailUrl":"https:\/\/www.organisator.ch\/wp-content\/uploads\/2018\/09\/Stellenmeldepflicht-in-der-Gastrobranche-Uebermaessiger-Aufwand-und-kaum-Nutzen_Organisator.jpg","keywords":["Branchen","Gesetzgebung","HRM","Rekrutierung","Wirtschaftspolitik"],"articleSection":["MANAGEMENT"],"inLanguage":"de"},{"@type":"WebPage","@id":"https:\/\/www.organisator.ch\/management\/2018-09-27\/stellenmeldepflicht-in-der-gastrobranche-uebermaessiger-aufwand-und-kaum-nutzen\/","url":"https:\/\/www.organisator.ch\/management\/2018-09-27\/stellenmeldepflicht-in-der-gastrobranche-uebermaessiger-aufwand-und-kaum-nutzen\/","name":"Stellenmeldepflicht in der Gastrobranche: \u00dcberm\u00e4ssiger Aufwand und kaum Nutzen - Organisator","isPartOf":{"@id":"https:\/\/www.organisator.ch\/#website"},"primaryImageOfPage":{"@id":"https:\/\/www.organisator.ch\/management\/2018-09-27\/stellenmeldepflicht-in-der-gastrobranche-uebermaessiger-aufwand-und-kaum-nutzen\/#primaryimage"},"image":{"@id":"https:\/\/www.organisator.ch\/management\/2018-09-27\/stellenmeldepflicht-in-der-gastrobranche-uebermaessiger-aufwand-und-kaum-nutzen\/#primaryimage"},"thumbnailUrl":"https:\/\/www.organisator.ch\/wp-content\/uploads\/2018\/09\/Stellenmeldepflicht-in-der-Gastrobranche-Uebermaessiger-Aufwand-und-kaum-Nutzen_Organisator.jpg","datePublished":"2018-09-27T05:50:28+00:00","description":"Gem\u00e4ss einer Umfrage von GastroSuisse ist eine Mehrheit der gastgewerblichen Betriebe mit der Umsetzung der Stellenmeldepflicht unzufrieden.","breadcrumb":{"@id":"https:\/\/www.organisator.ch\/management\/2018-09-27\/stellenmeldepflicht-in-der-gastrobranche-uebermaessiger-aufwand-und-kaum-nutzen\/#breadcrumb"},"inLanguage":"de","potentialAction":[{"@type":"ReadAction","target":["https:\/\/www.organisator.ch\/management\/2018-09-27\/stellenmeldepflicht-in-der-gastrobranche-uebermaessiger-aufwand-und-kaum-nutzen\/"]}]},{"@type":"ImageObject","inLanguage":"de","@id":"https:\/\/www.organisator.ch\/management\/2018-09-27\/stellenmeldepflicht-in-der-gastrobranche-uebermaessiger-aufwand-und-kaum-nutzen\/#primaryimage","url":"https:\/\/www.organisator.ch\/wp-content\/uploads\/2018\/09\/Stellenmeldepflicht-in-der-Gastrobranche-Uebermaessiger-Aufwand-und-kaum-Nutzen_Organisator.jpg","contentUrl":"https:\/\/www.organisator.ch\/wp-content\/uploads\/2018\/09\/Stellenmeldepflicht-in-der-Gastrobranche-Uebermaessiger-Aufwand-und-kaum-Nutzen_Organisator.jpg","width":640,"height":427,"caption":"Die Gastrobranche beklagt massive Probleme bei der Umsetzung der Stellenmeldepflicht. (Bild: Fotolia.com)"},{"@type":"BreadcrumbList","@id":"https:\/\/www.organisator.ch\/management\/2018-09-27\/stellenmeldepflicht-in-der-gastrobranche-uebermaessiger-aufwand-und-kaum-nutzen\/#breadcrumb","itemListElement":[{"@type":"ListItem","position":1,"name":"Home","item":"https:\/\/www.organisator.ch\/"},{"@type":"ListItem","position":2,"name":"Stellenmeldepflicht in der Gastrobranche: \u00dcberm\u00e4ssiger Aufwand und kaum Nutzen"}]},{"@type":"WebSite","@id":"https:\/\/www.organisator.ch\/#website","url":"https:\/\/www.organisator.ch\/","name":"Organisator","description":"Kompetent. Praxisnah. Der ORGANISATOR bereitet in 10 Ausgaben pro Jahr die wesentlichen Themen f\u00fcr F\u00fchrungskr\u00e4fte von KMU auf.","publisher":{"@id":"https:\/\/www.organisator.ch\/#organization"},"potentialAction":[{"@type":"SearchAction","target":{"@type":"EntryPoint","urlTemplate":"https:\/\/www.organisator.ch\/?s={search_term_string}"},"query-input":{"@type":"PropertyValueSpecification","valueRequired":true,"valueName":"search_term_string"}}],"inLanguage":"de"},{"@type":"Organization","@id":"https:\/\/www.organisator.ch\/#organization","name":"Organisator","url":"https:\/\/www.organisator.ch\/","logo":{"@type":"ImageObject","inLanguage":"de","@id":"https:\/\/www.organisator.ch\/#\/schema\/logo\/image\/","url":"https:\/\/www.organisator.ch\/wp-content\/uploads\/2022\/01\/Logo_Organisator_Website.png","contentUrl":"https:\/\/www.organisator.ch\/wp-content\/uploads\/2022\/01\/Logo_Organisator_Website.png","width":800,"height":77,"caption":"Organisator"},"image":{"@id":"https:\/\/www.organisator.ch\/#\/schema\/logo\/image\/"},"sameAs":["https:\/\/www.facebook.com\/OrganisatorFachmagazin","https:\/\/www.linkedin.com\/showcase\/organisator-das-magazin-fr-kmu","https:\/\/www.xing.com\/news\/pages\/organisator-ch-695","https:\/\/www.youtube.com\/channel\/UCGP2Sq0iWaZwT3BdIAQFYpw"]},{"@type":"Person","@id":"https:\/\/www.organisator.ch\/#\/schema\/person\/6f650f90b2842cd4c0cc334b4e36f67e","name":"thomas.berner","image":{"@type":"ImageObject","inLanguage":"de","@id":"https:\/\/secure.gravatar.com\/avatar\/ac5001d2a36cb6c6cd3e50789007ffca834b477b74a2144564522e944eabff61?s=96&d=mm&r=g","url":"https:\/\/secure.gravatar.com\/avatar\/ac5001d2a36cb6c6cd3e50789007ffca834b477b74a2144564522e944eabff61?s=96&d=mm&r=g","contentUrl":"https:\/\/secure.gravatar.com\/avatar\/ac5001d2a36cb6c6cd3e50789007ffca834b477b74a2144564522e944eabff61?s=96&d=mm&r=g","caption":"thomas.berner"},"url":"https:\/\/www.organisator.ch\/de\/author\/thomas-berner\/"}]}},"_links":{"self":[{"href":"https:\/\/www.organisator.ch\/de\/wp-json\/wp\/v2\/posts\/4295","targetHints":{"allow":["GET"]}}],"collection":[{"href":"https:\/\/www.organisator.ch\/de\/wp-json\/wp\/v2\/posts"}],"about":[{"href":"https:\/\/www.organisator.ch\/de\/wp-json\/wp\/v2\/types\/post"}],"author":[{"embeddable":true,"href":"https:\/\/www.organisator.ch\/de\/wp-json\/wp\/v2\/users\/4"}],"replies":[{"embeddable":true,"href":"https:\/\/www.organisator.ch\/de\/wp-json\/wp\/v2\/comments?post=4295"}],"version-history":[{"count":0,"href":"https:\/\/www.organisator.ch\/de\/wp-json\/wp\/v2\/posts\/4295\/revisions"}],"wp:featuredmedia":[{"embeddable":true,"href":"https:\/\/www.organisator.ch\/de\/wp-json\/wp\/v2\/media\/4297"}],"wp:attachment":[{"href":"https:\/\/www.organisator.ch\/de\/wp-json\/wp\/v2\/media?parent=4295"}],"wp:term":[{"taxonomy":"category","embeddable":true,"href":"https:\/\/www.organisator.ch\/de\/wp-json\/wp\/v2\/categories?post=4295"},{"taxonomy":"post_tag","embeddable":true,"href":"https:\/\/www.organisator.ch\/de\/wp-json\/wp\/v2\/tags?post=4295"}],"curies":[{"name":"wp","href":"https:\/\/api.w.org\/{rel}","templated":true}]}}