{"id":42952,"date":"2026-01-05T15:21:31","date_gmt":"2026-01-05T14:21:31","guid":{"rendered":"https:\/\/www.organisator.ch\/?p=42952"},"modified":"2026-01-05T15:21:31","modified_gmt":"2026-01-05T14:21:31","slug":"samuel-schaer-ist-neuer-ceo-der-buehler-group","status":"publish","type":"post","link":"https:\/\/www.organisator.ch\/de\/management\/2026-01-05\/samuel-schaer-ist-neuer-ceo-der-buehler-group\/","title":{"rendered":"Samuel Sch\u00e4r ist neuer CEO der B\u00fchler Group"},"content":{"rendered":"<figure id=\"attachment_42953\" aria-describedby=\"caption-attachment-42953\" style=\"width: 680px\" class=\"wp-caption alignnone\"><img loading=\"lazy\" decoding=\"async\" class=\"size-full wp-image-42953\" src=\"https:\/\/www.organisator.ch\/wp-content\/uploads\/2026\/01\/Samuel-Schaer-ist-neuer-CEO-der-Buehler-Group_Organisator.jpg\" alt=\"\" width=\"680\" height=\"453\" srcset=\"https:\/\/www.organisator.ch\/wp-content\/uploads\/2026\/01\/Samuel-Schaer-ist-neuer-CEO-der-Buehler-Group_Organisator.jpg 680w, https:\/\/www.organisator.ch\/wp-content\/uploads\/2026\/01\/Samuel-Schaer-ist-neuer-CEO-der-Buehler-Group_Organisator-18x12.jpg 18w, https:\/\/www.organisator.ch\/wp-content\/uploads\/2026\/01\/Samuel-Schaer-ist-neuer-CEO-der-Buehler-Group_Organisator-375x250.jpg 375w, https:\/\/www.organisator.ch\/wp-content\/uploads\/2026\/01\/Samuel-Schaer-ist-neuer-CEO-der-Buehler-Group_Organisator-525x350.jpg 525w\" sizes=\"auto, (max-width: 680px) 100vw, 680px\" \/><figcaption id=\"caption-attachment-42953\" class=\"wp-caption-text\">Samuel Sch\u00e4r trat am 5. Januar 2026 offiziell sein Amt als neuer CEO der B\u00fchler Group an. (Bild: zVg \/ B\u00fchler)<\/figcaption><\/figure>\n<p>Seit 1. Januar 2026 ist Samuel Sch\u00e4r nun neuer CEO der B\u00fchler Group. \u00abMehr denn je spielt B\u00fchler eine wichtige Rolle bei der Transformation der Lebensmittel- und Futtermittelindustrie sowie der Mobilit\u00e4tsbranche hin zu mehr Nachhaltigkeit. Ich freue mich darauf, das Unternehmen in die n\u00e4chste Entwicklungsphase zu f\u00fchren. Wie bisher liegt unser Fokus auf L\u00f6sungen, die bei unseren Kunden Mehrwert erzielen. Wir setzen auf zukunftsweisende Innovationen und ein gesundes Wachstum unseres Unternehmens. Zusammen mit unseren globalen Teams werden wir weiterhin starke Partnerschaften aufbauen und L\u00f6sungen liefern, die unseren Kunden zum Erfolg verhelfen\u00bb, sagte er anl\u00e4sslich der \u00dcbernahme seiner neuen Funktion.<\/p>\n<p>Die Ernennung von Samuel Sch\u00e4r stehe f\u00fcr Kontinuit\u00e4t und Stabilit\u00e4t gegen\u00fcber den Mitarbeitenden, Kunden und Partnern von B\u00fchler, teilt das Unternehmen mit. Samuel Sch\u00e4r kam vor 20 Jahren zu B\u00fchler, um den Gesch\u00e4ftsbereich Nanotechnologie aufzubauen. Danach leitete er mehrere Jahre lang den Gesch\u00e4ftsbereich Grinding &amp; Dispersing, bevor er 2013 in die Konzernleitung eintrat und 10 Jahre lang erfolgreich das Segment Advanced Materials leitete. Sp\u00e4ter \u00fcbernahm er die Verantwortung f\u00fcr die globale Services &amp; Sales-Organisation. Samuel Sch\u00e4r studierte Physik an der EPFL Lausanne in der Schweiz. \u00a0<\/p>\n<p>Stefan Scheiber wird an der n\u00e4chsten Generalversammlung der B\u00fchler Group im Februar 2026 zur Wahl als Verwaltungsratspr\u00e4sident vorgeschlagen. Er blickt auf eine 35-j\u00e4hrige Karriere bei B\u00fchler zur\u00fcck, war 20 Jahre lang in verschiedenen Funktionen Mitglied der Konzernleitung und war zuletzt 10 Jahre lang CEO des Unternehmens. Calvin Grieder, derzeitiger Verwaltungsratspr\u00e4sident, wird nach 25 erfolgreichen und pr\u00e4genden Jahren als CEO, Mitglied des Verwaltungsrats und Verwaltungsratspr\u00e4sident an der Generalversammlung zur\u00fccktreten.<\/p>\n<p><em>Quelle: <a href=\"http:\/\/www.buhlergroup.com\">B\u00fchler Group<\/a><\/em><\/p>\n","protected":false},"excerpt":{"rendered":"<p>Wie im April 2025 angek\u00fcndigt, hat Samuel Sch\u00e4r zum neuen Jahr sein Amt als CEO von B\u00fchler angetreten, mit Wirkung vom 1. Januar. Er folgt auf Stefan Scheiber, der an der kommenden Generalversammlung im Februar 2026 als neuer Pr\u00e4sident des Verwaltungsrats vorgeschlagen wird.<\/p>\n","protected":false},"author":4,"featured_media":42953,"comment_status":"closed","ping_status":"closed","sticky":false,"template":"","format":"standard","meta":{"_acf_changed":false,"_yoast_wpseo_focuskw":"Samuel Sch\u00e4r","_yoast_wpseo_metadesc":"Mit Wirkung vom 1. Januar hat Samuel Sch\u00e4r seine neue Funktion als CEO der B\u00fchler Group angetreten. Er folgt auf Stefan Scheiber.","articlekey":"","footnotes":""},"categories":[28],"tags":[335,381,492],"class_list":["post-42952","post","type-post","status-publish","format-standard","has-post-thumbnail","hentry","category-management","tag-management-und-unternehmensfuehrung","tag-personalia","tag-unternehmen"],"acf":[],"yoast_head":"<!-- This site is optimized with the Yoast SEO plugin v27.4 - https:\/\/yoast.com\/product\/yoast-seo-wordpress\/ -->\n<title>Samuel Sch\u00e4r ist neuer CEO der B\u00fchler Group - Organisator<\/title>\n<meta name=\"description\" content=\"Mit Wirkung vom 1. Januar hat Samuel Sch\u00e4r seine neue Funktion als CEO der B\u00fchler Group angetreten. Er folgt auf Stefan Scheiber.\" \/>\n<meta name=\"robots\" content=\"index, follow, max-snippet:-1, max-image-preview:large, max-video-preview:-1\" \/>\n<link rel=\"canonical\" href=\"https:\/\/www.organisator.ch\/de\/management\/2026-01-05\/samuel-schaer-ist-neuer-ceo-der-buehler-group\/\" \/>\n<meta property=\"og:locale\" content=\"de_DE\" \/>\n<meta property=\"og:type\" content=\"article\" \/>\n<meta property=\"og:title\" content=\"Samuel Sch\u00e4r ist neuer CEO der B\u00fchler Group\" \/>\n<meta property=\"og:description\" content=\"Mit Wirkung vom 1. Januar hat Samuel Sch\u00e4r seine neue Funktion als CEO der B\u00fchler Group angetreten. Er folgt auf Stefan Scheiber.\" \/>\n<meta property=\"og:url\" content=\"https:\/\/www.organisator.ch\/de\/management\/2026-01-05\/samuel-schaer-ist-neuer-ceo-der-buehler-group\/\" \/>\n<meta property=\"og:site_name\" content=\"Organisator\" \/>\n<meta property=\"article:publisher\" content=\"https:\/\/www.facebook.com\/OrganisatorFachmagazin\" \/>\n<meta property=\"article:published_time\" content=\"2026-01-05T14:21:31+00:00\" \/>\n<meta property=\"og:image\" content=\"https:\/\/www.organisator.ch\/wp-content\/uploads\/2026\/01\/Samuel-Schaer-ist-neuer-CEO-der-Buehler-Group_Organisator.jpg\" \/>\n\t<meta property=\"og:image:width\" content=\"680\" \/>\n\t<meta property=\"og:image:height\" content=\"453\" \/>\n\t<meta property=\"og:image:type\" content=\"image\/jpeg\" \/>\n<meta name=\"author\" content=\"thomas.berner\" \/>\n<meta name=\"twitter:card\" content=\"summary_large_image\" \/>\n<meta name=\"twitter:title\" content=\"Samuel Sch\u00e4r ist neuer #CEO der #B\u00fchler Group\" \/>\n<meta name=\"twitter:description\" content=\"Mit Wirkung vom 1. Januar hat Samuel #Sch\u00e4r seine neue Funktion als CEO der B\u00fchler Group angetreten. Er folgt auf Stefan #Scheiber.\" \/>\n<meta name=\"twitter:image\" content=\"https:\/\/www.organisator.ch\/wp-content\/uploads\/2026\/01\/Samuel-Schaer-ist-neuer-CEO-der-Buehler-Group_Organisator.jpg\" \/>\n<script type=\"application\/ld+json\" class=\"yoast-schema-graph\">{\"@context\":\"https:\\\/\\\/schema.org\",\"@graph\":[{\"@type\":\"Article\",\"@id\":\"https:\\\/\\\/www.organisator.ch\\\/management\\\/2026-01-05\\\/samuel-schaer-ist-neuer-ceo-der-buehler-group\\\/#article\",\"isPartOf\":{\"@id\":\"https:\\\/\\\/www.organisator.ch\\\/management\\\/2026-01-05\\\/samuel-schaer-ist-neuer-ceo-der-buehler-group\\\/\"},\"author\":{\"name\":\"thomas.berner\",\"@id\":\"https:\\\/\\\/www.organisator.ch\\\/#\\\/schema\\\/person\\\/6f650f90b2842cd4c0cc334b4e36f67e\"},\"headline\":\"Samuel Sch\u00e4r ist neuer CEO der B\u00fchler Group\",\"datePublished\":\"2026-01-05T14:21:31+00:00\",\"mainEntityOfPage\":{\"@id\":\"https:\\\/\\\/www.organisator.ch\\\/management\\\/2026-01-05\\\/samuel-schaer-ist-neuer-ceo-der-buehler-group\\\/\"},\"wordCount\":317,\"publisher\":{\"@id\":\"https:\\\/\\\/www.organisator.ch\\\/#organization\"},\"image\":{\"@id\":\"https:\\\/\\\/www.organisator.ch\\\/management\\\/2026-01-05\\\/samuel-schaer-ist-neuer-ceo-der-buehler-group\\\/#primaryimage\"},\"thumbnailUrl\":\"https:\\\/\\\/www.organisator.ch\\\/wp-content\\\/uploads\\\/2026\\\/01\\\/Samuel-Schaer-ist-neuer-CEO-der-Buehler-Group_Organisator.jpg\",\"keywords\":[\"Management und Unternehmensf\u00fchrung\",\"Personalia\",\"Unternehmen\"],\"articleSection\":[\"MANAGEMENT\"],\"inLanguage\":\"de\"},{\"@type\":\"WebPage\",\"@id\":\"https:\\\/\\\/www.organisator.ch\\\/management\\\/2026-01-05\\\/samuel-schaer-ist-neuer-ceo-der-buehler-group\\\/\",\"url\":\"https:\\\/\\\/www.organisator.ch\\\/management\\\/2026-01-05\\\/samuel-schaer-ist-neuer-ceo-der-buehler-group\\\/\",\"name\":\"Samuel Sch\u00e4r ist neuer CEO der B\u00fchler Group - Organisator\",\"isPartOf\":{\"@id\":\"https:\\\/\\\/www.organisator.ch\\\/#website\"},\"primaryImageOfPage\":{\"@id\":\"https:\\\/\\\/www.organisator.ch\\\/management\\\/2026-01-05\\\/samuel-schaer-ist-neuer-ceo-der-buehler-group\\\/#primaryimage\"},\"image\":{\"@id\":\"https:\\\/\\\/www.organisator.ch\\\/management\\\/2026-01-05\\\/samuel-schaer-ist-neuer-ceo-der-buehler-group\\\/#primaryimage\"},\"thumbnailUrl\":\"https:\\\/\\\/www.organisator.ch\\\/wp-content\\\/uploads\\\/2026\\\/01\\\/Samuel-Schaer-ist-neuer-CEO-der-Buehler-Group_Organisator.jpg\",\"datePublished\":\"2026-01-05T14:21:31+00:00\",\"description\":\"Mit Wirkung vom 1. Januar hat Samuel Sch\u00e4r seine neue Funktion als CEO der B\u00fchler Group angetreten. Er folgt auf Stefan Scheiber.\",\"breadcrumb\":{\"@id\":\"https:\\\/\\\/www.organisator.ch\\\/management\\\/2026-01-05\\\/samuel-schaer-ist-neuer-ceo-der-buehler-group\\\/#breadcrumb\"},\"inLanguage\":\"de\",\"potentialAction\":[{\"@type\":\"ReadAction\",\"target\":[\"https:\\\/\\\/www.organisator.ch\\\/management\\\/2026-01-05\\\/samuel-schaer-ist-neuer-ceo-der-buehler-group\\\/\"]}]},{\"@type\":\"ImageObject\",\"inLanguage\":\"de\",\"@id\":\"https:\\\/\\\/www.organisator.ch\\\/management\\\/2026-01-05\\\/samuel-schaer-ist-neuer-ceo-der-buehler-group\\\/#primaryimage\",\"url\":\"https:\\\/\\\/www.organisator.ch\\\/wp-content\\\/uploads\\\/2026\\\/01\\\/Samuel-Schaer-ist-neuer-CEO-der-Buehler-Group_Organisator.jpg\",\"contentUrl\":\"https:\\\/\\\/www.organisator.ch\\\/wp-content\\\/uploads\\\/2026\\\/01\\\/Samuel-Schaer-ist-neuer-CEO-der-Buehler-Group_Organisator.jpg\",\"width\":680,\"height\":453,\"caption\":\"Samuel Sch\u00e4r trat am 5. Januar 2026 offiziell sein Amt als neuer CEO der B\u00fchler Group an. (Bild: zVg \\\/ B\u00fchler)\"},{\"@type\":\"BreadcrumbList\",\"@id\":\"https:\\\/\\\/www.organisator.ch\\\/management\\\/2026-01-05\\\/samuel-schaer-ist-neuer-ceo-der-buehler-group\\\/#breadcrumb\",\"itemListElement\":[{\"@type\":\"ListItem\",\"position\":1,\"name\":\"Home\",\"item\":\"https:\\\/\\\/www.organisator.ch\\\/\"},{\"@type\":\"ListItem\",\"position\":2,\"name\":\"Samuel Sch\u00e4r ist neuer CEO der B\u00fchler Group\"}]},{\"@type\":\"WebSite\",\"@id\":\"https:\\\/\\\/www.organisator.ch\\\/#website\",\"url\":\"https:\\\/\\\/www.organisator.ch\\\/\",\"name\":\"Organisator\",\"description\":\"Kompetent. Praxisnah. Der ORGANISATOR bereitet in 10 Ausgaben pro Jahr die wesentlichen Themen f\u00fcr F\u00fchrungskr\u00e4fte von KMU auf.\",\"publisher\":{\"@id\":\"https:\\\/\\\/www.organisator.ch\\\/#organization\"},\"potentialAction\":[{\"@type\":\"SearchAction\",\"target\":{\"@type\":\"EntryPoint\",\"urlTemplate\":\"https:\\\/\\\/www.organisator.ch\\\/?s={search_term_string}\"},\"query-input\":{\"@type\":\"PropertyValueSpecification\",\"valueRequired\":true,\"valueName\":\"search_term_string\"}}],\"inLanguage\":\"de\"},{\"@type\":\"Organization\",\"@id\":\"https:\\\/\\\/www.organisator.ch\\\/#organization\",\"name\":\"Organisator\",\"url\":\"https:\\\/\\\/www.organisator.ch\\\/\",\"logo\":{\"@type\":\"ImageObject\",\"inLanguage\":\"de\",\"@id\":\"https:\\\/\\\/www.organisator.ch\\\/#\\\/schema\\\/logo\\\/image\\\/\",\"url\":\"https:\\\/\\\/www.organisator.ch\\\/wp-content\\\/uploads\\\/2022\\\/01\\\/Logo_Organisator_Website.png\",\"contentUrl\":\"https:\\\/\\\/www.organisator.ch\\\/wp-content\\\/uploads\\\/2022\\\/01\\\/Logo_Organisator_Website.png\",\"width\":800,\"height\":77,\"caption\":\"Organisator\"},\"image\":{\"@id\":\"https:\\\/\\\/www.organisator.ch\\\/#\\\/schema\\\/logo\\\/image\\\/\"},\"sameAs\":[\"https:\\\/\\\/www.facebook.com\\\/OrganisatorFachmagazin\",\"https:\\\/\\\/www.linkedin.com\\\/showcase\\\/organisator-das-magazin-fr-kmu\",\"https:\\\/\\\/www.xing.com\\\/news\\\/pages\\\/organisator-ch-695\",\"https:\\\/\\\/www.youtube.com\\\/channel\\\/UCGP2Sq0iWaZwT3BdIAQFYpw\"]},{\"@type\":\"Person\",\"@id\":\"https:\\\/\\\/www.organisator.ch\\\/#\\\/schema\\\/person\\\/6f650f90b2842cd4c0cc334b4e36f67e\",\"name\":\"thomas.berner\",\"image\":{\"@type\":\"ImageObject\",\"inLanguage\":\"de\",\"@id\":\"https:\\\/\\\/secure.gravatar.com\\\/avatar\\\/ac5001d2a36cb6c6cd3e50789007ffca834b477b74a2144564522e944eabff61?s=96&d=mm&r=g\",\"url\":\"https:\\\/\\\/secure.gravatar.com\\\/avatar\\\/ac5001d2a36cb6c6cd3e50789007ffca834b477b74a2144564522e944eabff61?s=96&d=mm&r=g\",\"contentUrl\":\"https:\\\/\\\/secure.gravatar.com\\\/avatar\\\/ac5001d2a36cb6c6cd3e50789007ffca834b477b74a2144564522e944eabff61?s=96&d=mm&r=g\",\"caption\":\"thomas.berner\"},\"url\":\"https:\\\/\\\/www.organisator.ch\\\/de\\\/author\\\/thomas-berner\\\/\"}]}<\/script>\n<!-- \/ Yoast SEO plugin. -->","yoast_head_json":{"title":"Samuel Sch\u00e4r ist neuer CEO der B\u00fchler Group - Organisator","description":"Mit Wirkung vom 1. Januar hat Samuel Sch\u00e4r seine neue Funktion als CEO der B\u00fchler Group angetreten. Er folgt auf Stefan Scheiber.","robots":{"index":"index","follow":"follow","max-snippet":"max-snippet:-1","max-image-preview":"max-image-preview:large","max-video-preview":"max-video-preview:-1"},"canonical":"https:\/\/www.organisator.ch\/de\/management\/2026-01-05\/samuel-schaer-ist-neuer-ceo-der-buehler-group\/","og_locale":"de_DE","og_type":"article","og_title":"Samuel Sch\u00e4r ist neuer CEO der B\u00fchler Group","og_description":"Mit Wirkung vom 1. Januar hat Samuel Sch\u00e4r seine neue Funktion als CEO der B\u00fchler Group angetreten. Er folgt auf Stefan Scheiber.","og_url":"https:\/\/www.organisator.ch\/de\/management\/2026-01-05\/samuel-schaer-ist-neuer-ceo-der-buehler-group\/","og_site_name":"Organisator","article_publisher":"https:\/\/www.facebook.com\/OrganisatorFachmagazin","article_published_time":"2026-01-05T14:21:31+00:00","og_image":[{"width":680,"height":453,"url":"https:\/\/www.organisator.ch\/wp-content\/uploads\/2026\/01\/Samuel-Schaer-ist-neuer-CEO-der-Buehler-Group_Organisator.jpg","type":"image\/jpeg"}],"author":"thomas.berner","twitter_card":"summary_large_image","twitter_title":"Samuel Sch\u00e4r ist neuer #CEO der #B\u00fchler Group","twitter_description":"Mit Wirkung vom 1. Januar hat Samuel #Sch\u00e4r seine neue Funktion als CEO der B\u00fchler Group angetreten. Er folgt auf Stefan #Scheiber.","twitter_image":"https:\/\/www.organisator.ch\/wp-content\/uploads\/2026\/01\/Samuel-Schaer-ist-neuer-CEO-der-Buehler-Group_Organisator.jpg","schema":{"@context":"https:\/\/schema.org","@graph":[{"@type":"Article","@id":"https:\/\/www.organisator.ch\/management\/2026-01-05\/samuel-schaer-ist-neuer-ceo-der-buehler-group\/#article","isPartOf":{"@id":"https:\/\/www.organisator.ch\/management\/2026-01-05\/samuel-schaer-ist-neuer-ceo-der-buehler-group\/"},"author":{"name":"thomas.berner","@id":"https:\/\/www.organisator.ch\/#\/schema\/person\/6f650f90b2842cd4c0cc334b4e36f67e"},"headline":"Samuel Sch\u00e4r ist neuer CEO der B\u00fchler Group","datePublished":"2026-01-05T14:21:31+00:00","mainEntityOfPage":{"@id":"https:\/\/www.organisator.ch\/management\/2026-01-05\/samuel-schaer-ist-neuer-ceo-der-buehler-group\/"},"wordCount":317,"publisher":{"@id":"https:\/\/www.organisator.ch\/#organization"},"image":{"@id":"https:\/\/www.organisator.ch\/management\/2026-01-05\/samuel-schaer-ist-neuer-ceo-der-buehler-group\/#primaryimage"},"thumbnailUrl":"https:\/\/www.organisator.ch\/wp-content\/uploads\/2026\/01\/Samuel-Schaer-ist-neuer-CEO-der-Buehler-Group_Organisator.jpg","keywords":["Management und Unternehmensf\u00fchrung","Personalia","Unternehmen"],"articleSection":["MANAGEMENT"],"inLanguage":"de"},{"@type":"WebPage","@id":"https:\/\/www.organisator.ch\/management\/2026-01-05\/samuel-schaer-ist-neuer-ceo-der-buehler-group\/","url":"https:\/\/www.organisator.ch\/management\/2026-01-05\/samuel-schaer-ist-neuer-ceo-der-buehler-group\/","name":"Samuel Sch\u00e4r ist neuer CEO der B\u00fchler Group - Organisator","isPartOf":{"@id":"https:\/\/www.organisator.ch\/#website"},"primaryImageOfPage":{"@id":"https:\/\/www.organisator.ch\/management\/2026-01-05\/samuel-schaer-ist-neuer-ceo-der-buehler-group\/#primaryimage"},"image":{"@id":"https:\/\/www.organisator.ch\/management\/2026-01-05\/samuel-schaer-ist-neuer-ceo-der-buehler-group\/#primaryimage"},"thumbnailUrl":"https:\/\/www.organisator.ch\/wp-content\/uploads\/2026\/01\/Samuel-Schaer-ist-neuer-CEO-der-Buehler-Group_Organisator.jpg","datePublished":"2026-01-05T14:21:31+00:00","description":"Mit Wirkung vom 1. Januar hat Samuel Sch\u00e4r seine neue Funktion als CEO der B\u00fchler Group angetreten. Er folgt auf Stefan Scheiber.","breadcrumb":{"@id":"https:\/\/www.organisator.ch\/management\/2026-01-05\/samuel-schaer-ist-neuer-ceo-der-buehler-group\/#breadcrumb"},"inLanguage":"de","potentialAction":[{"@type":"ReadAction","target":["https:\/\/www.organisator.ch\/management\/2026-01-05\/samuel-schaer-ist-neuer-ceo-der-buehler-group\/"]}]},{"@type":"ImageObject","inLanguage":"de","@id":"https:\/\/www.organisator.ch\/management\/2026-01-05\/samuel-schaer-ist-neuer-ceo-der-buehler-group\/#primaryimage","url":"https:\/\/www.organisator.ch\/wp-content\/uploads\/2026\/01\/Samuel-Schaer-ist-neuer-CEO-der-Buehler-Group_Organisator.jpg","contentUrl":"https:\/\/www.organisator.ch\/wp-content\/uploads\/2026\/01\/Samuel-Schaer-ist-neuer-CEO-der-Buehler-Group_Organisator.jpg","width":680,"height":453,"caption":"Samuel Sch\u00e4r trat am 5. Januar 2026 offiziell sein Amt als neuer CEO der B\u00fchler Group an. (Bild: zVg \/ B\u00fchler)"},{"@type":"BreadcrumbList","@id":"https:\/\/www.organisator.ch\/management\/2026-01-05\/samuel-schaer-ist-neuer-ceo-der-buehler-group\/#breadcrumb","itemListElement":[{"@type":"ListItem","position":1,"name":"Home","item":"https:\/\/www.organisator.ch\/"},{"@type":"ListItem","position":2,"name":"Samuel Sch\u00e4r ist neuer CEO der B\u00fchler Group"}]},{"@type":"WebSite","@id":"https:\/\/www.organisator.ch\/#website","url":"https:\/\/www.organisator.ch\/","name":"Organisator","description":"Kompetent. Praxisnah. Der ORGANISATOR bereitet in 10 Ausgaben pro Jahr die wesentlichen Themen f\u00fcr F\u00fchrungskr\u00e4fte von KMU auf.","publisher":{"@id":"https:\/\/www.organisator.ch\/#organization"},"potentialAction":[{"@type":"SearchAction","target":{"@type":"EntryPoint","urlTemplate":"https:\/\/www.organisator.ch\/?s={search_term_string}"},"query-input":{"@type":"PropertyValueSpecification","valueRequired":true,"valueName":"search_term_string"}}],"inLanguage":"de"},{"@type":"Organization","@id":"https:\/\/www.organisator.ch\/#organization","name":"Organisator","url":"https:\/\/www.organisator.ch\/","logo":{"@type":"ImageObject","inLanguage":"de","@id":"https:\/\/www.organisator.ch\/#\/schema\/logo\/image\/","url":"https:\/\/www.organisator.ch\/wp-content\/uploads\/2022\/01\/Logo_Organisator_Website.png","contentUrl":"https:\/\/www.organisator.ch\/wp-content\/uploads\/2022\/01\/Logo_Organisator_Website.png","width":800,"height":77,"caption":"Organisator"},"image":{"@id":"https:\/\/www.organisator.ch\/#\/schema\/logo\/image\/"},"sameAs":["https:\/\/www.facebook.com\/OrganisatorFachmagazin","https:\/\/www.linkedin.com\/showcase\/organisator-das-magazin-fr-kmu","https:\/\/www.xing.com\/news\/pages\/organisator-ch-695","https:\/\/www.youtube.com\/channel\/UCGP2Sq0iWaZwT3BdIAQFYpw"]},{"@type":"Person","@id":"https:\/\/www.organisator.ch\/#\/schema\/person\/6f650f90b2842cd4c0cc334b4e36f67e","name":"thomas.berner","image":{"@type":"ImageObject","inLanguage":"de","@id":"https:\/\/secure.gravatar.com\/avatar\/ac5001d2a36cb6c6cd3e50789007ffca834b477b74a2144564522e944eabff61?s=96&d=mm&r=g","url":"https:\/\/secure.gravatar.com\/avatar\/ac5001d2a36cb6c6cd3e50789007ffca834b477b74a2144564522e944eabff61?s=96&d=mm&r=g","contentUrl":"https:\/\/secure.gravatar.com\/avatar\/ac5001d2a36cb6c6cd3e50789007ffca834b477b74a2144564522e944eabff61?s=96&d=mm&r=g","caption":"thomas.berner"},"url":"https:\/\/www.organisator.ch\/de\/author\/thomas-berner\/"}]}},"_links":{"self":[{"href":"https:\/\/www.organisator.ch\/de\/wp-json\/wp\/v2\/posts\/42952","targetHints":{"allow":["GET"]}}],"collection":[{"href":"https:\/\/www.organisator.ch\/de\/wp-json\/wp\/v2\/posts"}],"about":[{"href":"https:\/\/www.organisator.ch\/de\/wp-json\/wp\/v2\/types\/post"}],"author":[{"embeddable":true,"href":"https:\/\/www.organisator.ch\/de\/wp-json\/wp\/v2\/users\/4"}],"replies":[{"embeddable":true,"href":"https:\/\/www.organisator.ch\/de\/wp-json\/wp\/v2\/comments?post=42952"}],"version-history":[{"count":3,"href":"https:\/\/www.organisator.ch\/de\/wp-json\/wp\/v2\/posts\/42952\/revisions"}],"predecessor-version":[{"id":42968,"href":"https:\/\/www.organisator.ch\/de\/wp-json\/wp\/v2\/posts\/42952\/revisions\/42968"}],"wp:featuredmedia":[{"embeddable":true,"href":"https:\/\/www.organisator.ch\/de\/wp-json\/wp\/v2\/media\/42953"}],"wp:attachment":[{"href":"https:\/\/www.organisator.ch\/de\/wp-json\/wp\/v2\/media?parent=42952"}],"wp:term":[{"taxonomy":"category","embeddable":true,"href":"https:\/\/www.organisator.ch\/de\/wp-json\/wp\/v2\/categories?post=42952"},{"taxonomy":"post_tag","embeddable":true,"href":"https:\/\/www.organisator.ch\/de\/wp-json\/wp\/v2\/tags?post=42952"}],"curies":[{"name":"wp","href":"https:\/\/api.w.org\/{rel}","templated":true}]}}