{"id":42955,"date":"2026-01-05T16:16:16","date_gmt":"2026-01-05T15:16:16","guid":{"rendered":"https:\/\/www.markt-kom.com\/?p=248686"},"modified":"2026-01-06T10:32:33","modified_gmt":"2026-01-06T09:32:33","slug":"mareen-eichinger-im-interview-gute-kommunikation-beginnt-beim-weglassen","status":"publish","type":"post","link":"https:\/\/www.organisator.ch\/de\/marketing\/2026-01-05\/mareen-eichinger-im-interview-gute-kommunikation-beginnt-beim-weglassen\/","title":{"rendered":"Mareen Eichinger im Interview: \u00abGute Kommunikation beginnt beim Weglassen\u00bb"},"content":{"rendered":"<figure id=\"attachment_248690\" class=\"wp-caption alignnone\" style=\"width: 768px;\" aria-describedby=\"caption-attachment-248690\"><img class=\"size-large wp-image-248690\" src=\"https:\/\/www.markt-kom.com\/wp-content\/uploads\/2026\/01\/Bildschirmfoto-2026-01-05-um-16.11.32-1024x773.png\" sizes=\"(max-width: 768px) 100vw, 768px\" srcset=\"https:\/\/www.markt-kom.com\/wp-content\/uploads\/2026\/01\/Bildschirmfoto-2026-01-05-um-16.11.32-1024x773.png 1024w, https:\/\/www.markt-kom.com\/wp-content\/uploads\/2026\/01\/Bildschirmfoto-2026-01-05-um-16.11.32-600x453.png 600w, https:\/\/www.markt-kom.com\/wp-content\/uploads\/2026\/01\/Bildschirmfoto-2026-01-05-um-16.11.32-768x580.png 768w, https:\/\/www.markt-kom.com\/wp-content\/uploads\/2026\/01\/Bildschirmfoto-2026-01-05-um-16.11.32-16x12.png 16w, https:\/\/www.markt-kom.com\/wp-content\/uploads\/2026\/01\/Bildschirmfoto-2026-01-05-um-16.11.32-232x175.png 232w, https:\/\/www.markt-kom.com\/wp-content\/uploads\/2026\/01\/Bildschirmfoto-2026-01-05-um-16.11.32-464x350.png 464w, https:\/\/www.markt-kom.com\/wp-content\/uploads\/2026\/01\/Bildschirmfoto-2026-01-05-um-16.11.32-1000x755.png 1000w, https:\/\/www.markt-kom.com\/wp-content\/uploads\/2026\/01\/Bildschirmfoto-2026-01-05-um-16.11.32-scaled.png 1300w\" alt=\"\" width=\"768\" height=\"580\" \/>\r\n<figcaption id=\"caption-attachment-248690\" class=\"wp-caption-text\">Mareen Eichinger<\/figcaption>\r\n<\/figure>\r\n<p>&nbsp;<\/p>\r\n<p><strong>Du ber\u00e4tst Unternehmen in einer Zeit permanenter \u00dcberforderung. Was ist 2026 aus deiner Sicht die gr\u00f6sste kommunikative Fehlentscheidung, die viele F\u00fchrungskr\u00e4fte treffen?<\/strong><\/p>\r\n<p><strong>Mareen Eichinger:<\/strong> Die gr\u00f6sste Fehlentscheidung ist, Kommunikation weiterhin als Reaktion zu begreifen. Viele F\u00fchrungskr\u00e4fte f\u00fchlen sich getrieben: von Trends, von Plattformen, von Erwartungshaltungen. Entsprechend wird kommuniziert \u2013 schnell, viel, aber ohne klare Linie. 2026 r\u00e4cht sich das. Kommunikation ohne strategische Klammer wird nicht mehr als relevant wahrgenommen, sondern als zus\u00e4tzlicher L\u00e4rm.<\/p>\r\n<p><strong>KI ist inzwischen Standard. Woran erkennst du in der Praxis, ob Kommunikation strategisch gef\u00fchrt wird oder nur automatisiert?<\/strong><\/p>\r\n<p>Automatisierte Kommunikation erkennt man daran, dass sie \u00fcberall funktionieren k\u00f6nnte und genau deshalb nirgends wirklich wirkt. Strategische Kommunikation ist wiedererkennbar, auch wenn sie KI nutzt. Sie folgt klaren Themen, einer konsistenten Tonalit\u00e4t und einer Haltung. KI beschleunigt Prozesse, aber sie ersetzt keine Entscheidungen. Wer diese nicht trifft, verst\u00e4rkt mit KI nur Beliebigkeit.<\/p>\r\n<p><strong>Viele Unternehmen reden \u00fcber Sichtbarkeit. Du sprichst oft \u00fcber Klarheit. Warum ist Klarheit 2026 der knappere Rohstoff?<\/strong><\/p>\r\n<p>Weil Sichtbarkeit technisch einfach geworden ist. Klarheit bedeutet Festlegung, und die f\u00e4llt vielen Entscheidern schwer. Sich zu entscheiden, wof\u00fcr man steht, hei\u00dft immer auch, etwas anderes nicht zu tun. Viele Unternehmen scheuen diese Konsequenz. Das Ergebnis sind weichgesp\u00fclte Botschaften, die niemanden wirklich erreichen. Klarheit ist unbequem, aber genau deshalb wirksam.<\/p>\r\n<p><strong>Wo beginnt f\u00fcr dich gute Kommunikation: bei der Botschaft oder bei der Entscheidung, was man bewusst nicht sagt?<\/strong><\/p>\r\n<p>Beim Weglassen. Gute Kommunikation ist ein Filter. 2026 wird nicht derjenige wahrgenommen, der am meisten sagt, sondern derjenige, der das Richtige sagt. Und zwar zur richtigen Zeit und f\u00fcr die richtige Zielgruppe. Wer alles kommentiert, verliert an Relevanz.<\/p>\r\n<p><strong>Als Agenturinhaberin arbeitest du nah an Gesch\u00e4ftsf\u00fchrungen. Welche Fragen m\u00fcssten sich Entscheider 2026 h\u00e4ufiger stellen, bevor sie kommunizieren?<\/strong><\/p>\r\n<p>Zun\u00e4chst: Ist das, was wir sagen, intern \u00fcberhaupt Realit\u00e4t? Dann: K\u00f6nnen unsere Mitarbeitenden diese Botschaft glaubw\u00fcrdig mittragen? Und schliesslich: W\u00fcrden wir diese Aussage auch in zwei Jahren noch vertreten? Kommunikation ist heute dauerhaft sichtbar. Kurzfristige Narrative ohne Substanz werden langfristig zum Reputationsproblem.<\/p>\r\n<p><strong>Social Media f\u00fchlt sich f\u00fcr viele Marken anstrengender denn je an. Was ist dein Gegenentwurf zu \u00abWir m\u00fcssen \u00fcberall pr\u00e4sent sein\u00bb?<\/strong><\/p>\r\n<p>Bewusste Reduktion. Social Media ist kein Pflichtprogramm, sondern ein strategischer Raum. 2026 funktioniert Pr\u00e4senz nur dort, wo Marken etwas einzuordnen haben: Expertise, Haltung und Perspektive. Reine Selbstdarstellung verliert \u2013 algorithmisch und menschlich.<\/p>\r\n<p><strong>Beobachtest du eine R\u00fcckkehr zu weniger Kan\u00e4len, daf\u00fcr mehr Haltung, oder ist das Wunschdenken?<\/strong><\/p>\r\n<p>Ich sehe das sehr klar bei Unternehmen, die reifer geworden sind. Sie reduzieren Kan\u00e4le, sch\u00e4rfen Themen und gewinnen dadurch an Konsistenz. Weniger Touchpoints bedeuten nicht weniger Wirkung, sondern mehr Tiefe und Vertrauen.<\/p>\r\n<p><strong>Klassische PR ver\u00e4ndert sich stark. Was bleibt unverzichtbar und was hat ausgedient?<\/strong><\/p>\r\n<p><strong>Mareen Eichinger:\u00a0<\/strong>Unverzichtbar bleibt journalistisches Denken: Relevanz, Kontext und Einordnung. Ausgedient hat PR als reine Platzierungsdisziplin. Medien sind keine Verst\u00e4rker f\u00fcr beliebige Botschaften, sondern Filter f\u00fcr Inhalt und Substanz. Wer das nicht versteht, wird nicht mehr geh\u00f6rt.<\/p>\r\n<p><strong>Wie ver\u00e4ndert sich die Rolle von Agenturen 2026: Dienstleister, Sparringspartner oder strategische Mitdenker?<\/strong><\/p>\r\n<p><strong>Mareen Eichinger:<\/strong>\u00a0Agenturen m\u00fcssen strategische Sparringspartner sein. Umsetzung allein wird austauschbar oder automatisiert. Der eigentliche Mehrwert liegt darin, F\u00fchrungsteams zu challengen, Priorit\u00e4ten zu sch\u00e4rfen und auch unbequeme Wahrheiten auszusprechen.<\/p>\r\n<p><strong>Vertrauen ist ein grosses Wort. Woran scheitert es in der Kommunikation deiner Erfahrung nach am h\u00e4ufigsten?<\/strong><\/p>\r\n<p><strong>Mareen Eichinger:\u00a0<\/strong>An Widerspr\u00fcchen zwischen Anspruch und Wirklichkeit, zwischen interner Kultur und externer Botschaft. Vertrauen entsteht nicht durch perfekte Kommunikation, sondern durch Konsistenz. Wer sich st\u00e4ndig neu erfindet, wirkt nicht dynamisch, sondern unglaubw\u00fcrdig.<\/p>\r\n<p><strong>Gibt es Trends oder Buzzwords, die du 2026 bewusst nicht mehr h\u00f6ren m\u00f6chtest?<\/strong><\/p>\r\n<p>Alles, was suggeriert, dass Tools Strategie ersetzen. \u00abKI regelt das\u00bb ist ein gef\u00e4hrlicher Satz. Technologie verst\u00e4rkt, was da ist, aber sie ersetzt keine Einordnung und keine Verantwortung.<\/p>\r\n<p><strong>Wenn du deine Arbeit auf einen Satz reduzieren m\u00fcsstest: Was sollte Kommunikation 2026 wirklich leisten?<\/strong><\/p>\r\n<p>Sie sollte Orientierung geben, in einer Zeit, in der vieles schneller wird, aber immer weniger klar.<\/p>\r\n<p><img class=\"alignnone size-full wp-image-248695\" src=\"https:\/\/www.markt-kom.com\/wp-content\/uploads\/2026\/01\/unnamed.jpg\" sizes=\"(max-width: 1024px) 100vw, 1024px\" srcset=\"https:\/\/www.markt-kom.com\/wp-content\/uploads\/2026\/01\/unnamed.jpg 1024w, https:\/\/www.markt-kom.com\/wp-content\/uploads\/2026\/01\/unnamed-600x335.jpg 600w, https:\/\/www.markt-kom.com\/wp-content\/uploads\/2026\/01\/unnamed-768x429.jpg 768w, https:\/\/www.markt-kom.com\/wp-content\/uploads\/2026\/01\/unnamed-18x10.jpg 18w, https:\/\/www.markt-kom.com\/wp-content\/uploads\/2026\/01\/unnamed-313x175.jpg 313w, https:\/\/www.markt-kom.com\/wp-content\/uploads\/2026\/01\/unnamed-627x350.jpg 627w, https:\/\/www.markt-kom.com\/wp-content\/uploads\/2026\/01\/unnamed-1000x559.jpg 1000w\" alt=\"\" width=\"1024\" height=\"572\" \/><\/p>","protected":false},"excerpt":{"rendered":"<p>Mareen Eichinger, Inhaberin von macheete, ber\u00e4t seit Jahren Unternehmen in strategischer Kommunikation. Im Interview erkl\u00e4rt sie, warum Klarheit eine zentrale F\u00fchrungsaufgabe ist, weshalb \u00abweniger oft mehr ist\u00bb und welche gesellschaftliche Verantwortung Unternehmen heute tragen.<\/p>\n","protected":false},"author":8,"featured_media":0,"comment_status":"closed","ping_status":"closed","sticky":false,"template":"","format":"standard","meta":{"_acf_changed":false,"_yoast_wpseo_focuskw":"Mareen Eichinger","_yoast_wpseo_metadesc":"Im Interview erkl\u00e4rt Mareen Eichinger, warum Klarheit eine zentrale F\u00fchrungsaufgabe ist und weshalb \u00abweniger oft mehr ist\u00bb.","articlekey":"","footnotes":""},"categories":[29],"tags":[5750,4343,2695],"class_list":["post-42955","post","type-post","status-publish","format-standard","hentry","category-marketing","tag-macheete","tag-markom","tag-public-relations"],"acf":[],"yoast_head":"<!-- This site is optimized with the Yoast SEO plugin v27.5 - https:\/\/yoast.com\/product\/yoast-seo-wordpress\/ -->\n<title>Mareen Eichinger im Interview: \u00abGute Kommunikation beginnt beim Weglassen\u00bb - Organisator<\/title>\n<meta name=\"description\" content=\"Im Interview erkl\u00e4rt Mareen Eichinger, warum Klarheit eine zentrale F\u00fchrungsaufgabe ist und weshalb \u00abweniger oft mehr ist\u00bb.\" \/>\n<meta name=\"robots\" content=\"index, follow, max-snippet:-1, max-image-preview:large, max-video-preview:-1\" \/>\n<link rel=\"canonical\" href=\"https:\/\/www.organisator.ch\/de\/marketing\/2026-01-05\/mareen-eichinger-im-interview-gute-kommunikation-beginnt-beim-weglassen\/\" \/>\n<meta property=\"og:locale\" content=\"de_DE\" \/>\n<meta property=\"og:type\" content=\"article\" \/>\n<meta property=\"og:title\" content=\"Mareen Eichinger im Interview: \u00abGute Kommunikation beginnt beim Weglassen\u00bb - Organisator\" \/>\n<meta property=\"og:description\" content=\"Im Interview erkl\u00e4rt Mareen Eichinger, warum Klarheit eine zentrale F\u00fchrungsaufgabe ist und weshalb \u00abweniger oft mehr ist\u00bb.\" \/>\n<meta property=\"og:url\" content=\"https:\/\/www.organisator.ch\/de\/marketing\/2026-01-05\/mareen-eichinger-im-interview-gute-kommunikation-beginnt-beim-weglassen\/\" \/>\n<meta property=\"og:site_name\" content=\"Organisator\" \/>\n<meta property=\"article:publisher\" content=\"https:\/\/www.facebook.com\/OrganisatorFachmagazin\" \/>\n<meta property=\"article:published_time\" content=\"2026-01-05T15:16:16+00:00\" \/>\n<meta property=\"article:modified_time\" content=\"2026-01-06T09:32:33+00:00\" \/>\n<meta name=\"author\" content=\"galledia\" \/>\n<meta name=\"twitter:card\" content=\"summary_large_image\" \/>\n<meta name=\"twitter:creator\" content=\"@admin\" \/>\n<script type=\"application\/ld+json\" class=\"yoast-schema-graph\">{\"@context\":\"https:\\\/\\\/schema.org\",\"@graph\":[{\"@type\":\"Article\",\"@id\":\"https:\\\/\\\/www.organisator.ch\\\/marketing\\\/2026-01-05\\\/mareen-eichinger-im-interview-gute-kommunikation-beginnt-beim-weglassen\\\/#article\",\"isPartOf\":{\"@id\":\"https:\\\/\\\/www.organisator.ch\\\/marketing\\\/2026-01-05\\\/mareen-eichinger-im-interview-gute-kommunikation-beginnt-beim-weglassen\\\/\"},\"author\":{\"name\":\"galledia\",\"@id\":\"https:\\\/\\\/www.organisator.ch\\\/#\\\/schema\\\/person\\\/4e51799071cd2dd1232ac003643ef5f0\"},\"headline\":\"Mareen Eichinger im Interview: \u00abGute Kommunikation beginnt beim Weglassen\u00bb\",\"datePublished\":\"2026-01-05T15:16:16+00:00\",\"dateModified\":\"2026-01-06T09:32:33+00:00\",\"mainEntityOfPage\":{\"@id\":\"https:\\\/\\\/www.organisator.ch\\\/marketing\\\/2026-01-05\\\/mareen-eichinger-im-interview-gute-kommunikation-beginnt-beim-weglassen\\\/\"},\"wordCount\":696,\"publisher\":{\"@id\":\"https:\\\/\\\/www.organisator.ch\\\/#organization\"},\"image\":{\"@id\":\"https:\\\/\\\/www.organisator.ch\\\/marketing\\\/2026-01-05\\\/mareen-eichinger-im-interview-gute-kommunikation-beginnt-beim-weglassen\\\/#primaryimage\"},\"thumbnailUrl\":\"https:\\\/\\\/www.markt-kom.com\\\/wp-content\\\/uploads\\\/2026\\\/01\\\/Bildschirmfoto-2026-01-05-um-16.11.32-1024x773.png\",\"keywords\":[\"Macheete\",\"MarKom\",\"Public Relations\"],\"articleSection\":[\"MARKETING\"],\"inLanguage\":\"de\"},{\"@type\":\"WebPage\",\"@id\":\"https:\\\/\\\/www.organisator.ch\\\/marketing\\\/2026-01-05\\\/mareen-eichinger-im-interview-gute-kommunikation-beginnt-beim-weglassen\\\/\",\"url\":\"https:\\\/\\\/www.organisator.ch\\\/marketing\\\/2026-01-05\\\/mareen-eichinger-im-interview-gute-kommunikation-beginnt-beim-weglassen\\\/\",\"name\":\"Mareen Eichinger im Interview: \u00abGute Kommunikation beginnt beim Weglassen\u00bb - Organisator\",\"isPartOf\":{\"@id\":\"https:\\\/\\\/www.organisator.ch\\\/#website\"},\"primaryImageOfPage\":{\"@id\":\"https:\\\/\\\/www.organisator.ch\\\/marketing\\\/2026-01-05\\\/mareen-eichinger-im-interview-gute-kommunikation-beginnt-beim-weglassen\\\/#primaryimage\"},\"image\":{\"@id\":\"https:\\\/\\\/www.organisator.ch\\\/marketing\\\/2026-01-05\\\/mareen-eichinger-im-interview-gute-kommunikation-beginnt-beim-weglassen\\\/#primaryimage\"},\"thumbnailUrl\":\"https:\\\/\\\/www.markt-kom.com\\\/wp-content\\\/uploads\\\/2026\\\/01\\\/Bildschirmfoto-2026-01-05-um-16.11.32-1024x773.png\",\"datePublished\":\"2026-01-05T15:16:16+00:00\",\"dateModified\":\"2026-01-06T09:32:33+00:00\",\"description\":\"Im Interview erkl\u00e4rt Mareen Eichinger, warum Klarheit eine zentrale F\u00fchrungsaufgabe ist und weshalb \u00abweniger oft mehr ist\u00bb.\",\"breadcrumb\":{\"@id\":\"https:\\\/\\\/www.organisator.ch\\\/marketing\\\/2026-01-05\\\/mareen-eichinger-im-interview-gute-kommunikation-beginnt-beim-weglassen\\\/#breadcrumb\"},\"inLanguage\":\"de\",\"potentialAction\":[{\"@type\":\"ReadAction\",\"target\":[\"https:\\\/\\\/www.organisator.ch\\\/marketing\\\/2026-01-05\\\/mareen-eichinger-im-interview-gute-kommunikation-beginnt-beim-weglassen\\\/\"]}]},{\"@type\":\"ImageObject\",\"inLanguage\":\"de\",\"@id\":\"https:\\\/\\\/www.organisator.ch\\\/marketing\\\/2026-01-05\\\/mareen-eichinger-im-interview-gute-kommunikation-beginnt-beim-weglassen\\\/#primaryimage\",\"url\":\"https:\\\/\\\/www.markt-kom.com\\\/wp-content\\\/uploads\\\/2026\\\/01\\\/Bildschirmfoto-2026-01-05-um-16.11.32-1024x773.png\",\"contentUrl\":\"https:\\\/\\\/www.markt-kom.com\\\/wp-content\\\/uploads\\\/2026\\\/01\\\/Bildschirmfoto-2026-01-05-um-16.11.32-1024x773.png\"},{\"@type\":\"BreadcrumbList\",\"@id\":\"https:\\\/\\\/www.organisator.ch\\\/marketing\\\/2026-01-05\\\/mareen-eichinger-im-interview-gute-kommunikation-beginnt-beim-weglassen\\\/#breadcrumb\",\"itemListElement\":[{\"@type\":\"ListItem\",\"position\":1,\"name\":\"Home\",\"item\":\"https:\\\/\\\/www.organisator.ch\\\/\"},{\"@type\":\"ListItem\",\"position\":2,\"name\":\"Mareen Eichinger im Interview: \u00abGute Kommunikation beginnt beim Weglassen\u00bb\"}]},{\"@type\":\"WebSite\",\"@id\":\"https:\\\/\\\/www.organisator.ch\\\/#website\",\"url\":\"https:\\\/\\\/www.organisator.ch\\\/\",\"name\":\"Organisator\",\"description\":\"Kompetent. Praxisnah. Der ORGANISATOR bereitet in 10 Ausgaben pro Jahr die wesentlichen Themen f\u00fcr F\u00fchrungskr\u00e4fte von KMU auf.\",\"publisher\":{\"@id\":\"https:\\\/\\\/www.organisator.ch\\\/#organization\"},\"potentialAction\":[{\"@type\":\"SearchAction\",\"target\":{\"@type\":\"EntryPoint\",\"urlTemplate\":\"https:\\\/\\\/www.organisator.ch\\\/?s={search_term_string}\"},\"query-input\":{\"@type\":\"PropertyValueSpecification\",\"valueRequired\":true,\"valueName\":\"search_term_string\"}}],\"inLanguage\":\"de\"},{\"@type\":\"Organization\",\"@id\":\"https:\\\/\\\/www.organisator.ch\\\/#organization\",\"name\":\"Organisator\",\"url\":\"https:\\\/\\\/www.organisator.ch\\\/\",\"logo\":{\"@type\":\"ImageObject\",\"inLanguage\":\"de\",\"@id\":\"https:\\\/\\\/www.organisator.ch\\\/#\\\/schema\\\/logo\\\/image\\\/\",\"url\":\"https:\\\/\\\/www.organisator.ch\\\/wp-content\\\/uploads\\\/2022\\\/01\\\/Logo_Organisator_Website.png\",\"contentUrl\":\"https:\\\/\\\/www.organisator.ch\\\/wp-content\\\/uploads\\\/2022\\\/01\\\/Logo_Organisator_Website.png\",\"width\":800,\"height\":77,\"caption\":\"Organisator\"},\"image\":{\"@id\":\"https:\\\/\\\/www.organisator.ch\\\/#\\\/schema\\\/logo\\\/image\\\/\"},\"sameAs\":[\"https:\\\/\\\/www.facebook.com\\\/OrganisatorFachmagazin\",\"https:\\\/\\\/www.linkedin.com\\\/showcase\\\/organisator-das-magazin-fr-kmu\",\"https:\\\/\\\/www.xing.com\\\/news\\\/pages\\\/organisator-ch-695\",\"https:\\\/\\\/www.youtube.com\\\/channel\\\/UCGP2Sq0iWaZwT3BdIAQFYpw\"]},{\"@type\":\"Person\",\"@id\":\"https:\\\/\\\/www.organisator.ch\\\/#\\\/schema\\\/person\\\/4e51799071cd2dd1232ac003643ef5f0\",\"name\":\"galledia\",\"image\":{\"@type\":\"ImageObject\",\"inLanguage\":\"de\",\"@id\":\"https:\\\/\\\/secure.gravatar.com\\\/avatar\\\/78a7f90c01fc2bfc875782a0d4922b37cde2cf184ce347b91316d23cd7f69a36?s=96&d=mm&r=g\",\"url\":\"https:\\\/\\\/secure.gravatar.com\\\/avatar\\\/78a7f90c01fc2bfc875782a0d4922b37cde2cf184ce347b91316d23cd7f69a36?s=96&d=mm&r=g\",\"contentUrl\":\"https:\\\/\\\/secure.gravatar.com\\\/avatar\\\/78a7f90c01fc2bfc875782a0d4922b37cde2cf184ce347b91316d23cd7f69a36?s=96&d=mm&r=g\",\"caption\":\"galledia\"},\"sameAs\":[\"https:\\\/\\\/x.com\\\/admin\"],\"url\":\"https:\\\/\\\/www.organisator.ch\\\/de\\\/author\\\/galledia\\\/\"}]}<\/script>\n<!-- \/ Yoast SEO plugin. -->","yoast_head_json":{"title":"Mareen Eichinger im Interview: \u00abGute Kommunikation beginnt beim Weglassen\u00bb - Organisator","description":"Im Interview erkl\u00e4rt Mareen Eichinger, warum Klarheit eine zentrale F\u00fchrungsaufgabe ist und weshalb \u00abweniger oft mehr ist\u00bb.","robots":{"index":"index","follow":"follow","max-snippet":"max-snippet:-1","max-image-preview":"max-image-preview:large","max-video-preview":"max-video-preview:-1"},"canonical":"https:\/\/www.organisator.ch\/de\/marketing\/2026-01-05\/mareen-eichinger-im-interview-gute-kommunikation-beginnt-beim-weglassen\/","og_locale":"de_DE","og_type":"article","og_title":"Mareen Eichinger im Interview: \u00abGute Kommunikation beginnt beim Weglassen\u00bb - Organisator","og_description":"Im Interview erkl\u00e4rt Mareen Eichinger, warum Klarheit eine zentrale F\u00fchrungsaufgabe ist und weshalb \u00abweniger oft mehr ist\u00bb.","og_url":"https:\/\/www.organisator.ch\/de\/marketing\/2026-01-05\/mareen-eichinger-im-interview-gute-kommunikation-beginnt-beim-weglassen\/","og_site_name":"Organisator","article_publisher":"https:\/\/www.facebook.com\/OrganisatorFachmagazin","article_published_time":"2026-01-05T15:16:16+00:00","article_modified_time":"2026-01-06T09:32:33+00:00","author":"galledia","twitter_card":"summary_large_image","twitter_creator":"@admin","schema":{"@context":"https:\/\/schema.org","@graph":[{"@type":"Article","@id":"https:\/\/www.organisator.ch\/marketing\/2026-01-05\/mareen-eichinger-im-interview-gute-kommunikation-beginnt-beim-weglassen\/#article","isPartOf":{"@id":"https:\/\/www.organisator.ch\/marketing\/2026-01-05\/mareen-eichinger-im-interview-gute-kommunikation-beginnt-beim-weglassen\/"},"author":{"name":"galledia","@id":"https:\/\/www.organisator.ch\/#\/schema\/person\/4e51799071cd2dd1232ac003643ef5f0"},"headline":"Mareen Eichinger im Interview: \u00abGute Kommunikation beginnt beim Weglassen\u00bb","datePublished":"2026-01-05T15:16:16+00:00","dateModified":"2026-01-06T09:32:33+00:00","mainEntityOfPage":{"@id":"https:\/\/www.organisator.ch\/marketing\/2026-01-05\/mareen-eichinger-im-interview-gute-kommunikation-beginnt-beim-weglassen\/"},"wordCount":696,"publisher":{"@id":"https:\/\/www.organisator.ch\/#organization"},"image":{"@id":"https:\/\/www.organisator.ch\/marketing\/2026-01-05\/mareen-eichinger-im-interview-gute-kommunikation-beginnt-beim-weglassen\/#primaryimage"},"thumbnailUrl":"https:\/\/www.markt-kom.com\/wp-content\/uploads\/2026\/01\/Bildschirmfoto-2026-01-05-um-16.11.32-1024x773.png","keywords":["Macheete","MarKom","Public Relations"],"articleSection":["MARKETING"],"inLanguage":"de"},{"@type":"WebPage","@id":"https:\/\/www.organisator.ch\/marketing\/2026-01-05\/mareen-eichinger-im-interview-gute-kommunikation-beginnt-beim-weglassen\/","url":"https:\/\/www.organisator.ch\/marketing\/2026-01-05\/mareen-eichinger-im-interview-gute-kommunikation-beginnt-beim-weglassen\/","name":"Mareen Eichinger im Interview: \u00abGute Kommunikation beginnt beim Weglassen\u00bb - Organisator","isPartOf":{"@id":"https:\/\/www.organisator.ch\/#website"},"primaryImageOfPage":{"@id":"https:\/\/www.organisator.ch\/marketing\/2026-01-05\/mareen-eichinger-im-interview-gute-kommunikation-beginnt-beim-weglassen\/#primaryimage"},"image":{"@id":"https:\/\/www.organisator.ch\/marketing\/2026-01-05\/mareen-eichinger-im-interview-gute-kommunikation-beginnt-beim-weglassen\/#primaryimage"},"thumbnailUrl":"https:\/\/www.markt-kom.com\/wp-content\/uploads\/2026\/01\/Bildschirmfoto-2026-01-05-um-16.11.32-1024x773.png","datePublished":"2026-01-05T15:16:16+00:00","dateModified":"2026-01-06T09:32:33+00:00","description":"Im Interview erkl\u00e4rt Mareen Eichinger, warum Klarheit eine zentrale F\u00fchrungsaufgabe ist und weshalb \u00abweniger oft mehr ist\u00bb.","breadcrumb":{"@id":"https:\/\/www.organisator.ch\/marketing\/2026-01-05\/mareen-eichinger-im-interview-gute-kommunikation-beginnt-beim-weglassen\/#breadcrumb"},"inLanguage":"de","potentialAction":[{"@type":"ReadAction","target":["https:\/\/www.organisator.ch\/marketing\/2026-01-05\/mareen-eichinger-im-interview-gute-kommunikation-beginnt-beim-weglassen\/"]}]},{"@type":"ImageObject","inLanguage":"de","@id":"https:\/\/www.organisator.ch\/marketing\/2026-01-05\/mareen-eichinger-im-interview-gute-kommunikation-beginnt-beim-weglassen\/#primaryimage","url":"https:\/\/www.markt-kom.com\/wp-content\/uploads\/2026\/01\/Bildschirmfoto-2026-01-05-um-16.11.32-1024x773.png","contentUrl":"https:\/\/www.markt-kom.com\/wp-content\/uploads\/2026\/01\/Bildschirmfoto-2026-01-05-um-16.11.32-1024x773.png"},{"@type":"BreadcrumbList","@id":"https:\/\/www.organisator.ch\/marketing\/2026-01-05\/mareen-eichinger-im-interview-gute-kommunikation-beginnt-beim-weglassen\/#breadcrumb","itemListElement":[{"@type":"ListItem","position":1,"name":"Home","item":"https:\/\/www.organisator.ch\/"},{"@type":"ListItem","position":2,"name":"Mareen Eichinger im Interview: \u00abGute Kommunikation beginnt beim Weglassen\u00bb"}]},{"@type":"WebSite","@id":"https:\/\/www.organisator.ch\/#website","url":"https:\/\/www.organisator.ch\/","name":"Organisator","description":"Kompetent. Praxisnah. Der ORGANISATOR bereitet in 10 Ausgaben pro Jahr die wesentlichen Themen f\u00fcr F\u00fchrungskr\u00e4fte von KMU auf.","publisher":{"@id":"https:\/\/www.organisator.ch\/#organization"},"potentialAction":[{"@type":"SearchAction","target":{"@type":"EntryPoint","urlTemplate":"https:\/\/www.organisator.ch\/?s={search_term_string}"},"query-input":{"@type":"PropertyValueSpecification","valueRequired":true,"valueName":"search_term_string"}}],"inLanguage":"de"},{"@type":"Organization","@id":"https:\/\/www.organisator.ch\/#organization","name":"Organisator","url":"https:\/\/www.organisator.ch\/","logo":{"@type":"ImageObject","inLanguage":"de","@id":"https:\/\/www.organisator.ch\/#\/schema\/logo\/image\/","url":"https:\/\/www.organisator.ch\/wp-content\/uploads\/2022\/01\/Logo_Organisator_Website.png","contentUrl":"https:\/\/www.organisator.ch\/wp-content\/uploads\/2022\/01\/Logo_Organisator_Website.png","width":800,"height":77,"caption":"Organisator"},"image":{"@id":"https:\/\/www.organisator.ch\/#\/schema\/logo\/image\/"},"sameAs":["https:\/\/www.facebook.com\/OrganisatorFachmagazin","https:\/\/www.linkedin.com\/showcase\/organisator-das-magazin-fr-kmu","https:\/\/www.xing.com\/news\/pages\/organisator-ch-695","https:\/\/www.youtube.com\/channel\/UCGP2Sq0iWaZwT3BdIAQFYpw"]},{"@type":"Person","@id":"https:\/\/www.organisator.ch\/#\/schema\/person\/4e51799071cd2dd1232ac003643ef5f0","name":"galledia","image":{"@type":"ImageObject","inLanguage":"de","@id":"https:\/\/secure.gravatar.com\/avatar\/78a7f90c01fc2bfc875782a0d4922b37cde2cf184ce347b91316d23cd7f69a36?s=96&d=mm&r=g","url":"https:\/\/secure.gravatar.com\/avatar\/78a7f90c01fc2bfc875782a0d4922b37cde2cf184ce347b91316d23cd7f69a36?s=96&d=mm&r=g","contentUrl":"https:\/\/secure.gravatar.com\/avatar\/78a7f90c01fc2bfc875782a0d4922b37cde2cf184ce347b91316d23cd7f69a36?s=96&d=mm&r=g","caption":"galledia"},"sameAs":["https:\/\/x.com\/admin"],"url":"https:\/\/www.organisator.ch\/de\/author\/galledia\/"}]}},"_links":{"self":[{"href":"https:\/\/www.organisator.ch\/de\/wp-json\/wp\/v2\/posts\/42955","targetHints":{"allow":["GET"]}}],"collection":[{"href":"https:\/\/www.organisator.ch\/de\/wp-json\/wp\/v2\/posts"}],"about":[{"href":"https:\/\/www.organisator.ch\/de\/wp-json\/wp\/v2\/types\/post"}],"author":[{"embeddable":true,"href":"https:\/\/www.organisator.ch\/de\/wp-json\/wp\/v2\/users\/8"}],"replies":[{"embeddable":true,"href":"https:\/\/www.organisator.ch\/de\/wp-json\/wp\/v2\/comments?post=42955"}],"version-history":[{"count":5,"href":"https:\/\/www.organisator.ch\/de\/wp-json\/wp\/v2\/posts\/42955\/revisions"}],"predecessor-version":[{"id":42965,"href":"https:\/\/www.organisator.ch\/de\/wp-json\/wp\/v2\/posts\/42955\/revisions\/42965"}],"wp:attachment":[{"href":"https:\/\/www.organisator.ch\/de\/wp-json\/wp\/v2\/media?parent=42955"}],"wp:term":[{"taxonomy":"category","embeddable":true,"href":"https:\/\/www.organisator.ch\/de\/wp-json\/wp\/v2\/categories?post=42955"},{"taxonomy":"post_tag","embeddable":true,"href":"https:\/\/www.organisator.ch\/de\/wp-json\/wp\/v2\/tags?post=42955"}],"curies":[{"name":"wp","href":"https:\/\/api.w.org\/{rel}","templated":true}]}}