{"id":4312,"date":"2021-05-31T17:00:15","date_gmt":"2021-05-31T15:00:15","guid":{"rendered":"https:\/\/www.umweltperspektiven.ch\/?p=4312"},"modified":"2022-02-09T11:06:45","modified_gmt":"2022-02-09T10:06:45","slug":"schweiz-jeder-dritte-hitzetod-eine-klimafolge","status":"publish","type":"post","link":"https:\/\/www.organisator.ch\/de\/sustainability\/2021-05-31\/schweiz-jeder-dritte-hitzetod-eine-klimafolge\/","title":{"rendered":"Schweiz: Jeder dritte Hitzetod eine Klimafolge"},"content":{"rendered":"<figure id=\"attachment_4313\" aria-describedby=\"caption-attachment-4313\" style=\"width: 620px\" class=\"wp-caption aligncenter\"><img loading=\"lazy\" decoding=\"async\" class=\"wp-image-4313 size-full\" src=\"\/\/www.umweltperspektiven.ch\/wp-content\/uploads\/2021\/05\/hitze-1.jpg\" alt=\"Hitzetod\" width=\"620\" height=\"411\" \/><figcaption id=\"caption-attachment-4313\" class=\"wp-caption-text\">\u00a9 Depositphotos, sdecoret<\/figcaption><\/figure>\n<p>&nbsp;<\/p>\n<p>Die Klimaerw\u00e4rmung wirkt sich verschiedentlich auf die Gesundheit aus. Ein direkter Effekt zeigt sich im Anstieg der hitzebedingten Krankheits- und Sterberaten. Gem\u00e4ss Szenarien werden die Durchschnittstemperaturen erheblich steigen und extreme Wetterereignisse wie Hitzewellen h\u00e4ufiger auftreten. Das f\u00fchrt zuk\u00fcnftig auch zu einem Anstieg der damit verbundenen Gesundheitsbelastung. Bisher wurde noch in keiner Studie untersucht, ob und in welchem Ausmass solche Auswirkungen in den letzten Jahrzehnten bereits eingetreten sind. Die internationale Studie \u00abThe burden of heat-related mortality attributable to recent human-induced climate change\u00bb, koordiniert von der Universit\u00e4t Bern und der London School of Hygiene &amp; Tropical Medicine (LSHTM), belegt nun erstmals, dass 37 Prozent der durch Hitze verursachten Todesf\u00e4lle zwischen 1991 und 2018 auf vom Menschen verursachte Klima\u00e4nderungen zur\u00fcckgef\u00fchrt werden k\u00f6nnen.<\/p>\n<h2><strong>Je st\u00e4rker die Klimaerw\u00e4rmung, desto mehr Tote <\/strong><\/h2>\n<p>Genauer gesagt wurden in der epidemiologischen Untersuchung die Auswirkungen der <em>menschgemachten <\/em>Klimaerw\u00e4rmung analysiert. Dies geschah in einer sogenannten \u00abDetection &amp; Attribution\u00bb-Studie, die der Klimaerw\u00e4rmung den menschgemachten Anteil zuordnet. Konkret untersuchten die Forschenden vergangene Wetterbedingungen unter Szenarien mit und ohne menschlichen Einfluss, und konnten so die menschgemachte Erw\u00e4rmung und die damit verbundenen gesundheitlichen Auswirkungen von nat\u00fcrlichen Ver\u00e4nderungen trennen. \u00abWir gehen davon aus, dass der Anteil der hitzebedingten Todesf\u00e4lle weiterw\u00e4chst, wenn wir nichts gegen den Klimawandel unternehmen oder uns anpassen\u00bb, sagt Ana Vicedo-Cabrera, Erstautorin der Studie vom Institut f\u00fcr Sozial- und Pr\u00e4ventivmedizin und vom Oeschger-Zentrum f\u00fcr Klimaforschung der Universit\u00e4t Bern. \u00abBis jetzt hat die globale Durchschnittstemperatur lediglich um rund 1\u00b0C zugenommen, das ist ein Bruchteil dessen, was auf uns zukommen k\u00f6nnte, wenn die Emissionen weiter unkontrolliert wachsen.\u00bb<\/p>\n<h2><strong>Regionale Unterschiede bei hitzebedingten Gesundheitsrisiken <\/strong><\/h2>\n<p>Zwar ist im Durchschnitt mehr als ein Drittel der hitzebedingten Todesf\u00e4lle auf den vom Menschen verursachten Klimawandel zur\u00fcckzuf\u00fchren, die Auswirkungen variieren je nach Region aber erheblich. Die Zahl der klimabedingten Hitzeopfer betr\u00e4gt je nach Standort j\u00e4hrlich zwischen einigen Dutzend bis mehreren hundert Toten, abh\u00e4ngig von den lokalen Klimaver\u00e4nderungen in jedem Gebiet und der Anf\u00e4lligkeit der Bev\u00f6lkerung. Am st\u00e4rksten betroffen sind Menschen in L\u00e4ndern mit niedrigem und mittlerem Einkommen in Mittel- und S\u00fcdamerika und S\u00fcdostasien, die in der Vergangenheit nur f\u00fcr einen geringen Teil der anthropogenen Emissionen verantwortlich waren. \u00abUnsere Studie stellt die umfassendste Untersuchung zur Erkennung und Zuordnung aktueller Gesundheitsrisiken in Bezug auf den Klimawandel dar\u00bb, sagt Antonio Gasparrini, Letztautor der Studie von der London School of Hygiene &amp; Tropical Medicine. \u00abDie Botschaft ist klar: Der Klimawandel wird nicht nur in der Zukunft verheerende Auswirkungen haben, sondern wir erleben bereits jetzt die schwerwiegenden Folgen menschlicher Aktivit\u00e4ten auf unserem Planeten.\u00bb<strong>\u00a0<\/strong><\/p>\n<h2><strong>Jeder dritte hitzebedingte Todesfall in der Schweiz ist auf den Klimawandel zur\u00fcckzuf\u00fchren <\/strong><\/h2>\n<p><strong>\u00a0<\/strong>Auch in der Schweiz mit vergleichsweise kleinen Unterschieden in den Lebensbedingungen und nach wie vor gem\u00e4ssigten Temperaturen sollte man die Hitzerisiken \u00abnicht untersch\u00e4tzen\u00bb, wie Ana Vicedo-Cabrera sagt. So sei einer von drei Hitzetoten auf den Klimawandel zur\u00fcckzuf\u00fchren, da f\u00fcr die Schweiz die Sch\u00e4tzung bei rund 30 Prozent liegt.<\/p>\n<p>Die Forschung zu Klimawandel und Gesundheit ist eines der Schwerpunktthemen des Oeschger-Zentrums f\u00fcr Klimaforschung. Eine entsprechende Forschungsgruppe wurde 2019 gemeinsam mit dem Institut f\u00fcr Sozial- und Pr\u00e4ventivmedizin (ISPM) der Universit\u00e4t Bern gegr\u00fcndet. Geleitet wird sie von Ana M. Vicedo-Cabrera, der Erstautorin der soeben erschienen internationalen Studie zu Hitzemortalit\u00e4t und Klimawandel.<\/p>\n<p><em>Bei der Studie \u00abThe burden of heat-related mortality attributable to recent human-induced climate change\u00bb handelt es sich um die bisher gr\u00f6sste Untersuchung dieser Art mit Daten aus 732 St\u00e4dten in 43 L\u00e4ndern weltweit. <\/em><\/p>\n<p><em>Quelle: Universit\u00e4t Bern<\/em><\/p>\n<p><strong><em>Weitere Themen:\u00a0<\/em><\/strong><\/p>\n<ul>\n<li><a href=\"\/\/www.umweltperspektiven.ch\/hitzewellen-heizen-staedte-noch-staerker-auf\/\"><em>Hitzewellen heizen St\u00e4dte noch st\u00e4rker auf<\/em><\/a><\/li>\n<li><a href=\"\/\/www.umweltperspektiven.ch\/2015-bricht-alle-hitzerekorde\/\">2015 bricht alle Hitzerekorde<\/a><\/li>\n<\/ul>\n","protected":false},"excerpt":{"rendered":"<p>&nbsp; Die Klimaerw\u00e4rmung wirkt sich verschiedentlich auf die Gesundheit aus. Ein direkter Effekt zeigt sich im Anstieg der hitzebedingten Krankheits- und Sterberaten. Gem\u00e4ss Szenarien werden die Durchschnittstemperaturen erheblich steigen und extreme Wetterereignisse wie Hitzewellen h\u00e4ufiger auftreten. Das f\u00fchrt zuk\u00fcnftig auch zu einem Anstieg der damit verbundenen Gesundheitsbelastung. Bisher wurde noch in keiner Studie untersucht, ob [&hellip;]<\/p>\n","protected":false},"author":6,"featured_media":9799,"comment_status":"closed","ping_status":"closed","sticky":false,"template":"","format":"standard","meta":{"_acf_changed":false,"_yoast_wpseo_focuskw":"Hitzetod","_yoast_wpseo_metadesc":"","articlekey":"","footnotes":""},"categories":[580],"tags":[1361,596,1509],"class_list":["post-4312","post","type-post","status-publish","format-standard","has-post-thumbnail","hentry","category-sustainability","tag-hitzetod","tag-klima","tag-klimaerwaermung"],"acf":[],"yoast_head":"<!-- This site is optimized with the Yoast SEO plugin v27.4 - https:\/\/yoast.com\/product\/yoast-seo-wordpress\/ -->\n<title>Schweiz: Jeder dritte Hitzetod eine Klimafolge - Organisator<\/title>\n<meta name=\"robots\" content=\"index, follow, max-snippet:-1, max-image-preview:large, max-video-preview:-1\" \/>\n<link rel=\"canonical\" href=\"https:\/\/www.organisator.ch\/de\/sustainability\/2021-05-31\/schweiz-jeder-dritte-hitzetod-eine-klimafolge\/\" \/>\n<meta property=\"og:locale\" content=\"de_DE\" \/>\n<meta property=\"og:type\" content=\"article\" \/>\n<meta property=\"og:title\" content=\"Schweiz: Jeder dritte Hitzetod eine Klimafolge - Organisator\" \/>\n<meta property=\"og:description\" content=\"&nbsp; Die Klimaerw\u00e4rmung wirkt sich verschiedentlich auf die Gesundheit aus. Ein direkter Effekt zeigt sich im Anstieg der hitzebedingten Krankheits- und Sterberaten. Gem\u00e4ss Szenarien werden die Durchschnittstemperaturen erheblich steigen und extreme Wetterereignisse wie Hitzewellen h\u00e4ufiger auftreten. Das f\u00fchrt zuk\u00fcnftig auch zu einem Anstieg der damit verbundenen Gesundheitsbelastung. Bisher wurde noch in keiner Studie untersucht, ob [&hellip;]\" \/>\n<meta property=\"og:url\" content=\"https:\/\/www.organisator.ch\/de\/sustainability\/2021-05-31\/schweiz-jeder-dritte-hitzetod-eine-klimafolge\/\" \/>\n<meta property=\"og:site_name\" content=\"Organisator\" \/>\n<meta property=\"article:publisher\" content=\"https:\/\/www.facebook.com\/OrganisatorFachmagazin\" \/>\n<meta property=\"article:published_time\" content=\"2021-05-31T15:00:15+00:00\" \/>\n<meta property=\"article:modified_time\" content=\"2022-02-09T10:06:45+00:00\" \/>\n<meta property=\"og:image\" content=\"https:\/\/www.organisator.ch\/wp-content\/uploads\/2021\/05\/hitze-1.jpg\" \/>\n\t<meta property=\"og:image:width\" content=\"620\" \/>\n\t<meta property=\"og:image:height\" content=\"411\" \/>\n\t<meta property=\"og:image:type\" content=\"image\/jpeg\" \/>\n<meta name=\"author\" content=\"roger.straessle\" \/>\n<meta name=\"twitter:card\" content=\"summary_large_image\" \/>\n<script type=\"application\/ld+json\" class=\"yoast-schema-graph\">{\"@context\":\"https:\\\/\\\/schema.org\",\"@graph\":[{\"@type\":\"Article\",\"@id\":\"https:\\\/\\\/www.organisator.ch\\\/sustainability\\\/2021-05-31\\\/schweiz-jeder-dritte-hitzetod-eine-klimafolge\\\/#article\",\"isPartOf\":{\"@id\":\"https:\\\/\\\/www.organisator.ch\\\/sustainability\\\/2021-05-31\\\/schweiz-jeder-dritte-hitzetod-eine-klimafolge\\\/\"},\"author\":{\"name\":\"roger.straessle\",\"@id\":\"https:\\\/\\\/www.organisator.ch\\\/#\\\/schema\\\/person\\\/a800b8c54e208b160517a7dcc323161d\"},\"headline\":\"Schweiz: Jeder dritte Hitzetod eine Klimafolge\",\"datePublished\":\"2021-05-31T15:00:15+00:00\",\"dateModified\":\"2022-02-09T10:06:45+00:00\",\"mainEntityOfPage\":{\"@id\":\"https:\\\/\\\/www.organisator.ch\\\/sustainability\\\/2021-05-31\\\/schweiz-jeder-dritte-hitzetod-eine-klimafolge\\\/\"},\"wordCount\":632,\"publisher\":{\"@id\":\"https:\\\/\\\/www.organisator.ch\\\/#organization\"},\"image\":{\"@id\":\"https:\\\/\\\/www.organisator.ch\\\/sustainability\\\/2021-05-31\\\/schweiz-jeder-dritte-hitzetod-eine-klimafolge\\\/#primaryimage\"},\"thumbnailUrl\":\"https:\\\/\\\/www.organisator.ch\\\/wp-content\\\/uploads\\\/2021\\\/05\\\/hitze-1.jpg\",\"keywords\":[\"Hitzetod\",\"KLIMA\",\"Klimaerw\u00e4rmung\"],\"articleSection\":[\"SUSTAINABILITY\"],\"inLanguage\":\"de\"},{\"@type\":\"WebPage\",\"@id\":\"https:\\\/\\\/www.organisator.ch\\\/sustainability\\\/2021-05-31\\\/schweiz-jeder-dritte-hitzetod-eine-klimafolge\\\/\",\"url\":\"https:\\\/\\\/www.organisator.ch\\\/sustainability\\\/2021-05-31\\\/schweiz-jeder-dritte-hitzetod-eine-klimafolge\\\/\",\"name\":\"Schweiz: Jeder dritte Hitzetod eine Klimafolge - Organisator\",\"isPartOf\":{\"@id\":\"https:\\\/\\\/www.organisator.ch\\\/#website\"},\"primaryImageOfPage\":{\"@id\":\"https:\\\/\\\/www.organisator.ch\\\/sustainability\\\/2021-05-31\\\/schweiz-jeder-dritte-hitzetod-eine-klimafolge\\\/#primaryimage\"},\"image\":{\"@id\":\"https:\\\/\\\/www.organisator.ch\\\/sustainability\\\/2021-05-31\\\/schweiz-jeder-dritte-hitzetod-eine-klimafolge\\\/#primaryimage\"},\"thumbnailUrl\":\"https:\\\/\\\/www.organisator.ch\\\/wp-content\\\/uploads\\\/2021\\\/05\\\/hitze-1.jpg\",\"datePublished\":\"2021-05-31T15:00:15+00:00\",\"dateModified\":\"2022-02-09T10:06:45+00:00\",\"breadcrumb\":{\"@id\":\"https:\\\/\\\/www.organisator.ch\\\/sustainability\\\/2021-05-31\\\/schweiz-jeder-dritte-hitzetod-eine-klimafolge\\\/#breadcrumb\"},\"inLanguage\":\"de\",\"potentialAction\":[{\"@type\":\"ReadAction\",\"target\":[\"https:\\\/\\\/www.organisator.ch\\\/sustainability\\\/2021-05-31\\\/schweiz-jeder-dritte-hitzetod-eine-klimafolge\\\/\"]}]},{\"@type\":\"ImageObject\",\"inLanguage\":\"de\",\"@id\":\"https:\\\/\\\/www.organisator.ch\\\/sustainability\\\/2021-05-31\\\/schweiz-jeder-dritte-hitzetod-eine-klimafolge\\\/#primaryimage\",\"url\":\"https:\\\/\\\/www.organisator.ch\\\/wp-content\\\/uploads\\\/2021\\\/05\\\/hitze-1.jpg\",\"contentUrl\":\"https:\\\/\\\/www.organisator.ch\\\/wp-content\\\/uploads\\\/2021\\\/05\\\/hitze-1.jpg\",\"width\":620,\"height\":411,\"caption\":\"\u00a9 Depositphotos, sdecoret\"},{\"@type\":\"BreadcrumbList\",\"@id\":\"https:\\\/\\\/www.organisator.ch\\\/sustainability\\\/2021-05-31\\\/schweiz-jeder-dritte-hitzetod-eine-klimafolge\\\/#breadcrumb\",\"itemListElement\":[{\"@type\":\"ListItem\",\"position\":1,\"name\":\"Home\",\"item\":\"https:\\\/\\\/www.organisator.ch\\\/\"},{\"@type\":\"ListItem\",\"position\":2,\"name\":\"Schweiz: Jeder dritte Hitzetod eine Klimafolge\"}]},{\"@type\":\"WebSite\",\"@id\":\"https:\\\/\\\/www.organisator.ch\\\/#website\",\"url\":\"https:\\\/\\\/www.organisator.ch\\\/\",\"name\":\"Organisator\",\"description\":\"Kompetent. Praxisnah. Der ORGANISATOR bereitet in 10 Ausgaben pro Jahr die wesentlichen Themen f\u00fcr F\u00fchrungskr\u00e4fte von KMU auf.\",\"publisher\":{\"@id\":\"https:\\\/\\\/www.organisator.ch\\\/#organization\"},\"potentialAction\":[{\"@type\":\"SearchAction\",\"target\":{\"@type\":\"EntryPoint\",\"urlTemplate\":\"https:\\\/\\\/www.organisator.ch\\\/?s={search_term_string}\"},\"query-input\":{\"@type\":\"PropertyValueSpecification\",\"valueRequired\":true,\"valueName\":\"search_term_string\"}}],\"inLanguage\":\"de\"},{\"@type\":\"Organization\",\"@id\":\"https:\\\/\\\/www.organisator.ch\\\/#organization\",\"name\":\"Organisator\",\"url\":\"https:\\\/\\\/www.organisator.ch\\\/\",\"logo\":{\"@type\":\"ImageObject\",\"inLanguage\":\"de\",\"@id\":\"https:\\\/\\\/www.organisator.ch\\\/#\\\/schema\\\/logo\\\/image\\\/\",\"url\":\"https:\\\/\\\/www.organisator.ch\\\/wp-content\\\/uploads\\\/2022\\\/01\\\/Logo_Organisator_Website.png\",\"contentUrl\":\"https:\\\/\\\/www.organisator.ch\\\/wp-content\\\/uploads\\\/2022\\\/01\\\/Logo_Organisator_Website.png\",\"width\":800,\"height\":77,\"caption\":\"Organisator\"},\"image\":{\"@id\":\"https:\\\/\\\/www.organisator.ch\\\/#\\\/schema\\\/logo\\\/image\\\/\"},\"sameAs\":[\"https:\\\/\\\/www.facebook.com\\\/OrganisatorFachmagazin\",\"https:\\\/\\\/www.linkedin.com\\\/showcase\\\/organisator-das-magazin-fr-kmu\",\"https:\\\/\\\/www.xing.com\\\/news\\\/pages\\\/organisator-ch-695\",\"https:\\\/\\\/www.youtube.com\\\/channel\\\/UCGP2Sq0iWaZwT3BdIAQFYpw\"]},{\"@type\":\"Person\",\"@id\":\"https:\\\/\\\/www.organisator.ch\\\/#\\\/schema\\\/person\\\/a800b8c54e208b160517a7dcc323161d\",\"name\":\"roger.straessle\",\"image\":{\"@type\":\"ImageObject\",\"inLanguage\":\"de\",\"@id\":\"https:\\\/\\\/secure.gravatar.com\\\/avatar\\\/?s=96&d=mm&r=g\",\"url\":\"https:\\\/\\\/secure.gravatar.com\\\/avatar\\\/?s=96&d=mm&r=g\",\"contentUrl\":\"https:\\\/\\\/secure.gravatar.com\\\/avatar\\\/?s=96&d=mm&r=g\",\"caption\":\"roger.straessle\"},\"url\":\"https:\\\/\\\/www.organisator.ch\\\/de\\\/author\\\/roger-straessle\\\/\"}]}<\/script>\n<!-- \/ Yoast SEO plugin. -->","yoast_head_json":{"title":"Schweiz: Jeder dritte Hitzetod eine Klimafolge - Organisator","robots":{"index":"index","follow":"follow","max-snippet":"max-snippet:-1","max-image-preview":"max-image-preview:large","max-video-preview":"max-video-preview:-1"},"canonical":"https:\/\/www.organisator.ch\/de\/sustainability\/2021-05-31\/schweiz-jeder-dritte-hitzetod-eine-klimafolge\/","og_locale":"de_DE","og_type":"article","og_title":"Schweiz: Jeder dritte Hitzetod eine Klimafolge - Organisator","og_description":"&nbsp; Die Klimaerw\u00e4rmung wirkt sich verschiedentlich auf die Gesundheit aus. Ein direkter Effekt zeigt sich im Anstieg der hitzebedingten Krankheits- und Sterberaten. Gem\u00e4ss Szenarien werden die Durchschnittstemperaturen erheblich steigen und extreme Wetterereignisse wie Hitzewellen h\u00e4ufiger auftreten. Das f\u00fchrt zuk\u00fcnftig auch zu einem Anstieg der damit verbundenen Gesundheitsbelastung. Bisher wurde noch in keiner Studie untersucht, ob [&hellip;]","og_url":"https:\/\/www.organisator.ch\/de\/sustainability\/2021-05-31\/schweiz-jeder-dritte-hitzetod-eine-klimafolge\/","og_site_name":"Organisator","article_publisher":"https:\/\/www.facebook.com\/OrganisatorFachmagazin","article_published_time":"2021-05-31T15:00:15+00:00","article_modified_time":"2022-02-09T10:06:45+00:00","og_image":[{"url":"https:\/\/www.organisator.ch\/wp-content\/uploads\/2021\/05\/hitze-1.jpg","width":620,"height":411,"type":"image\/jpeg"}],"author":"roger.straessle","twitter_card":"summary_large_image","schema":{"@context":"https:\/\/schema.org","@graph":[{"@type":"Article","@id":"https:\/\/www.organisator.ch\/sustainability\/2021-05-31\/schweiz-jeder-dritte-hitzetod-eine-klimafolge\/#article","isPartOf":{"@id":"https:\/\/www.organisator.ch\/sustainability\/2021-05-31\/schweiz-jeder-dritte-hitzetod-eine-klimafolge\/"},"author":{"name":"roger.straessle","@id":"https:\/\/www.organisator.ch\/#\/schema\/person\/a800b8c54e208b160517a7dcc323161d"},"headline":"Schweiz: Jeder dritte Hitzetod eine Klimafolge","datePublished":"2021-05-31T15:00:15+00:00","dateModified":"2022-02-09T10:06:45+00:00","mainEntityOfPage":{"@id":"https:\/\/www.organisator.ch\/sustainability\/2021-05-31\/schweiz-jeder-dritte-hitzetod-eine-klimafolge\/"},"wordCount":632,"publisher":{"@id":"https:\/\/www.organisator.ch\/#organization"},"image":{"@id":"https:\/\/www.organisator.ch\/sustainability\/2021-05-31\/schweiz-jeder-dritte-hitzetod-eine-klimafolge\/#primaryimage"},"thumbnailUrl":"https:\/\/www.organisator.ch\/wp-content\/uploads\/2021\/05\/hitze-1.jpg","keywords":["Hitzetod","KLIMA","Klimaerw\u00e4rmung"],"articleSection":["SUSTAINABILITY"],"inLanguage":"de"},{"@type":"WebPage","@id":"https:\/\/www.organisator.ch\/sustainability\/2021-05-31\/schweiz-jeder-dritte-hitzetod-eine-klimafolge\/","url":"https:\/\/www.organisator.ch\/sustainability\/2021-05-31\/schweiz-jeder-dritte-hitzetod-eine-klimafolge\/","name":"Schweiz: Jeder dritte Hitzetod eine Klimafolge - Organisator","isPartOf":{"@id":"https:\/\/www.organisator.ch\/#website"},"primaryImageOfPage":{"@id":"https:\/\/www.organisator.ch\/sustainability\/2021-05-31\/schweiz-jeder-dritte-hitzetod-eine-klimafolge\/#primaryimage"},"image":{"@id":"https:\/\/www.organisator.ch\/sustainability\/2021-05-31\/schweiz-jeder-dritte-hitzetod-eine-klimafolge\/#primaryimage"},"thumbnailUrl":"https:\/\/www.organisator.ch\/wp-content\/uploads\/2021\/05\/hitze-1.jpg","datePublished":"2021-05-31T15:00:15+00:00","dateModified":"2022-02-09T10:06:45+00:00","breadcrumb":{"@id":"https:\/\/www.organisator.ch\/sustainability\/2021-05-31\/schweiz-jeder-dritte-hitzetod-eine-klimafolge\/#breadcrumb"},"inLanguage":"de","potentialAction":[{"@type":"ReadAction","target":["https:\/\/www.organisator.ch\/sustainability\/2021-05-31\/schweiz-jeder-dritte-hitzetod-eine-klimafolge\/"]}]},{"@type":"ImageObject","inLanguage":"de","@id":"https:\/\/www.organisator.ch\/sustainability\/2021-05-31\/schweiz-jeder-dritte-hitzetod-eine-klimafolge\/#primaryimage","url":"https:\/\/www.organisator.ch\/wp-content\/uploads\/2021\/05\/hitze-1.jpg","contentUrl":"https:\/\/www.organisator.ch\/wp-content\/uploads\/2021\/05\/hitze-1.jpg","width":620,"height":411,"caption":"\u00a9 Depositphotos, sdecoret"},{"@type":"BreadcrumbList","@id":"https:\/\/www.organisator.ch\/sustainability\/2021-05-31\/schweiz-jeder-dritte-hitzetod-eine-klimafolge\/#breadcrumb","itemListElement":[{"@type":"ListItem","position":1,"name":"Home","item":"https:\/\/www.organisator.ch\/"},{"@type":"ListItem","position":2,"name":"Schweiz: Jeder dritte Hitzetod eine Klimafolge"}]},{"@type":"WebSite","@id":"https:\/\/www.organisator.ch\/#website","url":"https:\/\/www.organisator.ch\/","name":"Organisator","description":"Kompetent. Praxisnah. Der ORGANISATOR bereitet in 10 Ausgaben pro Jahr die wesentlichen Themen f\u00fcr F\u00fchrungskr\u00e4fte von KMU auf.","publisher":{"@id":"https:\/\/www.organisator.ch\/#organization"},"potentialAction":[{"@type":"SearchAction","target":{"@type":"EntryPoint","urlTemplate":"https:\/\/www.organisator.ch\/?s={search_term_string}"},"query-input":{"@type":"PropertyValueSpecification","valueRequired":true,"valueName":"search_term_string"}}],"inLanguage":"de"},{"@type":"Organization","@id":"https:\/\/www.organisator.ch\/#organization","name":"Organisator","url":"https:\/\/www.organisator.ch\/","logo":{"@type":"ImageObject","inLanguage":"de","@id":"https:\/\/www.organisator.ch\/#\/schema\/logo\/image\/","url":"https:\/\/www.organisator.ch\/wp-content\/uploads\/2022\/01\/Logo_Organisator_Website.png","contentUrl":"https:\/\/www.organisator.ch\/wp-content\/uploads\/2022\/01\/Logo_Organisator_Website.png","width":800,"height":77,"caption":"Organisator"},"image":{"@id":"https:\/\/www.organisator.ch\/#\/schema\/logo\/image\/"},"sameAs":["https:\/\/www.facebook.com\/OrganisatorFachmagazin","https:\/\/www.linkedin.com\/showcase\/organisator-das-magazin-fr-kmu","https:\/\/www.xing.com\/news\/pages\/organisator-ch-695","https:\/\/www.youtube.com\/channel\/UCGP2Sq0iWaZwT3BdIAQFYpw"]},{"@type":"Person","@id":"https:\/\/www.organisator.ch\/#\/schema\/person\/a800b8c54e208b160517a7dcc323161d","name":"roger.straessle","image":{"@type":"ImageObject","inLanguage":"de","@id":"https:\/\/secure.gravatar.com\/avatar\/?s=96&d=mm&r=g","url":"https:\/\/secure.gravatar.com\/avatar\/?s=96&d=mm&r=g","contentUrl":"https:\/\/secure.gravatar.com\/avatar\/?s=96&d=mm&r=g","caption":"roger.straessle"},"url":"https:\/\/www.organisator.ch\/de\/author\/roger-straessle\/"}]}},"_links":{"self":[{"href":"https:\/\/www.organisator.ch\/de\/wp-json\/wp\/v2\/posts\/4312","targetHints":{"allow":["GET"]}}],"collection":[{"href":"https:\/\/www.organisator.ch\/de\/wp-json\/wp\/v2\/posts"}],"about":[{"href":"https:\/\/www.organisator.ch\/de\/wp-json\/wp\/v2\/types\/post"}],"author":[{"embeddable":true,"href":"https:\/\/www.organisator.ch\/de\/wp-json\/wp\/v2\/users\/6"}],"replies":[{"embeddable":true,"href":"https:\/\/www.organisator.ch\/de\/wp-json\/wp\/v2\/comments?post=4312"}],"version-history":[{"count":1,"href":"https:\/\/www.organisator.ch\/de\/wp-json\/wp\/v2\/posts\/4312\/revisions"}],"predecessor-version":[{"id":10648,"href":"https:\/\/www.organisator.ch\/de\/wp-json\/wp\/v2\/posts\/4312\/revisions\/10648"}],"wp:featuredmedia":[{"embeddable":true,"href":"https:\/\/www.organisator.ch\/de\/wp-json\/wp\/v2\/media\/9799"}],"wp:attachment":[{"href":"https:\/\/www.organisator.ch\/de\/wp-json\/wp\/v2\/media?parent=4312"}],"wp:term":[{"taxonomy":"category","embeddable":true,"href":"https:\/\/www.organisator.ch\/de\/wp-json\/wp\/v2\/categories?post=4312"},{"taxonomy":"post_tag","embeddable":true,"href":"https:\/\/www.organisator.ch\/de\/wp-json\/wp\/v2\/tags?post=4312"}],"curies":[{"name":"wp","href":"https:\/\/api.w.org\/{rel}","templated":true}]}}