{"id":43234,"date":"2026-01-15T09:32:03","date_gmt":"2026-01-15T08:32:03","guid":{"rendered":"https:\/\/www.m-q.ch\/?p=22340"},"modified":"2026-01-15T10:24:43","modified_gmt":"2026-01-15T09:24:43","slug":"stefan-riedle-wird-neuer-quality-director-von-sap-schweiz","status":"publish","type":"post","link":"https:\/\/www.organisator.ch\/de\/operational-excellence\/2026-01-15\/stefan-riedle-wird-neuer-quality-director-von-sap-schweiz\/","title":{"rendered":"Stefan Riedle wird neuer Quality Director von SAP Schweiz"},"content":{"rendered":"<figure id=\"attachment_22341\" class=\"wp-caption alignnone\" style=\"width: 1400px;\" aria-describedby=\"caption-attachment-22341\"><img class=\"size-full wp-image-22341\" src=\"https:\/\/www.m-q.ch\/wp-content\/uploads\/2026\/01\/Stefan-Riedle-wird-neuer-Quality-Director-von-SAP-Schweiz_MQ-scaled.jpg\" sizes=\"(max-width: 1400px) 100vw, 1400px\" srcset=\"https:\/\/www.m-q.ch\/wp-content\/uploads\/2026\/01\/Stefan-Riedle-wird-neuer-Quality-Director-von-SAP-Schweiz_MQ-scaled.jpg 1400w, https:\/\/www.m-q.ch\/wp-content\/uploads\/2026\/01\/Stefan-Riedle-wird-neuer-Quality-Director-von-SAP-Schweiz_MQ-768x573.jpg 768w, https:\/\/www.m-q.ch\/wp-content\/uploads\/2026\/01\/Stefan-Riedle-wird-neuer-Quality-Director-von-SAP-Schweiz_MQ-1536x1147.jpg 1536w, https:\/\/www.m-q.ch\/wp-content\/uploads\/2026\/01\/Stefan-Riedle-wird-neuer-Quality-Director-von-SAP-Schweiz_MQ-16x12.jpg 16w, https:\/\/www.m-q.ch\/wp-content\/uploads\/2026\/01\/Stefan-Riedle-wird-neuer-Quality-Director-von-SAP-Schweiz_MQ-375x280.jpg 375w, https:\/\/www.m-q.ch\/wp-content\/uploads\/2026\/01\/Stefan-Riedle-wird-neuer-Quality-Director-von-SAP-Schweiz_MQ-469x350.jpg 469w, https:\/\/www.m-q.ch\/wp-content\/uploads\/2026\/01\/Stefan-Riedle-wird-neuer-Quality-Director-von-SAP-Schweiz_MQ-1000x747.jpg 1000w\" alt=\"\" width=\"1400\" height=\"1045\" \/>\r\n<figcaption id=\"caption-attachment-22341\" class=\"wp-caption-text\">Stefan Riedle, neuer Quality Director bei SAP. (Bild: zVg)<\/figcaption>\r\n<\/figure>\r\n<p>Stefan Riedle ist seit 21 Jahren bei SAP t\u00e4tig \u2013 eine aussergew\u00f6hnlich lange Zeitspanne, in der er sich vom Senior Consultant zum zentralen Pfeiler im Qualit\u00e4tsmanagement entwickelt hat. In verschiedenen Funktionen unterst\u00fctzte er zahlreiche Grosskunden dabei, Risiken zu minimieren, Qualit\u00e4tsstandards zu erh\u00f6hen und gesch\u00e4ftlichen Mehrwert zu realisieren. Seine tiefe Vertrautheit mit SAP-Technologien, sein analytischer Ansatz und sein breites Netzwerk w\u00fcrden ihn zur idealen Besetzung f\u00fcr die neue Rolle machen, wie es dazu heisst. \u00abMit Stefan Riedle gewinnt das Schweizer Qualit\u00e4tsmanagement eine F\u00fchrungspers\u00f6nlichkeit, die SAP, unsere Kunden und unsere Prozesse wie kaum ein anderer kennt\u00bb, unterstreichen denn auch Sabrina Storck und Thomas Schreitm\u00fcller, Co-Managing Directors von SAP Schweiz. \u00abSein analytischer Ansatz, seine Ruhe und seine F\u00e4higkeit, komplexe Sachverhalte verst\u00e4ndlich zu machen, sind zentrale Erfolgsfaktoren f\u00fcr die Weiterentwicklung unserer Qualit\u00e4tsarbeit.\u00bb<\/p>\r\n<p>Nach der Ausbildung am Technischen Gymnasium und an der Hochschule Konstanz Technik, Wirtschaft und Gestaltung (HKTWG) zum Diplominformatiker stieg er bei Oc\u00e9 Document Technologies ins praktische Berufsleben ein. Nach zwei Lehrjahren bei Oc\u00e9 wechselte er zu SAP in der Schweiz, der er bis heute treu geblieben ist. Nach mehreren Jahr im Business Technology Consulting wuchs er in verschiedenen Positionen ins Qualit\u00e4tsmanagement hinein.<\/p>\r\n<p>In seiner neuen Funktion m\u00f6chte Riedle insbesondere drei Schwerpunkte setzen: hohe Qualit\u00e4tsstandards sicherstellen, die Kundenzufriedenheit weiter steigern und das Vertrauen in SAP langfristig st\u00e4rken. \u00abQualit\u00e4t ist f\u00fcr mich kein Endzustand, sondern ein kontinuierlicher Prozess \u2013 im Produkt, im Service und in der Zusammenarbeit mit unseren Kunden\u00bb, sagt Stefan Riedle. \u00abIch freue mich darauf, gemeinsam mit unserem Team die n\u00e4chsten Schritte zu gehen.\u00bb<\/p>\r\n<p>Stefan Riedle ist verheiratet, Vater von zwei Kindern und lebt mit seiner Familie in der Ostschweiz. Er verbringt gerne Zeit mit seiner Familie, spielt Billard, praktiziert Jiu-Jitsu und pflegt, wenn noch Zeit \u00fcberigbleibt, seinen 1992er Ford Bronco. Zudem engagiert er sich in Vereinen, unter anderem in der Jugendarbeit.<\/p>\r\n<p>Mit dem Rollenwechsel verbunden ist auch der Abschied von Sabine Br\u00e4ndle und Uwe Neuendorf, die beide nach langj\u00e4hrigen Verdiensten f\u00fcr das Qualit\u00e4tsmanagement von SAP Schweiz in den Ruhestand treten. Sie haben mit Ihrem Engagement und ihrer Professionalit\u00e4t einen entscheidenden Beitrag zur Weiterentwicklung des Active Quality Management-Teams beigetragen.<\/p>\r\n<p><em>Quelle: <a href=\"http:\/\/www.sap.ch\/\">SAP<\/a><\/em><\/p>\n<p class=\"syndicated-attribution\">Dieser Beitrag erschien urspr\u00fcnglich auf m-q.ch - <a href=\"https:\/\/www.m-q.ch\/de\/stefan-riedle-wird-neuer-quality-director-von-sap-schweiz\/\" target=\"_blank\">https:\/\/www.m-q.ch\/de\/stefan-riedle-wird-neuer-quality-director-von-sap-schweiz\/<\/a><\/p>","protected":false},"excerpt":{"rendered":"<p>Per sofort \u00fcbernimmt Stefan Riedle die Rolle des Quality Director bei SAP Schweiz. Mit Riedle besetzt SAP die Position mit einem ausgewiesenen Qualit\u00e4tsexperten, der das Unternehmen seit \u00fcber zwei Jahrzehnten mitgepr\u00e4gt hat.<\/p>\n","protected":false},"author":8,"featured_media":0,"comment_status":"closed","ping_status":"closed","sticky":false,"template":"","format":"standard","meta":{"_acf_changed":false,"_yoast_wpseo_focuskw":"Stefan Riedle","_yoast_wpseo_metadesc":"Per sofort \u00fcbernimmt Stefan Riedle die Rolle des Quality Director bei SAP Schweiz. Er gilt als ausgewiesener Qualit\u00e4tsexperte.","articlekey":"","footnotes":""},"categories":[582],"tags":[381,605,421],"class_list":["post-43234","post","type-post","status-publish","format-standard","hentry","category-operational-excellence","tag-personalia","tag-qualitaetsmanagement","tag-sap"],"acf":[],"yoast_head":"<!-- This site is optimized with the Yoast SEO plugin v27.4 - https:\/\/yoast.com\/product\/yoast-seo-wordpress\/ -->\n<title>Stefan Riedle wird neuer Quality Director von SAP Schweiz - Organisator<\/title>\n<meta name=\"description\" content=\"Per sofort \u00fcbernimmt Stefan Riedle die Rolle des Quality Director bei SAP Schweiz. Er gilt als ausgewiesener Qualit\u00e4tsexperte.\" \/>\n<meta name=\"robots\" content=\"index, follow, max-snippet:-1, max-image-preview:large, max-video-preview:-1\" \/>\n<link rel=\"canonical\" href=\"https:\/\/www.organisator.ch\/de\/operational-excellence\/2026-01-15\/stefan-riedle-wird-neuer-quality-director-von-sap-schweiz\/\" \/>\n<meta property=\"og:locale\" content=\"de_DE\" \/>\n<meta property=\"og:type\" content=\"article\" \/>\n<meta property=\"og:title\" content=\"Stefan Riedle wird neuer Quality Director von SAP Schweiz - Organisator\" \/>\n<meta property=\"og:description\" content=\"Per sofort \u00fcbernimmt Stefan Riedle die Rolle des Quality Director bei SAP Schweiz. Er gilt als ausgewiesener Qualit\u00e4tsexperte.\" \/>\n<meta property=\"og:url\" content=\"https:\/\/www.organisator.ch\/de\/operational-excellence\/2026-01-15\/stefan-riedle-wird-neuer-quality-director-von-sap-schweiz\/\" \/>\n<meta property=\"og:site_name\" content=\"Organisator\" \/>\n<meta property=\"article:publisher\" content=\"https:\/\/www.facebook.com\/OrganisatorFachmagazin\" \/>\n<meta property=\"article:published_time\" content=\"2026-01-15T08:32:03+00:00\" \/>\n<meta property=\"article:modified_time\" content=\"2026-01-15T09:24:43+00:00\" \/>\n<meta name=\"author\" content=\"galledia\" \/>\n<meta name=\"twitter:card\" content=\"summary_large_image\" \/>\n<meta name=\"twitter:creator\" content=\"@admin\" \/>\n<script type=\"application\/ld+json\" class=\"yoast-schema-graph\">{\"@context\":\"https:\\\/\\\/schema.org\",\"@graph\":[{\"@type\":\"Article\",\"@id\":\"https:\\\/\\\/www.organisator.ch\\\/operational-excellence\\\/2026-01-15\\\/stefan-riedle-wird-neuer-quality-director-von-sap-schweiz\\\/#article\",\"isPartOf\":{\"@id\":\"https:\\\/\\\/www.organisator.ch\\\/operational-excellence\\\/2026-01-15\\\/stefan-riedle-wird-neuer-quality-director-von-sap-schweiz\\\/\"},\"author\":{\"name\":\"galledia\",\"@id\":\"https:\\\/\\\/www.organisator.ch\\\/#\\\/schema\\\/person\\\/4e51799071cd2dd1232ac003643ef5f0\"},\"headline\":\"Stefan Riedle wird neuer Quality Director von SAP Schweiz\",\"datePublished\":\"2026-01-15T08:32:03+00:00\",\"dateModified\":\"2026-01-15T09:24:43+00:00\",\"mainEntityOfPage\":{\"@id\":\"https:\\\/\\\/www.organisator.ch\\\/operational-excellence\\\/2026-01-15\\\/stefan-riedle-wird-neuer-quality-director-von-sap-schweiz\\\/\"},\"wordCount\":393,\"publisher\":{\"@id\":\"https:\\\/\\\/www.organisator.ch\\\/#organization\"},\"image\":{\"@id\":\"https:\\\/\\\/www.organisator.ch\\\/operational-excellence\\\/2026-01-15\\\/stefan-riedle-wird-neuer-quality-director-von-sap-schweiz\\\/#primaryimage\"},\"thumbnailUrl\":\"https:\\\/\\\/www.m-q.ch\\\/wp-content\\\/uploads\\\/2026\\\/01\\\/Stefan-Riedle-wird-neuer-Quality-Director-von-SAP-Schweiz_MQ-scaled.jpg\",\"keywords\":[\"Personalia\",\"Qualit\u00e4tsmanagement\",\"SAP\"],\"articleSection\":[\"OPERATIONAL EXCELLENCE\"],\"inLanguage\":\"de\"},{\"@type\":\"WebPage\",\"@id\":\"https:\\\/\\\/www.organisator.ch\\\/operational-excellence\\\/2026-01-15\\\/stefan-riedle-wird-neuer-quality-director-von-sap-schweiz\\\/\",\"url\":\"https:\\\/\\\/www.organisator.ch\\\/operational-excellence\\\/2026-01-15\\\/stefan-riedle-wird-neuer-quality-director-von-sap-schweiz\\\/\",\"name\":\"Stefan Riedle wird neuer Quality Director von SAP Schweiz - Organisator\",\"isPartOf\":{\"@id\":\"https:\\\/\\\/www.organisator.ch\\\/#website\"},\"primaryImageOfPage\":{\"@id\":\"https:\\\/\\\/www.organisator.ch\\\/operational-excellence\\\/2026-01-15\\\/stefan-riedle-wird-neuer-quality-director-von-sap-schweiz\\\/#primaryimage\"},\"image\":{\"@id\":\"https:\\\/\\\/www.organisator.ch\\\/operational-excellence\\\/2026-01-15\\\/stefan-riedle-wird-neuer-quality-director-von-sap-schweiz\\\/#primaryimage\"},\"thumbnailUrl\":\"https:\\\/\\\/www.m-q.ch\\\/wp-content\\\/uploads\\\/2026\\\/01\\\/Stefan-Riedle-wird-neuer-Quality-Director-von-SAP-Schweiz_MQ-scaled.jpg\",\"datePublished\":\"2026-01-15T08:32:03+00:00\",\"dateModified\":\"2026-01-15T09:24:43+00:00\",\"description\":\"Per sofort \u00fcbernimmt Stefan Riedle die Rolle des Quality Director bei SAP Schweiz. Er gilt als ausgewiesener Qualit\u00e4tsexperte.\",\"breadcrumb\":{\"@id\":\"https:\\\/\\\/www.organisator.ch\\\/operational-excellence\\\/2026-01-15\\\/stefan-riedle-wird-neuer-quality-director-von-sap-schweiz\\\/#breadcrumb\"},\"inLanguage\":\"de\",\"potentialAction\":[{\"@type\":\"ReadAction\",\"target\":[\"https:\\\/\\\/www.organisator.ch\\\/operational-excellence\\\/2026-01-15\\\/stefan-riedle-wird-neuer-quality-director-von-sap-schweiz\\\/\"]}]},{\"@type\":\"ImageObject\",\"inLanguage\":\"de\",\"@id\":\"https:\\\/\\\/www.organisator.ch\\\/operational-excellence\\\/2026-01-15\\\/stefan-riedle-wird-neuer-quality-director-von-sap-schweiz\\\/#primaryimage\",\"url\":\"https:\\\/\\\/www.m-q.ch\\\/wp-content\\\/uploads\\\/2026\\\/01\\\/Stefan-Riedle-wird-neuer-Quality-Director-von-SAP-Schweiz_MQ-scaled.jpg\",\"contentUrl\":\"https:\\\/\\\/www.m-q.ch\\\/wp-content\\\/uploads\\\/2026\\\/01\\\/Stefan-Riedle-wird-neuer-Quality-Director-von-SAP-Schweiz_MQ-scaled.jpg\"},{\"@type\":\"BreadcrumbList\",\"@id\":\"https:\\\/\\\/www.organisator.ch\\\/operational-excellence\\\/2026-01-15\\\/stefan-riedle-wird-neuer-quality-director-von-sap-schweiz\\\/#breadcrumb\",\"itemListElement\":[{\"@type\":\"ListItem\",\"position\":1,\"name\":\"Home\",\"item\":\"https:\\\/\\\/www.organisator.ch\\\/\"},{\"@type\":\"ListItem\",\"position\":2,\"name\":\"Stefan Riedle wird neuer Quality Director von SAP Schweiz\"}]},{\"@type\":\"WebSite\",\"@id\":\"https:\\\/\\\/www.organisator.ch\\\/#website\",\"url\":\"https:\\\/\\\/www.organisator.ch\\\/\",\"name\":\"Organisator\",\"description\":\"Kompetent. Praxisnah. Der ORGANISATOR bereitet in 10 Ausgaben pro Jahr die wesentlichen Themen f\u00fcr F\u00fchrungskr\u00e4fte von KMU auf.\",\"publisher\":{\"@id\":\"https:\\\/\\\/www.organisator.ch\\\/#organization\"},\"potentialAction\":[{\"@type\":\"SearchAction\",\"target\":{\"@type\":\"EntryPoint\",\"urlTemplate\":\"https:\\\/\\\/www.organisator.ch\\\/?s={search_term_string}\"},\"query-input\":{\"@type\":\"PropertyValueSpecification\",\"valueRequired\":true,\"valueName\":\"search_term_string\"}}],\"inLanguage\":\"de\"},{\"@type\":\"Organization\",\"@id\":\"https:\\\/\\\/www.organisator.ch\\\/#organization\",\"name\":\"Organisator\",\"url\":\"https:\\\/\\\/www.organisator.ch\\\/\",\"logo\":{\"@type\":\"ImageObject\",\"inLanguage\":\"de\",\"@id\":\"https:\\\/\\\/www.organisator.ch\\\/#\\\/schema\\\/logo\\\/image\\\/\",\"url\":\"https:\\\/\\\/www.organisator.ch\\\/wp-content\\\/uploads\\\/2022\\\/01\\\/Logo_Organisator_Website.png\",\"contentUrl\":\"https:\\\/\\\/www.organisator.ch\\\/wp-content\\\/uploads\\\/2022\\\/01\\\/Logo_Organisator_Website.png\",\"width\":800,\"height\":77,\"caption\":\"Organisator\"},\"image\":{\"@id\":\"https:\\\/\\\/www.organisator.ch\\\/#\\\/schema\\\/logo\\\/image\\\/\"},\"sameAs\":[\"https:\\\/\\\/www.facebook.com\\\/OrganisatorFachmagazin\",\"https:\\\/\\\/www.linkedin.com\\\/showcase\\\/organisator-das-magazin-fr-kmu\",\"https:\\\/\\\/www.xing.com\\\/news\\\/pages\\\/organisator-ch-695\",\"https:\\\/\\\/www.youtube.com\\\/channel\\\/UCGP2Sq0iWaZwT3BdIAQFYpw\"]},{\"@type\":\"Person\",\"@id\":\"https:\\\/\\\/www.organisator.ch\\\/#\\\/schema\\\/person\\\/4e51799071cd2dd1232ac003643ef5f0\",\"name\":\"galledia\",\"image\":{\"@type\":\"ImageObject\",\"inLanguage\":\"de\",\"@id\":\"https:\\\/\\\/secure.gravatar.com\\\/avatar\\\/78a7f90c01fc2bfc875782a0d4922b37cde2cf184ce347b91316d23cd7f69a36?s=96&d=mm&r=g\",\"url\":\"https:\\\/\\\/secure.gravatar.com\\\/avatar\\\/78a7f90c01fc2bfc875782a0d4922b37cde2cf184ce347b91316d23cd7f69a36?s=96&d=mm&r=g\",\"contentUrl\":\"https:\\\/\\\/secure.gravatar.com\\\/avatar\\\/78a7f90c01fc2bfc875782a0d4922b37cde2cf184ce347b91316d23cd7f69a36?s=96&d=mm&r=g\",\"caption\":\"galledia\"},\"sameAs\":[\"https:\\\/\\\/x.com\\\/admin\"],\"url\":\"https:\\\/\\\/www.organisator.ch\\\/de\\\/author\\\/galledia\\\/\"}]}<\/script>\n<!-- \/ Yoast SEO plugin. -->","yoast_head_json":{"title":"Stefan Riedle wird neuer Quality Director von SAP Schweiz - Organisator","description":"Per sofort \u00fcbernimmt Stefan Riedle die Rolle des Quality Director bei SAP Schweiz. Er gilt als ausgewiesener Qualit\u00e4tsexperte.","robots":{"index":"index","follow":"follow","max-snippet":"max-snippet:-1","max-image-preview":"max-image-preview:large","max-video-preview":"max-video-preview:-1"},"canonical":"https:\/\/www.organisator.ch\/de\/operational-excellence\/2026-01-15\/stefan-riedle-wird-neuer-quality-director-von-sap-schweiz\/","og_locale":"de_DE","og_type":"article","og_title":"Stefan Riedle wird neuer Quality Director von SAP Schweiz - Organisator","og_description":"Per sofort \u00fcbernimmt Stefan Riedle die Rolle des Quality Director bei SAP Schweiz. Er gilt als ausgewiesener Qualit\u00e4tsexperte.","og_url":"https:\/\/www.organisator.ch\/de\/operational-excellence\/2026-01-15\/stefan-riedle-wird-neuer-quality-director-von-sap-schweiz\/","og_site_name":"Organisator","article_publisher":"https:\/\/www.facebook.com\/OrganisatorFachmagazin","article_published_time":"2026-01-15T08:32:03+00:00","article_modified_time":"2026-01-15T09:24:43+00:00","author":"galledia","twitter_card":"summary_large_image","twitter_creator":"@admin","schema":{"@context":"https:\/\/schema.org","@graph":[{"@type":"Article","@id":"https:\/\/www.organisator.ch\/operational-excellence\/2026-01-15\/stefan-riedle-wird-neuer-quality-director-von-sap-schweiz\/#article","isPartOf":{"@id":"https:\/\/www.organisator.ch\/operational-excellence\/2026-01-15\/stefan-riedle-wird-neuer-quality-director-von-sap-schweiz\/"},"author":{"name":"galledia","@id":"https:\/\/www.organisator.ch\/#\/schema\/person\/4e51799071cd2dd1232ac003643ef5f0"},"headline":"Stefan Riedle wird neuer Quality Director von SAP Schweiz","datePublished":"2026-01-15T08:32:03+00:00","dateModified":"2026-01-15T09:24:43+00:00","mainEntityOfPage":{"@id":"https:\/\/www.organisator.ch\/operational-excellence\/2026-01-15\/stefan-riedle-wird-neuer-quality-director-von-sap-schweiz\/"},"wordCount":393,"publisher":{"@id":"https:\/\/www.organisator.ch\/#organization"},"image":{"@id":"https:\/\/www.organisator.ch\/operational-excellence\/2026-01-15\/stefan-riedle-wird-neuer-quality-director-von-sap-schweiz\/#primaryimage"},"thumbnailUrl":"https:\/\/www.m-q.ch\/wp-content\/uploads\/2026\/01\/Stefan-Riedle-wird-neuer-Quality-Director-von-SAP-Schweiz_MQ-scaled.jpg","keywords":["Personalia","Qualit\u00e4tsmanagement","SAP"],"articleSection":["OPERATIONAL EXCELLENCE"],"inLanguage":"de"},{"@type":"WebPage","@id":"https:\/\/www.organisator.ch\/operational-excellence\/2026-01-15\/stefan-riedle-wird-neuer-quality-director-von-sap-schweiz\/","url":"https:\/\/www.organisator.ch\/operational-excellence\/2026-01-15\/stefan-riedle-wird-neuer-quality-director-von-sap-schweiz\/","name":"Stefan Riedle wird neuer Quality Director von SAP Schweiz - Organisator","isPartOf":{"@id":"https:\/\/www.organisator.ch\/#website"},"primaryImageOfPage":{"@id":"https:\/\/www.organisator.ch\/operational-excellence\/2026-01-15\/stefan-riedle-wird-neuer-quality-director-von-sap-schweiz\/#primaryimage"},"image":{"@id":"https:\/\/www.organisator.ch\/operational-excellence\/2026-01-15\/stefan-riedle-wird-neuer-quality-director-von-sap-schweiz\/#primaryimage"},"thumbnailUrl":"https:\/\/www.m-q.ch\/wp-content\/uploads\/2026\/01\/Stefan-Riedle-wird-neuer-Quality-Director-von-SAP-Schweiz_MQ-scaled.jpg","datePublished":"2026-01-15T08:32:03+00:00","dateModified":"2026-01-15T09:24:43+00:00","description":"Per sofort \u00fcbernimmt Stefan Riedle die Rolle des Quality Director bei SAP Schweiz. Er gilt als ausgewiesener Qualit\u00e4tsexperte.","breadcrumb":{"@id":"https:\/\/www.organisator.ch\/operational-excellence\/2026-01-15\/stefan-riedle-wird-neuer-quality-director-von-sap-schweiz\/#breadcrumb"},"inLanguage":"de","potentialAction":[{"@type":"ReadAction","target":["https:\/\/www.organisator.ch\/operational-excellence\/2026-01-15\/stefan-riedle-wird-neuer-quality-director-von-sap-schweiz\/"]}]},{"@type":"ImageObject","inLanguage":"de","@id":"https:\/\/www.organisator.ch\/operational-excellence\/2026-01-15\/stefan-riedle-wird-neuer-quality-director-von-sap-schweiz\/#primaryimage","url":"https:\/\/www.m-q.ch\/wp-content\/uploads\/2026\/01\/Stefan-Riedle-wird-neuer-Quality-Director-von-SAP-Schweiz_MQ-scaled.jpg","contentUrl":"https:\/\/www.m-q.ch\/wp-content\/uploads\/2026\/01\/Stefan-Riedle-wird-neuer-Quality-Director-von-SAP-Schweiz_MQ-scaled.jpg"},{"@type":"BreadcrumbList","@id":"https:\/\/www.organisator.ch\/operational-excellence\/2026-01-15\/stefan-riedle-wird-neuer-quality-director-von-sap-schweiz\/#breadcrumb","itemListElement":[{"@type":"ListItem","position":1,"name":"Home","item":"https:\/\/www.organisator.ch\/"},{"@type":"ListItem","position":2,"name":"Stefan Riedle wird neuer Quality Director von SAP Schweiz"}]},{"@type":"WebSite","@id":"https:\/\/www.organisator.ch\/#website","url":"https:\/\/www.organisator.ch\/","name":"Organisator","description":"Kompetent. Praxisnah. Der ORGANISATOR bereitet in 10 Ausgaben pro Jahr die wesentlichen Themen f\u00fcr F\u00fchrungskr\u00e4fte von KMU auf.","publisher":{"@id":"https:\/\/www.organisator.ch\/#organization"},"potentialAction":[{"@type":"SearchAction","target":{"@type":"EntryPoint","urlTemplate":"https:\/\/www.organisator.ch\/?s={search_term_string}"},"query-input":{"@type":"PropertyValueSpecification","valueRequired":true,"valueName":"search_term_string"}}],"inLanguage":"de"},{"@type":"Organization","@id":"https:\/\/www.organisator.ch\/#organization","name":"Organisator","url":"https:\/\/www.organisator.ch\/","logo":{"@type":"ImageObject","inLanguage":"de","@id":"https:\/\/www.organisator.ch\/#\/schema\/logo\/image\/","url":"https:\/\/www.organisator.ch\/wp-content\/uploads\/2022\/01\/Logo_Organisator_Website.png","contentUrl":"https:\/\/www.organisator.ch\/wp-content\/uploads\/2022\/01\/Logo_Organisator_Website.png","width":800,"height":77,"caption":"Organisator"},"image":{"@id":"https:\/\/www.organisator.ch\/#\/schema\/logo\/image\/"},"sameAs":["https:\/\/www.facebook.com\/OrganisatorFachmagazin","https:\/\/www.linkedin.com\/showcase\/organisator-das-magazin-fr-kmu","https:\/\/www.xing.com\/news\/pages\/organisator-ch-695","https:\/\/www.youtube.com\/channel\/UCGP2Sq0iWaZwT3BdIAQFYpw"]},{"@type":"Person","@id":"https:\/\/www.organisator.ch\/#\/schema\/person\/4e51799071cd2dd1232ac003643ef5f0","name":"galledia","image":{"@type":"ImageObject","inLanguage":"de","@id":"https:\/\/secure.gravatar.com\/avatar\/78a7f90c01fc2bfc875782a0d4922b37cde2cf184ce347b91316d23cd7f69a36?s=96&d=mm&r=g","url":"https:\/\/secure.gravatar.com\/avatar\/78a7f90c01fc2bfc875782a0d4922b37cde2cf184ce347b91316d23cd7f69a36?s=96&d=mm&r=g","contentUrl":"https:\/\/secure.gravatar.com\/avatar\/78a7f90c01fc2bfc875782a0d4922b37cde2cf184ce347b91316d23cd7f69a36?s=96&d=mm&r=g","caption":"galledia"},"sameAs":["https:\/\/x.com\/admin"],"url":"https:\/\/www.organisator.ch\/de\/author\/galledia\/"}]}},"_links":{"self":[{"href":"https:\/\/www.organisator.ch\/de\/wp-json\/wp\/v2\/posts\/43234","targetHints":{"allow":["GET"]}}],"collection":[{"href":"https:\/\/www.organisator.ch\/de\/wp-json\/wp\/v2\/posts"}],"about":[{"href":"https:\/\/www.organisator.ch\/de\/wp-json\/wp\/v2\/types\/post"}],"author":[{"embeddable":true,"href":"https:\/\/www.organisator.ch\/de\/wp-json\/wp\/v2\/users\/8"}],"replies":[{"embeddable":true,"href":"https:\/\/www.organisator.ch\/de\/wp-json\/wp\/v2\/comments?post=43234"}],"version-history":[{"count":6,"href":"https:\/\/www.organisator.ch\/de\/wp-json\/wp\/v2\/posts\/43234\/revisions"}],"predecessor-version":[{"id":43240,"href":"https:\/\/www.organisator.ch\/de\/wp-json\/wp\/v2\/posts\/43234\/revisions\/43240"}],"wp:attachment":[{"href":"https:\/\/www.organisator.ch\/de\/wp-json\/wp\/v2\/media?parent=43234"}],"wp:term":[{"taxonomy":"category","embeddable":true,"href":"https:\/\/www.organisator.ch\/de\/wp-json\/wp\/v2\/categories?post=43234"},{"taxonomy":"post_tag","embeddable":true,"href":"https:\/\/www.organisator.ch\/de\/wp-json\/wp\/v2\/tags?post=43234"}],"curies":[{"name":"wp","href":"https:\/\/api.w.org\/{rel}","templated":true}]}}