{"id":4333,"date":"2021-06-07T09:07:44","date_gmt":"2021-06-07T07:07:44","guid":{"rendered":"https:\/\/www.umweltperspektiven.ch\/?p=4333"},"modified":"2021-06-07T09:07:44","modified_gmt":"2021-06-07T07:07:44","slug":"markt-nachhaltiger-anlagen-waechst-in-der-schweiz-erneut-zweistellig","status":"publish","type":"post","link":"https:\/\/www.organisator.ch\/de\/allgemein\/2021-06-07\/markt-nachhaltiger-anlagen-waechst-in-der-schweiz-erneut-zweistellig\/","title":{"rendered":"Schweiz: nachhaltige Anlagen wachsen erneut zweistellig"},"content":{"rendered":"<p>&nbsp;<\/p>\n<p><img loading=\"lazy\" decoding=\"async\" class=\"aligncenter wp-image-4334 size-medium\" src=\"\/\/www.umweltperspektiven.ch\/wp-content\/uploads\/2021\/06\/Grafik.jpg\" alt=\"Swiss Sustainable Finance, nachhaltige Anlagen\" width=\"680\" height=\"399\" srcset=\"https:\/\/www.organisator.ch\/wp-content\/uploads\/2021\/06\/Grafik.jpg 933w, https:\/\/www.organisator.ch\/wp-content\/uploads\/2021\/06\/Grafik-680x399.jpg 680w, https:\/\/www.organisator.ch\/wp-content\/uploads\/2021\/06\/Grafik-768x451.jpg 768w, https:\/\/www.organisator.ch\/wp-content\/uploads\/2021\/06\/Grafik-18x12.jpg 18w, https:\/\/www.organisator.ch\/wp-content\/uploads\/2021\/06\/Grafik-298x175.jpg 298w, https:\/\/www.organisator.ch\/wp-content\/uploads\/2021\/06\/Grafik-596x350.jpg 596w, https:\/\/www.organisator.ch\/wp-content\/uploads\/2021\/06\/Grafik-920x540.jpg 920w, https:\/\/www.organisator.ch\/wp-content\/uploads\/2021\/06\/Grafik-300x176.jpg 300w\" sizes=\"auto, (max-width: 680px) 100vw, 680px\" \/><\/p>\n<p>Das erneute Marktwachstum von nachhaltigen Anlagen ist gem\u00e4ss der soeben\u00a0von Swiss Sustainable Finance (<a href=\"\/\/www.sustainablefinance.ch\">SSF<\/a>) ver\u00f6ffentlichten Studie (vgl. <a href=\"\/\/www.umweltperspektiven.ch\/wp-content\/uploads\/2021\/06\/SSF_2021_MS_D_Summary.pdf\">SSF_2021_MS_D_Summary<\/a>)\u00a0im Wesentlichen auf zwei Hauptfaktoren zur\u00fcckzuf\u00fchren: Einerseits auf den vermehrten Einsatz von nachhaltigen Anlageans\u00e4tzen auf bestehende Verm\u00f6gen und andererseits auf die positive Marktperformance im Jahr 2020, die f\u00fcr rund ein Drittel des beobachteten Wachstums verantwortlich ist. Weiter trugen die Zufl\u00fcsse in bestehende nachhaltige Fonds zum Wachstum bei, allerdings in geringerem Ausmass. Das Volumen nachhaltiger Fonds stieg um stolze 48 Prozent und macht mit 52 Prozent (2019: 38 Prozent) erstmals mehr als die H\u00e4lfte des gesamten Schweizer Fondsmarktes aus. \u00abDies ist eine Erfolgsgeschichte, die sich auch in den steigenden nachhaltigen Anlagevolumen von institutionellen Investoren (+ 15 Prozent) bzw. von nachhaltigen Mandaten (+ 29 Prozent) manifestiert\u00bb, kommentiert Sabine D\u00f6beli, CEO von SSF. Die Anlagepraktiken werden zudem immer ausgekl\u00fcgelter: insgesamt werden bei 87 Prozent (2019: 83 Prozent) des gesamten Volumens der nachhaltigen Anlagen zwei oder mehr nachhaltige Anlageans\u00e4tze kombiniert.<\/p>\n<h2><strong>Impact Investing gewinnt an Bedeutung<\/strong><\/h2>\n<p>Der Markt f\u00fcr nachhaltige Anlagen steht vor einer dritten \u00c4ra. Diese Entwicklung bezeichnet die Finanzbranche als \u00abNachhaltige Finanzen 3.0\u00bb. Aufgrund der Tatsache, dass ESG-Kriterien heute breit in die Finanzm\u00e4rkte integriert sind, wird von Investoren zunehmend eine verst\u00e4rkte Ausrichtung auf Wirkung gefordert. Die diesj\u00e4hrige Studie zeigt denn auch, dass sich Anlegerinnen und Anleger zunehmend auf Wirkung ausrichten. So rangiert das ESG-Engagement dank zweitst\u00e4rkstem Wachstum nun auf Platz zwei \u2013 eine Verbesserung gegen\u00fcber dem dritten Platz im Vorjahr. Die Kategorie Impact Investing weist mit 70 Prozent immer noch die h\u00f6chste Wachstumsrate aller nachhaltigen Anlageans\u00e4tze auf. Dass Investoren und Anleger zunehmend Gewicht auf Wirkung legen, zeigt sich auch an den von ihnen ergriffenen Massnahmen, wenn Beteiligungsfirmen gegen nachhaltige Normen verstossen. Bisher f\u00fchrte dies in der Regel zum Ausschluss des entsprechenden Unternehmens aus dem Anlageuniversum. 2020 hingegen bestand die h\u00e4ufigste Massnahme sowohl von Verm\u00f6gensverwaltern als auch von Asset Ownern darin, zu intervenieren und mit der betreffenden Firma das Gespr\u00e4ch zu suchen. \u00abDer Dialogansatz beg\u00fcnstigt eine Verhaltens\u00e4nderung weitaus effektiver, als dies reine Verkaufsstrategien verm\u00f6gen\u00bb, h\u00e4lt Prof. Timo Busch, Senior Fellow am CSP und Studienmitautor fest.<\/p>\n<h2><strong>Nachhaltigkeits-Zertifikate und-Labels als Orientierungshilfe<\/strong><\/h2>\n<p>Eine unabh\u00e4ngige \u00dcberpr\u00fcfung von Anlageprozessen ist ein wichtiger Schritt auf dem Weg, Transparenz und Vertrauen zu schaffen. Erfreulicherweise nimmt die Akzeptanz unabh\u00e4ngiger Nachhaltigkeits-Zertifikate und -Labels zu. W\u00e4hrend im Vorjahr lediglich sechs Prozent der gemeldeten nachhaltigen Fonds mit unabh\u00e4ngig zertifizierten Labeln gekennzeichnet waren, hat sich dieser Anteil gem\u00e4ss Datenlage per Ende 2020 mehr als verf\u00fcnffacht. Konkret wurden im vergangenen Jahr 32 Prozent des nachhaltigen Fondsvolumens von Drittparteien (beispielsweise FNG-Siegel, GRESB, Label ISR, LuxFlag) zertifiziert. Der Prozess hin zu einer einheitlichen und verbindlichen Definition, was genau das Pr\u00e4dikat \u00abnachhaltig\u00bb bedeutet, ist allerdings noch nicht abgeschlossen und bedarf weiterer Anstrengungen der Marktakteure, zumal Anlegerinnen und Anleger mehr Klarheit und eine verbesserte Transparenz zu nachhaltigen Anlagen erwarten. SSF wird im Juni deshalb Empfehlungen f\u00fcr Transparenz zur Nachhaltigkeit von Portfolios ver\u00f6ffentlichen, die in Zusammenarbeit mit Verm\u00f6gensverwaltern und institutionellen Investoren erarbeitet wurden.<\/p>\n<p>Die Studie wurde unterst\u00fctzt von den sechs Hauptsponsoren AXA, Kieger, Schroders, Swiss Life Asset Managers, UBS und Union Bancaire Priv\u00e9e (UBP), sowie von den sechs Nebensponsoren Amundi Asset Management, Banque Cantonale Vaudoise, Basellandschaftliche Kantonalbank, GAM Investments, Graub\u00fcndner Kantonalbank und swissQuant Group AG.<\/p>\n<p><em>Pressemeldung SSF<\/em><\/p>\n<p>&nbsp;<\/p>\n<p><em><strong>Weitere Themen:<\/strong><\/em><\/p>\n<p><a href=\"\/\/www.umweltperspektiven.ch\/swiss-sustainable-funds-awards-2021-liste-der-nominierten\/\"><em>Swiss Sustainable Funds Awards 2021: Liste der Nominierten<\/em><\/a><\/p>\n","protected":false},"excerpt":{"rendered":"<p>&nbsp; Das erneute Marktwachstum von nachhaltigen Anlagen ist gem\u00e4ss der soeben\u00a0von Swiss Sustainable Finance (SSF) ver\u00f6ffentlichten Studie (vgl. SSF_2021_MS_D_Summary)\u00a0im Wesentlichen auf zwei Hauptfaktoren zur\u00fcckzuf\u00fchren: Einerseits auf den vermehrten Einsatz von nachhaltigen Anlageans\u00e4tzen auf bestehende Verm\u00f6gen und andererseits auf die positive Marktperformance im Jahr 2020, die f\u00fcr rund ein Drittel des beobachteten Wachstums verantwortlich ist. Weiter [&hellip;]<\/p>\n","protected":false},"author":6,"featured_media":9802,"comment_status":"closed","ping_status":"closed","sticky":false,"template":"","format":"standard","meta":{"_acf_changed":false,"_yoast_wpseo_focuskw":"nachhaltige Anlagen","_yoast_wpseo_metadesc":"Der Markt f\u00fcr nachhaltige Anlagen ist 2020 erneut zweistellig gewachsen, wenn auch nicht mehr im gleichen Ausmass wie im Vorjahr.","articlekey":"","footnotes":""},"categories":[1],"tags":[903,1200,1201,1756,2175,460,2263],"class_list":["post-4333","post","type-post","status-publish","format-standard","has-post-thumbnail","hentry","category-allgemein","tag-center-for-sustainable-finance-and-private-wealth","tag-fng","tag-fng-label","tag-nachhaltige-anlagen","tag-ssf","tag-studien","tag-swiss-sustainable-finance"],"acf":[],"yoast_head":"<!-- This site is optimized with the Yoast SEO plugin v27.4 - https:\/\/yoast.com\/product\/yoast-seo-wordpress\/ -->\n<title>markt-nachhaltiger-anlagen<\/title>\n<meta name=\"description\" content=\"Der Markt f\u00fcr nachhaltige Anlagen ist 2020 erneut zweistellig gewachsen, wenn auch nicht mehr im gleichen Ausmass wie im Vorjahr.\" \/>\n<meta name=\"robots\" content=\"index, follow, max-snippet:-1, max-image-preview:large, max-video-preview:-1\" \/>\n<link rel=\"canonical\" href=\"https:\/\/www.organisator.ch\/de\/allgemein\/2021-06-07\/markt-nachhaltiger-anlagen-waechst-in-der-schweiz-erneut-zweistellig\/\" \/>\n<meta property=\"og:locale\" content=\"de_DE\" \/>\n<meta property=\"og:type\" content=\"article\" \/>\n<meta property=\"og:title\" content=\"markt-nachhaltiger-anlagen\" \/>\n<meta property=\"og:description\" content=\"Der Markt f\u00fcr nachhaltige Anlagen ist 2020 erneut zweistellig gewachsen, wenn auch nicht mehr im gleichen Ausmass wie im Vorjahr.\" \/>\n<meta property=\"og:url\" content=\"https:\/\/www.organisator.ch\/de\/allgemein\/2021-06-07\/markt-nachhaltiger-anlagen-waechst-in-der-schweiz-erneut-zweistellig\/\" \/>\n<meta property=\"og:site_name\" content=\"Organisator\" \/>\n<meta property=\"article:publisher\" content=\"https:\/\/www.facebook.com\/OrganisatorFachmagazin\" \/>\n<meta property=\"article:published_time\" content=\"2021-06-07T07:07:44+00:00\" \/>\n<meta property=\"og:image\" content=\"https:\/\/www.organisator.ch\/wp-content\/uploads\/2021\/06\/Depositphotos_380706418_s-2019.jpg\" \/>\n\t<meta property=\"og:image:width\" content=\"1000\" \/>\n\t<meta property=\"og:image:height\" content=\"668\" \/>\n\t<meta property=\"og:image:type\" content=\"image\/jpeg\" \/>\n<meta name=\"author\" content=\"roger.straessle\" \/>\n<meta name=\"twitter:card\" content=\"summary_large_image\" \/>\n<script type=\"application\/ld+json\" class=\"yoast-schema-graph\">{\"@context\":\"https:\\\/\\\/schema.org\",\"@graph\":[{\"@type\":\"Article\",\"@id\":\"https:\\\/\\\/www.organisator.ch\\\/en\\\/general\\\/2021-06-07\\\/markt-nachhaltiger-anlagen-waechst-in-der-schweiz-erneut-zweistellig\\\/#article\",\"isPartOf\":{\"@id\":\"https:\\\/\\\/www.organisator.ch\\\/en\\\/general\\\/2021-06-07\\\/markt-nachhaltiger-anlagen-waechst-in-der-schweiz-erneut-zweistellig\\\/\"},\"author\":{\"name\":\"roger.straessle\",\"@id\":\"https:\\\/\\\/www.organisator.ch\\\/#\\\/schema\\\/person\\\/a800b8c54e208b160517a7dcc323161d\"},\"headline\":\"Schweiz: nachhaltige Anlagen wachsen erneut zweistellig\",\"datePublished\":\"2021-06-07T07:07:44+00:00\",\"mainEntityOfPage\":{\"@id\":\"https:\\\/\\\/www.organisator.ch\\\/en\\\/general\\\/2021-06-07\\\/markt-nachhaltiger-anlagen-waechst-in-der-schweiz-erneut-zweistellig\\\/\"},\"wordCount\":568,\"publisher\":{\"@id\":\"https:\\\/\\\/www.organisator.ch\\\/#organization\"},\"image\":{\"@id\":\"https:\\\/\\\/www.organisator.ch\\\/en\\\/general\\\/2021-06-07\\\/markt-nachhaltiger-anlagen-waechst-in-der-schweiz-erneut-zweistellig\\\/#primaryimage\"},\"thumbnailUrl\":\"https:\\\/\\\/www.organisator.ch\\\/wp-content\\\/uploads\\\/2021\\\/06\\\/Depositphotos_380706418_s-2019.jpg\",\"keywords\":[\"Center for Sustainable Finance and Private Wealth\",\"FNG\",\"FNG-Label\",\"nachhaltige Anlagen\",\"SSF\",\"Studien\",\"Swiss Sustainable Finance\"],\"inLanguage\":\"de\"},{\"@type\":\"WebPage\",\"@id\":\"https:\\\/\\\/www.organisator.ch\\\/en\\\/general\\\/2021-06-07\\\/markt-nachhaltiger-anlagen-waechst-in-der-schweiz-erneut-zweistellig\\\/\",\"url\":\"https:\\\/\\\/www.organisator.ch\\\/en\\\/general\\\/2021-06-07\\\/markt-nachhaltiger-anlagen-waechst-in-der-schweiz-erneut-zweistellig\\\/\",\"name\":\"markt-nachhaltiger-anlagen\",\"isPartOf\":{\"@id\":\"https:\\\/\\\/www.organisator.ch\\\/#website\"},\"primaryImageOfPage\":{\"@id\":\"https:\\\/\\\/www.organisator.ch\\\/en\\\/general\\\/2021-06-07\\\/markt-nachhaltiger-anlagen-waechst-in-der-schweiz-erneut-zweistellig\\\/#primaryimage\"},\"image\":{\"@id\":\"https:\\\/\\\/www.organisator.ch\\\/en\\\/general\\\/2021-06-07\\\/markt-nachhaltiger-anlagen-waechst-in-der-schweiz-erneut-zweistellig\\\/#primaryimage\"},\"thumbnailUrl\":\"https:\\\/\\\/www.organisator.ch\\\/wp-content\\\/uploads\\\/2021\\\/06\\\/Depositphotos_380706418_s-2019.jpg\",\"datePublished\":\"2021-06-07T07:07:44+00:00\",\"description\":\"Der Markt f\u00fcr nachhaltige Anlagen ist 2020 erneut zweistellig gewachsen, wenn auch nicht mehr im gleichen Ausmass wie im Vorjahr.\",\"breadcrumb\":{\"@id\":\"https:\\\/\\\/www.organisator.ch\\\/en\\\/general\\\/2021-06-07\\\/markt-nachhaltiger-anlagen-waechst-in-der-schweiz-erneut-zweistellig\\\/#breadcrumb\"},\"inLanguage\":\"de\",\"potentialAction\":[{\"@type\":\"ReadAction\",\"target\":[\"https:\\\/\\\/www.organisator.ch\\\/en\\\/general\\\/2021-06-07\\\/markt-nachhaltiger-anlagen-waechst-in-der-schweiz-erneut-zweistellig\\\/\"]}]},{\"@type\":\"ImageObject\",\"inLanguage\":\"de\",\"@id\":\"https:\\\/\\\/www.organisator.ch\\\/en\\\/general\\\/2021-06-07\\\/markt-nachhaltiger-anlagen-waechst-in-der-schweiz-erneut-zweistellig\\\/#primaryimage\",\"url\":\"https:\\\/\\\/www.organisator.ch\\\/wp-content\\\/uploads\\\/2021\\\/06\\\/Depositphotos_380706418_s-2019.jpg\",\"contentUrl\":\"https:\\\/\\\/www.organisator.ch\\\/wp-content\\\/uploads\\\/2021\\\/06\\\/Depositphotos_380706418_s-2019.jpg\",\"width\":1000,\"height\":668,\"caption\":\"\u00a9 Depositphotos, Elnur_\"},{\"@type\":\"BreadcrumbList\",\"@id\":\"https:\\\/\\\/www.organisator.ch\\\/en\\\/general\\\/2021-06-07\\\/markt-nachhaltiger-anlagen-waechst-in-der-schweiz-erneut-zweistellig\\\/#breadcrumb\",\"itemListElement\":[{\"@type\":\"ListItem\",\"position\":1,\"name\":\"Home\",\"item\":\"https:\\\/\\\/www.organisator.ch\\\/\"},{\"@type\":\"ListItem\",\"position\":2,\"name\":\"Schweiz: nachhaltige Anlagen wachsen erneut zweistellig\"}]},{\"@type\":\"WebSite\",\"@id\":\"https:\\\/\\\/www.organisator.ch\\\/#website\",\"url\":\"https:\\\/\\\/www.organisator.ch\\\/\",\"name\":\"Organisator\",\"description\":\"Kompetent. Praxisnah. Der ORGANISATOR bereitet in 10 Ausgaben pro Jahr die wesentlichen Themen f\u00fcr F\u00fchrungskr\u00e4fte von KMU auf.\",\"publisher\":{\"@id\":\"https:\\\/\\\/www.organisator.ch\\\/#organization\"},\"potentialAction\":[{\"@type\":\"SearchAction\",\"target\":{\"@type\":\"EntryPoint\",\"urlTemplate\":\"https:\\\/\\\/www.organisator.ch\\\/?s={search_term_string}\"},\"query-input\":{\"@type\":\"PropertyValueSpecification\",\"valueRequired\":true,\"valueName\":\"search_term_string\"}}],\"inLanguage\":\"de\"},{\"@type\":\"Organization\",\"@id\":\"https:\\\/\\\/www.organisator.ch\\\/#organization\",\"name\":\"Organisator\",\"url\":\"https:\\\/\\\/www.organisator.ch\\\/\",\"logo\":{\"@type\":\"ImageObject\",\"inLanguage\":\"de\",\"@id\":\"https:\\\/\\\/www.organisator.ch\\\/#\\\/schema\\\/logo\\\/image\\\/\",\"url\":\"https:\\\/\\\/www.organisator.ch\\\/wp-content\\\/uploads\\\/2022\\\/01\\\/Logo_Organisator_Website.png\",\"contentUrl\":\"https:\\\/\\\/www.organisator.ch\\\/wp-content\\\/uploads\\\/2022\\\/01\\\/Logo_Organisator_Website.png\",\"width\":800,\"height\":77,\"caption\":\"Organisator\"},\"image\":{\"@id\":\"https:\\\/\\\/www.organisator.ch\\\/#\\\/schema\\\/logo\\\/image\\\/\"},\"sameAs\":[\"https:\\\/\\\/www.facebook.com\\\/OrganisatorFachmagazin\",\"https:\\\/\\\/www.linkedin.com\\\/showcase\\\/organisator-das-magazin-fr-kmu\",\"https:\\\/\\\/www.xing.com\\\/news\\\/pages\\\/organisator-ch-695\",\"https:\\\/\\\/www.youtube.com\\\/channel\\\/UCGP2Sq0iWaZwT3BdIAQFYpw\"]},{\"@type\":\"Person\",\"@id\":\"https:\\\/\\\/www.organisator.ch\\\/#\\\/schema\\\/person\\\/a800b8c54e208b160517a7dcc323161d\",\"name\":\"roger.straessle\",\"image\":{\"@type\":\"ImageObject\",\"inLanguage\":\"de\",\"@id\":\"https:\\\/\\\/secure.gravatar.com\\\/avatar\\\/?s=96&d=mm&r=g\",\"url\":\"https:\\\/\\\/secure.gravatar.com\\\/avatar\\\/?s=96&d=mm&r=g\",\"contentUrl\":\"https:\\\/\\\/secure.gravatar.com\\\/avatar\\\/?s=96&d=mm&r=g\",\"caption\":\"roger.straessle\"},\"url\":\"https:\\\/\\\/www.organisator.ch\\\/de\\\/author\\\/roger-straessle\\\/\"}]}<\/script>\n<!-- \/ Yoast SEO plugin. -->","yoast_head_json":{"title":"markt-nachhaltiger-anlagen","description":"Der Markt f\u00fcr nachhaltige Anlagen ist 2020 erneut zweistellig gewachsen, wenn auch nicht mehr im gleichen Ausmass wie im Vorjahr.","robots":{"index":"index","follow":"follow","max-snippet":"max-snippet:-1","max-image-preview":"max-image-preview:large","max-video-preview":"max-video-preview:-1"},"canonical":"https:\/\/www.organisator.ch\/de\/allgemein\/2021-06-07\/markt-nachhaltiger-anlagen-waechst-in-der-schweiz-erneut-zweistellig\/","og_locale":"de_DE","og_type":"article","og_title":"markt-nachhaltiger-anlagen","og_description":"Der Markt f\u00fcr nachhaltige Anlagen ist 2020 erneut zweistellig gewachsen, wenn auch nicht mehr im gleichen Ausmass wie im Vorjahr.","og_url":"https:\/\/www.organisator.ch\/de\/allgemein\/2021-06-07\/markt-nachhaltiger-anlagen-waechst-in-der-schweiz-erneut-zweistellig\/","og_site_name":"Organisator","article_publisher":"https:\/\/www.facebook.com\/OrganisatorFachmagazin","article_published_time":"2021-06-07T07:07:44+00:00","og_image":[{"width":1000,"height":668,"url":"https:\/\/www.organisator.ch\/wp-content\/uploads\/2021\/06\/Depositphotos_380706418_s-2019.jpg","type":"image\/jpeg"}],"author":"roger.straessle","twitter_card":"summary_large_image","schema":{"@context":"https:\/\/schema.org","@graph":[{"@type":"Article","@id":"https:\/\/www.organisator.ch\/en\/general\/2021-06-07\/markt-nachhaltiger-anlagen-waechst-in-der-schweiz-erneut-zweistellig\/#article","isPartOf":{"@id":"https:\/\/www.organisator.ch\/en\/general\/2021-06-07\/markt-nachhaltiger-anlagen-waechst-in-der-schweiz-erneut-zweistellig\/"},"author":{"name":"roger.straessle","@id":"https:\/\/www.organisator.ch\/#\/schema\/person\/a800b8c54e208b160517a7dcc323161d"},"headline":"Schweiz: nachhaltige Anlagen wachsen erneut zweistellig","datePublished":"2021-06-07T07:07:44+00:00","mainEntityOfPage":{"@id":"https:\/\/www.organisator.ch\/en\/general\/2021-06-07\/markt-nachhaltiger-anlagen-waechst-in-der-schweiz-erneut-zweistellig\/"},"wordCount":568,"publisher":{"@id":"https:\/\/www.organisator.ch\/#organization"},"image":{"@id":"https:\/\/www.organisator.ch\/en\/general\/2021-06-07\/markt-nachhaltiger-anlagen-waechst-in-der-schweiz-erneut-zweistellig\/#primaryimage"},"thumbnailUrl":"https:\/\/www.organisator.ch\/wp-content\/uploads\/2021\/06\/Depositphotos_380706418_s-2019.jpg","keywords":["Center for Sustainable Finance and Private Wealth","FNG","FNG-Label","nachhaltige Anlagen","SSF","Studien","Swiss Sustainable Finance"],"inLanguage":"de"},{"@type":"WebPage","@id":"https:\/\/www.organisator.ch\/en\/general\/2021-06-07\/markt-nachhaltiger-anlagen-waechst-in-der-schweiz-erneut-zweistellig\/","url":"https:\/\/www.organisator.ch\/en\/general\/2021-06-07\/markt-nachhaltiger-anlagen-waechst-in-der-schweiz-erneut-zweistellig\/","name":"markt-nachhaltiger-anlagen","isPartOf":{"@id":"https:\/\/www.organisator.ch\/#website"},"primaryImageOfPage":{"@id":"https:\/\/www.organisator.ch\/en\/general\/2021-06-07\/markt-nachhaltiger-anlagen-waechst-in-der-schweiz-erneut-zweistellig\/#primaryimage"},"image":{"@id":"https:\/\/www.organisator.ch\/en\/general\/2021-06-07\/markt-nachhaltiger-anlagen-waechst-in-der-schweiz-erneut-zweistellig\/#primaryimage"},"thumbnailUrl":"https:\/\/www.organisator.ch\/wp-content\/uploads\/2021\/06\/Depositphotos_380706418_s-2019.jpg","datePublished":"2021-06-07T07:07:44+00:00","description":"Der Markt f\u00fcr nachhaltige Anlagen ist 2020 erneut zweistellig gewachsen, wenn auch nicht mehr im gleichen Ausmass wie im Vorjahr.","breadcrumb":{"@id":"https:\/\/www.organisator.ch\/en\/general\/2021-06-07\/markt-nachhaltiger-anlagen-waechst-in-der-schweiz-erneut-zweistellig\/#breadcrumb"},"inLanguage":"de","potentialAction":[{"@type":"ReadAction","target":["https:\/\/www.organisator.ch\/en\/general\/2021-06-07\/markt-nachhaltiger-anlagen-waechst-in-der-schweiz-erneut-zweistellig\/"]}]},{"@type":"ImageObject","inLanguage":"de","@id":"https:\/\/www.organisator.ch\/en\/general\/2021-06-07\/markt-nachhaltiger-anlagen-waechst-in-der-schweiz-erneut-zweistellig\/#primaryimage","url":"https:\/\/www.organisator.ch\/wp-content\/uploads\/2021\/06\/Depositphotos_380706418_s-2019.jpg","contentUrl":"https:\/\/www.organisator.ch\/wp-content\/uploads\/2021\/06\/Depositphotos_380706418_s-2019.jpg","width":1000,"height":668,"caption":"\u00a9 Depositphotos, Elnur_"},{"@type":"BreadcrumbList","@id":"https:\/\/www.organisator.ch\/en\/general\/2021-06-07\/markt-nachhaltiger-anlagen-waechst-in-der-schweiz-erneut-zweistellig\/#breadcrumb","itemListElement":[{"@type":"ListItem","position":1,"name":"Home","item":"https:\/\/www.organisator.ch\/"},{"@type":"ListItem","position":2,"name":"Schweiz: nachhaltige Anlagen wachsen erneut zweistellig"}]},{"@type":"WebSite","@id":"https:\/\/www.organisator.ch\/#website","url":"https:\/\/www.organisator.ch\/","name":"Organisator","description":"Kompetent. Praxisnah. Der ORGANISATOR bereitet in 10 Ausgaben pro Jahr die wesentlichen Themen f\u00fcr F\u00fchrungskr\u00e4fte von KMU auf.","publisher":{"@id":"https:\/\/www.organisator.ch\/#organization"},"potentialAction":[{"@type":"SearchAction","target":{"@type":"EntryPoint","urlTemplate":"https:\/\/www.organisator.ch\/?s={search_term_string}"},"query-input":{"@type":"PropertyValueSpecification","valueRequired":true,"valueName":"search_term_string"}}],"inLanguage":"de"},{"@type":"Organization","@id":"https:\/\/www.organisator.ch\/#organization","name":"Organisator","url":"https:\/\/www.organisator.ch\/","logo":{"@type":"ImageObject","inLanguage":"de","@id":"https:\/\/www.organisator.ch\/#\/schema\/logo\/image\/","url":"https:\/\/www.organisator.ch\/wp-content\/uploads\/2022\/01\/Logo_Organisator_Website.png","contentUrl":"https:\/\/www.organisator.ch\/wp-content\/uploads\/2022\/01\/Logo_Organisator_Website.png","width":800,"height":77,"caption":"Organisator"},"image":{"@id":"https:\/\/www.organisator.ch\/#\/schema\/logo\/image\/"},"sameAs":["https:\/\/www.facebook.com\/OrganisatorFachmagazin","https:\/\/www.linkedin.com\/showcase\/organisator-das-magazin-fr-kmu","https:\/\/www.xing.com\/news\/pages\/organisator-ch-695","https:\/\/www.youtube.com\/channel\/UCGP2Sq0iWaZwT3BdIAQFYpw"]},{"@type":"Person","@id":"https:\/\/www.organisator.ch\/#\/schema\/person\/a800b8c54e208b160517a7dcc323161d","name":"roger.straessle","image":{"@type":"ImageObject","inLanguage":"de","@id":"https:\/\/secure.gravatar.com\/avatar\/?s=96&d=mm&r=g","url":"https:\/\/secure.gravatar.com\/avatar\/?s=96&d=mm&r=g","contentUrl":"https:\/\/secure.gravatar.com\/avatar\/?s=96&d=mm&r=g","caption":"roger.straessle"},"url":"https:\/\/www.organisator.ch\/de\/author\/roger-straessle\/"}]}},"_links":{"self":[{"href":"https:\/\/www.organisator.ch\/de\/wp-json\/wp\/v2\/posts\/4333","targetHints":{"allow":["GET"]}}],"collection":[{"href":"https:\/\/www.organisator.ch\/de\/wp-json\/wp\/v2\/posts"}],"about":[{"href":"https:\/\/www.organisator.ch\/de\/wp-json\/wp\/v2\/types\/post"}],"author":[{"embeddable":true,"href":"https:\/\/www.organisator.ch\/de\/wp-json\/wp\/v2\/users\/6"}],"replies":[{"embeddable":true,"href":"https:\/\/www.organisator.ch\/de\/wp-json\/wp\/v2\/comments?post=4333"}],"version-history":[{"count":0,"href":"https:\/\/www.organisator.ch\/de\/wp-json\/wp\/v2\/posts\/4333\/revisions"}],"wp:featuredmedia":[{"embeddable":true,"href":"https:\/\/www.organisator.ch\/de\/wp-json\/wp\/v2\/media\/9802"}],"wp:attachment":[{"href":"https:\/\/www.organisator.ch\/de\/wp-json\/wp\/v2\/media?parent=4333"}],"wp:term":[{"taxonomy":"category","embeddable":true,"href":"https:\/\/www.organisator.ch\/de\/wp-json\/wp\/v2\/categories?post=4333"},{"taxonomy":"post_tag","embeddable":true,"href":"https:\/\/www.organisator.ch\/de\/wp-json\/wp\/v2\/tags?post=4333"}],"curies":[{"name":"wp","href":"https:\/\/api.w.org\/{rel}","templated":true}]}}