{"id":43397,"date":"2026-01-20T16:44:46","date_gmt":"2026-01-20T15:44:46","guid":{"rendered":"https:\/\/www.organisator.ch\/de\/?p=43397"},"modified":"2026-01-20T16:44:46","modified_gmt":"2026-01-20T15:44:46","slug":"pemat-gewinnt-preis-der-rheintaler-wirtschaft-2026","status":"publish","type":"post","link":"https:\/\/www.organisator.ch\/de\/management\/2026-01-20\/pemat-gewinnt-preis-der-rheintaler-wirtschaft-2026\/","title":{"rendered":"Pemat gewinnt Preis der Rheintaler Wirtschaft 2026"},"content":{"rendered":"<figure><\/figure>\n<figure id=\"attachment_43395\" aria-describedby=\"caption-attachment-43395\" style=\"width: 680px\" class=\"wp-caption alignnone\"><img loading=\"lazy\" decoding=\"async\" class=\"wp-image-43395 size-medium\" src=\"https:\/\/www.organisator.ch\/wp-content\/uploads\/2026\/01\/WIF-26_Siegerfoto_PeterMattle_PdRW-680x383.png\" alt=\"\" width=\"680\" height=\"383\" srcset=\"https:\/\/www.organisator.ch\/wp-content\/uploads\/2026\/01\/WIF-26_Siegerfoto_PeterMattle_PdRW-680x383.png 680w, https:\/\/www.organisator.ch\/wp-content\/uploads\/2026\/01\/WIF-26_Siegerfoto_PeterMattle_PdRW-1024x577.png 1024w, https:\/\/www.organisator.ch\/wp-content\/uploads\/2026\/01\/WIF-26_Siegerfoto_PeterMattle_PdRW-768x433.png 768w, https:\/\/www.organisator.ch\/wp-content\/uploads\/2026\/01\/WIF-26_Siegerfoto_PeterMattle_PdRW-18x10.png 18w, https:\/\/www.organisator.ch\/wp-content\/uploads\/2026\/01\/WIF-26_Siegerfoto_PeterMattle_PdRW-375x211.png 375w, https:\/\/www.organisator.ch\/wp-content\/uploads\/2026\/01\/WIF-26_Siegerfoto_PeterMattle_PdRW-621x350.png 621w, https:\/\/www.organisator.ch\/wp-content\/uploads\/2026\/01\/WIF-26_Siegerfoto_PeterMattle_PdRW-1000x563.png 1000w, https:\/\/www.organisator.ch\/wp-content\/uploads\/2026\/01\/WIF-26_Siegerfoto_PeterMattle_PdRW.png 1200w\" sizes=\"auto, (max-width: 680px) 100vw, 680px\" \/><figcaption id=\"caption-attachment-43395\" class=\"wp-caption-text\">Peter Mattle mit dem Preis der Rheintaler Wirtschaft (Quelle: zvg)<\/figcaption><\/figure>\n<p>Pemat ist eine der ersten Firmen, die man sieht, wenn man von Altst\u00e4tten nach Oberriet f\u00e4hrt. Was dort am Ortseingang sichtbar beginnt, wirkt weit \u00fcber die Region hinaus. Seit rund 30 Jahren entwickelt das Unternehmen mit seinen 20 Mitarbeitenden hochpr\u00e4zise L\u00f6sungen in der Biege- und Walztechnik und hat sich damit einen exzellenten Namen in anspruchsvollen Nischen erarbeitet. In der Schweiz wenig bekannt, sind sie am Weltmarkt sehr gefragt: Zur Kundschaft geh\u00f6ren beispielsweise Porsche und Louis Vuitton.<\/p>\n<h3>Freiformbiegen als Kernkompetenz<\/h3>\n<p>Das Herzst\u00fcck von Pemat ist das Freiformbiegen. Damit lassen sich Metallrohre und Profile dreidimensional, frei und absolut passgenau formen. Jedes Teil ist ein Einzelst\u00fcck, wobei L\u00e4nge, Radius und Form exakt auf das jeweilige Projekt abgestimmt sind. Wo andere an technische Grenzen stossen, beginnt die St\u00e4rke von Pemat. Ihre L\u00f6sungen kommen dort zum Einsatz, wo h\u00f6chste Pr\u00e4zision gefragt ist und Standardverfahren nicht ausreichen. Bei einem Projekt f\u00fcr die Strassenbeleuchtung in Dubai konnte kein anderer Anbieter die L\u00f6sungen anbieten, die Pemat geschaffen hat.<\/p>\n<h3>Grosse Freude bei Pemat \u00fcber die Auszeichnung<\/h3>\n<p>Firmeninhaber Peter Mattle zeigte sich bereits bei der geheimen Bekanntgabe der Auszeichnung vor einigen Monaten sichtlich ger\u00fchrt. Die Freude \u00fcber den Preis, der ihm im Beisein von Tagungsmoderatorin Sonja Hasler von Jury-Pr\u00e4sident Klaus Brammertz \u00fcberreicht wurde, war ihm auch am Freitag sehr deutlich anzusehen. Er stand zusammen mit seiner Ehefrau Romana und seinem ebenfalls langj\u00e4hrigen Wegbegleiter Roger Schl\u00e4pfer auf der B\u00fchne. Er bedankte sich auch ausdr\u00fccklich bei seiner Frau, die so oft ohne ihn habe in die Ferien fahren m\u00fcssen, und es sei bewundernswert, dass sie immer noch an seiner Seite sei.<\/p>\n<p>Ebenso bedankte er sich bei seinen Teams und allen Mitarbeitenden. Sein Erfolgsrezept? \u00abVisionen soll man nicht nur tr\u00e4umen, sondern auch ausf\u00fchren.\u00bb Konkret heisse das beispielsweise, nicht darauf zu warten, dass die Kundschaft mit Ideen und Fragen komme, sondern bereits im Vorfeld neue L\u00f6sungen zu finden. Er habe auch immer einen Plan B. Roger Schl\u00e4pfer best\u00e4tigte: \u00abPeter Mattle findet immer eine L\u00f6sung!\u00bb<\/p>\n<p>Klaus Brammertz betonte, Pemat habe den Preis absolut verdient. Es sei ein typisch rheintalisch-bescheidenes KMU, das in der Welt quasi bekannter sei als in der eigenen Region. Mattle revanchierte sich: \u00abWir haben eine Riesenfreude, dass man uns als kleines KMU ausgesucht hat. Das ist etwas Wunderbares!\u00bb Diese Freude war mit H\u00e4nden greifbar: Nach der Preisverleihung auf der B\u00fchne, am Rand des Saals, umarmten sich Peter Mattle und Roger Schl\u00e4pfer.<\/p>\n<p><img loading=\"lazy\" decoding=\"async\" class=\"alignnone size-medium wp-image-43394\" src=\"https:\/\/www.organisator.ch\/wp-content\/uploads\/2026\/01\/A63897-680x453.jpg\" alt=\"\" width=\"680\" height=\"453\" srcset=\"https:\/\/www.organisator.ch\/wp-content\/uploads\/2026\/01\/A63897-680x453.jpg 680w, https:\/\/www.organisator.ch\/wp-content\/uploads\/2026\/01\/A63897-1024x683.jpg 1024w, https:\/\/www.organisator.ch\/wp-content\/uploads\/2026\/01\/A63897-768x512.jpg 768w, https:\/\/www.organisator.ch\/wp-content\/uploads\/2026\/01\/A63897-18x12.jpg 18w, https:\/\/www.organisator.ch\/wp-content\/uploads\/2026\/01\/A63897-375x250.jpg 375w, https:\/\/www.organisator.ch\/wp-content\/uploads\/2026\/01\/A63897-525x350.jpg 525w, https:\/\/www.organisator.ch\/wp-content\/uploads\/2026\/01\/A63897-1000x667.jpg 1000w, https:\/\/www.organisator.ch\/wp-content\/uploads\/2026\/01\/A63897.jpg 1200w\" sizes=\"auto, (max-width: 680px) 100vw, 680px\" \/><\/p>\n<h3>Im Rheintal entwickelt und gefertigt<\/h3>\n<p>Pemat realisiert komplexe Projekte f\u00fcr Kunden auf der ganzen Welt. Dazu geh\u00f6ren grossformatige Decken- und Fassadenkonstruktionen, Sitzbank- und Innenarchitektur-Elemente, Speziall\u00f6sungen f\u00fcr Industrieanlagen sowie anspruchsvolle Konstruktionen f\u00fcr den Messe-, Event- und Kulturbau. Entwickelt und gefertigt werden diese L\u00f6sungen im Rheintal, montiert an internationalen Standorten.<\/p>\n<p>Das Unternehmen steht exemplarisch f\u00fcr industrielle Wertsch\u00f6pfung mit Tiefe. Pemat schafft qualifizierte Arbeitspl\u00e4tze, bildet Fachkr\u00e4fte aus und h\u00e4lt spezialisiertes Know-how in der Region. Gleichzeitig st\u00e4rkt es mit seinen Projekten die internationale Wahrnehmung des Wirtschaftsstandorts Rheintal und der Schweiz.<\/p>\n<h3>Eine breit abgest\u00fctzte Jury entschied<\/h3>\n<p>Der Preis der Rheintaler Wirtschaft wird j\u00e4hrlich im Rahmen des Rheintaler Wirtschaftsforums verliehen. Ausgezeichnet werden Unternehmen, die durch unternehmerische Leistung, Innovationskraft und regionale Verantwortung einen besonderen Beitrag leisten. Zum speziellen Charakter des Forums geh\u00f6rt auch die k\u00fcnstlerisch gestaltete Skulptur f\u00fcr den Preis der Rheintaler Wirtschaft, geschaffen von Karin Th\u00fcr. Der Entscheid f\u00fcr die Pemat wurde von einer breit abgest\u00fctzten Jury gef\u00e4llt. Den Vorsitz hat Klaus Brammertz vom AGV Rheintal inne. Vertreten sind zudem der Verein St. Galler Rheintal, je eine Vertretung der f\u00fcnf Hauptsponsoren des Rheintaler Wirtschaftsforums sowie die Galledia Event und die Galledia Regionalmedien (\u00abRheintaler\u00bb und \u00abRheintalische Volkszeitung\u00bb).<\/p>\n","protected":false},"excerpt":{"rendered":"<p>Am Rheintaler Wirtschaftsforum in Widnau ist die Pemat aus Oberriet mit dem Preis der Rheintaler Wirtschaft ausgezeichnet worden. Die Jury w\u00fcrdigt damit ein Unternehmen, das mit hochpr\u00e4zisen L\u00f6sungen in der Biege- und Walztechnik weltweit gefragt ist und seit rund 30 Jahren Massst\u00e4be setzt.<\/p>\n","protected":false},"author":107,"featured_media":43395,"comment_status":"closed","ping_status":"closed","sticky":false,"template":"","format":"standard","meta":{"_acf_changed":false,"_yoast_wpseo_focuskw":"Preis der Rheintaler Wirtschaft Pemat","_yoast_wpseo_metadesc":"Pemat aus Oberriet gewinnt den Preis der Rheintaler Wirtschaft 2026. Das KMU \u00fcberzeugt mit Pr\u00e4zisionstechnik f\u00fcr Weltkunden wie Porsche.","articlekey":"","footnotes":""},"categories":[28],"tags":[66,335,3348],"class_list":["post-43397","post","type-post","status-publish","format-standard","has-post-thumbnail","hentry","category-management","tag-awards","tag-management-und-unternehmensfuehrung","tag-rheintaler-wirtschaftsforum"],"acf":[],"yoast_head":"<!-- This site is optimized with the Yoast SEO plugin v27.5 - https:\/\/yoast.com\/product\/yoast-seo-wordpress\/ -->\n<title>Pemat gewinnt Preis der Rheintaler Wirtschaft 2026 - Organisator<\/title>\n<meta name=\"description\" content=\"Pemat aus Oberriet gewinnt den Preis der Rheintaler Wirtschaft 2026. Das KMU \u00fcberzeugt mit Pr\u00e4zisionstechnik f\u00fcr Weltkunden wie Porsche.\" \/>\n<meta name=\"robots\" content=\"index, follow, max-snippet:-1, max-image-preview:large, max-video-preview:-1\" \/>\n<link rel=\"canonical\" href=\"https:\/\/www.organisator.ch\/de\/management\/2026-01-20\/pemat-gewinnt-preis-der-rheintaler-wirtschaft-2026\/\" \/>\n<meta property=\"og:locale\" content=\"de_DE\" \/>\n<meta property=\"og:type\" content=\"article\" \/>\n<meta property=\"og:title\" content=\"Pemat gewinnt Preis der Rheintaler Wirtschaft 2026\" \/>\n<meta property=\"og:description\" content=\"Pemat aus Oberriet gewinnt den Preis der Rheintaler Wirtschaft 2026. Das KMU \u00fcberzeugt mit Pr\u00e4zisionstechnik f\u00fcr Weltkunden wie Porsche.\" \/>\n<meta property=\"og:url\" content=\"https:\/\/www.organisator.ch\/de\/management\/2026-01-20\/pemat-gewinnt-preis-der-rheintaler-wirtschaft-2026\/\" \/>\n<meta property=\"og:site_name\" content=\"Organisator\" \/>\n<meta property=\"article:publisher\" content=\"https:\/\/www.facebook.com\/OrganisatorFachmagazin\" \/>\n<meta property=\"article:published_time\" content=\"2026-01-20T15:44:46+00:00\" \/>\n<meta property=\"og:image\" content=\"https:\/\/www.organisator.ch\/wp-content\/uploads\/2026\/01\/WIF-26_Siegerfoto_PeterMattle_PdRW.png\" \/>\n\t<meta property=\"og:image:width\" content=\"1200\" \/>\n\t<meta property=\"og:image:height\" content=\"676\" \/>\n\t<meta property=\"og:image:type\" content=\"image\/png\" \/>\n<meta name=\"author\" content=\"n8n\" \/>\n<meta name=\"twitter:card\" content=\"summary_large_image\" \/>\n<meta name=\"twitter:title\" content=\"#Pemat gewinnt Preis der Rheintaler Wirtschaft 2026\" \/>\n<meta name=\"twitter:description\" content=\"#Pemat aus #Oberriet gewinnt den Preis der Rheintaler Wirtschaft 2026. Das KMU \u00fcberzeugt mit #Pr\u00e4zisionstechnik f\u00fcr #Weltkunden wie Porsche.\" \/>\n<meta name=\"twitter:image\" content=\"https:\/\/www.organisator.ch\/wp-content\/uploads\/2026\/01\/WIF-26_Siegerfoto_PeterMattle_PdRW.png\" \/>\n<script type=\"application\/ld+json\" class=\"yoast-schema-graph\">{\"@context\":\"https:\\\/\\\/schema.org\",\"@graph\":[{\"@type\":\"Article\",\"@id\":\"https:\\\/\\\/www.organisator.ch\\\/management\\\/2026-01-20\\\/pemat-gewinnt-preis-der-rheintaler-wirtschaft-2026\\\/#article\",\"isPartOf\":{\"@id\":\"https:\\\/\\\/www.organisator.ch\\\/management\\\/2026-01-20\\\/pemat-gewinnt-preis-der-rheintaler-wirtschaft-2026\\\/\"},\"author\":{\"name\":\"n8n\",\"@id\":\"https:\\\/\\\/www.organisator.ch\\\/#\\\/schema\\\/person\\\/a9d0e0eff238db87a8f840f3b50359f0\"},\"headline\":\"Pemat gewinnt Preis der Rheintaler Wirtschaft 2026\",\"datePublished\":\"2026-01-20T15:44:46+00:00\",\"mainEntityOfPage\":{\"@id\":\"https:\\\/\\\/www.organisator.ch\\\/management\\\/2026-01-20\\\/pemat-gewinnt-preis-der-rheintaler-wirtschaft-2026\\\/\"},\"wordCount\":652,\"publisher\":{\"@id\":\"https:\\\/\\\/www.organisator.ch\\\/#organization\"},\"image\":{\"@id\":\"https:\\\/\\\/www.organisator.ch\\\/management\\\/2026-01-20\\\/pemat-gewinnt-preis-der-rheintaler-wirtschaft-2026\\\/#primaryimage\"},\"thumbnailUrl\":\"https:\\\/\\\/www.organisator.ch\\\/wp-content\\\/uploads\\\/2026\\\/01\\\/WIF-26_Siegerfoto_PeterMattle_PdRW.png\",\"keywords\":[\"Awards\",\"Management und Unternehmensf\u00fchrung\",\"Rheintaler Wirtschaftsforum\"],\"articleSection\":[\"MANAGEMENT\"],\"inLanguage\":\"de\"},{\"@type\":\"WebPage\",\"@id\":\"https:\\\/\\\/www.organisator.ch\\\/management\\\/2026-01-20\\\/pemat-gewinnt-preis-der-rheintaler-wirtschaft-2026\\\/\",\"url\":\"https:\\\/\\\/www.organisator.ch\\\/management\\\/2026-01-20\\\/pemat-gewinnt-preis-der-rheintaler-wirtschaft-2026\\\/\",\"name\":\"Pemat gewinnt Preis der Rheintaler Wirtschaft 2026 - Organisator\",\"isPartOf\":{\"@id\":\"https:\\\/\\\/www.organisator.ch\\\/#website\"},\"primaryImageOfPage\":{\"@id\":\"https:\\\/\\\/www.organisator.ch\\\/management\\\/2026-01-20\\\/pemat-gewinnt-preis-der-rheintaler-wirtschaft-2026\\\/#primaryimage\"},\"image\":{\"@id\":\"https:\\\/\\\/www.organisator.ch\\\/management\\\/2026-01-20\\\/pemat-gewinnt-preis-der-rheintaler-wirtschaft-2026\\\/#primaryimage\"},\"thumbnailUrl\":\"https:\\\/\\\/www.organisator.ch\\\/wp-content\\\/uploads\\\/2026\\\/01\\\/WIF-26_Siegerfoto_PeterMattle_PdRW.png\",\"datePublished\":\"2026-01-20T15:44:46+00:00\",\"description\":\"Pemat aus Oberriet gewinnt den Preis der Rheintaler Wirtschaft 2026. Das KMU \u00fcberzeugt mit Pr\u00e4zisionstechnik f\u00fcr Weltkunden wie Porsche.\",\"breadcrumb\":{\"@id\":\"https:\\\/\\\/www.organisator.ch\\\/management\\\/2026-01-20\\\/pemat-gewinnt-preis-der-rheintaler-wirtschaft-2026\\\/#breadcrumb\"},\"inLanguage\":\"de\",\"potentialAction\":[{\"@type\":\"ReadAction\",\"target\":[\"https:\\\/\\\/www.organisator.ch\\\/management\\\/2026-01-20\\\/pemat-gewinnt-preis-der-rheintaler-wirtschaft-2026\\\/\"]}]},{\"@type\":\"ImageObject\",\"inLanguage\":\"de\",\"@id\":\"https:\\\/\\\/www.organisator.ch\\\/management\\\/2026-01-20\\\/pemat-gewinnt-preis-der-rheintaler-wirtschaft-2026\\\/#primaryimage\",\"url\":\"https:\\\/\\\/www.organisator.ch\\\/wp-content\\\/uploads\\\/2026\\\/01\\\/WIF-26_Siegerfoto_PeterMattle_PdRW.png\",\"contentUrl\":\"https:\\\/\\\/www.organisator.ch\\\/wp-content\\\/uploads\\\/2026\\\/01\\\/WIF-26_Siegerfoto_PeterMattle_PdRW.png\",\"width\":1200,\"height\":676},{\"@type\":\"BreadcrumbList\",\"@id\":\"https:\\\/\\\/www.organisator.ch\\\/management\\\/2026-01-20\\\/pemat-gewinnt-preis-der-rheintaler-wirtschaft-2026\\\/#breadcrumb\",\"itemListElement\":[{\"@type\":\"ListItem\",\"position\":1,\"name\":\"Home\",\"item\":\"https:\\\/\\\/www.organisator.ch\\\/\"},{\"@type\":\"ListItem\",\"position\":2,\"name\":\"Pemat gewinnt Preis der Rheintaler Wirtschaft 2026\"}]},{\"@type\":\"WebSite\",\"@id\":\"https:\\\/\\\/www.organisator.ch\\\/#website\",\"url\":\"https:\\\/\\\/www.organisator.ch\\\/\",\"name\":\"Organisator\",\"description\":\"Kompetent. Praxisnah. Der ORGANISATOR bereitet in 10 Ausgaben pro Jahr die wesentlichen Themen f\u00fcr F\u00fchrungskr\u00e4fte von KMU auf.\",\"publisher\":{\"@id\":\"https:\\\/\\\/www.organisator.ch\\\/#organization\"},\"potentialAction\":[{\"@type\":\"SearchAction\",\"target\":{\"@type\":\"EntryPoint\",\"urlTemplate\":\"https:\\\/\\\/www.organisator.ch\\\/?s={search_term_string}\"},\"query-input\":{\"@type\":\"PropertyValueSpecification\",\"valueRequired\":true,\"valueName\":\"search_term_string\"}}],\"inLanguage\":\"de\"},{\"@type\":\"Organization\",\"@id\":\"https:\\\/\\\/www.organisator.ch\\\/#organization\",\"name\":\"Organisator\",\"url\":\"https:\\\/\\\/www.organisator.ch\\\/\",\"logo\":{\"@type\":\"ImageObject\",\"inLanguage\":\"de\",\"@id\":\"https:\\\/\\\/www.organisator.ch\\\/#\\\/schema\\\/logo\\\/image\\\/\",\"url\":\"https:\\\/\\\/www.organisator.ch\\\/wp-content\\\/uploads\\\/2022\\\/01\\\/Logo_Organisator_Website.png\",\"contentUrl\":\"https:\\\/\\\/www.organisator.ch\\\/wp-content\\\/uploads\\\/2022\\\/01\\\/Logo_Organisator_Website.png\",\"width\":800,\"height\":77,\"caption\":\"Organisator\"},\"image\":{\"@id\":\"https:\\\/\\\/www.organisator.ch\\\/#\\\/schema\\\/logo\\\/image\\\/\"},\"sameAs\":[\"https:\\\/\\\/www.facebook.com\\\/OrganisatorFachmagazin\",\"https:\\\/\\\/www.linkedin.com\\\/showcase\\\/organisator-das-magazin-fr-kmu\",\"https:\\\/\\\/www.xing.com\\\/news\\\/pages\\\/organisator-ch-695\",\"https:\\\/\\\/www.youtube.com\\\/channel\\\/UCGP2Sq0iWaZwT3BdIAQFYpw\"]},{\"@type\":\"Person\",\"@id\":\"https:\\\/\\\/www.organisator.ch\\\/#\\\/schema\\\/person\\\/a9d0e0eff238db87a8f840f3b50359f0\",\"name\":\"n8n\",\"image\":{\"@type\":\"ImageObject\",\"inLanguage\":\"de\",\"@id\":\"https:\\\/\\\/secure.gravatar.com\\\/avatar\\\/5368fb9d03fd415a6f335cece4c15af2502d6ca8651efbd6e8f98427a9795400?s=96&d=mm&r=g\",\"url\":\"https:\\\/\\\/secure.gravatar.com\\\/avatar\\\/5368fb9d03fd415a6f335cece4c15af2502d6ca8651efbd6e8f98427a9795400?s=96&d=mm&r=g\",\"contentUrl\":\"https:\\\/\\\/secure.gravatar.com\\\/avatar\\\/5368fb9d03fd415a6f335cece4c15af2502d6ca8651efbd6e8f98427a9795400?s=96&d=mm&r=g\",\"caption\":\"n8n\"},\"url\":\"https:\\\/\\\/www.organisator.ch\\\/de\\\/author\\\/n8n\\\/\"}]}<\/script>\n<!-- \/ Yoast SEO plugin. -->","yoast_head_json":{"title":"Pemat gewinnt Preis der Rheintaler Wirtschaft 2026 - Organisator","description":"Pemat aus Oberriet gewinnt den Preis der Rheintaler Wirtschaft 2026. Das KMU \u00fcberzeugt mit Pr\u00e4zisionstechnik f\u00fcr Weltkunden wie Porsche.","robots":{"index":"index","follow":"follow","max-snippet":"max-snippet:-1","max-image-preview":"max-image-preview:large","max-video-preview":"max-video-preview:-1"},"canonical":"https:\/\/www.organisator.ch\/de\/management\/2026-01-20\/pemat-gewinnt-preis-der-rheintaler-wirtschaft-2026\/","og_locale":"de_DE","og_type":"article","og_title":"Pemat gewinnt Preis der Rheintaler Wirtschaft 2026","og_description":"Pemat aus Oberriet gewinnt den Preis der Rheintaler Wirtschaft 2026. Das KMU \u00fcberzeugt mit Pr\u00e4zisionstechnik f\u00fcr Weltkunden wie Porsche.","og_url":"https:\/\/www.organisator.ch\/de\/management\/2026-01-20\/pemat-gewinnt-preis-der-rheintaler-wirtschaft-2026\/","og_site_name":"Organisator","article_publisher":"https:\/\/www.facebook.com\/OrganisatorFachmagazin","article_published_time":"2026-01-20T15:44:46+00:00","og_image":[{"width":1200,"height":676,"url":"https:\/\/www.organisator.ch\/wp-content\/uploads\/2026\/01\/WIF-26_Siegerfoto_PeterMattle_PdRW.png","type":"image\/png"}],"author":"n8n","twitter_card":"summary_large_image","twitter_title":"#Pemat gewinnt Preis der Rheintaler Wirtschaft 2026","twitter_description":"#Pemat aus #Oberriet gewinnt den Preis der Rheintaler Wirtschaft 2026. Das KMU \u00fcberzeugt mit #Pr\u00e4zisionstechnik f\u00fcr #Weltkunden wie Porsche.","twitter_image":"https:\/\/www.organisator.ch\/wp-content\/uploads\/2026\/01\/WIF-26_Siegerfoto_PeterMattle_PdRW.png","schema":{"@context":"https:\/\/schema.org","@graph":[{"@type":"Article","@id":"https:\/\/www.organisator.ch\/management\/2026-01-20\/pemat-gewinnt-preis-der-rheintaler-wirtschaft-2026\/#article","isPartOf":{"@id":"https:\/\/www.organisator.ch\/management\/2026-01-20\/pemat-gewinnt-preis-der-rheintaler-wirtschaft-2026\/"},"author":{"name":"n8n","@id":"https:\/\/www.organisator.ch\/#\/schema\/person\/a9d0e0eff238db87a8f840f3b50359f0"},"headline":"Pemat gewinnt Preis der Rheintaler Wirtschaft 2026","datePublished":"2026-01-20T15:44:46+00:00","mainEntityOfPage":{"@id":"https:\/\/www.organisator.ch\/management\/2026-01-20\/pemat-gewinnt-preis-der-rheintaler-wirtschaft-2026\/"},"wordCount":652,"publisher":{"@id":"https:\/\/www.organisator.ch\/#organization"},"image":{"@id":"https:\/\/www.organisator.ch\/management\/2026-01-20\/pemat-gewinnt-preis-der-rheintaler-wirtschaft-2026\/#primaryimage"},"thumbnailUrl":"https:\/\/www.organisator.ch\/wp-content\/uploads\/2026\/01\/WIF-26_Siegerfoto_PeterMattle_PdRW.png","keywords":["Awards","Management und Unternehmensf\u00fchrung","Rheintaler Wirtschaftsforum"],"articleSection":["MANAGEMENT"],"inLanguage":"de"},{"@type":"WebPage","@id":"https:\/\/www.organisator.ch\/management\/2026-01-20\/pemat-gewinnt-preis-der-rheintaler-wirtschaft-2026\/","url":"https:\/\/www.organisator.ch\/management\/2026-01-20\/pemat-gewinnt-preis-der-rheintaler-wirtschaft-2026\/","name":"Pemat gewinnt Preis der Rheintaler Wirtschaft 2026 - Organisator","isPartOf":{"@id":"https:\/\/www.organisator.ch\/#website"},"primaryImageOfPage":{"@id":"https:\/\/www.organisator.ch\/management\/2026-01-20\/pemat-gewinnt-preis-der-rheintaler-wirtschaft-2026\/#primaryimage"},"image":{"@id":"https:\/\/www.organisator.ch\/management\/2026-01-20\/pemat-gewinnt-preis-der-rheintaler-wirtschaft-2026\/#primaryimage"},"thumbnailUrl":"https:\/\/www.organisator.ch\/wp-content\/uploads\/2026\/01\/WIF-26_Siegerfoto_PeterMattle_PdRW.png","datePublished":"2026-01-20T15:44:46+00:00","description":"Pemat aus Oberriet gewinnt den Preis der Rheintaler Wirtschaft 2026. Das KMU \u00fcberzeugt mit Pr\u00e4zisionstechnik f\u00fcr Weltkunden wie Porsche.","breadcrumb":{"@id":"https:\/\/www.organisator.ch\/management\/2026-01-20\/pemat-gewinnt-preis-der-rheintaler-wirtschaft-2026\/#breadcrumb"},"inLanguage":"de","potentialAction":[{"@type":"ReadAction","target":["https:\/\/www.organisator.ch\/management\/2026-01-20\/pemat-gewinnt-preis-der-rheintaler-wirtschaft-2026\/"]}]},{"@type":"ImageObject","inLanguage":"de","@id":"https:\/\/www.organisator.ch\/management\/2026-01-20\/pemat-gewinnt-preis-der-rheintaler-wirtschaft-2026\/#primaryimage","url":"https:\/\/www.organisator.ch\/wp-content\/uploads\/2026\/01\/WIF-26_Siegerfoto_PeterMattle_PdRW.png","contentUrl":"https:\/\/www.organisator.ch\/wp-content\/uploads\/2026\/01\/WIF-26_Siegerfoto_PeterMattle_PdRW.png","width":1200,"height":676},{"@type":"BreadcrumbList","@id":"https:\/\/www.organisator.ch\/management\/2026-01-20\/pemat-gewinnt-preis-der-rheintaler-wirtschaft-2026\/#breadcrumb","itemListElement":[{"@type":"ListItem","position":1,"name":"Home","item":"https:\/\/www.organisator.ch\/"},{"@type":"ListItem","position":2,"name":"Pemat gewinnt Preis der Rheintaler Wirtschaft 2026"}]},{"@type":"WebSite","@id":"https:\/\/www.organisator.ch\/#website","url":"https:\/\/www.organisator.ch\/","name":"Organisator","description":"Kompetent. Praxisnah. Der ORGANISATOR bereitet in 10 Ausgaben pro Jahr die wesentlichen Themen f\u00fcr F\u00fchrungskr\u00e4fte von KMU auf.","publisher":{"@id":"https:\/\/www.organisator.ch\/#organization"},"potentialAction":[{"@type":"SearchAction","target":{"@type":"EntryPoint","urlTemplate":"https:\/\/www.organisator.ch\/?s={search_term_string}"},"query-input":{"@type":"PropertyValueSpecification","valueRequired":true,"valueName":"search_term_string"}}],"inLanguage":"de"},{"@type":"Organization","@id":"https:\/\/www.organisator.ch\/#organization","name":"Organisator","url":"https:\/\/www.organisator.ch\/","logo":{"@type":"ImageObject","inLanguage":"de","@id":"https:\/\/www.organisator.ch\/#\/schema\/logo\/image\/","url":"https:\/\/www.organisator.ch\/wp-content\/uploads\/2022\/01\/Logo_Organisator_Website.png","contentUrl":"https:\/\/www.organisator.ch\/wp-content\/uploads\/2022\/01\/Logo_Organisator_Website.png","width":800,"height":77,"caption":"Organisator"},"image":{"@id":"https:\/\/www.organisator.ch\/#\/schema\/logo\/image\/"},"sameAs":["https:\/\/www.facebook.com\/OrganisatorFachmagazin","https:\/\/www.linkedin.com\/showcase\/organisator-das-magazin-fr-kmu","https:\/\/www.xing.com\/news\/pages\/organisator-ch-695","https:\/\/www.youtube.com\/channel\/UCGP2Sq0iWaZwT3BdIAQFYpw"]},{"@type":"Person","@id":"https:\/\/www.organisator.ch\/#\/schema\/person\/a9d0e0eff238db87a8f840f3b50359f0","name":"n8n","image":{"@type":"ImageObject","inLanguage":"de","@id":"https:\/\/secure.gravatar.com\/avatar\/5368fb9d03fd415a6f335cece4c15af2502d6ca8651efbd6e8f98427a9795400?s=96&d=mm&r=g","url":"https:\/\/secure.gravatar.com\/avatar\/5368fb9d03fd415a6f335cece4c15af2502d6ca8651efbd6e8f98427a9795400?s=96&d=mm&r=g","contentUrl":"https:\/\/secure.gravatar.com\/avatar\/5368fb9d03fd415a6f335cece4c15af2502d6ca8651efbd6e8f98427a9795400?s=96&d=mm&r=g","caption":"n8n"},"url":"https:\/\/www.organisator.ch\/de\/author\/n8n\/"}]}},"_links":{"self":[{"href":"https:\/\/www.organisator.ch\/de\/wp-json\/wp\/v2\/posts\/43397","targetHints":{"allow":["GET"]}}],"collection":[{"href":"https:\/\/www.organisator.ch\/de\/wp-json\/wp\/v2\/posts"}],"about":[{"href":"https:\/\/www.organisator.ch\/de\/wp-json\/wp\/v2\/types\/post"}],"author":[{"embeddable":true,"href":"https:\/\/www.organisator.ch\/de\/wp-json\/wp\/v2\/users\/107"}],"replies":[{"embeddable":true,"href":"https:\/\/www.organisator.ch\/de\/wp-json\/wp\/v2\/comments?post=43397"}],"version-history":[{"count":6,"href":"https:\/\/www.organisator.ch\/de\/wp-json\/wp\/v2\/posts\/43397\/revisions"}],"predecessor-version":[{"id":43514,"href":"https:\/\/www.organisator.ch\/de\/wp-json\/wp\/v2\/posts\/43397\/revisions\/43514"}],"wp:featuredmedia":[{"embeddable":true,"href":"https:\/\/www.organisator.ch\/de\/wp-json\/wp\/v2\/media\/43395"}],"wp:attachment":[{"href":"https:\/\/www.organisator.ch\/de\/wp-json\/wp\/v2\/media?parent=43397"}],"wp:term":[{"taxonomy":"category","embeddable":true,"href":"https:\/\/www.organisator.ch\/de\/wp-json\/wp\/v2\/categories?post=43397"},{"taxonomy":"post_tag","embeddable":true,"href":"https:\/\/www.organisator.ch\/de\/wp-json\/wp\/v2\/tags?post=43397"}],"curies":[{"name":"wp","href":"https:\/\/api.w.org\/{rel}","templated":true}]}}