{"id":43447,"date":"2026-01-21T13:12:36","date_gmt":"2026-01-21T12:12:36","guid":{"rendered":"https:\/\/www.organisator.ch\/de\/?p=43447"},"modified":"2026-01-21T13:12:36","modified_gmt":"2026-01-21T12:12:36","slug":"harbourvest-partners-staerkt-fuehrung-in-der-schweiz-und-im-private-wealth-geschaeft","status":"publish","type":"post","link":"https:\/\/www.organisator.ch\/de\/management\/2026-01-21\/harbourvest-partners-staerkt-fuehrung-in-der-schweiz-und-im-private-wealth-geschaeft\/","title":{"rendered":"HarbourVest Partners st\u00e4rkt F\u00fchrung in der Schweiz und im Private-Wealth-Gesch\u00e4ft"},"content":{"rendered":"<figure>\n<figure style=\"width: 900px\" class=\"wp-caption alignnone\"><img loading=\"lazy\" decoding=\"async\" src=\"https:\/\/www.organisator.ch\/wp-content\/uploads\/2026\/01\/Daniel-Signer.jpg\" alt=\"Daniel Signer, Head of HarbourVest Schweiz\" width=\"900\" height=\"1200\" \/><figcaption class=\"wp-caption-text\">Daniel Signer \u00fcbernimmt ab 1. Januar 2026 die Leitung von HarbourVest Schweiz. Quelle: zvg<\/figcaption><\/figure><br \/>\n<\/figure>\n<p>HarbourVest Partners unterstreicht mit zwei strategischen Personalentscheidungen sein Engagement f\u00fcr weiteres Wachstum in der EMEA-Region sowie im Segment Private Wealth. Das global t\u00e4tige Private-Markets-Investmentunternehmen verwaltet per 30. Juni 2025 ein Verm\u00f6gen von \u00fcber 146 Milliarden US-Dollar.<\/p>\n<h3>Daniel Signer leitet HarbourVest Schweiz<\/h3>\n<p>Per 1. Januar 2026 \u00fcbernimmt Daniel Signer die Funktion des Head of HarbourVest Schweiz mit Sitz in Z\u00fcrich. Signer ist 2024 zu HarbourVest gestossen, um den institutionellen Markt in der Schweiz aufzubauen, und verantwortet k\u00fcnftig die weitere Expansion des Unternehmens \u00fcber Wealth- und institutionelle Kunden hinweg.<\/p>\n<p>Unterst\u00fctzt wird Signer von einem erfahrenen Team, darunter Alexander Eschmann, der weiterhin den Bereich Private Wealth Schweiz leitet, sowie Taraneh Ahrabian, Head of Family Offices f\u00fcr die DACH-Region.<\/p>\n<p>\u00abDie Schweiz ist ein Schl\u00fcsselmarkt f\u00fcr HarbourVest, und es ist mir eine grosse Ehre, die Leitung unseres Schweizer Standorts zu \u00fcbernehmen\u00bb, sagt Daniel Signer. \u00abIch freue mich darauf, unsere lokale Pr\u00e4senz weiter zu st\u00e4rken, die Beziehungen in der Region zu vertiefen und das Wachstum nachhaltig voranzutreiben.\u00bb<\/p>\n<h3>Ivan Pascual \u00fcbernimmt Private-Wealth-Gesch\u00e4ft EMEA<\/h3>\n<figure>\n<figure style=\"width: 481px\" class=\"wp-caption alignnone\"><img loading=\"lazy\" decoding=\"async\" src=\"https:\/\/www.organisator.ch\/wp-content\/uploads\/2026\/01\/Ivan-Pascual.jpg\" alt=\"Ivan Pascual, Head of Private Wealth EMEA\" width=\"481\" height=\"640\" \/><figcaption class=\"wp-caption-text\">Ivan Pascual leitet die n\u00e4chste Wachstumsphase des Private-Wealth-Gesch\u00e4fts von HarbourVest. Quelle: zvg<\/figcaption><\/figure><br \/>\n<\/figure>\n<p>Ivan Pascual, mit Sitz in London, \u00fcbernimmt die F\u00fchrung der n\u00e4chsten Wachstumsphase des stark expandierenden Private-Wealth-Gesch\u00e4fts von HarbourVest \u2013 einem strategischen Kernbereich des Unternehmens, da immer mehr Verm\u00f6genskunden Zugang zu institutionellen Private-Markets-L\u00f6sungen suchen. Sein Fokus liegt auf dem weiteren Ausbau der Zusammenarbeit mit Verm\u00f6gensverwaltern, Privatbanken, Multi-Family Offices sowie weiteren Partnern im \u00d6kosystem. Pascual berichtet an Venu Krishnamurthy, Head of Global Private Wealth.<\/p>\n<p>Pascual verf\u00fcgt \u00fcber mehr als 25 Jahre Erfahrung in der Finanzdienstleistungsbranche. Vor seinem Eintritt bei HarbourVest war er als Head of Wealth Client Business EMEA bei BlackRock t\u00e4tig, wo er das Wachstum \u00fcber s\u00e4mtliche Anlageklassen und Produktlinien hinweg in einer Phase rascher Innovation und sich wandelnder Kundenbed\u00fcrfnisse vorantrieb.<\/p>\n<p>\u00abIch freue mich sehr, in einem so entscheidenden Moment zu HarbourVest zu stossen\u00bb, sagt Ivan Pascual. \u00abDas Unternehmen vereint tiefgehende Private-Markets-Expertise mit einem dynamisch wachsenden Wealth-\u00d6kosystem. Die Schweiz bleibt ein zentraler globaler Wealth-Hub, und gemeinsam mit unserem Team in Z\u00fcrich sind wir hervorragend aufgestellt, um \u00fcber Evergreen-Strukturen, geschlossene Fonds und skalierbare Portfoliol\u00f6sungen gezielt auf die Bed\u00fcrfnisse des Wealth-Marktes einzugehen.\u00bb<\/p>\n<h3>Nachfolge von Simon Jennings<\/h3>\n<p>Daniel Signer und Ivan Pascual folgen auf Simon Jennings, der nach acht Jahren in leitender Funktion bei HarbourVest Ende 2025 die Rolle des Senior Advisors \u00fcbernommen hat.<\/p>\n<p>\u00abDank ihrer umfassenden Expertise sind Daniel und Ivan hervorragend positioniert, um unser weiteres Wachstum in der EMEA-Region und im Wealth-Markt voranzutreiben\u00bb, sagt David Atterbury, Head of EMEA bei HarbourVest. \u00abSimon hat entscheidend zum Aufbau unseres Wealth-Gesch\u00e4fts und zur Etablierung einer starken Pr\u00e4senz in der Schweiz beigetragen. F\u00fcr seinen ausserordentlichen Einsatz danken wir ihm herzlich.\u00bb<\/p>\n<h3>40 Jahre Engagement in der Schweiz<\/h3>\n<p>HarbourVest ist seit 40 Jahren in der Schweiz aktiv, investiert im Land und verwaltet grenz\u00fcberschreitend bedeutendes Kapital f\u00fcr Investoren wie Pensionskassen, Versicherungen, Verm\u00f6gensverwalter, Privatbanken und Family Offices. 2024 er\u00f6ffnete HarbourVest ein B\u00fcro in Z\u00fcrich \u2013 das f\u00fcnfte in der EMEA-Region \u2013 und unterstrich damit sein langfristiges Engagement f\u00fcr institutionelle und Private-Wealth-Kunden in der Schweiz.<\/p>\n<p>HarbourVest ist ein unabh\u00e4ngiges, global t\u00e4tiges Private-Markets-Investmentunternehmen mit \u00fcber 43 Jahren Erfahrung und einem verwalteten Verm\u00f6gen von mehr als 146 Milliarden US-Dollar per 30. Juni 2025. Die integrierte Plattform bietet Zugang zu globalen Prim\u00e4rfonds, Sekund\u00e4rtransaktionen, Direkt-Co-Investments, Real Assets und Infrastruktur sowie Private Credit. Die St\u00e4rken von HarbourVest erstrecken sich \u00fcber verschiedene Strategien hinweg und werden von einem Team von mehr als 1270 Mitarbeitenden getragen, darunter \u00fcber 230 Investmentexperten in Asien, Europa und Nord- und S\u00fcdamerika.<\/p>\n<p><em>Quelle: <a href=\"https:\/\/www.harbourvest.com\/\">HarbourVest<\/a><\/em><\/p>\n","protected":false},"excerpt":{"rendered":"<p>HarbourVest Partners, ein weltweit f\u00fchrendes Investmentunternehmen im Bereich Private Markets mit einem verwalteten Verm\u00f6gen von \u00fcber 146 Milliarden US-Dollar, gibt zwei bedeutende Ernennungen bekannt. Daniel Signer \u00fcbernimmt ab 1. Januar 2026 die Leitung von HarbourVest Schweiz in Z\u00fcrich, w\u00e4hrend Ivan Pascual das stark expandierende Private-Wealth-Gesch\u00e4ft in der EMEA-Region f\u00fchren wird.<\/p>\n","protected":false},"author":107,"featured_media":43446,"comment_status":"closed","ping_status":"closed","sticky":false,"template":"","format":"standard","meta":{"_acf_changed":false,"_yoast_wpseo_focuskw":"HarbourVest Partners Schweiz","_yoast_wpseo_metadesc":"HarbourVest Partners ernennt Daniel Signer zum Head Schweiz und Ivan Pascual zum Head Private Wealth EMEA.","articlekey":"","footnotes":""},"categories":[28],"tags":[5777,381,5778,492],"class_list":["post-43447","post","type-post","status-publish","format-standard","has-post-thumbnail","hentry","category-management","tag-finanzdienstleistungen","tag-personalia","tag-private-wealth","tag-unternehmen"],"acf":[],"yoast_head":"<!-- This site is optimized with the Yoast SEO plugin v27.5 - https:\/\/yoast.com\/product\/yoast-seo-wordpress\/ -->\n<title>HarbourVest Partners st\u00e4rkt F\u00fchrung in der Schweiz und im Private-Wealth-Gesch\u00e4ft - Organisator<\/title>\n<meta name=\"description\" content=\"HarbourVest Partners ernennt Daniel Signer zum Head Schweiz und Ivan Pascual zum Head Private Wealth EMEA.\" \/>\n<meta name=\"robots\" content=\"index, follow, max-snippet:-1, max-image-preview:large, max-video-preview:-1\" \/>\n<link rel=\"canonical\" href=\"https:\/\/www.organisator.ch\/de\/management\/2026-01-21\/harbourvest-partners-staerkt-fuehrung-in-der-schweiz-und-im-private-wealth-geschaeft\/\" \/>\n<meta property=\"og:locale\" content=\"de_DE\" \/>\n<meta property=\"og:type\" content=\"article\" \/>\n<meta property=\"og:title\" content=\"HarbourVest Partners st\u00e4rkt F\u00fchrung in der Schweiz und im Private-Wealth-Gesch\u00e4ft\" \/>\n<meta property=\"og:description\" content=\"HarbourVest Partners ernennt Daniel Signer zum Head Schweiz und Ivan Pascual zum Head Private Wealth EMEA.\" \/>\n<meta property=\"og:url\" content=\"https:\/\/www.organisator.ch\/de\/management\/2026-01-21\/harbourvest-partners-staerkt-fuehrung-in-der-schweiz-und-im-private-wealth-geschaeft\/\" \/>\n<meta property=\"og:site_name\" content=\"Organisator\" \/>\n<meta property=\"article:publisher\" content=\"https:\/\/www.facebook.com\/OrganisatorFachmagazin\" \/>\n<meta property=\"article:published_time\" content=\"2026-01-21T12:12:36+00:00\" \/>\n<meta property=\"og:image\" content=\"https:\/\/www.organisator.ch\/wp-content\/uploads\/2026\/01\/Daniel-Signer.jpg\" \/>\n\t<meta property=\"og:image:width\" content=\"900\" \/>\n\t<meta property=\"og:image:height\" content=\"1200\" \/>\n\t<meta property=\"og:image:type\" content=\"image\/jpeg\" \/>\n<meta name=\"author\" content=\"n8n\" \/>\n<meta name=\"twitter:card\" content=\"summary_large_image\" \/>\n<meta name=\"twitter:title\" content=\"#HarbourVest Partners st\u00e4rkt F\u00fchrung in der Schweiz und im #Private-Wealth-Gesch\u00e4ft\" \/>\n<meta name=\"twitter:description\" content=\"#HarbourVest Partners ernennt Daniel Signer zum Head Schweiz und Ivan Pascual zum Head Private Wealth #EMEA.\" \/>\n<meta name=\"twitter:image\" content=\"https:\/\/www.organisator.ch\/wp-content\/uploads\/2026\/01\/Daniel-Signer.jpg\" \/>\n<script type=\"application\/ld+json\" class=\"yoast-schema-graph\">{\"@context\":\"https:\\\/\\\/schema.org\",\"@graph\":[{\"@type\":\"Article\",\"@id\":\"https:\\\/\\\/www.organisator.ch\\\/management\\\/2026-01-21\\\/harbourvest-partners-staerkt-fuehrung-in-der-schweiz-und-im-private-wealth-geschaeft\\\/#article\",\"isPartOf\":{\"@id\":\"https:\\\/\\\/www.organisator.ch\\\/management\\\/2026-01-21\\\/harbourvest-partners-staerkt-fuehrung-in-der-schweiz-und-im-private-wealth-geschaeft\\\/\"},\"author\":{\"name\":\"n8n\",\"@id\":\"https:\\\/\\\/www.organisator.ch\\\/#\\\/schema\\\/person\\\/a9d0e0eff238db87a8f840f3b50359f0\"},\"headline\":\"HarbourVest Partners st\u00e4rkt F\u00fchrung in der Schweiz und im Private-Wealth-Gesch\u00e4ft\",\"datePublished\":\"2026-01-21T12:12:36+00:00\",\"mainEntityOfPage\":{\"@id\":\"https:\\\/\\\/www.organisator.ch\\\/management\\\/2026-01-21\\\/harbourvest-partners-staerkt-fuehrung-in-der-schweiz-und-im-private-wealth-geschaeft\\\/\"},\"wordCount\":632,\"publisher\":{\"@id\":\"https:\\\/\\\/www.organisator.ch\\\/#organization\"},\"image\":{\"@id\":\"https:\\\/\\\/www.organisator.ch\\\/management\\\/2026-01-21\\\/harbourvest-partners-staerkt-fuehrung-in-der-schweiz-und-im-private-wealth-geschaeft\\\/#primaryimage\"},\"thumbnailUrl\":\"https:\\\/\\\/www.organisator.ch\\\/wp-content\\\/uploads\\\/2026\\\/01\\\/Daniel-Signer.jpg\",\"keywords\":[\"Finanzdienstleistungen\",\"Personalia\",\"Private Wealth\",\"Unternehmen\"],\"articleSection\":[\"MANAGEMENT\"],\"inLanguage\":\"de\"},{\"@type\":\"WebPage\",\"@id\":\"https:\\\/\\\/www.organisator.ch\\\/management\\\/2026-01-21\\\/harbourvest-partners-staerkt-fuehrung-in-der-schweiz-und-im-private-wealth-geschaeft\\\/\",\"url\":\"https:\\\/\\\/www.organisator.ch\\\/management\\\/2026-01-21\\\/harbourvest-partners-staerkt-fuehrung-in-der-schweiz-und-im-private-wealth-geschaeft\\\/\",\"name\":\"HarbourVest Partners st\u00e4rkt F\u00fchrung in der Schweiz und im Private-Wealth-Gesch\u00e4ft - Organisator\",\"isPartOf\":{\"@id\":\"https:\\\/\\\/www.organisator.ch\\\/#website\"},\"primaryImageOfPage\":{\"@id\":\"https:\\\/\\\/www.organisator.ch\\\/management\\\/2026-01-21\\\/harbourvest-partners-staerkt-fuehrung-in-der-schweiz-und-im-private-wealth-geschaeft\\\/#primaryimage\"},\"image\":{\"@id\":\"https:\\\/\\\/www.organisator.ch\\\/management\\\/2026-01-21\\\/harbourvest-partners-staerkt-fuehrung-in-der-schweiz-und-im-private-wealth-geschaeft\\\/#primaryimage\"},\"thumbnailUrl\":\"https:\\\/\\\/www.organisator.ch\\\/wp-content\\\/uploads\\\/2026\\\/01\\\/Daniel-Signer.jpg\",\"datePublished\":\"2026-01-21T12:12:36+00:00\",\"description\":\"HarbourVest Partners ernennt Daniel Signer zum Head Schweiz und Ivan Pascual zum Head Private Wealth EMEA.\",\"breadcrumb\":{\"@id\":\"https:\\\/\\\/www.organisator.ch\\\/management\\\/2026-01-21\\\/harbourvest-partners-staerkt-fuehrung-in-der-schweiz-und-im-private-wealth-geschaeft\\\/#breadcrumb\"},\"inLanguage\":\"de\",\"potentialAction\":[{\"@type\":\"ReadAction\",\"target\":[\"https:\\\/\\\/www.organisator.ch\\\/management\\\/2026-01-21\\\/harbourvest-partners-staerkt-fuehrung-in-der-schweiz-und-im-private-wealth-geschaeft\\\/\"]}]},{\"@type\":\"ImageObject\",\"inLanguage\":\"de\",\"@id\":\"https:\\\/\\\/www.organisator.ch\\\/management\\\/2026-01-21\\\/harbourvest-partners-staerkt-fuehrung-in-der-schweiz-und-im-private-wealth-geschaeft\\\/#primaryimage\",\"url\":\"https:\\\/\\\/www.organisator.ch\\\/wp-content\\\/uploads\\\/2026\\\/01\\\/Daniel-Signer.jpg\",\"contentUrl\":\"https:\\\/\\\/www.organisator.ch\\\/wp-content\\\/uploads\\\/2026\\\/01\\\/Daniel-Signer.jpg\",\"width\":900,\"height\":1200},{\"@type\":\"BreadcrumbList\",\"@id\":\"https:\\\/\\\/www.organisator.ch\\\/management\\\/2026-01-21\\\/harbourvest-partners-staerkt-fuehrung-in-der-schweiz-und-im-private-wealth-geschaeft\\\/#breadcrumb\",\"itemListElement\":[{\"@type\":\"ListItem\",\"position\":1,\"name\":\"Home\",\"item\":\"https:\\\/\\\/www.organisator.ch\\\/\"},{\"@type\":\"ListItem\",\"position\":2,\"name\":\"HarbourVest Partners st\u00e4rkt F\u00fchrung in der Schweiz und im Private-Wealth-Gesch\u00e4ft\"}]},{\"@type\":\"WebSite\",\"@id\":\"https:\\\/\\\/www.organisator.ch\\\/#website\",\"url\":\"https:\\\/\\\/www.organisator.ch\\\/\",\"name\":\"Organisator\",\"description\":\"Kompetent. Praxisnah. Der ORGANISATOR bereitet in 10 Ausgaben pro Jahr die wesentlichen Themen f\u00fcr F\u00fchrungskr\u00e4fte von KMU auf.\",\"publisher\":{\"@id\":\"https:\\\/\\\/www.organisator.ch\\\/#organization\"},\"potentialAction\":[{\"@type\":\"SearchAction\",\"target\":{\"@type\":\"EntryPoint\",\"urlTemplate\":\"https:\\\/\\\/www.organisator.ch\\\/?s={search_term_string}\"},\"query-input\":{\"@type\":\"PropertyValueSpecification\",\"valueRequired\":true,\"valueName\":\"search_term_string\"}}],\"inLanguage\":\"de\"},{\"@type\":\"Organization\",\"@id\":\"https:\\\/\\\/www.organisator.ch\\\/#organization\",\"name\":\"Organisator\",\"url\":\"https:\\\/\\\/www.organisator.ch\\\/\",\"logo\":{\"@type\":\"ImageObject\",\"inLanguage\":\"de\",\"@id\":\"https:\\\/\\\/www.organisator.ch\\\/#\\\/schema\\\/logo\\\/image\\\/\",\"url\":\"https:\\\/\\\/www.organisator.ch\\\/wp-content\\\/uploads\\\/2022\\\/01\\\/Logo_Organisator_Website.png\",\"contentUrl\":\"https:\\\/\\\/www.organisator.ch\\\/wp-content\\\/uploads\\\/2022\\\/01\\\/Logo_Organisator_Website.png\",\"width\":800,\"height\":77,\"caption\":\"Organisator\"},\"image\":{\"@id\":\"https:\\\/\\\/www.organisator.ch\\\/#\\\/schema\\\/logo\\\/image\\\/\"},\"sameAs\":[\"https:\\\/\\\/www.facebook.com\\\/OrganisatorFachmagazin\",\"https:\\\/\\\/www.linkedin.com\\\/showcase\\\/organisator-das-magazin-fr-kmu\",\"https:\\\/\\\/www.xing.com\\\/news\\\/pages\\\/organisator-ch-695\",\"https:\\\/\\\/www.youtube.com\\\/channel\\\/UCGP2Sq0iWaZwT3BdIAQFYpw\"]},{\"@type\":\"Person\",\"@id\":\"https:\\\/\\\/www.organisator.ch\\\/#\\\/schema\\\/person\\\/a9d0e0eff238db87a8f840f3b50359f0\",\"name\":\"n8n\",\"image\":{\"@type\":\"ImageObject\",\"inLanguage\":\"de\",\"@id\":\"https:\\\/\\\/secure.gravatar.com\\\/avatar\\\/5368fb9d03fd415a6f335cece4c15af2502d6ca8651efbd6e8f98427a9795400?s=96&d=mm&r=g\",\"url\":\"https:\\\/\\\/secure.gravatar.com\\\/avatar\\\/5368fb9d03fd415a6f335cece4c15af2502d6ca8651efbd6e8f98427a9795400?s=96&d=mm&r=g\",\"contentUrl\":\"https:\\\/\\\/secure.gravatar.com\\\/avatar\\\/5368fb9d03fd415a6f335cece4c15af2502d6ca8651efbd6e8f98427a9795400?s=96&d=mm&r=g\",\"caption\":\"n8n\"},\"url\":\"https:\\\/\\\/www.organisator.ch\\\/de\\\/author\\\/n8n\\\/\"}]}<\/script>\n<!-- \/ Yoast SEO plugin. -->","yoast_head_json":{"title":"HarbourVest Partners st\u00e4rkt F\u00fchrung in der Schweiz und im Private-Wealth-Gesch\u00e4ft - Organisator","description":"HarbourVest Partners ernennt Daniel Signer zum Head Schweiz und Ivan Pascual zum Head Private Wealth EMEA.","robots":{"index":"index","follow":"follow","max-snippet":"max-snippet:-1","max-image-preview":"max-image-preview:large","max-video-preview":"max-video-preview:-1"},"canonical":"https:\/\/www.organisator.ch\/de\/management\/2026-01-21\/harbourvest-partners-staerkt-fuehrung-in-der-schweiz-und-im-private-wealth-geschaeft\/","og_locale":"de_DE","og_type":"article","og_title":"HarbourVest Partners st\u00e4rkt F\u00fchrung in der Schweiz und im Private-Wealth-Gesch\u00e4ft","og_description":"HarbourVest Partners ernennt Daniel Signer zum Head Schweiz und Ivan Pascual zum Head Private Wealth EMEA.","og_url":"https:\/\/www.organisator.ch\/de\/management\/2026-01-21\/harbourvest-partners-staerkt-fuehrung-in-der-schweiz-und-im-private-wealth-geschaeft\/","og_site_name":"Organisator","article_publisher":"https:\/\/www.facebook.com\/OrganisatorFachmagazin","article_published_time":"2026-01-21T12:12:36+00:00","og_image":[{"width":900,"height":1200,"url":"https:\/\/www.organisator.ch\/wp-content\/uploads\/2026\/01\/Daniel-Signer.jpg","type":"image\/jpeg"}],"author":"n8n","twitter_card":"summary_large_image","twitter_title":"#HarbourVest Partners st\u00e4rkt F\u00fchrung in der Schweiz und im #Private-Wealth-Gesch\u00e4ft","twitter_description":"#HarbourVest Partners ernennt Daniel Signer zum Head Schweiz und Ivan Pascual zum Head Private Wealth #EMEA.","twitter_image":"https:\/\/www.organisator.ch\/wp-content\/uploads\/2026\/01\/Daniel-Signer.jpg","schema":{"@context":"https:\/\/schema.org","@graph":[{"@type":"Article","@id":"https:\/\/www.organisator.ch\/management\/2026-01-21\/harbourvest-partners-staerkt-fuehrung-in-der-schweiz-und-im-private-wealth-geschaeft\/#article","isPartOf":{"@id":"https:\/\/www.organisator.ch\/management\/2026-01-21\/harbourvest-partners-staerkt-fuehrung-in-der-schweiz-und-im-private-wealth-geschaeft\/"},"author":{"name":"n8n","@id":"https:\/\/www.organisator.ch\/#\/schema\/person\/a9d0e0eff238db87a8f840f3b50359f0"},"headline":"HarbourVest Partners st\u00e4rkt F\u00fchrung in der Schweiz und im Private-Wealth-Gesch\u00e4ft","datePublished":"2026-01-21T12:12:36+00:00","mainEntityOfPage":{"@id":"https:\/\/www.organisator.ch\/management\/2026-01-21\/harbourvest-partners-staerkt-fuehrung-in-der-schweiz-und-im-private-wealth-geschaeft\/"},"wordCount":632,"publisher":{"@id":"https:\/\/www.organisator.ch\/#organization"},"image":{"@id":"https:\/\/www.organisator.ch\/management\/2026-01-21\/harbourvest-partners-staerkt-fuehrung-in-der-schweiz-und-im-private-wealth-geschaeft\/#primaryimage"},"thumbnailUrl":"https:\/\/www.organisator.ch\/wp-content\/uploads\/2026\/01\/Daniel-Signer.jpg","keywords":["Finanzdienstleistungen","Personalia","Private Wealth","Unternehmen"],"articleSection":["MANAGEMENT"],"inLanguage":"de"},{"@type":"WebPage","@id":"https:\/\/www.organisator.ch\/management\/2026-01-21\/harbourvest-partners-staerkt-fuehrung-in-der-schweiz-und-im-private-wealth-geschaeft\/","url":"https:\/\/www.organisator.ch\/management\/2026-01-21\/harbourvest-partners-staerkt-fuehrung-in-der-schweiz-und-im-private-wealth-geschaeft\/","name":"HarbourVest Partners st\u00e4rkt F\u00fchrung in der Schweiz und im Private-Wealth-Gesch\u00e4ft - Organisator","isPartOf":{"@id":"https:\/\/www.organisator.ch\/#website"},"primaryImageOfPage":{"@id":"https:\/\/www.organisator.ch\/management\/2026-01-21\/harbourvest-partners-staerkt-fuehrung-in-der-schweiz-und-im-private-wealth-geschaeft\/#primaryimage"},"image":{"@id":"https:\/\/www.organisator.ch\/management\/2026-01-21\/harbourvest-partners-staerkt-fuehrung-in-der-schweiz-und-im-private-wealth-geschaeft\/#primaryimage"},"thumbnailUrl":"https:\/\/www.organisator.ch\/wp-content\/uploads\/2026\/01\/Daniel-Signer.jpg","datePublished":"2026-01-21T12:12:36+00:00","description":"HarbourVest Partners ernennt Daniel Signer zum Head Schweiz und Ivan Pascual zum Head Private Wealth EMEA.","breadcrumb":{"@id":"https:\/\/www.organisator.ch\/management\/2026-01-21\/harbourvest-partners-staerkt-fuehrung-in-der-schweiz-und-im-private-wealth-geschaeft\/#breadcrumb"},"inLanguage":"de","potentialAction":[{"@type":"ReadAction","target":["https:\/\/www.organisator.ch\/management\/2026-01-21\/harbourvest-partners-staerkt-fuehrung-in-der-schweiz-und-im-private-wealth-geschaeft\/"]}]},{"@type":"ImageObject","inLanguage":"de","@id":"https:\/\/www.organisator.ch\/management\/2026-01-21\/harbourvest-partners-staerkt-fuehrung-in-der-schweiz-und-im-private-wealth-geschaeft\/#primaryimage","url":"https:\/\/www.organisator.ch\/wp-content\/uploads\/2026\/01\/Daniel-Signer.jpg","contentUrl":"https:\/\/www.organisator.ch\/wp-content\/uploads\/2026\/01\/Daniel-Signer.jpg","width":900,"height":1200},{"@type":"BreadcrumbList","@id":"https:\/\/www.organisator.ch\/management\/2026-01-21\/harbourvest-partners-staerkt-fuehrung-in-der-schweiz-und-im-private-wealth-geschaeft\/#breadcrumb","itemListElement":[{"@type":"ListItem","position":1,"name":"Home","item":"https:\/\/www.organisator.ch\/"},{"@type":"ListItem","position":2,"name":"HarbourVest Partners st\u00e4rkt F\u00fchrung in der Schweiz und im Private-Wealth-Gesch\u00e4ft"}]},{"@type":"WebSite","@id":"https:\/\/www.organisator.ch\/#website","url":"https:\/\/www.organisator.ch\/","name":"Organisator","description":"Kompetent. Praxisnah. Der ORGANISATOR bereitet in 10 Ausgaben pro Jahr die wesentlichen Themen f\u00fcr F\u00fchrungskr\u00e4fte von KMU auf.","publisher":{"@id":"https:\/\/www.organisator.ch\/#organization"},"potentialAction":[{"@type":"SearchAction","target":{"@type":"EntryPoint","urlTemplate":"https:\/\/www.organisator.ch\/?s={search_term_string}"},"query-input":{"@type":"PropertyValueSpecification","valueRequired":true,"valueName":"search_term_string"}}],"inLanguage":"de"},{"@type":"Organization","@id":"https:\/\/www.organisator.ch\/#organization","name":"Organisator","url":"https:\/\/www.organisator.ch\/","logo":{"@type":"ImageObject","inLanguage":"de","@id":"https:\/\/www.organisator.ch\/#\/schema\/logo\/image\/","url":"https:\/\/www.organisator.ch\/wp-content\/uploads\/2022\/01\/Logo_Organisator_Website.png","contentUrl":"https:\/\/www.organisator.ch\/wp-content\/uploads\/2022\/01\/Logo_Organisator_Website.png","width":800,"height":77,"caption":"Organisator"},"image":{"@id":"https:\/\/www.organisator.ch\/#\/schema\/logo\/image\/"},"sameAs":["https:\/\/www.facebook.com\/OrganisatorFachmagazin","https:\/\/www.linkedin.com\/showcase\/organisator-das-magazin-fr-kmu","https:\/\/www.xing.com\/news\/pages\/organisator-ch-695","https:\/\/www.youtube.com\/channel\/UCGP2Sq0iWaZwT3BdIAQFYpw"]},{"@type":"Person","@id":"https:\/\/www.organisator.ch\/#\/schema\/person\/a9d0e0eff238db87a8f840f3b50359f0","name":"n8n","image":{"@type":"ImageObject","inLanguage":"de","@id":"https:\/\/secure.gravatar.com\/avatar\/5368fb9d03fd415a6f335cece4c15af2502d6ca8651efbd6e8f98427a9795400?s=96&d=mm&r=g","url":"https:\/\/secure.gravatar.com\/avatar\/5368fb9d03fd415a6f335cece4c15af2502d6ca8651efbd6e8f98427a9795400?s=96&d=mm&r=g","contentUrl":"https:\/\/secure.gravatar.com\/avatar\/5368fb9d03fd415a6f335cece4c15af2502d6ca8651efbd6e8f98427a9795400?s=96&d=mm&r=g","caption":"n8n"},"url":"https:\/\/www.organisator.ch\/de\/author\/n8n\/"}]}},"_links":{"self":[{"href":"https:\/\/www.organisator.ch\/de\/wp-json\/wp\/v2\/posts\/43447","targetHints":{"allow":["GET"]}}],"collection":[{"href":"https:\/\/www.organisator.ch\/de\/wp-json\/wp\/v2\/posts"}],"about":[{"href":"https:\/\/www.organisator.ch\/de\/wp-json\/wp\/v2\/types\/post"}],"author":[{"embeddable":true,"href":"https:\/\/www.organisator.ch\/de\/wp-json\/wp\/v2\/users\/107"}],"replies":[{"embeddable":true,"href":"https:\/\/www.organisator.ch\/de\/wp-json\/wp\/v2\/comments?post=43447"}],"version-history":[{"count":5,"href":"https:\/\/www.organisator.ch\/de\/wp-json\/wp\/v2\/posts\/43447\/revisions"}],"predecessor-version":[{"id":43621,"href":"https:\/\/www.organisator.ch\/de\/wp-json\/wp\/v2\/posts\/43447\/revisions\/43621"}],"wp:featuredmedia":[{"embeddable":true,"href":"https:\/\/www.organisator.ch\/de\/wp-json\/wp\/v2\/media\/43446"}],"wp:attachment":[{"href":"https:\/\/www.organisator.ch\/de\/wp-json\/wp\/v2\/media?parent=43447"}],"wp:term":[{"taxonomy":"category","embeddable":true,"href":"https:\/\/www.organisator.ch\/de\/wp-json\/wp\/v2\/categories?post=43447"},{"taxonomy":"post_tag","embeddable":true,"href":"https:\/\/www.organisator.ch\/de\/wp-json\/wp\/v2\/tags?post=43447"}],"curies":[{"name":"wp","href":"https:\/\/api.w.org\/{rel}","templated":true}]}}