{"id":4358,"date":"2021-07-20T15:46:54","date_gmt":"2021-07-20T13:46:54","guid":{"rendered":"https:\/\/www.umweltperspektiven.ch\/?p=4358"},"modified":"2022-02-09T11:10:48","modified_gmt":"2022-02-09T10:10:48","slug":"aqua-suisse-wird-auf-november-2021-verschoben","status":"publish","type":"post","link":"https:\/\/www.organisator.ch\/de\/sustainability\/2021-07-20\/aqua-suisse-wird-auf-november-2021-verschoben\/","title":{"rendered":"Premiere der AQUA Suisse"},"content":{"rendered":"<figure id=\"attachment_4359\" aria-describedby=\"caption-attachment-4359\" style=\"width: 680px\" class=\"wp-caption aligncenter\"><img loading=\"lazy\" decoding=\"async\" class=\"size-medium wp-image-4359\" src=\"\/\/www.umweltperspektiven.ch\/wp-content\/uploads\/2021\/06\/Wasser_2-1.jpg\" alt=\"\" width=\"680\" height=\"453\" \/><figcaption id=\"caption-attachment-4359\" class=\"wp-caption-text\">Foto: R. Str\u00e4ssle<\/figcaption><\/figure>\n<p>Es sei das gr\u00f6sste Bestreben von Easyfairs, eine f\u00fcr alle Aussteller, Partner und Besucher aussichtsreiche und sichere Messe zu veranstalten, damit die Messeziele unter m\u00f6glichst optimalen Bedingungen erreicht werden, betont der Veranstalter. Aus diesem Grund habe man sich entschieden, das Messetrio AQUA Suisse, maintenance Schweiz und Pumps &amp; Valves nicht im August, sondern am 17. und 18. November 2021 in Z\u00fcrich durchzuf\u00fchren.<\/p>\n<p>\u00abAls Veranstalter sind wir absolut \u00fcberzeugt, dass eine Durchf\u00fchrung im November 2021 unter verschiedenen Aspekten aber speziell im Hinblick auf eine rege und sorglose Teilnahme unserer Fachbesucher, sinnvoll und im Sinne des Marktes ist. Es gibt aktuell noch zu viele Unsicherheiten und wir sind bestrebt f\u00fcr unsere Communities die beste und sinnvollste L\u00f6sung zu finden.\u00bb sagt Stefan Voegele, Head of Cluster Switzerland.<\/p>\n<p>Man wolle die besten Voraussetzungen f\u00fcr eine erfolgreiche Durchf\u00fchrung schaffen und sei zuversichtlich, dass durch die Perspektiven im November, ein anziehenderes Besuchererlebnis geschaffen werden k\u00f6nne, betont Easyfairs.<\/p>\n<h2><strong>Kooperationspartner<\/strong><\/h2>\n<p>F\u00fcr den November-Termin sei es dem Veranstalter zudem gelungen, mit der \u00abFachtagung Wasser 2021, 23. Lippuner Seminar\u00bb der Uli Lippuner AG einen starken Kooperationspartner im Sinne des Marktes zu gewinnen. Die \u00abFachtagung Wasser 2021\u00bb mit dem Thema Infrastruktur Bauwerke wird parallel zur AQUA Suisse und PUMPS &amp; VALVES 2021 in Z\u00fcrich stattfinden und somit die Synergien sowohl bei den Besucherzielgruppen, wie auch inhaltlich optimal nutzen.<\/p>\n<p>Mittels erg\u00e4nzender kommunikativer und inhaltlicher Massnahmen wie Online-Days, Webinare und Blogs werde man die Zeit nutzen, um f\u00fcr die Community zus\u00e4tzliche Mehrwerte zu schaffen und so die Vorfreude auf den Live-Event in Z\u00fcrich nochmals zu steigern, schreibt Easyfairs abschliessend.<\/p>\n<p><a href=\"\/\/www.aqua-suisse-zuerich.ch\/\">www.aqua-suisse-zuerich.ch<\/a><\/p>\n<p><a href=\"\/\/www.pumps-valves.ch\">www.pumps-valves.ch<\/a><\/p>\n<p><a href=\"\/\/www.maintenance-schweiz.ch\">www.maintenance-schweiz.ch<\/a><\/p>\n<p>&nbsp;<\/p>\n","protected":false},"excerpt":{"rendered":"<p>Es sei das gr\u00f6sste Bestreben von Easyfairs, eine f\u00fcr alle Aussteller, Partner und Besucher aussichtsreiche und sichere Messe zu veranstalten, damit die Messeziele unter m\u00f6glichst optimalen Bedingungen erreicht werden, betont der Veranstalter. Aus diesem Grund habe man sich entschieden, das Messetrio AQUA Suisse, maintenance Schweiz und Pumps &amp; Valves nicht im August, sondern am 17. [&hellip;]<\/p>\n","protected":false},"author":6,"featured_media":9804,"comment_status":"closed","ping_status":"closed","sticky":false,"template":"","format":"standard","meta":{"_acf_changed":false,"_yoast_wpseo_focuskw":"AQUA Suisse","_yoast_wpseo_metadesc":"Das Messetrio AQUA Suisse, maintenance Schweiz und Pumps & Valves findet nicht im August, sondern am 17.\/18. November 2021 statt.","articlekey":"","footnotes":""},"categories":[580],"tags":[719,1010,1661,1959,502],"class_list":["post-4358","post","type-post","status-publish","format-standard","has-post-thumbnail","hentry","category-sustainability","tag-aqua-suisse","tag-easyfairs","tag-maintenance","tag-pumps-valves","tag-veranstaltungen"],"acf":[],"yoast_head":"<!-- This site is optimized with the Yoast SEO plugin v27.5 - https:\/\/yoast.com\/product\/yoast-seo-wordpress\/ -->\n<title>Premiere der AQUA Suisse - Organisator<\/title>\n<meta name=\"description\" content=\"Das Messetrio AQUA Suisse, maintenance Schweiz und Pumps &amp; Valves findet nicht im August, sondern am 17.\/18. November 2021 statt.\" \/>\n<meta name=\"robots\" content=\"index, follow, max-snippet:-1, max-image-preview:large, max-video-preview:-1\" \/>\n<link rel=\"canonical\" href=\"https:\/\/www.organisator.ch\/de\/sustainability\/2021-07-20\/aqua-suisse-wird-auf-november-2021-verschoben\/\" \/>\n<meta property=\"og:locale\" content=\"de_DE\" \/>\n<meta property=\"og:type\" content=\"article\" \/>\n<meta property=\"og:title\" content=\"Premiere der AQUA Suisse - Organisator\" \/>\n<meta property=\"og:description\" content=\"Das Messetrio AQUA Suisse, maintenance Schweiz und Pumps &amp; Valves findet nicht im August, sondern am 17.\/18. November 2021 statt.\" \/>\n<meta property=\"og:url\" content=\"https:\/\/www.organisator.ch\/de\/sustainability\/2021-07-20\/aqua-suisse-wird-auf-november-2021-verschoben\/\" \/>\n<meta property=\"og:site_name\" content=\"Organisator\" \/>\n<meta property=\"article:publisher\" content=\"https:\/\/www.facebook.com\/OrganisatorFachmagazin\" \/>\n<meta property=\"article:published_time\" content=\"2021-07-20T13:46:54+00:00\" \/>\n<meta property=\"article:modified_time\" content=\"2022-02-09T10:10:48+00:00\" \/>\n<meta property=\"og:image\" content=\"https:\/\/www.organisator.ch\/wp-content\/uploads\/2021\/06\/Wasser_2-1-scaled.jpg\" \/>\n\t<meta property=\"og:image:width\" content=\"2560\" \/>\n\t<meta property=\"og:image:height\" content=\"1707\" \/>\n\t<meta property=\"og:image:type\" content=\"image\/jpeg\" \/>\n<meta name=\"author\" content=\"roger.straessle\" \/>\n<meta name=\"twitter:card\" content=\"summary_large_image\" \/>\n<script type=\"application\/ld+json\" class=\"yoast-schema-graph\">{\"@context\":\"https:\\\/\\\/schema.org\",\"@graph\":[{\"@type\":\"Article\",\"@id\":\"https:\\\/\\\/www.organisator.ch\\\/sustainability\\\/2021-07-20\\\/aqua-suisse-wird-auf-november-2021-verschoben\\\/#article\",\"isPartOf\":{\"@id\":\"https:\\\/\\\/www.organisator.ch\\\/sustainability\\\/2021-07-20\\\/aqua-suisse-wird-auf-november-2021-verschoben\\\/\"},\"author\":{\"name\":\"roger.straessle\",\"@id\":\"https:\\\/\\\/www.organisator.ch\\\/#\\\/schema\\\/person\\\/a800b8c54e208b160517a7dcc323161d\"},\"headline\":\"Premiere der AQUA Suisse\",\"datePublished\":\"2021-07-20T13:46:54+00:00\",\"dateModified\":\"2022-02-09T10:10:48+00:00\",\"mainEntityOfPage\":{\"@id\":\"https:\\\/\\\/www.organisator.ch\\\/sustainability\\\/2021-07-20\\\/aqua-suisse-wird-auf-november-2021-verschoben\\\/\"},\"wordCount\":290,\"publisher\":{\"@id\":\"https:\\\/\\\/www.organisator.ch\\\/#organization\"},\"image\":{\"@id\":\"https:\\\/\\\/www.organisator.ch\\\/sustainability\\\/2021-07-20\\\/aqua-suisse-wird-auf-november-2021-verschoben\\\/#primaryimage\"},\"thumbnailUrl\":\"https:\\\/\\\/www.organisator.ch\\\/wp-content\\\/uploads\\\/2021\\\/06\\\/Wasser_2-1-scaled.jpg\",\"keywords\":[\"AQUA Suisse\",\"Easyfairs\",\"maintenance\",\"Pumps &amp; Valves\",\"Veranstaltungen\"],\"articleSection\":[\"SUSTAINABILITY\"],\"inLanguage\":\"de\"},{\"@type\":\"WebPage\",\"@id\":\"https:\\\/\\\/www.organisator.ch\\\/sustainability\\\/2021-07-20\\\/aqua-suisse-wird-auf-november-2021-verschoben\\\/\",\"url\":\"https:\\\/\\\/www.organisator.ch\\\/sustainability\\\/2021-07-20\\\/aqua-suisse-wird-auf-november-2021-verschoben\\\/\",\"name\":\"Premiere der AQUA Suisse - Organisator\",\"isPartOf\":{\"@id\":\"https:\\\/\\\/www.organisator.ch\\\/#website\"},\"primaryImageOfPage\":{\"@id\":\"https:\\\/\\\/www.organisator.ch\\\/sustainability\\\/2021-07-20\\\/aqua-suisse-wird-auf-november-2021-verschoben\\\/#primaryimage\"},\"image\":{\"@id\":\"https:\\\/\\\/www.organisator.ch\\\/sustainability\\\/2021-07-20\\\/aqua-suisse-wird-auf-november-2021-verschoben\\\/#primaryimage\"},\"thumbnailUrl\":\"https:\\\/\\\/www.organisator.ch\\\/wp-content\\\/uploads\\\/2021\\\/06\\\/Wasser_2-1-scaled.jpg\",\"datePublished\":\"2021-07-20T13:46:54+00:00\",\"dateModified\":\"2022-02-09T10:10:48+00:00\",\"description\":\"Das Messetrio AQUA Suisse, maintenance Schweiz und Pumps & Valves findet nicht im August, sondern am 17.\\\/18. November 2021 statt.\",\"breadcrumb\":{\"@id\":\"https:\\\/\\\/www.organisator.ch\\\/sustainability\\\/2021-07-20\\\/aqua-suisse-wird-auf-november-2021-verschoben\\\/#breadcrumb\"},\"inLanguage\":\"de\",\"potentialAction\":[{\"@type\":\"ReadAction\",\"target\":[\"https:\\\/\\\/www.organisator.ch\\\/sustainability\\\/2021-07-20\\\/aqua-suisse-wird-auf-november-2021-verschoben\\\/\"]}]},{\"@type\":\"ImageObject\",\"inLanguage\":\"de\",\"@id\":\"https:\\\/\\\/www.organisator.ch\\\/sustainability\\\/2021-07-20\\\/aqua-suisse-wird-auf-november-2021-verschoben\\\/#primaryimage\",\"url\":\"https:\\\/\\\/www.organisator.ch\\\/wp-content\\\/uploads\\\/2021\\\/06\\\/Wasser_2-1-scaled.jpg\",\"contentUrl\":\"https:\\\/\\\/www.organisator.ch\\\/wp-content\\\/uploads\\\/2021\\\/06\\\/Wasser_2-1-scaled.jpg\",\"width\":2560,\"height\":1707,\"caption\":\"Foto: R. Str\u00e4ssle\"},{\"@type\":\"BreadcrumbList\",\"@id\":\"https:\\\/\\\/www.organisator.ch\\\/sustainability\\\/2021-07-20\\\/aqua-suisse-wird-auf-november-2021-verschoben\\\/#breadcrumb\",\"itemListElement\":[{\"@type\":\"ListItem\",\"position\":1,\"name\":\"Home\",\"item\":\"https:\\\/\\\/www.organisator.ch\\\/\"},{\"@type\":\"ListItem\",\"position\":2,\"name\":\"Premiere der AQUA Suisse\"}]},{\"@type\":\"WebSite\",\"@id\":\"https:\\\/\\\/www.organisator.ch\\\/#website\",\"url\":\"https:\\\/\\\/www.organisator.ch\\\/\",\"name\":\"Organisator\",\"description\":\"Kompetent. Praxisnah. Der ORGANISATOR bereitet in 10 Ausgaben pro Jahr die wesentlichen Themen f\u00fcr F\u00fchrungskr\u00e4fte von KMU auf.\",\"publisher\":{\"@id\":\"https:\\\/\\\/www.organisator.ch\\\/#organization\"},\"potentialAction\":[{\"@type\":\"SearchAction\",\"target\":{\"@type\":\"EntryPoint\",\"urlTemplate\":\"https:\\\/\\\/www.organisator.ch\\\/?s={search_term_string}\"},\"query-input\":{\"@type\":\"PropertyValueSpecification\",\"valueRequired\":true,\"valueName\":\"search_term_string\"}}],\"inLanguage\":\"de\"},{\"@type\":\"Organization\",\"@id\":\"https:\\\/\\\/www.organisator.ch\\\/#organization\",\"name\":\"Organisator\",\"url\":\"https:\\\/\\\/www.organisator.ch\\\/\",\"logo\":{\"@type\":\"ImageObject\",\"inLanguage\":\"de\",\"@id\":\"https:\\\/\\\/www.organisator.ch\\\/#\\\/schema\\\/logo\\\/image\\\/\",\"url\":\"https:\\\/\\\/www.organisator.ch\\\/wp-content\\\/uploads\\\/2022\\\/01\\\/Logo_Organisator_Website.png\",\"contentUrl\":\"https:\\\/\\\/www.organisator.ch\\\/wp-content\\\/uploads\\\/2022\\\/01\\\/Logo_Organisator_Website.png\",\"width\":800,\"height\":77,\"caption\":\"Organisator\"},\"image\":{\"@id\":\"https:\\\/\\\/www.organisator.ch\\\/#\\\/schema\\\/logo\\\/image\\\/\"},\"sameAs\":[\"https:\\\/\\\/www.facebook.com\\\/OrganisatorFachmagazin\",\"https:\\\/\\\/www.linkedin.com\\\/showcase\\\/organisator-das-magazin-fr-kmu\",\"https:\\\/\\\/www.xing.com\\\/news\\\/pages\\\/organisator-ch-695\",\"https:\\\/\\\/www.youtube.com\\\/channel\\\/UCGP2Sq0iWaZwT3BdIAQFYpw\"]},{\"@type\":\"Person\",\"@id\":\"https:\\\/\\\/www.organisator.ch\\\/#\\\/schema\\\/person\\\/a800b8c54e208b160517a7dcc323161d\",\"name\":\"roger.straessle\",\"image\":{\"@type\":\"ImageObject\",\"inLanguage\":\"de\",\"@id\":\"https:\\\/\\\/secure.gravatar.com\\\/avatar\\\/?s=96&d=mm&r=g\",\"url\":\"https:\\\/\\\/secure.gravatar.com\\\/avatar\\\/?s=96&d=mm&r=g\",\"contentUrl\":\"https:\\\/\\\/secure.gravatar.com\\\/avatar\\\/?s=96&d=mm&r=g\",\"caption\":\"roger.straessle\"},\"url\":\"https:\\\/\\\/www.organisator.ch\\\/de\\\/author\\\/roger-straessle\\\/\"}]}<\/script>\n<!-- \/ Yoast SEO plugin. -->","yoast_head_json":{"title":"Premiere der AQUA Suisse - Organisator","description":"Das Messetrio AQUA Suisse, maintenance Schweiz und Pumps & Valves findet nicht im August, sondern am 17.\/18. November 2021 statt.","robots":{"index":"index","follow":"follow","max-snippet":"max-snippet:-1","max-image-preview":"max-image-preview:large","max-video-preview":"max-video-preview:-1"},"canonical":"https:\/\/www.organisator.ch\/de\/sustainability\/2021-07-20\/aqua-suisse-wird-auf-november-2021-verschoben\/","og_locale":"de_DE","og_type":"article","og_title":"Premiere der AQUA Suisse - Organisator","og_description":"Das Messetrio AQUA Suisse, maintenance Schweiz und Pumps & Valves findet nicht im August, sondern am 17.\/18. November 2021 statt.","og_url":"https:\/\/www.organisator.ch\/de\/sustainability\/2021-07-20\/aqua-suisse-wird-auf-november-2021-verschoben\/","og_site_name":"Organisator","article_publisher":"https:\/\/www.facebook.com\/OrganisatorFachmagazin","article_published_time":"2021-07-20T13:46:54+00:00","article_modified_time":"2022-02-09T10:10:48+00:00","og_image":[{"width":2560,"height":1707,"url":"https:\/\/www.organisator.ch\/wp-content\/uploads\/2021\/06\/Wasser_2-1-scaled.jpg","type":"image\/jpeg"}],"author":"roger.straessle","twitter_card":"summary_large_image","schema":{"@context":"https:\/\/schema.org","@graph":[{"@type":"Article","@id":"https:\/\/www.organisator.ch\/sustainability\/2021-07-20\/aqua-suisse-wird-auf-november-2021-verschoben\/#article","isPartOf":{"@id":"https:\/\/www.organisator.ch\/sustainability\/2021-07-20\/aqua-suisse-wird-auf-november-2021-verschoben\/"},"author":{"name":"roger.straessle","@id":"https:\/\/www.organisator.ch\/#\/schema\/person\/a800b8c54e208b160517a7dcc323161d"},"headline":"Premiere der AQUA Suisse","datePublished":"2021-07-20T13:46:54+00:00","dateModified":"2022-02-09T10:10:48+00:00","mainEntityOfPage":{"@id":"https:\/\/www.organisator.ch\/sustainability\/2021-07-20\/aqua-suisse-wird-auf-november-2021-verschoben\/"},"wordCount":290,"publisher":{"@id":"https:\/\/www.organisator.ch\/#organization"},"image":{"@id":"https:\/\/www.organisator.ch\/sustainability\/2021-07-20\/aqua-suisse-wird-auf-november-2021-verschoben\/#primaryimage"},"thumbnailUrl":"https:\/\/www.organisator.ch\/wp-content\/uploads\/2021\/06\/Wasser_2-1-scaled.jpg","keywords":["AQUA Suisse","Easyfairs","maintenance","Pumps &amp; Valves","Veranstaltungen"],"articleSection":["SUSTAINABILITY"],"inLanguage":"de"},{"@type":"WebPage","@id":"https:\/\/www.organisator.ch\/sustainability\/2021-07-20\/aqua-suisse-wird-auf-november-2021-verschoben\/","url":"https:\/\/www.organisator.ch\/sustainability\/2021-07-20\/aqua-suisse-wird-auf-november-2021-verschoben\/","name":"Premiere der AQUA Suisse - Organisator","isPartOf":{"@id":"https:\/\/www.organisator.ch\/#website"},"primaryImageOfPage":{"@id":"https:\/\/www.organisator.ch\/sustainability\/2021-07-20\/aqua-suisse-wird-auf-november-2021-verschoben\/#primaryimage"},"image":{"@id":"https:\/\/www.organisator.ch\/sustainability\/2021-07-20\/aqua-suisse-wird-auf-november-2021-verschoben\/#primaryimage"},"thumbnailUrl":"https:\/\/www.organisator.ch\/wp-content\/uploads\/2021\/06\/Wasser_2-1-scaled.jpg","datePublished":"2021-07-20T13:46:54+00:00","dateModified":"2022-02-09T10:10:48+00:00","description":"Das Messetrio AQUA Suisse, maintenance Schweiz und Pumps & Valves findet nicht im August, sondern am 17.\/18. November 2021 statt.","breadcrumb":{"@id":"https:\/\/www.organisator.ch\/sustainability\/2021-07-20\/aqua-suisse-wird-auf-november-2021-verschoben\/#breadcrumb"},"inLanguage":"de","potentialAction":[{"@type":"ReadAction","target":["https:\/\/www.organisator.ch\/sustainability\/2021-07-20\/aqua-suisse-wird-auf-november-2021-verschoben\/"]}]},{"@type":"ImageObject","inLanguage":"de","@id":"https:\/\/www.organisator.ch\/sustainability\/2021-07-20\/aqua-suisse-wird-auf-november-2021-verschoben\/#primaryimage","url":"https:\/\/www.organisator.ch\/wp-content\/uploads\/2021\/06\/Wasser_2-1-scaled.jpg","contentUrl":"https:\/\/www.organisator.ch\/wp-content\/uploads\/2021\/06\/Wasser_2-1-scaled.jpg","width":2560,"height":1707,"caption":"Foto: R. Str\u00e4ssle"},{"@type":"BreadcrumbList","@id":"https:\/\/www.organisator.ch\/sustainability\/2021-07-20\/aqua-suisse-wird-auf-november-2021-verschoben\/#breadcrumb","itemListElement":[{"@type":"ListItem","position":1,"name":"Home","item":"https:\/\/www.organisator.ch\/"},{"@type":"ListItem","position":2,"name":"Premiere der AQUA Suisse"}]},{"@type":"WebSite","@id":"https:\/\/www.organisator.ch\/#website","url":"https:\/\/www.organisator.ch\/","name":"Organisator","description":"Kompetent. Praxisnah. Der ORGANISATOR bereitet in 10 Ausgaben pro Jahr die wesentlichen Themen f\u00fcr F\u00fchrungskr\u00e4fte von KMU auf.","publisher":{"@id":"https:\/\/www.organisator.ch\/#organization"},"potentialAction":[{"@type":"SearchAction","target":{"@type":"EntryPoint","urlTemplate":"https:\/\/www.organisator.ch\/?s={search_term_string}"},"query-input":{"@type":"PropertyValueSpecification","valueRequired":true,"valueName":"search_term_string"}}],"inLanguage":"de"},{"@type":"Organization","@id":"https:\/\/www.organisator.ch\/#organization","name":"Organisator","url":"https:\/\/www.organisator.ch\/","logo":{"@type":"ImageObject","inLanguage":"de","@id":"https:\/\/www.organisator.ch\/#\/schema\/logo\/image\/","url":"https:\/\/www.organisator.ch\/wp-content\/uploads\/2022\/01\/Logo_Organisator_Website.png","contentUrl":"https:\/\/www.organisator.ch\/wp-content\/uploads\/2022\/01\/Logo_Organisator_Website.png","width":800,"height":77,"caption":"Organisator"},"image":{"@id":"https:\/\/www.organisator.ch\/#\/schema\/logo\/image\/"},"sameAs":["https:\/\/www.facebook.com\/OrganisatorFachmagazin","https:\/\/www.linkedin.com\/showcase\/organisator-das-magazin-fr-kmu","https:\/\/www.xing.com\/news\/pages\/organisator-ch-695","https:\/\/www.youtube.com\/channel\/UCGP2Sq0iWaZwT3BdIAQFYpw"]},{"@type":"Person","@id":"https:\/\/www.organisator.ch\/#\/schema\/person\/a800b8c54e208b160517a7dcc323161d","name":"roger.straessle","image":{"@type":"ImageObject","inLanguage":"de","@id":"https:\/\/secure.gravatar.com\/avatar\/?s=96&d=mm&r=g","url":"https:\/\/secure.gravatar.com\/avatar\/?s=96&d=mm&r=g","contentUrl":"https:\/\/secure.gravatar.com\/avatar\/?s=96&d=mm&r=g","caption":"roger.straessle"},"url":"https:\/\/www.organisator.ch\/de\/author\/roger-straessle\/"}]}},"_links":{"self":[{"href":"https:\/\/www.organisator.ch\/de\/wp-json\/wp\/v2\/posts\/4358","targetHints":{"allow":["GET"]}}],"collection":[{"href":"https:\/\/www.organisator.ch\/de\/wp-json\/wp\/v2\/posts"}],"about":[{"href":"https:\/\/www.organisator.ch\/de\/wp-json\/wp\/v2\/types\/post"}],"author":[{"embeddable":true,"href":"https:\/\/www.organisator.ch\/de\/wp-json\/wp\/v2\/users\/6"}],"replies":[{"embeddable":true,"href":"https:\/\/www.organisator.ch\/de\/wp-json\/wp\/v2\/comments?post=4358"}],"version-history":[{"count":1,"href":"https:\/\/www.organisator.ch\/de\/wp-json\/wp\/v2\/posts\/4358\/revisions"}],"predecessor-version":[{"id":10986,"href":"https:\/\/www.organisator.ch\/de\/wp-json\/wp\/v2\/posts\/4358\/revisions\/10986"}],"wp:featuredmedia":[{"embeddable":true,"href":"https:\/\/www.organisator.ch\/de\/wp-json\/wp\/v2\/media\/9804"}],"wp:attachment":[{"href":"https:\/\/www.organisator.ch\/de\/wp-json\/wp\/v2\/media?parent=4358"}],"wp:term":[{"taxonomy":"category","embeddable":true,"href":"https:\/\/www.organisator.ch\/de\/wp-json\/wp\/v2\/categories?post=4358"},{"taxonomy":"post_tag","embeddable":true,"href":"https:\/\/www.organisator.ch\/de\/wp-json\/wp\/v2\/tags?post=4358"}],"curies":[{"name":"wp","href":"https:\/\/api.w.org\/{rel}","templated":true}]}}