{"id":4365,"date":"2018-10-15T08:27:50","date_gmt":"2018-10-15T06:27:50","guid":{"rendered":"https:\/\/www.organisator.ch\/?p=4365"},"modified":"2018-10-15T08:27:50","modified_gmt":"2018-10-15T06:27:50","slug":"die-arbeitswelten-von-morgen-und-nachhaltigkeit-im-facility-management","status":"publish","type":"post","link":"https:\/\/www.organisator.ch\/de\/management\/2018-10-15\/die-arbeitswelten-von-morgen-und-nachhaltigkeit-im-facility-management\/","title":{"rendered":"Die Arbeitswelten von morgen und Nachhaltigkeit im Facility Management"},"content":{"rendered":"<figure id=\"attachment_4366\" aria-describedby=\"caption-attachment-4366\" style=\"width: 640px\" class=\"wp-caption alignnone\"><img loading=\"lazy\" decoding=\"async\" class=\"size-full wp-image-4366\" src=\"https:\/\/www.organisator.ch\/wp-content\/uploads\/2018\/10\/Die-Arbeitswelten-von-morgen-und-Nachhaltigkeit-im-Facility-Management_Organisator.jpg\" alt=\"\" width=\"640\" height=\"427\" srcset=\"https:\/\/www.organisator.ch\/wp-content\/uploads\/2018\/10\/Die-Arbeitswelten-von-morgen-und-Nachhaltigkeit-im-Facility-Management_Organisator.jpg 640w, https:\/\/www.organisator.ch\/wp-content\/uploads\/2018\/10\/Die-Arbeitswelten-von-morgen-und-Nachhaltigkeit-im-Facility-Management_Organisator-16x12.jpg 16w, https:\/\/www.organisator.ch\/wp-content\/uploads\/2018\/10\/Die-Arbeitswelten-von-morgen-und-Nachhaltigkeit-im-Facility-Management_Organisator-262x175.jpg 262w, https:\/\/www.organisator.ch\/wp-content\/uploads\/2018\/10\/Die-Arbeitswelten-von-morgen-und-Nachhaltigkeit-im-Facility-Management_Organisator-525x350.jpg 525w, https:\/\/www.organisator.ch\/wp-content\/uploads\/2018\/10\/Die-Arbeitswelten-von-morgen-und-Nachhaltigkeit-im-Facility-Management_Organisator-300x200.jpg 300w\" sizes=\"auto, (max-width: 640px) 100vw, 640px\" \/><figcaption id=\"caption-attachment-4366\" class=\"wp-caption-text\">IFM-Leiterin Prof. Dr.-Ing. Antje Junghans er\u00f6ffnet das IFM-Symposium an der ZHAW in W\u00e4denswil. (Foto: \u00a9Tevy, W\u00e4denswil)<\/figcaption><\/figure>\n<p>Am Fachsymposium vom 5. Oktober 2018 unter dem Titel \u00abEvidence-based Facility Management on Workplace and Sustainable FM\u00bb trafen Wissenschaftlerinnen und Wissenschaftler aus den USA und Europa mit Forschenden und Studierenden des IFM und Vertretern der Schweizer Wirtschaft zusammen. Das Spektrum der Referate reichte von der Arbeitsplatzumgebung und psychologischen Fragen, \u00fcber IT-Systeme und Nachhaltigkeit bis zu energieoptimierten L\u00f6sungen f\u00fcr Geb\u00e4ude. Vorgestellt wurden auch aktuelle Forschungsprojekte des Instituts f\u00fcr Facility Management am Departement Life Sciences und Facility Management der ZHAW. Am Vortag des Symposiums fanden zudem ein PhD-Workshop mit internationalen Doktorandinnen und Doktoranden und ein Besuch beim Forschungspartner EMPA NEST in D\u00fcbendorf statt.<\/p>\n<h2><strong>Forschung und Nachweise unter realen Bedingungen <\/strong><\/h2>\n<p>Der Besuch beim NEST der EMPA (Eidgen\u00f6ssische Material-Pr\u00fcfungsanstalt) diente als Einstieg in die beiden Schwerpunkthemen \u00abWorkplace\u00bb und \u00abNachhaltiges Facility Management\u00bb. Evidenz\u00adbasierte Forschungs- und Entwicklungsarbeit liess sich hier in diesem einzigartigen Labor live erleben. Neue Materialien, Technologien und Konzepte in der Bau- und Immobilienwirtschaft werden hier von Industriepartnern und Universit\u00e4ten gemeinsam unter realen Bedingungen erforscht und vermutete Effekte bewiesen oder wiederlegt. Aktuell sind beispielsweise Szenarien mit bewohnten Apartments aus recycelten und wieder r\u00fcckbaubaren und recycelbaren Materialien, weiter neue B\u00fcro- und Arbeitswelten sowie ein Fitnessstudio mit Sauna, das mit einem Sechstel des \u00fcblichen Energieverbrauchs auskommt.<\/p>\n<h2><strong>Forschung f\u00fcr die Arbeitswelten von morgen <\/strong><\/h2>\n<p>Den Auftakt am Symposium machte die Forscherin Dr. Ying Hua von der Cornell University (USA). Sie stellte zwei F\u00e4lle von Arbeitsplatzgestaltungen vor, die die enge Wechselbeziehung zwischen der B\u00fcrogestaltung und dem Arbeitsplatzmanagement veranschaulichen. Organisationen k\u00f6nnen dadurch den Arbeitsplatz mit seinem immer gr\u00f6sser werdenden strategischen Wert erkennen.<\/p>\n<p>Clara Weber, wissenschaftliche Mitarbeiterin im ZHAW-Institut f\u00fcr Facility Management, konzentrierte sich auf die Regulation der Privatsph\u00e4re am Arbeitsplatz und deren Messung. In ihrem Vortrag zeigte sie, wie Konzepte aus der Umweltpsychologie und die Analyse von Verhalten und Wahrnehmung der Mitarbeitenden die B\u00fcrogestaltung beeinflussen und zu einer besseren Gesundheit und einem h\u00f6heren Wohlbefinden f\u00fchren k\u00f6nnen.<\/p>\n<p>Dr. Eleanor Ratcliffe vom Imperial College London (UK) sprach \u00fcber regenerative Umgebungen und wie sie zu Gesundheit und Wohlbefinden beitragen k\u00f6nnen. Auf der Basis ihrer Studien zu Vogelgesang in Innenr\u00e4umen kam sie zu dem Schluss, dass pers\u00f6nliche und kulturelle Aspekte zur Wirkung dieses besonderen Elements der Natur auf den Menschen beitragen. Daf\u00fcr m\u00fcssen Klanglandschaften mit der Umgebung und dem Zweck \u00fcbereinstimmen.<\/p>\n<h2><strong>Nachhaltigkeit im Facility Management evidenzbasiert meistern <\/strong><\/h2>\n<p>Prof. Markus Hubbuch, Spezialist f\u00fcr Energie- und Geb\u00e4udemanagement im IFM und Marcel Janser, wissenschaftlicher Mitarbeiter, zeigten, wie der \u00abPerformance Gap\u00bb von Geb\u00e4uden in Zukunft durch neue Gesch\u00e4ftsmodelle reduziert werden kann. Angesichts der Tatsache, dass eine Vielzahl von Interessengruppen, Akteuren und Entscheidungen zu dieser Kluft beitragen, k\u00f6nnen geeignete Anreize f\u00fcr Energieleistungsvertr\u00e4ge, langfristige Partnerschaften und die Ber\u00fccksichtigung von Ergebnissen ausserhalb der Energieversorgung geschaffen werden. Esmir Maslesa von der University of Denmark sprach \u00fcber die Bedeutung von ICT im Facility Management als starker \u00abM\u00f6glichmacher\u00bb, um die Nachhaltigkeits-Performance von Geb\u00e4uden zu steigern. Aus seiner Forschungsarbeit heraus konnte er anschaulich die Zusammenh\u00e4nge von Daten, ICT-Instrumenten und Workflows aufzeigen und wie sie orchestriert werden m\u00fcssen, um die gew\u00fcnschten Effekte zu erreichen.<\/p>\n<p>In seiner Pr\u00e4sentation \u00fcber neue Instrumente zur Steuerung von grossen Immobilienportfolios zeigte Heinz Bernegger vom IFM, welche Rolle das Facility Management dabei zur Erreichung von Nachhaltigkeits-Zielen spielt. Transparenz und Kontinuit\u00e4t sind ohne wissensbasierte Instrumente kaum zu erreichen, auch nicht ohne wiederkehrende Messungen der Zielerreichung.<\/p>\n<p>Prof. Dr. Ulrich Schramm von der FH Bielefeld gab einen \u00dcberblick \u00fcber die Bewertung von Geb\u00e4ude-Performance. In einer Fallstudie eines Universit\u00e4tscampus veranschaulichte er die verschiedenen Feedbackschleifen dieses Ansatzes. Das Beispiel zeigte, dass die Idee der nutzerorientierten Bewertung auf den gesamten Lebenszyklus eines Geb\u00e4udes ausgedehnt werden sollte, um die besten L\u00f6sungen und Qualit\u00e4ten f\u00fcr die Geb\u00e4udenutzer und ihre Aktivit\u00e4ten zu gew\u00e4hrleisten.<\/p>\n<p>Der Consultant Chris Havers aus Wokingham UK pr\u00e4sentierte einen FM-Nachhaltigkeits-Index mit 23 Dimensionen in Bezug auf Energie, Gesellschaft und Regelwerke. Dieser erm\u00f6glicht ein unternehmensweites Benchmarking und positioniert Nachhaltigkeit im FM als Teil der sozialen Verantwortung von Unternehmen.<\/p>\n<h2><strong>Intensiver Austausch in Workshops <\/strong><\/h2>\n<p>Die Inhalte der Vortr\u00e4ge aufgreifend, wurde am Nachmittag in vier Workshops intensiv \u00fcber offene Fragen und L\u00f6sungsans\u00e4tze in der Praxis diskutiert, zu den Themen \u00abWorkplace Reengineering\u00bb, \u00abRestorative Environments\u00bb, \u00abIT systems in FM and sustainable facilities management\u00bb und \u00abMeasuring sustainability in building operations\u00bb.<\/p>\n<p>Gastgeberin und Institutsleiterin Prof. Dr. Antje Junghans verabschiedete die Teilnehmenden mit einem Appell zur Intensivierung von internationalen Forschungsaktivit\u00e4ten. Forschung trage dazu bei, fundierte Erkenntnisse zu gewinnen und vorausschauend Konzepte f\u00fcr zukunftsf\u00e4hige Entwicklungen zu erstellen. Forschende profitierten von Theorien und Methoden, die dazu beitragen, ein vertieftes Verst\u00e4ndnis komplexer Zusammenh\u00e4nge zu gewinnen.<\/p>\n<p>Der Dialog zwischen Wissenschaft, Praxis und Lehre wird vom IFM im Rahmen des IFM Day 2019 am 8. M\u00e4rz 2019 weitergef\u00fchrt, dies unter dem Titel \u00abManagement in Zeiten geforderter Customer Happiness\u00bb. Das n\u00e4chste IFM Symposium zum \u00abThema Health Care and Digital FM\u00bb ist am 4. Oktober 2019.<\/p>\n<p><a href=\"http:\/\/www.zhaw.ch\"><em>www.zhaw.ch<\/em><\/a><\/p>\n","protected":false},"excerpt":{"rendered":"<p>Am Fachsymposium vom 5. Oktober 2018 unter dem Titel \u00abEvidence-based Facility Management on Workplace and Sustainable FM\u00bb trafen Wissenschaftlerinnen und Wissenschaftler aus den USA und Europa mit Forschenden und Studierenden des IFM und Vertretern der Schweizer Wirtschaft zusammen. Das Spektrum der Referate reichte von der Arbeitsplatzumgebung und psychologischen Fragen, \u00fcber IT-Systeme und Nachhaltigkeit bis zu [&hellip;]<\/p>\n","protected":false},"author":4,"featured_media":4366,"comment_status":"open","ping_status":"open","sticky":false,"template":"","format":"standard","meta":{"_acf_changed":false,"_yoast_wpseo_focuskw":"Arbeitswelten","_yoast_wpseo_metadesc":"Schwerpunkt des dritten internationalen IFM-Symposiums am Institut f\u00fcr Facility Management in W\u00e4denswil bildeten u.a. die Arbeitswelten von morgen.","articlekey":"","footnotes":""},"categories":[28],"tags":[51,193,195,335],"class_list":["post-4365","post","type-post","status-publish","format-standard","has-post-thumbnail","hentry","category-management","tag-arbeitsplatzgestaltung","tag-fachkongressfachmesse","tag-facility-management","tag-management-und-unternehmensfuehrung"],"acf":[],"yoast_head":"<!-- This site is optimized with the Yoast SEO plugin v27.4 - https:\/\/yoast.com\/product\/yoast-seo-wordpress\/ -->\n<title>Die Arbeitswelten von morgen und Nachhaltigkeit im Facility Management - Organisator<\/title>\n<meta name=\"description\" content=\"Schwerpunkt des dritten internationalen IFM-Symposiums am Institut f\u00fcr Facility Management in W\u00e4denswil bildeten u.a. die Arbeitswelten von morgen.\" \/>\n<meta name=\"robots\" content=\"index, follow, max-snippet:-1, max-image-preview:large, max-video-preview:-1\" \/>\n<link rel=\"canonical\" href=\"https:\/\/www.organisator.ch\/de\/management\/2018-10-15\/die-arbeitswelten-von-morgen-und-nachhaltigkeit-im-facility-management\/\" \/>\n<meta property=\"og:locale\" content=\"de_DE\" \/>\n<meta property=\"og:type\" content=\"article\" \/>\n<meta property=\"og:title\" content=\"Die Arbeitswelten von morgen und Nachhaltigkeit im Facility Management\" \/>\n<meta property=\"og:description\" content=\"Schwerpunkt des dritten internationalen IFM-Symposiums am Institut f\u00fcr Facility Management in W\u00e4denswil bildeten u.a. die Arbeitswelten von morgen.\" \/>\n<meta property=\"og:url\" content=\"https:\/\/www.organisator.ch\/de\/management\/2018-10-15\/die-arbeitswelten-von-morgen-und-nachhaltigkeit-im-facility-management\/\" \/>\n<meta property=\"og:site_name\" content=\"Organisator\" \/>\n<meta property=\"article:publisher\" content=\"https:\/\/www.facebook.com\/OrganisatorFachmagazin\" \/>\n<meta property=\"article:published_time\" content=\"2018-10-15T06:27:50+00:00\" \/>\n<meta property=\"og:image\" content=\"https:\/\/www.organisator.ch\/wp-content\/uploads\/2018\/10\/Die-Arbeitswelten-von-morgen-und-Nachhaltigkeit-im-Facility-Management_Organisator.jpg\" \/>\n\t<meta property=\"og:image:width\" content=\"640\" \/>\n\t<meta property=\"og:image:height\" content=\"427\" \/>\n\t<meta property=\"og:image:type\" content=\"image\/jpeg\" \/>\n<meta name=\"author\" content=\"thomas.berner\" \/>\n<meta name=\"twitter:card\" content=\"summary_large_image\" \/>\n<meta name=\"twitter:title\" content=\"Die #Arbeitswelten von morgen und #Nachhaltigkeit im Facility Management\" \/>\n<meta name=\"twitter:description\" content=\"Schwerpunkt des dritten internationalen #IFM-Symposiums am Institut f\u00fcr Facility Management in W\u00e4denswil bildeten u.a. die Arbeitswelten von morgen.\" \/>\n<meta name=\"twitter:image\" content=\"https:\/\/www.organisator.ch\/wp-content\/uploads\/2018\/10\/Die-Arbeitswelten-von-morgen-und-Nachhaltigkeit-im-Facility-Management_Organisator.jpg\" \/>\n<script type=\"application\/ld+json\" class=\"yoast-schema-graph\">{\"@context\":\"https:\\\/\\\/schema.org\",\"@graph\":[{\"@type\":\"Article\",\"@id\":\"https:\\\/\\\/www.organisator.ch\\\/management\\\/2018-10-15\\\/die-arbeitswelten-von-morgen-und-nachhaltigkeit-im-facility-management\\\/#article\",\"isPartOf\":{\"@id\":\"https:\\\/\\\/www.organisator.ch\\\/management\\\/2018-10-15\\\/die-arbeitswelten-von-morgen-und-nachhaltigkeit-im-facility-management\\\/\"},\"author\":{\"name\":\"thomas.berner\",\"@id\":\"https:\\\/\\\/www.organisator.ch\\\/#\\\/schema\\\/person\\\/6f650f90b2842cd4c0cc334b4e36f67e\"},\"headline\":\"Die Arbeitswelten von morgen und Nachhaltigkeit im Facility Management\",\"datePublished\":\"2018-10-15T06:27:50+00:00\",\"mainEntityOfPage\":{\"@id\":\"https:\\\/\\\/www.organisator.ch\\\/management\\\/2018-10-15\\\/die-arbeitswelten-von-morgen-und-nachhaltigkeit-im-facility-management\\\/\"},\"wordCount\":867,\"commentCount\":0,\"publisher\":{\"@id\":\"https:\\\/\\\/www.organisator.ch\\\/#organization\"},\"image\":{\"@id\":\"https:\\\/\\\/www.organisator.ch\\\/management\\\/2018-10-15\\\/die-arbeitswelten-von-morgen-und-nachhaltigkeit-im-facility-management\\\/#primaryimage\"},\"thumbnailUrl\":\"https:\\\/\\\/www.organisator.ch\\\/wp-content\\\/uploads\\\/2018\\\/10\\\/Die-Arbeitswelten-von-morgen-und-Nachhaltigkeit-im-Facility-Management_Organisator.jpg\",\"keywords\":[\"Arbeitsplatzgestaltung\",\"Fachkongress\\\/Fachmesse\",\"Facility Management\",\"Management und Unternehmensf\u00fchrung\"],\"articleSection\":[\"MANAGEMENT\"],\"inLanguage\":\"de\"},{\"@type\":\"WebPage\",\"@id\":\"https:\\\/\\\/www.organisator.ch\\\/management\\\/2018-10-15\\\/die-arbeitswelten-von-morgen-und-nachhaltigkeit-im-facility-management\\\/\",\"url\":\"https:\\\/\\\/www.organisator.ch\\\/management\\\/2018-10-15\\\/die-arbeitswelten-von-morgen-und-nachhaltigkeit-im-facility-management\\\/\",\"name\":\"Die Arbeitswelten von morgen und Nachhaltigkeit im Facility Management - Organisator\",\"isPartOf\":{\"@id\":\"https:\\\/\\\/www.organisator.ch\\\/#website\"},\"primaryImageOfPage\":{\"@id\":\"https:\\\/\\\/www.organisator.ch\\\/management\\\/2018-10-15\\\/die-arbeitswelten-von-morgen-und-nachhaltigkeit-im-facility-management\\\/#primaryimage\"},\"image\":{\"@id\":\"https:\\\/\\\/www.organisator.ch\\\/management\\\/2018-10-15\\\/die-arbeitswelten-von-morgen-und-nachhaltigkeit-im-facility-management\\\/#primaryimage\"},\"thumbnailUrl\":\"https:\\\/\\\/www.organisator.ch\\\/wp-content\\\/uploads\\\/2018\\\/10\\\/Die-Arbeitswelten-von-morgen-und-Nachhaltigkeit-im-Facility-Management_Organisator.jpg\",\"datePublished\":\"2018-10-15T06:27:50+00:00\",\"description\":\"Schwerpunkt des dritten internationalen IFM-Symposiums am Institut f\u00fcr Facility Management in W\u00e4denswil bildeten u.a. die Arbeitswelten von morgen.\",\"breadcrumb\":{\"@id\":\"https:\\\/\\\/www.organisator.ch\\\/management\\\/2018-10-15\\\/die-arbeitswelten-von-morgen-und-nachhaltigkeit-im-facility-management\\\/#breadcrumb\"},\"inLanguage\":\"de\",\"potentialAction\":[{\"@type\":\"ReadAction\",\"target\":[\"https:\\\/\\\/www.organisator.ch\\\/management\\\/2018-10-15\\\/die-arbeitswelten-von-morgen-und-nachhaltigkeit-im-facility-management\\\/\"]}]},{\"@type\":\"ImageObject\",\"inLanguage\":\"de\",\"@id\":\"https:\\\/\\\/www.organisator.ch\\\/management\\\/2018-10-15\\\/die-arbeitswelten-von-morgen-und-nachhaltigkeit-im-facility-management\\\/#primaryimage\",\"url\":\"https:\\\/\\\/www.organisator.ch\\\/wp-content\\\/uploads\\\/2018\\\/10\\\/Die-Arbeitswelten-von-morgen-und-Nachhaltigkeit-im-Facility-Management_Organisator.jpg\",\"contentUrl\":\"https:\\\/\\\/www.organisator.ch\\\/wp-content\\\/uploads\\\/2018\\\/10\\\/Die-Arbeitswelten-von-morgen-und-Nachhaltigkeit-im-Facility-Management_Organisator.jpg\",\"width\":640,\"height\":427,\"caption\":\"IFM-Leiterin Prof. Dr.-Ing. Antje Junghans er\u00f6ffnet das IFM-Symposium an der ZHAW in W\u00e4denswil. (Foto: \u00a9Tevy, W\u00e4denswil)\"},{\"@type\":\"BreadcrumbList\",\"@id\":\"https:\\\/\\\/www.organisator.ch\\\/management\\\/2018-10-15\\\/die-arbeitswelten-von-morgen-und-nachhaltigkeit-im-facility-management\\\/#breadcrumb\",\"itemListElement\":[{\"@type\":\"ListItem\",\"position\":1,\"name\":\"Home\",\"item\":\"https:\\\/\\\/www.organisator.ch\\\/\"},{\"@type\":\"ListItem\",\"position\":2,\"name\":\"Die Arbeitswelten von morgen und Nachhaltigkeit im Facility Management\"}]},{\"@type\":\"WebSite\",\"@id\":\"https:\\\/\\\/www.organisator.ch\\\/#website\",\"url\":\"https:\\\/\\\/www.organisator.ch\\\/\",\"name\":\"Organisator\",\"description\":\"Kompetent. Praxisnah. Der ORGANISATOR bereitet in 10 Ausgaben pro Jahr die wesentlichen Themen f\u00fcr F\u00fchrungskr\u00e4fte von KMU auf.\",\"publisher\":{\"@id\":\"https:\\\/\\\/www.organisator.ch\\\/#organization\"},\"potentialAction\":[{\"@type\":\"SearchAction\",\"target\":{\"@type\":\"EntryPoint\",\"urlTemplate\":\"https:\\\/\\\/www.organisator.ch\\\/?s={search_term_string}\"},\"query-input\":{\"@type\":\"PropertyValueSpecification\",\"valueRequired\":true,\"valueName\":\"search_term_string\"}}],\"inLanguage\":\"de\"},{\"@type\":\"Organization\",\"@id\":\"https:\\\/\\\/www.organisator.ch\\\/#organization\",\"name\":\"Organisator\",\"url\":\"https:\\\/\\\/www.organisator.ch\\\/\",\"logo\":{\"@type\":\"ImageObject\",\"inLanguage\":\"de\",\"@id\":\"https:\\\/\\\/www.organisator.ch\\\/#\\\/schema\\\/logo\\\/image\\\/\",\"url\":\"https:\\\/\\\/www.organisator.ch\\\/wp-content\\\/uploads\\\/2022\\\/01\\\/Logo_Organisator_Website.png\",\"contentUrl\":\"https:\\\/\\\/www.organisator.ch\\\/wp-content\\\/uploads\\\/2022\\\/01\\\/Logo_Organisator_Website.png\",\"width\":800,\"height\":77,\"caption\":\"Organisator\"},\"image\":{\"@id\":\"https:\\\/\\\/www.organisator.ch\\\/#\\\/schema\\\/logo\\\/image\\\/\"},\"sameAs\":[\"https:\\\/\\\/www.facebook.com\\\/OrganisatorFachmagazin\",\"https:\\\/\\\/www.linkedin.com\\\/showcase\\\/organisator-das-magazin-fr-kmu\",\"https:\\\/\\\/www.xing.com\\\/news\\\/pages\\\/organisator-ch-695\",\"https:\\\/\\\/www.youtube.com\\\/channel\\\/UCGP2Sq0iWaZwT3BdIAQFYpw\"]},{\"@type\":\"Person\",\"@id\":\"https:\\\/\\\/www.organisator.ch\\\/#\\\/schema\\\/person\\\/6f650f90b2842cd4c0cc334b4e36f67e\",\"name\":\"thomas.berner\",\"image\":{\"@type\":\"ImageObject\",\"inLanguage\":\"de\",\"@id\":\"https:\\\/\\\/secure.gravatar.com\\\/avatar\\\/ac5001d2a36cb6c6cd3e50789007ffca834b477b74a2144564522e944eabff61?s=96&d=mm&r=g\",\"url\":\"https:\\\/\\\/secure.gravatar.com\\\/avatar\\\/ac5001d2a36cb6c6cd3e50789007ffca834b477b74a2144564522e944eabff61?s=96&d=mm&r=g\",\"contentUrl\":\"https:\\\/\\\/secure.gravatar.com\\\/avatar\\\/ac5001d2a36cb6c6cd3e50789007ffca834b477b74a2144564522e944eabff61?s=96&d=mm&r=g\",\"caption\":\"thomas.berner\"},\"url\":\"https:\\\/\\\/www.organisator.ch\\\/de\\\/author\\\/thomas-berner\\\/\"}]}<\/script>\n<!-- \/ Yoast SEO plugin. -->","yoast_head_json":{"title":"Die Arbeitswelten von morgen und Nachhaltigkeit im Facility Management - Organisator","description":"Schwerpunkt des dritten internationalen IFM-Symposiums am Institut f\u00fcr Facility Management in W\u00e4denswil bildeten u.a. die Arbeitswelten von morgen.","robots":{"index":"index","follow":"follow","max-snippet":"max-snippet:-1","max-image-preview":"max-image-preview:large","max-video-preview":"max-video-preview:-1"},"canonical":"https:\/\/www.organisator.ch\/de\/management\/2018-10-15\/die-arbeitswelten-von-morgen-und-nachhaltigkeit-im-facility-management\/","og_locale":"de_DE","og_type":"article","og_title":"Die Arbeitswelten von morgen und Nachhaltigkeit im Facility Management","og_description":"Schwerpunkt des dritten internationalen IFM-Symposiums am Institut f\u00fcr Facility Management in W\u00e4denswil bildeten u.a. die Arbeitswelten von morgen.","og_url":"https:\/\/www.organisator.ch\/de\/management\/2018-10-15\/die-arbeitswelten-von-morgen-und-nachhaltigkeit-im-facility-management\/","og_site_name":"Organisator","article_publisher":"https:\/\/www.facebook.com\/OrganisatorFachmagazin","article_published_time":"2018-10-15T06:27:50+00:00","og_image":[{"width":640,"height":427,"url":"https:\/\/www.organisator.ch\/wp-content\/uploads\/2018\/10\/Die-Arbeitswelten-von-morgen-und-Nachhaltigkeit-im-Facility-Management_Organisator.jpg","type":"image\/jpeg"}],"author":"thomas.berner","twitter_card":"summary_large_image","twitter_title":"Die #Arbeitswelten von morgen und #Nachhaltigkeit im Facility Management","twitter_description":"Schwerpunkt des dritten internationalen #IFM-Symposiums am Institut f\u00fcr Facility Management in W\u00e4denswil bildeten u.a. die Arbeitswelten von morgen.","twitter_image":"https:\/\/www.organisator.ch\/wp-content\/uploads\/2018\/10\/Die-Arbeitswelten-von-morgen-und-Nachhaltigkeit-im-Facility-Management_Organisator.jpg","schema":{"@context":"https:\/\/schema.org","@graph":[{"@type":"Article","@id":"https:\/\/www.organisator.ch\/management\/2018-10-15\/die-arbeitswelten-von-morgen-und-nachhaltigkeit-im-facility-management\/#article","isPartOf":{"@id":"https:\/\/www.organisator.ch\/management\/2018-10-15\/die-arbeitswelten-von-morgen-und-nachhaltigkeit-im-facility-management\/"},"author":{"name":"thomas.berner","@id":"https:\/\/www.organisator.ch\/#\/schema\/person\/6f650f90b2842cd4c0cc334b4e36f67e"},"headline":"Die Arbeitswelten von morgen und Nachhaltigkeit im Facility Management","datePublished":"2018-10-15T06:27:50+00:00","mainEntityOfPage":{"@id":"https:\/\/www.organisator.ch\/management\/2018-10-15\/die-arbeitswelten-von-morgen-und-nachhaltigkeit-im-facility-management\/"},"wordCount":867,"commentCount":0,"publisher":{"@id":"https:\/\/www.organisator.ch\/#organization"},"image":{"@id":"https:\/\/www.organisator.ch\/management\/2018-10-15\/die-arbeitswelten-von-morgen-und-nachhaltigkeit-im-facility-management\/#primaryimage"},"thumbnailUrl":"https:\/\/www.organisator.ch\/wp-content\/uploads\/2018\/10\/Die-Arbeitswelten-von-morgen-und-Nachhaltigkeit-im-Facility-Management_Organisator.jpg","keywords":["Arbeitsplatzgestaltung","Fachkongress\/Fachmesse","Facility Management","Management und Unternehmensf\u00fchrung"],"articleSection":["MANAGEMENT"],"inLanguage":"de"},{"@type":"WebPage","@id":"https:\/\/www.organisator.ch\/management\/2018-10-15\/die-arbeitswelten-von-morgen-und-nachhaltigkeit-im-facility-management\/","url":"https:\/\/www.organisator.ch\/management\/2018-10-15\/die-arbeitswelten-von-morgen-und-nachhaltigkeit-im-facility-management\/","name":"Die Arbeitswelten von morgen und Nachhaltigkeit im Facility Management - Organisator","isPartOf":{"@id":"https:\/\/www.organisator.ch\/#website"},"primaryImageOfPage":{"@id":"https:\/\/www.organisator.ch\/management\/2018-10-15\/die-arbeitswelten-von-morgen-und-nachhaltigkeit-im-facility-management\/#primaryimage"},"image":{"@id":"https:\/\/www.organisator.ch\/management\/2018-10-15\/die-arbeitswelten-von-morgen-und-nachhaltigkeit-im-facility-management\/#primaryimage"},"thumbnailUrl":"https:\/\/www.organisator.ch\/wp-content\/uploads\/2018\/10\/Die-Arbeitswelten-von-morgen-und-Nachhaltigkeit-im-Facility-Management_Organisator.jpg","datePublished":"2018-10-15T06:27:50+00:00","description":"Schwerpunkt des dritten internationalen IFM-Symposiums am Institut f\u00fcr Facility Management in W\u00e4denswil bildeten u.a. die Arbeitswelten von morgen.","breadcrumb":{"@id":"https:\/\/www.organisator.ch\/management\/2018-10-15\/die-arbeitswelten-von-morgen-und-nachhaltigkeit-im-facility-management\/#breadcrumb"},"inLanguage":"de","potentialAction":[{"@type":"ReadAction","target":["https:\/\/www.organisator.ch\/management\/2018-10-15\/die-arbeitswelten-von-morgen-und-nachhaltigkeit-im-facility-management\/"]}]},{"@type":"ImageObject","inLanguage":"de","@id":"https:\/\/www.organisator.ch\/management\/2018-10-15\/die-arbeitswelten-von-morgen-und-nachhaltigkeit-im-facility-management\/#primaryimage","url":"https:\/\/www.organisator.ch\/wp-content\/uploads\/2018\/10\/Die-Arbeitswelten-von-morgen-und-Nachhaltigkeit-im-Facility-Management_Organisator.jpg","contentUrl":"https:\/\/www.organisator.ch\/wp-content\/uploads\/2018\/10\/Die-Arbeitswelten-von-morgen-und-Nachhaltigkeit-im-Facility-Management_Organisator.jpg","width":640,"height":427,"caption":"IFM-Leiterin Prof. Dr.-Ing. Antje Junghans er\u00f6ffnet das IFM-Symposium an der ZHAW in W\u00e4denswil. (Foto: \u00a9Tevy, W\u00e4denswil)"},{"@type":"BreadcrumbList","@id":"https:\/\/www.organisator.ch\/management\/2018-10-15\/die-arbeitswelten-von-morgen-und-nachhaltigkeit-im-facility-management\/#breadcrumb","itemListElement":[{"@type":"ListItem","position":1,"name":"Home","item":"https:\/\/www.organisator.ch\/"},{"@type":"ListItem","position":2,"name":"Die Arbeitswelten von morgen und Nachhaltigkeit im Facility Management"}]},{"@type":"WebSite","@id":"https:\/\/www.organisator.ch\/#website","url":"https:\/\/www.organisator.ch\/","name":"Organisator","description":"Kompetent. Praxisnah. Der ORGANISATOR bereitet in 10 Ausgaben pro Jahr die wesentlichen Themen f\u00fcr F\u00fchrungskr\u00e4fte von KMU auf.","publisher":{"@id":"https:\/\/www.organisator.ch\/#organization"},"potentialAction":[{"@type":"SearchAction","target":{"@type":"EntryPoint","urlTemplate":"https:\/\/www.organisator.ch\/?s={search_term_string}"},"query-input":{"@type":"PropertyValueSpecification","valueRequired":true,"valueName":"search_term_string"}}],"inLanguage":"de"},{"@type":"Organization","@id":"https:\/\/www.organisator.ch\/#organization","name":"Organisator","url":"https:\/\/www.organisator.ch\/","logo":{"@type":"ImageObject","inLanguage":"de","@id":"https:\/\/www.organisator.ch\/#\/schema\/logo\/image\/","url":"https:\/\/www.organisator.ch\/wp-content\/uploads\/2022\/01\/Logo_Organisator_Website.png","contentUrl":"https:\/\/www.organisator.ch\/wp-content\/uploads\/2022\/01\/Logo_Organisator_Website.png","width":800,"height":77,"caption":"Organisator"},"image":{"@id":"https:\/\/www.organisator.ch\/#\/schema\/logo\/image\/"},"sameAs":["https:\/\/www.facebook.com\/OrganisatorFachmagazin","https:\/\/www.linkedin.com\/showcase\/organisator-das-magazin-fr-kmu","https:\/\/www.xing.com\/news\/pages\/organisator-ch-695","https:\/\/www.youtube.com\/channel\/UCGP2Sq0iWaZwT3BdIAQFYpw"]},{"@type":"Person","@id":"https:\/\/www.organisator.ch\/#\/schema\/person\/6f650f90b2842cd4c0cc334b4e36f67e","name":"thomas.berner","image":{"@type":"ImageObject","inLanguage":"de","@id":"https:\/\/secure.gravatar.com\/avatar\/ac5001d2a36cb6c6cd3e50789007ffca834b477b74a2144564522e944eabff61?s=96&d=mm&r=g","url":"https:\/\/secure.gravatar.com\/avatar\/ac5001d2a36cb6c6cd3e50789007ffca834b477b74a2144564522e944eabff61?s=96&d=mm&r=g","contentUrl":"https:\/\/secure.gravatar.com\/avatar\/ac5001d2a36cb6c6cd3e50789007ffca834b477b74a2144564522e944eabff61?s=96&d=mm&r=g","caption":"thomas.berner"},"url":"https:\/\/www.organisator.ch\/de\/author\/thomas-berner\/"}]}},"_links":{"self":[{"href":"https:\/\/www.organisator.ch\/de\/wp-json\/wp\/v2\/posts\/4365","targetHints":{"allow":["GET"]}}],"collection":[{"href":"https:\/\/www.organisator.ch\/de\/wp-json\/wp\/v2\/posts"}],"about":[{"href":"https:\/\/www.organisator.ch\/de\/wp-json\/wp\/v2\/types\/post"}],"author":[{"embeddable":true,"href":"https:\/\/www.organisator.ch\/de\/wp-json\/wp\/v2\/users\/4"}],"replies":[{"embeddable":true,"href":"https:\/\/www.organisator.ch\/de\/wp-json\/wp\/v2\/comments?post=4365"}],"version-history":[{"count":0,"href":"https:\/\/www.organisator.ch\/de\/wp-json\/wp\/v2\/posts\/4365\/revisions"}],"wp:featuredmedia":[{"embeddable":true,"href":"https:\/\/www.organisator.ch\/de\/wp-json\/wp\/v2\/media\/4366"}],"wp:attachment":[{"href":"https:\/\/www.organisator.ch\/de\/wp-json\/wp\/v2\/media?parent=4365"}],"wp:term":[{"taxonomy":"category","embeddable":true,"href":"https:\/\/www.organisator.ch\/de\/wp-json\/wp\/v2\/categories?post=4365"},{"taxonomy":"post_tag","embeddable":true,"href":"https:\/\/www.organisator.ch\/de\/wp-json\/wp\/v2\/tags?post=4365"}],"curies":[{"name":"wp","href":"https:\/\/api.w.org\/{rel}","templated":true}]}}