{"id":4402,"date":"2018-10-23T15:44:44","date_gmt":"2018-10-23T13:44:44","guid":{"rendered":"https:\/\/www.organisator.ch\/?p=4402"},"modified":"2018-10-23T15:44:44","modified_gmt":"2018-10-23T13:44:44","slug":"umsatz-mit-fair-trade-produkten-weiter-angestiegen","status":"publish","type":"post","link":"https:\/\/www.organisator.ch\/de\/allgemein\/2018-10-23\/umsatz-mit-fair-trade-produkten-weiter-angestiegen\/","title":{"rendered":"Umsatz mit Fair Trade Produkten weiter angestiegen"},"content":{"rendered":"<figure id=\"attachment_4403\" aria-describedby=\"caption-attachment-4403\" style=\"width: 640px\" class=\"wp-caption alignnone\"><img loading=\"lazy\" decoding=\"async\" class=\"size-full wp-image-4403\" src=\"https:\/\/www.organisator.ch\/wp-content\/uploads\/2018\/10\/Umsatz-mit-Fair-Trade-Produkten-weiter-angestiegen-1_Organisator.jpg\" alt=\"\" width=\"640\" height=\"427\" srcset=\"https:\/\/www.organisator.ch\/wp-content\/uploads\/2018\/10\/Umsatz-mit-Fair-Trade-Produkten-weiter-angestiegen-1_Organisator.jpg 640w, https:\/\/www.organisator.ch\/wp-content\/uploads\/2018\/10\/Umsatz-mit-Fair-Trade-Produkten-weiter-angestiegen-1_Organisator-16x12.jpg 16w, https:\/\/www.organisator.ch\/wp-content\/uploads\/2018\/10\/Umsatz-mit-Fair-Trade-Produkten-weiter-angestiegen-1_Organisator-262x175.jpg 262w, https:\/\/www.organisator.ch\/wp-content\/uploads\/2018\/10\/Umsatz-mit-Fair-Trade-Produkten-weiter-angestiegen-1_Organisator-525x350.jpg 525w, https:\/\/www.organisator.ch\/wp-content\/uploads\/2018\/10\/Umsatz-mit-Fair-Trade-Produkten-weiter-angestiegen-1_Organisator-300x200.jpg 300w\" sizes=\"auto, (max-width: 640px) 100vw, 640px\" \/><figcaption id=\"caption-attachment-4403\" class=\"wp-caption-text\">Schweizer Konsumenten setzten 2017 verst\u00e4rkt auf\u00a0fair gehandelte\u00a0Produkte. (Bild: Swiss Fair Trade)<\/figcaption><\/figure>\n<p>Im letzten Jahr hat der Umsatz von fair gehandelten Produkten in der Schweiz erneut zugenommen. Dies teilt\u00a0der Dachverband der Fair Trade-Organisationen in der Schweiz, in einem aktuellen Communiqu\u00e9 mit.\u00a0Mit einem Wachstum von 11% stiegen die Fair Trade-Ums\u00e4tze 2017 auf 768.4 Millionen Franken. Insbesondere der klassische Produktbereich des Fairen Handels, Schokolade, resp. Kakaoprodukte, verzeichnete im Vergleich zum Vorjahr ein beachtliches Wachstum von 71%. Gesamthaft macht die Kategorie frische Fr\u00fcchte (Bananen, Ananas, etc.) mit 23% den gr\u00f6ssten Umsatzanteil aus. Schweizerinnen und Schweizer gaben 2017 pro Person folglich 91 Franken f\u00fcr Produkte aus Fairem Handel aus. Damit ist die Schweiz weiterhin Weltmeisterin im Pro-Kopf-Konsum von fair gehandelten Produkten.<\/p>\n<p><img loading=\"lazy\" decoding=\"async\" class=\"alignnone size-full wp-image-4406\" src=\"https:\/\/www.organisator.ch\/wp-content\/uploads\/2018\/10\/Umsatz-mit-Fair-Trade-Produkten-weiter-angestiegen-2_Organisator.jpg\" alt=\"\" width=\"640\" height=\"452\" srcset=\"https:\/\/www.organisator.ch\/wp-content\/uploads\/2018\/10\/Umsatz-mit-Fair-Trade-Produkten-weiter-angestiegen-2_Organisator.jpg 640w, https:\/\/www.organisator.ch\/wp-content\/uploads\/2018\/10\/Umsatz-mit-Fair-Trade-Produkten-weiter-angestiegen-2_Organisator-16x12.jpg 16w, https:\/\/www.organisator.ch\/wp-content\/uploads\/2018\/10\/Umsatz-mit-Fair-Trade-Produkten-weiter-angestiegen-2_Organisator-248x175.jpg 248w, https:\/\/www.organisator.ch\/wp-content\/uploads\/2018\/10\/Umsatz-mit-Fair-Trade-Produkten-weiter-angestiegen-2_Organisator-496x350.jpg 496w, https:\/\/www.organisator.ch\/wp-content\/uploads\/2018\/10\/Umsatz-mit-Fair-Trade-Produkten-weiter-angestiegen-2_Organisator-300x212.jpg 300w\" sizes=\"auto, (max-width: 640px) 100vw, 640px\" \/><\/p>\n<p>Der Dachverband Swiss Fair Trade erhebt jedes Jahr die aktuellen Zahlen zum Fairen Handel in der Schweiz. Dabei wird der Umsatz aller Produkte ber\u00fccksichtigt, die von den Mitgliedern des Dachverbandes gehandelt oder zertifiziert werden. Die Verbandsmitglieder vertreten das gleiche Verst\u00e4ndnis des Fairen Handels und bekennen sich zu gemeinsamen Grunds\u00e4tzen und Standards. Der Faire Handel steht f\u00fcr langfristige und faire Handelsbeziehungen, stabile und transparente Preise, gerechte Arbeitsbedingungen und nachhaltige Anbaumethoden. Der Faire Handel erm\u00f6glicht es Menschen weltweit, durch ihre Arbeit ein existenzsicherndes Einkommen zu erzielen.<\/p>\n<p>Zu den Mitgliedern von Swiss Fair Trade z\u00e4hlen spezialisierte Handelsorganisationen, Fachgesch\u00e4fte, Labels, die fair gehandelte Produkte zertifizieren, Finanzinstitute, die im Sinne von Fair Trade investieren sowie NGOs, die sich politisch f\u00fcr eine St\u00e4rkung des Fairen Handels einsetzen.<\/p>\n<p><em>Weitere Informationen: <b><\/b><\/em><a href=\"http:\/\/www.swissfairtrade.ch\"><em>www.swissfairtrade.ch<\/em><\/a><\/p>\n<p>&nbsp;<\/p>\n","protected":false},"excerpt":{"rendered":"<p>Im letzten Jahr hat der Umsatz von fair gehandelten Produkten in der Schweiz erneut zugenommen. Dies teilt\u00a0der Dachverband der Fair Trade-Organisationen in der Schweiz, in einem aktuellen Communiqu\u00e9 mit.\u00a0Mit einem Wachstum von 11% stiegen die Fair Trade-Ums\u00e4tze 2017 auf 768.4 Millionen Franken. Insbesondere der klassische Produktbereich des Fairen Handels, Schokolade, resp. Kakaoprodukte, verzeichnete im Vergleich [&hellip;]<\/p>\n","protected":false},"author":4,"featured_media":4403,"comment_status":"open","ping_status":"open","sticky":false,"template":"","format":"standard","meta":{"_acf_changed":false,"_yoast_wpseo_focuskw":"Fair Trade","_yoast_wpseo_metadesc":"Der Konsum von Fair Trade-Produkten in der Schweiz hat 2017 abermals zugenommen. Die Ausgaben f\u00fcr Fair Trade-Produkte sind um 11% gestiegen.","articlekey":"","footnotes":""},"categories":[1],"tags":[312,452,508,531],"class_list":["post-4402","post","type-post","status-publish","format-standard","has-post-thumbnail","hentry","category-allgemein","tag-konsum","tag-statistik","tag-vermischtes","tag-wirtschaftspolitik"],"acf":[],"yoast_head":"<!-- This site is optimized with the Yoast SEO plugin v27.4 - https:\/\/yoast.com\/product\/yoast-seo-wordpress\/ -->\n<title>Umsatz mit Fair Trade Produkten weiter angestiegen - Organisator<\/title>\n<meta name=\"description\" content=\"Der Konsum von Fair Trade-Produkten in der Schweiz hat 2017 abermals zugenommen. Die Ausgaben f\u00fcr Fair Trade-Produkte sind um 11% gestiegen.\" \/>\n<meta name=\"robots\" content=\"index, follow, max-snippet:-1, max-image-preview:large, max-video-preview:-1\" \/>\n<link rel=\"canonical\" href=\"https:\/\/www.organisator.ch\/de\/allgemein\/2018-10-23\/umsatz-mit-fair-trade-produkten-weiter-angestiegen\/\" \/>\n<meta property=\"og:locale\" content=\"de_DE\" \/>\n<meta property=\"og:type\" content=\"article\" \/>\n<meta property=\"og:title\" content=\"Umsatz mit Fair Trade Produkten weiter angestiegen\" \/>\n<meta property=\"og:description\" content=\"Der Konsum von Fair Trade-Produkten in der Schweiz hat 2017 abermals zugenommen. Die Ausgaben f\u00fcr Fair Trade-Produkte sind um 11% gestiegen.\" \/>\n<meta property=\"og:url\" content=\"https:\/\/www.organisator.ch\/de\/allgemein\/2018-10-23\/umsatz-mit-fair-trade-produkten-weiter-angestiegen\/\" \/>\n<meta property=\"og:site_name\" content=\"Organisator\" \/>\n<meta property=\"article:publisher\" content=\"https:\/\/www.facebook.com\/OrganisatorFachmagazin\" \/>\n<meta property=\"article:published_time\" content=\"2018-10-23T13:44:44+00:00\" \/>\n<meta property=\"og:image\" content=\"https:\/\/www.organisator.ch\/wp-content\/uploads\/2018\/10\/Umsatz-mit-Fair-Trade-Produkten-weiter-angestiegen-1_Organisator.jpg\" \/>\n\t<meta property=\"og:image:width\" content=\"640\" \/>\n\t<meta property=\"og:image:height\" content=\"427\" \/>\n\t<meta property=\"og:image:type\" content=\"image\/jpeg\" \/>\n<meta name=\"author\" content=\"thomas.berner\" \/>\n<meta name=\"twitter:card\" content=\"summary_large_image\" \/>\n<meta name=\"twitter:title\" content=\"Umsatz mit #Fair-Trade-Produkten weiter angestiegen\" \/>\n<meta name=\"twitter:description\" content=\"Der Konsum von #Fair-Trade-Produkten in der Schweiz hat 2017 abermals zugenommen. Die Ausgaben f\u00fcr Fair Trade-Produkte sind um 11% gestiegen.\" \/>\n<meta name=\"twitter:image\" content=\"https:\/\/www.organisator.ch\/wp-content\/uploads\/2018\/10\/Umsatz-mit-Fair-Trade-Produkten-weiter-angestiegen-1_Organisator.jpg\" \/>\n<script type=\"application\/ld+json\" class=\"yoast-schema-graph\">{\"@context\":\"https:\\\/\\\/schema.org\",\"@graph\":[{\"@type\":\"Article\",\"@id\":\"https:\\\/\\\/www.organisator.ch\\\/en\\\/general\\\/2018-10-23\\\/umsatz-mit-fair-trade-produkten-weiter-angestiegen\\\/#article\",\"isPartOf\":{\"@id\":\"https:\\\/\\\/www.organisator.ch\\\/en\\\/general\\\/2018-10-23\\\/umsatz-mit-fair-trade-produkten-weiter-angestiegen\\\/\"},\"author\":{\"name\":\"thomas.berner\",\"@id\":\"https:\\\/\\\/www.organisator.ch\\\/#\\\/schema\\\/person\\\/6f650f90b2842cd4c0cc334b4e36f67e\"},\"headline\":\"Umsatz mit Fair Trade Produkten weiter angestiegen\",\"datePublished\":\"2018-10-23T13:44:44+00:00\",\"mainEntityOfPage\":{\"@id\":\"https:\\\/\\\/www.organisator.ch\\\/en\\\/general\\\/2018-10-23\\\/umsatz-mit-fair-trade-produkten-weiter-angestiegen\\\/\"},\"wordCount\":267,\"commentCount\":0,\"publisher\":{\"@id\":\"https:\\\/\\\/www.organisator.ch\\\/#organization\"},\"image\":{\"@id\":\"https:\\\/\\\/www.organisator.ch\\\/en\\\/general\\\/2018-10-23\\\/umsatz-mit-fair-trade-produkten-weiter-angestiegen\\\/#primaryimage\"},\"thumbnailUrl\":\"https:\\\/\\\/www.organisator.ch\\\/wp-content\\\/uploads\\\/2018\\\/10\\\/Umsatz-mit-Fair-Trade-Produkten-weiter-angestiegen-1_Organisator.jpg\",\"keywords\":[\"Konsum\",\"Statistik\",\"Vermischtes\",\"Wirtschaftspolitik\"],\"inLanguage\":\"de\"},{\"@type\":\"WebPage\",\"@id\":\"https:\\\/\\\/www.organisator.ch\\\/en\\\/general\\\/2018-10-23\\\/umsatz-mit-fair-trade-produkten-weiter-angestiegen\\\/\",\"url\":\"https:\\\/\\\/www.organisator.ch\\\/en\\\/general\\\/2018-10-23\\\/umsatz-mit-fair-trade-produkten-weiter-angestiegen\\\/\",\"name\":\"Umsatz mit Fair Trade Produkten weiter angestiegen - Organisator\",\"isPartOf\":{\"@id\":\"https:\\\/\\\/www.organisator.ch\\\/#website\"},\"primaryImageOfPage\":{\"@id\":\"https:\\\/\\\/www.organisator.ch\\\/en\\\/general\\\/2018-10-23\\\/umsatz-mit-fair-trade-produkten-weiter-angestiegen\\\/#primaryimage\"},\"image\":{\"@id\":\"https:\\\/\\\/www.organisator.ch\\\/en\\\/general\\\/2018-10-23\\\/umsatz-mit-fair-trade-produkten-weiter-angestiegen\\\/#primaryimage\"},\"thumbnailUrl\":\"https:\\\/\\\/www.organisator.ch\\\/wp-content\\\/uploads\\\/2018\\\/10\\\/Umsatz-mit-Fair-Trade-Produkten-weiter-angestiegen-1_Organisator.jpg\",\"datePublished\":\"2018-10-23T13:44:44+00:00\",\"description\":\"Der Konsum von Fair Trade-Produkten in der Schweiz hat 2017 abermals zugenommen. Die Ausgaben f\u00fcr Fair Trade-Produkte sind um 11% gestiegen.\",\"breadcrumb\":{\"@id\":\"https:\\\/\\\/www.organisator.ch\\\/en\\\/general\\\/2018-10-23\\\/umsatz-mit-fair-trade-produkten-weiter-angestiegen\\\/#breadcrumb\"},\"inLanguage\":\"de\",\"potentialAction\":[{\"@type\":\"ReadAction\",\"target\":[\"https:\\\/\\\/www.organisator.ch\\\/en\\\/general\\\/2018-10-23\\\/umsatz-mit-fair-trade-produkten-weiter-angestiegen\\\/\"]}]},{\"@type\":\"ImageObject\",\"inLanguage\":\"de\",\"@id\":\"https:\\\/\\\/www.organisator.ch\\\/en\\\/general\\\/2018-10-23\\\/umsatz-mit-fair-trade-produkten-weiter-angestiegen\\\/#primaryimage\",\"url\":\"https:\\\/\\\/www.organisator.ch\\\/wp-content\\\/uploads\\\/2018\\\/10\\\/Umsatz-mit-Fair-Trade-Produkten-weiter-angestiegen-1_Organisator.jpg\",\"contentUrl\":\"https:\\\/\\\/www.organisator.ch\\\/wp-content\\\/uploads\\\/2018\\\/10\\\/Umsatz-mit-Fair-Trade-Produkten-weiter-angestiegen-1_Organisator.jpg\",\"width\":640,\"height\":427,\"caption\":\"Schweizer Konsumenten setzten 2017 verst\u00e4rkt auf Fair Trade Produkte. (Bild: Swiss Fair Trade)\"},{\"@type\":\"BreadcrumbList\",\"@id\":\"https:\\\/\\\/www.organisator.ch\\\/en\\\/general\\\/2018-10-23\\\/umsatz-mit-fair-trade-produkten-weiter-angestiegen\\\/#breadcrumb\",\"itemListElement\":[{\"@type\":\"ListItem\",\"position\":1,\"name\":\"Home\",\"item\":\"https:\\\/\\\/www.organisator.ch\\\/\"},{\"@type\":\"ListItem\",\"position\":2,\"name\":\"Umsatz mit Fair Trade Produkten weiter angestiegen\"}]},{\"@type\":\"WebSite\",\"@id\":\"https:\\\/\\\/www.organisator.ch\\\/#website\",\"url\":\"https:\\\/\\\/www.organisator.ch\\\/\",\"name\":\"Organisator\",\"description\":\"Kompetent. Praxisnah. Der ORGANISATOR bereitet in 10 Ausgaben pro Jahr die wesentlichen Themen f\u00fcr F\u00fchrungskr\u00e4fte von KMU auf.\",\"publisher\":{\"@id\":\"https:\\\/\\\/www.organisator.ch\\\/#organization\"},\"potentialAction\":[{\"@type\":\"SearchAction\",\"target\":{\"@type\":\"EntryPoint\",\"urlTemplate\":\"https:\\\/\\\/www.organisator.ch\\\/?s={search_term_string}\"},\"query-input\":{\"@type\":\"PropertyValueSpecification\",\"valueRequired\":true,\"valueName\":\"search_term_string\"}}],\"inLanguage\":\"de\"},{\"@type\":\"Organization\",\"@id\":\"https:\\\/\\\/www.organisator.ch\\\/#organization\",\"name\":\"Organisator\",\"url\":\"https:\\\/\\\/www.organisator.ch\\\/\",\"logo\":{\"@type\":\"ImageObject\",\"inLanguage\":\"de\",\"@id\":\"https:\\\/\\\/www.organisator.ch\\\/#\\\/schema\\\/logo\\\/image\\\/\",\"url\":\"https:\\\/\\\/www.organisator.ch\\\/wp-content\\\/uploads\\\/2022\\\/01\\\/Logo_Organisator_Website.png\",\"contentUrl\":\"https:\\\/\\\/www.organisator.ch\\\/wp-content\\\/uploads\\\/2022\\\/01\\\/Logo_Organisator_Website.png\",\"width\":800,\"height\":77,\"caption\":\"Organisator\"},\"image\":{\"@id\":\"https:\\\/\\\/www.organisator.ch\\\/#\\\/schema\\\/logo\\\/image\\\/\"},\"sameAs\":[\"https:\\\/\\\/www.facebook.com\\\/OrganisatorFachmagazin\",\"https:\\\/\\\/www.linkedin.com\\\/showcase\\\/organisator-das-magazin-fr-kmu\",\"https:\\\/\\\/www.xing.com\\\/news\\\/pages\\\/organisator-ch-695\",\"https:\\\/\\\/www.youtube.com\\\/channel\\\/UCGP2Sq0iWaZwT3BdIAQFYpw\"]},{\"@type\":\"Person\",\"@id\":\"https:\\\/\\\/www.organisator.ch\\\/#\\\/schema\\\/person\\\/6f650f90b2842cd4c0cc334b4e36f67e\",\"name\":\"thomas.berner\",\"image\":{\"@type\":\"ImageObject\",\"inLanguage\":\"de\",\"@id\":\"https:\\\/\\\/secure.gravatar.com\\\/avatar\\\/ac5001d2a36cb6c6cd3e50789007ffca834b477b74a2144564522e944eabff61?s=96&d=mm&r=g\",\"url\":\"https:\\\/\\\/secure.gravatar.com\\\/avatar\\\/ac5001d2a36cb6c6cd3e50789007ffca834b477b74a2144564522e944eabff61?s=96&d=mm&r=g\",\"contentUrl\":\"https:\\\/\\\/secure.gravatar.com\\\/avatar\\\/ac5001d2a36cb6c6cd3e50789007ffca834b477b74a2144564522e944eabff61?s=96&d=mm&r=g\",\"caption\":\"thomas.berner\"},\"url\":\"https:\\\/\\\/www.organisator.ch\\\/de\\\/author\\\/thomas-berner\\\/\"}]}<\/script>\n<!-- \/ Yoast SEO plugin. -->","yoast_head_json":{"title":"Umsatz mit Fair Trade Produkten weiter angestiegen - Organisator","description":"Der Konsum von Fair Trade-Produkten in der Schweiz hat 2017 abermals zugenommen. Die Ausgaben f\u00fcr Fair Trade-Produkte sind um 11% gestiegen.","robots":{"index":"index","follow":"follow","max-snippet":"max-snippet:-1","max-image-preview":"max-image-preview:large","max-video-preview":"max-video-preview:-1"},"canonical":"https:\/\/www.organisator.ch\/de\/allgemein\/2018-10-23\/umsatz-mit-fair-trade-produkten-weiter-angestiegen\/","og_locale":"de_DE","og_type":"article","og_title":"Umsatz mit Fair Trade Produkten weiter angestiegen","og_description":"Der Konsum von Fair Trade-Produkten in der Schweiz hat 2017 abermals zugenommen. Die Ausgaben f\u00fcr Fair Trade-Produkte sind um 11% gestiegen.","og_url":"https:\/\/www.organisator.ch\/de\/allgemein\/2018-10-23\/umsatz-mit-fair-trade-produkten-weiter-angestiegen\/","og_site_name":"Organisator","article_publisher":"https:\/\/www.facebook.com\/OrganisatorFachmagazin","article_published_time":"2018-10-23T13:44:44+00:00","og_image":[{"width":640,"height":427,"url":"https:\/\/www.organisator.ch\/wp-content\/uploads\/2018\/10\/Umsatz-mit-Fair-Trade-Produkten-weiter-angestiegen-1_Organisator.jpg","type":"image\/jpeg"}],"author":"thomas.berner","twitter_card":"summary_large_image","twitter_title":"Umsatz mit #Fair-Trade-Produkten weiter angestiegen","twitter_description":"Der Konsum von #Fair-Trade-Produkten in der Schweiz hat 2017 abermals zugenommen. Die Ausgaben f\u00fcr Fair Trade-Produkte sind um 11% gestiegen.","twitter_image":"https:\/\/www.organisator.ch\/wp-content\/uploads\/2018\/10\/Umsatz-mit-Fair-Trade-Produkten-weiter-angestiegen-1_Organisator.jpg","schema":{"@context":"https:\/\/schema.org","@graph":[{"@type":"Article","@id":"https:\/\/www.organisator.ch\/en\/general\/2018-10-23\/umsatz-mit-fair-trade-produkten-weiter-angestiegen\/#article","isPartOf":{"@id":"https:\/\/www.organisator.ch\/en\/general\/2018-10-23\/umsatz-mit-fair-trade-produkten-weiter-angestiegen\/"},"author":{"name":"thomas.berner","@id":"https:\/\/www.organisator.ch\/#\/schema\/person\/6f650f90b2842cd4c0cc334b4e36f67e"},"headline":"Umsatz mit Fair Trade Produkten weiter angestiegen","datePublished":"2018-10-23T13:44:44+00:00","mainEntityOfPage":{"@id":"https:\/\/www.organisator.ch\/en\/general\/2018-10-23\/umsatz-mit-fair-trade-produkten-weiter-angestiegen\/"},"wordCount":267,"commentCount":0,"publisher":{"@id":"https:\/\/www.organisator.ch\/#organization"},"image":{"@id":"https:\/\/www.organisator.ch\/en\/general\/2018-10-23\/umsatz-mit-fair-trade-produkten-weiter-angestiegen\/#primaryimage"},"thumbnailUrl":"https:\/\/www.organisator.ch\/wp-content\/uploads\/2018\/10\/Umsatz-mit-Fair-Trade-Produkten-weiter-angestiegen-1_Organisator.jpg","keywords":["Konsum","Statistik","Vermischtes","Wirtschaftspolitik"],"inLanguage":"de"},{"@type":"WebPage","@id":"https:\/\/www.organisator.ch\/en\/general\/2018-10-23\/umsatz-mit-fair-trade-produkten-weiter-angestiegen\/","url":"https:\/\/www.organisator.ch\/en\/general\/2018-10-23\/umsatz-mit-fair-trade-produkten-weiter-angestiegen\/","name":"Umsatz mit Fair Trade Produkten weiter angestiegen - Organisator","isPartOf":{"@id":"https:\/\/www.organisator.ch\/#website"},"primaryImageOfPage":{"@id":"https:\/\/www.organisator.ch\/en\/general\/2018-10-23\/umsatz-mit-fair-trade-produkten-weiter-angestiegen\/#primaryimage"},"image":{"@id":"https:\/\/www.organisator.ch\/en\/general\/2018-10-23\/umsatz-mit-fair-trade-produkten-weiter-angestiegen\/#primaryimage"},"thumbnailUrl":"https:\/\/www.organisator.ch\/wp-content\/uploads\/2018\/10\/Umsatz-mit-Fair-Trade-Produkten-weiter-angestiegen-1_Organisator.jpg","datePublished":"2018-10-23T13:44:44+00:00","description":"Der Konsum von Fair Trade-Produkten in der Schweiz hat 2017 abermals zugenommen. Die Ausgaben f\u00fcr Fair Trade-Produkte sind um 11% gestiegen.","breadcrumb":{"@id":"https:\/\/www.organisator.ch\/en\/general\/2018-10-23\/umsatz-mit-fair-trade-produkten-weiter-angestiegen\/#breadcrumb"},"inLanguage":"de","potentialAction":[{"@type":"ReadAction","target":["https:\/\/www.organisator.ch\/en\/general\/2018-10-23\/umsatz-mit-fair-trade-produkten-weiter-angestiegen\/"]}]},{"@type":"ImageObject","inLanguage":"de","@id":"https:\/\/www.organisator.ch\/en\/general\/2018-10-23\/umsatz-mit-fair-trade-produkten-weiter-angestiegen\/#primaryimage","url":"https:\/\/www.organisator.ch\/wp-content\/uploads\/2018\/10\/Umsatz-mit-Fair-Trade-Produkten-weiter-angestiegen-1_Organisator.jpg","contentUrl":"https:\/\/www.organisator.ch\/wp-content\/uploads\/2018\/10\/Umsatz-mit-Fair-Trade-Produkten-weiter-angestiegen-1_Organisator.jpg","width":640,"height":427,"caption":"Schweizer Konsumenten setzten 2017 verst\u00e4rkt auf Fair Trade Produkte. (Bild: Swiss Fair Trade)"},{"@type":"BreadcrumbList","@id":"https:\/\/www.organisator.ch\/en\/general\/2018-10-23\/umsatz-mit-fair-trade-produkten-weiter-angestiegen\/#breadcrumb","itemListElement":[{"@type":"ListItem","position":1,"name":"Home","item":"https:\/\/www.organisator.ch\/"},{"@type":"ListItem","position":2,"name":"Umsatz mit Fair Trade Produkten weiter angestiegen"}]},{"@type":"WebSite","@id":"https:\/\/www.organisator.ch\/#website","url":"https:\/\/www.organisator.ch\/","name":"Organisator","description":"Kompetent. Praxisnah. Der ORGANISATOR bereitet in 10 Ausgaben pro Jahr die wesentlichen Themen f\u00fcr F\u00fchrungskr\u00e4fte von KMU auf.","publisher":{"@id":"https:\/\/www.organisator.ch\/#organization"},"potentialAction":[{"@type":"SearchAction","target":{"@type":"EntryPoint","urlTemplate":"https:\/\/www.organisator.ch\/?s={search_term_string}"},"query-input":{"@type":"PropertyValueSpecification","valueRequired":true,"valueName":"search_term_string"}}],"inLanguage":"de"},{"@type":"Organization","@id":"https:\/\/www.organisator.ch\/#organization","name":"Organisator","url":"https:\/\/www.organisator.ch\/","logo":{"@type":"ImageObject","inLanguage":"de","@id":"https:\/\/www.organisator.ch\/#\/schema\/logo\/image\/","url":"https:\/\/www.organisator.ch\/wp-content\/uploads\/2022\/01\/Logo_Organisator_Website.png","contentUrl":"https:\/\/www.organisator.ch\/wp-content\/uploads\/2022\/01\/Logo_Organisator_Website.png","width":800,"height":77,"caption":"Organisator"},"image":{"@id":"https:\/\/www.organisator.ch\/#\/schema\/logo\/image\/"},"sameAs":["https:\/\/www.facebook.com\/OrganisatorFachmagazin","https:\/\/www.linkedin.com\/showcase\/organisator-das-magazin-fr-kmu","https:\/\/www.xing.com\/news\/pages\/organisator-ch-695","https:\/\/www.youtube.com\/channel\/UCGP2Sq0iWaZwT3BdIAQFYpw"]},{"@type":"Person","@id":"https:\/\/www.organisator.ch\/#\/schema\/person\/6f650f90b2842cd4c0cc334b4e36f67e","name":"thomas.berner","image":{"@type":"ImageObject","inLanguage":"de","@id":"https:\/\/secure.gravatar.com\/avatar\/ac5001d2a36cb6c6cd3e50789007ffca834b477b74a2144564522e944eabff61?s=96&d=mm&r=g","url":"https:\/\/secure.gravatar.com\/avatar\/ac5001d2a36cb6c6cd3e50789007ffca834b477b74a2144564522e944eabff61?s=96&d=mm&r=g","contentUrl":"https:\/\/secure.gravatar.com\/avatar\/ac5001d2a36cb6c6cd3e50789007ffca834b477b74a2144564522e944eabff61?s=96&d=mm&r=g","caption":"thomas.berner"},"url":"https:\/\/www.organisator.ch\/de\/author\/thomas-berner\/"}]}},"_links":{"self":[{"href":"https:\/\/www.organisator.ch\/de\/wp-json\/wp\/v2\/posts\/4402","targetHints":{"allow":["GET"]}}],"collection":[{"href":"https:\/\/www.organisator.ch\/de\/wp-json\/wp\/v2\/posts"}],"about":[{"href":"https:\/\/www.organisator.ch\/de\/wp-json\/wp\/v2\/types\/post"}],"author":[{"embeddable":true,"href":"https:\/\/www.organisator.ch\/de\/wp-json\/wp\/v2\/users\/4"}],"replies":[{"embeddable":true,"href":"https:\/\/www.organisator.ch\/de\/wp-json\/wp\/v2\/comments?post=4402"}],"version-history":[{"count":0,"href":"https:\/\/www.organisator.ch\/de\/wp-json\/wp\/v2\/posts\/4402\/revisions"}],"wp:featuredmedia":[{"embeddable":true,"href":"https:\/\/www.organisator.ch\/de\/wp-json\/wp\/v2\/media\/4403"}],"wp:attachment":[{"href":"https:\/\/www.organisator.ch\/de\/wp-json\/wp\/v2\/media?parent=4402"}],"wp:term":[{"taxonomy":"category","embeddable":true,"href":"https:\/\/www.organisator.ch\/de\/wp-json\/wp\/v2\/categories?post=4402"},{"taxonomy":"post_tag","embeddable":true,"href":"https:\/\/www.organisator.ch\/de\/wp-json\/wp\/v2\/tags?post=4402"}],"curies":[{"name":"wp","href":"https:\/\/api.w.org\/{rel}","templated":true}]}}